{"id":16158,"date":"2025-06-26T08:00:29","date_gmt":"2025-06-26T14:00:29","guid":{"rendered":"https:\/\/www.nexoinformativo.mx\/?p=16158"},"modified":"2025-06-26T13:09:48","modified_gmt":"2025-06-26T19:09:48","slug":"mexico-y-ee-uu-fortalecen-alianza-en-semiconductores-con-historica-participacion-estatal-en-arizona","status":"publish","type":"post","link":"https:\/\/www.nexoinformativo.mx\/index.php\/2025\/06\/26\/mexico-y-ee-uu-fortalecen-alianza-en-semiconductores-con-historica-participacion-estatal-en-arizona\/","title":{"rendered":"M\u00e9xico y EE. UU. fortalecen alianza en semiconductores con hist\u00f3rica participaci\u00f3n estatal en Arizona"},"content":{"rendered":"<p style=\"text-align: justify;\">M\u00e9xico y Estados Unidos est\u00e1n cimentando su alianza estrat\u00e9gica en el sector de los semiconductores, con una participaci\u00f3n sin precedentes de 22 gobiernos estatales mexicanos en el \u201cForo de Colaboraci\u00f3n en Semiconductores entre M\u00e9xico y Estados Unidos\u201d celebrado este 24 de junio en Phoenix, Arizona.<\/p>\n<p>&nbsp;<\/p>\n<p style=\"text-align: justify;\">M\u00e1s de un centenar de l\u00edderes de la industria, gobierno, academia y organizaciones de ambos pa\u00edses se reunieron para impulsar la integraci\u00f3n y el desarrollo de talento especializado en la regi\u00f3n.<\/p>\n<p>&nbsp;<\/p>\n<p style=\"text-align: justify;\">Diego Flores, titular del sector de Industria Electr\u00f3nica y Digital de la Secretar\u00eda de Econom\u00eda, en representaci\u00f3n del secretario Marcelo Ebrard, destac\u00f3 los esfuerzos conjuntos para lograr una mayor integraci\u00f3n de las cadenas globales de suministro.<\/p>\n<p>&nbsp;<\/p>\n<p style=\"text-align: justify;\">El objetivo es atraer inversi\u00f3n estrat\u00e9gica en procesos de Ensamblaje, Prueba y Empaquetado (ATP), fortalecer la cadena de suministro y desarrollar talento. La meta es clara: posicionar a Am\u00e9rica del Norte como una regi\u00f3n clave en la nueva geopol\u00edtica del siglo XXI.<\/p>\n<p>&nbsp;<\/p>\n<p style=\"text-align: justify;\">La delegaci\u00f3n mexicana mostr\u00f3 la diversidad y el compromiso regional del pa\u00eds, con representantes de 22 estados: Aguascalientes, Baja California, Chihuahua, Ciudad de M\u00e9xico, Coahuila, Durango, Guanajuato, Jalisco, Estado de M\u00e9xico, Michoac\u00e1n, Morelos, Nuevo Le\u00f3n, Puebla, Quer\u00e9taro, Quintana Roo, Sinaloa y Yucat\u00e1n.<\/p>\n<p>&nbsp;<\/p>\n<p style=\"text-align: justify;\">El foro fue organizado por la Arizona Commerce Authority (ACA), la Ciudad de Phoenix, la Arizona Mexico Commission, CANIETI, Intel, el Business Council for International Understanding (BCIU), Emtech Institute y la Fundaci\u00f3n Iberoamericana de Tecnolog\u00eda, entre otros aliados clave.<\/p>\n<p>&nbsp;<\/p>\n<p style=\"text-align: justify;\">Arizona, un epicentro emergente en la industria de semiconductores en Estados Unidos, resalt\u00f3 su avanzada infraestructura y su fuerte conectividad con M\u00e9xico. En 2024, el comercio bilateral entre Arizona y M\u00e9xico alcanz\u00f3 los 8.9 mil millones de d\u00f3lares en exportaciones de Arizona a M\u00e9xico, con m\u00e1s de 824 millones de d\u00f3lares en componentes electr\u00f3nicos y semiconductores.<\/p>\n<p>&nbsp;<\/p>\n<p style=\"text-align: justify;\">Se subray\u00f3 tambi\u00e9n el rol estrat\u00e9gico de instituciones como la Arizona State University y el liderazgo de la Secretar\u00eda de Econom\u00eda mexicana para crear un entorno propicio para la inversi\u00f3n en este sector en constante crecimiento.<\/p>\n<p>&nbsp;<\/p>\n<p style=\"text-align: justify;\">Con una visi\u00f3n hacia el futuro, M\u00e9xico se perfila como un aliado fundamental en el redise\u00f1o de las cadenas globales de suministro, impulsado por el Plan Maestro de Semiconductores 2024-2030 y el Plan M\u00e9xico.<\/p>\n<p>&nbsp;<\/p>\n<p style=\"text-align: center;\"><em><strong>\u00a1Informaci\u00f3n que transforma!<\/strong><\/em><\/p>\n","protected":false},"excerpt":{"rendered":"<p>M\u00e9xico y Estados Unidos est\u00e1n cimentando su alianza estrat\u00e9gica en el sector de los semiconductores, con una participaci\u00f3n sin precedentes de 22 gobiernos estatales mexicanos en el \u201cForo de Colaboraci\u00f3n en Semiconductores entre M\u00e9xico y Estados Unidos\u201d celebrado este 24 de junio en Phoenix, Arizona.<\/p>\n","protected":false},"author":3,"featured_media":16159,"comment_status":"open","ping_status":"open","sticky":false,"template":"","format":"standard","meta":{"footnotes":""},"categories":[88,13,58],"tags":[4860,3610,1489,4455],"class_list":["post-16158","post","type-post","status-publish","format-standard","has-post-thumbnail","hentry","category-nacional","category-tecnologia","category-ultima-hora","tag-alianzatecnologica","tag-economiadigital","tag-nearshoring","tag-semiconductoresmx"],"yoast_head":"<!-- This site is optimized with the Yoast SEO plugin v25.0 - https:\/\/yoast.com\/wordpress\/plugins\/seo\/ -->\n<title>M\u00e9xico y EE. UU. fortalecen alianza en semiconductores con hist\u00f3rica participaci\u00f3n estatal en Arizona | Nexo Informativo Santiago de Quer\u00e9taro<\/title>\n<meta name=\"description\" content=\"M\u00e9xico y EE. UU. fortalecen alianza en semiconductores con hist\u00f3rica participaci\u00f3n estatal en Arizona\" \/>\n<meta name=\"robots\" content=\"index, follow, max-snippet:-1, max-image-preview:large, max-video-preview:-1\" \/>\n<link rel=\"canonical\" href=\"https:\/\/www.nexoinformativo.mx\/index.php\/2025\/06\/26\/mexico-y-ee-uu-fortalecen-alianza-en-semiconductores-con-historica-participacion-estatal-en-arizona\/\" \/>\n<meta property=\"og:locale\" content=\"es_MX\" \/>\n<meta property=\"og:type\" content=\"article\" \/>\n<meta property=\"og:title\" content=\"M\u00e9xico y EE. UU. fortalecen alianza en semiconductores con hist\u00f3rica participaci\u00f3n estatal en Arizona | Nexo Informativo Santiago de Quer\u00e9taro\" \/>\n<meta property=\"og:description\" content=\"M\u00e9xico y EE. UU. fortalecen alianza en semiconductores con hist\u00f3rica participaci\u00f3n estatal en Arizona\" \/>\n<meta property=\"og:url\" content=\"https:\/\/www.nexoinformativo.mx\/index.php\/2025\/06\/26\/mexico-y-ee-uu-fortalecen-alianza-en-semiconductores-con-historica-participacion-estatal-en-arizona\/\" \/>\n<meta property=\"og:site_name\" content=\"Nexo Informativo Santiago de Quer\u00e9taro\" \/>\n<meta property=\"article:publisher\" content=\"https:\/\/www.facebook.com\/people\/Nexo-Informativo\/61564066885511\/\" \/>\n<meta property=\"article:published_time\" content=\"2025-06-26T14:00:29+00:00\" \/>\n<meta property=\"article:modified_time\" content=\"2025-06-26T19:09:48+00:00\" \/>\n<meta property=\"og:image\" content=\"https:\/\/www.nexoinformativo.mx\/wp-content\/uploads\/2025\/06\/PHOTO-2025-06-26-12-22-35-e1750964880849.jpg\" \/>\n\t<meta property=\"og:image:width\" content=\"800\" \/>\n\t<meta property=\"og:image:height\" content=\"492\" \/>\n\t<meta property=\"og:image:type\" content=\"image\/jpeg\" \/>\n<meta name=\"author\" content=\"Nexo Informativo\" \/>\n<meta name=\"twitter:card\" content=\"summary_large_image\" \/>\n<meta name=\"twitter:label1\" content=\"Escrito por\" \/>\n\t<meta name=\"twitter:data1\" content=\"Nexo Informativo\" \/>\n\t<meta name=\"twitter:label2\" content=\"Tiempo de lectura\" \/>\n\t<meta name=\"twitter:data2\" content=\"2 minutos\" \/>\n<script type=\"application\/ld+json\" class=\"yoast-schema-graph\">{\"@context\":\"https:\/\/schema.org\",\"@graph\":[{\"@type\":\"Article\",\"@id\":\"https:\/\/www.nexoinformativo.mx\/index.php\/2025\/06\/26\/mexico-y-ee-uu-fortalecen-alianza-en-semiconductores-con-historica-participacion-estatal-en-arizona\/#article\",\"isPartOf\":{\"@id\":\"https:\/\/www.nexoinformativo.mx\/index.php\/2025\/06\/26\/mexico-y-ee-uu-fortalecen-alianza-en-semiconductores-con-historica-participacion-estatal-en-arizona\/\"},\"author\":{\"name\":\"Nexo Informativo\",\"@id\":\"https:\/\/www.nexoinformativo.mx\/#\/schema\/person\/7749d380ba08c8ca00d7bc76fd907b7d\"},\"headline\":\"M\u00e9xico y EE. UU. fortalecen alianza en semiconductores con hist\u00f3rica participaci\u00f3n estatal en Arizona\",\"datePublished\":\"2025-06-26T14:00:29+00:00\",\"dateModified\":\"2025-06-26T19:09:48+00:00\",\"mainEntityOfPage\":{\"@id\":\"https:\/\/www.nexoinformativo.mx\/index.php\/2025\/06\/26\/mexico-y-ee-uu-fortalecen-alianza-en-semiconductores-con-historica-participacion-estatal-en-arizona\/\"},\"wordCount\":432,\"commentCount\":0,\"publisher\":{\"@id\":\"https:\/\/www.nexoinformativo.mx\/#organization\"},\"image\":{\"@id\":\"https:\/\/www.nexoinformativo.mx\/index.php\/2025\/06\/26\/mexico-y-ee-uu-fortalecen-alianza-en-semiconductores-con-historica-participacion-estatal-en-arizona\/#primaryimage\"},\"thumbnailUrl\":\"https:\/\/www.nexoinformativo.mx\/wp-content\/uploads\/2025\/06\/PHOTO-2025-06-26-12-22-35-e1750964880849.jpg\",\"keywords\":[\"AlianzaTecnol\u00f3gica\",\"Econom\u00edaDigital\",\"Nearshoring\",\"SemiconductoresMX\"],\"articleSection\":[\"Nacional\",\"Tecnolog\u00eda\",\"\u00daltima Hora\"],\"inLanguage\":\"es\",\"potentialAction\":[{\"@type\":\"CommentAction\",\"name\":\"Comment\",\"target\":[\"https:\/\/www.nexoinformativo.mx\/index.php\/2025\/06\/26\/mexico-y-ee-uu-fortalecen-alianza-en-semiconductores-con-historica-participacion-estatal-en-arizona\/#respond\"]}]},{\"@type\":\"WebPage\",\"@id\":\"https:\/\/www.nexoinformativo.mx\/index.php\/2025\/06\/26\/mexico-y-ee-uu-fortalecen-alianza-en-semiconductores-con-historica-participacion-estatal-en-arizona\/\",\"url\":\"https:\/\/www.nexoinformativo.mx\/index.php\/2025\/06\/26\/mexico-y-ee-uu-fortalecen-alianza-en-semiconductores-con-historica-participacion-estatal-en-arizona\/\",\"name\":\"M\u00e9xico y EE. UU. fortalecen alianza en semiconductores con hist\u00f3rica participaci\u00f3n estatal en Arizona | Nexo Informativo Santiago de Quer\u00e9taro\",\"isPartOf\":{\"@id\":\"https:\/\/www.nexoinformativo.mx\/#website\"},\"primaryImageOfPage\":{\"@id\":\"https:\/\/www.nexoinformativo.mx\/index.php\/2025\/06\/26\/mexico-y-ee-uu-fortalecen-alianza-en-semiconductores-con-historica-participacion-estatal-en-arizona\/#primaryimage\"},\"image\":{\"@id\":\"https:\/\/www.nexoinformativo.mx\/index.php\/2025\/06\/26\/mexico-y-ee-uu-fortalecen-alianza-en-semiconductores-con-historica-participacion-estatal-en-arizona\/#primaryimage\"},\"thumbnailUrl\":\"https:\/\/www.nexoinformativo.mx\/wp-content\/uploads\/2025\/06\/PHOTO-2025-06-26-12-22-35-e1750964880849.jpg\",\"datePublished\":\"2025-06-26T14:00:29+00:00\",\"dateModified\":\"2025-06-26T19:09:48+00:00\",\"description\":\"M\u00e9xico y EE. UU. fortalecen alianza en semiconductores con hist\u00f3rica participaci\u00f3n estatal en Arizona\",\"breadcrumb\":{\"@id\":\"https:\/\/www.nexoinformativo.mx\/index.php\/2025\/06\/26\/mexico-y-ee-uu-fortalecen-alianza-en-semiconductores-con-historica-participacion-estatal-en-arizona\/#breadcrumb\"},\"inLanguage\":\"es\",\"potentialAction\":[{\"@type\":\"ReadAction\",\"target\":[\"https:\/\/www.nexoinformativo.mx\/index.php\/2025\/06\/26\/mexico-y-ee-uu-fortalecen-alianza-en-semiconductores-con-historica-participacion-estatal-en-arizona\/\"]}]},{\"@type\":\"ImageObject\",\"inLanguage\":\"es\",\"@id\":\"https:\/\/www.nexoinformativo.mx\/index.php\/2025\/06\/26\/mexico-y-ee-uu-fortalecen-alianza-en-semiconductores-con-historica-participacion-estatal-en-arizona\/#primaryimage\",\"url\":\"https:\/\/www.nexoinformativo.mx\/wp-content\/uploads\/2025\/06\/PHOTO-2025-06-26-12-22-35-e1750964880849.jpg\",\"contentUrl\":\"https:\/\/www.nexoinformativo.mx\/wp-content\/uploads\/2025\/06\/PHOTO-2025-06-26-12-22-35-e1750964880849.jpg\",\"width\":800,\"height\":492},{\"@type\":\"BreadcrumbList\",\"@id\":\"https:\/\/www.nexoinformativo.mx\/index.php\/2025\/06\/26\/mexico-y-ee-uu-fortalecen-alianza-en-semiconductores-con-historica-participacion-estatal-en-arizona\/#breadcrumb\",\"itemListElement\":[{\"@type\":\"ListItem\",\"position\":1,\"name\":\"Inicio\",\"item\":\"https:\/\/www.nexoinformativo.mx\/\"},{\"@type\":\"ListItem\",\"position\":2,\"name\":\"M\u00e9xico y EE. UU. fortalecen alianza en semiconductores con hist\u00f3rica participaci\u00f3n estatal en Arizona\"}]},{\"@type\":\"WebSite\",\"@id\":\"https:\/\/www.nexoinformativo.mx\/#website\",\"url\":\"https:\/\/www.nexoinformativo.mx\/\",\"name\":\"Nexo Informativo Santiago de Quer\u00e9taro\",\"description\":\"Explora NexoInformativo y convi\u00e9rtete en parte de una comunidad que valora el conocimiento y la verdad. Tu nexoinformativo es tu puente hacia una comprensi\u00f3n m\u00e1s profunda del mundo que te rodea.\",\"publisher\":{\"@id\":\"https:\/\/www.nexoinformativo.mx\/#organization\"},\"potentialAction\":[{\"@type\":\"SearchAction\",\"target\":{\"@type\":\"EntryPoint\",\"urlTemplate\":\"https:\/\/www.nexoinformativo.mx\/?s={search_term_string}\"},\"query-input\":{\"@type\":\"PropertyValueSpecification\",\"valueRequired\":true,\"valueName\":\"search_term_string\"}}],\"inLanguage\":\"es\"},{\"@type\":\"Organization\",\"@id\":\"https:\/\/www.nexoinformativo.mx\/#organization\",\"name\":\"Nexo Informativo Santiago de Quer\u00e9taro\",\"url\":\"https:\/\/www.nexoinformativo.mx\/\",\"logo\":{\"@type\":\"ImageObject\",\"inLanguage\":\"es\",\"@id\":\"https:\/\/www.nexoinformativo.mx\/#\/schema\/logo\/image\/\",\"url\":\"https:\/\/www.nexoinformativo.mx\/wp-content\/uploads\/2024\/07\/nexoi-trasparente-2.png\",\"contentUrl\":\"https:\/\/www.nexoinformativo.mx\/wp-content\/uploads\/2024\/07\/nexoi-trasparente-2.png\",\"width\":816,\"height\":339,\"caption\":\"Nexo Informativo Santiago de Quer\u00e9taro\"},\"image\":{\"@id\":\"https:\/\/www.nexoinformativo.mx\/#\/schema\/logo\/image\/\"},\"sameAs\":[\"https:\/\/www.facebook.com\/people\/Nexo-Informativo\/61564066885511\/\"]},{\"@type\":\"Person\",\"@id\":\"https:\/\/www.nexoinformativo.mx\/#\/schema\/person\/7749d380ba08c8ca00d7bc76fd907b7d\",\"name\":\"Nexo Informativo\",\"image\":{\"@type\":\"ImageObject\",\"inLanguage\":\"es\",\"@id\":\"https:\/\/www.nexoinformativo.mx\/#\/schema\/person\/image\/\",\"url\":\"https:\/\/secure.gravatar.com\/avatar\/dde2928154642a13d95f87ddf1ea9718fe2b46760a005c53e41ff5ad610704e6?s=96&d=mm&r=g\",\"contentUrl\":\"https:\/\/secure.gravatar.com\/avatar\/dde2928154642a13d95f87ddf1ea9718fe2b46760a005c53e41ff5ad610704e6?s=96&d=mm&r=g\",\"caption\":\"Nexo Informativo\"},\"url\":\"https:\/\/www.nexoinformativo.mx\/index.php\/author\/edicion\/\"}]}<\/script>\n<!-- \/ Yoast SEO plugin. -->","yoast_head_json":{"title":"M\u00e9xico y EE. UU. fortalecen alianza en semiconductores con hist\u00f3rica participaci\u00f3n estatal en Arizona | Nexo Informativo Santiago de Quer\u00e9taro","description":"M\u00e9xico y EE. UU. fortalecen alianza en semiconductores con hist\u00f3rica participaci\u00f3n estatal en Arizona","robots":{"index":"index","follow":"follow","max-snippet":"max-snippet:-1","max-image-preview":"max-image-preview:large","max-video-preview":"max-video-preview:-1"},"canonical":"https:\/\/www.nexoinformativo.mx\/index.php\/2025\/06\/26\/mexico-y-ee-uu-fortalecen-alianza-en-semiconductores-con-historica-participacion-estatal-en-arizona\/","og_locale":"es_MX","og_type":"article","og_title":"M\u00e9xico y EE. UU. fortalecen alianza en semiconductores con hist\u00f3rica participaci\u00f3n estatal en Arizona | Nexo Informativo Santiago de Quer\u00e9taro","og_description":"M\u00e9xico y EE. UU. fortalecen alianza en semiconductores con hist\u00f3rica participaci\u00f3n estatal en Arizona","og_url":"https:\/\/www.nexoinformativo.mx\/index.php\/2025\/06\/26\/mexico-y-ee-uu-fortalecen-alianza-en-semiconductores-con-historica-participacion-estatal-en-arizona\/","og_site_name":"Nexo Informativo Santiago de Quer\u00e9taro","article_publisher":"https:\/\/www.facebook.com\/people\/Nexo-Informativo\/61564066885511\/","article_published_time":"2025-06-26T14:00:29+00:00","article_modified_time":"2025-06-26T19:09:48+00:00","og_image":[{"width":800,"height":492,"url":"https:\/\/www.nexoinformativo.mx\/wp-content\/uploads\/2025\/06\/PHOTO-2025-06-26-12-22-35-e1750964880849.jpg","type":"image\/jpeg"}],"author":"Nexo Informativo","twitter_card":"summary_large_image","twitter_misc":{"Escrito por":"Nexo Informativo","Tiempo de lectura":"2 minutos"},"schema":{"@context":"https:\/\/schema.org","@graph":[{"@type":"Article","@id":"https:\/\/www.nexoinformativo.mx\/index.php\/2025\/06\/26\/mexico-y-ee-uu-fortalecen-alianza-en-semiconductores-con-historica-participacion-estatal-en-arizona\/#article","isPartOf":{"@id":"https:\/\/www.nexoinformativo.mx\/index.php\/2025\/06\/26\/mexico-y-ee-uu-fortalecen-alianza-en-semiconductores-con-historica-participacion-estatal-en-arizona\/"},"author":{"name":"Nexo Informativo","@id":"https:\/\/www.nexoinformativo.mx\/#\/schema\/person\/7749d380ba08c8ca00d7bc76fd907b7d"},"headline":"M\u00e9xico y EE. UU. fortalecen alianza en semiconductores con hist\u00f3rica participaci\u00f3n estatal en Arizona","datePublished":"2025-06-26T14:00:29+00:00","dateModified":"2025-06-26T19:09:48+00:00","mainEntityOfPage":{"@id":"https:\/\/www.nexoinformativo.mx\/index.php\/2025\/06\/26\/mexico-y-ee-uu-fortalecen-alianza-en-semiconductores-con-historica-participacion-estatal-en-arizona\/"},"wordCount":432,"commentCount":0,"publisher":{"@id":"https:\/\/www.nexoinformativo.mx\/#organization"},"image":{"@id":"https:\/\/www.nexoinformativo.mx\/index.php\/2025\/06\/26\/mexico-y-ee-uu-fortalecen-alianza-en-semiconductores-con-historica-participacion-estatal-en-arizona\/#primaryimage"},"thumbnailUrl":"https:\/\/www.nexoinformativo.mx\/wp-content\/uploads\/2025\/06\/PHOTO-2025-06-26-12-22-35-e1750964880849.jpg","keywords":["AlianzaTecnol\u00f3gica","Econom\u00edaDigital","Nearshoring","SemiconductoresMX"],"articleSection":["Nacional","Tecnolog\u00eda","\u00daltima Hora"],"inLanguage":"es","potentialAction":[{"@type":"CommentAction","name":"Comment","target":["https:\/\/www.nexoinformativo.mx\/index.php\/2025\/06\/26\/mexico-y-ee-uu-fortalecen-alianza-en-semiconductores-con-historica-participacion-estatal-en-arizona\/#respond"]}]},{"@type":"WebPage","@id":"https:\/\/www.nexoinformativo.mx\/index.php\/2025\/06\/26\/mexico-y-ee-uu-fortalecen-alianza-en-semiconductores-con-historica-participacion-estatal-en-arizona\/","url":"https:\/\/www.nexoinformativo.mx\/index.php\/2025\/06\/26\/mexico-y-ee-uu-fortalecen-alianza-en-semiconductores-con-historica-participacion-estatal-en-arizona\/","name":"M\u00e9xico y EE. UU. fortalecen alianza en semiconductores con hist\u00f3rica participaci\u00f3n estatal en Arizona | Nexo Informativo Santiago de Quer\u00e9taro","isPartOf":{"@id":"https:\/\/www.nexoinformativo.mx\/#website"},"primaryImageOfPage":{"@id":"https:\/\/www.nexoinformativo.mx\/index.php\/2025\/06\/26\/mexico-y-ee-uu-fortalecen-alianza-en-semiconductores-con-historica-participacion-estatal-en-arizona\/#primaryimage"},"image":{"@id":"https:\/\/www.nexoinformativo.mx\/index.php\/2025\/06\/26\/mexico-y-ee-uu-fortalecen-alianza-en-semiconductores-con-historica-participacion-estatal-en-arizona\/#primaryimage"},"thumbnailUrl":"https:\/\/www.nexoinformativo.mx\/wp-content\/uploads\/2025\/06\/PHOTO-2025-06-26-12-22-35-e1750964880849.jpg","datePublished":"2025-06-26T14:00:29+00:00","dateModified":"2025-06-26T19:09:48+00:00","description":"M\u00e9xico y EE. UU. fortalecen alianza en semiconductores con hist\u00f3rica participaci\u00f3n estatal en Arizona","breadcrumb":{"@id":"https:\/\/www.nexoinformativo.mx\/index.php\/2025\/06\/26\/mexico-y-ee-uu-fortalecen-alianza-en-semiconductores-con-historica-participacion-estatal-en-arizona\/#breadcrumb"},"inLanguage":"es","potentialAction":[{"@type":"ReadAction","target":["https:\/\/www.nexoinformativo.mx\/index.php\/2025\/06\/26\/mexico-y-ee-uu-fortalecen-alianza-en-semiconductores-con-historica-participacion-estatal-en-arizona\/"]}]},{"@type":"ImageObject","inLanguage":"es","@id":"https:\/\/www.nexoinformativo.mx\/index.php\/2025\/06\/26\/mexico-y-ee-uu-fortalecen-alianza-en-semiconductores-con-historica-participacion-estatal-en-arizona\/#primaryimage","url":"https:\/\/www.nexoinformativo.mx\/wp-content\/uploads\/2025\/06\/PHOTO-2025-06-26-12-22-35-e1750964880849.jpg","contentUrl":"https:\/\/www.nexoinformativo.mx\/wp-content\/uploads\/2025\/06\/PHOTO-2025-06-26-12-22-35-e1750964880849.jpg","width":800,"height":492},{"@type":"BreadcrumbList","@id":"https:\/\/www.nexoinformativo.mx\/index.php\/2025\/06\/26\/mexico-y-ee-uu-fortalecen-alianza-en-semiconductores-con-historica-participacion-estatal-en-arizona\/#breadcrumb","itemListElement":[{"@type":"ListItem","position":1,"name":"Inicio","item":"https:\/\/www.nexoinformativo.mx\/"},{"@type":"ListItem","position":2,"name":"M\u00e9xico y EE. UU. fortalecen alianza en semiconductores con hist\u00f3rica participaci\u00f3n estatal en Arizona"}]},{"@type":"WebSite","@id":"https:\/\/www.nexoinformativo.mx\/#website","url":"https:\/\/www.nexoinformativo.mx\/","name":"Nexo Informativo Santiago de Quer\u00e9taro","description":"Explora NexoInformativo y convi\u00e9rtete en parte de una comunidad que valora el conocimiento y la verdad. Tu nexoinformativo es tu puente hacia una comprensi\u00f3n m\u00e1s profunda del mundo que te rodea.","publisher":{"@id":"https:\/\/www.nexoinformativo.mx\/#organization"},"potentialAction":[{"@type":"SearchAction","target":{"@type":"EntryPoint","urlTemplate":"https:\/\/www.nexoinformativo.mx\/?s={search_term_string}"},"query-input":{"@type":"PropertyValueSpecification","valueRequired":true,"valueName":"search_term_string"}}],"inLanguage":"es"},{"@type":"Organization","@id":"https:\/\/www.nexoinformativo.mx\/#organization","name":"Nexo Informativo Santiago de Quer\u00e9taro","url":"https:\/\/www.nexoinformativo.mx\/","logo":{"@type":"ImageObject","inLanguage":"es","@id":"https:\/\/www.nexoinformativo.mx\/#\/schema\/logo\/image\/","url":"https:\/\/www.nexoinformativo.mx\/wp-content\/uploads\/2024\/07\/nexoi-trasparente-2.png","contentUrl":"https:\/\/www.nexoinformativo.mx\/wp-content\/uploads\/2024\/07\/nexoi-trasparente-2.png","width":816,"height":339,"caption":"Nexo Informativo Santiago de Quer\u00e9taro"},"image":{"@id":"https:\/\/www.nexoinformativo.mx\/#\/schema\/logo\/image\/"},"sameAs":["https:\/\/www.facebook.com\/people\/Nexo-Informativo\/61564066885511\/"]},{"@type":"Person","@id":"https:\/\/www.nexoinformativo.mx\/#\/schema\/person\/7749d380ba08c8ca00d7bc76fd907b7d","name":"Nexo Informativo","image":{"@type":"ImageObject","inLanguage":"es","@id":"https:\/\/www.nexoinformativo.mx\/#\/schema\/person\/image\/","url":"https:\/\/secure.gravatar.com\/avatar\/dde2928154642a13d95f87ddf1ea9718fe2b46760a005c53e41ff5ad610704e6?s=96&d=mm&r=g","contentUrl":"https:\/\/secure.gravatar.com\/avatar\/dde2928154642a13d95f87ddf1ea9718fe2b46760a005c53e41ff5ad610704e6?s=96&d=mm&r=g","caption":"Nexo Informativo"},"url":"https:\/\/www.nexoinformativo.mx\/index.php\/author\/edicion\/"}]}},"_links":{"self":[{"href":"https:\/\/www.nexoinformativo.mx\/index.php\/wp-json\/wp\/v2\/posts\/16158","targetHints":{"allow":["GET"]}}],"collection":[{"href":"https:\/\/www.nexoinformativo.mx\/index.php\/wp-json\/wp\/v2\/posts"}],"about":[{"href":"https:\/\/www.nexoinformativo.mx\/index.php\/wp-json\/wp\/v2\/types\/post"}],"author":[{"embeddable":true,"href":"https:\/\/www.nexoinformativo.mx\/index.php\/wp-json\/wp\/v2\/users\/3"}],"replies":[{"embeddable":true,"href":"https:\/\/www.nexoinformativo.mx\/index.php\/wp-json\/wp\/v2\/comments?post=16158"}],"version-history":[{"count":4,"href":"https:\/\/www.nexoinformativo.mx\/index.php\/wp-json\/wp\/v2\/posts\/16158\/revisions"}],"predecessor-version":[{"id":16162,"href":"https:\/\/www.nexoinformativo.mx\/index.php\/wp-json\/wp\/v2\/posts\/16158\/revisions\/16162"}],"wp:featuredmedia":[{"embeddable":true,"href":"https:\/\/www.nexoinformativo.mx\/index.php\/wp-json\/wp\/v2\/media\/16159"}],"wp:attachment":[{"href":"https:\/\/www.nexoinformativo.mx\/index.php\/wp-json\/wp\/v2\/media?parent=16158"}],"wp:term":[{"taxonomy":"category","embeddable":true,"href":"https:\/\/www.nexoinformativo.mx\/index.php\/wp-json\/wp\/v2\/categories?post=16158"},{"taxonomy":"post_tag","embeddable":true,"href":"https:\/\/www.nexoinformativo.mx\/index.php\/wp-json\/wp\/v2\/tags?post=16158"}],"curies":[{"name":"wp","href":"https:\/\/api.w.org\/{rel}","templated":true}]}}