{"id":1616,"date":"2024-09-05T12:00:23","date_gmt":"2024-09-05T18:00:23","guid":{"rendered":"https:\/\/www.nexoinformativo.mx\/?p=1616"},"modified":"2024-09-05T14:45:37","modified_gmt":"2024-09-05T20:45:37","slug":"queretaro-se-prepara-para-la-instalacion-de-paneles-solares-en-edificios-publicos","status":"publish","type":"post","link":"https:\/\/www.nexoinformativo.mx\/index.php\/2024\/09\/05\/queretaro-se-prepara-para-la-instalacion-de-paneles-solares-en-edificios-publicos\/","title":{"rendered":"Quer\u00e9taro se prepara para la instalaci\u00f3n de paneles solares en edificios p\u00fablicos"},"content":{"rendered":"<p style=\"text-align: justify;\">El Estado de Quer\u00e9taro avanza hacia la sostenibilidad energ\u00e9tica con la pr\u00f3xima instalaci\u00f3n de paneles solares en varios edificios p\u00fablicos. Seg\u00fan inform\u00f3 Mauricio Reyes Caracheo, director de la Agencia de Energ\u00eda del Estado de Quer\u00e9taro, se firmar\u00e1 un convenio de colaboraci\u00f3n con una empresa especializada para llevar a cabo este proyecto.<\/p>\n<p style=\"text-align: justify;\">\n<p>&nbsp;<\/p>\n<p style=\"text-align: justify;\">Los edificios beneficiados incluyen el Quer\u00e9taro Centro de Congresos, el Palacio de Gobierno, el Auditorio Josefa Ortiz de Dom\u00ednguez y el Centro Cultural y Educativo Manuel G\u00f3mez Mor\u00edn, todos considerados de alto consumo energ\u00e9tico. Estos lugares forman parte del patrimonio del Gobierno del Estado y representan una gran oportunidad para reducir el gasto de energ\u00eda y fomentar el uso de fuentes renovables.<\/p>\n<p style=\"text-align: justify;\">\n<p>&nbsp;<\/p>\n<p style=\"text-align: justify;\">El proyecto contar\u00e1 con un financiamiento especial, lo que permitir\u00e1 su desarrollo y ejecuci\u00f3n. Reyes Caracheo destac\u00f3 que este es un paso importante hacia la sostenibilidad y el cuidado del medio ambiente en Quer\u00e9taro. Se prev\u00e9 que la instalaci\u00f3n de los paneles solares inicie este mismo a\u00f1o, marcando un avance significativo en la adopci\u00f3n de tecnolog\u00edas limpias.<\/p>\n<p style=\"text-align: justify;\">\n<p>&nbsp;<\/p>\n<p style=\"text-align: justify;\">Este tipo de iniciativas refuerza el compromiso del gobierno estatal con la transici\u00f3n hacia energ\u00edas renovables, impulsando una mejor calidad de vida para sus habitantes y reduciendo la huella de carbono en la regi\u00f3n.<\/p>\n","protected":false},"excerpt":{"rendered":"<p>El Estado de Quer\u00e9taro avanza hacia la sostenibilidad energ\u00e9tica con la pr\u00f3xima instalaci\u00f3n de paneles solares en varios edificios p\u00fablicos. Seg\u00fan inform\u00f3 Mauricio Reyes Caracheo, director de la Agencia de Energ\u00eda del Estado de Quer\u00e9taro, se firmar\u00e1 un convenio de colaboraci\u00f3n con una empresa especializada para llevar a cabo este proyecto.<\/p>\n","protected":false},"author":3,"featured_media":1618,"comment_status":"open","ping_status":"open","sticky":false,"template":"","format":"standard","meta":{"footnotes":""},"categories":[42,65],"tags":[529,531,530,532],"class_list":["post-1616","post","type-post","status-publish","format-standard","has-post-thumbnail","hentry","category-estado","category-municipios","tag-energiarenovable","tag-panelessolaresqueretaro","tag-sostenibilidadqueretaro","tag-transicionenergetica"],"yoast_head":"<!-- This site is optimized with the Yoast SEO plugin v25.0 - https:\/\/yoast.com\/wordpress\/plugins\/seo\/ -->\n<title>Quer\u00e9taro se prepara para la instalaci\u00f3n de paneles solares en edificios p\u00fablicos | Nexo Informativo Santiago de Quer\u00e9taro<\/title>\n<meta name=\"description\" content=\"Quer\u00e9taro se prepara para la instalaci\u00f3n de paneles solares en edificios p\u00fablicos\" \/>\n<meta name=\"robots\" content=\"index, follow, max-snippet:-1, max-image-preview:large, max-video-preview:-1\" \/>\n<link rel=\"canonical\" href=\"https:\/\/www.nexoinformativo.mx\/index.php\/2024\/09\/05\/queretaro-se-prepara-para-la-instalacion-de-paneles-solares-en-edificios-publicos\/\" \/>\n<meta property=\"og:locale\" content=\"es_MX\" \/>\n<meta property=\"og:type\" content=\"article\" \/>\n<meta property=\"og:title\" content=\"Quer\u00e9taro se prepara para la instalaci\u00f3n de paneles solares en edificios p\u00fablicos | Nexo Informativo Santiago de Quer\u00e9taro\" \/>\n<meta property=\"og:description\" content=\"Quer\u00e9taro se prepara para la instalaci\u00f3n de paneles solares en edificios p\u00fablicos\" \/>\n<meta property=\"og:url\" content=\"https:\/\/www.nexoinformativo.mx\/index.php\/2024\/09\/05\/queretaro-se-prepara-para-la-instalacion-de-paneles-solares-en-edificios-publicos\/\" \/>\n<meta property=\"og:site_name\" content=\"Nexo Informativo Santiago de Quer\u00e9taro\" \/>\n<meta property=\"article:publisher\" content=\"https:\/\/www.facebook.com\/people\/Nexo-Informativo\/61564066885511\/\" \/>\n<meta property=\"article:published_time\" content=\"2024-09-05T18:00:23+00:00\" \/>\n<meta property=\"article:modified_time\" content=\"2024-09-05T20:45:37+00:00\" \/>\n<meta property=\"og:image\" content=\"https:\/\/www.nexoinformativo.mx\/wp-content\/uploads\/2024\/09\/unnamed-18-e1725568948212.jpg\" \/>\n\t<meta property=\"og:image:width\" content=\"800\" \/>\n\t<meta property=\"og:image:height\" content=\"1000\" \/>\n\t<meta property=\"og:image:type\" content=\"image\/jpeg\" \/>\n<meta name=\"author\" content=\"Nexo Informativo\" \/>\n<meta name=\"twitter:card\" content=\"summary_large_image\" \/>\n<meta name=\"twitter:label1\" content=\"Escrito por\" \/>\n\t<meta name=\"twitter:data1\" content=\"Nexo Informativo\" \/>\n\t<meta name=\"twitter:label2\" content=\"Tiempo de lectura\" \/>\n\t<meta name=\"twitter:data2\" content=\"2 minutos\" \/>\n<script type=\"application\/ld+json\" class=\"yoast-schema-graph\">{\"@context\":\"https:\/\/schema.org\",\"@graph\":[{\"@type\":\"Article\",\"@id\":\"https:\/\/www.nexoinformativo.mx\/index.php\/2024\/09\/05\/queretaro-se-prepara-para-la-instalacion-de-paneles-solares-en-edificios-publicos\/#article\",\"isPartOf\":{\"@id\":\"https:\/\/www.nexoinformativo.mx\/index.php\/2024\/09\/05\/queretaro-se-prepara-para-la-instalacion-de-paneles-solares-en-edificios-publicos\/\"},\"author\":{\"name\":\"Nexo Informativo\",\"@id\":\"https:\/\/www.nexoinformativo.mx\/#\/schema\/person\/7749d380ba08c8ca00d7bc76fd907b7d\"},\"headline\":\"Quer\u00e9taro se prepara para la instalaci\u00f3n de paneles solares en edificios p\u00fablicos\",\"datePublished\":\"2024-09-05T18:00:23+00:00\",\"dateModified\":\"2024-09-05T20:45:37+00:00\",\"mainEntityOfPage\":{\"@id\":\"https:\/\/www.nexoinformativo.mx\/index.php\/2024\/09\/05\/queretaro-se-prepara-para-la-instalacion-de-paneles-solares-en-edificios-publicos\/\"},\"wordCount\":246,\"commentCount\":0,\"publisher\":{\"@id\":\"https:\/\/www.nexoinformativo.mx\/#organization\"},\"image\":{\"@id\":\"https:\/\/www.nexoinformativo.mx\/index.php\/2024\/09\/05\/queretaro-se-prepara-para-la-instalacion-de-paneles-solares-en-edificios-publicos\/#primaryimage\"},\"thumbnailUrl\":\"https:\/\/www.nexoinformativo.mx\/wp-content\/uploads\/2024\/09\/unnamed-18-e1725568948212.jpg\",\"keywords\":[\"Energ\u00edaRenovable\",\"PanelesSolaresQuer\u00e9taro\",\"SostenibilidadQuer\u00e9taro\",\"Transici\u00f3nEnerg\u00e9tica\"],\"articleSection\":[\"Estado\",\"Municipios\"],\"inLanguage\":\"es\",\"potentialAction\":[{\"@type\":\"CommentAction\",\"name\":\"Comment\",\"target\":[\"https:\/\/www.nexoinformativo.mx\/index.php\/2024\/09\/05\/queretaro-se-prepara-para-la-instalacion-de-paneles-solares-en-edificios-publicos\/#respond\"]}]},{\"@type\":\"WebPage\",\"@id\":\"https:\/\/www.nexoinformativo.mx\/index.php\/2024\/09\/05\/queretaro-se-prepara-para-la-instalacion-de-paneles-solares-en-edificios-publicos\/\",\"url\":\"https:\/\/www.nexoinformativo.mx\/index.php\/2024\/09\/05\/queretaro-se-prepara-para-la-instalacion-de-paneles-solares-en-edificios-publicos\/\",\"name\":\"Quer\u00e9taro se prepara para la instalaci\u00f3n de paneles solares en edificios p\u00fablicos | Nexo Informativo Santiago de Quer\u00e9taro\",\"isPartOf\":{\"@id\":\"https:\/\/www.nexoinformativo.mx\/#website\"},\"primaryImageOfPage\":{\"@id\":\"https:\/\/www.nexoinformativo.mx\/index.php\/2024\/09\/05\/queretaro-se-prepara-para-la-instalacion-de-paneles-solares-en-edificios-publicos\/#primaryimage\"},\"image\":{\"@id\":\"https:\/\/www.nexoinformativo.mx\/index.php\/2024\/09\/05\/queretaro-se-prepara-para-la-instalacion-de-paneles-solares-en-edificios-publicos\/#primaryimage\"},\"thumbnailUrl\":\"https:\/\/www.nexoinformativo.mx\/wp-content\/uploads\/2024\/09\/unnamed-18-e1725568948212.jpg\",\"datePublished\":\"2024-09-05T18:00:23+00:00\",\"dateModified\":\"2024-09-05T20:45:37+00:00\",\"description\":\"Quer\u00e9taro se prepara para la instalaci\u00f3n de paneles solares en edificios p\u00fablicos\",\"breadcrumb\":{\"@id\":\"https:\/\/www.nexoinformativo.mx\/index.php\/2024\/09\/05\/queretaro-se-prepara-para-la-instalacion-de-paneles-solares-en-edificios-publicos\/#breadcrumb\"},\"inLanguage\":\"es\",\"potentialAction\":[{\"@type\":\"ReadAction\",\"target\":[\"https:\/\/www.nexoinformativo.mx\/index.php\/2024\/09\/05\/queretaro-se-prepara-para-la-instalacion-de-paneles-solares-en-edificios-publicos\/\"]}]},{\"@type\":\"ImageObject\",\"inLanguage\":\"es\",\"@id\":\"https:\/\/www.nexoinformativo.mx\/index.php\/2024\/09\/05\/queretaro-se-prepara-para-la-instalacion-de-paneles-solares-en-edificios-publicos\/#primaryimage\",\"url\":\"https:\/\/www.nexoinformativo.mx\/wp-content\/uploads\/2024\/09\/unnamed-18-e1725568948212.jpg\",\"contentUrl\":\"https:\/\/www.nexoinformativo.mx\/wp-content\/uploads\/2024\/09\/unnamed-18-e1725568948212.jpg\",\"width\":800,\"height\":1000},{\"@type\":\"BreadcrumbList\",\"@id\":\"https:\/\/www.nexoinformativo.mx\/index.php\/2024\/09\/05\/queretaro-se-prepara-para-la-instalacion-de-paneles-solares-en-edificios-publicos\/#breadcrumb\",\"itemListElement\":[{\"@type\":\"ListItem\",\"position\":1,\"name\":\"Inicio\",\"item\":\"https:\/\/www.nexoinformativo.mx\/\"},{\"@type\":\"ListItem\",\"position\":2,\"name\":\"Quer\u00e9taro se prepara para la instalaci\u00f3n de paneles solares en edificios p\u00fablicos\"}]},{\"@type\":\"WebSite\",\"@id\":\"https:\/\/www.nexoinformativo.mx\/#website\",\"url\":\"https:\/\/www.nexoinformativo.mx\/\",\"name\":\"Nexo Informativo Santiago de Quer\u00e9taro\",\"description\":\"Explora NexoInformativo y convi\u00e9rtete en parte de una comunidad que valora el conocimiento y la verdad. Tu nexoinformativo es tu puente hacia una comprensi\u00f3n m\u00e1s profunda del mundo que te rodea.\",\"publisher\":{\"@id\":\"https:\/\/www.nexoinformativo.mx\/#organization\"},\"potentialAction\":[{\"@type\":\"SearchAction\",\"target\":{\"@type\":\"EntryPoint\",\"urlTemplate\":\"https:\/\/www.nexoinformativo.mx\/?s={search_term_string}\"},\"query-input\":{\"@type\":\"PropertyValueSpecification\",\"valueRequired\":true,\"valueName\":\"search_term_string\"}}],\"inLanguage\":\"es\"},{\"@type\":\"Organization\",\"@id\":\"https:\/\/www.nexoinformativo.mx\/#organization\",\"name\":\"Nexo Informativo Santiago de Quer\u00e9taro\",\"url\":\"https:\/\/www.nexoinformativo.mx\/\",\"logo\":{\"@type\":\"ImageObject\",\"inLanguage\":\"es\",\"@id\":\"https:\/\/www.nexoinformativo.mx\/#\/schema\/logo\/image\/\",\"url\":\"https:\/\/www.nexoinformativo.mx\/wp-content\/uploads\/2024\/07\/nexoi-trasparente-2.png\",\"contentUrl\":\"https:\/\/www.nexoinformativo.mx\/wp-content\/uploads\/2024\/07\/nexoi-trasparente-2.png\",\"width\":816,\"height\":339,\"caption\":\"Nexo Informativo Santiago de Quer\u00e9taro\"},\"image\":{\"@id\":\"https:\/\/www.nexoinformativo.mx\/#\/schema\/logo\/image\/\"},\"sameAs\":[\"https:\/\/www.facebook.com\/people\/Nexo-Informativo\/61564066885511\/\"]},{\"@type\":\"Person\",\"@id\":\"https:\/\/www.nexoinformativo.mx\/#\/schema\/person\/7749d380ba08c8ca00d7bc76fd907b7d\",\"name\":\"Nexo Informativo\",\"image\":{\"@type\":\"ImageObject\",\"inLanguage\":\"es\",\"@id\":\"https:\/\/www.nexoinformativo.mx\/#\/schema\/person\/image\/\",\"url\":\"https:\/\/secure.gravatar.com\/avatar\/dde2928154642a13d95f87ddf1ea9718fe2b46760a005c53e41ff5ad610704e6?s=96&d=mm&r=g\",\"contentUrl\":\"https:\/\/secure.gravatar.com\/avatar\/dde2928154642a13d95f87ddf1ea9718fe2b46760a005c53e41ff5ad610704e6?s=96&d=mm&r=g\",\"caption\":\"Nexo Informativo\"},\"url\":\"https:\/\/www.nexoinformativo.mx\/index.php\/author\/edicion\/\"}]}<\/script>\n<!-- \/ Yoast SEO plugin. -->","yoast_head_json":{"title":"Quer\u00e9taro se prepara para la instalaci\u00f3n de paneles solares en edificios p\u00fablicos | Nexo Informativo Santiago de Quer\u00e9taro","description":"Quer\u00e9taro se prepara para la instalaci\u00f3n de paneles solares en edificios p\u00fablicos","robots":{"index":"index","follow":"follow","max-snippet":"max-snippet:-1","max-image-preview":"max-image-preview:large","max-video-preview":"max-video-preview:-1"},"canonical":"https:\/\/www.nexoinformativo.mx\/index.php\/2024\/09\/05\/queretaro-se-prepara-para-la-instalacion-de-paneles-solares-en-edificios-publicos\/","og_locale":"es_MX","og_type":"article","og_title":"Quer\u00e9taro se prepara para la instalaci\u00f3n de paneles solares en edificios p\u00fablicos | Nexo Informativo Santiago de Quer\u00e9taro","og_description":"Quer\u00e9taro se prepara para la instalaci\u00f3n de paneles solares en edificios p\u00fablicos","og_url":"https:\/\/www.nexoinformativo.mx\/index.php\/2024\/09\/05\/queretaro-se-prepara-para-la-instalacion-de-paneles-solares-en-edificios-publicos\/","og_site_name":"Nexo Informativo Santiago de Quer\u00e9taro","article_publisher":"https:\/\/www.facebook.com\/people\/Nexo-Informativo\/61564066885511\/","article_published_time":"2024-09-05T18:00:23+00:00","article_modified_time":"2024-09-05T20:45:37+00:00","og_image":[{"width":800,"height":1000,"url":"https:\/\/www.nexoinformativo.mx\/wp-content\/uploads\/2024\/09\/unnamed-18-e1725568948212.jpg","type":"image\/jpeg"}],"author":"Nexo Informativo","twitter_card":"summary_large_image","twitter_misc":{"Escrito por":"Nexo Informativo","Tiempo de lectura":"2 minutos"},"schema":{"@context":"https:\/\/schema.org","@graph":[{"@type":"Article","@id":"https:\/\/www.nexoinformativo.mx\/index.php\/2024\/09\/05\/queretaro-se-prepara-para-la-instalacion-de-paneles-solares-en-edificios-publicos\/#article","isPartOf":{"@id":"https:\/\/www.nexoinformativo.mx\/index.php\/2024\/09\/05\/queretaro-se-prepara-para-la-instalacion-de-paneles-solares-en-edificios-publicos\/"},"author":{"name":"Nexo Informativo","@id":"https:\/\/www.nexoinformativo.mx\/#\/schema\/person\/7749d380ba08c8ca00d7bc76fd907b7d"},"headline":"Quer\u00e9taro se prepara para la instalaci\u00f3n de paneles solares en edificios p\u00fablicos","datePublished":"2024-09-05T18:00:23+00:00","dateModified":"2024-09-05T20:45:37+00:00","mainEntityOfPage":{"@id":"https:\/\/www.nexoinformativo.mx\/index.php\/2024\/09\/05\/queretaro-se-prepara-para-la-instalacion-de-paneles-solares-en-edificios-publicos\/"},"wordCount":246,"commentCount":0,"publisher":{"@id":"https:\/\/www.nexoinformativo.mx\/#organization"},"image":{"@id":"https:\/\/www.nexoinformativo.mx\/index.php\/2024\/09\/05\/queretaro-se-prepara-para-la-instalacion-de-paneles-solares-en-edificios-publicos\/#primaryimage"},"thumbnailUrl":"https:\/\/www.nexoinformativo.mx\/wp-content\/uploads\/2024\/09\/unnamed-18-e1725568948212.jpg","keywords":["Energ\u00edaRenovable","PanelesSolaresQuer\u00e9taro","SostenibilidadQuer\u00e9taro","Transici\u00f3nEnerg\u00e9tica"],"articleSection":["Estado","Municipios"],"inLanguage":"es","potentialAction":[{"@type":"CommentAction","name":"Comment","target":["https:\/\/www.nexoinformativo.mx\/index.php\/2024\/09\/05\/queretaro-se-prepara-para-la-instalacion-de-paneles-solares-en-edificios-publicos\/#respond"]}]},{"@type":"WebPage","@id":"https:\/\/www.nexoinformativo.mx\/index.php\/2024\/09\/05\/queretaro-se-prepara-para-la-instalacion-de-paneles-solares-en-edificios-publicos\/","url":"https:\/\/www.nexoinformativo.mx\/index.php\/2024\/09\/05\/queretaro-se-prepara-para-la-instalacion-de-paneles-solares-en-edificios-publicos\/","name":"Quer\u00e9taro se prepara para la instalaci\u00f3n de paneles solares en edificios p\u00fablicos | Nexo Informativo Santiago de Quer\u00e9taro","isPartOf":{"@id":"https:\/\/www.nexoinformativo.mx\/#website"},"primaryImageOfPage":{"@id":"https:\/\/www.nexoinformativo.mx\/index.php\/2024\/09\/05\/queretaro-se-prepara-para-la-instalacion-de-paneles-solares-en-edificios-publicos\/#primaryimage"},"image":{"@id":"https:\/\/www.nexoinformativo.mx\/index.php\/2024\/09\/05\/queretaro-se-prepara-para-la-instalacion-de-paneles-solares-en-edificios-publicos\/#primaryimage"},"thumbnailUrl":"https:\/\/www.nexoinformativo.mx\/wp-content\/uploads\/2024\/09\/unnamed-18-e1725568948212.jpg","datePublished":"2024-09-05T18:00:23+00:00","dateModified":"2024-09-05T20:45:37+00:00","description":"Quer\u00e9taro se prepara para la instalaci\u00f3n de paneles solares en edificios p\u00fablicos","breadcrumb":{"@id":"https:\/\/www.nexoinformativo.mx\/index.php\/2024\/09\/05\/queretaro-se-prepara-para-la-instalacion-de-paneles-solares-en-edificios-publicos\/#breadcrumb"},"inLanguage":"es","potentialAction":[{"@type":"ReadAction","target":["https:\/\/www.nexoinformativo.mx\/index.php\/2024\/09\/05\/queretaro-se-prepara-para-la-instalacion-de-paneles-solares-en-edificios-publicos\/"]}]},{"@type":"ImageObject","inLanguage":"es","@id":"https:\/\/www.nexoinformativo.mx\/index.php\/2024\/09\/05\/queretaro-se-prepara-para-la-instalacion-de-paneles-solares-en-edificios-publicos\/#primaryimage","url":"https:\/\/www.nexoinformativo.mx\/wp-content\/uploads\/2024\/09\/unnamed-18-e1725568948212.jpg","contentUrl":"https:\/\/www.nexoinformativo.mx\/wp-content\/uploads\/2024\/09\/unnamed-18-e1725568948212.jpg","width":800,"height":1000},{"@type":"BreadcrumbList","@id":"https:\/\/www.nexoinformativo.mx\/index.php\/2024\/09\/05\/queretaro-se-prepara-para-la-instalacion-de-paneles-solares-en-edificios-publicos\/#breadcrumb","itemListElement":[{"@type":"ListItem","position":1,"name":"Inicio","item":"https:\/\/www.nexoinformativo.mx\/"},{"@type":"ListItem","position":2,"name":"Quer\u00e9taro se prepara para la instalaci\u00f3n de paneles solares en edificios p\u00fablicos"}]},{"@type":"WebSite","@id":"https:\/\/www.nexoinformativo.mx\/#website","url":"https:\/\/www.nexoinformativo.mx\/","name":"Nexo Informativo Santiago de Quer\u00e9taro","description":"Explora NexoInformativo y convi\u00e9rtete en parte de una comunidad que valora el conocimiento y la verdad. Tu nexoinformativo es tu puente hacia una comprensi\u00f3n m\u00e1s profunda del mundo que te rodea.","publisher":{"@id":"https:\/\/www.nexoinformativo.mx\/#organization"},"potentialAction":[{"@type":"SearchAction","target":{"@type":"EntryPoint","urlTemplate":"https:\/\/www.nexoinformativo.mx\/?s={search_term_string}"},"query-input":{"@type":"PropertyValueSpecification","valueRequired":true,"valueName":"search_term_string"}}],"inLanguage":"es"},{"@type":"Organization","@id":"https:\/\/www.nexoinformativo.mx\/#organization","name":"Nexo Informativo Santiago de Quer\u00e9taro","url":"https:\/\/www.nexoinformativo.mx\/","logo":{"@type":"ImageObject","inLanguage":"es","@id":"https:\/\/www.nexoinformativo.mx\/#\/schema\/logo\/image\/","url":"https:\/\/www.nexoinformativo.mx\/wp-content\/uploads\/2024\/07\/nexoi-trasparente-2.png","contentUrl":"https:\/\/www.nexoinformativo.mx\/wp-content\/uploads\/2024\/07\/nexoi-trasparente-2.png","width":816,"height":339,"caption":"Nexo Informativo Santiago de Quer\u00e9taro"},"image":{"@id":"https:\/\/www.nexoinformativo.mx\/#\/schema\/logo\/image\/"},"sameAs":["https:\/\/www.facebook.com\/people\/Nexo-Informativo\/61564066885511\/"]},{"@type":"Person","@id":"https:\/\/www.nexoinformativo.mx\/#\/schema\/person\/7749d380ba08c8ca00d7bc76fd907b7d","name":"Nexo Informativo","image":{"@type":"ImageObject","inLanguage":"es","@id":"https:\/\/www.nexoinformativo.mx\/#\/schema\/person\/image\/","url":"https:\/\/secure.gravatar.com\/avatar\/dde2928154642a13d95f87ddf1ea9718fe2b46760a005c53e41ff5ad610704e6?s=96&d=mm&r=g","contentUrl":"https:\/\/secure.gravatar.com\/avatar\/dde2928154642a13d95f87ddf1ea9718fe2b46760a005c53e41ff5ad610704e6?s=96&d=mm&r=g","caption":"Nexo Informativo"},"url":"https:\/\/www.nexoinformativo.mx\/index.php\/author\/edicion\/"}]}},"_links":{"self":[{"href":"https:\/\/www.nexoinformativo.mx\/index.php\/wp-json\/wp\/v2\/posts\/1616","targetHints":{"allow":["GET"]}}],"collection":[{"href":"https:\/\/www.nexoinformativo.mx\/index.php\/wp-json\/wp\/v2\/posts"}],"about":[{"href":"https:\/\/www.nexoinformativo.mx\/index.php\/wp-json\/wp\/v2\/types\/post"}],"author":[{"embeddable":true,"href":"https:\/\/www.nexoinformativo.mx\/index.php\/wp-json\/wp\/v2\/users\/3"}],"replies":[{"embeddable":true,"href":"https:\/\/www.nexoinformativo.mx\/index.php\/wp-json\/wp\/v2\/comments?post=1616"}],"version-history":[{"count":3,"href":"https:\/\/www.nexoinformativo.mx\/index.php\/wp-json\/wp\/v2\/posts\/1616\/revisions"}],"predecessor-version":[{"id":1621,"href":"https:\/\/www.nexoinformativo.mx\/index.php\/wp-json\/wp\/v2\/posts\/1616\/revisions\/1621"}],"wp:featuredmedia":[{"embeddable":true,"href":"https:\/\/www.nexoinformativo.mx\/index.php\/wp-json\/wp\/v2\/media\/1618"}],"wp:attachment":[{"href":"https:\/\/www.nexoinformativo.mx\/index.php\/wp-json\/wp\/v2\/media?parent=1616"}],"wp:term":[{"taxonomy":"category","embeddable":true,"href":"https:\/\/www.nexoinformativo.mx\/index.php\/wp-json\/wp\/v2\/categories?post=1616"},{"taxonomy":"post_tag","embeddable":true,"href":"https:\/\/www.nexoinformativo.mx\/index.php\/wp-json\/wp\/v2\/tags?post=1616"}],"curies":[{"name":"wp","href":"https:\/\/api.w.org\/{rel}","templated":true}]}}