{"id":16169,"date":"2025-06-26T10:00:07","date_gmt":"2025-06-26T16:00:07","guid":{"rendered":"https:\/\/www.nexoinformativo.mx\/?p=16169"},"modified":"2025-06-26T13:20:54","modified_gmt":"2025-06-26T19:20:54","slug":"temporada-de-frutas-profeco-te-ayuda-a-elegir-pina-papaya-y-sandia-al-mejor-precio-para-tu-salud","status":"publish","type":"post","link":"https:\/\/www.nexoinformativo.mx\/index.php\/2025\/06\/26\/temporada-de-frutas-profeco-te-ayuda-a-elegir-pina-papaya-y-sandia-al-mejor-precio-para-tu-salud\/","title":{"rendered":"\u00a1Temporada de Frutas! Profeco te ayuda a elegir pi\u00f1a, papaya y sand\u00eda al mejor precio para tu salud"},"content":{"rendered":"<p style=\"text-align: justify;\">Para impulsar un consumo responsable y alineada con la Estrategia Nacional <strong>\u201cVive saludable, vive feliz\u201d<\/strong>, la Procuradur\u00eda Federal del Consumidor (Profeco), bajo la direcci\u00f3n de Iv\u00e1n Escalante Ruiz, ha monitoreado los precios de tres frutas de temporada y producci\u00f3n nacional: pi\u00f1a, papaya y sand\u00eda. Consumir estos alimentos naturales en porciones adecuadas es clave para una vida saludable.<\/p>\n<p>&nbsp;<\/p>\n<p style=\"text-align: justify;\">Las principales zonas de producci\u00f3n de pi\u00f1a en M\u00e9xico son Veracruz, Oaxaca, Tabasco, Nayarit y Jalisco. \u00bfQuieres elegir la mejor? Busca pi\u00f1as con c\u00e1scara firme y dorada, y hojas verdes brillantes.<\/p>\n<p>&nbsp;<\/p>\n<p style=\"text-align: justify;\">Seg\u00fan el monitoreo de Profeco en la tercera semana de junio, el precio m\u00e1s bajo por kilo de pi\u00f1a miel fue de $13.50 pesos en supermercados Chedraui de Cuernavaca, Durango, Tampico, Veracruz, Villahermosa y Ciudad de M\u00e9xico (Coyoac\u00e1n). En contraste, los precios m\u00e1s altos llegaron a $42.00 y $42.90 pesos en Walmart Express de Miguel Hidalgo y Coyoac\u00e1n, en la Ciudad de M\u00e9xico. \u00a1Un tip! En la Central de Abastos de Iztapalapa puedes encontrarla por $25.00 el kilo.<\/p>\n<p>&nbsp;<\/p>\n<p style=\"text-align: justify;\">La papaya, de origen mexicano, es otra fruta rica en vitaminas A y C, complejo B, fibra y antioxidantes. Los estados del sur como Chiapas, Colima, Oaxaca y Veracruz son sus principales productores.<\/p>\n<p>&nbsp;<\/p>\n<p style=\"text-align: justify;\">Para saber si una papaya est\u00e1 madura, busca una c\u00e1scara naranja casi rojiza que ceda ligeramente al tacto. Su sabor dulce y textura suave la hacen ideal para consumir fresca, en jugos o ensaladas.<\/p>\n<p>&nbsp;<\/p>\n<p style=\"text-align: justify;\">El programa &#8220;Qui\u00e9n es Qui\u00e9n en los Precios&#8221; de Profeco encontr\u00f3 el kilo de papaya Maradol m\u00e1s barato en $25.00 pesos en la Central de Abastos de Iztapalapa y en el mercado La Pur\u00edsima, ambos en la Ciudad de M\u00e9xico. El costo m\u00e1s alto se detect\u00f3 en Walmart de Tampico, Nuevo Le\u00f3n, Coahuila y Chihuahua, donde el kilo se vendi\u00f3 en $55.00 pesos.<\/p>\n<p>&nbsp;<\/p>\n<p style=\"text-align: justify;\">La sand\u00eda, aunque originaria de \u00c1frica, se cultiva ampliamente en M\u00e9xico, siendo Sonora, Jalisco, Veracruz y Chihuahua los mayores productores. Su alto contenido de agua y bajo nivel cal\u00f3rico la convierten en la opci\u00f3n perfecta para hidratarse en temporadas de calor. Adem\u00e1s, el licopeno le da su caracter\u00edstico color rojo y le aporta propiedades antioxidantes y desinflamatorias.<\/p>\n<p>&nbsp;<\/p>\n<p style=\"text-align: justify;\">Profeco monitore\u00f3 el precio por kilo de la sand\u00eda Charleston. Los m\u00e1s econ\u00f3micos se encontraron en S\u00faper Ley Express Lola Beltr\u00e1n, Sinaloa, a $8.90 pesos, y en Merco Aramberri, Nuevo Le\u00f3n, por $8.99. El precio m\u00e1s elevado fue de $24.90 pesos en La Comer Ribera, en la Ciudad de M\u00e9xico.<\/p>\n<p>&nbsp;<\/p>\n<p style=\"text-align: justify;\">La Profeco nos recuerda que tener h\u00e1bitos de consumo responsable contribuye a nuestro bienestar. Elige alimentos naturales, reduce los productos ultraprocesados y realiza actividad f\u00edsica regular. Para comparar precios de m\u00e1s de 3 mil productos, consulta la plataforma &#8220;Qui\u00e9n es Qui\u00e9n en Precios&#8221; en <a href=\"https:\/\/qqp.profeco.gob.mx\/\" target=\"_blank\" rel=\"noopener\">https:\/\/qqp.profeco.gob.mx\/<\/a>.<\/p>\n<p>&nbsp;<\/p>\n<p style=\"text-align: center;\"><em><strong>\u00a1Informaci\u00f3n que transforma!<\/strong><\/em><\/p>\n","protected":false},"excerpt":{"rendered":"<p>Para impulsar un consumo responsable y alineada con la Estrategia Nacional \u201cVive saludable, vive feliz\u201d, la Procuradur\u00eda Federal del Consumidor (Profeco), bajo la direcci\u00f3n de Iv\u00e1n Escalante Ruiz, ha monitoreado los precios de tres frutas de temporada y producci\u00f3n nacional: pi\u00f1a, papaya y sand\u00eda. Consumir estos alimentos naturales en porciones adecuadas es clave para una vida saludable.<\/p>\n","protected":false},"author":3,"featured_media":16170,"comment_status":"open","ping_status":"open","sticky":false,"template":"","format":"standard","meta":{"footnotes":""},"categories":[5,88,58],"tags":[4863,4864,3958,1834],"class_list":["post-16169","post","type-post","status-publish","format-standard","has-post-thumbnail","hentry","category-economia","category-nacional","category-ultima-hora","tag-consumesaludable","tag-frutasdetemporada","tag-preciosjustos","tag-profeco"],"yoast_head":"<!-- This site is optimized with the Yoast SEO plugin v25.0 - https:\/\/yoast.com\/wordpress\/plugins\/seo\/ -->\n<title>\u00a1Temporada de Frutas! Profeco te ayuda a elegir pi\u00f1a, papaya y sand\u00eda al mejor precio para tu salud | Nexo Informativo Santiago de Quer\u00e9taro<\/title>\n<meta name=\"description\" content=\"\u00a1Temporada de Frutas! Profeco te ayuda a elegir pi\u00f1a, papaya y sand\u00eda al mejor precio para tu salud\" \/>\n<meta name=\"robots\" content=\"index, follow, max-snippet:-1, max-image-preview:large, max-video-preview:-1\" \/>\n<link rel=\"canonical\" href=\"https:\/\/www.nexoinformativo.mx\/index.php\/2025\/06\/26\/temporada-de-frutas-profeco-te-ayuda-a-elegir-pina-papaya-y-sandia-al-mejor-precio-para-tu-salud\/\" \/>\n<meta property=\"og:locale\" content=\"es_MX\" \/>\n<meta property=\"og:type\" content=\"article\" \/>\n<meta property=\"og:title\" content=\"\u00a1Temporada de Frutas! Profeco te ayuda a elegir pi\u00f1a, papaya y sand\u00eda al mejor precio para tu salud | Nexo Informativo Santiago de Quer\u00e9taro\" \/>\n<meta property=\"og:description\" content=\"\u00a1Temporada de Frutas! Profeco te ayuda a elegir pi\u00f1a, papaya y sand\u00eda al mejor precio para tu salud\" \/>\n<meta property=\"og:url\" content=\"https:\/\/www.nexoinformativo.mx\/index.php\/2025\/06\/26\/temporada-de-frutas-profeco-te-ayuda-a-elegir-pina-papaya-y-sandia-al-mejor-precio-para-tu-salud\/\" \/>\n<meta property=\"og:site_name\" content=\"Nexo Informativo Santiago de Quer\u00e9taro\" \/>\n<meta property=\"article:publisher\" content=\"https:\/\/www.facebook.com\/people\/Nexo-Informativo\/61564066885511\/\" \/>\n<meta property=\"article:published_time\" content=\"2025-06-26T16:00:07+00:00\" \/>\n<meta property=\"article:modified_time\" content=\"2025-06-26T19:20:54+00:00\" \/>\n<meta property=\"og:image\" content=\"https:\/\/www.nexoinformativo.mx\/wp-content\/uploads\/2025\/06\/pexels-lazarus-ziridis-351891426-32639622-e1750965594413.jpg\" \/>\n\t<meta property=\"og:image:width\" content=\"800\" \/>\n\t<meta property=\"og:image:height\" content=\"861\" \/>\n\t<meta property=\"og:image:type\" content=\"image\/jpeg\" \/>\n<meta name=\"author\" content=\"Nexo Informativo\" \/>\n<meta name=\"twitter:card\" content=\"summary_large_image\" \/>\n<meta name=\"twitter:label1\" content=\"Escrito por\" \/>\n\t<meta name=\"twitter:data1\" content=\"Nexo Informativo\" \/>\n\t<meta name=\"twitter:label2\" content=\"Tiempo de lectura\" \/>\n\t<meta name=\"twitter:data2\" content=\"3 minutos\" \/>\n<script type=\"application\/ld+json\" class=\"yoast-schema-graph\">{\"@context\":\"https:\/\/schema.org\",\"@graph\":[{\"@type\":\"Article\",\"@id\":\"https:\/\/www.nexoinformativo.mx\/index.php\/2025\/06\/26\/temporada-de-frutas-profeco-te-ayuda-a-elegir-pina-papaya-y-sandia-al-mejor-precio-para-tu-salud\/#article\",\"isPartOf\":{\"@id\":\"https:\/\/www.nexoinformativo.mx\/index.php\/2025\/06\/26\/temporada-de-frutas-profeco-te-ayuda-a-elegir-pina-papaya-y-sandia-al-mejor-precio-para-tu-salud\/\"},\"author\":{\"name\":\"Nexo Informativo\",\"@id\":\"https:\/\/www.nexoinformativo.mx\/#\/schema\/person\/7749d380ba08c8ca00d7bc76fd907b7d\"},\"headline\":\"\u00a1Temporada de Frutas! Profeco te ayuda a elegir pi\u00f1a, papaya y sand\u00eda al mejor precio para tu salud\",\"datePublished\":\"2025-06-26T16:00:07+00:00\",\"dateModified\":\"2025-06-26T19:20:54+00:00\",\"mainEntityOfPage\":{\"@id\":\"https:\/\/www.nexoinformativo.mx\/index.php\/2025\/06\/26\/temporada-de-frutas-profeco-te-ayuda-a-elegir-pina-papaya-y-sandia-al-mejor-precio-para-tu-salud\/\"},\"wordCount\":521,\"commentCount\":0,\"publisher\":{\"@id\":\"https:\/\/www.nexoinformativo.mx\/#organization\"},\"image\":{\"@id\":\"https:\/\/www.nexoinformativo.mx\/index.php\/2025\/06\/26\/temporada-de-frutas-profeco-te-ayuda-a-elegir-pina-papaya-y-sandia-al-mejor-precio-para-tu-salud\/#primaryimage\"},\"thumbnailUrl\":\"https:\/\/www.nexoinformativo.mx\/wp-content\/uploads\/2025\/06\/pexels-lazarus-ziridis-351891426-32639622-e1750965594413.jpg\",\"keywords\":[\"ConsumeSaludable\",\"FrutasDeTemporada\",\"PreciosJustos\",\"Profeco\"],\"articleSection\":[\"Econom\u00eda\",\"Nacional\",\"\u00daltima Hora\"],\"inLanguage\":\"es\",\"potentialAction\":[{\"@type\":\"CommentAction\",\"name\":\"Comment\",\"target\":[\"https:\/\/www.nexoinformativo.mx\/index.php\/2025\/06\/26\/temporada-de-frutas-profeco-te-ayuda-a-elegir-pina-papaya-y-sandia-al-mejor-precio-para-tu-salud\/#respond\"]}]},{\"@type\":\"WebPage\",\"@id\":\"https:\/\/www.nexoinformativo.mx\/index.php\/2025\/06\/26\/temporada-de-frutas-profeco-te-ayuda-a-elegir-pina-papaya-y-sandia-al-mejor-precio-para-tu-salud\/\",\"url\":\"https:\/\/www.nexoinformativo.mx\/index.php\/2025\/06\/26\/temporada-de-frutas-profeco-te-ayuda-a-elegir-pina-papaya-y-sandia-al-mejor-precio-para-tu-salud\/\",\"name\":\"\u00a1Temporada de Frutas! Profeco te ayuda a elegir pi\u00f1a, papaya y sand\u00eda al mejor precio para tu salud | Nexo Informativo Santiago de Quer\u00e9taro\",\"isPartOf\":{\"@id\":\"https:\/\/www.nexoinformativo.mx\/#website\"},\"primaryImageOfPage\":{\"@id\":\"https:\/\/www.nexoinformativo.mx\/index.php\/2025\/06\/26\/temporada-de-frutas-profeco-te-ayuda-a-elegir-pina-papaya-y-sandia-al-mejor-precio-para-tu-salud\/#primaryimage\"},\"image\":{\"@id\":\"https:\/\/www.nexoinformativo.mx\/index.php\/2025\/06\/26\/temporada-de-frutas-profeco-te-ayuda-a-elegir-pina-papaya-y-sandia-al-mejor-precio-para-tu-salud\/#primaryimage\"},\"thumbnailUrl\":\"https:\/\/www.nexoinformativo.mx\/wp-content\/uploads\/2025\/06\/pexels-lazarus-ziridis-351891426-32639622-e1750965594413.jpg\",\"datePublished\":\"2025-06-26T16:00:07+00:00\",\"dateModified\":\"2025-06-26T19:20:54+00:00\",\"description\":\"\u00a1Temporada de Frutas! Profeco te ayuda a elegir pi\u00f1a, papaya y sand\u00eda al mejor precio para tu salud\",\"breadcrumb\":{\"@id\":\"https:\/\/www.nexoinformativo.mx\/index.php\/2025\/06\/26\/temporada-de-frutas-profeco-te-ayuda-a-elegir-pina-papaya-y-sandia-al-mejor-precio-para-tu-salud\/#breadcrumb\"},\"inLanguage\":\"es\",\"potentialAction\":[{\"@type\":\"ReadAction\",\"target\":[\"https:\/\/www.nexoinformativo.mx\/index.php\/2025\/06\/26\/temporada-de-frutas-profeco-te-ayuda-a-elegir-pina-papaya-y-sandia-al-mejor-precio-para-tu-salud\/\"]}]},{\"@type\":\"ImageObject\",\"inLanguage\":\"es\",\"@id\":\"https:\/\/www.nexoinformativo.mx\/index.php\/2025\/06\/26\/temporada-de-frutas-profeco-te-ayuda-a-elegir-pina-papaya-y-sandia-al-mejor-precio-para-tu-salud\/#primaryimage\",\"url\":\"https:\/\/www.nexoinformativo.mx\/wp-content\/uploads\/2025\/06\/pexels-lazarus-ziridis-351891426-32639622-e1750965594413.jpg\",\"contentUrl\":\"https:\/\/www.nexoinformativo.mx\/wp-content\/uploads\/2025\/06\/pexels-lazarus-ziridis-351891426-32639622-e1750965594413.jpg\",\"width\":800,\"height\":861},{\"@type\":\"BreadcrumbList\",\"@id\":\"https:\/\/www.nexoinformativo.mx\/index.php\/2025\/06\/26\/temporada-de-frutas-profeco-te-ayuda-a-elegir-pina-papaya-y-sandia-al-mejor-precio-para-tu-salud\/#breadcrumb\",\"itemListElement\":[{\"@type\":\"ListItem\",\"position\":1,\"name\":\"Inicio\",\"item\":\"https:\/\/www.nexoinformativo.mx\/\"},{\"@type\":\"ListItem\",\"position\":2,\"name\":\"\u00a1Temporada de Frutas! Profeco te ayuda a elegir pi\u00f1a, papaya y sand\u00eda al mejor precio para tu salud\"}]},{\"@type\":\"WebSite\",\"@id\":\"https:\/\/www.nexoinformativo.mx\/#website\",\"url\":\"https:\/\/www.nexoinformativo.mx\/\",\"name\":\"Nexo Informativo Santiago de Quer\u00e9taro\",\"description\":\"Explora NexoInformativo y convi\u00e9rtete en parte de una comunidad que valora el conocimiento y la verdad. Tu nexoinformativo es tu puente hacia una comprensi\u00f3n m\u00e1s profunda del mundo que te rodea.\",\"publisher\":{\"@id\":\"https:\/\/www.nexoinformativo.mx\/#organization\"},\"potentialAction\":[{\"@type\":\"SearchAction\",\"target\":{\"@type\":\"EntryPoint\",\"urlTemplate\":\"https:\/\/www.nexoinformativo.mx\/?s={search_term_string}\"},\"query-input\":{\"@type\":\"PropertyValueSpecification\",\"valueRequired\":true,\"valueName\":\"search_term_string\"}}],\"inLanguage\":\"es\"},{\"@type\":\"Organization\",\"@id\":\"https:\/\/www.nexoinformativo.mx\/#organization\",\"name\":\"Nexo Informativo Santiago de Quer\u00e9taro\",\"url\":\"https:\/\/www.nexoinformativo.mx\/\",\"logo\":{\"@type\":\"ImageObject\",\"inLanguage\":\"es\",\"@id\":\"https:\/\/www.nexoinformativo.mx\/#\/schema\/logo\/image\/\",\"url\":\"https:\/\/www.nexoinformativo.mx\/wp-content\/uploads\/2024\/07\/nexoi-trasparente-2.png\",\"contentUrl\":\"https:\/\/www.nexoinformativo.mx\/wp-content\/uploads\/2024\/07\/nexoi-trasparente-2.png\",\"width\":816,\"height\":339,\"caption\":\"Nexo Informativo Santiago de Quer\u00e9taro\"},\"image\":{\"@id\":\"https:\/\/www.nexoinformativo.mx\/#\/schema\/logo\/image\/\"},\"sameAs\":[\"https:\/\/www.facebook.com\/people\/Nexo-Informativo\/61564066885511\/\"]},{\"@type\":\"Person\",\"@id\":\"https:\/\/www.nexoinformativo.mx\/#\/schema\/person\/7749d380ba08c8ca00d7bc76fd907b7d\",\"name\":\"Nexo Informativo\",\"image\":{\"@type\":\"ImageObject\",\"inLanguage\":\"es\",\"@id\":\"https:\/\/www.nexoinformativo.mx\/#\/schema\/person\/image\/\",\"url\":\"https:\/\/secure.gravatar.com\/avatar\/dde2928154642a13d95f87ddf1ea9718fe2b46760a005c53e41ff5ad610704e6?s=96&d=mm&r=g\",\"contentUrl\":\"https:\/\/secure.gravatar.com\/avatar\/dde2928154642a13d95f87ddf1ea9718fe2b46760a005c53e41ff5ad610704e6?s=96&d=mm&r=g\",\"caption\":\"Nexo Informativo\"},\"url\":\"https:\/\/www.nexoinformativo.mx\/index.php\/author\/edicion\/\"}]}<\/script>\n<!-- \/ Yoast SEO plugin. -->","yoast_head_json":{"title":"\u00a1Temporada de Frutas! Profeco te ayuda a elegir pi\u00f1a, papaya y sand\u00eda al mejor precio para tu salud | Nexo Informativo Santiago de Quer\u00e9taro","description":"\u00a1Temporada de Frutas! Profeco te ayuda a elegir pi\u00f1a, papaya y sand\u00eda al mejor precio para tu salud","robots":{"index":"index","follow":"follow","max-snippet":"max-snippet:-1","max-image-preview":"max-image-preview:large","max-video-preview":"max-video-preview:-1"},"canonical":"https:\/\/www.nexoinformativo.mx\/index.php\/2025\/06\/26\/temporada-de-frutas-profeco-te-ayuda-a-elegir-pina-papaya-y-sandia-al-mejor-precio-para-tu-salud\/","og_locale":"es_MX","og_type":"article","og_title":"\u00a1Temporada de Frutas! Profeco te ayuda a elegir pi\u00f1a, papaya y sand\u00eda al mejor precio para tu salud | Nexo Informativo Santiago de Quer\u00e9taro","og_description":"\u00a1Temporada de Frutas! Profeco te ayuda a elegir pi\u00f1a, papaya y sand\u00eda al mejor precio para tu salud","og_url":"https:\/\/www.nexoinformativo.mx\/index.php\/2025\/06\/26\/temporada-de-frutas-profeco-te-ayuda-a-elegir-pina-papaya-y-sandia-al-mejor-precio-para-tu-salud\/","og_site_name":"Nexo Informativo Santiago de Quer\u00e9taro","article_publisher":"https:\/\/www.facebook.com\/people\/Nexo-Informativo\/61564066885511\/","article_published_time":"2025-06-26T16:00:07+00:00","article_modified_time":"2025-06-26T19:20:54+00:00","og_image":[{"width":800,"height":861,"url":"https:\/\/www.nexoinformativo.mx\/wp-content\/uploads\/2025\/06\/pexels-lazarus-ziridis-351891426-32639622-e1750965594413.jpg","type":"image\/jpeg"}],"author":"Nexo Informativo","twitter_card":"summary_large_image","twitter_misc":{"Escrito por":"Nexo Informativo","Tiempo de lectura":"3 minutos"},"schema":{"@context":"https:\/\/schema.org","@graph":[{"@type":"Article","@id":"https:\/\/www.nexoinformativo.mx\/index.php\/2025\/06\/26\/temporada-de-frutas-profeco-te-ayuda-a-elegir-pina-papaya-y-sandia-al-mejor-precio-para-tu-salud\/#article","isPartOf":{"@id":"https:\/\/www.nexoinformativo.mx\/index.php\/2025\/06\/26\/temporada-de-frutas-profeco-te-ayuda-a-elegir-pina-papaya-y-sandia-al-mejor-precio-para-tu-salud\/"},"author":{"name":"Nexo Informativo","@id":"https:\/\/www.nexoinformativo.mx\/#\/schema\/person\/7749d380ba08c8ca00d7bc76fd907b7d"},"headline":"\u00a1Temporada de Frutas! Profeco te ayuda a elegir pi\u00f1a, papaya y sand\u00eda al mejor precio para tu salud","datePublished":"2025-06-26T16:00:07+00:00","dateModified":"2025-06-26T19:20:54+00:00","mainEntityOfPage":{"@id":"https:\/\/www.nexoinformativo.mx\/index.php\/2025\/06\/26\/temporada-de-frutas-profeco-te-ayuda-a-elegir-pina-papaya-y-sandia-al-mejor-precio-para-tu-salud\/"},"wordCount":521,"commentCount":0,"publisher":{"@id":"https:\/\/www.nexoinformativo.mx\/#organization"},"image":{"@id":"https:\/\/www.nexoinformativo.mx\/index.php\/2025\/06\/26\/temporada-de-frutas-profeco-te-ayuda-a-elegir-pina-papaya-y-sandia-al-mejor-precio-para-tu-salud\/#primaryimage"},"thumbnailUrl":"https:\/\/www.nexoinformativo.mx\/wp-content\/uploads\/2025\/06\/pexels-lazarus-ziridis-351891426-32639622-e1750965594413.jpg","keywords":["ConsumeSaludable","FrutasDeTemporada","PreciosJustos","Profeco"],"articleSection":["Econom\u00eda","Nacional","\u00daltima Hora"],"inLanguage":"es","potentialAction":[{"@type":"CommentAction","name":"Comment","target":["https:\/\/www.nexoinformativo.mx\/index.php\/2025\/06\/26\/temporada-de-frutas-profeco-te-ayuda-a-elegir-pina-papaya-y-sandia-al-mejor-precio-para-tu-salud\/#respond"]}]},{"@type":"WebPage","@id":"https:\/\/www.nexoinformativo.mx\/index.php\/2025\/06\/26\/temporada-de-frutas-profeco-te-ayuda-a-elegir-pina-papaya-y-sandia-al-mejor-precio-para-tu-salud\/","url":"https:\/\/www.nexoinformativo.mx\/index.php\/2025\/06\/26\/temporada-de-frutas-profeco-te-ayuda-a-elegir-pina-papaya-y-sandia-al-mejor-precio-para-tu-salud\/","name":"\u00a1Temporada de Frutas! Profeco te ayuda a elegir pi\u00f1a, papaya y sand\u00eda al mejor precio para tu salud | Nexo Informativo Santiago de Quer\u00e9taro","isPartOf":{"@id":"https:\/\/www.nexoinformativo.mx\/#website"},"primaryImageOfPage":{"@id":"https:\/\/www.nexoinformativo.mx\/index.php\/2025\/06\/26\/temporada-de-frutas-profeco-te-ayuda-a-elegir-pina-papaya-y-sandia-al-mejor-precio-para-tu-salud\/#primaryimage"},"image":{"@id":"https:\/\/www.nexoinformativo.mx\/index.php\/2025\/06\/26\/temporada-de-frutas-profeco-te-ayuda-a-elegir-pina-papaya-y-sandia-al-mejor-precio-para-tu-salud\/#primaryimage"},"thumbnailUrl":"https:\/\/www.nexoinformativo.mx\/wp-content\/uploads\/2025\/06\/pexels-lazarus-ziridis-351891426-32639622-e1750965594413.jpg","datePublished":"2025-06-26T16:00:07+00:00","dateModified":"2025-06-26T19:20:54+00:00","description":"\u00a1Temporada de Frutas! Profeco te ayuda a elegir pi\u00f1a, papaya y sand\u00eda al mejor precio para tu salud","breadcrumb":{"@id":"https:\/\/www.nexoinformativo.mx\/index.php\/2025\/06\/26\/temporada-de-frutas-profeco-te-ayuda-a-elegir-pina-papaya-y-sandia-al-mejor-precio-para-tu-salud\/#breadcrumb"},"inLanguage":"es","potentialAction":[{"@type":"ReadAction","target":["https:\/\/www.nexoinformativo.mx\/index.php\/2025\/06\/26\/temporada-de-frutas-profeco-te-ayuda-a-elegir-pina-papaya-y-sandia-al-mejor-precio-para-tu-salud\/"]}]},{"@type":"ImageObject","inLanguage":"es","@id":"https:\/\/www.nexoinformativo.mx\/index.php\/2025\/06\/26\/temporada-de-frutas-profeco-te-ayuda-a-elegir-pina-papaya-y-sandia-al-mejor-precio-para-tu-salud\/#primaryimage","url":"https:\/\/www.nexoinformativo.mx\/wp-content\/uploads\/2025\/06\/pexels-lazarus-ziridis-351891426-32639622-e1750965594413.jpg","contentUrl":"https:\/\/www.nexoinformativo.mx\/wp-content\/uploads\/2025\/06\/pexels-lazarus-ziridis-351891426-32639622-e1750965594413.jpg","width":800,"height":861},{"@type":"BreadcrumbList","@id":"https:\/\/www.nexoinformativo.mx\/index.php\/2025\/06\/26\/temporada-de-frutas-profeco-te-ayuda-a-elegir-pina-papaya-y-sandia-al-mejor-precio-para-tu-salud\/#breadcrumb","itemListElement":[{"@type":"ListItem","position":1,"name":"Inicio","item":"https:\/\/www.nexoinformativo.mx\/"},{"@type":"ListItem","position":2,"name":"\u00a1Temporada de Frutas! Profeco te ayuda a elegir pi\u00f1a, papaya y sand\u00eda al mejor precio para tu salud"}]},{"@type":"WebSite","@id":"https:\/\/www.nexoinformativo.mx\/#website","url":"https:\/\/www.nexoinformativo.mx\/","name":"Nexo Informativo Santiago de Quer\u00e9taro","description":"Explora NexoInformativo y convi\u00e9rtete en parte de una comunidad que valora el conocimiento y la verdad. Tu nexoinformativo es tu puente hacia una comprensi\u00f3n m\u00e1s profunda del mundo que te rodea.","publisher":{"@id":"https:\/\/www.nexoinformativo.mx\/#organization"},"potentialAction":[{"@type":"SearchAction","target":{"@type":"EntryPoint","urlTemplate":"https:\/\/www.nexoinformativo.mx\/?s={search_term_string}"},"query-input":{"@type":"PropertyValueSpecification","valueRequired":true,"valueName":"search_term_string"}}],"inLanguage":"es"},{"@type":"Organization","@id":"https:\/\/www.nexoinformativo.mx\/#organization","name":"Nexo Informativo Santiago de Quer\u00e9taro","url":"https:\/\/www.nexoinformativo.mx\/","logo":{"@type":"ImageObject","inLanguage":"es","@id":"https:\/\/www.nexoinformativo.mx\/#\/schema\/logo\/image\/","url":"https:\/\/www.nexoinformativo.mx\/wp-content\/uploads\/2024\/07\/nexoi-trasparente-2.png","contentUrl":"https:\/\/www.nexoinformativo.mx\/wp-content\/uploads\/2024\/07\/nexoi-trasparente-2.png","width":816,"height":339,"caption":"Nexo Informativo Santiago de Quer\u00e9taro"},"image":{"@id":"https:\/\/www.nexoinformativo.mx\/#\/schema\/logo\/image\/"},"sameAs":["https:\/\/www.facebook.com\/people\/Nexo-Informativo\/61564066885511\/"]},{"@type":"Person","@id":"https:\/\/www.nexoinformativo.mx\/#\/schema\/person\/7749d380ba08c8ca00d7bc76fd907b7d","name":"Nexo Informativo","image":{"@type":"ImageObject","inLanguage":"es","@id":"https:\/\/www.nexoinformativo.mx\/#\/schema\/person\/image\/","url":"https:\/\/secure.gravatar.com\/avatar\/dde2928154642a13d95f87ddf1ea9718fe2b46760a005c53e41ff5ad610704e6?s=96&d=mm&r=g","contentUrl":"https:\/\/secure.gravatar.com\/avatar\/dde2928154642a13d95f87ddf1ea9718fe2b46760a005c53e41ff5ad610704e6?s=96&d=mm&r=g","caption":"Nexo Informativo"},"url":"https:\/\/www.nexoinformativo.mx\/index.php\/author\/edicion\/"}]}},"_links":{"self":[{"href":"https:\/\/www.nexoinformativo.mx\/index.php\/wp-json\/wp\/v2\/posts\/16169","targetHints":{"allow":["GET"]}}],"collection":[{"href":"https:\/\/www.nexoinformativo.mx\/index.php\/wp-json\/wp\/v2\/posts"}],"about":[{"href":"https:\/\/www.nexoinformativo.mx\/index.php\/wp-json\/wp\/v2\/types\/post"}],"author":[{"embeddable":true,"href":"https:\/\/www.nexoinformativo.mx\/index.php\/wp-json\/wp\/v2\/users\/3"}],"replies":[{"embeddable":true,"href":"https:\/\/www.nexoinformativo.mx\/index.php\/wp-json\/wp\/v2\/comments?post=16169"}],"version-history":[{"count":4,"href":"https:\/\/www.nexoinformativo.mx\/index.php\/wp-json\/wp\/v2\/posts\/16169\/revisions"}],"predecessor-version":[{"id":16174,"href":"https:\/\/www.nexoinformativo.mx\/index.php\/wp-json\/wp\/v2\/posts\/16169\/revisions\/16174"}],"wp:featuredmedia":[{"embeddable":true,"href":"https:\/\/www.nexoinformativo.mx\/index.php\/wp-json\/wp\/v2\/media\/16170"}],"wp:attachment":[{"href":"https:\/\/www.nexoinformativo.mx\/index.php\/wp-json\/wp\/v2\/media?parent=16169"}],"wp:term":[{"taxonomy":"category","embeddable":true,"href":"https:\/\/www.nexoinformativo.mx\/index.php\/wp-json\/wp\/v2\/categories?post=16169"},{"taxonomy":"post_tag","embeddable":true,"href":"https:\/\/www.nexoinformativo.mx\/index.php\/wp-json\/wp\/v2\/tags?post=16169"}],"curies":[{"name":"wp","href":"https:\/\/api.w.org\/{rel}","templated":true}]}}