{"id":16182,"date":"2025-06-26T12:00:37","date_gmt":"2025-06-26T18:00:37","guid":{"rendered":"https:\/\/www.nexoinformativo.mx\/?p=16182"},"modified":"2025-06-26T13:45:11","modified_gmt":"2025-06-26T19:45:11","slug":"pan-busca-abrir-sus-puertas-proponen-simplificar-la-afiliacion-para-nuevos-militantes","status":"publish","type":"post","link":"https:\/\/www.nexoinformativo.mx\/index.php\/2025\/06\/26\/pan-busca-abrir-sus-puertas-proponen-simplificar-la-afiliacion-para-nuevos-militantes\/","title":{"rendered":"PAN busca abrir sus puertas proponen simplificar la afiliaci\u00f3n para nuevos militantes"},"content":{"rendered":"<p style=\"text-align: justify;\">El Partido Acci\u00f3n Nacional (PAN) se alista para una importante renovaci\u00f3n de sus estatutos, un proceso que se llevar\u00e1 a cabo de julio a septiembre. Mart\u00edn Arango, presidente del Comit\u00e9 Directivo Estatal del partido en Quer\u00e9taro, adelant\u00f3 que uno de los objetivos clave es establecer requisitos m\u00e1s flexibles para quienes deseen unirse a las filas panistas.<\/p>\n<p>&nbsp;<\/p>\n<p style=\"text-align: justify;\">&#8220;Lo que vamos a proponerle a la Comisi\u00f3n Redactora, y en su momento a la Asamblea Nacional, es la facilitaci\u00f3n de los procedimientos para que el ciudadano que desee y aspire ser militante de Acci\u00f3n Nacional no tenga ninguna restricci\u00f3n para poderlo hacer y que baste su simple manifestaci\u00f3n de formar parte de nuestra instituci\u00f3n para que quede afiliado\u201d, explic\u00f3 Arango Garc\u00eda.<\/p>\n<p>&nbsp;<\/p>\n<p style=\"text-align: justify;\">Esta propuesta busca reformar al partido y responder a los resultados del pasado proceso electoral, donde el PAN perdi\u00f3 la Presidencia de la Rep\u00fablica por un amplio margen. Uno de los aspectos para esta &#8220;refundaci\u00f3n&#8221; es lograr que m\u00e1s ciudadanos se unan al partido, ya que anteriormente el proceso de afiliaci\u00f3n resultaba complicado.<\/p>\n<p>&nbsp;<\/p>\n<p style=\"text-align: justify;\">Mart\u00edn Arango detall\u00f3 que la renovaci\u00f3n de los estatutos est\u00e1 a cargo de una Comisi\u00f3n Redactora. Por parte de Quer\u00e9taro, participar\u00e1n en estos trabajos Josu\u00e9 Guerrero Tr\u00e1pala, actual alcalde de Corregidora, y Ana Paola L\u00f3pez Birlain, secretaria de Cultura.<\/p>\n<p>&nbsp;<\/p>\n<p style=\"text-align: center;\"><em><strong>\u00a1Informaci\u00f3n que transforma!<\/strong><\/em><\/p>\n","protected":false},"excerpt":{"rendered":"<p>El Partido Acci\u00f3n Nacional (PAN) se alista para una importante renovaci\u00f3n de sus estatutos, un proceso que se llevar\u00e1 a cabo de julio a septiembre. Mart\u00edn Arango, presidente del Comit\u00e9 Directivo Estatal del partido en Quer\u00e9taro, adelant\u00f3 que uno de los objetivos clave es establecer requisitos m\u00e1s flexibles para quienes deseen unirse a las filas panistas.<\/p>\n","protected":false},"author":3,"featured_media":16184,"comment_status":"open","ping_status":"open","sticky":false,"template":"","format":"standard","meta":{"footnotes":""},"categories":[42,21,58],"tags":[4866,4865,133,3387],"class_list":["post-16182","post","type-post","status-publish","format-standard","has-post-thumbnail","hentry","category-estado","category-politica","category-ultima-hora","tag-afiliacionpan","tag-pan","tag-queretaro","tag-renovacionpolitica"],"yoast_head":"<!-- This site is optimized with the Yoast SEO plugin v25.0 - https:\/\/yoast.com\/wordpress\/plugins\/seo\/ -->\n<title>PAN busca abrir sus puertas proponen simplificar la afiliaci\u00f3n para nuevos militantes | Nexo Informativo Santiago de Quer\u00e9taro<\/title>\n<meta name=\"description\" content=\"PAN busca abrir sus puertas proponen simplificar la afiliaci\u00f3n para nuevos militantes\" \/>\n<meta name=\"robots\" content=\"index, follow, max-snippet:-1, max-image-preview:large, max-video-preview:-1\" \/>\n<link rel=\"canonical\" href=\"https:\/\/www.nexoinformativo.mx\/index.php\/2025\/06\/26\/pan-busca-abrir-sus-puertas-proponen-simplificar-la-afiliacion-para-nuevos-militantes\/\" \/>\n<meta property=\"og:locale\" content=\"es_MX\" \/>\n<meta property=\"og:type\" content=\"article\" \/>\n<meta property=\"og:title\" content=\"PAN busca abrir sus puertas proponen simplificar la afiliaci\u00f3n para nuevos militantes | Nexo Informativo Santiago de Quer\u00e9taro\" \/>\n<meta property=\"og:description\" content=\"PAN busca abrir sus puertas proponen simplificar la afiliaci\u00f3n para nuevos militantes\" \/>\n<meta property=\"og:url\" content=\"https:\/\/www.nexoinformativo.mx\/index.php\/2025\/06\/26\/pan-busca-abrir-sus-puertas-proponen-simplificar-la-afiliacion-para-nuevos-militantes\/\" \/>\n<meta property=\"og:site_name\" content=\"Nexo Informativo Santiago de Quer\u00e9taro\" \/>\n<meta property=\"article:publisher\" content=\"https:\/\/www.facebook.com\/people\/Nexo-Informativo\/61564066885511\/\" \/>\n<meta property=\"article:published_time\" content=\"2025-06-26T18:00:37+00:00\" \/>\n<meta property=\"article:modified_time\" content=\"2025-06-26T19:45:11+00:00\" \/>\n<meta property=\"og:image\" content=\"https:\/\/www.nexoinformativo.mx\/wp-content\/uploads\/2025\/06\/PHOTO-2025-06-26-12-10-55-e1750967028439.jpg\" \/>\n\t<meta property=\"og:image:width\" content=\"800\" \/>\n\t<meta property=\"og:image:height\" content=\"600\" \/>\n\t<meta property=\"og:image:type\" content=\"image\/jpeg\" \/>\n<meta name=\"author\" content=\"Nexo Informativo\" \/>\n<meta name=\"twitter:card\" content=\"summary_large_image\" \/>\n<meta name=\"twitter:label1\" content=\"Escrito por\" \/>\n\t<meta name=\"twitter:data1\" content=\"Nexo Informativo\" \/>\n\t<meta name=\"twitter:label2\" content=\"Tiempo de lectura\" \/>\n\t<meta name=\"twitter:data2\" content=\"2 minutos\" \/>\n<script type=\"application\/ld+json\" class=\"yoast-schema-graph\">{\"@context\":\"https:\/\/schema.org\",\"@graph\":[{\"@type\":\"Article\",\"@id\":\"https:\/\/www.nexoinformativo.mx\/index.php\/2025\/06\/26\/pan-busca-abrir-sus-puertas-proponen-simplificar-la-afiliacion-para-nuevos-militantes\/#article\",\"isPartOf\":{\"@id\":\"https:\/\/www.nexoinformativo.mx\/index.php\/2025\/06\/26\/pan-busca-abrir-sus-puertas-proponen-simplificar-la-afiliacion-para-nuevos-militantes\/\"},\"author\":{\"name\":\"Nexo Informativo\",\"@id\":\"https:\/\/www.nexoinformativo.mx\/#\/schema\/person\/7749d380ba08c8ca00d7bc76fd907b7d\"},\"headline\":\"PAN busca abrir sus puertas proponen simplificar la afiliaci\u00f3n para nuevos militantes\",\"datePublished\":\"2025-06-26T18:00:37+00:00\",\"dateModified\":\"2025-06-26T19:45:11+00:00\",\"mainEntityOfPage\":{\"@id\":\"https:\/\/www.nexoinformativo.mx\/index.php\/2025\/06\/26\/pan-busca-abrir-sus-puertas-proponen-simplificar-la-afiliacion-para-nuevos-militantes\/\"},\"wordCount\":254,\"commentCount\":0,\"publisher\":{\"@id\":\"https:\/\/www.nexoinformativo.mx\/#organization\"},\"image\":{\"@id\":\"https:\/\/www.nexoinformativo.mx\/index.php\/2025\/06\/26\/pan-busca-abrir-sus-puertas-proponen-simplificar-la-afiliacion-para-nuevos-militantes\/#primaryimage\"},\"thumbnailUrl\":\"https:\/\/www.nexoinformativo.mx\/wp-content\/uploads\/2025\/06\/PHOTO-2025-06-26-12-10-55-e1750967028439.jpg\",\"keywords\":[\"Afiliaci\u00f3nPAN\",\"PAN\",\"Quer\u00e9taro\",\"Renovaci\u00f3nPol\u00edtica\"],\"articleSection\":[\"Estado\",\"Pol\u00edtica\",\"\u00daltima Hora\"],\"inLanguage\":\"es\",\"potentialAction\":[{\"@type\":\"CommentAction\",\"name\":\"Comment\",\"target\":[\"https:\/\/www.nexoinformativo.mx\/index.php\/2025\/06\/26\/pan-busca-abrir-sus-puertas-proponen-simplificar-la-afiliacion-para-nuevos-militantes\/#respond\"]}]},{\"@type\":\"WebPage\",\"@id\":\"https:\/\/www.nexoinformativo.mx\/index.php\/2025\/06\/26\/pan-busca-abrir-sus-puertas-proponen-simplificar-la-afiliacion-para-nuevos-militantes\/\",\"url\":\"https:\/\/www.nexoinformativo.mx\/index.php\/2025\/06\/26\/pan-busca-abrir-sus-puertas-proponen-simplificar-la-afiliacion-para-nuevos-militantes\/\",\"name\":\"PAN busca abrir sus puertas proponen simplificar la afiliaci\u00f3n para nuevos militantes | Nexo Informativo Santiago de Quer\u00e9taro\",\"isPartOf\":{\"@id\":\"https:\/\/www.nexoinformativo.mx\/#website\"},\"primaryImageOfPage\":{\"@id\":\"https:\/\/www.nexoinformativo.mx\/index.php\/2025\/06\/26\/pan-busca-abrir-sus-puertas-proponen-simplificar-la-afiliacion-para-nuevos-militantes\/#primaryimage\"},\"image\":{\"@id\":\"https:\/\/www.nexoinformativo.mx\/index.php\/2025\/06\/26\/pan-busca-abrir-sus-puertas-proponen-simplificar-la-afiliacion-para-nuevos-militantes\/#primaryimage\"},\"thumbnailUrl\":\"https:\/\/www.nexoinformativo.mx\/wp-content\/uploads\/2025\/06\/PHOTO-2025-06-26-12-10-55-e1750967028439.jpg\",\"datePublished\":\"2025-06-26T18:00:37+00:00\",\"dateModified\":\"2025-06-26T19:45:11+00:00\",\"description\":\"PAN busca abrir sus puertas proponen simplificar la afiliaci\u00f3n para nuevos militantes\",\"breadcrumb\":{\"@id\":\"https:\/\/www.nexoinformativo.mx\/index.php\/2025\/06\/26\/pan-busca-abrir-sus-puertas-proponen-simplificar-la-afiliacion-para-nuevos-militantes\/#breadcrumb\"},\"inLanguage\":\"es\",\"potentialAction\":[{\"@type\":\"ReadAction\",\"target\":[\"https:\/\/www.nexoinformativo.mx\/index.php\/2025\/06\/26\/pan-busca-abrir-sus-puertas-proponen-simplificar-la-afiliacion-para-nuevos-militantes\/\"]}]},{\"@type\":\"ImageObject\",\"inLanguage\":\"es\",\"@id\":\"https:\/\/www.nexoinformativo.mx\/index.php\/2025\/06\/26\/pan-busca-abrir-sus-puertas-proponen-simplificar-la-afiliacion-para-nuevos-militantes\/#primaryimage\",\"url\":\"https:\/\/www.nexoinformativo.mx\/wp-content\/uploads\/2025\/06\/PHOTO-2025-06-26-12-10-55-e1750967028439.jpg\",\"contentUrl\":\"https:\/\/www.nexoinformativo.mx\/wp-content\/uploads\/2025\/06\/PHOTO-2025-06-26-12-10-55-e1750967028439.jpg\",\"width\":800,\"height\":600},{\"@type\":\"BreadcrumbList\",\"@id\":\"https:\/\/www.nexoinformativo.mx\/index.php\/2025\/06\/26\/pan-busca-abrir-sus-puertas-proponen-simplificar-la-afiliacion-para-nuevos-militantes\/#breadcrumb\",\"itemListElement\":[{\"@type\":\"ListItem\",\"position\":1,\"name\":\"Inicio\",\"item\":\"https:\/\/www.nexoinformativo.mx\/\"},{\"@type\":\"ListItem\",\"position\":2,\"name\":\"PAN busca abrir sus puertas proponen simplificar la afiliaci\u00f3n para nuevos militantes\"}]},{\"@type\":\"WebSite\",\"@id\":\"https:\/\/www.nexoinformativo.mx\/#website\",\"url\":\"https:\/\/www.nexoinformativo.mx\/\",\"name\":\"Nexo Informativo Santiago de Quer\u00e9taro\",\"description\":\"Explora NexoInformativo y convi\u00e9rtete en parte de una comunidad que valora el conocimiento y la verdad. Tu nexoinformativo es tu puente hacia una comprensi\u00f3n m\u00e1s profunda del mundo que te rodea.\",\"publisher\":{\"@id\":\"https:\/\/www.nexoinformativo.mx\/#organization\"},\"potentialAction\":[{\"@type\":\"SearchAction\",\"target\":{\"@type\":\"EntryPoint\",\"urlTemplate\":\"https:\/\/www.nexoinformativo.mx\/?s={search_term_string}\"},\"query-input\":{\"@type\":\"PropertyValueSpecification\",\"valueRequired\":true,\"valueName\":\"search_term_string\"}}],\"inLanguage\":\"es\"},{\"@type\":\"Organization\",\"@id\":\"https:\/\/www.nexoinformativo.mx\/#organization\",\"name\":\"Nexo Informativo Santiago de Quer\u00e9taro\",\"url\":\"https:\/\/www.nexoinformativo.mx\/\",\"logo\":{\"@type\":\"ImageObject\",\"inLanguage\":\"es\",\"@id\":\"https:\/\/www.nexoinformativo.mx\/#\/schema\/logo\/image\/\",\"url\":\"https:\/\/www.nexoinformativo.mx\/wp-content\/uploads\/2024\/07\/nexoi-trasparente-2.png\",\"contentUrl\":\"https:\/\/www.nexoinformativo.mx\/wp-content\/uploads\/2024\/07\/nexoi-trasparente-2.png\",\"width\":816,\"height\":339,\"caption\":\"Nexo Informativo Santiago de Quer\u00e9taro\"},\"image\":{\"@id\":\"https:\/\/www.nexoinformativo.mx\/#\/schema\/logo\/image\/\"},\"sameAs\":[\"https:\/\/www.facebook.com\/people\/Nexo-Informativo\/61564066885511\/\"]},{\"@type\":\"Person\",\"@id\":\"https:\/\/www.nexoinformativo.mx\/#\/schema\/person\/7749d380ba08c8ca00d7bc76fd907b7d\",\"name\":\"Nexo Informativo\",\"image\":{\"@type\":\"ImageObject\",\"inLanguage\":\"es\",\"@id\":\"https:\/\/www.nexoinformativo.mx\/#\/schema\/person\/image\/\",\"url\":\"https:\/\/secure.gravatar.com\/avatar\/dde2928154642a13d95f87ddf1ea9718fe2b46760a005c53e41ff5ad610704e6?s=96&d=mm&r=g\",\"contentUrl\":\"https:\/\/secure.gravatar.com\/avatar\/dde2928154642a13d95f87ddf1ea9718fe2b46760a005c53e41ff5ad610704e6?s=96&d=mm&r=g\",\"caption\":\"Nexo Informativo\"},\"url\":\"https:\/\/www.nexoinformativo.mx\/index.php\/author\/edicion\/\"}]}<\/script>\n<!-- \/ Yoast SEO plugin. -->","yoast_head_json":{"title":"PAN busca abrir sus puertas proponen simplificar la afiliaci\u00f3n para nuevos militantes | Nexo Informativo Santiago de Quer\u00e9taro","description":"PAN busca abrir sus puertas proponen simplificar la afiliaci\u00f3n para nuevos militantes","robots":{"index":"index","follow":"follow","max-snippet":"max-snippet:-1","max-image-preview":"max-image-preview:large","max-video-preview":"max-video-preview:-1"},"canonical":"https:\/\/www.nexoinformativo.mx\/index.php\/2025\/06\/26\/pan-busca-abrir-sus-puertas-proponen-simplificar-la-afiliacion-para-nuevos-militantes\/","og_locale":"es_MX","og_type":"article","og_title":"PAN busca abrir sus puertas proponen simplificar la afiliaci\u00f3n para nuevos militantes | Nexo Informativo Santiago de Quer\u00e9taro","og_description":"PAN busca abrir sus puertas proponen simplificar la afiliaci\u00f3n para nuevos militantes","og_url":"https:\/\/www.nexoinformativo.mx\/index.php\/2025\/06\/26\/pan-busca-abrir-sus-puertas-proponen-simplificar-la-afiliacion-para-nuevos-militantes\/","og_site_name":"Nexo Informativo Santiago de Quer\u00e9taro","article_publisher":"https:\/\/www.facebook.com\/people\/Nexo-Informativo\/61564066885511\/","article_published_time":"2025-06-26T18:00:37+00:00","article_modified_time":"2025-06-26T19:45:11+00:00","og_image":[{"width":800,"height":600,"url":"https:\/\/www.nexoinformativo.mx\/wp-content\/uploads\/2025\/06\/PHOTO-2025-06-26-12-10-55-e1750967028439.jpg","type":"image\/jpeg"}],"author":"Nexo Informativo","twitter_card":"summary_large_image","twitter_misc":{"Escrito por":"Nexo Informativo","Tiempo de lectura":"2 minutos"},"schema":{"@context":"https:\/\/schema.org","@graph":[{"@type":"Article","@id":"https:\/\/www.nexoinformativo.mx\/index.php\/2025\/06\/26\/pan-busca-abrir-sus-puertas-proponen-simplificar-la-afiliacion-para-nuevos-militantes\/#article","isPartOf":{"@id":"https:\/\/www.nexoinformativo.mx\/index.php\/2025\/06\/26\/pan-busca-abrir-sus-puertas-proponen-simplificar-la-afiliacion-para-nuevos-militantes\/"},"author":{"name":"Nexo Informativo","@id":"https:\/\/www.nexoinformativo.mx\/#\/schema\/person\/7749d380ba08c8ca00d7bc76fd907b7d"},"headline":"PAN busca abrir sus puertas proponen simplificar la afiliaci\u00f3n para nuevos militantes","datePublished":"2025-06-26T18:00:37+00:00","dateModified":"2025-06-26T19:45:11+00:00","mainEntityOfPage":{"@id":"https:\/\/www.nexoinformativo.mx\/index.php\/2025\/06\/26\/pan-busca-abrir-sus-puertas-proponen-simplificar-la-afiliacion-para-nuevos-militantes\/"},"wordCount":254,"commentCount":0,"publisher":{"@id":"https:\/\/www.nexoinformativo.mx\/#organization"},"image":{"@id":"https:\/\/www.nexoinformativo.mx\/index.php\/2025\/06\/26\/pan-busca-abrir-sus-puertas-proponen-simplificar-la-afiliacion-para-nuevos-militantes\/#primaryimage"},"thumbnailUrl":"https:\/\/www.nexoinformativo.mx\/wp-content\/uploads\/2025\/06\/PHOTO-2025-06-26-12-10-55-e1750967028439.jpg","keywords":["Afiliaci\u00f3nPAN","PAN","Quer\u00e9taro","Renovaci\u00f3nPol\u00edtica"],"articleSection":["Estado","Pol\u00edtica","\u00daltima Hora"],"inLanguage":"es","potentialAction":[{"@type":"CommentAction","name":"Comment","target":["https:\/\/www.nexoinformativo.mx\/index.php\/2025\/06\/26\/pan-busca-abrir-sus-puertas-proponen-simplificar-la-afiliacion-para-nuevos-militantes\/#respond"]}]},{"@type":"WebPage","@id":"https:\/\/www.nexoinformativo.mx\/index.php\/2025\/06\/26\/pan-busca-abrir-sus-puertas-proponen-simplificar-la-afiliacion-para-nuevos-militantes\/","url":"https:\/\/www.nexoinformativo.mx\/index.php\/2025\/06\/26\/pan-busca-abrir-sus-puertas-proponen-simplificar-la-afiliacion-para-nuevos-militantes\/","name":"PAN busca abrir sus puertas proponen simplificar la afiliaci\u00f3n para nuevos militantes | Nexo Informativo Santiago de Quer\u00e9taro","isPartOf":{"@id":"https:\/\/www.nexoinformativo.mx\/#website"},"primaryImageOfPage":{"@id":"https:\/\/www.nexoinformativo.mx\/index.php\/2025\/06\/26\/pan-busca-abrir-sus-puertas-proponen-simplificar-la-afiliacion-para-nuevos-militantes\/#primaryimage"},"image":{"@id":"https:\/\/www.nexoinformativo.mx\/index.php\/2025\/06\/26\/pan-busca-abrir-sus-puertas-proponen-simplificar-la-afiliacion-para-nuevos-militantes\/#primaryimage"},"thumbnailUrl":"https:\/\/www.nexoinformativo.mx\/wp-content\/uploads\/2025\/06\/PHOTO-2025-06-26-12-10-55-e1750967028439.jpg","datePublished":"2025-06-26T18:00:37+00:00","dateModified":"2025-06-26T19:45:11+00:00","description":"PAN busca abrir sus puertas proponen simplificar la afiliaci\u00f3n para nuevos militantes","breadcrumb":{"@id":"https:\/\/www.nexoinformativo.mx\/index.php\/2025\/06\/26\/pan-busca-abrir-sus-puertas-proponen-simplificar-la-afiliacion-para-nuevos-militantes\/#breadcrumb"},"inLanguage":"es","potentialAction":[{"@type":"ReadAction","target":["https:\/\/www.nexoinformativo.mx\/index.php\/2025\/06\/26\/pan-busca-abrir-sus-puertas-proponen-simplificar-la-afiliacion-para-nuevos-militantes\/"]}]},{"@type":"ImageObject","inLanguage":"es","@id":"https:\/\/www.nexoinformativo.mx\/index.php\/2025\/06\/26\/pan-busca-abrir-sus-puertas-proponen-simplificar-la-afiliacion-para-nuevos-militantes\/#primaryimage","url":"https:\/\/www.nexoinformativo.mx\/wp-content\/uploads\/2025\/06\/PHOTO-2025-06-26-12-10-55-e1750967028439.jpg","contentUrl":"https:\/\/www.nexoinformativo.mx\/wp-content\/uploads\/2025\/06\/PHOTO-2025-06-26-12-10-55-e1750967028439.jpg","width":800,"height":600},{"@type":"BreadcrumbList","@id":"https:\/\/www.nexoinformativo.mx\/index.php\/2025\/06\/26\/pan-busca-abrir-sus-puertas-proponen-simplificar-la-afiliacion-para-nuevos-militantes\/#breadcrumb","itemListElement":[{"@type":"ListItem","position":1,"name":"Inicio","item":"https:\/\/www.nexoinformativo.mx\/"},{"@type":"ListItem","position":2,"name":"PAN busca abrir sus puertas proponen simplificar la afiliaci\u00f3n para nuevos militantes"}]},{"@type":"WebSite","@id":"https:\/\/www.nexoinformativo.mx\/#website","url":"https:\/\/www.nexoinformativo.mx\/","name":"Nexo Informativo Santiago de Quer\u00e9taro","description":"Explora NexoInformativo y convi\u00e9rtete en parte de una comunidad que valora el conocimiento y la verdad. Tu nexoinformativo es tu puente hacia una comprensi\u00f3n m\u00e1s profunda del mundo que te rodea.","publisher":{"@id":"https:\/\/www.nexoinformativo.mx\/#organization"},"potentialAction":[{"@type":"SearchAction","target":{"@type":"EntryPoint","urlTemplate":"https:\/\/www.nexoinformativo.mx\/?s={search_term_string}"},"query-input":{"@type":"PropertyValueSpecification","valueRequired":true,"valueName":"search_term_string"}}],"inLanguage":"es"},{"@type":"Organization","@id":"https:\/\/www.nexoinformativo.mx\/#organization","name":"Nexo Informativo Santiago de Quer\u00e9taro","url":"https:\/\/www.nexoinformativo.mx\/","logo":{"@type":"ImageObject","inLanguage":"es","@id":"https:\/\/www.nexoinformativo.mx\/#\/schema\/logo\/image\/","url":"https:\/\/www.nexoinformativo.mx\/wp-content\/uploads\/2024\/07\/nexoi-trasparente-2.png","contentUrl":"https:\/\/www.nexoinformativo.mx\/wp-content\/uploads\/2024\/07\/nexoi-trasparente-2.png","width":816,"height":339,"caption":"Nexo Informativo Santiago de Quer\u00e9taro"},"image":{"@id":"https:\/\/www.nexoinformativo.mx\/#\/schema\/logo\/image\/"},"sameAs":["https:\/\/www.facebook.com\/people\/Nexo-Informativo\/61564066885511\/"]},{"@type":"Person","@id":"https:\/\/www.nexoinformativo.mx\/#\/schema\/person\/7749d380ba08c8ca00d7bc76fd907b7d","name":"Nexo Informativo","image":{"@type":"ImageObject","inLanguage":"es","@id":"https:\/\/www.nexoinformativo.mx\/#\/schema\/person\/image\/","url":"https:\/\/secure.gravatar.com\/avatar\/dde2928154642a13d95f87ddf1ea9718fe2b46760a005c53e41ff5ad610704e6?s=96&d=mm&r=g","contentUrl":"https:\/\/secure.gravatar.com\/avatar\/dde2928154642a13d95f87ddf1ea9718fe2b46760a005c53e41ff5ad610704e6?s=96&d=mm&r=g","caption":"Nexo Informativo"},"url":"https:\/\/www.nexoinformativo.mx\/index.php\/author\/edicion\/"}]}},"_links":{"self":[{"href":"https:\/\/www.nexoinformativo.mx\/index.php\/wp-json\/wp\/v2\/posts\/16182","targetHints":{"allow":["GET"]}}],"collection":[{"href":"https:\/\/www.nexoinformativo.mx\/index.php\/wp-json\/wp\/v2\/posts"}],"about":[{"href":"https:\/\/www.nexoinformativo.mx\/index.php\/wp-json\/wp\/v2\/types\/post"}],"author":[{"embeddable":true,"href":"https:\/\/www.nexoinformativo.mx\/index.php\/wp-json\/wp\/v2\/users\/3"}],"replies":[{"embeddable":true,"href":"https:\/\/www.nexoinformativo.mx\/index.php\/wp-json\/wp\/v2\/comments?post=16182"}],"version-history":[{"count":4,"href":"https:\/\/www.nexoinformativo.mx\/index.php\/wp-json\/wp\/v2\/posts\/16182\/revisions"}],"predecessor-version":[{"id":16187,"href":"https:\/\/www.nexoinformativo.mx\/index.php\/wp-json\/wp\/v2\/posts\/16182\/revisions\/16187"}],"wp:featuredmedia":[{"embeddable":true,"href":"https:\/\/www.nexoinformativo.mx\/index.php\/wp-json\/wp\/v2\/media\/16184"}],"wp:attachment":[{"href":"https:\/\/www.nexoinformativo.mx\/index.php\/wp-json\/wp\/v2\/media?parent=16182"}],"wp:term":[{"taxonomy":"category","embeddable":true,"href":"https:\/\/www.nexoinformativo.mx\/index.php\/wp-json\/wp\/v2\/categories?post=16182"},{"taxonomy":"post_tag","embeddable":true,"href":"https:\/\/www.nexoinformativo.mx\/index.php\/wp-json\/wp\/v2\/tags?post=16182"}],"curies":[{"name":"wp","href":"https:\/\/api.w.org\/{rel}","templated":true}]}}