{"id":16189,"date":"2025-06-26T13:00:53","date_gmt":"2025-06-26T19:00:53","guid":{"rendered":"https:\/\/www.nexoinformativo.mx\/?p=16189"},"modified":"2025-06-26T13:56:45","modified_gmt":"2025-06-26T19:56:45","slug":"paris-air-show-impulsa-a-queretaro-se-anuncian-millonarios-proyectos-y-miles-de-empleos-en-sector-aeroespacial","status":"publish","type":"post","link":"https:\/\/www.nexoinformativo.mx\/index.php\/2025\/06\/26\/paris-air-show-impulsa-a-queretaro-se-anuncian-millonarios-proyectos-y-miles-de-empleos-en-sector-aeroespacial\/","title":{"rendered":"Par\u00eds Air Show impulsa a Quer\u00e9taro se anuncian millonarios proyectos y miles de empleos en sector aeroespacial"},"content":{"rendered":"<p style=\"text-align: justify;\">La participaci\u00f3n de Quer\u00e9taro en la feria internacional Paris Air Show 2025 ha rendido frutos. El titular de la Secretar\u00eda de Desarrollo Sustentable (SEDESU), Marco Antonio Del Prete, anunci\u00f3 hoy que se concretaron 10 nuevos proyectos de inversi\u00f3n privada y cinco ampliaciones de empresas ya establecidas en el estado.<\/p>\n<p>&nbsp;<\/p>\n<p style=\"text-align: justify;\">La delegaci\u00f3n queretana, liderada por Del Prete, sostuvo reuniones estrat\u00e9gicas con compa\u00f1\u00edas l\u00edderes del sector aeron\u00e1utico. Estas gestiones resultaron en citas de negocios exitosas, nuevas alianzas comerciales y la firma de convenios que consolidar\u00e1n la posici\u00f3n de Quer\u00e9taro como uno de los principales centros aeroespaciales de Am\u00e9rica Latina.<\/p>\n<p>&nbsp;<\/p>\n<p style=\"text-align: justify;\">&#8220;En su mayor\u00eda, estos proyectos est\u00e1n relacionados con actividades de mantenimiento, reparaci\u00f3n y manufactura de componentes aeroespaciales\u201d, detall\u00f3 el secretario.<\/p>\n<p>&nbsp;<\/p>\n<p style=\"text-align: justify;\">Del Prete tambi\u00e9n inform\u00f3 que, en lo que va del a\u00f1o, Quer\u00e9taro ha concretado un total de 27 proyectos de inversi\u00f3n privada. Esto acerca al estado a su meta de m\u00e1s de 50 proyectos para 2025, los cuales se estima que generar\u00e1n alrededor de 18,000 nuevos empleos y representar\u00e1n una inversi\u00f3n de 80 mil millones de pesos.<\/p>\n<p>&nbsp;<\/p>\n<p style=\"text-align: justify;\">Los resultados obtenidos en Par\u00eds, seg\u00fan el funcionario, reafirman el posicionamiento estrat\u00e9gico de Quer\u00e9taro en la industria aeroespacial y su notable capacidad para atraer capital productivo, innovaci\u00f3n y talento especializado.<\/p>\n<p>&nbsp;<\/p>\n<p style=\"text-align: center;\"><em><strong>\u00a1Informaci\u00f3n que transforma!<\/strong><\/em><\/p>\n","protected":false},"excerpt":{"rendered":"<p>La participaci\u00f3n de Quer\u00e9taro en la feria internacional Paris Air Show 2025 ha rendido frutos. El titular de la Secretar\u00eda de Desarrollo Sustentable (SEDESU), Marco Antonio Del Prete, anunci\u00f3 hoy que se concretaron 10 nuevos proyectos de inversi\u00f3n privada y cinco ampliaciones de empresas ya establecidas en el estado.<\/p>\n","protected":false},"author":3,"featured_media":16190,"comment_status":"open","ping_status":"open","sticky":false,"template":"","format":"standard","meta":{"footnotes":""},"categories":[5,42,58],"tags":[3761,4868,4867,1876],"class_list":["post-16189","post","type-post","status-publish","format-standard","has-post-thumbnail","hentry","category-economia","category-estado","category-ultima-hora","tag-inversionqro","tag-parisairshow","tag-qroaeroespacial","tag-sedesu"],"yoast_head":"<!-- This site is optimized with the Yoast SEO plugin v25.0 - https:\/\/yoast.com\/wordpress\/plugins\/seo\/ -->\n<title>Par\u00eds Air Show impulsa a Quer\u00e9taro se anuncian millonarios proyectos y miles de empleos en sector aeroespacial | Nexo Informativo Santiago de Quer\u00e9taro<\/title>\n<meta name=\"description\" content=\"Par\u00eds Air Show impulsa a Quer\u00e9taro se anuncian millonarios proyectos y miles de empleos en sector aeroespacial\" \/>\n<meta name=\"robots\" content=\"index, follow, max-snippet:-1, max-image-preview:large, max-video-preview:-1\" \/>\n<link rel=\"canonical\" href=\"https:\/\/www.nexoinformativo.mx\/index.php\/2025\/06\/26\/paris-air-show-impulsa-a-queretaro-se-anuncian-millonarios-proyectos-y-miles-de-empleos-en-sector-aeroespacial\/\" \/>\n<meta property=\"og:locale\" content=\"es_MX\" \/>\n<meta property=\"og:type\" content=\"article\" \/>\n<meta property=\"og:title\" content=\"Par\u00eds Air Show impulsa a Quer\u00e9taro se anuncian millonarios proyectos y miles de empleos en sector aeroespacial | Nexo Informativo Santiago de Quer\u00e9taro\" \/>\n<meta property=\"og:description\" content=\"Par\u00eds Air Show impulsa a Quer\u00e9taro se anuncian millonarios proyectos y miles de empleos en sector aeroespacial\" \/>\n<meta property=\"og:url\" content=\"https:\/\/www.nexoinformativo.mx\/index.php\/2025\/06\/26\/paris-air-show-impulsa-a-queretaro-se-anuncian-millonarios-proyectos-y-miles-de-empleos-en-sector-aeroespacial\/\" \/>\n<meta property=\"og:site_name\" content=\"Nexo Informativo Santiago de Quer\u00e9taro\" \/>\n<meta property=\"article:publisher\" content=\"https:\/\/www.facebook.com\/people\/Nexo-Informativo\/61564066885511\/\" \/>\n<meta property=\"article:published_time\" content=\"2025-06-26T19:00:53+00:00\" \/>\n<meta property=\"article:modified_time\" content=\"2025-06-26T19:56:45+00:00\" \/>\n<meta property=\"og:image\" content=\"https:\/\/www.nexoinformativo.mx\/wp-content\/uploads\/2025\/06\/PHOTO-2025-06-26-13-25-30-e1750967753837.jpg\" \/>\n\t<meta property=\"og:image:width\" content=\"800\" \/>\n\t<meta property=\"og:image:height\" content=\"588\" \/>\n\t<meta property=\"og:image:type\" content=\"image\/jpeg\" \/>\n<meta name=\"author\" content=\"Nexo Informativo\" \/>\n<meta name=\"twitter:card\" content=\"summary_large_image\" \/>\n<meta name=\"twitter:label1\" content=\"Escrito por\" \/>\n\t<meta name=\"twitter:data1\" content=\"Nexo Informativo\" \/>\n\t<meta name=\"twitter:label2\" content=\"Tiempo de lectura\" \/>\n\t<meta name=\"twitter:data2\" content=\"2 minutos\" \/>\n<script type=\"application\/ld+json\" class=\"yoast-schema-graph\">{\"@context\":\"https:\/\/schema.org\",\"@graph\":[{\"@type\":\"Article\",\"@id\":\"https:\/\/www.nexoinformativo.mx\/index.php\/2025\/06\/26\/paris-air-show-impulsa-a-queretaro-se-anuncian-millonarios-proyectos-y-miles-de-empleos-en-sector-aeroespacial\/#article\",\"isPartOf\":{\"@id\":\"https:\/\/www.nexoinformativo.mx\/index.php\/2025\/06\/26\/paris-air-show-impulsa-a-queretaro-se-anuncian-millonarios-proyectos-y-miles-de-empleos-en-sector-aeroespacial\/\"},\"author\":{\"name\":\"Nexo Informativo\",\"@id\":\"https:\/\/www.nexoinformativo.mx\/#\/schema\/person\/7749d380ba08c8ca00d7bc76fd907b7d\"},\"headline\":\"Par\u00eds Air Show impulsa a Quer\u00e9taro se anuncian millonarios proyectos y miles de empleos en sector aeroespacial\",\"datePublished\":\"2025-06-26T19:00:53+00:00\",\"dateModified\":\"2025-06-26T19:56:45+00:00\",\"mainEntityOfPage\":{\"@id\":\"https:\/\/www.nexoinformativo.mx\/index.php\/2025\/06\/26\/paris-air-show-impulsa-a-queretaro-se-anuncian-millonarios-proyectos-y-miles-de-empleos-en-sector-aeroespacial\/\"},\"wordCount\":254,\"commentCount\":0,\"publisher\":{\"@id\":\"https:\/\/www.nexoinformativo.mx\/#organization\"},\"image\":{\"@id\":\"https:\/\/www.nexoinformativo.mx\/index.php\/2025\/06\/26\/paris-air-show-impulsa-a-queretaro-se-anuncian-millonarios-proyectos-y-miles-de-empleos-en-sector-aeroespacial\/#primaryimage\"},\"thumbnailUrl\":\"https:\/\/www.nexoinformativo.mx\/wp-content\/uploads\/2025\/06\/PHOTO-2025-06-26-13-25-30-e1750967753837.jpg\",\"keywords\":[\"Inversi\u00f3nQro\",\"ParisAirShow\",\"QroAeroespacial\",\"SEDESU\"],\"articleSection\":[\"Econom\u00eda\",\"Estado\",\"\u00daltima Hora\"],\"inLanguage\":\"es\",\"potentialAction\":[{\"@type\":\"CommentAction\",\"name\":\"Comment\",\"target\":[\"https:\/\/www.nexoinformativo.mx\/index.php\/2025\/06\/26\/paris-air-show-impulsa-a-queretaro-se-anuncian-millonarios-proyectos-y-miles-de-empleos-en-sector-aeroespacial\/#respond\"]}]},{\"@type\":\"WebPage\",\"@id\":\"https:\/\/www.nexoinformativo.mx\/index.php\/2025\/06\/26\/paris-air-show-impulsa-a-queretaro-se-anuncian-millonarios-proyectos-y-miles-de-empleos-en-sector-aeroespacial\/\",\"url\":\"https:\/\/www.nexoinformativo.mx\/index.php\/2025\/06\/26\/paris-air-show-impulsa-a-queretaro-se-anuncian-millonarios-proyectos-y-miles-de-empleos-en-sector-aeroespacial\/\",\"name\":\"Par\u00eds Air Show impulsa a Quer\u00e9taro se anuncian millonarios proyectos y miles de empleos en sector aeroespacial | Nexo Informativo Santiago de Quer\u00e9taro\",\"isPartOf\":{\"@id\":\"https:\/\/www.nexoinformativo.mx\/#website\"},\"primaryImageOfPage\":{\"@id\":\"https:\/\/www.nexoinformativo.mx\/index.php\/2025\/06\/26\/paris-air-show-impulsa-a-queretaro-se-anuncian-millonarios-proyectos-y-miles-de-empleos-en-sector-aeroespacial\/#primaryimage\"},\"image\":{\"@id\":\"https:\/\/www.nexoinformativo.mx\/index.php\/2025\/06\/26\/paris-air-show-impulsa-a-queretaro-se-anuncian-millonarios-proyectos-y-miles-de-empleos-en-sector-aeroespacial\/#primaryimage\"},\"thumbnailUrl\":\"https:\/\/www.nexoinformativo.mx\/wp-content\/uploads\/2025\/06\/PHOTO-2025-06-26-13-25-30-e1750967753837.jpg\",\"datePublished\":\"2025-06-26T19:00:53+00:00\",\"dateModified\":\"2025-06-26T19:56:45+00:00\",\"description\":\"Par\u00eds Air Show impulsa a Quer\u00e9taro se anuncian millonarios proyectos y miles de empleos en sector aeroespacial\",\"breadcrumb\":{\"@id\":\"https:\/\/www.nexoinformativo.mx\/index.php\/2025\/06\/26\/paris-air-show-impulsa-a-queretaro-se-anuncian-millonarios-proyectos-y-miles-de-empleos-en-sector-aeroespacial\/#breadcrumb\"},\"inLanguage\":\"es\",\"potentialAction\":[{\"@type\":\"ReadAction\",\"target\":[\"https:\/\/www.nexoinformativo.mx\/index.php\/2025\/06\/26\/paris-air-show-impulsa-a-queretaro-se-anuncian-millonarios-proyectos-y-miles-de-empleos-en-sector-aeroespacial\/\"]}]},{\"@type\":\"ImageObject\",\"inLanguage\":\"es\",\"@id\":\"https:\/\/www.nexoinformativo.mx\/index.php\/2025\/06\/26\/paris-air-show-impulsa-a-queretaro-se-anuncian-millonarios-proyectos-y-miles-de-empleos-en-sector-aeroespacial\/#primaryimage\",\"url\":\"https:\/\/www.nexoinformativo.mx\/wp-content\/uploads\/2025\/06\/PHOTO-2025-06-26-13-25-30-e1750967753837.jpg\",\"contentUrl\":\"https:\/\/www.nexoinformativo.mx\/wp-content\/uploads\/2025\/06\/PHOTO-2025-06-26-13-25-30-e1750967753837.jpg\",\"width\":800,\"height\":588},{\"@type\":\"BreadcrumbList\",\"@id\":\"https:\/\/www.nexoinformativo.mx\/index.php\/2025\/06\/26\/paris-air-show-impulsa-a-queretaro-se-anuncian-millonarios-proyectos-y-miles-de-empleos-en-sector-aeroespacial\/#breadcrumb\",\"itemListElement\":[{\"@type\":\"ListItem\",\"position\":1,\"name\":\"Inicio\",\"item\":\"https:\/\/www.nexoinformativo.mx\/\"},{\"@type\":\"ListItem\",\"position\":2,\"name\":\"Par\u00eds Air Show impulsa a Quer\u00e9taro se anuncian millonarios proyectos y miles de empleos en sector aeroespacial\"}]},{\"@type\":\"WebSite\",\"@id\":\"https:\/\/www.nexoinformativo.mx\/#website\",\"url\":\"https:\/\/www.nexoinformativo.mx\/\",\"name\":\"Nexo Informativo Santiago de Quer\u00e9taro\",\"description\":\"Explora NexoInformativo y convi\u00e9rtete en parte de una comunidad que valora el conocimiento y la verdad. Tu nexoinformativo es tu puente hacia una comprensi\u00f3n m\u00e1s profunda del mundo que te rodea.\",\"publisher\":{\"@id\":\"https:\/\/www.nexoinformativo.mx\/#organization\"},\"potentialAction\":[{\"@type\":\"SearchAction\",\"target\":{\"@type\":\"EntryPoint\",\"urlTemplate\":\"https:\/\/www.nexoinformativo.mx\/?s={search_term_string}\"},\"query-input\":{\"@type\":\"PropertyValueSpecification\",\"valueRequired\":true,\"valueName\":\"search_term_string\"}}],\"inLanguage\":\"es\"},{\"@type\":\"Organization\",\"@id\":\"https:\/\/www.nexoinformativo.mx\/#organization\",\"name\":\"Nexo Informativo Santiago de Quer\u00e9taro\",\"url\":\"https:\/\/www.nexoinformativo.mx\/\",\"logo\":{\"@type\":\"ImageObject\",\"inLanguage\":\"es\",\"@id\":\"https:\/\/www.nexoinformativo.mx\/#\/schema\/logo\/image\/\",\"url\":\"https:\/\/www.nexoinformativo.mx\/wp-content\/uploads\/2024\/07\/nexoi-trasparente-2.png\",\"contentUrl\":\"https:\/\/www.nexoinformativo.mx\/wp-content\/uploads\/2024\/07\/nexoi-trasparente-2.png\",\"width\":816,\"height\":339,\"caption\":\"Nexo Informativo Santiago de Quer\u00e9taro\"},\"image\":{\"@id\":\"https:\/\/www.nexoinformativo.mx\/#\/schema\/logo\/image\/\"},\"sameAs\":[\"https:\/\/www.facebook.com\/people\/Nexo-Informativo\/61564066885511\/\"]},{\"@type\":\"Person\",\"@id\":\"https:\/\/www.nexoinformativo.mx\/#\/schema\/person\/7749d380ba08c8ca00d7bc76fd907b7d\",\"name\":\"Nexo Informativo\",\"image\":{\"@type\":\"ImageObject\",\"inLanguage\":\"es\",\"@id\":\"https:\/\/www.nexoinformativo.mx\/#\/schema\/person\/image\/\",\"url\":\"https:\/\/secure.gravatar.com\/avatar\/dde2928154642a13d95f87ddf1ea9718fe2b46760a005c53e41ff5ad610704e6?s=96&d=mm&r=g\",\"contentUrl\":\"https:\/\/secure.gravatar.com\/avatar\/dde2928154642a13d95f87ddf1ea9718fe2b46760a005c53e41ff5ad610704e6?s=96&d=mm&r=g\",\"caption\":\"Nexo Informativo\"},\"url\":\"https:\/\/www.nexoinformativo.mx\/index.php\/author\/edicion\/\"}]}<\/script>\n<!-- \/ Yoast SEO plugin. -->","yoast_head_json":{"title":"Par\u00eds Air Show impulsa a Quer\u00e9taro se anuncian millonarios proyectos y miles de empleos en sector aeroespacial | Nexo Informativo Santiago de Quer\u00e9taro","description":"Par\u00eds Air Show impulsa a Quer\u00e9taro se anuncian millonarios proyectos y miles de empleos en sector aeroespacial","robots":{"index":"index","follow":"follow","max-snippet":"max-snippet:-1","max-image-preview":"max-image-preview:large","max-video-preview":"max-video-preview:-1"},"canonical":"https:\/\/www.nexoinformativo.mx\/index.php\/2025\/06\/26\/paris-air-show-impulsa-a-queretaro-se-anuncian-millonarios-proyectos-y-miles-de-empleos-en-sector-aeroespacial\/","og_locale":"es_MX","og_type":"article","og_title":"Par\u00eds Air Show impulsa a Quer\u00e9taro se anuncian millonarios proyectos y miles de empleos en sector aeroespacial | Nexo Informativo Santiago de Quer\u00e9taro","og_description":"Par\u00eds Air Show impulsa a Quer\u00e9taro se anuncian millonarios proyectos y miles de empleos en sector aeroespacial","og_url":"https:\/\/www.nexoinformativo.mx\/index.php\/2025\/06\/26\/paris-air-show-impulsa-a-queretaro-se-anuncian-millonarios-proyectos-y-miles-de-empleos-en-sector-aeroespacial\/","og_site_name":"Nexo Informativo Santiago de Quer\u00e9taro","article_publisher":"https:\/\/www.facebook.com\/people\/Nexo-Informativo\/61564066885511\/","article_published_time":"2025-06-26T19:00:53+00:00","article_modified_time":"2025-06-26T19:56:45+00:00","og_image":[{"width":800,"height":588,"url":"https:\/\/www.nexoinformativo.mx\/wp-content\/uploads\/2025\/06\/PHOTO-2025-06-26-13-25-30-e1750967753837.jpg","type":"image\/jpeg"}],"author":"Nexo Informativo","twitter_card":"summary_large_image","twitter_misc":{"Escrito por":"Nexo Informativo","Tiempo de lectura":"2 minutos"},"schema":{"@context":"https:\/\/schema.org","@graph":[{"@type":"Article","@id":"https:\/\/www.nexoinformativo.mx\/index.php\/2025\/06\/26\/paris-air-show-impulsa-a-queretaro-se-anuncian-millonarios-proyectos-y-miles-de-empleos-en-sector-aeroespacial\/#article","isPartOf":{"@id":"https:\/\/www.nexoinformativo.mx\/index.php\/2025\/06\/26\/paris-air-show-impulsa-a-queretaro-se-anuncian-millonarios-proyectos-y-miles-de-empleos-en-sector-aeroespacial\/"},"author":{"name":"Nexo Informativo","@id":"https:\/\/www.nexoinformativo.mx\/#\/schema\/person\/7749d380ba08c8ca00d7bc76fd907b7d"},"headline":"Par\u00eds Air Show impulsa a Quer\u00e9taro se anuncian millonarios proyectos y miles de empleos en sector aeroespacial","datePublished":"2025-06-26T19:00:53+00:00","dateModified":"2025-06-26T19:56:45+00:00","mainEntityOfPage":{"@id":"https:\/\/www.nexoinformativo.mx\/index.php\/2025\/06\/26\/paris-air-show-impulsa-a-queretaro-se-anuncian-millonarios-proyectos-y-miles-de-empleos-en-sector-aeroespacial\/"},"wordCount":254,"commentCount":0,"publisher":{"@id":"https:\/\/www.nexoinformativo.mx\/#organization"},"image":{"@id":"https:\/\/www.nexoinformativo.mx\/index.php\/2025\/06\/26\/paris-air-show-impulsa-a-queretaro-se-anuncian-millonarios-proyectos-y-miles-de-empleos-en-sector-aeroespacial\/#primaryimage"},"thumbnailUrl":"https:\/\/www.nexoinformativo.mx\/wp-content\/uploads\/2025\/06\/PHOTO-2025-06-26-13-25-30-e1750967753837.jpg","keywords":["Inversi\u00f3nQro","ParisAirShow","QroAeroespacial","SEDESU"],"articleSection":["Econom\u00eda","Estado","\u00daltima Hora"],"inLanguage":"es","potentialAction":[{"@type":"CommentAction","name":"Comment","target":["https:\/\/www.nexoinformativo.mx\/index.php\/2025\/06\/26\/paris-air-show-impulsa-a-queretaro-se-anuncian-millonarios-proyectos-y-miles-de-empleos-en-sector-aeroespacial\/#respond"]}]},{"@type":"WebPage","@id":"https:\/\/www.nexoinformativo.mx\/index.php\/2025\/06\/26\/paris-air-show-impulsa-a-queretaro-se-anuncian-millonarios-proyectos-y-miles-de-empleos-en-sector-aeroespacial\/","url":"https:\/\/www.nexoinformativo.mx\/index.php\/2025\/06\/26\/paris-air-show-impulsa-a-queretaro-se-anuncian-millonarios-proyectos-y-miles-de-empleos-en-sector-aeroespacial\/","name":"Par\u00eds Air Show impulsa a Quer\u00e9taro se anuncian millonarios proyectos y miles de empleos en sector aeroespacial | Nexo Informativo Santiago de Quer\u00e9taro","isPartOf":{"@id":"https:\/\/www.nexoinformativo.mx\/#website"},"primaryImageOfPage":{"@id":"https:\/\/www.nexoinformativo.mx\/index.php\/2025\/06\/26\/paris-air-show-impulsa-a-queretaro-se-anuncian-millonarios-proyectos-y-miles-de-empleos-en-sector-aeroespacial\/#primaryimage"},"image":{"@id":"https:\/\/www.nexoinformativo.mx\/index.php\/2025\/06\/26\/paris-air-show-impulsa-a-queretaro-se-anuncian-millonarios-proyectos-y-miles-de-empleos-en-sector-aeroespacial\/#primaryimage"},"thumbnailUrl":"https:\/\/www.nexoinformativo.mx\/wp-content\/uploads\/2025\/06\/PHOTO-2025-06-26-13-25-30-e1750967753837.jpg","datePublished":"2025-06-26T19:00:53+00:00","dateModified":"2025-06-26T19:56:45+00:00","description":"Par\u00eds Air Show impulsa a Quer\u00e9taro se anuncian millonarios proyectos y miles de empleos en sector aeroespacial","breadcrumb":{"@id":"https:\/\/www.nexoinformativo.mx\/index.php\/2025\/06\/26\/paris-air-show-impulsa-a-queretaro-se-anuncian-millonarios-proyectos-y-miles-de-empleos-en-sector-aeroespacial\/#breadcrumb"},"inLanguage":"es","potentialAction":[{"@type":"ReadAction","target":["https:\/\/www.nexoinformativo.mx\/index.php\/2025\/06\/26\/paris-air-show-impulsa-a-queretaro-se-anuncian-millonarios-proyectos-y-miles-de-empleos-en-sector-aeroespacial\/"]}]},{"@type":"ImageObject","inLanguage":"es","@id":"https:\/\/www.nexoinformativo.mx\/index.php\/2025\/06\/26\/paris-air-show-impulsa-a-queretaro-se-anuncian-millonarios-proyectos-y-miles-de-empleos-en-sector-aeroespacial\/#primaryimage","url":"https:\/\/www.nexoinformativo.mx\/wp-content\/uploads\/2025\/06\/PHOTO-2025-06-26-13-25-30-e1750967753837.jpg","contentUrl":"https:\/\/www.nexoinformativo.mx\/wp-content\/uploads\/2025\/06\/PHOTO-2025-06-26-13-25-30-e1750967753837.jpg","width":800,"height":588},{"@type":"BreadcrumbList","@id":"https:\/\/www.nexoinformativo.mx\/index.php\/2025\/06\/26\/paris-air-show-impulsa-a-queretaro-se-anuncian-millonarios-proyectos-y-miles-de-empleos-en-sector-aeroespacial\/#breadcrumb","itemListElement":[{"@type":"ListItem","position":1,"name":"Inicio","item":"https:\/\/www.nexoinformativo.mx\/"},{"@type":"ListItem","position":2,"name":"Par\u00eds Air Show impulsa a Quer\u00e9taro se anuncian millonarios proyectos y miles de empleos en sector aeroespacial"}]},{"@type":"WebSite","@id":"https:\/\/www.nexoinformativo.mx\/#website","url":"https:\/\/www.nexoinformativo.mx\/","name":"Nexo Informativo Santiago de Quer\u00e9taro","description":"Explora NexoInformativo y convi\u00e9rtete en parte de una comunidad que valora el conocimiento y la verdad. Tu nexoinformativo es tu puente hacia una comprensi\u00f3n m\u00e1s profunda del mundo que te rodea.","publisher":{"@id":"https:\/\/www.nexoinformativo.mx\/#organization"},"potentialAction":[{"@type":"SearchAction","target":{"@type":"EntryPoint","urlTemplate":"https:\/\/www.nexoinformativo.mx\/?s={search_term_string}"},"query-input":{"@type":"PropertyValueSpecification","valueRequired":true,"valueName":"search_term_string"}}],"inLanguage":"es"},{"@type":"Organization","@id":"https:\/\/www.nexoinformativo.mx\/#organization","name":"Nexo Informativo Santiago de Quer\u00e9taro","url":"https:\/\/www.nexoinformativo.mx\/","logo":{"@type":"ImageObject","inLanguage":"es","@id":"https:\/\/www.nexoinformativo.mx\/#\/schema\/logo\/image\/","url":"https:\/\/www.nexoinformativo.mx\/wp-content\/uploads\/2024\/07\/nexoi-trasparente-2.png","contentUrl":"https:\/\/www.nexoinformativo.mx\/wp-content\/uploads\/2024\/07\/nexoi-trasparente-2.png","width":816,"height":339,"caption":"Nexo Informativo Santiago de Quer\u00e9taro"},"image":{"@id":"https:\/\/www.nexoinformativo.mx\/#\/schema\/logo\/image\/"},"sameAs":["https:\/\/www.facebook.com\/people\/Nexo-Informativo\/61564066885511\/"]},{"@type":"Person","@id":"https:\/\/www.nexoinformativo.mx\/#\/schema\/person\/7749d380ba08c8ca00d7bc76fd907b7d","name":"Nexo Informativo","image":{"@type":"ImageObject","inLanguage":"es","@id":"https:\/\/www.nexoinformativo.mx\/#\/schema\/person\/image\/","url":"https:\/\/secure.gravatar.com\/avatar\/dde2928154642a13d95f87ddf1ea9718fe2b46760a005c53e41ff5ad610704e6?s=96&d=mm&r=g","contentUrl":"https:\/\/secure.gravatar.com\/avatar\/dde2928154642a13d95f87ddf1ea9718fe2b46760a005c53e41ff5ad610704e6?s=96&d=mm&r=g","caption":"Nexo Informativo"},"url":"https:\/\/www.nexoinformativo.mx\/index.php\/author\/edicion\/"}]}},"_links":{"self":[{"href":"https:\/\/www.nexoinformativo.mx\/index.php\/wp-json\/wp\/v2\/posts\/16189","targetHints":{"allow":["GET"]}}],"collection":[{"href":"https:\/\/www.nexoinformativo.mx\/index.php\/wp-json\/wp\/v2\/posts"}],"about":[{"href":"https:\/\/www.nexoinformativo.mx\/index.php\/wp-json\/wp\/v2\/types\/post"}],"author":[{"embeddable":true,"href":"https:\/\/www.nexoinformativo.mx\/index.php\/wp-json\/wp\/v2\/users\/3"}],"replies":[{"embeddable":true,"href":"https:\/\/www.nexoinformativo.mx\/index.php\/wp-json\/wp\/v2\/comments?post=16189"}],"version-history":[{"count":3,"href":"https:\/\/www.nexoinformativo.mx\/index.php\/wp-json\/wp\/v2\/posts\/16189\/revisions"}],"predecessor-version":[{"id":16193,"href":"https:\/\/www.nexoinformativo.mx\/index.php\/wp-json\/wp\/v2\/posts\/16189\/revisions\/16193"}],"wp:featuredmedia":[{"embeddable":true,"href":"https:\/\/www.nexoinformativo.mx\/index.php\/wp-json\/wp\/v2\/media\/16190"}],"wp:attachment":[{"href":"https:\/\/www.nexoinformativo.mx\/index.php\/wp-json\/wp\/v2\/media?parent=16189"}],"wp:term":[{"taxonomy":"category","embeddable":true,"href":"https:\/\/www.nexoinformativo.mx\/index.php\/wp-json\/wp\/v2\/categories?post=16189"},{"taxonomy":"post_tag","embeddable":true,"href":"https:\/\/www.nexoinformativo.mx\/index.php\/wp-json\/wp\/v2\/tags?post=16189"}],"curies":[{"name":"wp","href":"https:\/\/api.w.org\/{rel}","templated":true}]}}