{"id":16195,"date":"2025-06-27T06:00:01","date_gmt":"2025-06-27T12:00:01","guid":{"rendered":"https:\/\/www.nexoinformativo.mx\/?p=16195"},"modified":"2025-06-27T07:36:02","modified_gmt":"2025-06-27T13:36:02","slug":"uteq-y-cultura-municipal-unen-fuerzas-certificaran-competencias-laborales-en-queretaro-a-bajo-costo","status":"publish","type":"post","link":"https:\/\/www.nexoinformativo.mx\/index.php\/2025\/06\/27\/uteq-y-cultura-municipal-unen-fuerzas-certificaran-competencias-laborales-en-queretaro-a-bajo-costo\/","title":{"rendered":"UTEQ y Cultura Municipal unen fuerzas certificar\u00e1n Competencias laborales en Quer\u00e9taro a bajo costo"},"content":{"rendered":"<p style=\"text-align: justify;\">Con el fin de reconocer formalmente las habilidades de los ciudadanos, la Universidad Tecnol\u00f3gica de Quer\u00e9taro (UTEQ) y la Secretar\u00eda de Cultura del Municipio de Quer\u00e9taro han firmado un importante convenio de colaboraci\u00f3n.<\/p>\n<\/p>\n<p>&nbsp;<\/p>\n<p style=\"text-align: justify;\">El rector de la UTEQ, Luis Fernando Pantoja, y la secretaria de Cultura Municipal, Daniela Salgado, concretaron esta alianza para que el Centro de Artes y Oficios de la capital se integre como evaluador del Consejo Nacional de Normalizaci\u00f3n y Certificaci\u00f3n de Competencias Laborales (CONOCER).<\/p>\n<\/p>\n<p>&nbsp;<\/p>\n<p style=\"text-align: justify;\">Esta alianza permitir\u00e1 que el Centro de Artes y Oficios, dirigido por Daesy Hinojosa Alvarado, pueda otorgar certificados de competencias laborales a los usuarios de sus diversos servicios. Estos certificados validar\u00e1n formalmente los conocimientos y habilidades adquiridos, y estar\u00e1n disponibles a costos accesibles para los ciudadanos del municipio de Quer\u00e9taro.<\/p>\n<\/p>\n<p>&nbsp;<\/p>\n<p style=\"text-align: justify;\">Con esta integraci\u00f3n, el municipio de Quer\u00e9taro se suma a la red de seis Centros CONOCER que la UTEQ coordina. Esto no solo ampl\u00eda la cobertura y capacidad de atenci\u00f3n para certificar a m\u00e1s personas, sino que tambi\u00e9n permite certificar en cada uno de los 18 est\u00e1ndares de competencia en distintas \u00e1reas de conocimiento.<\/p>\n<\/p>\n<p>&nbsp;<\/p>\n<p style=\"text-align: justify;\">Todo esto se realiza con el respaldo de evaluadores acreditados y en constante formaci\u00f3n, garantizando la calidad y validez de las certificaciones.<\/p>\n<\/p>\n<p>&nbsp;<\/p>\n<p style=\"text-align: justify;\">Durante el evento de firma, tambi\u00e9n se entregaron c\u00e9dulas de acreditaci\u00f3n a otras instituciones que forman parte de esta red de Centros de Evaluaci\u00f3n CONOCER, como el Instituto de Gastronom\u00eda de Estudios Superiores (IGES), el Centro de Investigaci\u00f3n para el Desarrollo Individual, Comunitario y Organizacional (IDICO), el Centro de Desarrollo Integral ENS Universalis, y la Consultor\u00eda VBX Engineering.<\/p>\n<\/p>\n<p>&nbsp;<\/p>\n<p style=\"text-align: center;\"><em><strong>\u00a1Informaci\u00f3n que transforma!<\/strong><\/em><\/p>\n","protected":false},"excerpt":{"rendered":"<p>Con el fin de reconocer formalmente las habilidades de los ciudadanos, la Universidad Tecnol\u00f3gica de Quer\u00e9taro (UTEQ) y la Secretar\u00eda de Cultura del Municipio de Quer\u00e9taro han firmado un importante convenio de colaboraci\u00f3n.<\/p>\n","protected":false},"author":3,"featured_media":16196,"comment_status":"open","ping_status":"open","sticky":false,"template":"","format":"standard","meta":{"footnotes":""},"categories":[42,58],"tags":[2954,4869,4847,2264],"class_list":["post-16195","post","type-post","status-publish","format-standard","has-post-thumbnail","hentry","category-estado","category-ultima-hora","tag-certificacionlaboral","tag-competencias","tag-culturaqro","tag-uteq"],"yoast_head":"<!-- This site is optimized with the Yoast SEO plugin v25.0 - https:\/\/yoast.com\/wordpress\/plugins\/seo\/ -->\n<title>UTEQ y Cultura Municipal unen fuerzas certificar\u00e1n Competencias laborales en Quer\u00e9taro a bajo costo | Nexo Informativo Santiago de Quer\u00e9taro<\/title>\n<meta name=\"description\" content=\"UTEQ y Cultura Municipal unen fuerzas certificar\u00e1n Competencias laborales en Quer\u00e9taro a bajo costo\" \/>\n<meta name=\"robots\" content=\"index, follow, max-snippet:-1, max-image-preview:large, max-video-preview:-1\" \/>\n<link rel=\"canonical\" href=\"https:\/\/www.nexoinformativo.mx\/index.php\/2025\/06\/27\/uteq-y-cultura-municipal-unen-fuerzas-certificaran-competencias-laborales-en-queretaro-a-bajo-costo\/\" \/>\n<meta property=\"og:locale\" content=\"es_MX\" \/>\n<meta property=\"og:type\" content=\"article\" \/>\n<meta property=\"og:title\" content=\"UTEQ y Cultura Municipal unen fuerzas certificar\u00e1n Competencias laborales en Quer\u00e9taro a bajo costo | Nexo Informativo Santiago de Quer\u00e9taro\" \/>\n<meta property=\"og:description\" content=\"UTEQ y Cultura Municipal unen fuerzas certificar\u00e1n Competencias laborales en Quer\u00e9taro a bajo costo\" \/>\n<meta property=\"og:url\" content=\"https:\/\/www.nexoinformativo.mx\/index.php\/2025\/06\/27\/uteq-y-cultura-municipal-unen-fuerzas-certificaran-competencias-laborales-en-queretaro-a-bajo-costo\/\" \/>\n<meta property=\"og:site_name\" content=\"Nexo Informativo Santiago de Quer\u00e9taro\" \/>\n<meta property=\"article:publisher\" content=\"https:\/\/www.facebook.com\/people\/Nexo-Informativo\/61564066885511\/\" \/>\n<meta property=\"article:published_time\" content=\"2025-06-27T12:00:01+00:00\" \/>\n<meta property=\"article:modified_time\" content=\"2025-06-27T13:36:02+00:00\" \/>\n<meta property=\"og:image\" content=\"https:\/\/www.nexoinformativo.mx\/wp-content\/uploads\/2025\/06\/PHOTO-2025-06-27-07-10-05-e1751031313444.jpg\" \/>\n\t<meta property=\"og:image:width\" content=\"800\" \/>\n\t<meta property=\"og:image:height\" content=\"536\" \/>\n\t<meta property=\"og:image:type\" content=\"image\/jpeg\" \/>\n<meta name=\"author\" content=\"Nexo Informativo\" \/>\n<meta name=\"twitter:card\" content=\"summary_large_image\" \/>\n<meta name=\"twitter:label1\" content=\"Escrito por\" \/>\n\t<meta name=\"twitter:data1\" content=\"Nexo Informativo\" \/>\n\t<meta name=\"twitter:label2\" content=\"Tiempo de lectura\" \/>\n\t<meta name=\"twitter:data2\" content=\"2 minutos\" \/>\n<script type=\"application\/ld+json\" class=\"yoast-schema-graph\">{\"@context\":\"https:\/\/schema.org\",\"@graph\":[{\"@type\":\"Article\",\"@id\":\"https:\/\/www.nexoinformativo.mx\/index.php\/2025\/06\/27\/uteq-y-cultura-municipal-unen-fuerzas-certificaran-competencias-laborales-en-queretaro-a-bajo-costo\/#article\",\"isPartOf\":{\"@id\":\"https:\/\/www.nexoinformativo.mx\/index.php\/2025\/06\/27\/uteq-y-cultura-municipal-unen-fuerzas-certificaran-competencias-laborales-en-queretaro-a-bajo-costo\/\"},\"author\":{\"name\":\"Nexo Informativo\",\"@id\":\"https:\/\/www.nexoinformativo.mx\/#\/schema\/person\/7749d380ba08c8ca00d7bc76fd907b7d\"},\"headline\":\"UTEQ y Cultura Municipal unen fuerzas certificar\u00e1n Competencias laborales en Quer\u00e9taro a bajo costo\",\"datePublished\":\"2025-06-27T12:00:01+00:00\",\"dateModified\":\"2025-06-27T13:36:02+00:00\",\"mainEntityOfPage\":{\"@id\":\"https:\/\/www.nexoinformativo.mx\/index.php\/2025\/06\/27\/uteq-y-cultura-municipal-unen-fuerzas-certificaran-competencias-laborales-en-queretaro-a-bajo-costo\/\"},\"wordCount\":312,\"commentCount\":0,\"publisher\":{\"@id\":\"https:\/\/www.nexoinformativo.mx\/#organization\"},\"image\":{\"@id\":\"https:\/\/www.nexoinformativo.mx\/index.php\/2025\/06\/27\/uteq-y-cultura-municipal-unen-fuerzas-certificaran-competencias-laborales-en-queretaro-a-bajo-costo\/#primaryimage\"},\"thumbnailUrl\":\"https:\/\/www.nexoinformativo.mx\/wp-content\/uploads\/2025\/06\/PHOTO-2025-06-27-07-10-05-e1751031313444.jpg\",\"keywords\":[\"CertificacionLaboral\",\"Competencias\",\"CulturaQRO\",\"UTEQ\"],\"articleSection\":[\"Estado\",\"\u00daltima Hora\"],\"inLanguage\":\"es\",\"potentialAction\":[{\"@type\":\"CommentAction\",\"name\":\"Comment\",\"target\":[\"https:\/\/www.nexoinformativo.mx\/index.php\/2025\/06\/27\/uteq-y-cultura-municipal-unen-fuerzas-certificaran-competencias-laborales-en-queretaro-a-bajo-costo\/#respond\"]}]},{\"@type\":\"WebPage\",\"@id\":\"https:\/\/www.nexoinformativo.mx\/index.php\/2025\/06\/27\/uteq-y-cultura-municipal-unen-fuerzas-certificaran-competencias-laborales-en-queretaro-a-bajo-costo\/\",\"url\":\"https:\/\/www.nexoinformativo.mx\/index.php\/2025\/06\/27\/uteq-y-cultura-municipal-unen-fuerzas-certificaran-competencias-laborales-en-queretaro-a-bajo-costo\/\",\"name\":\"UTEQ y Cultura Municipal unen fuerzas certificar\u00e1n Competencias laborales en Quer\u00e9taro a bajo costo | Nexo Informativo Santiago de Quer\u00e9taro\",\"isPartOf\":{\"@id\":\"https:\/\/www.nexoinformativo.mx\/#website\"},\"primaryImageOfPage\":{\"@id\":\"https:\/\/www.nexoinformativo.mx\/index.php\/2025\/06\/27\/uteq-y-cultura-municipal-unen-fuerzas-certificaran-competencias-laborales-en-queretaro-a-bajo-costo\/#primaryimage\"},\"image\":{\"@id\":\"https:\/\/www.nexoinformativo.mx\/index.php\/2025\/06\/27\/uteq-y-cultura-municipal-unen-fuerzas-certificaran-competencias-laborales-en-queretaro-a-bajo-costo\/#primaryimage\"},\"thumbnailUrl\":\"https:\/\/www.nexoinformativo.mx\/wp-content\/uploads\/2025\/06\/PHOTO-2025-06-27-07-10-05-e1751031313444.jpg\",\"datePublished\":\"2025-06-27T12:00:01+00:00\",\"dateModified\":\"2025-06-27T13:36:02+00:00\",\"description\":\"UTEQ y Cultura Municipal unen fuerzas certificar\u00e1n Competencias laborales en Quer\u00e9taro a bajo costo\",\"breadcrumb\":{\"@id\":\"https:\/\/www.nexoinformativo.mx\/index.php\/2025\/06\/27\/uteq-y-cultura-municipal-unen-fuerzas-certificaran-competencias-laborales-en-queretaro-a-bajo-costo\/#breadcrumb\"},\"inLanguage\":\"es\",\"potentialAction\":[{\"@type\":\"ReadAction\",\"target\":[\"https:\/\/www.nexoinformativo.mx\/index.php\/2025\/06\/27\/uteq-y-cultura-municipal-unen-fuerzas-certificaran-competencias-laborales-en-queretaro-a-bajo-costo\/\"]}]},{\"@type\":\"ImageObject\",\"inLanguage\":\"es\",\"@id\":\"https:\/\/www.nexoinformativo.mx\/index.php\/2025\/06\/27\/uteq-y-cultura-municipal-unen-fuerzas-certificaran-competencias-laborales-en-queretaro-a-bajo-costo\/#primaryimage\",\"url\":\"https:\/\/www.nexoinformativo.mx\/wp-content\/uploads\/2025\/06\/PHOTO-2025-06-27-07-10-05-e1751031313444.jpg\",\"contentUrl\":\"https:\/\/www.nexoinformativo.mx\/wp-content\/uploads\/2025\/06\/PHOTO-2025-06-27-07-10-05-e1751031313444.jpg\",\"width\":800,\"height\":536},{\"@type\":\"BreadcrumbList\",\"@id\":\"https:\/\/www.nexoinformativo.mx\/index.php\/2025\/06\/27\/uteq-y-cultura-municipal-unen-fuerzas-certificaran-competencias-laborales-en-queretaro-a-bajo-costo\/#breadcrumb\",\"itemListElement\":[{\"@type\":\"ListItem\",\"position\":1,\"name\":\"Inicio\",\"item\":\"https:\/\/www.nexoinformativo.mx\/\"},{\"@type\":\"ListItem\",\"position\":2,\"name\":\"UTEQ y Cultura Municipal unen fuerzas certificar\u00e1n Competencias laborales en Quer\u00e9taro a bajo costo\"}]},{\"@type\":\"WebSite\",\"@id\":\"https:\/\/www.nexoinformativo.mx\/#website\",\"url\":\"https:\/\/www.nexoinformativo.mx\/\",\"name\":\"Nexo Informativo Santiago de Quer\u00e9taro\",\"description\":\"Explora NexoInformativo y convi\u00e9rtete en parte de una comunidad que valora el conocimiento y la verdad. Tu nexoinformativo es tu puente hacia una comprensi\u00f3n m\u00e1s profunda del mundo que te rodea.\",\"publisher\":{\"@id\":\"https:\/\/www.nexoinformativo.mx\/#organization\"},\"potentialAction\":[{\"@type\":\"SearchAction\",\"target\":{\"@type\":\"EntryPoint\",\"urlTemplate\":\"https:\/\/www.nexoinformativo.mx\/?s={search_term_string}\"},\"query-input\":{\"@type\":\"PropertyValueSpecification\",\"valueRequired\":true,\"valueName\":\"search_term_string\"}}],\"inLanguage\":\"es\"},{\"@type\":\"Organization\",\"@id\":\"https:\/\/www.nexoinformativo.mx\/#organization\",\"name\":\"Nexo Informativo Santiago de Quer\u00e9taro\",\"url\":\"https:\/\/www.nexoinformativo.mx\/\",\"logo\":{\"@type\":\"ImageObject\",\"inLanguage\":\"es\",\"@id\":\"https:\/\/www.nexoinformativo.mx\/#\/schema\/logo\/image\/\",\"url\":\"https:\/\/www.nexoinformativo.mx\/wp-content\/uploads\/2024\/07\/nexoi-trasparente-2.png\",\"contentUrl\":\"https:\/\/www.nexoinformativo.mx\/wp-content\/uploads\/2024\/07\/nexoi-trasparente-2.png\",\"width\":816,\"height\":339,\"caption\":\"Nexo Informativo Santiago de Quer\u00e9taro\"},\"image\":{\"@id\":\"https:\/\/www.nexoinformativo.mx\/#\/schema\/logo\/image\/\"},\"sameAs\":[\"https:\/\/www.facebook.com\/people\/Nexo-Informativo\/61564066885511\/\"]},{\"@type\":\"Person\",\"@id\":\"https:\/\/www.nexoinformativo.mx\/#\/schema\/person\/7749d380ba08c8ca00d7bc76fd907b7d\",\"name\":\"Nexo Informativo\",\"image\":{\"@type\":\"ImageObject\",\"inLanguage\":\"es\",\"@id\":\"https:\/\/www.nexoinformativo.mx\/#\/schema\/person\/image\/\",\"url\":\"https:\/\/secure.gravatar.com\/avatar\/dde2928154642a13d95f87ddf1ea9718fe2b46760a005c53e41ff5ad610704e6?s=96&d=mm&r=g\",\"contentUrl\":\"https:\/\/secure.gravatar.com\/avatar\/dde2928154642a13d95f87ddf1ea9718fe2b46760a005c53e41ff5ad610704e6?s=96&d=mm&r=g\",\"caption\":\"Nexo Informativo\"},\"url\":\"https:\/\/www.nexoinformativo.mx\/index.php\/author\/edicion\/\"}]}<\/script>\n<!-- \/ Yoast SEO plugin. -->","yoast_head_json":{"title":"UTEQ y Cultura Municipal unen fuerzas certificar\u00e1n Competencias laborales en Quer\u00e9taro a bajo costo | Nexo Informativo Santiago de Quer\u00e9taro","description":"UTEQ y Cultura Municipal unen fuerzas certificar\u00e1n Competencias laborales en Quer\u00e9taro a bajo costo","robots":{"index":"index","follow":"follow","max-snippet":"max-snippet:-1","max-image-preview":"max-image-preview:large","max-video-preview":"max-video-preview:-1"},"canonical":"https:\/\/www.nexoinformativo.mx\/index.php\/2025\/06\/27\/uteq-y-cultura-municipal-unen-fuerzas-certificaran-competencias-laborales-en-queretaro-a-bajo-costo\/","og_locale":"es_MX","og_type":"article","og_title":"UTEQ y Cultura Municipal unen fuerzas certificar\u00e1n Competencias laborales en Quer\u00e9taro a bajo costo | Nexo Informativo Santiago de Quer\u00e9taro","og_description":"UTEQ y Cultura Municipal unen fuerzas certificar\u00e1n Competencias laborales en Quer\u00e9taro a bajo costo","og_url":"https:\/\/www.nexoinformativo.mx\/index.php\/2025\/06\/27\/uteq-y-cultura-municipal-unen-fuerzas-certificaran-competencias-laborales-en-queretaro-a-bajo-costo\/","og_site_name":"Nexo Informativo Santiago de Quer\u00e9taro","article_publisher":"https:\/\/www.facebook.com\/people\/Nexo-Informativo\/61564066885511\/","article_published_time":"2025-06-27T12:00:01+00:00","article_modified_time":"2025-06-27T13:36:02+00:00","og_image":[{"width":800,"height":536,"url":"https:\/\/www.nexoinformativo.mx\/wp-content\/uploads\/2025\/06\/PHOTO-2025-06-27-07-10-05-e1751031313444.jpg","type":"image\/jpeg"}],"author":"Nexo Informativo","twitter_card":"summary_large_image","twitter_misc":{"Escrito por":"Nexo Informativo","Tiempo de lectura":"2 minutos"},"schema":{"@context":"https:\/\/schema.org","@graph":[{"@type":"Article","@id":"https:\/\/www.nexoinformativo.mx\/index.php\/2025\/06\/27\/uteq-y-cultura-municipal-unen-fuerzas-certificaran-competencias-laborales-en-queretaro-a-bajo-costo\/#article","isPartOf":{"@id":"https:\/\/www.nexoinformativo.mx\/index.php\/2025\/06\/27\/uteq-y-cultura-municipal-unen-fuerzas-certificaran-competencias-laborales-en-queretaro-a-bajo-costo\/"},"author":{"name":"Nexo Informativo","@id":"https:\/\/www.nexoinformativo.mx\/#\/schema\/person\/7749d380ba08c8ca00d7bc76fd907b7d"},"headline":"UTEQ y Cultura Municipal unen fuerzas certificar\u00e1n Competencias laborales en Quer\u00e9taro a bajo costo","datePublished":"2025-06-27T12:00:01+00:00","dateModified":"2025-06-27T13:36:02+00:00","mainEntityOfPage":{"@id":"https:\/\/www.nexoinformativo.mx\/index.php\/2025\/06\/27\/uteq-y-cultura-municipal-unen-fuerzas-certificaran-competencias-laborales-en-queretaro-a-bajo-costo\/"},"wordCount":312,"commentCount":0,"publisher":{"@id":"https:\/\/www.nexoinformativo.mx\/#organization"},"image":{"@id":"https:\/\/www.nexoinformativo.mx\/index.php\/2025\/06\/27\/uteq-y-cultura-municipal-unen-fuerzas-certificaran-competencias-laborales-en-queretaro-a-bajo-costo\/#primaryimage"},"thumbnailUrl":"https:\/\/www.nexoinformativo.mx\/wp-content\/uploads\/2025\/06\/PHOTO-2025-06-27-07-10-05-e1751031313444.jpg","keywords":["CertificacionLaboral","Competencias","CulturaQRO","UTEQ"],"articleSection":["Estado","\u00daltima Hora"],"inLanguage":"es","potentialAction":[{"@type":"CommentAction","name":"Comment","target":["https:\/\/www.nexoinformativo.mx\/index.php\/2025\/06\/27\/uteq-y-cultura-municipal-unen-fuerzas-certificaran-competencias-laborales-en-queretaro-a-bajo-costo\/#respond"]}]},{"@type":"WebPage","@id":"https:\/\/www.nexoinformativo.mx\/index.php\/2025\/06\/27\/uteq-y-cultura-municipal-unen-fuerzas-certificaran-competencias-laborales-en-queretaro-a-bajo-costo\/","url":"https:\/\/www.nexoinformativo.mx\/index.php\/2025\/06\/27\/uteq-y-cultura-municipal-unen-fuerzas-certificaran-competencias-laborales-en-queretaro-a-bajo-costo\/","name":"UTEQ y Cultura Municipal unen fuerzas certificar\u00e1n Competencias laborales en Quer\u00e9taro a bajo costo | Nexo Informativo Santiago de Quer\u00e9taro","isPartOf":{"@id":"https:\/\/www.nexoinformativo.mx\/#website"},"primaryImageOfPage":{"@id":"https:\/\/www.nexoinformativo.mx\/index.php\/2025\/06\/27\/uteq-y-cultura-municipal-unen-fuerzas-certificaran-competencias-laborales-en-queretaro-a-bajo-costo\/#primaryimage"},"image":{"@id":"https:\/\/www.nexoinformativo.mx\/index.php\/2025\/06\/27\/uteq-y-cultura-municipal-unen-fuerzas-certificaran-competencias-laborales-en-queretaro-a-bajo-costo\/#primaryimage"},"thumbnailUrl":"https:\/\/www.nexoinformativo.mx\/wp-content\/uploads\/2025\/06\/PHOTO-2025-06-27-07-10-05-e1751031313444.jpg","datePublished":"2025-06-27T12:00:01+00:00","dateModified":"2025-06-27T13:36:02+00:00","description":"UTEQ y Cultura Municipal unen fuerzas certificar\u00e1n Competencias laborales en Quer\u00e9taro a bajo costo","breadcrumb":{"@id":"https:\/\/www.nexoinformativo.mx\/index.php\/2025\/06\/27\/uteq-y-cultura-municipal-unen-fuerzas-certificaran-competencias-laborales-en-queretaro-a-bajo-costo\/#breadcrumb"},"inLanguage":"es","potentialAction":[{"@type":"ReadAction","target":["https:\/\/www.nexoinformativo.mx\/index.php\/2025\/06\/27\/uteq-y-cultura-municipal-unen-fuerzas-certificaran-competencias-laborales-en-queretaro-a-bajo-costo\/"]}]},{"@type":"ImageObject","inLanguage":"es","@id":"https:\/\/www.nexoinformativo.mx\/index.php\/2025\/06\/27\/uteq-y-cultura-municipal-unen-fuerzas-certificaran-competencias-laborales-en-queretaro-a-bajo-costo\/#primaryimage","url":"https:\/\/www.nexoinformativo.mx\/wp-content\/uploads\/2025\/06\/PHOTO-2025-06-27-07-10-05-e1751031313444.jpg","contentUrl":"https:\/\/www.nexoinformativo.mx\/wp-content\/uploads\/2025\/06\/PHOTO-2025-06-27-07-10-05-e1751031313444.jpg","width":800,"height":536},{"@type":"BreadcrumbList","@id":"https:\/\/www.nexoinformativo.mx\/index.php\/2025\/06\/27\/uteq-y-cultura-municipal-unen-fuerzas-certificaran-competencias-laborales-en-queretaro-a-bajo-costo\/#breadcrumb","itemListElement":[{"@type":"ListItem","position":1,"name":"Inicio","item":"https:\/\/www.nexoinformativo.mx\/"},{"@type":"ListItem","position":2,"name":"UTEQ y Cultura Municipal unen fuerzas certificar\u00e1n Competencias laborales en Quer\u00e9taro a bajo costo"}]},{"@type":"WebSite","@id":"https:\/\/www.nexoinformativo.mx\/#website","url":"https:\/\/www.nexoinformativo.mx\/","name":"Nexo Informativo Santiago de Quer\u00e9taro","description":"Explora NexoInformativo y convi\u00e9rtete en parte de una comunidad que valora el conocimiento y la verdad. Tu nexoinformativo es tu puente hacia una comprensi\u00f3n m\u00e1s profunda del mundo que te rodea.","publisher":{"@id":"https:\/\/www.nexoinformativo.mx\/#organization"},"potentialAction":[{"@type":"SearchAction","target":{"@type":"EntryPoint","urlTemplate":"https:\/\/www.nexoinformativo.mx\/?s={search_term_string}"},"query-input":{"@type":"PropertyValueSpecification","valueRequired":true,"valueName":"search_term_string"}}],"inLanguage":"es"},{"@type":"Organization","@id":"https:\/\/www.nexoinformativo.mx\/#organization","name":"Nexo Informativo Santiago de Quer\u00e9taro","url":"https:\/\/www.nexoinformativo.mx\/","logo":{"@type":"ImageObject","inLanguage":"es","@id":"https:\/\/www.nexoinformativo.mx\/#\/schema\/logo\/image\/","url":"https:\/\/www.nexoinformativo.mx\/wp-content\/uploads\/2024\/07\/nexoi-trasparente-2.png","contentUrl":"https:\/\/www.nexoinformativo.mx\/wp-content\/uploads\/2024\/07\/nexoi-trasparente-2.png","width":816,"height":339,"caption":"Nexo Informativo Santiago de Quer\u00e9taro"},"image":{"@id":"https:\/\/www.nexoinformativo.mx\/#\/schema\/logo\/image\/"},"sameAs":["https:\/\/www.facebook.com\/people\/Nexo-Informativo\/61564066885511\/"]},{"@type":"Person","@id":"https:\/\/www.nexoinformativo.mx\/#\/schema\/person\/7749d380ba08c8ca00d7bc76fd907b7d","name":"Nexo Informativo","image":{"@type":"ImageObject","inLanguage":"es","@id":"https:\/\/www.nexoinformativo.mx\/#\/schema\/person\/image\/","url":"https:\/\/secure.gravatar.com\/avatar\/dde2928154642a13d95f87ddf1ea9718fe2b46760a005c53e41ff5ad610704e6?s=96&d=mm&r=g","contentUrl":"https:\/\/secure.gravatar.com\/avatar\/dde2928154642a13d95f87ddf1ea9718fe2b46760a005c53e41ff5ad610704e6?s=96&d=mm&r=g","caption":"Nexo Informativo"},"url":"https:\/\/www.nexoinformativo.mx\/index.php\/author\/edicion\/"}]}},"_links":{"self":[{"href":"https:\/\/www.nexoinformativo.mx\/index.php\/wp-json\/wp\/v2\/posts\/16195","targetHints":{"allow":["GET"]}}],"collection":[{"href":"https:\/\/www.nexoinformativo.mx\/index.php\/wp-json\/wp\/v2\/posts"}],"about":[{"href":"https:\/\/www.nexoinformativo.mx\/index.php\/wp-json\/wp\/v2\/types\/post"}],"author":[{"embeddable":true,"href":"https:\/\/www.nexoinformativo.mx\/index.php\/wp-json\/wp\/v2\/users\/3"}],"replies":[{"embeddable":true,"href":"https:\/\/www.nexoinformativo.mx\/index.php\/wp-json\/wp\/v2\/comments?post=16195"}],"version-history":[{"count":3,"href":"https:\/\/www.nexoinformativo.mx\/index.php\/wp-json\/wp\/v2\/posts\/16195\/revisions"}],"predecessor-version":[{"id":16199,"href":"https:\/\/www.nexoinformativo.mx\/index.php\/wp-json\/wp\/v2\/posts\/16195\/revisions\/16199"}],"wp:featuredmedia":[{"embeddable":true,"href":"https:\/\/www.nexoinformativo.mx\/index.php\/wp-json\/wp\/v2\/media\/16196"}],"wp:attachment":[{"href":"https:\/\/www.nexoinformativo.mx\/index.php\/wp-json\/wp\/v2\/media?parent=16195"}],"wp:term":[{"taxonomy":"category","embeddable":true,"href":"https:\/\/www.nexoinformativo.mx\/index.php\/wp-json\/wp\/v2\/categories?post=16195"},{"taxonomy":"post_tag","embeddable":true,"href":"https:\/\/www.nexoinformativo.mx\/index.php\/wp-json\/wp\/v2\/tags?post=16195"}],"curies":[{"name":"wp","href":"https:\/\/api.w.org\/{rel}","templated":true}]}}