{"id":16208,"date":"2025-06-27T07:00:25","date_gmt":"2025-06-27T13:00:25","guid":{"rendered":"https:\/\/www.nexoinformativo.mx\/?p=16208"},"modified":"2025-06-27T07:46:42","modified_gmt":"2025-06-27T13:46:42","slug":"colocan-primera-piedra-de-pabellon-zibata-reforzando-la-inversion-y-turismo-en-queretaro","status":"publish","type":"post","link":"https:\/\/www.nexoinformativo.mx\/index.php\/2025\/06\/27\/colocan-primera-piedra-de-pabellon-zibata-reforzando-la-inversion-y-turismo-en-queretaro\/","title":{"rendered":"Colocan primera piedra de pabell\u00f3n Zibat\u00e1 reforzando la inversi\u00f3n y turismo en Quer\u00e9taro"},"content":{"rendered":"<p style=\"text-align: justify;\">Con una inversi\u00f3n en su primera fase superior a los tres mil millones de pesos, se coloc\u00f3 la primera piedra de Pabell\u00f3n Zibat\u00e1, un ambicioso proyecto de entretenimiento multifuncional que promete ser un referente para toda la regi\u00f3n del Baj\u00edo. El gobernador Mauricio Kuri acompa\u00f1\u00f3 a los desarrolladores IDN Desarrollos y Conecto Desarrollos en este importante evento.<\/p>\n<p>&nbsp;<\/p>\n<p style=\"text-align: justify;\">Pabell\u00f3n Zibat\u00e1 incluir\u00e1 un auditorio con capacidad para seis mil 500 personas equipado con tecnolog\u00eda de punta, un foro para mil asistentes, un centro de convenciones con aforo para cuatro mil personas, hoteles y oficinas. La inauguraci\u00f3n de la primera etapa, que comprende el auditorio y el \u00e1rea de estacionamiento, est\u00e1 prevista para 2028.<\/p>\n<p>&nbsp;<\/p>\n<p style=\"text-align: justify;\">El gobernador Kuri enfatiz\u00f3 que, una vez terminado, Pabell\u00f3n Zibat\u00e1 atraer\u00e1 a\u00fan m\u00e1s inversiones, especialmente en el sector tur\u00edstico, una de las principales actividades econ\u00f3micas de la entidad. Agradeci\u00f3 la confianza de los desarrolladores y les asegur\u00f3 que en Quer\u00e9taro encontrar\u00e1n &#8220;certeza, trabajo serio y un rumbo claro&#8221;.<\/p>\n<p>&nbsp;<\/p>\n<p style=\"text-align: justify;\">&#8220;Gracias a las empresas hay trabajos, porque los trabajos no los dan los gobiernos, si acaso daremos condiciones y buscamos darles las mejores que puedan del pa\u00eds\u2026 no se van a arrepentir nunca de apostarle a Quer\u00e9taro, en Quer\u00e9taro tenemos la mejor mano de obra&#8221;, afirm\u00f3 Kuri Gonz\u00e1lez.<\/p>\n<p>&nbsp;<\/p>\n<p style=\"text-align: justify;\">Mencion\u00f3 adem\u00e1s que el estado cuenta con el mejor estado de derecho del pa\u00eds (seg\u00fan World Justice Project), la mejor polic\u00eda y un sistema de transporte mejorado.<\/p>\n<p>&nbsp;<\/p>\n<p style=\"text-align: justify;\">Samuel Klein Marcuschamer, CEO de IDN y Grupo Pabell\u00f3n M., asegur\u00f3 que Pabell\u00f3n Zibat\u00e1 ser\u00e1 un &#8220;parteaguas&#8221; en la oferta cultural, de entretenimiento y de convenciones para Quer\u00e9taro.<\/p>\n<p>&nbsp;<\/p>\n<p style=\"text-align: justify;\">Agradeci\u00f3 el apoyo de las autoridades estatales y municipales, reconociendo al gobernador Mauricio Kuri y al alcalde Rodrigo Monsalvo por impulsar este proyecto que convierte a Quer\u00e9taro y El Marqu\u00e9s en un &#8220;motor econ\u00f3mico para M\u00e9xico&#8221;.<\/p>\n<p>&nbsp;<\/p>\n<p style=\"text-align: justify;\">Por su parte, el presidente municipal de El Marqu\u00e9s, Rodrigo Monsalvo, manifest\u00f3 su entusiasmo por esta nueva etapa en Circuito Universidades, que consolidar\u00e1 a Quer\u00e9taro como un polo de inversi\u00f3n, innovaci\u00f3n, especializaci\u00f3n, turismo y calidad de vida para las familias.<\/p>\n<p>&nbsp;<\/p>\n<p style=\"text-align: justify;\">Con este proyecto, Quer\u00e9taro se posiciona como uno de los nuevos puntos clave del entretenimiento en M\u00e9xico, elevando su infraestructura cultural y operativa a un nivel competitivo nacional e internacional.<\/p>\n<p>&nbsp;<\/p>\n<p style=\"text-align: center;\"><em><strong>\u00a1Informaci\u00f3n que transforma!<\/strong><\/em><\/p>\n","protected":false},"excerpt":{"rendered":"<p>Con una inversi\u00f3n en su primera fase superior a los tres mil millones de pesos, se coloc\u00f3 la primera piedra de Pabell\u00f3n Zibat\u00e1, un ambicioso proyecto de entretenimiento multifuncional que promete ser un referente para toda la regi\u00f3n del Baj\u00edo.<\/p>\n","protected":false},"author":3,"featured_media":16209,"comment_status":"open","ping_status":"open","sticky":false,"template":"","format":"standard","meta":{"footnotes":""},"categories":[5,65,58],"tags":[4872,661,4870,4871],"class_list":["post-16208","post","type-post","status-publish","format-standard","has-post-thumbnail","hentry","category-economia","category-municipios","category-ultima-hora","tag-entretenimientoqro","tag-mauriciokuri","tag-pabellonzibata","tag-queretaroinversion"],"yoast_head":"<!-- This site is optimized with the Yoast SEO plugin v25.0 - https:\/\/yoast.com\/wordpress\/plugins\/seo\/ -->\n<title>Colocan primera piedra de pabell\u00f3n Zibat\u00e1 reforzando la inversi\u00f3n y turismo en Quer\u00e9taro | Nexo Informativo Santiago de Quer\u00e9taro<\/title>\n<meta name=\"description\" content=\"Colocan primera piedra de pabell\u00f3n Zibat\u00e1 reforzando la inversi\u00f3n y turismo en Quer\u00e9taro\" \/>\n<meta name=\"robots\" content=\"index, follow, max-snippet:-1, max-image-preview:large, max-video-preview:-1\" \/>\n<link rel=\"canonical\" href=\"https:\/\/www.nexoinformativo.mx\/index.php\/2025\/06\/27\/colocan-primera-piedra-de-pabellon-zibata-reforzando-la-inversion-y-turismo-en-queretaro\/\" \/>\n<meta property=\"og:locale\" content=\"es_MX\" \/>\n<meta property=\"og:type\" content=\"article\" \/>\n<meta property=\"og:title\" content=\"Colocan primera piedra de pabell\u00f3n Zibat\u00e1 reforzando la inversi\u00f3n y turismo en Quer\u00e9taro | Nexo Informativo Santiago de Quer\u00e9taro\" \/>\n<meta property=\"og:description\" content=\"Colocan primera piedra de pabell\u00f3n Zibat\u00e1 reforzando la inversi\u00f3n y turismo en Quer\u00e9taro\" \/>\n<meta property=\"og:url\" content=\"https:\/\/www.nexoinformativo.mx\/index.php\/2025\/06\/27\/colocan-primera-piedra-de-pabellon-zibata-reforzando-la-inversion-y-turismo-en-queretaro\/\" \/>\n<meta property=\"og:site_name\" content=\"Nexo Informativo Santiago de Quer\u00e9taro\" \/>\n<meta property=\"article:publisher\" content=\"https:\/\/www.facebook.com\/people\/Nexo-Informativo\/61564066885511\/\" \/>\n<meta property=\"article:published_time\" content=\"2025-06-27T13:00:25+00:00\" \/>\n<meta property=\"article:modified_time\" content=\"2025-06-27T13:46:42+00:00\" \/>\n<meta property=\"og:image\" content=\"https:\/\/www.nexoinformativo.mx\/wp-content\/uploads\/2025\/06\/PHOTO-2025-06-27-07-15-11-e1751031893451.jpg\" \/>\n\t<meta property=\"og:image:width\" content=\"800\" \/>\n\t<meta property=\"og:image:height\" content=\"533\" \/>\n\t<meta property=\"og:image:type\" content=\"image\/jpeg\" \/>\n<meta name=\"author\" content=\"Nexo Informativo\" \/>\n<meta name=\"twitter:card\" content=\"summary_large_image\" \/>\n<meta name=\"twitter:label1\" content=\"Escrito por\" \/>\n\t<meta name=\"twitter:data1\" content=\"Nexo Informativo\" \/>\n\t<meta name=\"twitter:label2\" content=\"Tiempo de lectura\" \/>\n\t<meta name=\"twitter:data2\" content=\"2 minutos\" \/>\n<script type=\"application\/ld+json\" class=\"yoast-schema-graph\">{\"@context\":\"https:\/\/schema.org\",\"@graph\":[{\"@type\":\"Article\",\"@id\":\"https:\/\/www.nexoinformativo.mx\/index.php\/2025\/06\/27\/colocan-primera-piedra-de-pabellon-zibata-reforzando-la-inversion-y-turismo-en-queretaro\/#article\",\"isPartOf\":{\"@id\":\"https:\/\/www.nexoinformativo.mx\/index.php\/2025\/06\/27\/colocan-primera-piedra-de-pabellon-zibata-reforzando-la-inversion-y-turismo-en-queretaro\/\"},\"author\":{\"name\":\"Nexo Informativo\",\"@id\":\"https:\/\/www.nexoinformativo.mx\/#\/schema\/person\/7749d380ba08c8ca00d7bc76fd907b7d\"},\"headline\":\"Colocan primera piedra de pabell\u00f3n Zibat\u00e1 reforzando la inversi\u00f3n y turismo en Quer\u00e9taro\",\"datePublished\":\"2025-06-27T13:00:25+00:00\",\"dateModified\":\"2025-06-27T13:46:42+00:00\",\"mainEntityOfPage\":{\"@id\":\"https:\/\/www.nexoinformativo.mx\/index.php\/2025\/06\/27\/colocan-primera-piedra-de-pabellon-zibata-reforzando-la-inversion-y-turismo-en-queretaro\/\"},\"wordCount\":431,\"commentCount\":0,\"publisher\":{\"@id\":\"https:\/\/www.nexoinformativo.mx\/#organization\"},\"image\":{\"@id\":\"https:\/\/www.nexoinformativo.mx\/index.php\/2025\/06\/27\/colocan-primera-piedra-de-pabellon-zibata-reforzando-la-inversion-y-turismo-en-queretaro\/#primaryimage\"},\"thumbnailUrl\":\"https:\/\/www.nexoinformativo.mx\/wp-content\/uploads\/2025\/06\/PHOTO-2025-06-27-07-15-11-e1751031893451.jpg\",\"keywords\":[\"EntretenimientoQRO\",\"MauricioKuri\",\"Pabell\u00f3nZibat\u00e1\",\"Quer\u00e9taroInversi\u00f3n\"],\"articleSection\":[\"Econom\u00eda\",\"Municipios\",\"\u00daltima Hora\"],\"inLanguage\":\"es\",\"potentialAction\":[{\"@type\":\"CommentAction\",\"name\":\"Comment\",\"target\":[\"https:\/\/www.nexoinformativo.mx\/index.php\/2025\/06\/27\/colocan-primera-piedra-de-pabellon-zibata-reforzando-la-inversion-y-turismo-en-queretaro\/#respond\"]}]},{\"@type\":\"WebPage\",\"@id\":\"https:\/\/www.nexoinformativo.mx\/index.php\/2025\/06\/27\/colocan-primera-piedra-de-pabellon-zibata-reforzando-la-inversion-y-turismo-en-queretaro\/\",\"url\":\"https:\/\/www.nexoinformativo.mx\/index.php\/2025\/06\/27\/colocan-primera-piedra-de-pabellon-zibata-reforzando-la-inversion-y-turismo-en-queretaro\/\",\"name\":\"Colocan primera piedra de pabell\u00f3n Zibat\u00e1 reforzando la inversi\u00f3n y turismo en Quer\u00e9taro | Nexo Informativo Santiago de Quer\u00e9taro\",\"isPartOf\":{\"@id\":\"https:\/\/www.nexoinformativo.mx\/#website\"},\"primaryImageOfPage\":{\"@id\":\"https:\/\/www.nexoinformativo.mx\/index.php\/2025\/06\/27\/colocan-primera-piedra-de-pabellon-zibata-reforzando-la-inversion-y-turismo-en-queretaro\/#primaryimage\"},\"image\":{\"@id\":\"https:\/\/www.nexoinformativo.mx\/index.php\/2025\/06\/27\/colocan-primera-piedra-de-pabellon-zibata-reforzando-la-inversion-y-turismo-en-queretaro\/#primaryimage\"},\"thumbnailUrl\":\"https:\/\/www.nexoinformativo.mx\/wp-content\/uploads\/2025\/06\/PHOTO-2025-06-27-07-15-11-e1751031893451.jpg\",\"datePublished\":\"2025-06-27T13:00:25+00:00\",\"dateModified\":\"2025-06-27T13:46:42+00:00\",\"description\":\"Colocan primera piedra de pabell\u00f3n Zibat\u00e1 reforzando la inversi\u00f3n y turismo en Quer\u00e9taro\",\"breadcrumb\":{\"@id\":\"https:\/\/www.nexoinformativo.mx\/index.php\/2025\/06\/27\/colocan-primera-piedra-de-pabellon-zibata-reforzando-la-inversion-y-turismo-en-queretaro\/#breadcrumb\"},\"inLanguage\":\"es\",\"potentialAction\":[{\"@type\":\"ReadAction\",\"target\":[\"https:\/\/www.nexoinformativo.mx\/index.php\/2025\/06\/27\/colocan-primera-piedra-de-pabellon-zibata-reforzando-la-inversion-y-turismo-en-queretaro\/\"]}]},{\"@type\":\"ImageObject\",\"inLanguage\":\"es\",\"@id\":\"https:\/\/www.nexoinformativo.mx\/index.php\/2025\/06\/27\/colocan-primera-piedra-de-pabellon-zibata-reforzando-la-inversion-y-turismo-en-queretaro\/#primaryimage\",\"url\":\"https:\/\/www.nexoinformativo.mx\/wp-content\/uploads\/2025\/06\/PHOTO-2025-06-27-07-15-11-e1751031893451.jpg\",\"contentUrl\":\"https:\/\/www.nexoinformativo.mx\/wp-content\/uploads\/2025\/06\/PHOTO-2025-06-27-07-15-11-e1751031893451.jpg\",\"width\":800,\"height\":533},{\"@type\":\"BreadcrumbList\",\"@id\":\"https:\/\/www.nexoinformativo.mx\/index.php\/2025\/06\/27\/colocan-primera-piedra-de-pabellon-zibata-reforzando-la-inversion-y-turismo-en-queretaro\/#breadcrumb\",\"itemListElement\":[{\"@type\":\"ListItem\",\"position\":1,\"name\":\"Inicio\",\"item\":\"https:\/\/www.nexoinformativo.mx\/\"},{\"@type\":\"ListItem\",\"position\":2,\"name\":\"Colocan primera piedra de pabell\u00f3n Zibat\u00e1 reforzando la inversi\u00f3n y turismo en Quer\u00e9taro\"}]},{\"@type\":\"WebSite\",\"@id\":\"https:\/\/www.nexoinformativo.mx\/#website\",\"url\":\"https:\/\/www.nexoinformativo.mx\/\",\"name\":\"Nexo Informativo Santiago de Quer\u00e9taro\",\"description\":\"Explora NexoInformativo y convi\u00e9rtete en parte de una comunidad que valora el conocimiento y la verdad. Tu nexoinformativo es tu puente hacia una comprensi\u00f3n m\u00e1s profunda del mundo que te rodea.\",\"publisher\":{\"@id\":\"https:\/\/www.nexoinformativo.mx\/#organization\"},\"potentialAction\":[{\"@type\":\"SearchAction\",\"target\":{\"@type\":\"EntryPoint\",\"urlTemplate\":\"https:\/\/www.nexoinformativo.mx\/?s={search_term_string}\"},\"query-input\":{\"@type\":\"PropertyValueSpecification\",\"valueRequired\":true,\"valueName\":\"search_term_string\"}}],\"inLanguage\":\"es\"},{\"@type\":\"Organization\",\"@id\":\"https:\/\/www.nexoinformativo.mx\/#organization\",\"name\":\"Nexo Informativo Santiago de Quer\u00e9taro\",\"url\":\"https:\/\/www.nexoinformativo.mx\/\",\"logo\":{\"@type\":\"ImageObject\",\"inLanguage\":\"es\",\"@id\":\"https:\/\/www.nexoinformativo.mx\/#\/schema\/logo\/image\/\",\"url\":\"https:\/\/www.nexoinformativo.mx\/wp-content\/uploads\/2024\/07\/nexoi-trasparente-2.png\",\"contentUrl\":\"https:\/\/www.nexoinformativo.mx\/wp-content\/uploads\/2024\/07\/nexoi-trasparente-2.png\",\"width\":816,\"height\":339,\"caption\":\"Nexo Informativo Santiago de Quer\u00e9taro\"},\"image\":{\"@id\":\"https:\/\/www.nexoinformativo.mx\/#\/schema\/logo\/image\/\"},\"sameAs\":[\"https:\/\/www.facebook.com\/people\/Nexo-Informativo\/61564066885511\/\"]},{\"@type\":\"Person\",\"@id\":\"https:\/\/www.nexoinformativo.mx\/#\/schema\/person\/7749d380ba08c8ca00d7bc76fd907b7d\",\"name\":\"Nexo Informativo\",\"image\":{\"@type\":\"ImageObject\",\"inLanguage\":\"es\",\"@id\":\"https:\/\/www.nexoinformativo.mx\/#\/schema\/person\/image\/\",\"url\":\"https:\/\/secure.gravatar.com\/avatar\/dde2928154642a13d95f87ddf1ea9718fe2b46760a005c53e41ff5ad610704e6?s=96&d=mm&r=g\",\"contentUrl\":\"https:\/\/secure.gravatar.com\/avatar\/dde2928154642a13d95f87ddf1ea9718fe2b46760a005c53e41ff5ad610704e6?s=96&d=mm&r=g\",\"caption\":\"Nexo Informativo\"},\"url\":\"https:\/\/www.nexoinformativo.mx\/index.php\/author\/edicion\/\"}]}<\/script>\n<!-- \/ Yoast SEO plugin. -->","yoast_head_json":{"title":"Colocan primera piedra de pabell\u00f3n Zibat\u00e1 reforzando la inversi\u00f3n y turismo en Quer\u00e9taro | Nexo Informativo Santiago de Quer\u00e9taro","description":"Colocan primera piedra de pabell\u00f3n Zibat\u00e1 reforzando la inversi\u00f3n y turismo en Quer\u00e9taro","robots":{"index":"index","follow":"follow","max-snippet":"max-snippet:-1","max-image-preview":"max-image-preview:large","max-video-preview":"max-video-preview:-1"},"canonical":"https:\/\/www.nexoinformativo.mx\/index.php\/2025\/06\/27\/colocan-primera-piedra-de-pabellon-zibata-reforzando-la-inversion-y-turismo-en-queretaro\/","og_locale":"es_MX","og_type":"article","og_title":"Colocan primera piedra de pabell\u00f3n Zibat\u00e1 reforzando la inversi\u00f3n y turismo en Quer\u00e9taro | Nexo Informativo Santiago de Quer\u00e9taro","og_description":"Colocan primera piedra de pabell\u00f3n Zibat\u00e1 reforzando la inversi\u00f3n y turismo en Quer\u00e9taro","og_url":"https:\/\/www.nexoinformativo.mx\/index.php\/2025\/06\/27\/colocan-primera-piedra-de-pabellon-zibata-reforzando-la-inversion-y-turismo-en-queretaro\/","og_site_name":"Nexo Informativo Santiago de Quer\u00e9taro","article_publisher":"https:\/\/www.facebook.com\/people\/Nexo-Informativo\/61564066885511\/","article_published_time":"2025-06-27T13:00:25+00:00","article_modified_time":"2025-06-27T13:46:42+00:00","og_image":[{"width":800,"height":533,"url":"https:\/\/www.nexoinformativo.mx\/wp-content\/uploads\/2025\/06\/PHOTO-2025-06-27-07-15-11-e1751031893451.jpg","type":"image\/jpeg"}],"author":"Nexo Informativo","twitter_card":"summary_large_image","twitter_misc":{"Escrito por":"Nexo Informativo","Tiempo de lectura":"2 minutos"},"schema":{"@context":"https:\/\/schema.org","@graph":[{"@type":"Article","@id":"https:\/\/www.nexoinformativo.mx\/index.php\/2025\/06\/27\/colocan-primera-piedra-de-pabellon-zibata-reforzando-la-inversion-y-turismo-en-queretaro\/#article","isPartOf":{"@id":"https:\/\/www.nexoinformativo.mx\/index.php\/2025\/06\/27\/colocan-primera-piedra-de-pabellon-zibata-reforzando-la-inversion-y-turismo-en-queretaro\/"},"author":{"name":"Nexo Informativo","@id":"https:\/\/www.nexoinformativo.mx\/#\/schema\/person\/7749d380ba08c8ca00d7bc76fd907b7d"},"headline":"Colocan primera piedra de pabell\u00f3n Zibat\u00e1 reforzando la inversi\u00f3n y turismo en Quer\u00e9taro","datePublished":"2025-06-27T13:00:25+00:00","dateModified":"2025-06-27T13:46:42+00:00","mainEntityOfPage":{"@id":"https:\/\/www.nexoinformativo.mx\/index.php\/2025\/06\/27\/colocan-primera-piedra-de-pabellon-zibata-reforzando-la-inversion-y-turismo-en-queretaro\/"},"wordCount":431,"commentCount":0,"publisher":{"@id":"https:\/\/www.nexoinformativo.mx\/#organization"},"image":{"@id":"https:\/\/www.nexoinformativo.mx\/index.php\/2025\/06\/27\/colocan-primera-piedra-de-pabellon-zibata-reforzando-la-inversion-y-turismo-en-queretaro\/#primaryimage"},"thumbnailUrl":"https:\/\/www.nexoinformativo.mx\/wp-content\/uploads\/2025\/06\/PHOTO-2025-06-27-07-15-11-e1751031893451.jpg","keywords":["EntretenimientoQRO","MauricioKuri","Pabell\u00f3nZibat\u00e1","Quer\u00e9taroInversi\u00f3n"],"articleSection":["Econom\u00eda","Municipios","\u00daltima Hora"],"inLanguage":"es","potentialAction":[{"@type":"CommentAction","name":"Comment","target":["https:\/\/www.nexoinformativo.mx\/index.php\/2025\/06\/27\/colocan-primera-piedra-de-pabellon-zibata-reforzando-la-inversion-y-turismo-en-queretaro\/#respond"]}]},{"@type":"WebPage","@id":"https:\/\/www.nexoinformativo.mx\/index.php\/2025\/06\/27\/colocan-primera-piedra-de-pabellon-zibata-reforzando-la-inversion-y-turismo-en-queretaro\/","url":"https:\/\/www.nexoinformativo.mx\/index.php\/2025\/06\/27\/colocan-primera-piedra-de-pabellon-zibata-reforzando-la-inversion-y-turismo-en-queretaro\/","name":"Colocan primera piedra de pabell\u00f3n Zibat\u00e1 reforzando la inversi\u00f3n y turismo en Quer\u00e9taro | Nexo Informativo Santiago de Quer\u00e9taro","isPartOf":{"@id":"https:\/\/www.nexoinformativo.mx\/#website"},"primaryImageOfPage":{"@id":"https:\/\/www.nexoinformativo.mx\/index.php\/2025\/06\/27\/colocan-primera-piedra-de-pabellon-zibata-reforzando-la-inversion-y-turismo-en-queretaro\/#primaryimage"},"image":{"@id":"https:\/\/www.nexoinformativo.mx\/index.php\/2025\/06\/27\/colocan-primera-piedra-de-pabellon-zibata-reforzando-la-inversion-y-turismo-en-queretaro\/#primaryimage"},"thumbnailUrl":"https:\/\/www.nexoinformativo.mx\/wp-content\/uploads\/2025\/06\/PHOTO-2025-06-27-07-15-11-e1751031893451.jpg","datePublished":"2025-06-27T13:00:25+00:00","dateModified":"2025-06-27T13:46:42+00:00","description":"Colocan primera piedra de pabell\u00f3n Zibat\u00e1 reforzando la inversi\u00f3n y turismo en Quer\u00e9taro","breadcrumb":{"@id":"https:\/\/www.nexoinformativo.mx\/index.php\/2025\/06\/27\/colocan-primera-piedra-de-pabellon-zibata-reforzando-la-inversion-y-turismo-en-queretaro\/#breadcrumb"},"inLanguage":"es","potentialAction":[{"@type":"ReadAction","target":["https:\/\/www.nexoinformativo.mx\/index.php\/2025\/06\/27\/colocan-primera-piedra-de-pabellon-zibata-reforzando-la-inversion-y-turismo-en-queretaro\/"]}]},{"@type":"ImageObject","inLanguage":"es","@id":"https:\/\/www.nexoinformativo.mx\/index.php\/2025\/06\/27\/colocan-primera-piedra-de-pabellon-zibata-reforzando-la-inversion-y-turismo-en-queretaro\/#primaryimage","url":"https:\/\/www.nexoinformativo.mx\/wp-content\/uploads\/2025\/06\/PHOTO-2025-06-27-07-15-11-e1751031893451.jpg","contentUrl":"https:\/\/www.nexoinformativo.mx\/wp-content\/uploads\/2025\/06\/PHOTO-2025-06-27-07-15-11-e1751031893451.jpg","width":800,"height":533},{"@type":"BreadcrumbList","@id":"https:\/\/www.nexoinformativo.mx\/index.php\/2025\/06\/27\/colocan-primera-piedra-de-pabellon-zibata-reforzando-la-inversion-y-turismo-en-queretaro\/#breadcrumb","itemListElement":[{"@type":"ListItem","position":1,"name":"Inicio","item":"https:\/\/www.nexoinformativo.mx\/"},{"@type":"ListItem","position":2,"name":"Colocan primera piedra de pabell\u00f3n Zibat\u00e1 reforzando la inversi\u00f3n y turismo en Quer\u00e9taro"}]},{"@type":"WebSite","@id":"https:\/\/www.nexoinformativo.mx\/#website","url":"https:\/\/www.nexoinformativo.mx\/","name":"Nexo Informativo Santiago de Quer\u00e9taro","description":"Explora NexoInformativo y convi\u00e9rtete en parte de una comunidad que valora el conocimiento y la verdad. Tu nexoinformativo es tu puente hacia una comprensi\u00f3n m\u00e1s profunda del mundo que te rodea.","publisher":{"@id":"https:\/\/www.nexoinformativo.mx\/#organization"},"potentialAction":[{"@type":"SearchAction","target":{"@type":"EntryPoint","urlTemplate":"https:\/\/www.nexoinformativo.mx\/?s={search_term_string}"},"query-input":{"@type":"PropertyValueSpecification","valueRequired":true,"valueName":"search_term_string"}}],"inLanguage":"es"},{"@type":"Organization","@id":"https:\/\/www.nexoinformativo.mx\/#organization","name":"Nexo Informativo Santiago de Quer\u00e9taro","url":"https:\/\/www.nexoinformativo.mx\/","logo":{"@type":"ImageObject","inLanguage":"es","@id":"https:\/\/www.nexoinformativo.mx\/#\/schema\/logo\/image\/","url":"https:\/\/www.nexoinformativo.mx\/wp-content\/uploads\/2024\/07\/nexoi-trasparente-2.png","contentUrl":"https:\/\/www.nexoinformativo.mx\/wp-content\/uploads\/2024\/07\/nexoi-trasparente-2.png","width":816,"height":339,"caption":"Nexo Informativo Santiago de Quer\u00e9taro"},"image":{"@id":"https:\/\/www.nexoinformativo.mx\/#\/schema\/logo\/image\/"},"sameAs":["https:\/\/www.facebook.com\/people\/Nexo-Informativo\/61564066885511\/"]},{"@type":"Person","@id":"https:\/\/www.nexoinformativo.mx\/#\/schema\/person\/7749d380ba08c8ca00d7bc76fd907b7d","name":"Nexo Informativo","image":{"@type":"ImageObject","inLanguage":"es","@id":"https:\/\/www.nexoinformativo.mx\/#\/schema\/person\/image\/","url":"https:\/\/secure.gravatar.com\/avatar\/dde2928154642a13d95f87ddf1ea9718fe2b46760a005c53e41ff5ad610704e6?s=96&d=mm&r=g","contentUrl":"https:\/\/secure.gravatar.com\/avatar\/dde2928154642a13d95f87ddf1ea9718fe2b46760a005c53e41ff5ad610704e6?s=96&d=mm&r=g","caption":"Nexo Informativo"},"url":"https:\/\/www.nexoinformativo.mx\/index.php\/author\/edicion\/"}]}},"_links":{"self":[{"href":"https:\/\/www.nexoinformativo.mx\/index.php\/wp-json\/wp\/v2\/posts\/16208","targetHints":{"allow":["GET"]}}],"collection":[{"href":"https:\/\/www.nexoinformativo.mx\/index.php\/wp-json\/wp\/v2\/posts"}],"about":[{"href":"https:\/\/www.nexoinformativo.mx\/index.php\/wp-json\/wp\/v2\/types\/post"}],"author":[{"embeddable":true,"href":"https:\/\/www.nexoinformativo.mx\/index.php\/wp-json\/wp\/v2\/users\/3"}],"replies":[{"embeddable":true,"href":"https:\/\/www.nexoinformativo.mx\/index.php\/wp-json\/wp\/v2\/comments?post=16208"}],"version-history":[{"count":4,"href":"https:\/\/www.nexoinformativo.mx\/index.php\/wp-json\/wp\/v2\/posts\/16208\/revisions"}],"predecessor-version":[{"id":16212,"href":"https:\/\/www.nexoinformativo.mx\/index.php\/wp-json\/wp\/v2\/posts\/16208\/revisions\/16212"}],"wp:featuredmedia":[{"embeddable":true,"href":"https:\/\/www.nexoinformativo.mx\/index.php\/wp-json\/wp\/v2\/media\/16209"}],"wp:attachment":[{"href":"https:\/\/www.nexoinformativo.mx\/index.php\/wp-json\/wp\/v2\/media?parent=16208"}],"wp:term":[{"taxonomy":"category","embeddable":true,"href":"https:\/\/www.nexoinformativo.mx\/index.php\/wp-json\/wp\/v2\/categories?post=16208"},{"taxonomy":"post_tag","embeddable":true,"href":"https:\/\/www.nexoinformativo.mx\/index.php\/wp-json\/wp\/v2\/tags?post=16208"}],"curies":[{"name":"wp","href":"https:\/\/api.w.org\/{rel}","templated":true}]}}