{"id":16214,"date":"2025-06-27T07:15:00","date_gmt":"2025-06-27T13:15:00","guid":{"rendered":"https:\/\/www.nexoinformativo.mx\/?p=16214"},"modified":"2025-06-27T07:51:04","modified_gmt":"2025-06-27T13:51:04","slug":"queretaro-impulsa-su-salud-al-mundo-cluster-medico-firma-convenio-con-cusmex-para-proyeccion-internacional","status":"publish","type":"post","link":"https:\/\/www.nexoinformativo.mx\/index.php\/2025\/06\/27\/queretaro-impulsa-su-salud-al-mundo-cluster-medico-firma-convenio-con-cusmex-para-proyeccion-internacional\/","title":{"rendered":"Quer\u00e9taro impulsa su salud al mundo Cl\u00faster M\u00e9dico firma Convenio con CUSMEX para proyecci\u00f3n Internacional"},"content":{"rendered":"<p style=\"text-align: justify;\">El sector salud de Quer\u00e9taro da un paso gigante hacia su proyecci\u00f3n internacional. La titular de la Secretar\u00eda de Salud del estado, Mar\u00eda Martina P\u00e9rez Rend\u00f3n, fue testigo de honor en la firma de un convenio crucial entre el Cl\u00faster Queretano M\u00e9dico y de Salud A.C. y la C\u00e1mara Internacional de Comercio Canad\u00e1\u2013Estados Unidos\u2013M\u00e9xico (CUSMEX).<\/p>\n<\/p>\n<p>&nbsp;<\/p>\n<p style=\"text-align: justify;\">Este acuerdo tiene como objetivo principal integrar a las unidades hospitalarias de Quer\u00e9taro al programa internacional CUSMEX Health Access, abriendo as\u00ed nuevas puertas a la colaboraci\u00f3n, el desarrollo institucional y, sobre todo, a la visibilidad del sector salud queretano a nivel internacional.<\/p>\n<\/p>\n<p>&nbsp;<\/p>\n<p style=\"text-align: justify;\">P\u00e9rez Rend\u00f3n destac\u00f3 que esta incorporaci\u00f3n es una decisi\u00f3n estrat\u00e9gica de gran visi\u00f3n. Resalt\u00f3 que el gobernador Mauricio Kuri Gonz\u00e1lez reconoce esta iniciativa y reitera su compromiso con proyectos que posicionen a Quer\u00e9taro como un referente en salud, desarrollo econ\u00f3mico y atracci\u00f3n de inversi\u00f3n en sectores clave.<\/p>\n<\/p>\n<p>&nbsp;<\/p>\n<p style=\"text-align: justify;\">El convenio no solo busca estrechar los lazos entre las instituciones m\u00e9dicas de Quer\u00e9taro y los pacientes de Canad\u00e1, Estados Unidos y M\u00e9xico, sino que tambi\u00e9n es un reconocimiento a la calidad, el compromiso y la capacidad del talento humano y las instituciones de salud del estado para competir y colaborar en un contexto global.<\/p>\n<\/p>\n<p>&nbsp;<\/p>\n<p style=\"text-align: justify;\">En la ceremonia de firma estuvieron presentes importantes personalidades, como el vicepresidente del Cl\u00faster, Obed Su\u00e1rez C\u00f3rdova; la directora del Cl\u00faster, Ingrid Nohem\u00ed Dur\u00e1n; el presidente de CUSMEX, V\u00edctor Rosales; y el titular de la Comisi\u00f3n de Turismo de Salud del Cl\u00faster, Alfredo Gobera.<\/p>\n<\/p>\n<p>&nbsp;<\/p>\n<p style=\"text-align: center;\"><em><strong>\u00a1Informaci\u00f3n que transforma!<\/strong><\/em><\/p>\n","protected":false},"excerpt":{"rendered":"<p>El sector salud de Quer\u00e9taro da un paso gigante hacia su proyecci\u00f3n internacional. La titular de la Secretar\u00eda de Salud del estado, Mar\u00eda Martina P\u00e9rez Rend\u00f3n, fue testigo de honor en la firma de un convenio crucial entre el Cl\u00faster Queretano M\u00e9dico y de Salud A.C. y la C\u00e1mara Internacional de Comercio Canad\u00e1\u2013Estados Unidos\u2013M\u00e9xico (CUSMEX).<\/p>\n","protected":false},"author":3,"featured_media":16215,"comment_status":"open","ping_status":"open","sticky":false,"template":"","format":"standard","meta":{"footnotes":""},"categories":[42,58],"tags":[4874,376,1054,4873],"class_list":["post-16214","post","type-post","status-publish","format-standard","has-post-thumbnail","hentry","category-estado","category-ultima-hora","tag-cusmex","tag-internacionalizacion","tag-saludqueretaro","tag-turismomedico"],"yoast_head":"<!-- This site is optimized with the Yoast SEO plugin v25.0 - https:\/\/yoast.com\/wordpress\/plugins\/seo\/ -->\n<title>Quer\u00e9taro impulsa su salud al mundo Cl\u00faster M\u00e9dico firma Convenio con CUSMEX para proyecci\u00f3n Internacional | Nexo Informativo Santiago de Quer\u00e9taro<\/title>\n<meta name=\"description\" content=\"Quer\u00e9taro impulsa su salud al mundo Cl\u00faster M\u00e9dico firma Convenio con CUSMEX para proyecci\u00f3n Internacional\" \/>\n<meta name=\"robots\" content=\"index, follow, max-snippet:-1, max-image-preview:large, max-video-preview:-1\" \/>\n<link rel=\"canonical\" href=\"https:\/\/www.nexoinformativo.mx\/index.php\/2025\/06\/27\/queretaro-impulsa-su-salud-al-mundo-cluster-medico-firma-convenio-con-cusmex-para-proyeccion-internacional\/\" \/>\n<meta property=\"og:locale\" content=\"es_MX\" \/>\n<meta property=\"og:type\" content=\"article\" \/>\n<meta property=\"og:title\" content=\"Quer\u00e9taro impulsa su salud al mundo Cl\u00faster M\u00e9dico firma Convenio con CUSMEX para proyecci\u00f3n Internacional | Nexo Informativo Santiago de Quer\u00e9taro\" \/>\n<meta property=\"og:description\" content=\"Quer\u00e9taro impulsa su salud al mundo Cl\u00faster M\u00e9dico firma Convenio con CUSMEX para proyecci\u00f3n Internacional\" \/>\n<meta property=\"og:url\" content=\"https:\/\/www.nexoinformativo.mx\/index.php\/2025\/06\/27\/queretaro-impulsa-su-salud-al-mundo-cluster-medico-firma-convenio-con-cusmex-para-proyeccion-internacional\/\" \/>\n<meta property=\"og:site_name\" content=\"Nexo Informativo Santiago de Quer\u00e9taro\" \/>\n<meta property=\"article:publisher\" content=\"https:\/\/www.facebook.com\/people\/Nexo-Informativo\/61564066885511\/\" \/>\n<meta property=\"article:published_time\" content=\"2025-06-27T13:15:00+00:00\" \/>\n<meta property=\"article:modified_time\" content=\"2025-06-27T13:51:04+00:00\" \/>\n<meta property=\"og:image\" content=\"https:\/\/www.nexoinformativo.mx\/wp-content\/uploads\/2025\/06\/PHOTO-2025-06-27-07-17-20-e1751032222999.jpg\" \/>\n\t<meta property=\"og:image:width\" content=\"800\" \/>\n\t<meta property=\"og:image:height\" content=\"549\" \/>\n\t<meta property=\"og:image:type\" content=\"image\/jpeg\" \/>\n<meta name=\"author\" content=\"Nexo Informativo\" \/>\n<meta name=\"twitter:card\" content=\"summary_large_image\" \/>\n<meta name=\"twitter:label1\" content=\"Escrito por\" \/>\n\t<meta name=\"twitter:data1\" content=\"Nexo Informativo\" \/>\n\t<meta name=\"twitter:label2\" content=\"Tiempo de lectura\" \/>\n\t<meta name=\"twitter:data2\" content=\"2 minutos\" \/>\n<script type=\"application\/ld+json\" class=\"yoast-schema-graph\">{\"@context\":\"https:\/\/schema.org\",\"@graph\":[{\"@type\":\"Article\",\"@id\":\"https:\/\/www.nexoinformativo.mx\/index.php\/2025\/06\/27\/queretaro-impulsa-su-salud-al-mundo-cluster-medico-firma-convenio-con-cusmex-para-proyeccion-internacional\/#article\",\"isPartOf\":{\"@id\":\"https:\/\/www.nexoinformativo.mx\/index.php\/2025\/06\/27\/queretaro-impulsa-su-salud-al-mundo-cluster-medico-firma-convenio-con-cusmex-para-proyeccion-internacional\/\"},\"author\":{\"name\":\"Nexo Informativo\",\"@id\":\"https:\/\/www.nexoinformativo.mx\/#\/schema\/person\/7749d380ba08c8ca00d7bc76fd907b7d\"},\"headline\":\"Quer\u00e9taro impulsa su salud al mundo Cl\u00faster M\u00e9dico firma Convenio con CUSMEX para proyecci\u00f3n Internacional\",\"datePublished\":\"2025-06-27T13:15:00+00:00\",\"dateModified\":\"2025-06-27T13:51:04+00:00\",\"mainEntityOfPage\":{\"@id\":\"https:\/\/www.nexoinformativo.mx\/index.php\/2025\/06\/27\/queretaro-impulsa-su-salud-al-mundo-cluster-medico-firma-convenio-con-cusmex-para-proyeccion-internacional\/\"},\"wordCount\":309,\"commentCount\":0,\"publisher\":{\"@id\":\"https:\/\/www.nexoinformativo.mx\/#organization\"},\"image\":{\"@id\":\"https:\/\/www.nexoinformativo.mx\/index.php\/2025\/06\/27\/queretaro-impulsa-su-salud-al-mundo-cluster-medico-firma-convenio-con-cusmex-para-proyeccion-internacional\/#primaryimage\"},\"thumbnailUrl\":\"https:\/\/www.nexoinformativo.mx\/wp-content\/uploads\/2025\/06\/PHOTO-2025-06-27-07-17-20-e1751032222999.jpg\",\"keywords\":[\"CUSMEX\",\"Internacionalizaci\u00f3n\",\"SaludQuer\u00e9taro\",\"TurismoM\u00e9dico\"],\"articleSection\":[\"Estado\",\"\u00daltima Hora\"],\"inLanguage\":\"es\",\"potentialAction\":[{\"@type\":\"CommentAction\",\"name\":\"Comment\",\"target\":[\"https:\/\/www.nexoinformativo.mx\/index.php\/2025\/06\/27\/queretaro-impulsa-su-salud-al-mundo-cluster-medico-firma-convenio-con-cusmex-para-proyeccion-internacional\/#respond\"]}]},{\"@type\":\"WebPage\",\"@id\":\"https:\/\/www.nexoinformativo.mx\/index.php\/2025\/06\/27\/queretaro-impulsa-su-salud-al-mundo-cluster-medico-firma-convenio-con-cusmex-para-proyeccion-internacional\/\",\"url\":\"https:\/\/www.nexoinformativo.mx\/index.php\/2025\/06\/27\/queretaro-impulsa-su-salud-al-mundo-cluster-medico-firma-convenio-con-cusmex-para-proyeccion-internacional\/\",\"name\":\"Quer\u00e9taro impulsa su salud al mundo Cl\u00faster M\u00e9dico firma Convenio con CUSMEX para proyecci\u00f3n Internacional | Nexo Informativo Santiago de Quer\u00e9taro\",\"isPartOf\":{\"@id\":\"https:\/\/www.nexoinformativo.mx\/#website\"},\"primaryImageOfPage\":{\"@id\":\"https:\/\/www.nexoinformativo.mx\/index.php\/2025\/06\/27\/queretaro-impulsa-su-salud-al-mundo-cluster-medico-firma-convenio-con-cusmex-para-proyeccion-internacional\/#primaryimage\"},\"image\":{\"@id\":\"https:\/\/www.nexoinformativo.mx\/index.php\/2025\/06\/27\/queretaro-impulsa-su-salud-al-mundo-cluster-medico-firma-convenio-con-cusmex-para-proyeccion-internacional\/#primaryimage\"},\"thumbnailUrl\":\"https:\/\/www.nexoinformativo.mx\/wp-content\/uploads\/2025\/06\/PHOTO-2025-06-27-07-17-20-e1751032222999.jpg\",\"datePublished\":\"2025-06-27T13:15:00+00:00\",\"dateModified\":\"2025-06-27T13:51:04+00:00\",\"description\":\"Quer\u00e9taro impulsa su salud al mundo Cl\u00faster M\u00e9dico firma Convenio con CUSMEX para proyecci\u00f3n Internacional\",\"breadcrumb\":{\"@id\":\"https:\/\/www.nexoinformativo.mx\/index.php\/2025\/06\/27\/queretaro-impulsa-su-salud-al-mundo-cluster-medico-firma-convenio-con-cusmex-para-proyeccion-internacional\/#breadcrumb\"},\"inLanguage\":\"es\",\"potentialAction\":[{\"@type\":\"ReadAction\",\"target\":[\"https:\/\/www.nexoinformativo.mx\/index.php\/2025\/06\/27\/queretaro-impulsa-su-salud-al-mundo-cluster-medico-firma-convenio-con-cusmex-para-proyeccion-internacional\/\"]}]},{\"@type\":\"ImageObject\",\"inLanguage\":\"es\",\"@id\":\"https:\/\/www.nexoinformativo.mx\/index.php\/2025\/06\/27\/queretaro-impulsa-su-salud-al-mundo-cluster-medico-firma-convenio-con-cusmex-para-proyeccion-internacional\/#primaryimage\",\"url\":\"https:\/\/www.nexoinformativo.mx\/wp-content\/uploads\/2025\/06\/PHOTO-2025-06-27-07-17-20-e1751032222999.jpg\",\"contentUrl\":\"https:\/\/www.nexoinformativo.mx\/wp-content\/uploads\/2025\/06\/PHOTO-2025-06-27-07-17-20-e1751032222999.jpg\",\"width\":800,\"height\":549},{\"@type\":\"BreadcrumbList\",\"@id\":\"https:\/\/www.nexoinformativo.mx\/index.php\/2025\/06\/27\/queretaro-impulsa-su-salud-al-mundo-cluster-medico-firma-convenio-con-cusmex-para-proyeccion-internacional\/#breadcrumb\",\"itemListElement\":[{\"@type\":\"ListItem\",\"position\":1,\"name\":\"Inicio\",\"item\":\"https:\/\/www.nexoinformativo.mx\/\"},{\"@type\":\"ListItem\",\"position\":2,\"name\":\"Quer\u00e9taro impulsa su salud al mundo Cl\u00faster M\u00e9dico firma Convenio con CUSMEX para proyecci\u00f3n Internacional\"}]},{\"@type\":\"WebSite\",\"@id\":\"https:\/\/www.nexoinformativo.mx\/#website\",\"url\":\"https:\/\/www.nexoinformativo.mx\/\",\"name\":\"Nexo Informativo Santiago de Quer\u00e9taro\",\"description\":\"Explora NexoInformativo y convi\u00e9rtete en parte de una comunidad que valora el conocimiento y la verdad. Tu nexoinformativo es tu puente hacia una comprensi\u00f3n m\u00e1s profunda del mundo que te rodea.\",\"publisher\":{\"@id\":\"https:\/\/www.nexoinformativo.mx\/#organization\"},\"potentialAction\":[{\"@type\":\"SearchAction\",\"target\":{\"@type\":\"EntryPoint\",\"urlTemplate\":\"https:\/\/www.nexoinformativo.mx\/?s={search_term_string}\"},\"query-input\":{\"@type\":\"PropertyValueSpecification\",\"valueRequired\":true,\"valueName\":\"search_term_string\"}}],\"inLanguage\":\"es\"},{\"@type\":\"Organization\",\"@id\":\"https:\/\/www.nexoinformativo.mx\/#organization\",\"name\":\"Nexo Informativo Santiago de Quer\u00e9taro\",\"url\":\"https:\/\/www.nexoinformativo.mx\/\",\"logo\":{\"@type\":\"ImageObject\",\"inLanguage\":\"es\",\"@id\":\"https:\/\/www.nexoinformativo.mx\/#\/schema\/logo\/image\/\",\"url\":\"https:\/\/www.nexoinformativo.mx\/wp-content\/uploads\/2024\/07\/nexoi-trasparente-2.png\",\"contentUrl\":\"https:\/\/www.nexoinformativo.mx\/wp-content\/uploads\/2024\/07\/nexoi-trasparente-2.png\",\"width\":816,\"height\":339,\"caption\":\"Nexo Informativo Santiago de Quer\u00e9taro\"},\"image\":{\"@id\":\"https:\/\/www.nexoinformativo.mx\/#\/schema\/logo\/image\/\"},\"sameAs\":[\"https:\/\/www.facebook.com\/people\/Nexo-Informativo\/61564066885511\/\"]},{\"@type\":\"Person\",\"@id\":\"https:\/\/www.nexoinformativo.mx\/#\/schema\/person\/7749d380ba08c8ca00d7bc76fd907b7d\",\"name\":\"Nexo Informativo\",\"image\":{\"@type\":\"ImageObject\",\"inLanguage\":\"es\",\"@id\":\"https:\/\/www.nexoinformativo.mx\/#\/schema\/person\/image\/\",\"url\":\"https:\/\/secure.gravatar.com\/avatar\/dde2928154642a13d95f87ddf1ea9718fe2b46760a005c53e41ff5ad610704e6?s=96&d=mm&r=g\",\"contentUrl\":\"https:\/\/secure.gravatar.com\/avatar\/dde2928154642a13d95f87ddf1ea9718fe2b46760a005c53e41ff5ad610704e6?s=96&d=mm&r=g\",\"caption\":\"Nexo Informativo\"},\"url\":\"https:\/\/www.nexoinformativo.mx\/index.php\/author\/edicion\/\"}]}<\/script>\n<!-- \/ Yoast SEO plugin. -->","yoast_head_json":{"title":"Quer\u00e9taro impulsa su salud al mundo Cl\u00faster M\u00e9dico firma Convenio con CUSMEX para proyecci\u00f3n Internacional | Nexo Informativo Santiago de Quer\u00e9taro","description":"Quer\u00e9taro impulsa su salud al mundo Cl\u00faster M\u00e9dico firma Convenio con CUSMEX para proyecci\u00f3n Internacional","robots":{"index":"index","follow":"follow","max-snippet":"max-snippet:-1","max-image-preview":"max-image-preview:large","max-video-preview":"max-video-preview:-1"},"canonical":"https:\/\/www.nexoinformativo.mx\/index.php\/2025\/06\/27\/queretaro-impulsa-su-salud-al-mundo-cluster-medico-firma-convenio-con-cusmex-para-proyeccion-internacional\/","og_locale":"es_MX","og_type":"article","og_title":"Quer\u00e9taro impulsa su salud al mundo Cl\u00faster M\u00e9dico firma Convenio con CUSMEX para proyecci\u00f3n Internacional | Nexo Informativo Santiago de Quer\u00e9taro","og_description":"Quer\u00e9taro impulsa su salud al mundo Cl\u00faster M\u00e9dico firma Convenio con CUSMEX para proyecci\u00f3n Internacional","og_url":"https:\/\/www.nexoinformativo.mx\/index.php\/2025\/06\/27\/queretaro-impulsa-su-salud-al-mundo-cluster-medico-firma-convenio-con-cusmex-para-proyeccion-internacional\/","og_site_name":"Nexo Informativo Santiago de Quer\u00e9taro","article_publisher":"https:\/\/www.facebook.com\/people\/Nexo-Informativo\/61564066885511\/","article_published_time":"2025-06-27T13:15:00+00:00","article_modified_time":"2025-06-27T13:51:04+00:00","og_image":[{"width":800,"height":549,"url":"https:\/\/www.nexoinformativo.mx\/wp-content\/uploads\/2025\/06\/PHOTO-2025-06-27-07-17-20-e1751032222999.jpg","type":"image\/jpeg"}],"author":"Nexo Informativo","twitter_card":"summary_large_image","twitter_misc":{"Escrito por":"Nexo Informativo","Tiempo de lectura":"2 minutos"},"schema":{"@context":"https:\/\/schema.org","@graph":[{"@type":"Article","@id":"https:\/\/www.nexoinformativo.mx\/index.php\/2025\/06\/27\/queretaro-impulsa-su-salud-al-mundo-cluster-medico-firma-convenio-con-cusmex-para-proyeccion-internacional\/#article","isPartOf":{"@id":"https:\/\/www.nexoinformativo.mx\/index.php\/2025\/06\/27\/queretaro-impulsa-su-salud-al-mundo-cluster-medico-firma-convenio-con-cusmex-para-proyeccion-internacional\/"},"author":{"name":"Nexo Informativo","@id":"https:\/\/www.nexoinformativo.mx\/#\/schema\/person\/7749d380ba08c8ca00d7bc76fd907b7d"},"headline":"Quer\u00e9taro impulsa su salud al mundo Cl\u00faster M\u00e9dico firma Convenio con CUSMEX para proyecci\u00f3n Internacional","datePublished":"2025-06-27T13:15:00+00:00","dateModified":"2025-06-27T13:51:04+00:00","mainEntityOfPage":{"@id":"https:\/\/www.nexoinformativo.mx\/index.php\/2025\/06\/27\/queretaro-impulsa-su-salud-al-mundo-cluster-medico-firma-convenio-con-cusmex-para-proyeccion-internacional\/"},"wordCount":309,"commentCount":0,"publisher":{"@id":"https:\/\/www.nexoinformativo.mx\/#organization"},"image":{"@id":"https:\/\/www.nexoinformativo.mx\/index.php\/2025\/06\/27\/queretaro-impulsa-su-salud-al-mundo-cluster-medico-firma-convenio-con-cusmex-para-proyeccion-internacional\/#primaryimage"},"thumbnailUrl":"https:\/\/www.nexoinformativo.mx\/wp-content\/uploads\/2025\/06\/PHOTO-2025-06-27-07-17-20-e1751032222999.jpg","keywords":["CUSMEX","Internacionalizaci\u00f3n","SaludQuer\u00e9taro","TurismoM\u00e9dico"],"articleSection":["Estado","\u00daltima Hora"],"inLanguage":"es","potentialAction":[{"@type":"CommentAction","name":"Comment","target":["https:\/\/www.nexoinformativo.mx\/index.php\/2025\/06\/27\/queretaro-impulsa-su-salud-al-mundo-cluster-medico-firma-convenio-con-cusmex-para-proyeccion-internacional\/#respond"]}]},{"@type":"WebPage","@id":"https:\/\/www.nexoinformativo.mx\/index.php\/2025\/06\/27\/queretaro-impulsa-su-salud-al-mundo-cluster-medico-firma-convenio-con-cusmex-para-proyeccion-internacional\/","url":"https:\/\/www.nexoinformativo.mx\/index.php\/2025\/06\/27\/queretaro-impulsa-su-salud-al-mundo-cluster-medico-firma-convenio-con-cusmex-para-proyeccion-internacional\/","name":"Quer\u00e9taro impulsa su salud al mundo Cl\u00faster M\u00e9dico firma Convenio con CUSMEX para proyecci\u00f3n Internacional | Nexo Informativo Santiago de Quer\u00e9taro","isPartOf":{"@id":"https:\/\/www.nexoinformativo.mx\/#website"},"primaryImageOfPage":{"@id":"https:\/\/www.nexoinformativo.mx\/index.php\/2025\/06\/27\/queretaro-impulsa-su-salud-al-mundo-cluster-medico-firma-convenio-con-cusmex-para-proyeccion-internacional\/#primaryimage"},"image":{"@id":"https:\/\/www.nexoinformativo.mx\/index.php\/2025\/06\/27\/queretaro-impulsa-su-salud-al-mundo-cluster-medico-firma-convenio-con-cusmex-para-proyeccion-internacional\/#primaryimage"},"thumbnailUrl":"https:\/\/www.nexoinformativo.mx\/wp-content\/uploads\/2025\/06\/PHOTO-2025-06-27-07-17-20-e1751032222999.jpg","datePublished":"2025-06-27T13:15:00+00:00","dateModified":"2025-06-27T13:51:04+00:00","description":"Quer\u00e9taro impulsa su salud al mundo Cl\u00faster M\u00e9dico firma Convenio con CUSMEX para proyecci\u00f3n Internacional","breadcrumb":{"@id":"https:\/\/www.nexoinformativo.mx\/index.php\/2025\/06\/27\/queretaro-impulsa-su-salud-al-mundo-cluster-medico-firma-convenio-con-cusmex-para-proyeccion-internacional\/#breadcrumb"},"inLanguage":"es","potentialAction":[{"@type":"ReadAction","target":["https:\/\/www.nexoinformativo.mx\/index.php\/2025\/06\/27\/queretaro-impulsa-su-salud-al-mundo-cluster-medico-firma-convenio-con-cusmex-para-proyeccion-internacional\/"]}]},{"@type":"ImageObject","inLanguage":"es","@id":"https:\/\/www.nexoinformativo.mx\/index.php\/2025\/06\/27\/queretaro-impulsa-su-salud-al-mundo-cluster-medico-firma-convenio-con-cusmex-para-proyeccion-internacional\/#primaryimage","url":"https:\/\/www.nexoinformativo.mx\/wp-content\/uploads\/2025\/06\/PHOTO-2025-06-27-07-17-20-e1751032222999.jpg","contentUrl":"https:\/\/www.nexoinformativo.mx\/wp-content\/uploads\/2025\/06\/PHOTO-2025-06-27-07-17-20-e1751032222999.jpg","width":800,"height":549},{"@type":"BreadcrumbList","@id":"https:\/\/www.nexoinformativo.mx\/index.php\/2025\/06\/27\/queretaro-impulsa-su-salud-al-mundo-cluster-medico-firma-convenio-con-cusmex-para-proyeccion-internacional\/#breadcrumb","itemListElement":[{"@type":"ListItem","position":1,"name":"Inicio","item":"https:\/\/www.nexoinformativo.mx\/"},{"@type":"ListItem","position":2,"name":"Quer\u00e9taro impulsa su salud al mundo Cl\u00faster M\u00e9dico firma Convenio con CUSMEX para proyecci\u00f3n Internacional"}]},{"@type":"WebSite","@id":"https:\/\/www.nexoinformativo.mx\/#website","url":"https:\/\/www.nexoinformativo.mx\/","name":"Nexo Informativo Santiago de Quer\u00e9taro","description":"Explora NexoInformativo y convi\u00e9rtete en parte de una comunidad que valora el conocimiento y la verdad. Tu nexoinformativo es tu puente hacia una comprensi\u00f3n m\u00e1s profunda del mundo que te rodea.","publisher":{"@id":"https:\/\/www.nexoinformativo.mx\/#organization"},"potentialAction":[{"@type":"SearchAction","target":{"@type":"EntryPoint","urlTemplate":"https:\/\/www.nexoinformativo.mx\/?s={search_term_string}"},"query-input":{"@type":"PropertyValueSpecification","valueRequired":true,"valueName":"search_term_string"}}],"inLanguage":"es"},{"@type":"Organization","@id":"https:\/\/www.nexoinformativo.mx\/#organization","name":"Nexo Informativo Santiago de Quer\u00e9taro","url":"https:\/\/www.nexoinformativo.mx\/","logo":{"@type":"ImageObject","inLanguage":"es","@id":"https:\/\/www.nexoinformativo.mx\/#\/schema\/logo\/image\/","url":"https:\/\/www.nexoinformativo.mx\/wp-content\/uploads\/2024\/07\/nexoi-trasparente-2.png","contentUrl":"https:\/\/www.nexoinformativo.mx\/wp-content\/uploads\/2024\/07\/nexoi-trasparente-2.png","width":816,"height":339,"caption":"Nexo Informativo Santiago de Quer\u00e9taro"},"image":{"@id":"https:\/\/www.nexoinformativo.mx\/#\/schema\/logo\/image\/"},"sameAs":["https:\/\/www.facebook.com\/people\/Nexo-Informativo\/61564066885511\/"]},{"@type":"Person","@id":"https:\/\/www.nexoinformativo.mx\/#\/schema\/person\/7749d380ba08c8ca00d7bc76fd907b7d","name":"Nexo Informativo","image":{"@type":"ImageObject","inLanguage":"es","@id":"https:\/\/www.nexoinformativo.mx\/#\/schema\/person\/image\/","url":"https:\/\/secure.gravatar.com\/avatar\/dde2928154642a13d95f87ddf1ea9718fe2b46760a005c53e41ff5ad610704e6?s=96&d=mm&r=g","contentUrl":"https:\/\/secure.gravatar.com\/avatar\/dde2928154642a13d95f87ddf1ea9718fe2b46760a005c53e41ff5ad610704e6?s=96&d=mm&r=g","caption":"Nexo Informativo"},"url":"https:\/\/www.nexoinformativo.mx\/index.php\/author\/edicion\/"}]}},"_links":{"self":[{"href":"https:\/\/www.nexoinformativo.mx\/index.php\/wp-json\/wp\/v2\/posts\/16214","targetHints":{"allow":["GET"]}}],"collection":[{"href":"https:\/\/www.nexoinformativo.mx\/index.php\/wp-json\/wp\/v2\/posts"}],"about":[{"href":"https:\/\/www.nexoinformativo.mx\/index.php\/wp-json\/wp\/v2\/types\/post"}],"author":[{"embeddable":true,"href":"https:\/\/www.nexoinformativo.mx\/index.php\/wp-json\/wp\/v2\/users\/3"}],"replies":[{"embeddable":true,"href":"https:\/\/www.nexoinformativo.mx\/index.php\/wp-json\/wp\/v2\/comments?post=16214"}],"version-history":[{"count":3,"href":"https:\/\/www.nexoinformativo.mx\/index.php\/wp-json\/wp\/v2\/posts\/16214\/revisions"}],"predecessor-version":[{"id":16218,"href":"https:\/\/www.nexoinformativo.mx\/index.php\/wp-json\/wp\/v2\/posts\/16214\/revisions\/16218"}],"wp:featuredmedia":[{"embeddable":true,"href":"https:\/\/www.nexoinformativo.mx\/index.php\/wp-json\/wp\/v2\/media\/16215"}],"wp:attachment":[{"href":"https:\/\/www.nexoinformativo.mx\/index.php\/wp-json\/wp\/v2\/media?parent=16214"}],"wp:term":[{"taxonomy":"category","embeddable":true,"href":"https:\/\/www.nexoinformativo.mx\/index.php\/wp-json\/wp\/v2\/categories?post=16214"},{"taxonomy":"post_tag","embeddable":true,"href":"https:\/\/www.nexoinformativo.mx\/index.php\/wp-json\/wp\/v2\/tags?post=16214"}],"curies":[{"name":"wp","href":"https:\/\/api.w.org\/{rel}","templated":true}]}}