{"id":16219,"date":"2025-06-27T07:30:15","date_gmt":"2025-06-27T13:30:15","guid":{"rendered":"https:\/\/www.nexoinformativo.mx\/?p=16219"},"modified":"2025-06-27T07:55:35","modified_gmt":"2025-06-27T13:55:35","slug":"inversion-y-pymes-queretaro-refuerza-su-presencia-global-con-el-sello-hecho-en-mexico","status":"publish","type":"post","link":"https:\/\/www.nexoinformativo.mx\/index.php\/2025\/06\/27\/inversion-y-pymes-queretaro-refuerza-su-presencia-global-con-el-sello-hecho-en-mexico\/","title":{"rendered":"Inversi\u00f3n y PyMEs Quer\u00e9taro refuerza su presencia global con el sello &#8220;Hecho en M\u00e9xico&#8221;"},"content":{"rendered":"<p style=\"text-align: justify;\">El titular de la Secretar\u00eda de Desarrollo Sustentable (SEDESU), Marco Antonio Del Prete, particip\u00f3 en el Foro \u201cHecho en M\u00e9xico\u201d, donde destac\u00f3 la alta calidad de los productos queretanos respaldados por este distintivo nacional.<\/p>\n<\/p>\n<p>&nbsp;<\/p>\n<p style=\"text-align: justify;\">Del Prete enfatiz\u00f3 que, desde el inicio de la administraci\u00f3n, la instrucci\u00f3n del gobernador Mauricio Kuri ha sido clara: lograr que &#8220;m\u00e1s mundo estuviera en Quer\u00e9taro y m\u00e1s Quer\u00e9taro estuviera en el mundo&#8221;. Explic\u00f3 que se busca atraer empresas que beneficien tanto las exportaciones como el mercado interno.<\/p>\n<\/p>\n<p>&nbsp;<\/p>\n<p style=\"text-align: justify;\">El secretario subray\u00f3 el compromiso del Gobierno del Estado con las Peque\u00f1as y Medianas Empresas (PyMEs). Al impulsarlas, no solo se fortalece la base econ\u00f3mica, sino que se les brinda la oportunidad de darse a conocer globalmente a trav\u00e9s de esfuerzos como la participaci\u00f3n en ferias internacionales.<\/p>\n<\/p>\n<p>&nbsp;<\/p>\n<p style=\"text-align: justify;\">&#8220;Todo lo que se produce en Quer\u00e9taro llega a muchas partes del mundo. Empezamos a producir procesos metalmec\u00e1nicos, electrodom\u00e9sticos, autopartes, pero la evoluci\u00f3n nos ha permitido presentar al estado en el mundo. Hoy exportamos sistemas automotrices y turbinas que se ensamblan en Quer\u00e9taro y somos uno de los 3 lugares donde se ensamblan en el mundo\u201d, finaliz\u00f3 Del Prete.<\/p>\n<\/p>\n<p>&nbsp;<\/p>\n<p style=\"text-align: justify;\">B\u00e1rbara Botello Santib\u00e1\u00f1ez, responsable del Plan de Marca Nacional Hecho En M\u00e9xico y representante del secretario de Econom\u00eda, Marcelo Ebrard, destac\u00f3 que no es casualidad que el evento se realizara en Quer\u00e9taro. Reconoci\u00f3 al estado como una tierra de lucha, trabajo y como la cuna de la Constituci\u00f3n, adem\u00e1s de ser uno de los estados m\u00e1s s\u00f3lidos del pa\u00eds.<\/p>\n<\/p>\n<p>&nbsp;<\/p>\n<p style=\"text-align: justify;\">Botello Santib\u00e1\u00f1ez afirm\u00f3 que promover la marca &#8220;Hecho en M\u00e9xico&#8221; es mostrar la calidad de lo que los mexicanos son capaces de hacer. Este distintivo, lanzado dentro del Plan M\u00e9xico, es un proyecto claro para fortalecer la econom\u00eda nacional al fomentar el consumo de productos locales y reducir las importaciones.<\/p>\n<\/p>\n<p>&nbsp;<\/p>\n<p style=\"text-align: justify;\">El evento cont\u00f3 con la presencia de destacadas personalidades como Santiago Nieto, director general del IMPI; la Diputada Claudia D\u00edaz; y Gabriela Burgos, directora de Emprendimiento del Municipio de Quer\u00e9taro.<\/p>\n<\/p>\n<p>&nbsp;<\/p>\n<p style=\"text-align: center;\"><em><strong>\u00a1Informaci\u00f3n que transforma!<\/strong><\/em><\/p>\n","protected":false},"excerpt":{"rendered":"<p>El titular de la Secretar\u00eda de Desarrollo Sustentable (SEDESU), Marco Antonio Del Prete, particip\u00f3 en el Foro \u201cHecho en M\u00e9xico\u201d, donde destac\u00f3 la alta calidad de los productos queretanos respaldados por este distintivo nacional.<\/p>\n","protected":false},"author":3,"featured_media":16220,"comment_status":"open","ping_status":"open","sticky":false,"template":"","format":"standard","meta":{"footnotes":""},"categories":[5,42,58],"tags":[3389,2818,133,1876],"class_list":["post-16219","post","type-post","status-publish","format-standard","has-post-thumbnail","hentry","category-economia","category-estado","category-ultima-hora","tag-hechoenmexico","tag-pymes","tag-queretaro","tag-sedesu"],"yoast_head":"<!-- This site is optimized with the Yoast SEO plugin v25.0 - https:\/\/yoast.com\/wordpress\/plugins\/seo\/ -->\n<title>Inversi\u00f3n y PyMEs Quer\u00e9taro refuerza su presencia global con el sello &quot;Hecho en M\u00e9xico&quot; | Nexo Informativo Santiago de Quer\u00e9taro<\/title>\n<meta name=\"description\" content=\"Inversi\u00f3n y PyMEs Quer\u00e9taro refuerza su presencia global con el sello &quot;Hecho en M\u00e9xico&quot;\" \/>\n<meta name=\"robots\" content=\"index, follow, max-snippet:-1, max-image-preview:large, max-video-preview:-1\" \/>\n<link rel=\"canonical\" href=\"https:\/\/www.nexoinformativo.mx\/index.php\/2025\/06\/27\/inversion-y-pymes-queretaro-refuerza-su-presencia-global-con-el-sello-hecho-en-mexico\/\" \/>\n<meta property=\"og:locale\" content=\"es_MX\" \/>\n<meta property=\"og:type\" content=\"article\" \/>\n<meta property=\"og:title\" content=\"Inversi\u00f3n y PyMEs Quer\u00e9taro refuerza su presencia global con el sello &quot;Hecho en M\u00e9xico&quot; | Nexo Informativo Santiago de Quer\u00e9taro\" \/>\n<meta property=\"og:description\" content=\"Inversi\u00f3n y PyMEs Quer\u00e9taro refuerza su presencia global con el sello &quot;Hecho en M\u00e9xico&quot;\" \/>\n<meta property=\"og:url\" content=\"https:\/\/www.nexoinformativo.mx\/index.php\/2025\/06\/27\/inversion-y-pymes-queretaro-refuerza-su-presencia-global-con-el-sello-hecho-en-mexico\/\" \/>\n<meta property=\"og:site_name\" content=\"Nexo Informativo Santiago de Quer\u00e9taro\" \/>\n<meta property=\"article:publisher\" content=\"https:\/\/www.facebook.com\/people\/Nexo-Informativo\/61564066885511\/\" \/>\n<meta property=\"article:published_time\" content=\"2025-06-27T13:30:15+00:00\" \/>\n<meta property=\"article:modified_time\" content=\"2025-06-27T13:55:35+00:00\" \/>\n<meta property=\"og:image\" content=\"https:\/\/www.nexoinformativo.mx\/wp-content\/uploads\/2025\/06\/PHOTO-2025-06-27-07-19-19-e1751032474335.jpg\" \/>\n\t<meta property=\"og:image:width\" content=\"800\" \/>\n\t<meta property=\"og:image:height\" content=\"533\" \/>\n\t<meta property=\"og:image:type\" content=\"image\/jpeg\" \/>\n<meta name=\"author\" content=\"Nexo Informativo\" \/>\n<meta name=\"twitter:card\" content=\"summary_large_image\" \/>\n<meta name=\"twitter:label1\" content=\"Escrito por\" \/>\n\t<meta name=\"twitter:data1\" content=\"Nexo Informativo\" \/>\n\t<meta name=\"twitter:label2\" content=\"Tiempo de lectura\" \/>\n\t<meta name=\"twitter:data2\" content=\"2 minutos\" \/>\n<script type=\"application\/ld+json\" class=\"yoast-schema-graph\">{\"@context\":\"https:\/\/schema.org\",\"@graph\":[{\"@type\":\"Article\",\"@id\":\"https:\/\/www.nexoinformativo.mx\/index.php\/2025\/06\/27\/inversion-y-pymes-queretaro-refuerza-su-presencia-global-con-el-sello-hecho-en-mexico\/#article\",\"isPartOf\":{\"@id\":\"https:\/\/www.nexoinformativo.mx\/index.php\/2025\/06\/27\/inversion-y-pymes-queretaro-refuerza-su-presencia-global-con-el-sello-hecho-en-mexico\/\"},\"author\":{\"name\":\"Nexo Informativo\",\"@id\":\"https:\/\/www.nexoinformativo.mx\/#\/schema\/person\/7749d380ba08c8ca00d7bc76fd907b7d\"},\"headline\":\"Inversi\u00f3n y PyMEs Quer\u00e9taro refuerza su presencia global con el sello &#8220;Hecho en M\u00e9xico&#8221;\",\"datePublished\":\"2025-06-27T13:30:15+00:00\",\"dateModified\":\"2025-06-27T13:55:35+00:00\",\"mainEntityOfPage\":{\"@id\":\"https:\/\/www.nexoinformativo.mx\/index.php\/2025\/06\/27\/inversion-y-pymes-queretaro-refuerza-su-presencia-global-con-el-sello-hecho-en-mexico\/\"},\"wordCount\":387,\"commentCount\":0,\"publisher\":{\"@id\":\"https:\/\/www.nexoinformativo.mx\/#organization\"},\"image\":{\"@id\":\"https:\/\/www.nexoinformativo.mx\/index.php\/2025\/06\/27\/inversion-y-pymes-queretaro-refuerza-su-presencia-global-con-el-sello-hecho-en-mexico\/#primaryimage\"},\"thumbnailUrl\":\"https:\/\/www.nexoinformativo.mx\/wp-content\/uploads\/2025\/06\/PHOTO-2025-06-27-07-19-19-e1751032474335.jpg\",\"keywords\":[\"HechoEnM\u00e9xico\",\"PYMES\",\"Quer\u00e9taro\",\"SEDESU\"],\"articleSection\":[\"Econom\u00eda\",\"Estado\",\"\u00daltima Hora\"],\"inLanguage\":\"es\",\"potentialAction\":[{\"@type\":\"CommentAction\",\"name\":\"Comment\",\"target\":[\"https:\/\/www.nexoinformativo.mx\/index.php\/2025\/06\/27\/inversion-y-pymes-queretaro-refuerza-su-presencia-global-con-el-sello-hecho-en-mexico\/#respond\"]}]},{\"@type\":\"WebPage\",\"@id\":\"https:\/\/www.nexoinformativo.mx\/index.php\/2025\/06\/27\/inversion-y-pymes-queretaro-refuerza-su-presencia-global-con-el-sello-hecho-en-mexico\/\",\"url\":\"https:\/\/www.nexoinformativo.mx\/index.php\/2025\/06\/27\/inversion-y-pymes-queretaro-refuerza-su-presencia-global-con-el-sello-hecho-en-mexico\/\",\"name\":\"Inversi\u00f3n y PyMEs Quer\u00e9taro refuerza su presencia global con el sello \\\"Hecho en M\u00e9xico\\\" | Nexo Informativo Santiago de Quer\u00e9taro\",\"isPartOf\":{\"@id\":\"https:\/\/www.nexoinformativo.mx\/#website\"},\"primaryImageOfPage\":{\"@id\":\"https:\/\/www.nexoinformativo.mx\/index.php\/2025\/06\/27\/inversion-y-pymes-queretaro-refuerza-su-presencia-global-con-el-sello-hecho-en-mexico\/#primaryimage\"},\"image\":{\"@id\":\"https:\/\/www.nexoinformativo.mx\/index.php\/2025\/06\/27\/inversion-y-pymes-queretaro-refuerza-su-presencia-global-con-el-sello-hecho-en-mexico\/#primaryimage\"},\"thumbnailUrl\":\"https:\/\/www.nexoinformativo.mx\/wp-content\/uploads\/2025\/06\/PHOTO-2025-06-27-07-19-19-e1751032474335.jpg\",\"datePublished\":\"2025-06-27T13:30:15+00:00\",\"dateModified\":\"2025-06-27T13:55:35+00:00\",\"description\":\"Inversi\u00f3n y PyMEs Quer\u00e9taro refuerza su presencia global con el sello \\\"Hecho en M\u00e9xico\\\"\",\"breadcrumb\":{\"@id\":\"https:\/\/www.nexoinformativo.mx\/index.php\/2025\/06\/27\/inversion-y-pymes-queretaro-refuerza-su-presencia-global-con-el-sello-hecho-en-mexico\/#breadcrumb\"},\"inLanguage\":\"es\",\"potentialAction\":[{\"@type\":\"ReadAction\",\"target\":[\"https:\/\/www.nexoinformativo.mx\/index.php\/2025\/06\/27\/inversion-y-pymes-queretaro-refuerza-su-presencia-global-con-el-sello-hecho-en-mexico\/\"]}]},{\"@type\":\"ImageObject\",\"inLanguage\":\"es\",\"@id\":\"https:\/\/www.nexoinformativo.mx\/index.php\/2025\/06\/27\/inversion-y-pymes-queretaro-refuerza-su-presencia-global-con-el-sello-hecho-en-mexico\/#primaryimage\",\"url\":\"https:\/\/www.nexoinformativo.mx\/wp-content\/uploads\/2025\/06\/PHOTO-2025-06-27-07-19-19-e1751032474335.jpg\",\"contentUrl\":\"https:\/\/www.nexoinformativo.mx\/wp-content\/uploads\/2025\/06\/PHOTO-2025-06-27-07-19-19-e1751032474335.jpg\",\"width\":800,\"height\":533},{\"@type\":\"BreadcrumbList\",\"@id\":\"https:\/\/www.nexoinformativo.mx\/index.php\/2025\/06\/27\/inversion-y-pymes-queretaro-refuerza-su-presencia-global-con-el-sello-hecho-en-mexico\/#breadcrumb\",\"itemListElement\":[{\"@type\":\"ListItem\",\"position\":1,\"name\":\"Inicio\",\"item\":\"https:\/\/www.nexoinformativo.mx\/\"},{\"@type\":\"ListItem\",\"position\":2,\"name\":\"Inversi\u00f3n y PyMEs Quer\u00e9taro refuerza su presencia global con el sello &#8220;Hecho en M\u00e9xico&#8221;\"}]},{\"@type\":\"WebSite\",\"@id\":\"https:\/\/www.nexoinformativo.mx\/#website\",\"url\":\"https:\/\/www.nexoinformativo.mx\/\",\"name\":\"Nexo Informativo Santiago de Quer\u00e9taro\",\"description\":\"Explora NexoInformativo y convi\u00e9rtete en parte de una comunidad que valora el conocimiento y la verdad. Tu nexoinformativo es tu puente hacia una comprensi\u00f3n m\u00e1s profunda del mundo que te rodea.\",\"publisher\":{\"@id\":\"https:\/\/www.nexoinformativo.mx\/#organization\"},\"potentialAction\":[{\"@type\":\"SearchAction\",\"target\":{\"@type\":\"EntryPoint\",\"urlTemplate\":\"https:\/\/www.nexoinformativo.mx\/?s={search_term_string}\"},\"query-input\":{\"@type\":\"PropertyValueSpecification\",\"valueRequired\":true,\"valueName\":\"search_term_string\"}}],\"inLanguage\":\"es\"},{\"@type\":\"Organization\",\"@id\":\"https:\/\/www.nexoinformativo.mx\/#organization\",\"name\":\"Nexo Informativo Santiago de Quer\u00e9taro\",\"url\":\"https:\/\/www.nexoinformativo.mx\/\",\"logo\":{\"@type\":\"ImageObject\",\"inLanguage\":\"es\",\"@id\":\"https:\/\/www.nexoinformativo.mx\/#\/schema\/logo\/image\/\",\"url\":\"https:\/\/www.nexoinformativo.mx\/wp-content\/uploads\/2024\/07\/nexoi-trasparente-2.png\",\"contentUrl\":\"https:\/\/www.nexoinformativo.mx\/wp-content\/uploads\/2024\/07\/nexoi-trasparente-2.png\",\"width\":816,\"height\":339,\"caption\":\"Nexo Informativo Santiago de Quer\u00e9taro\"},\"image\":{\"@id\":\"https:\/\/www.nexoinformativo.mx\/#\/schema\/logo\/image\/\"},\"sameAs\":[\"https:\/\/www.facebook.com\/people\/Nexo-Informativo\/61564066885511\/\"]},{\"@type\":\"Person\",\"@id\":\"https:\/\/www.nexoinformativo.mx\/#\/schema\/person\/7749d380ba08c8ca00d7bc76fd907b7d\",\"name\":\"Nexo Informativo\",\"image\":{\"@type\":\"ImageObject\",\"inLanguage\":\"es\",\"@id\":\"https:\/\/www.nexoinformativo.mx\/#\/schema\/person\/image\/\",\"url\":\"https:\/\/secure.gravatar.com\/avatar\/dde2928154642a13d95f87ddf1ea9718fe2b46760a005c53e41ff5ad610704e6?s=96&d=mm&r=g\",\"contentUrl\":\"https:\/\/secure.gravatar.com\/avatar\/dde2928154642a13d95f87ddf1ea9718fe2b46760a005c53e41ff5ad610704e6?s=96&d=mm&r=g\",\"caption\":\"Nexo Informativo\"},\"url\":\"https:\/\/www.nexoinformativo.mx\/index.php\/author\/edicion\/\"}]}<\/script>\n<!-- \/ Yoast SEO plugin. -->","yoast_head_json":{"title":"Inversi\u00f3n y PyMEs Quer\u00e9taro refuerza su presencia global con el sello \"Hecho en M\u00e9xico\" | Nexo Informativo Santiago de Quer\u00e9taro","description":"Inversi\u00f3n y PyMEs Quer\u00e9taro refuerza su presencia global con el sello \"Hecho en M\u00e9xico\"","robots":{"index":"index","follow":"follow","max-snippet":"max-snippet:-1","max-image-preview":"max-image-preview:large","max-video-preview":"max-video-preview:-1"},"canonical":"https:\/\/www.nexoinformativo.mx\/index.php\/2025\/06\/27\/inversion-y-pymes-queretaro-refuerza-su-presencia-global-con-el-sello-hecho-en-mexico\/","og_locale":"es_MX","og_type":"article","og_title":"Inversi\u00f3n y PyMEs Quer\u00e9taro refuerza su presencia global con el sello \"Hecho en M\u00e9xico\" | Nexo Informativo Santiago de Quer\u00e9taro","og_description":"Inversi\u00f3n y PyMEs Quer\u00e9taro refuerza su presencia global con el sello \"Hecho en M\u00e9xico\"","og_url":"https:\/\/www.nexoinformativo.mx\/index.php\/2025\/06\/27\/inversion-y-pymes-queretaro-refuerza-su-presencia-global-con-el-sello-hecho-en-mexico\/","og_site_name":"Nexo Informativo Santiago de Quer\u00e9taro","article_publisher":"https:\/\/www.facebook.com\/people\/Nexo-Informativo\/61564066885511\/","article_published_time":"2025-06-27T13:30:15+00:00","article_modified_time":"2025-06-27T13:55:35+00:00","og_image":[{"width":800,"height":533,"url":"https:\/\/www.nexoinformativo.mx\/wp-content\/uploads\/2025\/06\/PHOTO-2025-06-27-07-19-19-e1751032474335.jpg","type":"image\/jpeg"}],"author":"Nexo Informativo","twitter_card":"summary_large_image","twitter_misc":{"Escrito por":"Nexo Informativo","Tiempo de lectura":"2 minutos"},"schema":{"@context":"https:\/\/schema.org","@graph":[{"@type":"Article","@id":"https:\/\/www.nexoinformativo.mx\/index.php\/2025\/06\/27\/inversion-y-pymes-queretaro-refuerza-su-presencia-global-con-el-sello-hecho-en-mexico\/#article","isPartOf":{"@id":"https:\/\/www.nexoinformativo.mx\/index.php\/2025\/06\/27\/inversion-y-pymes-queretaro-refuerza-su-presencia-global-con-el-sello-hecho-en-mexico\/"},"author":{"name":"Nexo Informativo","@id":"https:\/\/www.nexoinformativo.mx\/#\/schema\/person\/7749d380ba08c8ca00d7bc76fd907b7d"},"headline":"Inversi\u00f3n y PyMEs Quer\u00e9taro refuerza su presencia global con el sello &#8220;Hecho en M\u00e9xico&#8221;","datePublished":"2025-06-27T13:30:15+00:00","dateModified":"2025-06-27T13:55:35+00:00","mainEntityOfPage":{"@id":"https:\/\/www.nexoinformativo.mx\/index.php\/2025\/06\/27\/inversion-y-pymes-queretaro-refuerza-su-presencia-global-con-el-sello-hecho-en-mexico\/"},"wordCount":387,"commentCount":0,"publisher":{"@id":"https:\/\/www.nexoinformativo.mx\/#organization"},"image":{"@id":"https:\/\/www.nexoinformativo.mx\/index.php\/2025\/06\/27\/inversion-y-pymes-queretaro-refuerza-su-presencia-global-con-el-sello-hecho-en-mexico\/#primaryimage"},"thumbnailUrl":"https:\/\/www.nexoinformativo.mx\/wp-content\/uploads\/2025\/06\/PHOTO-2025-06-27-07-19-19-e1751032474335.jpg","keywords":["HechoEnM\u00e9xico","PYMES","Quer\u00e9taro","SEDESU"],"articleSection":["Econom\u00eda","Estado","\u00daltima Hora"],"inLanguage":"es","potentialAction":[{"@type":"CommentAction","name":"Comment","target":["https:\/\/www.nexoinformativo.mx\/index.php\/2025\/06\/27\/inversion-y-pymes-queretaro-refuerza-su-presencia-global-con-el-sello-hecho-en-mexico\/#respond"]}]},{"@type":"WebPage","@id":"https:\/\/www.nexoinformativo.mx\/index.php\/2025\/06\/27\/inversion-y-pymes-queretaro-refuerza-su-presencia-global-con-el-sello-hecho-en-mexico\/","url":"https:\/\/www.nexoinformativo.mx\/index.php\/2025\/06\/27\/inversion-y-pymes-queretaro-refuerza-su-presencia-global-con-el-sello-hecho-en-mexico\/","name":"Inversi\u00f3n y PyMEs Quer\u00e9taro refuerza su presencia global con el sello \"Hecho en M\u00e9xico\" | Nexo Informativo Santiago de Quer\u00e9taro","isPartOf":{"@id":"https:\/\/www.nexoinformativo.mx\/#website"},"primaryImageOfPage":{"@id":"https:\/\/www.nexoinformativo.mx\/index.php\/2025\/06\/27\/inversion-y-pymes-queretaro-refuerza-su-presencia-global-con-el-sello-hecho-en-mexico\/#primaryimage"},"image":{"@id":"https:\/\/www.nexoinformativo.mx\/index.php\/2025\/06\/27\/inversion-y-pymes-queretaro-refuerza-su-presencia-global-con-el-sello-hecho-en-mexico\/#primaryimage"},"thumbnailUrl":"https:\/\/www.nexoinformativo.mx\/wp-content\/uploads\/2025\/06\/PHOTO-2025-06-27-07-19-19-e1751032474335.jpg","datePublished":"2025-06-27T13:30:15+00:00","dateModified":"2025-06-27T13:55:35+00:00","description":"Inversi\u00f3n y PyMEs Quer\u00e9taro refuerza su presencia global con el sello \"Hecho en M\u00e9xico\"","breadcrumb":{"@id":"https:\/\/www.nexoinformativo.mx\/index.php\/2025\/06\/27\/inversion-y-pymes-queretaro-refuerza-su-presencia-global-con-el-sello-hecho-en-mexico\/#breadcrumb"},"inLanguage":"es","potentialAction":[{"@type":"ReadAction","target":["https:\/\/www.nexoinformativo.mx\/index.php\/2025\/06\/27\/inversion-y-pymes-queretaro-refuerza-su-presencia-global-con-el-sello-hecho-en-mexico\/"]}]},{"@type":"ImageObject","inLanguage":"es","@id":"https:\/\/www.nexoinformativo.mx\/index.php\/2025\/06\/27\/inversion-y-pymes-queretaro-refuerza-su-presencia-global-con-el-sello-hecho-en-mexico\/#primaryimage","url":"https:\/\/www.nexoinformativo.mx\/wp-content\/uploads\/2025\/06\/PHOTO-2025-06-27-07-19-19-e1751032474335.jpg","contentUrl":"https:\/\/www.nexoinformativo.mx\/wp-content\/uploads\/2025\/06\/PHOTO-2025-06-27-07-19-19-e1751032474335.jpg","width":800,"height":533},{"@type":"BreadcrumbList","@id":"https:\/\/www.nexoinformativo.mx\/index.php\/2025\/06\/27\/inversion-y-pymes-queretaro-refuerza-su-presencia-global-con-el-sello-hecho-en-mexico\/#breadcrumb","itemListElement":[{"@type":"ListItem","position":1,"name":"Inicio","item":"https:\/\/www.nexoinformativo.mx\/"},{"@type":"ListItem","position":2,"name":"Inversi\u00f3n y PyMEs Quer\u00e9taro refuerza su presencia global con el sello &#8220;Hecho en M\u00e9xico&#8221;"}]},{"@type":"WebSite","@id":"https:\/\/www.nexoinformativo.mx\/#website","url":"https:\/\/www.nexoinformativo.mx\/","name":"Nexo Informativo Santiago de Quer\u00e9taro","description":"Explora NexoInformativo y convi\u00e9rtete en parte de una comunidad que valora el conocimiento y la verdad. Tu nexoinformativo es tu puente hacia una comprensi\u00f3n m\u00e1s profunda del mundo que te rodea.","publisher":{"@id":"https:\/\/www.nexoinformativo.mx\/#organization"},"potentialAction":[{"@type":"SearchAction","target":{"@type":"EntryPoint","urlTemplate":"https:\/\/www.nexoinformativo.mx\/?s={search_term_string}"},"query-input":{"@type":"PropertyValueSpecification","valueRequired":true,"valueName":"search_term_string"}}],"inLanguage":"es"},{"@type":"Organization","@id":"https:\/\/www.nexoinformativo.mx\/#organization","name":"Nexo Informativo Santiago de Quer\u00e9taro","url":"https:\/\/www.nexoinformativo.mx\/","logo":{"@type":"ImageObject","inLanguage":"es","@id":"https:\/\/www.nexoinformativo.mx\/#\/schema\/logo\/image\/","url":"https:\/\/www.nexoinformativo.mx\/wp-content\/uploads\/2024\/07\/nexoi-trasparente-2.png","contentUrl":"https:\/\/www.nexoinformativo.mx\/wp-content\/uploads\/2024\/07\/nexoi-trasparente-2.png","width":816,"height":339,"caption":"Nexo Informativo Santiago de Quer\u00e9taro"},"image":{"@id":"https:\/\/www.nexoinformativo.mx\/#\/schema\/logo\/image\/"},"sameAs":["https:\/\/www.facebook.com\/people\/Nexo-Informativo\/61564066885511\/"]},{"@type":"Person","@id":"https:\/\/www.nexoinformativo.mx\/#\/schema\/person\/7749d380ba08c8ca00d7bc76fd907b7d","name":"Nexo Informativo","image":{"@type":"ImageObject","inLanguage":"es","@id":"https:\/\/www.nexoinformativo.mx\/#\/schema\/person\/image\/","url":"https:\/\/secure.gravatar.com\/avatar\/dde2928154642a13d95f87ddf1ea9718fe2b46760a005c53e41ff5ad610704e6?s=96&d=mm&r=g","contentUrl":"https:\/\/secure.gravatar.com\/avatar\/dde2928154642a13d95f87ddf1ea9718fe2b46760a005c53e41ff5ad610704e6?s=96&d=mm&r=g","caption":"Nexo Informativo"},"url":"https:\/\/www.nexoinformativo.mx\/index.php\/author\/edicion\/"}]}},"_links":{"self":[{"href":"https:\/\/www.nexoinformativo.mx\/index.php\/wp-json\/wp\/v2\/posts\/16219","targetHints":{"allow":["GET"]}}],"collection":[{"href":"https:\/\/www.nexoinformativo.mx\/index.php\/wp-json\/wp\/v2\/posts"}],"about":[{"href":"https:\/\/www.nexoinformativo.mx\/index.php\/wp-json\/wp\/v2\/types\/post"}],"author":[{"embeddable":true,"href":"https:\/\/www.nexoinformativo.mx\/index.php\/wp-json\/wp\/v2\/users\/3"}],"replies":[{"embeddable":true,"href":"https:\/\/www.nexoinformativo.mx\/index.php\/wp-json\/wp\/v2\/comments?post=16219"}],"version-history":[{"count":3,"href":"https:\/\/www.nexoinformativo.mx\/index.php\/wp-json\/wp\/v2\/posts\/16219\/revisions"}],"predecessor-version":[{"id":16223,"href":"https:\/\/www.nexoinformativo.mx\/index.php\/wp-json\/wp\/v2\/posts\/16219\/revisions\/16223"}],"wp:featuredmedia":[{"embeddable":true,"href":"https:\/\/www.nexoinformativo.mx\/index.php\/wp-json\/wp\/v2\/media\/16220"}],"wp:attachment":[{"href":"https:\/\/www.nexoinformativo.mx\/index.php\/wp-json\/wp\/v2\/media?parent=16219"}],"wp:term":[{"taxonomy":"category","embeddable":true,"href":"https:\/\/www.nexoinformativo.mx\/index.php\/wp-json\/wp\/v2\/categories?post=16219"},{"taxonomy":"post_tag","embeddable":true,"href":"https:\/\/www.nexoinformativo.mx\/index.php\/wp-json\/wp\/v2\/tags?post=16219"}],"curies":[{"name":"wp","href":"https:\/\/api.w.org\/{rel}","templated":true}]}}