{"id":16224,"date":"2025-06-30T12:00:06","date_gmt":"2025-06-30T18:00:06","guid":{"rendered":"https:\/\/www.nexoinformativo.mx\/?p=16224"},"modified":"2025-06-30T20:15:22","modified_gmt":"2025-07-01T02:15:22","slug":"rescate-exitoso-salvan-a-caballo-atrapado-en-zanja-y-recibe-atencion-medica-en-el-marques","status":"publish","type":"post","link":"https:\/\/www.nexoinformativo.mx\/index.php\/2025\/06\/30\/rescate-exitoso-salvan-a-caballo-atrapado-en-zanja-y-recibe-atencion-medica-en-el-marques\/","title":{"rendered":"Rescate exitoso salvan a caballo atrapado en zanja y recibe atenci\u00f3n m\u00e9dica en El Marqu\u00e9s"},"content":{"rendered":"<p style=\"text-align: justify;\">El equipo de Rescate Animal del Instituto Municipal de Protecci\u00f3n Animal (IMPA) realiz\u00f3 una exitosa labor este jueves al liberar a un caballo macho que hab\u00eda ca\u00eddo y quedado atrapado en una zanja.<\/p>\n<\/p>\n<p>&nbsp;<\/p>\n<p style=\"text-align: justify;\">El incidente ocurri\u00f3 en las cercan\u00edas de Paseo Centenario del Ej\u00e9rcito Mexicano, cerca de la comunidad de Nueva Roma, en el municipio de El Marqu\u00e9s.<\/p>\n<\/p>\n<p>&nbsp;<\/p>\n<p style=\"text-align: justify;\">Gracias a la r\u00e1pida y coordinada acci\u00f3n del personal de rescate y el equipo veterinario del IMPA, el equino fue extra\u00eddo sin sufrir lesiones de gravedad. Tras el rescate, el caballo fue trasladado de inmediato a las instalaciones correspondientes para recibir atenci\u00f3n m\u00e9dica y los cuidados necesarios para su recuperaci\u00f3n.<\/p>\n<\/p>\n<p>&nbsp;<\/p>\n<p style=\"text-align: justify;\">Las autoridades municipales aprovechan para recordar a la ciudadan\u00eda la importancia de reportar cualquier situaci\u00f3n que ponga en riesgo a un animal. Pueden hacerlo llamando al 442 238 8400, extensiones 2111 y 2112, o, en caso de una emergencia, al n\u00famero de emergencias 9-1-1.<\/p>\n<\/p>\n<p>&nbsp;<\/p>\n<p style=\"text-align: center;\"><em><strong>\u00a1Informaci\u00f3n que transforma!<\/strong><\/em><\/p>\n","protected":false},"excerpt":{"rendered":"<p>El equipo de Rescate Animal del Instituto Municipal de Protecci\u00f3n Animal (IMPA) realiz\u00f3 una exitosa labor este jueves al liberar a un caballo macho que hab\u00eda ca\u00eddo y quedado atrapado en una zanja.<\/p>\n","protected":false},"author":3,"featured_media":16225,"comment_status":"open","ping_status":"open","sticky":false,"template":"","format":"standard","meta":{"footnotes":""},"categories":[65,58],"tags":[149,4875,401,1003],"class_list":["post-16224","post","type-post","status-publish","format-standard","has-post-thumbnail","hentry","category-municipios","category-ultima-hora","tag-elmarques","tag-impa","tag-proteccionanimal","tag-rescateanimal"],"yoast_head":"<!-- This site is optimized with the Yoast SEO plugin v25.0 - https:\/\/yoast.com\/wordpress\/plugins\/seo\/ -->\n<title>Rescate exitoso salvan a caballo atrapado en zanja y recibe atenci\u00f3n m\u00e9dica en El Marqu\u00e9s | Nexo Informativo Santiago de Quer\u00e9taro<\/title>\n<meta name=\"description\" content=\"Rescate exitoso salvan a caballo atrapado en zanja y recibe atenci\u00f3n m\u00e9dica en El Marqu\u00e9s\" \/>\n<meta name=\"robots\" content=\"index, follow, max-snippet:-1, max-image-preview:large, max-video-preview:-1\" \/>\n<link rel=\"canonical\" href=\"https:\/\/www.nexoinformativo.mx\/index.php\/2025\/06\/30\/rescate-exitoso-salvan-a-caballo-atrapado-en-zanja-y-recibe-atencion-medica-en-el-marques\/\" \/>\n<meta property=\"og:locale\" content=\"es_MX\" \/>\n<meta property=\"og:type\" content=\"article\" \/>\n<meta property=\"og:title\" content=\"Rescate exitoso salvan a caballo atrapado en zanja y recibe atenci\u00f3n m\u00e9dica en El Marqu\u00e9s | Nexo Informativo Santiago de Quer\u00e9taro\" \/>\n<meta property=\"og:description\" content=\"Rescate exitoso salvan a caballo atrapado en zanja y recibe atenci\u00f3n m\u00e9dica en El Marqu\u00e9s\" \/>\n<meta property=\"og:url\" content=\"https:\/\/www.nexoinformativo.mx\/index.php\/2025\/06\/30\/rescate-exitoso-salvan-a-caballo-atrapado-en-zanja-y-recibe-atencion-medica-en-el-marques\/\" \/>\n<meta property=\"og:site_name\" content=\"Nexo Informativo Santiago de Quer\u00e9taro\" \/>\n<meta property=\"article:publisher\" content=\"https:\/\/www.facebook.com\/people\/Nexo-Informativo\/61564066885511\/\" \/>\n<meta property=\"article:published_time\" content=\"2025-06-30T18:00:06+00:00\" \/>\n<meta property=\"article:modified_time\" content=\"2025-07-01T02:15:22+00:00\" \/>\n<meta property=\"og:image\" content=\"https:\/\/www.nexoinformativo.mx\/wp-content\/uploads\/2025\/06\/0c02997f-8f01-4c5b-9453-87e47f1b674b-e1751336075269.jpg\" \/>\n\t<meta property=\"og:image:width\" content=\"800\" \/>\n\t<meta property=\"og:image:height\" content=\"687\" \/>\n\t<meta property=\"og:image:type\" content=\"image\/jpeg\" \/>\n<meta name=\"author\" content=\"Nexo Informativo\" \/>\n<meta name=\"twitter:card\" content=\"summary_large_image\" \/>\n<meta name=\"twitter:label1\" content=\"Escrito por\" \/>\n\t<meta name=\"twitter:data1\" content=\"Nexo Informativo\" \/>\n\t<meta name=\"twitter:label2\" content=\"Tiempo de lectura\" \/>\n\t<meta name=\"twitter:data2\" content=\"1 minuto\" \/>\n<script type=\"application\/ld+json\" class=\"yoast-schema-graph\">{\"@context\":\"https:\/\/schema.org\",\"@graph\":[{\"@type\":\"Article\",\"@id\":\"https:\/\/www.nexoinformativo.mx\/index.php\/2025\/06\/30\/rescate-exitoso-salvan-a-caballo-atrapado-en-zanja-y-recibe-atencion-medica-en-el-marques\/#article\",\"isPartOf\":{\"@id\":\"https:\/\/www.nexoinformativo.mx\/index.php\/2025\/06\/30\/rescate-exitoso-salvan-a-caballo-atrapado-en-zanja-y-recibe-atencion-medica-en-el-marques\/\"},\"author\":{\"name\":\"Nexo Informativo\",\"@id\":\"https:\/\/www.nexoinformativo.mx\/#\/schema\/person\/7749d380ba08c8ca00d7bc76fd907b7d\"},\"headline\":\"Rescate exitoso salvan a caballo atrapado en zanja y recibe atenci\u00f3n m\u00e9dica en El Marqu\u00e9s\",\"datePublished\":\"2025-06-30T18:00:06+00:00\",\"dateModified\":\"2025-07-01T02:15:22+00:00\",\"mainEntityOfPage\":{\"@id\":\"https:\/\/www.nexoinformativo.mx\/index.php\/2025\/06\/30\/rescate-exitoso-salvan-a-caballo-atrapado-en-zanja-y-recibe-atencion-medica-en-el-marques\/\"},\"wordCount\":189,\"commentCount\":0,\"publisher\":{\"@id\":\"https:\/\/www.nexoinformativo.mx\/#organization\"},\"image\":{\"@id\":\"https:\/\/www.nexoinformativo.mx\/index.php\/2025\/06\/30\/rescate-exitoso-salvan-a-caballo-atrapado-en-zanja-y-recibe-atencion-medica-en-el-marques\/#primaryimage\"},\"thumbnailUrl\":\"https:\/\/www.nexoinformativo.mx\/wp-content\/uploads\/2025\/06\/0c02997f-8f01-4c5b-9453-87e47f1b674b-e1751336075269.jpg\",\"keywords\":[\"elmarques\",\"IMPA\",\"Protecci\u00f3nAnimal\",\"RescateAnimal\"],\"articleSection\":[\"Municipios\",\"\u00daltima Hora\"],\"inLanguage\":\"es\",\"potentialAction\":[{\"@type\":\"CommentAction\",\"name\":\"Comment\",\"target\":[\"https:\/\/www.nexoinformativo.mx\/index.php\/2025\/06\/30\/rescate-exitoso-salvan-a-caballo-atrapado-en-zanja-y-recibe-atencion-medica-en-el-marques\/#respond\"]}]},{\"@type\":\"WebPage\",\"@id\":\"https:\/\/www.nexoinformativo.mx\/index.php\/2025\/06\/30\/rescate-exitoso-salvan-a-caballo-atrapado-en-zanja-y-recibe-atencion-medica-en-el-marques\/\",\"url\":\"https:\/\/www.nexoinformativo.mx\/index.php\/2025\/06\/30\/rescate-exitoso-salvan-a-caballo-atrapado-en-zanja-y-recibe-atencion-medica-en-el-marques\/\",\"name\":\"Rescate exitoso salvan a caballo atrapado en zanja y recibe atenci\u00f3n m\u00e9dica en El Marqu\u00e9s | Nexo Informativo Santiago de Quer\u00e9taro\",\"isPartOf\":{\"@id\":\"https:\/\/www.nexoinformativo.mx\/#website\"},\"primaryImageOfPage\":{\"@id\":\"https:\/\/www.nexoinformativo.mx\/index.php\/2025\/06\/30\/rescate-exitoso-salvan-a-caballo-atrapado-en-zanja-y-recibe-atencion-medica-en-el-marques\/#primaryimage\"},\"image\":{\"@id\":\"https:\/\/www.nexoinformativo.mx\/index.php\/2025\/06\/30\/rescate-exitoso-salvan-a-caballo-atrapado-en-zanja-y-recibe-atencion-medica-en-el-marques\/#primaryimage\"},\"thumbnailUrl\":\"https:\/\/www.nexoinformativo.mx\/wp-content\/uploads\/2025\/06\/0c02997f-8f01-4c5b-9453-87e47f1b674b-e1751336075269.jpg\",\"datePublished\":\"2025-06-30T18:00:06+00:00\",\"dateModified\":\"2025-07-01T02:15:22+00:00\",\"description\":\"Rescate exitoso salvan a caballo atrapado en zanja y recibe atenci\u00f3n m\u00e9dica en El Marqu\u00e9s\",\"breadcrumb\":{\"@id\":\"https:\/\/www.nexoinformativo.mx\/index.php\/2025\/06\/30\/rescate-exitoso-salvan-a-caballo-atrapado-en-zanja-y-recibe-atencion-medica-en-el-marques\/#breadcrumb\"},\"inLanguage\":\"es\",\"potentialAction\":[{\"@type\":\"ReadAction\",\"target\":[\"https:\/\/www.nexoinformativo.mx\/index.php\/2025\/06\/30\/rescate-exitoso-salvan-a-caballo-atrapado-en-zanja-y-recibe-atencion-medica-en-el-marques\/\"]}]},{\"@type\":\"ImageObject\",\"inLanguage\":\"es\",\"@id\":\"https:\/\/www.nexoinformativo.mx\/index.php\/2025\/06\/30\/rescate-exitoso-salvan-a-caballo-atrapado-en-zanja-y-recibe-atencion-medica-en-el-marques\/#primaryimage\",\"url\":\"https:\/\/www.nexoinformativo.mx\/wp-content\/uploads\/2025\/06\/0c02997f-8f01-4c5b-9453-87e47f1b674b-e1751336075269.jpg\",\"contentUrl\":\"https:\/\/www.nexoinformativo.mx\/wp-content\/uploads\/2025\/06\/0c02997f-8f01-4c5b-9453-87e47f1b674b-e1751336075269.jpg\",\"width\":800,\"height\":687},{\"@type\":\"BreadcrumbList\",\"@id\":\"https:\/\/www.nexoinformativo.mx\/index.php\/2025\/06\/30\/rescate-exitoso-salvan-a-caballo-atrapado-en-zanja-y-recibe-atencion-medica-en-el-marques\/#breadcrumb\",\"itemListElement\":[{\"@type\":\"ListItem\",\"position\":1,\"name\":\"Inicio\",\"item\":\"https:\/\/www.nexoinformativo.mx\/\"},{\"@type\":\"ListItem\",\"position\":2,\"name\":\"Rescate exitoso salvan a caballo atrapado en zanja y recibe atenci\u00f3n m\u00e9dica en El Marqu\u00e9s\"}]},{\"@type\":\"WebSite\",\"@id\":\"https:\/\/www.nexoinformativo.mx\/#website\",\"url\":\"https:\/\/www.nexoinformativo.mx\/\",\"name\":\"Nexo Informativo Santiago de Quer\u00e9taro\",\"description\":\"Explora NexoInformativo y convi\u00e9rtete en parte de una comunidad que valora el conocimiento y la verdad. Tu nexoinformativo es tu puente hacia una comprensi\u00f3n m\u00e1s profunda del mundo que te rodea.\",\"publisher\":{\"@id\":\"https:\/\/www.nexoinformativo.mx\/#organization\"},\"potentialAction\":[{\"@type\":\"SearchAction\",\"target\":{\"@type\":\"EntryPoint\",\"urlTemplate\":\"https:\/\/www.nexoinformativo.mx\/?s={search_term_string}\"},\"query-input\":{\"@type\":\"PropertyValueSpecification\",\"valueRequired\":true,\"valueName\":\"search_term_string\"}}],\"inLanguage\":\"es\"},{\"@type\":\"Organization\",\"@id\":\"https:\/\/www.nexoinformativo.mx\/#organization\",\"name\":\"Nexo Informativo Santiago de Quer\u00e9taro\",\"url\":\"https:\/\/www.nexoinformativo.mx\/\",\"logo\":{\"@type\":\"ImageObject\",\"inLanguage\":\"es\",\"@id\":\"https:\/\/www.nexoinformativo.mx\/#\/schema\/logo\/image\/\",\"url\":\"https:\/\/www.nexoinformativo.mx\/wp-content\/uploads\/2024\/07\/nexoi-trasparente-2.png\",\"contentUrl\":\"https:\/\/www.nexoinformativo.mx\/wp-content\/uploads\/2024\/07\/nexoi-trasparente-2.png\",\"width\":816,\"height\":339,\"caption\":\"Nexo Informativo Santiago de Quer\u00e9taro\"},\"image\":{\"@id\":\"https:\/\/www.nexoinformativo.mx\/#\/schema\/logo\/image\/\"},\"sameAs\":[\"https:\/\/www.facebook.com\/people\/Nexo-Informativo\/61564066885511\/\"]},{\"@type\":\"Person\",\"@id\":\"https:\/\/www.nexoinformativo.mx\/#\/schema\/person\/7749d380ba08c8ca00d7bc76fd907b7d\",\"name\":\"Nexo Informativo\",\"image\":{\"@type\":\"ImageObject\",\"inLanguage\":\"es\",\"@id\":\"https:\/\/www.nexoinformativo.mx\/#\/schema\/person\/image\/\",\"url\":\"https:\/\/secure.gravatar.com\/avatar\/dde2928154642a13d95f87ddf1ea9718fe2b46760a005c53e41ff5ad610704e6?s=96&d=mm&r=g\",\"contentUrl\":\"https:\/\/secure.gravatar.com\/avatar\/dde2928154642a13d95f87ddf1ea9718fe2b46760a005c53e41ff5ad610704e6?s=96&d=mm&r=g\",\"caption\":\"Nexo Informativo\"},\"url\":\"https:\/\/www.nexoinformativo.mx\/index.php\/author\/edicion\/\"}]}<\/script>\n<!-- \/ Yoast SEO plugin. -->","yoast_head_json":{"title":"Rescate exitoso salvan a caballo atrapado en zanja y recibe atenci\u00f3n m\u00e9dica en El Marqu\u00e9s | Nexo Informativo Santiago de Quer\u00e9taro","description":"Rescate exitoso salvan a caballo atrapado en zanja y recibe atenci\u00f3n m\u00e9dica en El Marqu\u00e9s","robots":{"index":"index","follow":"follow","max-snippet":"max-snippet:-1","max-image-preview":"max-image-preview:large","max-video-preview":"max-video-preview:-1"},"canonical":"https:\/\/www.nexoinformativo.mx\/index.php\/2025\/06\/30\/rescate-exitoso-salvan-a-caballo-atrapado-en-zanja-y-recibe-atencion-medica-en-el-marques\/","og_locale":"es_MX","og_type":"article","og_title":"Rescate exitoso salvan a caballo atrapado en zanja y recibe atenci\u00f3n m\u00e9dica en El Marqu\u00e9s | Nexo Informativo Santiago de Quer\u00e9taro","og_description":"Rescate exitoso salvan a caballo atrapado en zanja y recibe atenci\u00f3n m\u00e9dica en El Marqu\u00e9s","og_url":"https:\/\/www.nexoinformativo.mx\/index.php\/2025\/06\/30\/rescate-exitoso-salvan-a-caballo-atrapado-en-zanja-y-recibe-atencion-medica-en-el-marques\/","og_site_name":"Nexo Informativo Santiago de Quer\u00e9taro","article_publisher":"https:\/\/www.facebook.com\/people\/Nexo-Informativo\/61564066885511\/","article_published_time":"2025-06-30T18:00:06+00:00","article_modified_time":"2025-07-01T02:15:22+00:00","og_image":[{"width":800,"height":687,"url":"https:\/\/www.nexoinformativo.mx\/wp-content\/uploads\/2025\/06\/0c02997f-8f01-4c5b-9453-87e47f1b674b-e1751336075269.jpg","type":"image\/jpeg"}],"author":"Nexo Informativo","twitter_card":"summary_large_image","twitter_misc":{"Escrito por":"Nexo Informativo","Tiempo de lectura":"1 minuto"},"schema":{"@context":"https:\/\/schema.org","@graph":[{"@type":"Article","@id":"https:\/\/www.nexoinformativo.mx\/index.php\/2025\/06\/30\/rescate-exitoso-salvan-a-caballo-atrapado-en-zanja-y-recibe-atencion-medica-en-el-marques\/#article","isPartOf":{"@id":"https:\/\/www.nexoinformativo.mx\/index.php\/2025\/06\/30\/rescate-exitoso-salvan-a-caballo-atrapado-en-zanja-y-recibe-atencion-medica-en-el-marques\/"},"author":{"name":"Nexo Informativo","@id":"https:\/\/www.nexoinformativo.mx\/#\/schema\/person\/7749d380ba08c8ca00d7bc76fd907b7d"},"headline":"Rescate exitoso salvan a caballo atrapado en zanja y recibe atenci\u00f3n m\u00e9dica en El Marqu\u00e9s","datePublished":"2025-06-30T18:00:06+00:00","dateModified":"2025-07-01T02:15:22+00:00","mainEntityOfPage":{"@id":"https:\/\/www.nexoinformativo.mx\/index.php\/2025\/06\/30\/rescate-exitoso-salvan-a-caballo-atrapado-en-zanja-y-recibe-atencion-medica-en-el-marques\/"},"wordCount":189,"commentCount":0,"publisher":{"@id":"https:\/\/www.nexoinformativo.mx\/#organization"},"image":{"@id":"https:\/\/www.nexoinformativo.mx\/index.php\/2025\/06\/30\/rescate-exitoso-salvan-a-caballo-atrapado-en-zanja-y-recibe-atencion-medica-en-el-marques\/#primaryimage"},"thumbnailUrl":"https:\/\/www.nexoinformativo.mx\/wp-content\/uploads\/2025\/06\/0c02997f-8f01-4c5b-9453-87e47f1b674b-e1751336075269.jpg","keywords":["elmarques","IMPA","Protecci\u00f3nAnimal","RescateAnimal"],"articleSection":["Municipios","\u00daltima Hora"],"inLanguage":"es","potentialAction":[{"@type":"CommentAction","name":"Comment","target":["https:\/\/www.nexoinformativo.mx\/index.php\/2025\/06\/30\/rescate-exitoso-salvan-a-caballo-atrapado-en-zanja-y-recibe-atencion-medica-en-el-marques\/#respond"]}]},{"@type":"WebPage","@id":"https:\/\/www.nexoinformativo.mx\/index.php\/2025\/06\/30\/rescate-exitoso-salvan-a-caballo-atrapado-en-zanja-y-recibe-atencion-medica-en-el-marques\/","url":"https:\/\/www.nexoinformativo.mx\/index.php\/2025\/06\/30\/rescate-exitoso-salvan-a-caballo-atrapado-en-zanja-y-recibe-atencion-medica-en-el-marques\/","name":"Rescate exitoso salvan a caballo atrapado en zanja y recibe atenci\u00f3n m\u00e9dica en El Marqu\u00e9s | Nexo Informativo Santiago de Quer\u00e9taro","isPartOf":{"@id":"https:\/\/www.nexoinformativo.mx\/#website"},"primaryImageOfPage":{"@id":"https:\/\/www.nexoinformativo.mx\/index.php\/2025\/06\/30\/rescate-exitoso-salvan-a-caballo-atrapado-en-zanja-y-recibe-atencion-medica-en-el-marques\/#primaryimage"},"image":{"@id":"https:\/\/www.nexoinformativo.mx\/index.php\/2025\/06\/30\/rescate-exitoso-salvan-a-caballo-atrapado-en-zanja-y-recibe-atencion-medica-en-el-marques\/#primaryimage"},"thumbnailUrl":"https:\/\/www.nexoinformativo.mx\/wp-content\/uploads\/2025\/06\/0c02997f-8f01-4c5b-9453-87e47f1b674b-e1751336075269.jpg","datePublished":"2025-06-30T18:00:06+00:00","dateModified":"2025-07-01T02:15:22+00:00","description":"Rescate exitoso salvan a caballo atrapado en zanja y recibe atenci\u00f3n m\u00e9dica en El Marqu\u00e9s","breadcrumb":{"@id":"https:\/\/www.nexoinformativo.mx\/index.php\/2025\/06\/30\/rescate-exitoso-salvan-a-caballo-atrapado-en-zanja-y-recibe-atencion-medica-en-el-marques\/#breadcrumb"},"inLanguage":"es","potentialAction":[{"@type":"ReadAction","target":["https:\/\/www.nexoinformativo.mx\/index.php\/2025\/06\/30\/rescate-exitoso-salvan-a-caballo-atrapado-en-zanja-y-recibe-atencion-medica-en-el-marques\/"]}]},{"@type":"ImageObject","inLanguage":"es","@id":"https:\/\/www.nexoinformativo.mx\/index.php\/2025\/06\/30\/rescate-exitoso-salvan-a-caballo-atrapado-en-zanja-y-recibe-atencion-medica-en-el-marques\/#primaryimage","url":"https:\/\/www.nexoinformativo.mx\/wp-content\/uploads\/2025\/06\/0c02997f-8f01-4c5b-9453-87e47f1b674b-e1751336075269.jpg","contentUrl":"https:\/\/www.nexoinformativo.mx\/wp-content\/uploads\/2025\/06\/0c02997f-8f01-4c5b-9453-87e47f1b674b-e1751336075269.jpg","width":800,"height":687},{"@type":"BreadcrumbList","@id":"https:\/\/www.nexoinformativo.mx\/index.php\/2025\/06\/30\/rescate-exitoso-salvan-a-caballo-atrapado-en-zanja-y-recibe-atencion-medica-en-el-marques\/#breadcrumb","itemListElement":[{"@type":"ListItem","position":1,"name":"Inicio","item":"https:\/\/www.nexoinformativo.mx\/"},{"@type":"ListItem","position":2,"name":"Rescate exitoso salvan a caballo atrapado en zanja y recibe atenci\u00f3n m\u00e9dica en El Marqu\u00e9s"}]},{"@type":"WebSite","@id":"https:\/\/www.nexoinformativo.mx\/#website","url":"https:\/\/www.nexoinformativo.mx\/","name":"Nexo Informativo Santiago de Quer\u00e9taro","description":"Explora NexoInformativo y convi\u00e9rtete en parte de una comunidad que valora el conocimiento y la verdad. Tu nexoinformativo es tu puente hacia una comprensi\u00f3n m\u00e1s profunda del mundo que te rodea.","publisher":{"@id":"https:\/\/www.nexoinformativo.mx\/#organization"},"potentialAction":[{"@type":"SearchAction","target":{"@type":"EntryPoint","urlTemplate":"https:\/\/www.nexoinformativo.mx\/?s={search_term_string}"},"query-input":{"@type":"PropertyValueSpecification","valueRequired":true,"valueName":"search_term_string"}}],"inLanguage":"es"},{"@type":"Organization","@id":"https:\/\/www.nexoinformativo.mx\/#organization","name":"Nexo Informativo Santiago de Quer\u00e9taro","url":"https:\/\/www.nexoinformativo.mx\/","logo":{"@type":"ImageObject","inLanguage":"es","@id":"https:\/\/www.nexoinformativo.mx\/#\/schema\/logo\/image\/","url":"https:\/\/www.nexoinformativo.mx\/wp-content\/uploads\/2024\/07\/nexoi-trasparente-2.png","contentUrl":"https:\/\/www.nexoinformativo.mx\/wp-content\/uploads\/2024\/07\/nexoi-trasparente-2.png","width":816,"height":339,"caption":"Nexo Informativo Santiago de Quer\u00e9taro"},"image":{"@id":"https:\/\/www.nexoinformativo.mx\/#\/schema\/logo\/image\/"},"sameAs":["https:\/\/www.facebook.com\/people\/Nexo-Informativo\/61564066885511\/"]},{"@type":"Person","@id":"https:\/\/www.nexoinformativo.mx\/#\/schema\/person\/7749d380ba08c8ca00d7bc76fd907b7d","name":"Nexo Informativo","image":{"@type":"ImageObject","inLanguage":"es","@id":"https:\/\/www.nexoinformativo.mx\/#\/schema\/person\/image\/","url":"https:\/\/secure.gravatar.com\/avatar\/dde2928154642a13d95f87ddf1ea9718fe2b46760a005c53e41ff5ad610704e6?s=96&d=mm&r=g","contentUrl":"https:\/\/secure.gravatar.com\/avatar\/dde2928154642a13d95f87ddf1ea9718fe2b46760a005c53e41ff5ad610704e6?s=96&d=mm&r=g","caption":"Nexo Informativo"},"url":"https:\/\/www.nexoinformativo.mx\/index.php\/author\/edicion\/"}]}},"_links":{"self":[{"href":"https:\/\/www.nexoinformativo.mx\/index.php\/wp-json\/wp\/v2\/posts\/16224","targetHints":{"allow":["GET"]}}],"collection":[{"href":"https:\/\/www.nexoinformativo.mx\/index.php\/wp-json\/wp\/v2\/posts"}],"about":[{"href":"https:\/\/www.nexoinformativo.mx\/index.php\/wp-json\/wp\/v2\/types\/post"}],"author":[{"embeddable":true,"href":"https:\/\/www.nexoinformativo.mx\/index.php\/wp-json\/wp\/v2\/users\/3"}],"replies":[{"embeddable":true,"href":"https:\/\/www.nexoinformativo.mx\/index.php\/wp-json\/wp\/v2\/comments?post=16224"}],"version-history":[{"count":3,"href":"https:\/\/www.nexoinformativo.mx\/index.php\/wp-json\/wp\/v2\/posts\/16224\/revisions"}],"predecessor-version":[{"id":16228,"href":"https:\/\/www.nexoinformativo.mx\/index.php\/wp-json\/wp\/v2\/posts\/16224\/revisions\/16228"}],"wp:featuredmedia":[{"embeddable":true,"href":"https:\/\/www.nexoinformativo.mx\/index.php\/wp-json\/wp\/v2\/media\/16225"}],"wp:attachment":[{"href":"https:\/\/www.nexoinformativo.mx\/index.php\/wp-json\/wp\/v2\/media?parent=16224"}],"wp:term":[{"taxonomy":"category","embeddable":true,"href":"https:\/\/www.nexoinformativo.mx\/index.php\/wp-json\/wp\/v2\/categories?post=16224"},{"taxonomy":"post_tag","embeddable":true,"href":"https:\/\/www.nexoinformativo.mx\/index.php\/wp-json\/wp\/v2\/tags?post=16224"}],"curies":[{"name":"wp","href":"https:\/\/api.w.org\/{rel}","templated":true}]}}