{"id":16229,"date":"2025-06-30T13:00:34","date_gmt":"2025-06-30T19:00:34","guid":{"rendered":"https:\/\/www.nexoinformativo.mx\/?p=16229"},"modified":"2025-06-30T20:24:11","modified_gmt":"2025-07-01T02:24:11","slug":"didi-y-taxis-de-queretaro-se-unen-plataforma-digital-moderniza-el-servicio-de-transporte-tradicional","status":"publish","type":"post","link":"https:\/\/www.nexoinformativo.mx\/index.php\/2025\/06\/30\/didi-y-taxis-de-queretaro-se-unen-plataforma-digital-moderniza-el-servicio-de-transporte-tradicional\/","title":{"rendered":"DiDi y Taxis de Quer\u00e9taro se unen plataforma digital moderniza el servicio de transporte tradicional"},"content":{"rendered":"<p style=\"text-align: justify;\">Una nueva etapa en la movilidad del estado ha comenzado con el lanzamiento oficial de DiDi Taxi.<\/p>\n<\/p>\n<p>&nbsp;<\/p>\n<p style=\"text-align: justify;\">Esta herramienta digital, que fusiona la tecnolog\u00eda de la plataforma DiDi con el servicio del taxi tradicional, operar\u00e1 exclusivamente con taxistas concesionados de Quer\u00e9taro, quienes ahora tendr\u00e1n nuevas oportunidades para mejorar su servicio y aumentar sus ingresos.<\/p>\n<p>&nbsp;<\/p>\n<p style=\"text-align: justify;\">Durante el anuncio, que cont\u00f3 con la presencia del gobernador Mauricio Kuri\u00a0y el director de la Agencia de Movilidad del Estado, Gerardo Cuanalo Santos, Eduardo Coello, director de Expansi\u00f3n para Am\u00e9rica Latina de DiDi, resalt\u00f3 que DiDi Taxi ofrece lo mejor de dos mundos: &#8220;la confianza del servicio tradicional y los beneficios de la tecnolog\u00eda moderna&#8221;.<\/p>\n<p>&nbsp;<\/p>\n<p style=\"text-align: justify;\">\u201cEste servicio no sustituye al taxi tradicional, lo fortalece. DiDi Taxi ofrece eficiencia, conectividad, diversos m\u00e9todos de pago y herramientas de seguridad que antes no estaban disponibles para los taxistas\u201d, explic\u00f3 Coello.<\/p>\n<p>&nbsp;<\/p>\n<p style=\"text-align: justify;\"><strong>Entre las caracter\u00edsticas clave de DiDi Taxi se incluyen:<\/strong><\/p>\n<p>*Monitoreo por GPS en tiempo real: Para mayor seguridad y seguimiento.<\/p>\n<p>*Bot\u00f3n SOS para emergencias: Una herramienta vital para situaciones cr\u00edticas.<\/p>\n<p>*Asistencia legal: Disponible tanto para conductores como para pasajeros.<\/p>\n<p>*Pagos digitales: Reducen la dependencia del efectivo, ofreciendo mayor comodidad.<\/p>\n<p style=\"text-align: justify;\">Coello enfatiz\u00f3 que esta alianza no habr\u00eda sido posible sin el respaldo del Gobierno del Estado y agradeci\u00f3 la disposici\u00f3n de los taxistas queretanos por adoptar este nuevo modelo que moderniza el transporte p\u00fablico en la entidad.<\/p>\n<p>&nbsp;<\/p>\n<p style=\"text-align: justify;\">\u201cHoy damos la bienvenida a una nueva forma de moverse en Quer\u00e9taro: c\u00f3moda, eficiente y segura. DiDi Taxi es tambi\u00e9n una muestra del compromiso por seguir mejorando la movilidad para todos\u201d, concluy\u00f3 Coello.<\/p>\n<p>&nbsp;<\/p>\n<p style=\"text-align: center;\"><em><strong>\u00a1Informaci\u00f3n que transforma!<\/strong><\/em><\/p>\n","protected":false},"excerpt":{"rendered":"<p>Una nueva etapa en la movilidad del estado ha comenzado con el lanzamiento oficial de DiDi Taxi. Esta herramienta digital, que fusiona la tecnolog\u00eda de la plataforma DiDi con el servicio del taxi tradicional, operar\u00e1 exclusivamente con taxistas concesionados de Quer\u00e9taro, quienes ahora tendr\u00e1n nuevas oportunidades para mejorar su servicio y aumentar sus ingresos.<\/p>\n","protected":false},"author":3,"featured_media":16230,"comment_status":"open","ping_status":"open","sticky":false,"template":"","format":"standard","meta":{"footnotes":""},"categories":[42,58],"tags":[4876,358,133,4877],"class_list":["post-16229","post","type-post","status-publish","format-standard","has-post-thumbnail","hentry","category-estado","category-ultima-hora","tag-diditaxiqro","tag-movilidadqueretaro","tag-queretaro","tag-taxidigital"],"yoast_head":"<!-- This site is optimized with the Yoast SEO plugin v25.0 - https:\/\/yoast.com\/wordpress\/plugins\/seo\/ -->\n<title>DiDi y Taxis de Quer\u00e9taro se unen plataforma digital moderniza el servicio de transporte tradicional | Nexo Informativo Santiago de Quer\u00e9taro<\/title>\n<meta name=\"description\" content=\"DiDi y Taxis de Quer\u00e9taro se unen plataforma digital moderniza el servicio de transporte tradicional\" \/>\n<meta name=\"robots\" content=\"index, follow, max-snippet:-1, max-image-preview:large, max-video-preview:-1\" \/>\n<link rel=\"canonical\" href=\"https:\/\/www.nexoinformativo.mx\/index.php\/2025\/06\/30\/didi-y-taxis-de-queretaro-se-unen-plataforma-digital-moderniza-el-servicio-de-transporte-tradicional\/\" \/>\n<meta property=\"og:locale\" content=\"es_MX\" \/>\n<meta property=\"og:type\" content=\"article\" \/>\n<meta property=\"og:title\" content=\"DiDi y Taxis de Quer\u00e9taro se unen plataforma digital moderniza el servicio de transporte tradicional | Nexo Informativo Santiago de Quer\u00e9taro\" \/>\n<meta property=\"og:description\" content=\"DiDi y Taxis de Quer\u00e9taro se unen plataforma digital moderniza el servicio de transporte tradicional\" \/>\n<meta property=\"og:url\" content=\"https:\/\/www.nexoinformativo.mx\/index.php\/2025\/06\/30\/didi-y-taxis-de-queretaro-se-unen-plataforma-digital-moderniza-el-servicio-de-transporte-tradicional\/\" \/>\n<meta property=\"og:site_name\" content=\"Nexo Informativo Santiago de Quer\u00e9taro\" \/>\n<meta property=\"article:publisher\" content=\"https:\/\/www.facebook.com\/people\/Nexo-Informativo\/61564066885511\/\" \/>\n<meta property=\"article:published_time\" content=\"2025-06-30T19:00:34+00:00\" \/>\n<meta property=\"article:modified_time\" content=\"2025-07-01T02:24:11+00:00\" \/>\n<meta property=\"og:image\" content=\"https:\/\/www.nexoinformativo.mx\/wp-content\/uploads\/2025\/06\/IMG_4689.jpg\" \/>\n\t<meta property=\"og:image:width\" content=\"738\" \/>\n\t<meta property=\"og:image:height\" content=\"415\" \/>\n\t<meta property=\"og:image:type\" content=\"image\/jpeg\" \/>\n<meta name=\"author\" content=\"Nexo Informativo\" \/>\n<meta name=\"twitter:card\" content=\"summary_large_image\" \/>\n<meta name=\"twitter:label1\" content=\"Escrito por\" \/>\n\t<meta name=\"twitter:data1\" content=\"Nexo Informativo\" \/>\n\t<meta name=\"twitter:label2\" content=\"Tiempo de lectura\" \/>\n\t<meta name=\"twitter:data2\" content=\"2 minutos\" \/>\n<script type=\"application\/ld+json\" class=\"yoast-schema-graph\">{\"@context\":\"https:\/\/schema.org\",\"@graph\":[{\"@type\":\"Article\",\"@id\":\"https:\/\/www.nexoinformativo.mx\/index.php\/2025\/06\/30\/didi-y-taxis-de-queretaro-se-unen-plataforma-digital-moderniza-el-servicio-de-transporte-tradicional\/#article\",\"isPartOf\":{\"@id\":\"https:\/\/www.nexoinformativo.mx\/index.php\/2025\/06\/30\/didi-y-taxis-de-queretaro-se-unen-plataforma-digital-moderniza-el-servicio-de-transporte-tradicional\/\"},\"author\":{\"name\":\"Nexo Informativo\",\"@id\":\"https:\/\/www.nexoinformativo.mx\/#\/schema\/person\/7749d380ba08c8ca00d7bc76fd907b7d\"},\"headline\":\"DiDi y Taxis de Quer\u00e9taro se unen plataforma digital moderniza el servicio de transporte tradicional\",\"datePublished\":\"2025-06-30T19:00:34+00:00\",\"dateModified\":\"2025-07-01T02:24:11+00:00\",\"mainEntityOfPage\":{\"@id\":\"https:\/\/www.nexoinformativo.mx\/index.php\/2025\/06\/30\/didi-y-taxis-de-queretaro-se-unen-plataforma-digital-moderniza-el-servicio-de-transporte-tradicional\/\"},\"wordCount\":304,\"commentCount\":0,\"publisher\":{\"@id\":\"https:\/\/www.nexoinformativo.mx\/#organization\"},\"image\":{\"@id\":\"https:\/\/www.nexoinformativo.mx\/index.php\/2025\/06\/30\/didi-y-taxis-de-queretaro-se-unen-plataforma-digital-moderniza-el-servicio-de-transporte-tradicional\/#primaryimage\"},\"thumbnailUrl\":\"https:\/\/www.nexoinformativo.mx\/wp-content\/uploads\/2025\/06\/IMG_4689.jpg\",\"keywords\":[\"DiDiTaxiQro\",\"MovilidadQuer\u00e9taro\",\"Quer\u00e9taro\",\"TaxiDigital\"],\"articleSection\":[\"Estado\",\"\u00daltima Hora\"],\"inLanguage\":\"es\",\"potentialAction\":[{\"@type\":\"CommentAction\",\"name\":\"Comment\",\"target\":[\"https:\/\/www.nexoinformativo.mx\/index.php\/2025\/06\/30\/didi-y-taxis-de-queretaro-se-unen-plataforma-digital-moderniza-el-servicio-de-transporte-tradicional\/#respond\"]}]},{\"@type\":\"WebPage\",\"@id\":\"https:\/\/www.nexoinformativo.mx\/index.php\/2025\/06\/30\/didi-y-taxis-de-queretaro-se-unen-plataforma-digital-moderniza-el-servicio-de-transporte-tradicional\/\",\"url\":\"https:\/\/www.nexoinformativo.mx\/index.php\/2025\/06\/30\/didi-y-taxis-de-queretaro-se-unen-plataforma-digital-moderniza-el-servicio-de-transporte-tradicional\/\",\"name\":\"DiDi y Taxis de Quer\u00e9taro se unen plataforma digital moderniza el servicio de transporte tradicional | Nexo Informativo Santiago de Quer\u00e9taro\",\"isPartOf\":{\"@id\":\"https:\/\/www.nexoinformativo.mx\/#website\"},\"primaryImageOfPage\":{\"@id\":\"https:\/\/www.nexoinformativo.mx\/index.php\/2025\/06\/30\/didi-y-taxis-de-queretaro-se-unen-plataforma-digital-moderniza-el-servicio-de-transporte-tradicional\/#primaryimage\"},\"image\":{\"@id\":\"https:\/\/www.nexoinformativo.mx\/index.php\/2025\/06\/30\/didi-y-taxis-de-queretaro-se-unen-plataforma-digital-moderniza-el-servicio-de-transporte-tradicional\/#primaryimage\"},\"thumbnailUrl\":\"https:\/\/www.nexoinformativo.mx\/wp-content\/uploads\/2025\/06\/IMG_4689.jpg\",\"datePublished\":\"2025-06-30T19:00:34+00:00\",\"dateModified\":\"2025-07-01T02:24:11+00:00\",\"description\":\"DiDi y Taxis de Quer\u00e9taro se unen plataforma digital moderniza el servicio de transporte tradicional\",\"breadcrumb\":{\"@id\":\"https:\/\/www.nexoinformativo.mx\/index.php\/2025\/06\/30\/didi-y-taxis-de-queretaro-se-unen-plataforma-digital-moderniza-el-servicio-de-transporte-tradicional\/#breadcrumb\"},\"inLanguage\":\"es\",\"potentialAction\":[{\"@type\":\"ReadAction\",\"target\":[\"https:\/\/www.nexoinformativo.mx\/index.php\/2025\/06\/30\/didi-y-taxis-de-queretaro-se-unen-plataforma-digital-moderniza-el-servicio-de-transporte-tradicional\/\"]}]},{\"@type\":\"ImageObject\",\"inLanguage\":\"es\",\"@id\":\"https:\/\/www.nexoinformativo.mx\/index.php\/2025\/06\/30\/didi-y-taxis-de-queretaro-se-unen-plataforma-digital-moderniza-el-servicio-de-transporte-tradicional\/#primaryimage\",\"url\":\"https:\/\/www.nexoinformativo.mx\/wp-content\/uploads\/2025\/06\/IMG_4689.jpg\",\"contentUrl\":\"https:\/\/www.nexoinformativo.mx\/wp-content\/uploads\/2025\/06\/IMG_4689.jpg\",\"width\":738,\"height\":415},{\"@type\":\"BreadcrumbList\",\"@id\":\"https:\/\/www.nexoinformativo.mx\/index.php\/2025\/06\/30\/didi-y-taxis-de-queretaro-se-unen-plataforma-digital-moderniza-el-servicio-de-transporte-tradicional\/#breadcrumb\",\"itemListElement\":[{\"@type\":\"ListItem\",\"position\":1,\"name\":\"Inicio\",\"item\":\"https:\/\/www.nexoinformativo.mx\/\"},{\"@type\":\"ListItem\",\"position\":2,\"name\":\"DiDi y Taxis de Quer\u00e9taro se unen plataforma digital moderniza el servicio de transporte tradicional\"}]},{\"@type\":\"WebSite\",\"@id\":\"https:\/\/www.nexoinformativo.mx\/#website\",\"url\":\"https:\/\/www.nexoinformativo.mx\/\",\"name\":\"Nexo Informativo Santiago de Quer\u00e9taro\",\"description\":\"Explora NexoInformativo y convi\u00e9rtete en parte de una comunidad que valora el conocimiento y la verdad. Tu nexoinformativo es tu puente hacia una comprensi\u00f3n m\u00e1s profunda del mundo que te rodea.\",\"publisher\":{\"@id\":\"https:\/\/www.nexoinformativo.mx\/#organization\"},\"potentialAction\":[{\"@type\":\"SearchAction\",\"target\":{\"@type\":\"EntryPoint\",\"urlTemplate\":\"https:\/\/www.nexoinformativo.mx\/?s={search_term_string}\"},\"query-input\":{\"@type\":\"PropertyValueSpecification\",\"valueRequired\":true,\"valueName\":\"search_term_string\"}}],\"inLanguage\":\"es\"},{\"@type\":\"Organization\",\"@id\":\"https:\/\/www.nexoinformativo.mx\/#organization\",\"name\":\"Nexo Informativo Santiago de Quer\u00e9taro\",\"url\":\"https:\/\/www.nexoinformativo.mx\/\",\"logo\":{\"@type\":\"ImageObject\",\"inLanguage\":\"es\",\"@id\":\"https:\/\/www.nexoinformativo.mx\/#\/schema\/logo\/image\/\",\"url\":\"https:\/\/www.nexoinformativo.mx\/wp-content\/uploads\/2024\/07\/nexoi-trasparente-2.png\",\"contentUrl\":\"https:\/\/www.nexoinformativo.mx\/wp-content\/uploads\/2024\/07\/nexoi-trasparente-2.png\",\"width\":816,\"height\":339,\"caption\":\"Nexo Informativo Santiago de Quer\u00e9taro\"},\"image\":{\"@id\":\"https:\/\/www.nexoinformativo.mx\/#\/schema\/logo\/image\/\"},\"sameAs\":[\"https:\/\/www.facebook.com\/people\/Nexo-Informativo\/61564066885511\/\"]},{\"@type\":\"Person\",\"@id\":\"https:\/\/www.nexoinformativo.mx\/#\/schema\/person\/7749d380ba08c8ca00d7bc76fd907b7d\",\"name\":\"Nexo Informativo\",\"image\":{\"@type\":\"ImageObject\",\"inLanguage\":\"es\",\"@id\":\"https:\/\/www.nexoinformativo.mx\/#\/schema\/person\/image\/\",\"url\":\"https:\/\/secure.gravatar.com\/avatar\/dde2928154642a13d95f87ddf1ea9718fe2b46760a005c53e41ff5ad610704e6?s=96&d=mm&r=g\",\"contentUrl\":\"https:\/\/secure.gravatar.com\/avatar\/dde2928154642a13d95f87ddf1ea9718fe2b46760a005c53e41ff5ad610704e6?s=96&d=mm&r=g\",\"caption\":\"Nexo Informativo\"},\"url\":\"https:\/\/www.nexoinformativo.mx\/index.php\/author\/edicion\/\"}]}<\/script>\n<!-- \/ Yoast SEO plugin. -->","yoast_head_json":{"title":"DiDi y Taxis de Quer\u00e9taro se unen plataforma digital moderniza el servicio de transporte tradicional | Nexo Informativo Santiago de Quer\u00e9taro","description":"DiDi y Taxis de Quer\u00e9taro se unen plataforma digital moderniza el servicio de transporte tradicional","robots":{"index":"index","follow":"follow","max-snippet":"max-snippet:-1","max-image-preview":"max-image-preview:large","max-video-preview":"max-video-preview:-1"},"canonical":"https:\/\/www.nexoinformativo.mx\/index.php\/2025\/06\/30\/didi-y-taxis-de-queretaro-se-unen-plataforma-digital-moderniza-el-servicio-de-transporte-tradicional\/","og_locale":"es_MX","og_type":"article","og_title":"DiDi y Taxis de Quer\u00e9taro se unen plataforma digital moderniza el servicio de transporte tradicional | Nexo Informativo Santiago de Quer\u00e9taro","og_description":"DiDi y Taxis de Quer\u00e9taro se unen plataforma digital moderniza el servicio de transporte tradicional","og_url":"https:\/\/www.nexoinformativo.mx\/index.php\/2025\/06\/30\/didi-y-taxis-de-queretaro-se-unen-plataforma-digital-moderniza-el-servicio-de-transporte-tradicional\/","og_site_name":"Nexo Informativo Santiago de Quer\u00e9taro","article_publisher":"https:\/\/www.facebook.com\/people\/Nexo-Informativo\/61564066885511\/","article_published_time":"2025-06-30T19:00:34+00:00","article_modified_time":"2025-07-01T02:24:11+00:00","og_image":[{"width":738,"height":415,"url":"https:\/\/www.nexoinformativo.mx\/wp-content\/uploads\/2025\/06\/IMG_4689.jpg","type":"image\/jpeg"}],"author":"Nexo Informativo","twitter_card":"summary_large_image","twitter_misc":{"Escrito por":"Nexo Informativo","Tiempo de lectura":"2 minutos"},"schema":{"@context":"https:\/\/schema.org","@graph":[{"@type":"Article","@id":"https:\/\/www.nexoinformativo.mx\/index.php\/2025\/06\/30\/didi-y-taxis-de-queretaro-se-unen-plataforma-digital-moderniza-el-servicio-de-transporte-tradicional\/#article","isPartOf":{"@id":"https:\/\/www.nexoinformativo.mx\/index.php\/2025\/06\/30\/didi-y-taxis-de-queretaro-se-unen-plataforma-digital-moderniza-el-servicio-de-transporte-tradicional\/"},"author":{"name":"Nexo Informativo","@id":"https:\/\/www.nexoinformativo.mx\/#\/schema\/person\/7749d380ba08c8ca00d7bc76fd907b7d"},"headline":"DiDi y Taxis de Quer\u00e9taro se unen plataforma digital moderniza el servicio de transporte tradicional","datePublished":"2025-06-30T19:00:34+00:00","dateModified":"2025-07-01T02:24:11+00:00","mainEntityOfPage":{"@id":"https:\/\/www.nexoinformativo.mx\/index.php\/2025\/06\/30\/didi-y-taxis-de-queretaro-se-unen-plataforma-digital-moderniza-el-servicio-de-transporte-tradicional\/"},"wordCount":304,"commentCount":0,"publisher":{"@id":"https:\/\/www.nexoinformativo.mx\/#organization"},"image":{"@id":"https:\/\/www.nexoinformativo.mx\/index.php\/2025\/06\/30\/didi-y-taxis-de-queretaro-se-unen-plataforma-digital-moderniza-el-servicio-de-transporte-tradicional\/#primaryimage"},"thumbnailUrl":"https:\/\/www.nexoinformativo.mx\/wp-content\/uploads\/2025\/06\/IMG_4689.jpg","keywords":["DiDiTaxiQro","MovilidadQuer\u00e9taro","Quer\u00e9taro","TaxiDigital"],"articleSection":["Estado","\u00daltima Hora"],"inLanguage":"es","potentialAction":[{"@type":"CommentAction","name":"Comment","target":["https:\/\/www.nexoinformativo.mx\/index.php\/2025\/06\/30\/didi-y-taxis-de-queretaro-se-unen-plataforma-digital-moderniza-el-servicio-de-transporte-tradicional\/#respond"]}]},{"@type":"WebPage","@id":"https:\/\/www.nexoinformativo.mx\/index.php\/2025\/06\/30\/didi-y-taxis-de-queretaro-se-unen-plataforma-digital-moderniza-el-servicio-de-transporte-tradicional\/","url":"https:\/\/www.nexoinformativo.mx\/index.php\/2025\/06\/30\/didi-y-taxis-de-queretaro-se-unen-plataforma-digital-moderniza-el-servicio-de-transporte-tradicional\/","name":"DiDi y Taxis de Quer\u00e9taro se unen plataforma digital moderniza el servicio de transporte tradicional | Nexo Informativo Santiago de Quer\u00e9taro","isPartOf":{"@id":"https:\/\/www.nexoinformativo.mx\/#website"},"primaryImageOfPage":{"@id":"https:\/\/www.nexoinformativo.mx\/index.php\/2025\/06\/30\/didi-y-taxis-de-queretaro-se-unen-plataforma-digital-moderniza-el-servicio-de-transporte-tradicional\/#primaryimage"},"image":{"@id":"https:\/\/www.nexoinformativo.mx\/index.php\/2025\/06\/30\/didi-y-taxis-de-queretaro-se-unen-plataforma-digital-moderniza-el-servicio-de-transporte-tradicional\/#primaryimage"},"thumbnailUrl":"https:\/\/www.nexoinformativo.mx\/wp-content\/uploads\/2025\/06\/IMG_4689.jpg","datePublished":"2025-06-30T19:00:34+00:00","dateModified":"2025-07-01T02:24:11+00:00","description":"DiDi y Taxis de Quer\u00e9taro se unen plataforma digital moderniza el servicio de transporte tradicional","breadcrumb":{"@id":"https:\/\/www.nexoinformativo.mx\/index.php\/2025\/06\/30\/didi-y-taxis-de-queretaro-se-unen-plataforma-digital-moderniza-el-servicio-de-transporte-tradicional\/#breadcrumb"},"inLanguage":"es","potentialAction":[{"@type":"ReadAction","target":["https:\/\/www.nexoinformativo.mx\/index.php\/2025\/06\/30\/didi-y-taxis-de-queretaro-se-unen-plataforma-digital-moderniza-el-servicio-de-transporte-tradicional\/"]}]},{"@type":"ImageObject","inLanguage":"es","@id":"https:\/\/www.nexoinformativo.mx\/index.php\/2025\/06\/30\/didi-y-taxis-de-queretaro-se-unen-plataforma-digital-moderniza-el-servicio-de-transporte-tradicional\/#primaryimage","url":"https:\/\/www.nexoinformativo.mx\/wp-content\/uploads\/2025\/06\/IMG_4689.jpg","contentUrl":"https:\/\/www.nexoinformativo.mx\/wp-content\/uploads\/2025\/06\/IMG_4689.jpg","width":738,"height":415},{"@type":"BreadcrumbList","@id":"https:\/\/www.nexoinformativo.mx\/index.php\/2025\/06\/30\/didi-y-taxis-de-queretaro-se-unen-plataforma-digital-moderniza-el-servicio-de-transporte-tradicional\/#breadcrumb","itemListElement":[{"@type":"ListItem","position":1,"name":"Inicio","item":"https:\/\/www.nexoinformativo.mx\/"},{"@type":"ListItem","position":2,"name":"DiDi y Taxis de Quer\u00e9taro se unen plataforma digital moderniza el servicio de transporte tradicional"}]},{"@type":"WebSite","@id":"https:\/\/www.nexoinformativo.mx\/#website","url":"https:\/\/www.nexoinformativo.mx\/","name":"Nexo Informativo Santiago de Quer\u00e9taro","description":"Explora NexoInformativo y convi\u00e9rtete en parte de una comunidad que valora el conocimiento y la verdad. Tu nexoinformativo es tu puente hacia una comprensi\u00f3n m\u00e1s profunda del mundo que te rodea.","publisher":{"@id":"https:\/\/www.nexoinformativo.mx\/#organization"},"potentialAction":[{"@type":"SearchAction","target":{"@type":"EntryPoint","urlTemplate":"https:\/\/www.nexoinformativo.mx\/?s={search_term_string}"},"query-input":{"@type":"PropertyValueSpecification","valueRequired":true,"valueName":"search_term_string"}}],"inLanguage":"es"},{"@type":"Organization","@id":"https:\/\/www.nexoinformativo.mx\/#organization","name":"Nexo Informativo Santiago de Quer\u00e9taro","url":"https:\/\/www.nexoinformativo.mx\/","logo":{"@type":"ImageObject","inLanguage":"es","@id":"https:\/\/www.nexoinformativo.mx\/#\/schema\/logo\/image\/","url":"https:\/\/www.nexoinformativo.mx\/wp-content\/uploads\/2024\/07\/nexoi-trasparente-2.png","contentUrl":"https:\/\/www.nexoinformativo.mx\/wp-content\/uploads\/2024\/07\/nexoi-trasparente-2.png","width":816,"height":339,"caption":"Nexo Informativo Santiago de Quer\u00e9taro"},"image":{"@id":"https:\/\/www.nexoinformativo.mx\/#\/schema\/logo\/image\/"},"sameAs":["https:\/\/www.facebook.com\/people\/Nexo-Informativo\/61564066885511\/"]},{"@type":"Person","@id":"https:\/\/www.nexoinformativo.mx\/#\/schema\/person\/7749d380ba08c8ca00d7bc76fd907b7d","name":"Nexo Informativo","image":{"@type":"ImageObject","inLanguage":"es","@id":"https:\/\/www.nexoinformativo.mx\/#\/schema\/person\/image\/","url":"https:\/\/secure.gravatar.com\/avatar\/dde2928154642a13d95f87ddf1ea9718fe2b46760a005c53e41ff5ad610704e6?s=96&d=mm&r=g","contentUrl":"https:\/\/secure.gravatar.com\/avatar\/dde2928154642a13d95f87ddf1ea9718fe2b46760a005c53e41ff5ad610704e6?s=96&d=mm&r=g","caption":"Nexo Informativo"},"url":"https:\/\/www.nexoinformativo.mx\/index.php\/author\/edicion\/"}]}},"_links":{"self":[{"href":"https:\/\/www.nexoinformativo.mx\/index.php\/wp-json\/wp\/v2\/posts\/16229","targetHints":{"allow":["GET"]}}],"collection":[{"href":"https:\/\/www.nexoinformativo.mx\/index.php\/wp-json\/wp\/v2\/posts"}],"about":[{"href":"https:\/\/www.nexoinformativo.mx\/index.php\/wp-json\/wp\/v2\/types\/post"}],"author":[{"embeddable":true,"href":"https:\/\/www.nexoinformativo.mx\/index.php\/wp-json\/wp\/v2\/users\/3"}],"replies":[{"embeddable":true,"href":"https:\/\/www.nexoinformativo.mx\/index.php\/wp-json\/wp\/v2\/comments?post=16229"}],"version-history":[{"count":4,"href":"https:\/\/www.nexoinformativo.mx\/index.php\/wp-json\/wp\/v2\/posts\/16229\/revisions"}],"predecessor-version":[{"id":16233,"href":"https:\/\/www.nexoinformativo.mx\/index.php\/wp-json\/wp\/v2\/posts\/16229\/revisions\/16233"}],"wp:featuredmedia":[{"embeddable":true,"href":"https:\/\/www.nexoinformativo.mx\/index.php\/wp-json\/wp\/v2\/media\/16230"}],"wp:attachment":[{"href":"https:\/\/www.nexoinformativo.mx\/index.php\/wp-json\/wp\/v2\/media?parent=16229"}],"wp:term":[{"taxonomy":"category","embeddable":true,"href":"https:\/\/www.nexoinformativo.mx\/index.php\/wp-json\/wp\/v2\/categories?post=16229"},{"taxonomy":"post_tag","embeddable":true,"href":"https:\/\/www.nexoinformativo.mx\/index.php\/wp-json\/wp\/v2\/tags?post=16229"}],"curies":[{"name":"wp","href":"https:\/\/api.w.org\/{rel}","templated":true}]}}