{"id":16235,"date":"2025-06-30T14:00:25","date_gmt":"2025-06-30T20:00:25","guid":{"rendered":"https:\/\/www.nexoinformativo.mx\/?p=16235"},"modified":"2025-06-30T20:27:51","modified_gmt":"2025-07-01T02:27:51","slug":"sistema-batan-kuri-pide-debates-tecnicos-y-desmiente-contaminacion-para-asegurar-el-agua-en-queretaro","status":"publish","type":"post","link":"https:\/\/www.nexoinformativo.mx\/index.php\/2025\/06\/30\/sistema-batan-kuri-pide-debates-tecnicos-y-desmiente-contaminacion-para-asegurar-el-agua-en-queretaro\/","title":{"rendered":"Sistema Bat\u00e1n Kuri pide debates t\u00e9cnicos y desmiente contaminaci\u00f3n para asegurar el agua en Quer\u00e9taro"},"content":{"rendered":"<p style=\"text-align: justify;\">El gobernador Mauricio Kuri\u00a0hizo un llamado en\u00e9rgico para que el proyecto h\u00eddrico del Sistema Bat\u00e1n sea analizado y discutido bajo criterios estrictamente t\u00e9cnicos y no pol\u00edticos. El objetivo, afirm\u00f3, es garantizar el bienestar de los ciudadanos y la viabilidad del abasto de agua en Quer\u00e9taro a largo plazo.<\/p>\n<\/p>\n<p>&nbsp;<\/p>\n<p style=\"text-align: justify;\">En una entrevista, el mandatario reconoci\u00f3 que, desde su presentaci\u00f3n, el proyecto ha sido objeto de politizaci\u00f3n por diversos actores. Sin embargo, enfatiz\u00f3 que se trata de una propuesta sustentable que busca asegurar el suministro de agua en el estado durante los pr\u00f3ximos a\u00f1os.<\/p>\n<\/p>\n<p>&nbsp;<\/p>\n<p style=\"text-align: justify;\">Kuri neg\u00f3 categ\u00f3ricamente que el agua que se obtendr\u00eda a trav\u00e9s del Sistema Bat\u00e1n est\u00e9 contaminada o represente un riesgo para la salud. \u201cLa Conagua no aprobar\u00eda un proyecto que diera agua contaminada a la ciudadan\u00eda. Eso es totalmente falso\u201d, afirm\u00f3.<\/p>\n<\/p>\n<p>&nbsp;<\/p>\n<p style=\"text-align: justify;\">El gobernador insisti\u00f3 en que cualquier debate sobre este tema debe llevarse a cabo en los foros necesarios, pero siempre con la participaci\u00f3n de especialistas y personal t\u00e9cnico. \u201cDebe ser un an\u00e1lisis t\u00e9cnico, no pol\u00edtico, por el bien de los ciudadanos\u201d, recalc\u00f3.<\/p>\n<\/p>\n<p>&nbsp;<\/p>\n<p style=\"text-align: justify;\">Adem\u00e1s, compar\u00f3 el Sistema Bat\u00e1n con el Acueducto III, un proyecto anterior, se\u00f1alando que este \u00faltimo resultar\u00eda m\u00e1s costoso y menos viable para la entidad.<\/p>\n<\/p>\n<p>&nbsp;<\/p>\n<p style=\"text-align: justify;\">Con esta postura, el Ejecutivo estatal reiter\u00f3 su respaldo a una soluci\u00f3n sustentable, t\u00e9cnica y transparente para enfrentar el desaf\u00edo del abasto de agua en Quer\u00e9taro.<\/p>\n<\/p>\n<p>&nbsp;<\/p>\n<p style=\"text-align: center;\"><em><strong>\u00a1Informaci\u00f3n que transforma!<\/strong><\/em><\/p>\n","protected":false},"excerpt":{"rendered":"<p>El gobernador Mauricio Kuri\u00a0hizo un llamado en\u00e9rgico para que el proyecto h\u00eddrico del Sistema Bat\u00e1n sea analizado y discutido bajo criterios estrictamente t\u00e9cnicos y no pol\u00edticos. El objetivo, afirm\u00f3, es garantizar el bienestar de los ciudadanos y la viabilidad del abasto de agua en Quer\u00e9taro a largo plazo.<\/p>\n","protected":false},"author":3,"featured_media":16236,"comment_status":"open","ping_status":"open","sticky":false,"template":"","format":"standard","meta":{"footnotes":""},"categories":[42,58],"tags":[1504,661,665,4695],"class_list":["post-16235","post","type-post","status-publish","format-standard","has-post-thumbnail","hentry","category-estado","category-ultima-hora","tag-aguaparaqueretaro","tag-mauriciokuri","tag-queretarosustentable","tag-sistemabatan"],"yoast_head":"<!-- This site is optimized with the Yoast SEO plugin v25.0 - https:\/\/yoast.com\/wordpress\/plugins\/seo\/ -->\n<title>Sistema Bat\u00e1n Kuri pide debates t\u00e9cnicos y desmiente contaminaci\u00f3n para asegurar el agua en Quer\u00e9taro | Nexo Informativo Santiago de Quer\u00e9taro<\/title>\n<meta name=\"description\" content=\"Sistema Bat\u00e1n Kuri pide debates t\u00e9cnicos y desmiente contaminaci\u00f3n para asegurar el agua en Quer\u00e9taro\" \/>\n<meta name=\"robots\" content=\"index, follow, max-snippet:-1, max-image-preview:large, max-video-preview:-1\" \/>\n<link rel=\"canonical\" href=\"https:\/\/www.nexoinformativo.mx\/index.php\/2025\/06\/30\/sistema-batan-kuri-pide-debates-tecnicos-y-desmiente-contaminacion-para-asegurar-el-agua-en-queretaro\/\" \/>\n<meta property=\"og:locale\" content=\"es_MX\" \/>\n<meta property=\"og:type\" content=\"article\" \/>\n<meta property=\"og:title\" content=\"Sistema Bat\u00e1n Kuri pide debates t\u00e9cnicos y desmiente contaminaci\u00f3n para asegurar el agua en Quer\u00e9taro | Nexo Informativo Santiago de Quer\u00e9taro\" \/>\n<meta property=\"og:description\" content=\"Sistema Bat\u00e1n Kuri pide debates t\u00e9cnicos y desmiente contaminaci\u00f3n para asegurar el agua en Quer\u00e9taro\" \/>\n<meta property=\"og:url\" content=\"https:\/\/www.nexoinformativo.mx\/index.php\/2025\/06\/30\/sistema-batan-kuri-pide-debates-tecnicos-y-desmiente-contaminacion-para-asegurar-el-agua-en-queretaro\/\" \/>\n<meta property=\"og:site_name\" content=\"Nexo Informativo Santiago de Quer\u00e9taro\" \/>\n<meta property=\"article:publisher\" content=\"https:\/\/www.facebook.com\/people\/Nexo-Informativo\/61564066885511\/\" \/>\n<meta property=\"article:published_time\" content=\"2025-06-30T20:00:25+00:00\" \/>\n<meta property=\"article:modified_time\" content=\"2025-07-01T02:27:51+00:00\" \/>\n<meta property=\"og:image\" content=\"https:\/\/www.nexoinformativo.mx\/wp-content\/uploads\/2025\/06\/PHOTO-2025-06-30-15-06-16.jpg\" \/>\n\t<meta property=\"og:image:width\" content=\"800\" \/>\n\t<meta property=\"og:image:height\" content=\"450\" \/>\n\t<meta property=\"og:image:type\" content=\"image\/jpeg\" \/>\n<meta name=\"author\" content=\"Nexo Informativo\" \/>\n<meta name=\"twitter:card\" content=\"summary_large_image\" \/>\n<meta name=\"twitter:label1\" content=\"Escrito por\" \/>\n\t<meta name=\"twitter:data1\" content=\"Nexo Informativo\" \/>\n\t<meta name=\"twitter:label2\" content=\"Tiempo de lectura\" \/>\n\t<meta name=\"twitter:data2\" content=\"2 minutos\" \/>\n<script type=\"application\/ld+json\" class=\"yoast-schema-graph\">{\"@context\":\"https:\/\/schema.org\",\"@graph\":[{\"@type\":\"Article\",\"@id\":\"https:\/\/www.nexoinformativo.mx\/index.php\/2025\/06\/30\/sistema-batan-kuri-pide-debates-tecnicos-y-desmiente-contaminacion-para-asegurar-el-agua-en-queretaro\/#article\",\"isPartOf\":{\"@id\":\"https:\/\/www.nexoinformativo.mx\/index.php\/2025\/06\/30\/sistema-batan-kuri-pide-debates-tecnicos-y-desmiente-contaminacion-para-asegurar-el-agua-en-queretaro\/\"},\"author\":{\"name\":\"Nexo Informativo\",\"@id\":\"https:\/\/www.nexoinformativo.mx\/#\/schema\/person\/7749d380ba08c8ca00d7bc76fd907b7d\"},\"headline\":\"Sistema Bat\u00e1n Kuri pide debates t\u00e9cnicos y desmiente contaminaci\u00f3n para asegurar el agua en Quer\u00e9taro\",\"datePublished\":\"2025-06-30T20:00:25+00:00\",\"dateModified\":\"2025-07-01T02:27:51+00:00\",\"mainEntityOfPage\":{\"@id\":\"https:\/\/www.nexoinformativo.mx\/index.php\/2025\/06\/30\/sistema-batan-kuri-pide-debates-tecnicos-y-desmiente-contaminacion-para-asegurar-el-agua-en-queretaro\/\"},\"wordCount\":286,\"commentCount\":0,\"publisher\":{\"@id\":\"https:\/\/www.nexoinformativo.mx\/#organization\"},\"image\":{\"@id\":\"https:\/\/www.nexoinformativo.mx\/index.php\/2025\/06\/30\/sistema-batan-kuri-pide-debates-tecnicos-y-desmiente-contaminacion-para-asegurar-el-agua-en-queretaro\/#primaryimage\"},\"thumbnailUrl\":\"https:\/\/www.nexoinformativo.mx\/wp-content\/uploads\/2025\/06\/PHOTO-2025-06-30-15-06-16.jpg\",\"keywords\":[\"AguaParaQuer\u00e9taro\",\"MauricioKuri\",\"Quer\u00e9taroSustentable\",\"SistemaBat\u00e1n\"],\"articleSection\":[\"Estado\",\"\u00daltima Hora\"],\"inLanguage\":\"es\",\"potentialAction\":[{\"@type\":\"CommentAction\",\"name\":\"Comment\",\"target\":[\"https:\/\/www.nexoinformativo.mx\/index.php\/2025\/06\/30\/sistema-batan-kuri-pide-debates-tecnicos-y-desmiente-contaminacion-para-asegurar-el-agua-en-queretaro\/#respond\"]}]},{\"@type\":\"WebPage\",\"@id\":\"https:\/\/www.nexoinformativo.mx\/index.php\/2025\/06\/30\/sistema-batan-kuri-pide-debates-tecnicos-y-desmiente-contaminacion-para-asegurar-el-agua-en-queretaro\/\",\"url\":\"https:\/\/www.nexoinformativo.mx\/index.php\/2025\/06\/30\/sistema-batan-kuri-pide-debates-tecnicos-y-desmiente-contaminacion-para-asegurar-el-agua-en-queretaro\/\",\"name\":\"Sistema Bat\u00e1n Kuri pide debates t\u00e9cnicos y desmiente contaminaci\u00f3n para asegurar el agua en Quer\u00e9taro | Nexo Informativo Santiago de Quer\u00e9taro\",\"isPartOf\":{\"@id\":\"https:\/\/www.nexoinformativo.mx\/#website\"},\"primaryImageOfPage\":{\"@id\":\"https:\/\/www.nexoinformativo.mx\/index.php\/2025\/06\/30\/sistema-batan-kuri-pide-debates-tecnicos-y-desmiente-contaminacion-para-asegurar-el-agua-en-queretaro\/#primaryimage\"},\"image\":{\"@id\":\"https:\/\/www.nexoinformativo.mx\/index.php\/2025\/06\/30\/sistema-batan-kuri-pide-debates-tecnicos-y-desmiente-contaminacion-para-asegurar-el-agua-en-queretaro\/#primaryimage\"},\"thumbnailUrl\":\"https:\/\/www.nexoinformativo.mx\/wp-content\/uploads\/2025\/06\/PHOTO-2025-06-30-15-06-16.jpg\",\"datePublished\":\"2025-06-30T20:00:25+00:00\",\"dateModified\":\"2025-07-01T02:27:51+00:00\",\"description\":\"Sistema Bat\u00e1n Kuri pide debates t\u00e9cnicos y desmiente contaminaci\u00f3n para asegurar el agua en Quer\u00e9taro\",\"breadcrumb\":{\"@id\":\"https:\/\/www.nexoinformativo.mx\/index.php\/2025\/06\/30\/sistema-batan-kuri-pide-debates-tecnicos-y-desmiente-contaminacion-para-asegurar-el-agua-en-queretaro\/#breadcrumb\"},\"inLanguage\":\"es\",\"potentialAction\":[{\"@type\":\"ReadAction\",\"target\":[\"https:\/\/www.nexoinformativo.mx\/index.php\/2025\/06\/30\/sistema-batan-kuri-pide-debates-tecnicos-y-desmiente-contaminacion-para-asegurar-el-agua-en-queretaro\/\"]}]},{\"@type\":\"ImageObject\",\"inLanguage\":\"es\",\"@id\":\"https:\/\/www.nexoinformativo.mx\/index.php\/2025\/06\/30\/sistema-batan-kuri-pide-debates-tecnicos-y-desmiente-contaminacion-para-asegurar-el-agua-en-queretaro\/#primaryimage\",\"url\":\"https:\/\/www.nexoinformativo.mx\/wp-content\/uploads\/2025\/06\/PHOTO-2025-06-30-15-06-16.jpg\",\"contentUrl\":\"https:\/\/www.nexoinformativo.mx\/wp-content\/uploads\/2025\/06\/PHOTO-2025-06-30-15-06-16.jpg\",\"width\":800,\"height\":450},{\"@type\":\"BreadcrumbList\",\"@id\":\"https:\/\/www.nexoinformativo.mx\/index.php\/2025\/06\/30\/sistema-batan-kuri-pide-debates-tecnicos-y-desmiente-contaminacion-para-asegurar-el-agua-en-queretaro\/#breadcrumb\",\"itemListElement\":[{\"@type\":\"ListItem\",\"position\":1,\"name\":\"Inicio\",\"item\":\"https:\/\/www.nexoinformativo.mx\/\"},{\"@type\":\"ListItem\",\"position\":2,\"name\":\"Sistema Bat\u00e1n Kuri pide debates t\u00e9cnicos y desmiente contaminaci\u00f3n para asegurar el agua en Quer\u00e9taro\"}]},{\"@type\":\"WebSite\",\"@id\":\"https:\/\/www.nexoinformativo.mx\/#website\",\"url\":\"https:\/\/www.nexoinformativo.mx\/\",\"name\":\"Nexo Informativo Santiago de Quer\u00e9taro\",\"description\":\"Explora NexoInformativo y convi\u00e9rtete en parte de una comunidad que valora el conocimiento y la verdad. Tu nexoinformativo es tu puente hacia una comprensi\u00f3n m\u00e1s profunda del mundo que te rodea.\",\"publisher\":{\"@id\":\"https:\/\/www.nexoinformativo.mx\/#organization\"},\"potentialAction\":[{\"@type\":\"SearchAction\",\"target\":{\"@type\":\"EntryPoint\",\"urlTemplate\":\"https:\/\/www.nexoinformativo.mx\/?s={search_term_string}\"},\"query-input\":{\"@type\":\"PropertyValueSpecification\",\"valueRequired\":true,\"valueName\":\"search_term_string\"}}],\"inLanguage\":\"es\"},{\"@type\":\"Organization\",\"@id\":\"https:\/\/www.nexoinformativo.mx\/#organization\",\"name\":\"Nexo Informativo Santiago de Quer\u00e9taro\",\"url\":\"https:\/\/www.nexoinformativo.mx\/\",\"logo\":{\"@type\":\"ImageObject\",\"inLanguage\":\"es\",\"@id\":\"https:\/\/www.nexoinformativo.mx\/#\/schema\/logo\/image\/\",\"url\":\"https:\/\/www.nexoinformativo.mx\/wp-content\/uploads\/2024\/07\/nexoi-trasparente-2.png\",\"contentUrl\":\"https:\/\/www.nexoinformativo.mx\/wp-content\/uploads\/2024\/07\/nexoi-trasparente-2.png\",\"width\":816,\"height\":339,\"caption\":\"Nexo Informativo Santiago de Quer\u00e9taro\"},\"image\":{\"@id\":\"https:\/\/www.nexoinformativo.mx\/#\/schema\/logo\/image\/\"},\"sameAs\":[\"https:\/\/www.facebook.com\/people\/Nexo-Informativo\/61564066885511\/\"]},{\"@type\":\"Person\",\"@id\":\"https:\/\/www.nexoinformativo.mx\/#\/schema\/person\/7749d380ba08c8ca00d7bc76fd907b7d\",\"name\":\"Nexo Informativo\",\"image\":{\"@type\":\"ImageObject\",\"inLanguage\":\"es\",\"@id\":\"https:\/\/www.nexoinformativo.mx\/#\/schema\/person\/image\/\",\"url\":\"https:\/\/secure.gravatar.com\/avatar\/dde2928154642a13d95f87ddf1ea9718fe2b46760a005c53e41ff5ad610704e6?s=96&d=mm&r=g\",\"contentUrl\":\"https:\/\/secure.gravatar.com\/avatar\/dde2928154642a13d95f87ddf1ea9718fe2b46760a005c53e41ff5ad610704e6?s=96&d=mm&r=g\",\"caption\":\"Nexo Informativo\"},\"url\":\"https:\/\/www.nexoinformativo.mx\/index.php\/author\/edicion\/\"}]}<\/script>\n<!-- \/ Yoast SEO plugin. -->","yoast_head_json":{"title":"Sistema Bat\u00e1n Kuri pide debates t\u00e9cnicos y desmiente contaminaci\u00f3n para asegurar el agua en Quer\u00e9taro | Nexo Informativo Santiago de Quer\u00e9taro","description":"Sistema Bat\u00e1n Kuri pide debates t\u00e9cnicos y desmiente contaminaci\u00f3n para asegurar el agua en Quer\u00e9taro","robots":{"index":"index","follow":"follow","max-snippet":"max-snippet:-1","max-image-preview":"max-image-preview:large","max-video-preview":"max-video-preview:-1"},"canonical":"https:\/\/www.nexoinformativo.mx\/index.php\/2025\/06\/30\/sistema-batan-kuri-pide-debates-tecnicos-y-desmiente-contaminacion-para-asegurar-el-agua-en-queretaro\/","og_locale":"es_MX","og_type":"article","og_title":"Sistema Bat\u00e1n Kuri pide debates t\u00e9cnicos y desmiente contaminaci\u00f3n para asegurar el agua en Quer\u00e9taro | Nexo Informativo Santiago de Quer\u00e9taro","og_description":"Sistema Bat\u00e1n Kuri pide debates t\u00e9cnicos y desmiente contaminaci\u00f3n para asegurar el agua en Quer\u00e9taro","og_url":"https:\/\/www.nexoinformativo.mx\/index.php\/2025\/06\/30\/sistema-batan-kuri-pide-debates-tecnicos-y-desmiente-contaminacion-para-asegurar-el-agua-en-queretaro\/","og_site_name":"Nexo Informativo Santiago de Quer\u00e9taro","article_publisher":"https:\/\/www.facebook.com\/people\/Nexo-Informativo\/61564066885511\/","article_published_time":"2025-06-30T20:00:25+00:00","article_modified_time":"2025-07-01T02:27:51+00:00","og_image":[{"width":800,"height":450,"url":"https:\/\/www.nexoinformativo.mx\/wp-content\/uploads\/2025\/06\/PHOTO-2025-06-30-15-06-16.jpg","type":"image\/jpeg"}],"author":"Nexo Informativo","twitter_card":"summary_large_image","twitter_misc":{"Escrito por":"Nexo Informativo","Tiempo de lectura":"2 minutos"},"schema":{"@context":"https:\/\/schema.org","@graph":[{"@type":"Article","@id":"https:\/\/www.nexoinformativo.mx\/index.php\/2025\/06\/30\/sistema-batan-kuri-pide-debates-tecnicos-y-desmiente-contaminacion-para-asegurar-el-agua-en-queretaro\/#article","isPartOf":{"@id":"https:\/\/www.nexoinformativo.mx\/index.php\/2025\/06\/30\/sistema-batan-kuri-pide-debates-tecnicos-y-desmiente-contaminacion-para-asegurar-el-agua-en-queretaro\/"},"author":{"name":"Nexo Informativo","@id":"https:\/\/www.nexoinformativo.mx\/#\/schema\/person\/7749d380ba08c8ca00d7bc76fd907b7d"},"headline":"Sistema Bat\u00e1n Kuri pide debates t\u00e9cnicos y desmiente contaminaci\u00f3n para asegurar el agua en Quer\u00e9taro","datePublished":"2025-06-30T20:00:25+00:00","dateModified":"2025-07-01T02:27:51+00:00","mainEntityOfPage":{"@id":"https:\/\/www.nexoinformativo.mx\/index.php\/2025\/06\/30\/sistema-batan-kuri-pide-debates-tecnicos-y-desmiente-contaminacion-para-asegurar-el-agua-en-queretaro\/"},"wordCount":286,"commentCount":0,"publisher":{"@id":"https:\/\/www.nexoinformativo.mx\/#organization"},"image":{"@id":"https:\/\/www.nexoinformativo.mx\/index.php\/2025\/06\/30\/sistema-batan-kuri-pide-debates-tecnicos-y-desmiente-contaminacion-para-asegurar-el-agua-en-queretaro\/#primaryimage"},"thumbnailUrl":"https:\/\/www.nexoinformativo.mx\/wp-content\/uploads\/2025\/06\/PHOTO-2025-06-30-15-06-16.jpg","keywords":["AguaParaQuer\u00e9taro","MauricioKuri","Quer\u00e9taroSustentable","SistemaBat\u00e1n"],"articleSection":["Estado","\u00daltima Hora"],"inLanguage":"es","potentialAction":[{"@type":"CommentAction","name":"Comment","target":["https:\/\/www.nexoinformativo.mx\/index.php\/2025\/06\/30\/sistema-batan-kuri-pide-debates-tecnicos-y-desmiente-contaminacion-para-asegurar-el-agua-en-queretaro\/#respond"]}]},{"@type":"WebPage","@id":"https:\/\/www.nexoinformativo.mx\/index.php\/2025\/06\/30\/sistema-batan-kuri-pide-debates-tecnicos-y-desmiente-contaminacion-para-asegurar-el-agua-en-queretaro\/","url":"https:\/\/www.nexoinformativo.mx\/index.php\/2025\/06\/30\/sistema-batan-kuri-pide-debates-tecnicos-y-desmiente-contaminacion-para-asegurar-el-agua-en-queretaro\/","name":"Sistema Bat\u00e1n Kuri pide debates t\u00e9cnicos y desmiente contaminaci\u00f3n para asegurar el agua en Quer\u00e9taro | Nexo Informativo Santiago de Quer\u00e9taro","isPartOf":{"@id":"https:\/\/www.nexoinformativo.mx\/#website"},"primaryImageOfPage":{"@id":"https:\/\/www.nexoinformativo.mx\/index.php\/2025\/06\/30\/sistema-batan-kuri-pide-debates-tecnicos-y-desmiente-contaminacion-para-asegurar-el-agua-en-queretaro\/#primaryimage"},"image":{"@id":"https:\/\/www.nexoinformativo.mx\/index.php\/2025\/06\/30\/sistema-batan-kuri-pide-debates-tecnicos-y-desmiente-contaminacion-para-asegurar-el-agua-en-queretaro\/#primaryimage"},"thumbnailUrl":"https:\/\/www.nexoinformativo.mx\/wp-content\/uploads\/2025\/06\/PHOTO-2025-06-30-15-06-16.jpg","datePublished":"2025-06-30T20:00:25+00:00","dateModified":"2025-07-01T02:27:51+00:00","description":"Sistema Bat\u00e1n Kuri pide debates t\u00e9cnicos y desmiente contaminaci\u00f3n para asegurar el agua en Quer\u00e9taro","breadcrumb":{"@id":"https:\/\/www.nexoinformativo.mx\/index.php\/2025\/06\/30\/sistema-batan-kuri-pide-debates-tecnicos-y-desmiente-contaminacion-para-asegurar-el-agua-en-queretaro\/#breadcrumb"},"inLanguage":"es","potentialAction":[{"@type":"ReadAction","target":["https:\/\/www.nexoinformativo.mx\/index.php\/2025\/06\/30\/sistema-batan-kuri-pide-debates-tecnicos-y-desmiente-contaminacion-para-asegurar-el-agua-en-queretaro\/"]}]},{"@type":"ImageObject","inLanguage":"es","@id":"https:\/\/www.nexoinformativo.mx\/index.php\/2025\/06\/30\/sistema-batan-kuri-pide-debates-tecnicos-y-desmiente-contaminacion-para-asegurar-el-agua-en-queretaro\/#primaryimage","url":"https:\/\/www.nexoinformativo.mx\/wp-content\/uploads\/2025\/06\/PHOTO-2025-06-30-15-06-16.jpg","contentUrl":"https:\/\/www.nexoinformativo.mx\/wp-content\/uploads\/2025\/06\/PHOTO-2025-06-30-15-06-16.jpg","width":800,"height":450},{"@type":"BreadcrumbList","@id":"https:\/\/www.nexoinformativo.mx\/index.php\/2025\/06\/30\/sistema-batan-kuri-pide-debates-tecnicos-y-desmiente-contaminacion-para-asegurar-el-agua-en-queretaro\/#breadcrumb","itemListElement":[{"@type":"ListItem","position":1,"name":"Inicio","item":"https:\/\/www.nexoinformativo.mx\/"},{"@type":"ListItem","position":2,"name":"Sistema Bat\u00e1n Kuri pide debates t\u00e9cnicos y desmiente contaminaci\u00f3n para asegurar el agua en Quer\u00e9taro"}]},{"@type":"WebSite","@id":"https:\/\/www.nexoinformativo.mx\/#website","url":"https:\/\/www.nexoinformativo.mx\/","name":"Nexo Informativo Santiago de Quer\u00e9taro","description":"Explora NexoInformativo y convi\u00e9rtete en parte de una comunidad que valora el conocimiento y la verdad. Tu nexoinformativo es tu puente hacia una comprensi\u00f3n m\u00e1s profunda del mundo que te rodea.","publisher":{"@id":"https:\/\/www.nexoinformativo.mx\/#organization"},"potentialAction":[{"@type":"SearchAction","target":{"@type":"EntryPoint","urlTemplate":"https:\/\/www.nexoinformativo.mx\/?s={search_term_string}"},"query-input":{"@type":"PropertyValueSpecification","valueRequired":true,"valueName":"search_term_string"}}],"inLanguage":"es"},{"@type":"Organization","@id":"https:\/\/www.nexoinformativo.mx\/#organization","name":"Nexo Informativo Santiago de Quer\u00e9taro","url":"https:\/\/www.nexoinformativo.mx\/","logo":{"@type":"ImageObject","inLanguage":"es","@id":"https:\/\/www.nexoinformativo.mx\/#\/schema\/logo\/image\/","url":"https:\/\/www.nexoinformativo.mx\/wp-content\/uploads\/2024\/07\/nexoi-trasparente-2.png","contentUrl":"https:\/\/www.nexoinformativo.mx\/wp-content\/uploads\/2024\/07\/nexoi-trasparente-2.png","width":816,"height":339,"caption":"Nexo Informativo Santiago de Quer\u00e9taro"},"image":{"@id":"https:\/\/www.nexoinformativo.mx\/#\/schema\/logo\/image\/"},"sameAs":["https:\/\/www.facebook.com\/people\/Nexo-Informativo\/61564066885511\/"]},{"@type":"Person","@id":"https:\/\/www.nexoinformativo.mx\/#\/schema\/person\/7749d380ba08c8ca00d7bc76fd907b7d","name":"Nexo Informativo","image":{"@type":"ImageObject","inLanguage":"es","@id":"https:\/\/www.nexoinformativo.mx\/#\/schema\/person\/image\/","url":"https:\/\/secure.gravatar.com\/avatar\/dde2928154642a13d95f87ddf1ea9718fe2b46760a005c53e41ff5ad610704e6?s=96&d=mm&r=g","contentUrl":"https:\/\/secure.gravatar.com\/avatar\/dde2928154642a13d95f87ddf1ea9718fe2b46760a005c53e41ff5ad610704e6?s=96&d=mm&r=g","caption":"Nexo Informativo"},"url":"https:\/\/www.nexoinformativo.mx\/index.php\/author\/edicion\/"}]}},"_links":{"self":[{"href":"https:\/\/www.nexoinformativo.mx\/index.php\/wp-json\/wp\/v2\/posts\/16235","targetHints":{"allow":["GET"]}}],"collection":[{"href":"https:\/\/www.nexoinformativo.mx\/index.php\/wp-json\/wp\/v2\/posts"}],"about":[{"href":"https:\/\/www.nexoinformativo.mx\/index.php\/wp-json\/wp\/v2\/types\/post"}],"author":[{"embeddable":true,"href":"https:\/\/www.nexoinformativo.mx\/index.php\/wp-json\/wp\/v2\/users\/3"}],"replies":[{"embeddable":true,"href":"https:\/\/www.nexoinformativo.mx\/index.php\/wp-json\/wp\/v2\/comments?post=16235"}],"version-history":[{"count":3,"href":"https:\/\/www.nexoinformativo.mx\/index.php\/wp-json\/wp\/v2\/posts\/16235\/revisions"}],"predecessor-version":[{"id":16239,"href":"https:\/\/www.nexoinformativo.mx\/index.php\/wp-json\/wp\/v2\/posts\/16235\/revisions\/16239"}],"wp:featuredmedia":[{"embeddable":true,"href":"https:\/\/www.nexoinformativo.mx\/index.php\/wp-json\/wp\/v2\/media\/16236"}],"wp:attachment":[{"href":"https:\/\/www.nexoinformativo.mx\/index.php\/wp-json\/wp\/v2\/media?parent=16235"}],"wp:term":[{"taxonomy":"category","embeddable":true,"href":"https:\/\/www.nexoinformativo.mx\/index.php\/wp-json\/wp\/v2\/categories?post=16235"},{"taxonomy":"post_tag","embeddable":true,"href":"https:\/\/www.nexoinformativo.mx\/index.php\/wp-json\/wp\/v2\/tags?post=16235"}],"curies":[{"name":"wp","href":"https:\/\/api.w.org\/{rel}","templated":true}]}}