{"id":16240,"date":"2025-06-30T15:00:03","date_gmt":"2025-06-30T21:00:03","guid":{"rendered":"https:\/\/www.nexoinformativo.mx\/?p=16240"},"modified":"2025-06-30T20:34:02","modified_gmt":"2025-07-01T02:34:02","slug":"transporte-nocturno-en-queretaro-con-horario-extendido-hasta-la-medianoche-y-nuevas-rutas-qrobus","status":"publish","type":"post","link":"https:\/\/www.nexoinformativo.mx\/index.php\/2025\/06\/30\/transporte-nocturno-en-queretaro-con-horario-extendido-hasta-la-medianoche-y-nuevas-rutas-qrobus\/","title":{"rendered":"Transporte nocturno en Quer\u00e9taro con horario extendido hasta la medianoche y nuevas rutas Qrob\u00fas"},"content":{"rendered":"<p style=\"text-align: justify;\">En respuesta a una demanda hist\u00f3rica, el Gobierno del Estado y el Municipio han anunciado la ampliaci\u00f3n del sistema de transporte p\u00fablico colectivo nocturno.<\/p>\n<p>&nbsp;<\/p>\n<p style=\"text-align: justify;\">Ahora, 5 rutas troncales y cuatro rutas municipales operar\u00e1n hasta la medianoche, ofreciendo mayor movilidad a estudiantes, trabajadores del sector servicios y usuarios en general.<\/p>\n<p>&nbsp;<\/p>\n<p style=\"text-align: justify;\">Gerardo Cuanalo, director de la Agencia de Movilidad del Estado, destac\u00f3 la consolidaci\u00f3n del sistema Qrob\u00fas nocturno gracias al trabajo coordinado.<\/p>\n<p>&nbsp;<\/p>\n<p style=\"text-align: justify;\">&#8220;Esta es una demanda que llevaba a\u00f1os. Hoy, gracias al respaldo del gobernador y el trabajo conjunto con el municipio, podemos decir que tenemos un sistema nocturno real, funcional, y con una frecuencia de 20 minutos, dise\u00f1ado para atender a quienes m\u00e1s lo necesitan\u201d, expres\u00f3 Cuanalo.<\/p>\n<p>&nbsp;<\/p>\n<p style=\"text-align: justify;\">A partir de hoy, tres nuevas rutas nocturnas se suman a la red: la troncal T02 y las municipales M214 y M215. Con esta expansi\u00f3n, el sistema nocturno alcanzar\u00e1 los 30,000 usuarios mensuales, demostrando su integraci\u00f3n al facilitar transbordos entre rutas municipales y estatales.<\/p>\n<p>&nbsp;<\/p>\n<p style=\"text-align: justify;\">Por su parte, el presidente municipal de Quer\u00e9taro, Felipe Fernando Mac\u00edas, afirm\u00f3 que esta ampliaci\u00f3n responde al compromiso de garantizar el derecho a la movilidad de todos los queretanos, especialmente de los sectores m\u00e1s vulnerables.<\/p>\n<p>&nbsp;<\/p>\n<p style=\"text-align: justify;\"><strong>Nuevas rutas nocturnas:<\/strong><\/p>\n<p style=\"text-align: justify;\">*Ruta M214: Operar\u00e1 de 7 p.m. a 12 a.m., cubriendo zonas clave como Av. de la Luz, 5 de Febrero, Av. T\u00e9mpano, Plan de San Luis, San Rafael, San Miguel, Paseo Quer\u00e9taro y Av. de las Fuentes, beneficiando a 29 planteles escolares.<\/p>\n<p>&nbsp;<\/p>\n<p style=\"text-align: justify;\">*Ruta M215: En el mismo horario, recorrer\u00e1 puntos como Luis Pasteur, Mois\u00e9s Solana, Valle del Cimatario, Av. Zaragoza, Alameda Hidalgo, Centro Cultural G\u00f3mez Mor\u00edn, y colonias como Laurel, Prados del Mirador, Corregidora, Vista Alegre, Presidentes y Azteca. Ampliar\u00e1 la cobertura a la Preparatoria Sur de la UAQ, la Escuela Normal del Estado y el COBAQ 8 Azteca.<\/p>\n<p>&nbsp;<\/p>\n<p style=\"text-align: justify;\">Las autoridades coinciden en que esta expansi\u00f3n es un paso firme hacia un sistema de transporte m\u00e1s justo, accesible y eficiente, reafirmando su compromiso con la mejora de la movilidad para todos los habitantes de la zona metropolitana.<\/p>\n<p>&nbsp;<\/p>\n<p style=\"text-align: center;\"><em><strong>\u00a1Informaci\u00f3n que transforma!<\/strong><\/em><\/p>\n","protected":false},"excerpt":{"rendered":"<p>En respuesta a una demanda hist\u00f3rica, el Gobierno del Estado y el Municipio han anunciado la ampliaci\u00f3n del sistema de transporte p\u00fablico colectivo nocturno.<\/p>\n","protected":false},"author":3,"featured_media":16241,"comment_status":"open","ping_status":"open","sticky":false,"template":"","format":"standard","meta":{"footnotes":""},"categories":[1],"tags":[3556,3559,133,596],"class_list":["post-16240","post","type-post","status-publish","format-standard","has-post-thumbnail","hentry","category-uncategorized","tag-movilidadqro","tag-qrobusnocturno","tag-queretaro","tag-transportepublico"],"yoast_head":"<!-- This site is optimized with the Yoast SEO plugin v25.0 - https:\/\/yoast.com\/wordpress\/plugins\/seo\/ -->\n<title>Transporte nocturno en Quer\u00e9taro con horario extendido hasta la medianoche y nuevas rutas Qrob\u00fas | Nexo Informativo Santiago de Quer\u00e9taro<\/title>\n<meta name=\"description\" content=\"Transporte nocturno en Quer\u00e9taro con horario extendido hasta la medianoche y nuevas rutas Qrob\u00fas\" \/>\n<meta name=\"robots\" content=\"index, follow, max-snippet:-1, max-image-preview:large, max-video-preview:-1\" \/>\n<link rel=\"canonical\" href=\"https:\/\/www.nexoinformativo.mx\/index.php\/2025\/06\/30\/transporte-nocturno-en-queretaro-con-horario-extendido-hasta-la-medianoche-y-nuevas-rutas-qrobus\/\" \/>\n<meta property=\"og:locale\" content=\"es_MX\" \/>\n<meta property=\"og:type\" content=\"article\" \/>\n<meta property=\"og:title\" content=\"Transporte nocturno en Quer\u00e9taro con horario extendido hasta la medianoche y nuevas rutas Qrob\u00fas | Nexo Informativo Santiago de Quer\u00e9taro\" \/>\n<meta property=\"og:description\" content=\"Transporte nocturno en Quer\u00e9taro con horario extendido hasta la medianoche y nuevas rutas Qrob\u00fas\" \/>\n<meta property=\"og:url\" content=\"https:\/\/www.nexoinformativo.mx\/index.php\/2025\/06\/30\/transporte-nocturno-en-queretaro-con-horario-extendido-hasta-la-medianoche-y-nuevas-rutas-qrobus\/\" \/>\n<meta property=\"og:site_name\" content=\"Nexo Informativo Santiago de Quer\u00e9taro\" \/>\n<meta property=\"article:publisher\" content=\"https:\/\/www.facebook.com\/people\/Nexo-Informativo\/61564066885511\/\" \/>\n<meta property=\"article:published_time\" content=\"2025-06-30T21:00:03+00:00\" \/>\n<meta property=\"article:modified_time\" content=\"2025-07-01T02:34:02+00:00\" \/>\n<meta property=\"og:image\" content=\"https:\/\/www.nexoinformativo.mx\/wp-content\/uploads\/2025\/06\/IMG_4690-e1751337138931.jpg\" \/>\n\t<meta property=\"og:image:width\" content=\"800\" \/>\n\t<meta property=\"og:image:height\" content=\"541\" \/>\n\t<meta property=\"og:image:type\" content=\"image\/jpeg\" \/>\n<meta name=\"author\" content=\"Nexo Informativo\" \/>\n<meta name=\"twitter:card\" content=\"summary_large_image\" \/>\n<meta name=\"twitter:label1\" content=\"Escrito por\" \/>\n\t<meta name=\"twitter:data1\" content=\"Nexo Informativo\" \/>\n\t<meta name=\"twitter:label2\" content=\"Tiempo de lectura\" \/>\n\t<meta name=\"twitter:data2\" content=\"2 minutos\" \/>\n<script type=\"application\/ld+json\" class=\"yoast-schema-graph\">{\"@context\":\"https:\/\/schema.org\",\"@graph\":[{\"@type\":\"Article\",\"@id\":\"https:\/\/www.nexoinformativo.mx\/index.php\/2025\/06\/30\/transporte-nocturno-en-queretaro-con-horario-extendido-hasta-la-medianoche-y-nuevas-rutas-qrobus\/#article\",\"isPartOf\":{\"@id\":\"https:\/\/www.nexoinformativo.mx\/index.php\/2025\/06\/30\/transporte-nocturno-en-queretaro-con-horario-extendido-hasta-la-medianoche-y-nuevas-rutas-qrobus\/\"},\"author\":{\"name\":\"Nexo Informativo\",\"@id\":\"https:\/\/www.nexoinformativo.mx\/#\/schema\/person\/7749d380ba08c8ca00d7bc76fd907b7d\"},\"headline\":\"Transporte nocturno en Quer\u00e9taro con horario extendido hasta la medianoche y nuevas rutas Qrob\u00fas\",\"datePublished\":\"2025-06-30T21:00:03+00:00\",\"dateModified\":\"2025-07-01T02:34:02+00:00\",\"mainEntityOfPage\":{\"@id\":\"https:\/\/www.nexoinformativo.mx\/index.php\/2025\/06\/30\/transporte-nocturno-en-queretaro-con-horario-extendido-hasta-la-medianoche-y-nuevas-rutas-qrobus\/\"},\"wordCount\":380,\"commentCount\":0,\"publisher\":{\"@id\":\"https:\/\/www.nexoinformativo.mx\/#organization\"},\"image\":{\"@id\":\"https:\/\/www.nexoinformativo.mx\/index.php\/2025\/06\/30\/transporte-nocturno-en-queretaro-con-horario-extendido-hasta-la-medianoche-y-nuevas-rutas-qrobus\/#primaryimage\"},\"thumbnailUrl\":\"https:\/\/www.nexoinformativo.mx\/wp-content\/uploads\/2025\/06\/IMG_4690-e1751337138931.jpg\",\"keywords\":[\"MovilidadQro\",\"QrobusNocturno\",\"Quer\u00e9taro\",\"TransporteP\u00fablico\"],\"articleSection\":[\"Uncategorized\"],\"inLanguage\":\"es\",\"potentialAction\":[{\"@type\":\"CommentAction\",\"name\":\"Comment\",\"target\":[\"https:\/\/www.nexoinformativo.mx\/index.php\/2025\/06\/30\/transporte-nocturno-en-queretaro-con-horario-extendido-hasta-la-medianoche-y-nuevas-rutas-qrobus\/#respond\"]}]},{\"@type\":\"WebPage\",\"@id\":\"https:\/\/www.nexoinformativo.mx\/index.php\/2025\/06\/30\/transporte-nocturno-en-queretaro-con-horario-extendido-hasta-la-medianoche-y-nuevas-rutas-qrobus\/\",\"url\":\"https:\/\/www.nexoinformativo.mx\/index.php\/2025\/06\/30\/transporte-nocturno-en-queretaro-con-horario-extendido-hasta-la-medianoche-y-nuevas-rutas-qrobus\/\",\"name\":\"Transporte nocturno en Quer\u00e9taro con horario extendido hasta la medianoche y nuevas rutas Qrob\u00fas | Nexo Informativo Santiago de Quer\u00e9taro\",\"isPartOf\":{\"@id\":\"https:\/\/www.nexoinformativo.mx\/#website\"},\"primaryImageOfPage\":{\"@id\":\"https:\/\/www.nexoinformativo.mx\/index.php\/2025\/06\/30\/transporte-nocturno-en-queretaro-con-horario-extendido-hasta-la-medianoche-y-nuevas-rutas-qrobus\/#primaryimage\"},\"image\":{\"@id\":\"https:\/\/www.nexoinformativo.mx\/index.php\/2025\/06\/30\/transporte-nocturno-en-queretaro-con-horario-extendido-hasta-la-medianoche-y-nuevas-rutas-qrobus\/#primaryimage\"},\"thumbnailUrl\":\"https:\/\/www.nexoinformativo.mx\/wp-content\/uploads\/2025\/06\/IMG_4690-e1751337138931.jpg\",\"datePublished\":\"2025-06-30T21:00:03+00:00\",\"dateModified\":\"2025-07-01T02:34:02+00:00\",\"description\":\"Transporte nocturno en Quer\u00e9taro con horario extendido hasta la medianoche y nuevas rutas Qrob\u00fas\",\"breadcrumb\":{\"@id\":\"https:\/\/www.nexoinformativo.mx\/index.php\/2025\/06\/30\/transporte-nocturno-en-queretaro-con-horario-extendido-hasta-la-medianoche-y-nuevas-rutas-qrobus\/#breadcrumb\"},\"inLanguage\":\"es\",\"potentialAction\":[{\"@type\":\"ReadAction\",\"target\":[\"https:\/\/www.nexoinformativo.mx\/index.php\/2025\/06\/30\/transporte-nocturno-en-queretaro-con-horario-extendido-hasta-la-medianoche-y-nuevas-rutas-qrobus\/\"]}]},{\"@type\":\"ImageObject\",\"inLanguage\":\"es\",\"@id\":\"https:\/\/www.nexoinformativo.mx\/index.php\/2025\/06\/30\/transporte-nocturno-en-queretaro-con-horario-extendido-hasta-la-medianoche-y-nuevas-rutas-qrobus\/#primaryimage\",\"url\":\"https:\/\/www.nexoinformativo.mx\/wp-content\/uploads\/2025\/06\/IMG_4690-e1751337138931.jpg\",\"contentUrl\":\"https:\/\/www.nexoinformativo.mx\/wp-content\/uploads\/2025\/06\/IMG_4690-e1751337138931.jpg\",\"width\":800,\"height\":541},{\"@type\":\"BreadcrumbList\",\"@id\":\"https:\/\/www.nexoinformativo.mx\/index.php\/2025\/06\/30\/transporte-nocturno-en-queretaro-con-horario-extendido-hasta-la-medianoche-y-nuevas-rutas-qrobus\/#breadcrumb\",\"itemListElement\":[{\"@type\":\"ListItem\",\"position\":1,\"name\":\"Inicio\",\"item\":\"https:\/\/www.nexoinformativo.mx\/\"},{\"@type\":\"ListItem\",\"position\":2,\"name\":\"Transporte nocturno en Quer\u00e9taro con horario extendido hasta la medianoche y nuevas rutas Qrob\u00fas\"}]},{\"@type\":\"WebSite\",\"@id\":\"https:\/\/www.nexoinformativo.mx\/#website\",\"url\":\"https:\/\/www.nexoinformativo.mx\/\",\"name\":\"Nexo Informativo Santiago de Quer\u00e9taro\",\"description\":\"Explora NexoInformativo y convi\u00e9rtete en parte de una comunidad que valora el conocimiento y la verdad. Tu nexoinformativo es tu puente hacia una comprensi\u00f3n m\u00e1s profunda del mundo que te rodea.\",\"publisher\":{\"@id\":\"https:\/\/www.nexoinformativo.mx\/#organization\"},\"potentialAction\":[{\"@type\":\"SearchAction\",\"target\":{\"@type\":\"EntryPoint\",\"urlTemplate\":\"https:\/\/www.nexoinformativo.mx\/?s={search_term_string}\"},\"query-input\":{\"@type\":\"PropertyValueSpecification\",\"valueRequired\":true,\"valueName\":\"search_term_string\"}}],\"inLanguage\":\"es\"},{\"@type\":\"Organization\",\"@id\":\"https:\/\/www.nexoinformativo.mx\/#organization\",\"name\":\"Nexo Informativo Santiago de Quer\u00e9taro\",\"url\":\"https:\/\/www.nexoinformativo.mx\/\",\"logo\":{\"@type\":\"ImageObject\",\"inLanguage\":\"es\",\"@id\":\"https:\/\/www.nexoinformativo.mx\/#\/schema\/logo\/image\/\",\"url\":\"https:\/\/www.nexoinformativo.mx\/wp-content\/uploads\/2024\/07\/nexoi-trasparente-2.png\",\"contentUrl\":\"https:\/\/www.nexoinformativo.mx\/wp-content\/uploads\/2024\/07\/nexoi-trasparente-2.png\",\"width\":816,\"height\":339,\"caption\":\"Nexo Informativo Santiago de Quer\u00e9taro\"},\"image\":{\"@id\":\"https:\/\/www.nexoinformativo.mx\/#\/schema\/logo\/image\/\"},\"sameAs\":[\"https:\/\/www.facebook.com\/people\/Nexo-Informativo\/61564066885511\/\"]},{\"@type\":\"Person\",\"@id\":\"https:\/\/www.nexoinformativo.mx\/#\/schema\/person\/7749d380ba08c8ca00d7bc76fd907b7d\",\"name\":\"Nexo Informativo\",\"image\":{\"@type\":\"ImageObject\",\"inLanguage\":\"es\",\"@id\":\"https:\/\/www.nexoinformativo.mx\/#\/schema\/person\/image\/\",\"url\":\"https:\/\/secure.gravatar.com\/avatar\/dde2928154642a13d95f87ddf1ea9718fe2b46760a005c53e41ff5ad610704e6?s=96&d=mm&r=g\",\"contentUrl\":\"https:\/\/secure.gravatar.com\/avatar\/dde2928154642a13d95f87ddf1ea9718fe2b46760a005c53e41ff5ad610704e6?s=96&d=mm&r=g\",\"caption\":\"Nexo Informativo\"},\"url\":\"https:\/\/www.nexoinformativo.mx\/index.php\/author\/edicion\/\"}]}<\/script>\n<!-- \/ Yoast SEO plugin. -->","yoast_head_json":{"title":"Transporte nocturno en Quer\u00e9taro con horario extendido hasta la medianoche y nuevas rutas Qrob\u00fas | Nexo Informativo Santiago de Quer\u00e9taro","description":"Transporte nocturno en Quer\u00e9taro con horario extendido hasta la medianoche y nuevas rutas Qrob\u00fas","robots":{"index":"index","follow":"follow","max-snippet":"max-snippet:-1","max-image-preview":"max-image-preview:large","max-video-preview":"max-video-preview:-1"},"canonical":"https:\/\/www.nexoinformativo.mx\/index.php\/2025\/06\/30\/transporte-nocturno-en-queretaro-con-horario-extendido-hasta-la-medianoche-y-nuevas-rutas-qrobus\/","og_locale":"es_MX","og_type":"article","og_title":"Transporte nocturno en Quer\u00e9taro con horario extendido hasta la medianoche y nuevas rutas Qrob\u00fas | Nexo Informativo Santiago de Quer\u00e9taro","og_description":"Transporte nocturno en Quer\u00e9taro con horario extendido hasta la medianoche y nuevas rutas Qrob\u00fas","og_url":"https:\/\/www.nexoinformativo.mx\/index.php\/2025\/06\/30\/transporte-nocturno-en-queretaro-con-horario-extendido-hasta-la-medianoche-y-nuevas-rutas-qrobus\/","og_site_name":"Nexo Informativo Santiago de Quer\u00e9taro","article_publisher":"https:\/\/www.facebook.com\/people\/Nexo-Informativo\/61564066885511\/","article_published_time":"2025-06-30T21:00:03+00:00","article_modified_time":"2025-07-01T02:34:02+00:00","og_image":[{"width":800,"height":541,"url":"https:\/\/www.nexoinformativo.mx\/wp-content\/uploads\/2025\/06\/IMG_4690-e1751337138931.jpg","type":"image\/jpeg"}],"author":"Nexo Informativo","twitter_card":"summary_large_image","twitter_misc":{"Escrito por":"Nexo Informativo","Tiempo de lectura":"2 minutos"},"schema":{"@context":"https:\/\/schema.org","@graph":[{"@type":"Article","@id":"https:\/\/www.nexoinformativo.mx\/index.php\/2025\/06\/30\/transporte-nocturno-en-queretaro-con-horario-extendido-hasta-la-medianoche-y-nuevas-rutas-qrobus\/#article","isPartOf":{"@id":"https:\/\/www.nexoinformativo.mx\/index.php\/2025\/06\/30\/transporte-nocturno-en-queretaro-con-horario-extendido-hasta-la-medianoche-y-nuevas-rutas-qrobus\/"},"author":{"name":"Nexo Informativo","@id":"https:\/\/www.nexoinformativo.mx\/#\/schema\/person\/7749d380ba08c8ca00d7bc76fd907b7d"},"headline":"Transporte nocturno en Quer\u00e9taro con horario extendido hasta la medianoche y nuevas rutas Qrob\u00fas","datePublished":"2025-06-30T21:00:03+00:00","dateModified":"2025-07-01T02:34:02+00:00","mainEntityOfPage":{"@id":"https:\/\/www.nexoinformativo.mx\/index.php\/2025\/06\/30\/transporte-nocturno-en-queretaro-con-horario-extendido-hasta-la-medianoche-y-nuevas-rutas-qrobus\/"},"wordCount":380,"commentCount":0,"publisher":{"@id":"https:\/\/www.nexoinformativo.mx\/#organization"},"image":{"@id":"https:\/\/www.nexoinformativo.mx\/index.php\/2025\/06\/30\/transporte-nocturno-en-queretaro-con-horario-extendido-hasta-la-medianoche-y-nuevas-rutas-qrobus\/#primaryimage"},"thumbnailUrl":"https:\/\/www.nexoinformativo.mx\/wp-content\/uploads\/2025\/06\/IMG_4690-e1751337138931.jpg","keywords":["MovilidadQro","QrobusNocturno","Quer\u00e9taro","TransporteP\u00fablico"],"articleSection":["Uncategorized"],"inLanguage":"es","potentialAction":[{"@type":"CommentAction","name":"Comment","target":["https:\/\/www.nexoinformativo.mx\/index.php\/2025\/06\/30\/transporte-nocturno-en-queretaro-con-horario-extendido-hasta-la-medianoche-y-nuevas-rutas-qrobus\/#respond"]}]},{"@type":"WebPage","@id":"https:\/\/www.nexoinformativo.mx\/index.php\/2025\/06\/30\/transporte-nocturno-en-queretaro-con-horario-extendido-hasta-la-medianoche-y-nuevas-rutas-qrobus\/","url":"https:\/\/www.nexoinformativo.mx\/index.php\/2025\/06\/30\/transporte-nocturno-en-queretaro-con-horario-extendido-hasta-la-medianoche-y-nuevas-rutas-qrobus\/","name":"Transporte nocturno en Quer\u00e9taro con horario extendido hasta la medianoche y nuevas rutas Qrob\u00fas | Nexo Informativo Santiago de Quer\u00e9taro","isPartOf":{"@id":"https:\/\/www.nexoinformativo.mx\/#website"},"primaryImageOfPage":{"@id":"https:\/\/www.nexoinformativo.mx\/index.php\/2025\/06\/30\/transporte-nocturno-en-queretaro-con-horario-extendido-hasta-la-medianoche-y-nuevas-rutas-qrobus\/#primaryimage"},"image":{"@id":"https:\/\/www.nexoinformativo.mx\/index.php\/2025\/06\/30\/transporte-nocturno-en-queretaro-con-horario-extendido-hasta-la-medianoche-y-nuevas-rutas-qrobus\/#primaryimage"},"thumbnailUrl":"https:\/\/www.nexoinformativo.mx\/wp-content\/uploads\/2025\/06\/IMG_4690-e1751337138931.jpg","datePublished":"2025-06-30T21:00:03+00:00","dateModified":"2025-07-01T02:34:02+00:00","description":"Transporte nocturno en Quer\u00e9taro con horario extendido hasta la medianoche y nuevas rutas Qrob\u00fas","breadcrumb":{"@id":"https:\/\/www.nexoinformativo.mx\/index.php\/2025\/06\/30\/transporte-nocturno-en-queretaro-con-horario-extendido-hasta-la-medianoche-y-nuevas-rutas-qrobus\/#breadcrumb"},"inLanguage":"es","potentialAction":[{"@type":"ReadAction","target":["https:\/\/www.nexoinformativo.mx\/index.php\/2025\/06\/30\/transporte-nocturno-en-queretaro-con-horario-extendido-hasta-la-medianoche-y-nuevas-rutas-qrobus\/"]}]},{"@type":"ImageObject","inLanguage":"es","@id":"https:\/\/www.nexoinformativo.mx\/index.php\/2025\/06\/30\/transporte-nocturno-en-queretaro-con-horario-extendido-hasta-la-medianoche-y-nuevas-rutas-qrobus\/#primaryimage","url":"https:\/\/www.nexoinformativo.mx\/wp-content\/uploads\/2025\/06\/IMG_4690-e1751337138931.jpg","contentUrl":"https:\/\/www.nexoinformativo.mx\/wp-content\/uploads\/2025\/06\/IMG_4690-e1751337138931.jpg","width":800,"height":541},{"@type":"BreadcrumbList","@id":"https:\/\/www.nexoinformativo.mx\/index.php\/2025\/06\/30\/transporte-nocturno-en-queretaro-con-horario-extendido-hasta-la-medianoche-y-nuevas-rutas-qrobus\/#breadcrumb","itemListElement":[{"@type":"ListItem","position":1,"name":"Inicio","item":"https:\/\/www.nexoinformativo.mx\/"},{"@type":"ListItem","position":2,"name":"Transporte nocturno en Quer\u00e9taro con horario extendido hasta la medianoche y nuevas rutas Qrob\u00fas"}]},{"@type":"WebSite","@id":"https:\/\/www.nexoinformativo.mx\/#website","url":"https:\/\/www.nexoinformativo.mx\/","name":"Nexo Informativo Santiago de Quer\u00e9taro","description":"Explora NexoInformativo y convi\u00e9rtete en parte de una comunidad que valora el conocimiento y la verdad. Tu nexoinformativo es tu puente hacia una comprensi\u00f3n m\u00e1s profunda del mundo que te rodea.","publisher":{"@id":"https:\/\/www.nexoinformativo.mx\/#organization"},"potentialAction":[{"@type":"SearchAction","target":{"@type":"EntryPoint","urlTemplate":"https:\/\/www.nexoinformativo.mx\/?s={search_term_string}"},"query-input":{"@type":"PropertyValueSpecification","valueRequired":true,"valueName":"search_term_string"}}],"inLanguage":"es"},{"@type":"Organization","@id":"https:\/\/www.nexoinformativo.mx\/#organization","name":"Nexo Informativo Santiago de Quer\u00e9taro","url":"https:\/\/www.nexoinformativo.mx\/","logo":{"@type":"ImageObject","inLanguage":"es","@id":"https:\/\/www.nexoinformativo.mx\/#\/schema\/logo\/image\/","url":"https:\/\/www.nexoinformativo.mx\/wp-content\/uploads\/2024\/07\/nexoi-trasparente-2.png","contentUrl":"https:\/\/www.nexoinformativo.mx\/wp-content\/uploads\/2024\/07\/nexoi-trasparente-2.png","width":816,"height":339,"caption":"Nexo Informativo Santiago de Quer\u00e9taro"},"image":{"@id":"https:\/\/www.nexoinformativo.mx\/#\/schema\/logo\/image\/"},"sameAs":["https:\/\/www.facebook.com\/people\/Nexo-Informativo\/61564066885511\/"]},{"@type":"Person","@id":"https:\/\/www.nexoinformativo.mx\/#\/schema\/person\/7749d380ba08c8ca00d7bc76fd907b7d","name":"Nexo Informativo","image":{"@type":"ImageObject","inLanguage":"es","@id":"https:\/\/www.nexoinformativo.mx\/#\/schema\/person\/image\/","url":"https:\/\/secure.gravatar.com\/avatar\/dde2928154642a13d95f87ddf1ea9718fe2b46760a005c53e41ff5ad610704e6?s=96&d=mm&r=g","contentUrl":"https:\/\/secure.gravatar.com\/avatar\/dde2928154642a13d95f87ddf1ea9718fe2b46760a005c53e41ff5ad610704e6?s=96&d=mm&r=g","caption":"Nexo Informativo"},"url":"https:\/\/www.nexoinformativo.mx\/index.php\/author\/edicion\/"}]}},"_links":{"self":[{"href":"https:\/\/www.nexoinformativo.mx\/index.php\/wp-json\/wp\/v2\/posts\/16240","targetHints":{"allow":["GET"]}}],"collection":[{"href":"https:\/\/www.nexoinformativo.mx\/index.php\/wp-json\/wp\/v2\/posts"}],"about":[{"href":"https:\/\/www.nexoinformativo.mx\/index.php\/wp-json\/wp\/v2\/types\/post"}],"author":[{"embeddable":true,"href":"https:\/\/www.nexoinformativo.mx\/index.php\/wp-json\/wp\/v2\/users\/3"}],"replies":[{"embeddable":true,"href":"https:\/\/www.nexoinformativo.mx\/index.php\/wp-json\/wp\/v2\/comments?post=16240"}],"version-history":[{"count":4,"href":"https:\/\/www.nexoinformativo.mx\/index.php\/wp-json\/wp\/v2\/posts\/16240\/revisions"}],"predecessor-version":[{"id":16244,"href":"https:\/\/www.nexoinformativo.mx\/index.php\/wp-json\/wp\/v2\/posts\/16240\/revisions\/16244"}],"wp:featuredmedia":[{"embeddable":true,"href":"https:\/\/www.nexoinformativo.mx\/index.php\/wp-json\/wp\/v2\/media\/16241"}],"wp:attachment":[{"href":"https:\/\/www.nexoinformativo.mx\/index.php\/wp-json\/wp\/v2\/media?parent=16240"}],"wp:term":[{"taxonomy":"category","embeddable":true,"href":"https:\/\/www.nexoinformativo.mx\/index.php\/wp-json\/wp\/v2\/categories?post=16240"},{"taxonomy":"post_tag","embeddable":true,"href":"https:\/\/www.nexoinformativo.mx\/index.php\/wp-json\/wp\/v2\/tags?post=16240"}],"curies":[{"name":"wp","href":"https:\/\/api.w.org\/{rel}","templated":true}]}}