{"id":16246,"date":"2025-06-30T16:00:24","date_gmt":"2025-06-30T22:00:24","guid":{"rendered":"https:\/\/www.nexoinformativo.mx\/?p=16246"},"modified":"2025-06-30T20:39:00","modified_gmt":"2025-07-01T02:39:00","slug":"queretaro-suma-esfuerzos-contra-el-huachicol-detienen-a-operadora-financiera-en-operativo-federal","status":"publish","type":"post","link":"https:\/\/www.nexoinformativo.mx\/index.php\/2025\/06\/30\/queretaro-suma-esfuerzos-contra-el-huachicol-detienen-a-operadora-financiera-en-operativo-federal\/","title":{"rendered":"Quer\u00e9taro suma esfuerzos contra el huachicol detienen a operadora financiera en operativo Federal"},"content":{"rendered":"<p style=\"text-align: justify;\">El gobernador Mauricio Kuri reconoci\u00f3 hoy la estrecha coordinaci\u00f3n entre autoridades estatales y federales que permiti\u00f3 la detenci\u00f3n en el estado de una presunta operadora financiera clave de una red de &#8220;huachicol&#8221;.<\/p>\n<\/p>\n<p>&nbsp;<\/p>\n<p style=\"text-align: justify;\">Esta red operaba en entidades como el Estado de M\u00e9xico, Michoac\u00e1n, la Ciudad de M\u00e9xico y la propia Quer\u00e9taro.<\/p>\n<\/p>\n<p>&nbsp;<\/p>\n<p style=\"text-align: justify;\">La detenida, considerada una figura esencial en la estructura financiera del grupo criminal, ya se encuentra recluida en el penal de Quer\u00e9taro. Esta acci\u00f3n forma parte de un operativo federal m\u00e1s amplio que, seg\u00fan la informaci\u00f3n oficial, ha resultado en m\u00e1s de 30 personas arrestadas.<\/p>\n<\/p>\n<p>&nbsp;<\/p>\n<p style=\"text-align: justify;\">Durante su declaraci\u00f3n, el gobernador Kuri Gonz\u00e1lez expres\u00f3 su total respaldo al trabajo del Gobierno de M\u00e9xico y asegur\u00f3 que Quer\u00e9taro continuar\u00e1 colaborando activamente en tareas de seguridad.<\/p>\n<\/p>\n<p>&nbsp;<\/p>\n<p style=\"text-align: justify;\">\u201cFelicito al Gobierno Federal. Nosotros, en materia de seguridad, trabajamos todos los d\u00edas y estamos listos para coadyuvar siempre que se nos requiera. Esta persona, al parecer clave en la operaci\u00f3n financiera del grupo, fue detenida en Quer\u00e9taro, y desde aqu\u00ed se le brind\u00f3 todo el apoyo necesario a las autoridades federales\u201d, afirm\u00f3 el mandatario.<\/p>\n<\/p>\n<p>&nbsp;<\/p>\n<p style=\"text-align: justify;\">Kuri Gonz\u00e1lez destac\u00f3 que Quer\u00e9taro es el \u00fanico estado en el pa\u00eds donde todas sus corporaciones policiales cuentan con certificaci\u00f3n de confianza avalada por la Federaci\u00f3n. Esto, se\u00f1al\u00f3, es un reflejo del compromiso local con un sistema de seguridad confiable, coordinado y profesional.<\/p>\n<\/p>\n<p>&nbsp;<\/p>\n<p style=\"text-align: justify;\">\u201cAqu\u00ed no bajamos la guardia. Seguiremos haciendo todo lo que est\u00e9 en nuestras manos para mantener la paz en Quer\u00e9taro y ayudar en todo lo que nos pidan\u201d, a\u00f1adi\u00f3 el gobernador, reafirmando la dedicaci\u00f3n de su administraci\u00f3n a la seguridad ciudadana.<\/p>\n<\/p>\n<p>&nbsp;<\/p>\n<p style=\"text-align: justify;\">La investigaci\u00f3n, liderada por fuerzas federales, sigue en curso. La detenida permanecer\u00e1 en el penal de Quer\u00e9taro mientras las diligencias del caso contin\u00faan.<\/p>\n<\/p>\n<p>&nbsp;<\/p>\n<p style=\"text-align: center;\"><em><strong>\u00a1Informaci\u00f3n que transforma!<\/strong><\/em><\/p>\n","protected":false},"excerpt":{"rendered":"<p>El gobernador Mauricio Kuri reconoci\u00f3 hoy la estrecha coordinaci\u00f3n entre autoridades estatales y federales que permiti\u00f3 la detenci\u00f3n en el estado de una presunta operadora financiera clave de una red de &#8220;huachicol&#8221;.<\/p>\n","protected":false},"author":3,"featured_media":16247,"comment_status":"open","ping_status":"open","sticky":false,"template":"","format":"standard","meta":{"footnotes":""},"categories":[42,137,58],"tags":[4878,1825,242,4752],"class_list":["post-16246","post","type-post","status-publish","format-standard","has-post-thumbnail","hentry","category-estado","category-sucesos","category-ultima-hora","tag-coordinacionfederal","tag-huachicol","tag-queretaroseguro","tag-seguridadmx"],"yoast_head":"<!-- This site is optimized with the Yoast SEO plugin v25.0 - https:\/\/yoast.com\/wordpress\/plugins\/seo\/ -->\n<title>Quer\u00e9taro suma esfuerzos contra el huachicol detienen a operadora financiera en operativo Federal | Nexo Informativo Santiago de Quer\u00e9taro<\/title>\n<meta name=\"description\" content=\"Quer\u00e9taro suma esfuerzos contra el huachicol detienen a operadora financiera en operativo Federal\" \/>\n<meta name=\"robots\" content=\"index, follow, max-snippet:-1, max-image-preview:large, max-video-preview:-1\" \/>\n<link rel=\"canonical\" href=\"https:\/\/www.nexoinformativo.mx\/index.php\/2025\/06\/30\/queretaro-suma-esfuerzos-contra-el-huachicol-detienen-a-operadora-financiera-en-operativo-federal\/\" \/>\n<meta property=\"og:locale\" content=\"es_MX\" \/>\n<meta property=\"og:type\" content=\"article\" \/>\n<meta property=\"og:title\" content=\"Quer\u00e9taro suma esfuerzos contra el huachicol detienen a operadora financiera en operativo Federal | Nexo Informativo Santiago de Quer\u00e9taro\" \/>\n<meta property=\"og:description\" content=\"Quer\u00e9taro suma esfuerzos contra el huachicol detienen a operadora financiera en operativo Federal\" \/>\n<meta property=\"og:url\" content=\"https:\/\/www.nexoinformativo.mx\/index.php\/2025\/06\/30\/queretaro-suma-esfuerzos-contra-el-huachicol-detienen-a-operadora-financiera-en-operativo-federal\/\" \/>\n<meta property=\"og:site_name\" content=\"Nexo Informativo Santiago de Quer\u00e9taro\" \/>\n<meta property=\"article:publisher\" content=\"https:\/\/www.facebook.com\/people\/Nexo-Informativo\/61564066885511\/\" \/>\n<meta property=\"article:published_time\" content=\"2025-06-30T22:00:24+00:00\" \/>\n<meta property=\"article:modified_time\" content=\"2025-07-01T02:39:00+00:00\" \/>\n<meta property=\"og:image\" content=\"https:\/\/www.nexoinformativo.mx\/wp-content\/uploads\/2025\/06\/PHOTO-2025-06-30-19-45-16-e1751337489591.jpg\" \/>\n\t<meta property=\"og:image:width\" content=\"800\" \/>\n\t<meta property=\"og:image:height\" content=\"450\" \/>\n\t<meta property=\"og:image:type\" content=\"image\/jpeg\" \/>\n<meta name=\"author\" content=\"Nexo Informativo\" \/>\n<meta name=\"twitter:card\" content=\"summary_large_image\" \/>\n<meta name=\"twitter:label1\" content=\"Escrito por\" \/>\n\t<meta name=\"twitter:data1\" content=\"Nexo Informativo\" \/>\n\t<meta name=\"twitter:label2\" content=\"Tiempo de lectura\" \/>\n\t<meta name=\"twitter:data2\" content=\"2 minutos\" \/>\n<script type=\"application\/ld+json\" class=\"yoast-schema-graph\">{\"@context\":\"https:\/\/schema.org\",\"@graph\":[{\"@type\":\"Article\",\"@id\":\"https:\/\/www.nexoinformativo.mx\/index.php\/2025\/06\/30\/queretaro-suma-esfuerzos-contra-el-huachicol-detienen-a-operadora-financiera-en-operativo-federal\/#article\",\"isPartOf\":{\"@id\":\"https:\/\/www.nexoinformativo.mx\/index.php\/2025\/06\/30\/queretaro-suma-esfuerzos-contra-el-huachicol-detienen-a-operadora-financiera-en-operativo-federal\/\"},\"author\":{\"name\":\"Nexo Informativo\",\"@id\":\"https:\/\/www.nexoinformativo.mx\/#\/schema\/person\/7749d380ba08c8ca00d7bc76fd907b7d\"},\"headline\":\"Quer\u00e9taro suma esfuerzos contra el huachicol detienen a operadora financiera en operativo Federal\",\"datePublished\":\"2025-06-30T22:00:24+00:00\",\"dateModified\":\"2025-07-01T02:39:00+00:00\",\"mainEntityOfPage\":{\"@id\":\"https:\/\/www.nexoinformativo.mx\/index.php\/2025\/06\/30\/queretaro-suma-esfuerzos-contra-el-huachicol-detienen-a-operadora-financiera-en-operativo-federal\/\"},\"wordCount\":343,\"commentCount\":0,\"publisher\":{\"@id\":\"https:\/\/www.nexoinformativo.mx\/#organization\"},\"image\":{\"@id\":\"https:\/\/www.nexoinformativo.mx\/index.php\/2025\/06\/30\/queretaro-suma-esfuerzos-contra-el-huachicol-detienen-a-operadora-financiera-en-operativo-federal\/#primaryimage\"},\"thumbnailUrl\":\"https:\/\/www.nexoinformativo.mx\/wp-content\/uploads\/2025\/06\/PHOTO-2025-06-30-19-45-16-e1751337489591.jpg\",\"keywords\":[\"Coordinaci\u00f3nFederal\",\"Huachicol\",\"QueretaroSeguro\",\"SeguridadMX\"],\"articleSection\":[\"Estado\",\"Sucesos\",\"\u00daltima Hora\"],\"inLanguage\":\"es\",\"potentialAction\":[{\"@type\":\"CommentAction\",\"name\":\"Comment\",\"target\":[\"https:\/\/www.nexoinformativo.mx\/index.php\/2025\/06\/30\/queretaro-suma-esfuerzos-contra-el-huachicol-detienen-a-operadora-financiera-en-operativo-federal\/#respond\"]}]},{\"@type\":\"WebPage\",\"@id\":\"https:\/\/www.nexoinformativo.mx\/index.php\/2025\/06\/30\/queretaro-suma-esfuerzos-contra-el-huachicol-detienen-a-operadora-financiera-en-operativo-federal\/\",\"url\":\"https:\/\/www.nexoinformativo.mx\/index.php\/2025\/06\/30\/queretaro-suma-esfuerzos-contra-el-huachicol-detienen-a-operadora-financiera-en-operativo-federal\/\",\"name\":\"Quer\u00e9taro suma esfuerzos contra el huachicol detienen a operadora financiera en operativo Federal | Nexo Informativo Santiago de Quer\u00e9taro\",\"isPartOf\":{\"@id\":\"https:\/\/www.nexoinformativo.mx\/#website\"},\"primaryImageOfPage\":{\"@id\":\"https:\/\/www.nexoinformativo.mx\/index.php\/2025\/06\/30\/queretaro-suma-esfuerzos-contra-el-huachicol-detienen-a-operadora-financiera-en-operativo-federal\/#primaryimage\"},\"image\":{\"@id\":\"https:\/\/www.nexoinformativo.mx\/index.php\/2025\/06\/30\/queretaro-suma-esfuerzos-contra-el-huachicol-detienen-a-operadora-financiera-en-operativo-federal\/#primaryimage\"},\"thumbnailUrl\":\"https:\/\/www.nexoinformativo.mx\/wp-content\/uploads\/2025\/06\/PHOTO-2025-06-30-19-45-16-e1751337489591.jpg\",\"datePublished\":\"2025-06-30T22:00:24+00:00\",\"dateModified\":\"2025-07-01T02:39:00+00:00\",\"description\":\"Quer\u00e9taro suma esfuerzos contra el huachicol detienen a operadora financiera en operativo Federal\",\"breadcrumb\":{\"@id\":\"https:\/\/www.nexoinformativo.mx\/index.php\/2025\/06\/30\/queretaro-suma-esfuerzos-contra-el-huachicol-detienen-a-operadora-financiera-en-operativo-federal\/#breadcrumb\"},\"inLanguage\":\"es\",\"potentialAction\":[{\"@type\":\"ReadAction\",\"target\":[\"https:\/\/www.nexoinformativo.mx\/index.php\/2025\/06\/30\/queretaro-suma-esfuerzos-contra-el-huachicol-detienen-a-operadora-financiera-en-operativo-federal\/\"]}]},{\"@type\":\"ImageObject\",\"inLanguage\":\"es\",\"@id\":\"https:\/\/www.nexoinformativo.mx\/index.php\/2025\/06\/30\/queretaro-suma-esfuerzos-contra-el-huachicol-detienen-a-operadora-financiera-en-operativo-federal\/#primaryimage\",\"url\":\"https:\/\/www.nexoinformativo.mx\/wp-content\/uploads\/2025\/06\/PHOTO-2025-06-30-19-45-16-e1751337489591.jpg\",\"contentUrl\":\"https:\/\/www.nexoinformativo.mx\/wp-content\/uploads\/2025\/06\/PHOTO-2025-06-30-19-45-16-e1751337489591.jpg\",\"width\":800,\"height\":450},{\"@type\":\"BreadcrumbList\",\"@id\":\"https:\/\/www.nexoinformativo.mx\/index.php\/2025\/06\/30\/queretaro-suma-esfuerzos-contra-el-huachicol-detienen-a-operadora-financiera-en-operativo-federal\/#breadcrumb\",\"itemListElement\":[{\"@type\":\"ListItem\",\"position\":1,\"name\":\"Inicio\",\"item\":\"https:\/\/www.nexoinformativo.mx\/\"},{\"@type\":\"ListItem\",\"position\":2,\"name\":\"Quer\u00e9taro suma esfuerzos contra el huachicol detienen a operadora financiera en operativo Federal\"}]},{\"@type\":\"WebSite\",\"@id\":\"https:\/\/www.nexoinformativo.mx\/#website\",\"url\":\"https:\/\/www.nexoinformativo.mx\/\",\"name\":\"Nexo Informativo Santiago de Quer\u00e9taro\",\"description\":\"Explora NexoInformativo y convi\u00e9rtete en parte de una comunidad que valora el conocimiento y la verdad. Tu nexoinformativo es tu puente hacia una comprensi\u00f3n m\u00e1s profunda del mundo que te rodea.\",\"publisher\":{\"@id\":\"https:\/\/www.nexoinformativo.mx\/#organization\"},\"potentialAction\":[{\"@type\":\"SearchAction\",\"target\":{\"@type\":\"EntryPoint\",\"urlTemplate\":\"https:\/\/www.nexoinformativo.mx\/?s={search_term_string}\"},\"query-input\":{\"@type\":\"PropertyValueSpecification\",\"valueRequired\":true,\"valueName\":\"search_term_string\"}}],\"inLanguage\":\"es\"},{\"@type\":\"Organization\",\"@id\":\"https:\/\/www.nexoinformativo.mx\/#organization\",\"name\":\"Nexo Informativo Santiago de Quer\u00e9taro\",\"url\":\"https:\/\/www.nexoinformativo.mx\/\",\"logo\":{\"@type\":\"ImageObject\",\"inLanguage\":\"es\",\"@id\":\"https:\/\/www.nexoinformativo.mx\/#\/schema\/logo\/image\/\",\"url\":\"https:\/\/www.nexoinformativo.mx\/wp-content\/uploads\/2024\/07\/nexoi-trasparente-2.png\",\"contentUrl\":\"https:\/\/www.nexoinformativo.mx\/wp-content\/uploads\/2024\/07\/nexoi-trasparente-2.png\",\"width\":816,\"height\":339,\"caption\":\"Nexo Informativo Santiago de Quer\u00e9taro\"},\"image\":{\"@id\":\"https:\/\/www.nexoinformativo.mx\/#\/schema\/logo\/image\/\"},\"sameAs\":[\"https:\/\/www.facebook.com\/people\/Nexo-Informativo\/61564066885511\/\"]},{\"@type\":\"Person\",\"@id\":\"https:\/\/www.nexoinformativo.mx\/#\/schema\/person\/7749d380ba08c8ca00d7bc76fd907b7d\",\"name\":\"Nexo Informativo\",\"image\":{\"@type\":\"ImageObject\",\"inLanguage\":\"es\",\"@id\":\"https:\/\/www.nexoinformativo.mx\/#\/schema\/person\/image\/\",\"url\":\"https:\/\/secure.gravatar.com\/avatar\/dde2928154642a13d95f87ddf1ea9718fe2b46760a005c53e41ff5ad610704e6?s=96&d=mm&r=g\",\"contentUrl\":\"https:\/\/secure.gravatar.com\/avatar\/dde2928154642a13d95f87ddf1ea9718fe2b46760a005c53e41ff5ad610704e6?s=96&d=mm&r=g\",\"caption\":\"Nexo Informativo\"},\"url\":\"https:\/\/www.nexoinformativo.mx\/index.php\/author\/edicion\/\"}]}<\/script>\n<!-- \/ Yoast SEO plugin. -->","yoast_head_json":{"title":"Quer\u00e9taro suma esfuerzos contra el huachicol detienen a operadora financiera en operativo Federal | Nexo Informativo Santiago de Quer\u00e9taro","description":"Quer\u00e9taro suma esfuerzos contra el huachicol detienen a operadora financiera en operativo Federal","robots":{"index":"index","follow":"follow","max-snippet":"max-snippet:-1","max-image-preview":"max-image-preview:large","max-video-preview":"max-video-preview:-1"},"canonical":"https:\/\/www.nexoinformativo.mx\/index.php\/2025\/06\/30\/queretaro-suma-esfuerzos-contra-el-huachicol-detienen-a-operadora-financiera-en-operativo-federal\/","og_locale":"es_MX","og_type":"article","og_title":"Quer\u00e9taro suma esfuerzos contra el huachicol detienen a operadora financiera en operativo Federal | Nexo Informativo Santiago de Quer\u00e9taro","og_description":"Quer\u00e9taro suma esfuerzos contra el huachicol detienen a operadora financiera en operativo Federal","og_url":"https:\/\/www.nexoinformativo.mx\/index.php\/2025\/06\/30\/queretaro-suma-esfuerzos-contra-el-huachicol-detienen-a-operadora-financiera-en-operativo-federal\/","og_site_name":"Nexo Informativo Santiago de Quer\u00e9taro","article_publisher":"https:\/\/www.facebook.com\/people\/Nexo-Informativo\/61564066885511\/","article_published_time":"2025-06-30T22:00:24+00:00","article_modified_time":"2025-07-01T02:39:00+00:00","og_image":[{"width":800,"height":450,"url":"https:\/\/www.nexoinformativo.mx\/wp-content\/uploads\/2025\/06\/PHOTO-2025-06-30-19-45-16-e1751337489591.jpg","type":"image\/jpeg"}],"author":"Nexo Informativo","twitter_card":"summary_large_image","twitter_misc":{"Escrito por":"Nexo Informativo","Tiempo de lectura":"2 minutos"},"schema":{"@context":"https:\/\/schema.org","@graph":[{"@type":"Article","@id":"https:\/\/www.nexoinformativo.mx\/index.php\/2025\/06\/30\/queretaro-suma-esfuerzos-contra-el-huachicol-detienen-a-operadora-financiera-en-operativo-federal\/#article","isPartOf":{"@id":"https:\/\/www.nexoinformativo.mx\/index.php\/2025\/06\/30\/queretaro-suma-esfuerzos-contra-el-huachicol-detienen-a-operadora-financiera-en-operativo-federal\/"},"author":{"name":"Nexo Informativo","@id":"https:\/\/www.nexoinformativo.mx\/#\/schema\/person\/7749d380ba08c8ca00d7bc76fd907b7d"},"headline":"Quer\u00e9taro suma esfuerzos contra el huachicol detienen a operadora financiera en operativo Federal","datePublished":"2025-06-30T22:00:24+00:00","dateModified":"2025-07-01T02:39:00+00:00","mainEntityOfPage":{"@id":"https:\/\/www.nexoinformativo.mx\/index.php\/2025\/06\/30\/queretaro-suma-esfuerzos-contra-el-huachicol-detienen-a-operadora-financiera-en-operativo-federal\/"},"wordCount":343,"commentCount":0,"publisher":{"@id":"https:\/\/www.nexoinformativo.mx\/#organization"},"image":{"@id":"https:\/\/www.nexoinformativo.mx\/index.php\/2025\/06\/30\/queretaro-suma-esfuerzos-contra-el-huachicol-detienen-a-operadora-financiera-en-operativo-federal\/#primaryimage"},"thumbnailUrl":"https:\/\/www.nexoinformativo.mx\/wp-content\/uploads\/2025\/06\/PHOTO-2025-06-30-19-45-16-e1751337489591.jpg","keywords":["Coordinaci\u00f3nFederal","Huachicol","QueretaroSeguro","SeguridadMX"],"articleSection":["Estado","Sucesos","\u00daltima Hora"],"inLanguage":"es","potentialAction":[{"@type":"CommentAction","name":"Comment","target":["https:\/\/www.nexoinformativo.mx\/index.php\/2025\/06\/30\/queretaro-suma-esfuerzos-contra-el-huachicol-detienen-a-operadora-financiera-en-operativo-federal\/#respond"]}]},{"@type":"WebPage","@id":"https:\/\/www.nexoinformativo.mx\/index.php\/2025\/06\/30\/queretaro-suma-esfuerzos-contra-el-huachicol-detienen-a-operadora-financiera-en-operativo-federal\/","url":"https:\/\/www.nexoinformativo.mx\/index.php\/2025\/06\/30\/queretaro-suma-esfuerzos-contra-el-huachicol-detienen-a-operadora-financiera-en-operativo-federal\/","name":"Quer\u00e9taro suma esfuerzos contra el huachicol detienen a operadora financiera en operativo Federal | Nexo Informativo Santiago de Quer\u00e9taro","isPartOf":{"@id":"https:\/\/www.nexoinformativo.mx\/#website"},"primaryImageOfPage":{"@id":"https:\/\/www.nexoinformativo.mx\/index.php\/2025\/06\/30\/queretaro-suma-esfuerzos-contra-el-huachicol-detienen-a-operadora-financiera-en-operativo-federal\/#primaryimage"},"image":{"@id":"https:\/\/www.nexoinformativo.mx\/index.php\/2025\/06\/30\/queretaro-suma-esfuerzos-contra-el-huachicol-detienen-a-operadora-financiera-en-operativo-federal\/#primaryimage"},"thumbnailUrl":"https:\/\/www.nexoinformativo.mx\/wp-content\/uploads\/2025\/06\/PHOTO-2025-06-30-19-45-16-e1751337489591.jpg","datePublished":"2025-06-30T22:00:24+00:00","dateModified":"2025-07-01T02:39:00+00:00","description":"Quer\u00e9taro suma esfuerzos contra el huachicol detienen a operadora financiera en operativo Federal","breadcrumb":{"@id":"https:\/\/www.nexoinformativo.mx\/index.php\/2025\/06\/30\/queretaro-suma-esfuerzos-contra-el-huachicol-detienen-a-operadora-financiera-en-operativo-federal\/#breadcrumb"},"inLanguage":"es","potentialAction":[{"@type":"ReadAction","target":["https:\/\/www.nexoinformativo.mx\/index.php\/2025\/06\/30\/queretaro-suma-esfuerzos-contra-el-huachicol-detienen-a-operadora-financiera-en-operativo-federal\/"]}]},{"@type":"ImageObject","inLanguage":"es","@id":"https:\/\/www.nexoinformativo.mx\/index.php\/2025\/06\/30\/queretaro-suma-esfuerzos-contra-el-huachicol-detienen-a-operadora-financiera-en-operativo-federal\/#primaryimage","url":"https:\/\/www.nexoinformativo.mx\/wp-content\/uploads\/2025\/06\/PHOTO-2025-06-30-19-45-16-e1751337489591.jpg","contentUrl":"https:\/\/www.nexoinformativo.mx\/wp-content\/uploads\/2025\/06\/PHOTO-2025-06-30-19-45-16-e1751337489591.jpg","width":800,"height":450},{"@type":"BreadcrumbList","@id":"https:\/\/www.nexoinformativo.mx\/index.php\/2025\/06\/30\/queretaro-suma-esfuerzos-contra-el-huachicol-detienen-a-operadora-financiera-en-operativo-federal\/#breadcrumb","itemListElement":[{"@type":"ListItem","position":1,"name":"Inicio","item":"https:\/\/www.nexoinformativo.mx\/"},{"@type":"ListItem","position":2,"name":"Quer\u00e9taro suma esfuerzos contra el huachicol detienen a operadora financiera en operativo Federal"}]},{"@type":"WebSite","@id":"https:\/\/www.nexoinformativo.mx\/#website","url":"https:\/\/www.nexoinformativo.mx\/","name":"Nexo Informativo Santiago de Quer\u00e9taro","description":"Explora NexoInformativo y convi\u00e9rtete en parte de una comunidad que valora el conocimiento y la verdad. Tu nexoinformativo es tu puente hacia una comprensi\u00f3n m\u00e1s profunda del mundo que te rodea.","publisher":{"@id":"https:\/\/www.nexoinformativo.mx\/#organization"},"potentialAction":[{"@type":"SearchAction","target":{"@type":"EntryPoint","urlTemplate":"https:\/\/www.nexoinformativo.mx\/?s={search_term_string}"},"query-input":{"@type":"PropertyValueSpecification","valueRequired":true,"valueName":"search_term_string"}}],"inLanguage":"es"},{"@type":"Organization","@id":"https:\/\/www.nexoinformativo.mx\/#organization","name":"Nexo Informativo Santiago de Quer\u00e9taro","url":"https:\/\/www.nexoinformativo.mx\/","logo":{"@type":"ImageObject","inLanguage":"es","@id":"https:\/\/www.nexoinformativo.mx\/#\/schema\/logo\/image\/","url":"https:\/\/www.nexoinformativo.mx\/wp-content\/uploads\/2024\/07\/nexoi-trasparente-2.png","contentUrl":"https:\/\/www.nexoinformativo.mx\/wp-content\/uploads\/2024\/07\/nexoi-trasparente-2.png","width":816,"height":339,"caption":"Nexo Informativo Santiago de Quer\u00e9taro"},"image":{"@id":"https:\/\/www.nexoinformativo.mx\/#\/schema\/logo\/image\/"},"sameAs":["https:\/\/www.facebook.com\/people\/Nexo-Informativo\/61564066885511\/"]},{"@type":"Person","@id":"https:\/\/www.nexoinformativo.mx\/#\/schema\/person\/7749d380ba08c8ca00d7bc76fd907b7d","name":"Nexo Informativo","image":{"@type":"ImageObject","inLanguage":"es","@id":"https:\/\/www.nexoinformativo.mx\/#\/schema\/person\/image\/","url":"https:\/\/secure.gravatar.com\/avatar\/dde2928154642a13d95f87ddf1ea9718fe2b46760a005c53e41ff5ad610704e6?s=96&d=mm&r=g","contentUrl":"https:\/\/secure.gravatar.com\/avatar\/dde2928154642a13d95f87ddf1ea9718fe2b46760a005c53e41ff5ad610704e6?s=96&d=mm&r=g","caption":"Nexo Informativo"},"url":"https:\/\/www.nexoinformativo.mx\/index.php\/author\/edicion\/"}]}},"_links":{"self":[{"href":"https:\/\/www.nexoinformativo.mx\/index.php\/wp-json\/wp\/v2\/posts\/16246","targetHints":{"allow":["GET"]}}],"collection":[{"href":"https:\/\/www.nexoinformativo.mx\/index.php\/wp-json\/wp\/v2\/posts"}],"about":[{"href":"https:\/\/www.nexoinformativo.mx\/index.php\/wp-json\/wp\/v2\/types\/post"}],"author":[{"embeddable":true,"href":"https:\/\/www.nexoinformativo.mx\/index.php\/wp-json\/wp\/v2\/users\/3"}],"replies":[{"embeddable":true,"href":"https:\/\/www.nexoinformativo.mx\/index.php\/wp-json\/wp\/v2\/comments?post=16246"}],"version-history":[{"count":3,"href":"https:\/\/www.nexoinformativo.mx\/index.php\/wp-json\/wp\/v2\/posts\/16246\/revisions"}],"predecessor-version":[{"id":16250,"href":"https:\/\/www.nexoinformativo.mx\/index.php\/wp-json\/wp\/v2\/posts\/16246\/revisions\/16250"}],"wp:featuredmedia":[{"embeddable":true,"href":"https:\/\/www.nexoinformativo.mx\/index.php\/wp-json\/wp\/v2\/media\/16247"}],"wp:attachment":[{"href":"https:\/\/www.nexoinformativo.mx\/index.php\/wp-json\/wp\/v2\/media?parent=16246"}],"wp:term":[{"taxonomy":"category","embeddable":true,"href":"https:\/\/www.nexoinformativo.mx\/index.php\/wp-json\/wp\/v2\/categories?post=16246"},{"taxonomy":"post_tag","embeddable":true,"href":"https:\/\/www.nexoinformativo.mx\/index.php\/wp-json\/wp\/v2\/tags?post=16246"}],"curies":[{"name":"wp","href":"https:\/\/api.w.org\/{rel}","templated":true}]}}