{"id":16257,"date":"2025-06-30T18:00:36","date_gmt":"2025-07-01T00:00:36","guid":{"rendered":"https:\/\/www.nexoinformativo.mx\/?p=16257"},"modified":"2025-06-30T20:51:22","modified_gmt":"2025-07-01T02:51:22","slug":"inversion-millonaria-sict-pone-en-marcha-plan-para-rehabilitar-3-mil-kilometros-de-carreteras-federales","status":"publish","type":"post","link":"https:\/\/www.nexoinformativo.mx\/index.php\/2025\/06\/30\/inversion-millonaria-sict-pone-en-marcha-plan-para-rehabilitar-3-mil-kilometros-de-carreteras-federales\/","title":{"rendered":"Inversi\u00f3n millonaria SICT pone en marcha plan para rehabilitar 3 mil kil\u00f3metros de carreteras federales"},"content":{"rendered":"<p style=\"text-align: justify;\">La Secretar\u00eda de Infraestructura, Comunicaciones y Transportes (SICT) tiene una ambiciosa meta para 2025: reconstruir y conservar m\u00e1s de 3 mil kil\u00f3metros (km) de la Red Federal Carretera Libre de Peaje.<\/p>\n<\/p>\n<p>&nbsp;<\/p>\n<p style=\"text-align: justify;\">David Omar Calder\u00f3n, director general de Conservaci\u00f3n de Carreteras de la SICT, afirm\u00f3 que esto se lograr\u00e1 a trav\u00e9s de 338 obras con una inversi\u00f3n estimada de 6 mil 803 millones de pesos (mdp).<\/p>\n<\/p>\n<p>&nbsp;<\/p>\n<p style=\"text-align: justify;\">Estos resultados ser\u00e1n la suma de varios programas clave, incluyendo la primera etapa del Programa Bachet\u00f3n, el Programa Nacional de Conservaci\u00f3n de Carreteras (PNCC) y la conservaci\u00f3n peri\u00f3dica realizada por la propia administraci\u00f3n.<\/p>\n<\/p>\n<p>&nbsp;<\/p>\n<p style=\"text-align: justify;\">Durante el ciclo de conferencias \u201cDi\u00e1logo con ingenieros\u201d, organizado por el Colegio de Ingenieros Civiles de M\u00e9xico (CICM), Calder\u00f3n Hallal detall\u00f3 que esta inversi\u00f3n busca mejorar significativamente las condiciones f\u00edsicas de las carreteras federales en todo el pa\u00eds.<\/p>\n<\/p>\n<p>&nbsp;<\/p>\n<p style=\"text-align: justify;\">El funcionario record\u00f3 que el Programa Bachet\u00f3n, bajo la direcci\u00f3n de Jes\u00fas Antonio Esteva Medina, inici\u00f3 con 4 mil mdp de Aeropuertos y Servicios Auxiliares (ASA), lo que permiti\u00f3 atender 688 km a trav\u00e9s de 72 obras. Gracias a las econom\u00edas generadas por este programa, se pudieron realizar 129 km adicionales mediante 22 obras m\u00e1s.<\/p>\n<\/p>\n<p>&nbsp;<\/p>\n<p style=\"text-align: justify;\">A esto se suma el Programa Nacional de Conservaci\u00f3n de Carreteras, que ya est\u00e1 trabajando en mil 560 km a trav\u00e9s de 193 obras. Calder\u00f3n anticip\u00f3 que los trabajos de conservaci\u00f3n peri\u00f3dica por administraci\u00f3n, que incluir\u00e1n tramos de reconstrucci\u00f3n, est\u00e1n por iniciar a finales de este mes de junio y concluir\u00e1n en diciembre de 2025.<\/p>\n<\/p>\n<p>&nbsp;<\/p>\n<p style=\"text-align: justify;\">Mediante estos trabajos adicionales, la meta entre julio y diciembre de este a\u00f1o es a\u00f1adir 337 km con 25 obras.<\/p>\n<\/p>\n<p>&nbsp;<\/p>\n<p style=\"text-align: center;\"><em><strong>\u00a1Informaci\u00f3n que transforma!<\/strong><\/em><\/p>\n","protected":false},"excerpt":{"rendered":"<p>La Secretar\u00eda de Infraestructura, Comunicaciones y Transportes (SICT) tiene una ambiciosa meta para 2025: reconstruir y conservar m\u00e1s de 3 mil kil\u00f3metros (km) de la Red Federal Carretera Libre de Peaje.<\/p>\n","protected":false},"author":3,"featured_media":16258,"comment_status":"open","ping_status":"open","sticky":false,"template":"","format":"standard","meta":{"footnotes":""},"categories":[88,58],"tags":[1297,4704,734,1608],"class_list":["post-16257","post","type-post","status-publish","format-standard","has-post-thumbnail","hentry","category-nacional","category-ultima-hora","tag-bacheton","tag-carreterasmx","tag-infraestructura","tag-sict"],"yoast_head":"<!-- This site is optimized with the Yoast SEO plugin v25.0 - https:\/\/yoast.com\/wordpress\/plugins\/seo\/ -->\n<title>Inversi\u00f3n millonaria SICT pone en marcha plan para rehabilitar 3 mil kil\u00f3metros de carreteras federales | Nexo Informativo Santiago de Quer\u00e9taro<\/title>\n<meta name=\"description\" content=\"Inversi\u00f3n millonaria SICT pone en marcha plan para rehabilitar 3 mil kil\u00f3metros de carreteras federales\" \/>\n<meta name=\"robots\" content=\"index, follow, max-snippet:-1, max-image-preview:large, max-video-preview:-1\" \/>\n<link rel=\"canonical\" href=\"https:\/\/www.nexoinformativo.mx\/index.php\/2025\/06\/30\/inversion-millonaria-sict-pone-en-marcha-plan-para-rehabilitar-3-mil-kilometros-de-carreteras-federales\/\" \/>\n<meta property=\"og:locale\" content=\"es_MX\" \/>\n<meta property=\"og:type\" content=\"article\" \/>\n<meta property=\"og:title\" content=\"Inversi\u00f3n millonaria SICT pone en marcha plan para rehabilitar 3 mil kil\u00f3metros de carreteras federales | Nexo Informativo Santiago de Quer\u00e9taro\" \/>\n<meta property=\"og:description\" content=\"Inversi\u00f3n millonaria SICT pone en marcha plan para rehabilitar 3 mil kil\u00f3metros de carreteras federales\" \/>\n<meta property=\"og:url\" content=\"https:\/\/www.nexoinformativo.mx\/index.php\/2025\/06\/30\/inversion-millonaria-sict-pone-en-marcha-plan-para-rehabilitar-3-mil-kilometros-de-carreteras-federales\/\" \/>\n<meta property=\"og:site_name\" content=\"Nexo Informativo Santiago de Quer\u00e9taro\" \/>\n<meta property=\"article:publisher\" content=\"https:\/\/www.facebook.com\/people\/Nexo-Informativo\/61564066885511\/\" \/>\n<meta property=\"article:published_time\" content=\"2025-07-01T00:00:36+00:00\" \/>\n<meta property=\"article:modified_time\" content=\"2025-07-01T02:51:22+00:00\" \/>\n<meta property=\"og:image\" content=\"https:\/\/www.nexoinformativo.mx\/wp-content\/uploads\/2025\/06\/IMG_4693.jpg\" \/>\n\t<meta property=\"og:image:width\" content=\"650\" \/>\n\t<meta property=\"og:image:height\" content=\"373\" \/>\n\t<meta property=\"og:image:type\" content=\"image\/jpeg\" \/>\n<meta name=\"author\" content=\"Nexo Informativo\" \/>\n<meta name=\"twitter:card\" content=\"summary_large_image\" \/>\n<meta name=\"twitter:label1\" content=\"Escrito por\" \/>\n\t<meta name=\"twitter:data1\" content=\"Nexo Informativo\" \/>\n\t<meta name=\"twitter:label2\" content=\"Tiempo de lectura\" \/>\n\t<meta name=\"twitter:data2\" content=\"2 minutos\" \/>\n<script type=\"application\/ld+json\" class=\"yoast-schema-graph\">{\"@context\":\"https:\/\/schema.org\",\"@graph\":[{\"@type\":\"Article\",\"@id\":\"https:\/\/www.nexoinformativo.mx\/index.php\/2025\/06\/30\/inversion-millonaria-sict-pone-en-marcha-plan-para-rehabilitar-3-mil-kilometros-de-carreteras-federales\/#article\",\"isPartOf\":{\"@id\":\"https:\/\/www.nexoinformativo.mx\/index.php\/2025\/06\/30\/inversion-millonaria-sict-pone-en-marcha-plan-para-rehabilitar-3-mil-kilometros-de-carreteras-federales\/\"},\"author\":{\"name\":\"Nexo Informativo\",\"@id\":\"https:\/\/www.nexoinformativo.mx\/#\/schema\/person\/7749d380ba08c8ca00d7bc76fd907b7d\"},\"headline\":\"Inversi\u00f3n millonaria SICT pone en marcha plan para rehabilitar 3 mil kil\u00f3metros de carreteras federales\",\"datePublished\":\"2025-07-01T00:00:36+00:00\",\"dateModified\":\"2025-07-01T02:51:22+00:00\",\"mainEntityOfPage\":{\"@id\":\"https:\/\/www.nexoinformativo.mx\/index.php\/2025\/06\/30\/inversion-millonaria-sict-pone-en-marcha-plan-para-rehabilitar-3-mil-kilometros-de-carreteras-federales\/\"},\"wordCount\":315,\"commentCount\":0,\"publisher\":{\"@id\":\"https:\/\/www.nexoinformativo.mx\/#organization\"},\"image\":{\"@id\":\"https:\/\/www.nexoinformativo.mx\/index.php\/2025\/06\/30\/inversion-millonaria-sict-pone-en-marcha-plan-para-rehabilitar-3-mil-kilometros-de-carreteras-federales\/#primaryimage\"},\"thumbnailUrl\":\"https:\/\/www.nexoinformativo.mx\/wp-content\/uploads\/2025\/06\/IMG_4693.jpg\",\"keywords\":[\"Bachet\u00f3n\",\"CarreterasMX\",\"Infraestructura\",\"SICT\"],\"articleSection\":[\"Nacional\",\"\u00daltima Hora\"],\"inLanguage\":\"es\",\"potentialAction\":[{\"@type\":\"CommentAction\",\"name\":\"Comment\",\"target\":[\"https:\/\/www.nexoinformativo.mx\/index.php\/2025\/06\/30\/inversion-millonaria-sict-pone-en-marcha-plan-para-rehabilitar-3-mil-kilometros-de-carreteras-federales\/#respond\"]}]},{\"@type\":\"WebPage\",\"@id\":\"https:\/\/www.nexoinformativo.mx\/index.php\/2025\/06\/30\/inversion-millonaria-sict-pone-en-marcha-plan-para-rehabilitar-3-mil-kilometros-de-carreteras-federales\/\",\"url\":\"https:\/\/www.nexoinformativo.mx\/index.php\/2025\/06\/30\/inversion-millonaria-sict-pone-en-marcha-plan-para-rehabilitar-3-mil-kilometros-de-carreteras-federales\/\",\"name\":\"Inversi\u00f3n millonaria SICT pone en marcha plan para rehabilitar 3 mil kil\u00f3metros de carreteras federales | Nexo Informativo Santiago de Quer\u00e9taro\",\"isPartOf\":{\"@id\":\"https:\/\/www.nexoinformativo.mx\/#website\"},\"primaryImageOfPage\":{\"@id\":\"https:\/\/www.nexoinformativo.mx\/index.php\/2025\/06\/30\/inversion-millonaria-sict-pone-en-marcha-plan-para-rehabilitar-3-mil-kilometros-de-carreteras-federales\/#primaryimage\"},\"image\":{\"@id\":\"https:\/\/www.nexoinformativo.mx\/index.php\/2025\/06\/30\/inversion-millonaria-sict-pone-en-marcha-plan-para-rehabilitar-3-mil-kilometros-de-carreteras-federales\/#primaryimage\"},\"thumbnailUrl\":\"https:\/\/www.nexoinformativo.mx\/wp-content\/uploads\/2025\/06\/IMG_4693.jpg\",\"datePublished\":\"2025-07-01T00:00:36+00:00\",\"dateModified\":\"2025-07-01T02:51:22+00:00\",\"description\":\"Inversi\u00f3n millonaria SICT pone en marcha plan para rehabilitar 3 mil kil\u00f3metros de carreteras federales\",\"breadcrumb\":{\"@id\":\"https:\/\/www.nexoinformativo.mx\/index.php\/2025\/06\/30\/inversion-millonaria-sict-pone-en-marcha-plan-para-rehabilitar-3-mil-kilometros-de-carreteras-federales\/#breadcrumb\"},\"inLanguage\":\"es\",\"potentialAction\":[{\"@type\":\"ReadAction\",\"target\":[\"https:\/\/www.nexoinformativo.mx\/index.php\/2025\/06\/30\/inversion-millonaria-sict-pone-en-marcha-plan-para-rehabilitar-3-mil-kilometros-de-carreteras-federales\/\"]}]},{\"@type\":\"ImageObject\",\"inLanguage\":\"es\",\"@id\":\"https:\/\/www.nexoinformativo.mx\/index.php\/2025\/06\/30\/inversion-millonaria-sict-pone-en-marcha-plan-para-rehabilitar-3-mil-kilometros-de-carreteras-federales\/#primaryimage\",\"url\":\"https:\/\/www.nexoinformativo.mx\/wp-content\/uploads\/2025\/06\/IMG_4693.jpg\",\"contentUrl\":\"https:\/\/www.nexoinformativo.mx\/wp-content\/uploads\/2025\/06\/IMG_4693.jpg\",\"width\":650,\"height\":373},{\"@type\":\"BreadcrumbList\",\"@id\":\"https:\/\/www.nexoinformativo.mx\/index.php\/2025\/06\/30\/inversion-millonaria-sict-pone-en-marcha-plan-para-rehabilitar-3-mil-kilometros-de-carreteras-federales\/#breadcrumb\",\"itemListElement\":[{\"@type\":\"ListItem\",\"position\":1,\"name\":\"Inicio\",\"item\":\"https:\/\/www.nexoinformativo.mx\/\"},{\"@type\":\"ListItem\",\"position\":2,\"name\":\"Inversi\u00f3n millonaria SICT pone en marcha plan para rehabilitar 3 mil kil\u00f3metros de carreteras federales\"}]},{\"@type\":\"WebSite\",\"@id\":\"https:\/\/www.nexoinformativo.mx\/#website\",\"url\":\"https:\/\/www.nexoinformativo.mx\/\",\"name\":\"Nexo Informativo Santiago de Quer\u00e9taro\",\"description\":\"Explora NexoInformativo y convi\u00e9rtete en parte de una comunidad que valora el conocimiento y la verdad. Tu nexoinformativo es tu puente hacia una comprensi\u00f3n m\u00e1s profunda del mundo que te rodea.\",\"publisher\":{\"@id\":\"https:\/\/www.nexoinformativo.mx\/#organization\"},\"potentialAction\":[{\"@type\":\"SearchAction\",\"target\":{\"@type\":\"EntryPoint\",\"urlTemplate\":\"https:\/\/www.nexoinformativo.mx\/?s={search_term_string}\"},\"query-input\":{\"@type\":\"PropertyValueSpecification\",\"valueRequired\":true,\"valueName\":\"search_term_string\"}}],\"inLanguage\":\"es\"},{\"@type\":\"Organization\",\"@id\":\"https:\/\/www.nexoinformativo.mx\/#organization\",\"name\":\"Nexo Informativo Santiago de Quer\u00e9taro\",\"url\":\"https:\/\/www.nexoinformativo.mx\/\",\"logo\":{\"@type\":\"ImageObject\",\"inLanguage\":\"es\",\"@id\":\"https:\/\/www.nexoinformativo.mx\/#\/schema\/logo\/image\/\",\"url\":\"https:\/\/www.nexoinformativo.mx\/wp-content\/uploads\/2024\/07\/nexoi-trasparente-2.png\",\"contentUrl\":\"https:\/\/www.nexoinformativo.mx\/wp-content\/uploads\/2024\/07\/nexoi-trasparente-2.png\",\"width\":816,\"height\":339,\"caption\":\"Nexo Informativo Santiago de Quer\u00e9taro\"},\"image\":{\"@id\":\"https:\/\/www.nexoinformativo.mx\/#\/schema\/logo\/image\/\"},\"sameAs\":[\"https:\/\/www.facebook.com\/people\/Nexo-Informativo\/61564066885511\/\"]},{\"@type\":\"Person\",\"@id\":\"https:\/\/www.nexoinformativo.mx\/#\/schema\/person\/7749d380ba08c8ca00d7bc76fd907b7d\",\"name\":\"Nexo Informativo\",\"image\":{\"@type\":\"ImageObject\",\"inLanguage\":\"es\",\"@id\":\"https:\/\/www.nexoinformativo.mx\/#\/schema\/person\/image\/\",\"url\":\"https:\/\/secure.gravatar.com\/avatar\/dde2928154642a13d95f87ddf1ea9718fe2b46760a005c53e41ff5ad610704e6?s=96&d=mm&r=g\",\"contentUrl\":\"https:\/\/secure.gravatar.com\/avatar\/dde2928154642a13d95f87ddf1ea9718fe2b46760a005c53e41ff5ad610704e6?s=96&d=mm&r=g\",\"caption\":\"Nexo Informativo\"},\"url\":\"https:\/\/www.nexoinformativo.mx\/index.php\/author\/edicion\/\"}]}<\/script>\n<!-- \/ Yoast SEO plugin. -->","yoast_head_json":{"title":"Inversi\u00f3n millonaria SICT pone en marcha plan para rehabilitar 3 mil kil\u00f3metros de carreteras federales | Nexo Informativo Santiago de Quer\u00e9taro","description":"Inversi\u00f3n millonaria SICT pone en marcha plan para rehabilitar 3 mil kil\u00f3metros de carreteras federales","robots":{"index":"index","follow":"follow","max-snippet":"max-snippet:-1","max-image-preview":"max-image-preview:large","max-video-preview":"max-video-preview:-1"},"canonical":"https:\/\/www.nexoinformativo.mx\/index.php\/2025\/06\/30\/inversion-millonaria-sict-pone-en-marcha-plan-para-rehabilitar-3-mil-kilometros-de-carreteras-federales\/","og_locale":"es_MX","og_type":"article","og_title":"Inversi\u00f3n millonaria SICT pone en marcha plan para rehabilitar 3 mil kil\u00f3metros de carreteras federales | Nexo Informativo Santiago de Quer\u00e9taro","og_description":"Inversi\u00f3n millonaria SICT pone en marcha plan para rehabilitar 3 mil kil\u00f3metros de carreteras federales","og_url":"https:\/\/www.nexoinformativo.mx\/index.php\/2025\/06\/30\/inversion-millonaria-sict-pone-en-marcha-plan-para-rehabilitar-3-mil-kilometros-de-carreteras-federales\/","og_site_name":"Nexo Informativo Santiago de Quer\u00e9taro","article_publisher":"https:\/\/www.facebook.com\/people\/Nexo-Informativo\/61564066885511\/","article_published_time":"2025-07-01T00:00:36+00:00","article_modified_time":"2025-07-01T02:51:22+00:00","og_image":[{"width":650,"height":373,"url":"https:\/\/www.nexoinformativo.mx\/wp-content\/uploads\/2025\/06\/IMG_4693.jpg","type":"image\/jpeg"}],"author":"Nexo Informativo","twitter_card":"summary_large_image","twitter_misc":{"Escrito por":"Nexo Informativo","Tiempo de lectura":"2 minutos"},"schema":{"@context":"https:\/\/schema.org","@graph":[{"@type":"Article","@id":"https:\/\/www.nexoinformativo.mx\/index.php\/2025\/06\/30\/inversion-millonaria-sict-pone-en-marcha-plan-para-rehabilitar-3-mil-kilometros-de-carreteras-federales\/#article","isPartOf":{"@id":"https:\/\/www.nexoinformativo.mx\/index.php\/2025\/06\/30\/inversion-millonaria-sict-pone-en-marcha-plan-para-rehabilitar-3-mil-kilometros-de-carreteras-federales\/"},"author":{"name":"Nexo Informativo","@id":"https:\/\/www.nexoinformativo.mx\/#\/schema\/person\/7749d380ba08c8ca00d7bc76fd907b7d"},"headline":"Inversi\u00f3n millonaria SICT pone en marcha plan para rehabilitar 3 mil kil\u00f3metros de carreteras federales","datePublished":"2025-07-01T00:00:36+00:00","dateModified":"2025-07-01T02:51:22+00:00","mainEntityOfPage":{"@id":"https:\/\/www.nexoinformativo.mx\/index.php\/2025\/06\/30\/inversion-millonaria-sict-pone-en-marcha-plan-para-rehabilitar-3-mil-kilometros-de-carreteras-federales\/"},"wordCount":315,"commentCount":0,"publisher":{"@id":"https:\/\/www.nexoinformativo.mx\/#organization"},"image":{"@id":"https:\/\/www.nexoinformativo.mx\/index.php\/2025\/06\/30\/inversion-millonaria-sict-pone-en-marcha-plan-para-rehabilitar-3-mil-kilometros-de-carreteras-federales\/#primaryimage"},"thumbnailUrl":"https:\/\/www.nexoinformativo.mx\/wp-content\/uploads\/2025\/06\/IMG_4693.jpg","keywords":["Bachet\u00f3n","CarreterasMX","Infraestructura","SICT"],"articleSection":["Nacional","\u00daltima Hora"],"inLanguage":"es","potentialAction":[{"@type":"CommentAction","name":"Comment","target":["https:\/\/www.nexoinformativo.mx\/index.php\/2025\/06\/30\/inversion-millonaria-sict-pone-en-marcha-plan-para-rehabilitar-3-mil-kilometros-de-carreteras-federales\/#respond"]}]},{"@type":"WebPage","@id":"https:\/\/www.nexoinformativo.mx\/index.php\/2025\/06\/30\/inversion-millonaria-sict-pone-en-marcha-plan-para-rehabilitar-3-mil-kilometros-de-carreteras-federales\/","url":"https:\/\/www.nexoinformativo.mx\/index.php\/2025\/06\/30\/inversion-millonaria-sict-pone-en-marcha-plan-para-rehabilitar-3-mil-kilometros-de-carreteras-federales\/","name":"Inversi\u00f3n millonaria SICT pone en marcha plan para rehabilitar 3 mil kil\u00f3metros de carreteras federales | Nexo Informativo Santiago de Quer\u00e9taro","isPartOf":{"@id":"https:\/\/www.nexoinformativo.mx\/#website"},"primaryImageOfPage":{"@id":"https:\/\/www.nexoinformativo.mx\/index.php\/2025\/06\/30\/inversion-millonaria-sict-pone-en-marcha-plan-para-rehabilitar-3-mil-kilometros-de-carreteras-federales\/#primaryimage"},"image":{"@id":"https:\/\/www.nexoinformativo.mx\/index.php\/2025\/06\/30\/inversion-millonaria-sict-pone-en-marcha-plan-para-rehabilitar-3-mil-kilometros-de-carreteras-federales\/#primaryimage"},"thumbnailUrl":"https:\/\/www.nexoinformativo.mx\/wp-content\/uploads\/2025\/06\/IMG_4693.jpg","datePublished":"2025-07-01T00:00:36+00:00","dateModified":"2025-07-01T02:51:22+00:00","description":"Inversi\u00f3n millonaria SICT pone en marcha plan para rehabilitar 3 mil kil\u00f3metros de carreteras federales","breadcrumb":{"@id":"https:\/\/www.nexoinformativo.mx\/index.php\/2025\/06\/30\/inversion-millonaria-sict-pone-en-marcha-plan-para-rehabilitar-3-mil-kilometros-de-carreteras-federales\/#breadcrumb"},"inLanguage":"es","potentialAction":[{"@type":"ReadAction","target":["https:\/\/www.nexoinformativo.mx\/index.php\/2025\/06\/30\/inversion-millonaria-sict-pone-en-marcha-plan-para-rehabilitar-3-mil-kilometros-de-carreteras-federales\/"]}]},{"@type":"ImageObject","inLanguage":"es","@id":"https:\/\/www.nexoinformativo.mx\/index.php\/2025\/06\/30\/inversion-millonaria-sict-pone-en-marcha-plan-para-rehabilitar-3-mil-kilometros-de-carreteras-federales\/#primaryimage","url":"https:\/\/www.nexoinformativo.mx\/wp-content\/uploads\/2025\/06\/IMG_4693.jpg","contentUrl":"https:\/\/www.nexoinformativo.mx\/wp-content\/uploads\/2025\/06\/IMG_4693.jpg","width":650,"height":373},{"@type":"BreadcrumbList","@id":"https:\/\/www.nexoinformativo.mx\/index.php\/2025\/06\/30\/inversion-millonaria-sict-pone-en-marcha-plan-para-rehabilitar-3-mil-kilometros-de-carreteras-federales\/#breadcrumb","itemListElement":[{"@type":"ListItem","position":1,"name":"Inicio","item":"https:\/\/www.nexoinformativo.mx\/"},{"@type":"ListItem","position":2,"name":"Inversi\u00f3n millonaria SICT pone en marcha plan para rehabilitar 3 mil kil\u00f3metros de carreteras federales"}]},{"@type":"WebSite","@id":"https:\/\/www.nexoinformativo.mx\/#website","url":"https:\/\/www.nexoinformativo.mx\/","name":"Nexo Informativo Santiago de Quer\u00e9taro","description":"Explora NexoInformativo y convi\u00e9rtete en parte de una comunidad que valora el conocimiento y la verdad. Tu nexoinformativo es tu puente hacia una comprensi\u00f3n m\u00e1s profunda del mundo que te rodea.","publisher":{"@id":"https:\/\/www.nexoinformativo.mx\/#organization"},"potentialAction":[{"@type":"SearchAction","target":{"@type":"EntryPoint","urlTemplate":"https:\/\/www.nexoinformativo.mx\/?s={search_term_string}"},"query-input":{"@type":"PropertyValueSpecification","valueRequired":true,"valueName":"search_term_string"}}],"inLanguage":"es"},{"@type":"Organization","@id":"https:\/\/www.nexoinformativo.mx\/#organization","name":"Nexo Informativo Santiago de Quer\u00e9taro","url":"https:\/\/www.nexoinformativo.mx\/","logo":{"@type":"ImageObject","inLanguage":"es","@id":"https:\/\/www.nexoinformativo.mx\/#\/schema\/logo\/image\/","url":"https:\/\/www.nexoinformativo.mx\/wp-content\/uploads\/2024\/07\/nexoi-trasparente-2.png","contentUrl":"https:\/\/www.nexoinformativo.mx\/wp-content\/uploads\/2024\/07\/nexoi-trasparente-2.png","width":816,"height":339,"caption":"Nexo Informativo Santiago de Quer\u00e9taro"},"image":{"@id":"https:\/\/www.nexoinformativo.mx\/#\/schema\/logo\/image\/"},"sameAs":["https:\/\/www.facebook.com\/people\/Nexo-Informativo\/61564066885511\/"]},{"@type":"Person","@id":"https:\/\/www.nexoinformativo.mx\/#\/schema\/person\/7749d380ba08c8ca00d7bc76fd907b7d","name":"Nexo Informativo","image":{"@type":"ImageObject","inLanguage":"es","@id":"https:\/\/www.nexoinformativo.mx\/#\/schema\/person\/image\/","url":"https:\/\/secure.gravatar.com\/avatar\/dde2928154642a13d95f87ddf1ea9718fe2b46760a005c53e41ff5ad610704e6?s=96&d=mm&r=g","contentUrl":"https:\/\/secure.gravatar.com\/avatar\/dde2928154642a13d95f87ddf1ea9718fe2b46760a005c53e41ff5ad610704e6?s=96&d=mm&r=g","caption":"Nexo Informativo"},"url":"https:\/\/www.nexoinformativo.mx\/index.php\/author\/edicion\/"}]}},"_links":{"self":[{"href":"https:\/\/www.nexoinformativo.mx\/index.php\/wp-json\/wp\/v2\/posts\/16257","targetHints":{"allow":["GET"]}}],"collection":[{"href":"https:\/\/www.nexoinformativo.mx\/index.php\/wp-json\/wp\/v2\/posts"}],"about":[{"href":"https:\/\/www.nexoinformativo.mx\/index.php\/wp-json\/wp\/v2\/types\/post"}],"author":[{"embeddable":true,"href":"https:\/\/www.nexoinformativo.mx\/index.php\/wp-json\/wp\/v2\/users\/3"}],"replies":[{"embeddable":true,"href":"https:\/\/www.nexoinformativo.mx\/index.php\/wp-json\/wp\/v2\/comments?post=16257"}],"version-history":[{"count":3,"href":"https:\/\/www.nexoinformativo.mx\/index.php\/wp-json\/wp\/v2\/posts\/16257\/revisions"}],"predecessor-version":[{"id":16261,"href":"https:\/\/www.nexoinformativo.mx\/index.php\/wp-json\/wp\/v2\/posts\/16257\/revisions\/16261"}],"wp:featuredmedia":[{"embeddable":true,"href":"https:\/\/www.nexoinformativo.mx\/index.php\/wp-json\/wp\/v2\/media\/16258"}],"wp:attachment":[{"href":"https:\/\/www.nexoinformativo.mx\/index.php\/wp-json\/wp\/v2\/media?parent=16257"}],"wp:term":[{"taxonomy":"category","embeddable":true,"href":"https:\/\/www.nexoinformativo.mx\/index.php\/wp-json\/wp\/v2\/categories?post=16257"},{"taxonomy":"post_tag","embeddable":true,"href":"https:\/\/www.nexoinformativo.mx\/index.php\/wp-json\/wp\/v2\/tags?post=16257"}],"curies":[{"name":"wp","href":"https:\/\/api.w.org\/{rel}","templated":true}]}}