{"id":16262,"date":"2025-07-01T09:00:43","date_gmt":"2025-07-01T15:00:43","guid":{"rendered":"https:\/\/www.nexoinformativo.mx\/?p=16262"},"modified":"2025-07-02T11:52:45","modified_gmt":"2025-07-02T17:52:45","slug":"guardia-nacional-reduce-25-homicidios-dolosos-destaca-claudia-sheinbaum-en-su-sexto-aniversario","status":"publish","type":"post","link":"https:\/\/www.nexoinformativo.mx\/index.php\/2025\/07\/01\/guardia-nacional-reduce-25-homicidios-dolosos-destaca-claudia-sheinbaum-en-su-sexto-aniversario\/","title":{"rendered":"Guardia Nacional reduce 25% homicidios dolosos, destaca Claudia Sheinbaum en su sexto aniversario"},"content":{"rendered":"<p style=\"text-align: justify;\">Al celebrar el sexto aniversario de la Guardia Nacional, la presidenta de M\u00e9xico, Claudia Sheinbaum Pardo, destac\u00f3 que gracias al fortalecimiento de esta corporaci\u00f3n y a la Estrategia Nacional de Seguridad, el homicidio doloso ha bajado un 25 por ciento en el pa\u00eds.<\/p>\n<p>&nbsp;<\/p>\n<p style=\"text-align: justify;\">\u201cLa Guardia Nacional naci\u00f3 para proteger con humanidad, legalidad y valent\u00eda a su pueblo y a su patria\u201d, afirm\u00f3 Sheinbaum, quien asegur\u00f3 que la estrategia de seguridad seguir\u00e1 dando resultados.<\/p>\n<p>&nbsp;<\/p>\n<p style=\"text-align: justify;\">La presidenta explic\u00f3 que las reformas recientes integraron a la Guardia Nacional a la Secretar\u00eda de la Defensa Nacional (Sedena), aunque aclar\u00f3 que mantiene su propia estructura, comandancia y formaci\u00f3n, distinta al Ej\u00e9rcito.<\/p>\n<p>&nbsp;<\/p>\n<p style=\"text-align: justify;\">Actualmente, la corporaci\u00f3n cuenta con 130 mil elementos, distribuidos en ocho regiones y 32 coordinaciones estatales, y es una de las instituciones con mayor confianza entre la ciudadan\u00eda.<\/p>\n<p>&nbsp;<\/p>\n<p style=\"text-align: justify;\">Por su parte, el comandante de la Guardia Nacional, general Hern\u00e1n Cort\u00e9s Hern\u00e1ndez, asegur\u00f3 que ocho de cada diez mexicanos conf\u00edan en esta instituci\u00f3n, cuyo avance en consolidaci\u00f3n es del 70 por ciento, abarcando \u00e1reas como inteligencia, log\u00edstica, operaci\u00f3n y adiestramiento.<\/p>\n<p>&nbsp;<\/p>\n<p style=\"text-align: justify;\">La Guardia Nacional tambi\u00e9n cuenta con 48 coordinaciones tipo batall\u00f3n, 551 compa\u00f1\u00edas y 121 unidades especializadas en seguridad en carreteras, aeropuertos, turismo, aduanas y otras \u00e1reas estrat\u00e9gicas, adem\u00e1s de m\u00e1s de 500 instalaciones propias en todo el pa\u00eds.<\/p>\n<p>&nbsp;<\/p>\n<p style=\"text-align: justify;\">Durante la ceremonia, Sheinbaum entreg\u00f3 condecoraciones y reconocimientos a elementos destacados de la Guardia Nacional, en un evento al que asistieron diversos secretarios de Estado y altos funcionarios federales.<\/p>\n<p>&nbsp;<\/p>\n<p style=\"text-align: center;\">\u00a1Informaci\u00f3n que transforma!<\/p>\n","protected":false},"excerpt":{"rendered":"<p>Al celebrar el sexto aniversario de la Guardia Nacional, la presidenta de M\u00e9xico, Claudia Sheinbaum Pardo, destac\u00f3 que gracias al fortalecimiento de esta corporaci\u00f3n y a la Estrategia Nacional de Seguridad, el homicidio doloso ha bajado un 25 por ciento en el pa\u00eds.<\/p>\n","protected":false},"author":3,"featured_media":16271,"comment_status":"open","ping_status":"open","sticky":false,"template":"","format":"standard","meta":{"footnotes":""},"categories":[88,58],"tags":[967,206,3606,1028,1175],"class_list":["post-16262","post","type-post","status-publish","format-standard","has-post-thumbnail","hentry","category-nacional","category-ultima-hora","tag-claudiasheinbaum","tag-guardianacional","tag-homicidiodoloso","tag-sedena","tag-seguridadmexico"],"yoast_head":"<!-- This site is optimized with the Yoast SEO plugin v25.0 - https:\/\/yoast.com\/wordpress\/plugins\/seo\/ -->\n<title>Guardia Nacional reduce 25% homicidios dolosos, destaca Claudia Sheinbaum en su sexto aniversario | Nexo Informativo Santiago de Quer\u00e9taro<\/title>\n<meta name=\"robots\" content=\"index, follow, max-snippet:-1, max-image-preview:large, max-video-preview:-1\" \/>\n<link rel=\"canonical\" href=\"https:\/\/www.nexoinformativo.mx\/index.php\/2025\/07\/01\/guardia-nacional-reduce-25-homicidios-dolosos-destaca-claudia-sheinbaum-en-su-sexto-aniversario\/\" \/>\n<meta property=\"og:locale\" content=\"es_MX\" \/>\n<meta property=\"og:type\" content=\"article\" \/>\n<meta property=\"og:title\" content=\"Guardia Nacional reduce 25% homicidios dolosos, destaca Claudia Sheinbaum en su sexto aniversario | Nexo Informativo Santiago de Quer\u00e9taro\" \/>\n<meta property=\"og:description\" content=\"Al celebrar el sexto aniversario de la Guardia Nacional, la presidenta de M\u00e9xico, Claudia Sheinbaum Pardo, destac\u00f3 que gracias al fortalecimiento de esta corporaci\u00f3n y a la Estrategia Nacional de Seguridad, el homicidio doloso ha bajado un 25 por ciento en el pa\u00eds.\" \/>\n<meta property=\"og:url\" content=\"https:\/\/www.nexoinformativo.mx\/index.php\/2025\/07\/01\/guardia-nacional-reduce-25-homicidios-dolosos-destaca-claudia-sheinbaum-en-su-sexto-aniversario\/\" \/>\n<meta property=\"og:site_name\" content=\"Nexo Informativo Santiago de Quer\u00e9taro\" \/>\n<meta property=\"article:publisher\" content=\"https:\/\/www.facebook.com\/people\/Nexo-Informativo\/61564066885511\/\" \/>\n<meta property=\"article:published_time\" content=\"2025-07-01T15:00:43+00:00\" \/>\n<meta property=\"article:modified_time\" content=\"2025-07-02T17:52:45+00:00\" \/>\n<meta property=\"og:image\" content=\"https:\/\/www.nexoinformativo.mx\/wp-content\/uploads\/2025\/07\/IMG-20250701-WA0001-e1751478745145.jpg\" \/>\n\t<meta property=\"og:image:width\" content=\"800\" \/>\n\t<meta property=\"og:image:height\" content=\"532\" \/>\n\t<meta property=\"og:image:type\" content=\"image\/jpeg\" \/>\n<meta name=\"author\" content=\"Nexo Informativo\" \/>\n<meta name=\"twitter:card\" content=\"summary_large_image\" \/>\n<meta name=\"twitter:label1\" content=\"Escrito por\" \/>\n\t<meta name=\"twitter:data1\" content=\"Nexo Informativo\" \/>\n\t<meta name=\"twitter:label2\" content=\"Tiempo de lectura\" \/>\n\t<meta name=\"twitter:data2\" content=\"2 minutos\" \/>\n<script type=\"application\/ld+json\" class=\"yoast-schema-graph\">{\"@context\":\"https:\/\/schema.org\",\"@graph\":[{\"@type\":\"Article\",\"@id\":\"https:\/\/www.nexoinformativo.mx\/index.php\/2025\/07\/01\/guardia-nacional-reduce-25-homicidios-dolosos-destaca-claudia-sheinbaum-en-su-sexto-aniversario\/#article\",\"isPartOf\":{\"@id\":\"https:\/\/www.nexoinformativo.mx\/index.php\/2025\/07\/01\/guardia-nacional-reduce-25-homicidios-dolosos-destaca-claudia-sheinbaum-en-su-sexto-aniversario\/\"},\"author\":{\"name\":\"Nexo Informativo\",\"@id\":\"https:\/\/www.nexoinformativo.mx\/#\/schema\/person\/7749d380ba08c8ca00d7bc76fd907b7d\"},\"headline\":\"Guardia Nacional reduce 25% homicidios dolosos, destaca Claudia Sheinbaum en su sexto aniversario\",\"datePublished\":\"2025-07-01T15:00:43+00:00\",\"dateModified\":\"2025-07-02T17:52:45+00:00\",\"mainEntityOfPage\":{\"@id\":\"https:\/\/www.nexoinformativo.mx\/index.php\/2025\/07\/01\/guardia-nacional-reduce-25-homicidios-dolosos-destaca-claudia-sheinbaum-en-su-sexto-aniversario\/\"},\"wordCount\":281,\"commentCount\":0,\"publisher\":{\"@id\":\"https:\/\/www.nexoinformativo.mx\/#organization\"},\"image\":{\"@id\":\"https:\/\/www.nexoinformativo.mx\/index.php\/2025\/07\/01\/guardia-nacional-reduce-25-homicidios-dolosos-destaca-claudia-sheinbaum-en-su-sexto-aniversario\/#primaryimage\"},\"thumbnailUrl\":\"https:\/\/www.nexoinformativo.mx\/wp-content\/uploads\/2025\/07\/IMG-20250701-WA0001-e1751478745145.jpg\",\"keywords\":[\"ClaudiaSheinbaum\",\"GuardiaNacional\",\"HomicidioDoloso\",\"SEDENA\",\"SeguridadM\u00e9xico\"],\"articleSection\":[\"Nacional\",\"\u00daltima Hora\"],\"inLanguage\":\"es\",\"potentialAction\":[{\"@type\":\"CommentAction\",\"name\":\"Comment\",\"target\":[\"https:\/\/www.nexoinformativo.mx\/index.php\/2025\/07\/01\/guardia-nacional-reduce-25-homicidios-dolosos-destaca-claudia-sheinbaum-en-su-sexto-aniversario\/#respond\"]}]},{\"@type\":\"WebPage\",\"@id\":\"https:\/\/www.nexoinformativo.mx\/index.php\/2025\/07\/01\/guardia-nacional-reduce-25-homicidios-dolosos-destaca-claudia-sheinbaum-en-su-sexto-aniversario\/\",\"url\":\"https:\/\/www.nexoinformativo.mx\/index.php\/2025\/07\/01\/guardia-nacional-reduce-25-homicidios-dolosos-destaca-claudia-sheinbaum-en-su-sexto-aniversario\/\",\"name\":\"Guardia Nacional reduce 25% homicidios dolosos, destaca Claudia Sheinbaum en su sexto aniversario | Nexo Informativo Santiago de Quer\u00e9taro\",\"isPartOf\":{\"@id\":\"https:\/\/www.nexoinformativo.mx\/#website\"},\"primaryImageOfPage\":{\"@id\":\"https:\/\/www.nexoinformativo.mx\/index.php\/2025\/07\/01\/guardia-nacional-reduce-25-homicidios-dolosos-destaca-claudia-sheinbaum-en-su-sexto-aniversario\/#primaryimage\"},\"image\":{\"@id\":\"https:\/\/www.nexoinformativo.mx\/index.php\/2025\/07\/01\/guardia-nacional-reduce-25-homicidios-dolosos-destaca-claudia-sheinbaum-en-su-sexto-aniversario\/#primaryimage\"},\"thumbnailUrl\":\"https:\/\/www.nexoinformativo.mx\/wp-content\/uploads\/2025\/07\/IMG-20250701-WA0001-e1751478745145.jpg\",\"datePublished\":\"2025-07-01T15:00:43+00:00\",\"dateModified\":\"2025-07-02T17:52:45+00:00\",\"breadcrumb\":{\"@id\":\"https:\/\/www.nexoinformativo.mx\/index.php\/2025\/07\/01\/guardia-nacional-reduce-25-homicidios-dolosos-destaca-claudia-sheinbaum-en-su-sexto-aniversario\/#breadcrumb\"},\"inLanguage\":\"es\",\"potentialAction\":[{\"@type\":\"ReadAction\",\"target\":[\"https:\/\/www.nexoinformativo.mx\/index.php\/2025\/07\/01\/guardia-nacional-reduce-25-homicidios-dolosos-destaca-claudia-sheinbaum-en-su-sexto-aniversario\/\"]}]},{\"@type\":\"ImageObject\",\"inLanguage\":\"es\",\"@id\":\"https:\/\/www.nexoinformativo.mx\/index.php\/2025\/07\/01\/guardia-nacional-reduce-25-homicidios-dolosos-destaca-claudia-sheinbaum-en-su-sexto-aniversario\/#primaryimage\",\"url\":\"https:\/\/www.nexoinformativo.mx\/wp-content\/uploads\/2025\/07\/IMG-20250701-WA0001-e1751478745145.jpg\",\"contentUrl\":\"https:\/\/www.nexoinformativo.mx\/wp-content\/uploads\/2025\/07\/IMG-20250701-WA0001-e1751478745145.jpg\",\"width\":800,\"height\":532},{\"@type\":\"BreadcrumbList\",\"@id\":\"https:\/\/www.nexoinformativo.mx\/index.php\/2025\/07\/01\/guardia-nacional-reduce-25-homicidios-dolosos-destaca-claudia-sheinbaum-en-su-sexto-aniversario\/#breadcrumb\",\"itemListElement\":[{\"@type\":\"ListItem\",\"position\":1,\"name\":\"Inicio\",\"item\":\"https:\/\/www.nexoinformativo.mx\/\"},{\"@type\":\"ListItem\",\"position\":2,\"name\":\"Guardia Nacional reduce 25% homicidios dolosos, destaca Claudia Sheinbaum en su sexto aniversario\"}]},{\"@type\":\"WebSite\",\"@id\":\"https:\/\/www.nexoinformativo.mx\/#website\",\"url\":\"https:\/\/www.nexoinformativo.mx\/\",\"name\":\"Nexo Informativo Santiago de Quer\u00e9taro\",\"description\":\"Explora NexoInformativo y convi\u00e9rtete en parte de una comunidad que valora el conocimiento y la verdad. Tu nexoinformativo es tu puente hacia una comprensi\u00f3n m\u00e1s profunda del mundo que te rodea.\",\"publisher\":{\"@id\":\"https:\/\/www.nexoinformativo.mx\/#organization\"},\"potentialAction\":[{\"@type\":\"SearchAction\",\"target\":{\"@type\":\"EntryPoint\",\"urlTemplate\":\"https:\/\/www.nexoinformativo.mx\/?s={search_term_string}\"},\"query-input\":{\"@type\":\"PropertyValueSpecification\",\"valueRequired\":true,\"valueName\":\"search_term_string\"}}],\"inLanguage\":\"es\"},{\"@type\":\"Organization\",\"@id\":\"https:\/\/www.nexoinformativo.mx\/#organization\",\"name\":\"Nexo Informativo Santiago de Quer\u00e9taro\",\"url\":\"https:\/\/www.nexoinformativo.mx\/\",\"logo\":{\"@type\":\"ImageObject\",\"inLanguage\":\"es\",\"@id\":\"https:\/\/www.nexoinformativo.mx\/#\/schema\/logo\/image\/\",\"url\":\"https:\/\/www.nexoinformativo.mx\/wp-content\/uploads\/2024\/07\/nexoi-trasparente-2.png\",\"contentUrl\":\"https:\/\/www.nexoinformativo.mx\/wp-content\/uploads\/2024\/07\/nexoi-trasparente-2.png\",\"width\":816,\"height\":339,\"caption\":\"Nexo Informativo Santiago de Quer\u00e9taro\"},\"image\":{\"@id\":\"https:\/\/www.nexoinformativo.mx\/#\/schema\/logo\/image\/\"},\"sameAs\":[\"https:\/\/www.facebook.com\/people\/Nexo-Informativo\/61564066885511\/\"]},{\"@type\":\"Person\",\"@id\":\"https:\/\/www.nexoinformativo.mx\/#\/schema\/person\/7749d380ba08c8ca00d7bc76fd907b7d\",\"name\":\"Nexo Informativo\",\"image\":{\"@type\":\"ImageObject\",\"inLanguage\":\"es\",\"@id\":\"https:\/\/www.nexoinformativo.mx\/#\/schema\/person\/image\/\",\"url\":\"https:\/\/secure.gravatar.com\/avatar\/dde2928154642a13d95f87ddf1ea9718fe2b46760a005c53e41ff5ad610704e6?s=96&d=mm&r=g\",\"contentUrl\":\"https:\/\/secure.gravatar.com\/avatar\/dde2928154642a13d95f87ddf1ea9718fe2b46760a005c53e41ff5ad610704e6?s=96&d=mm&r=g\",\"caption\":\"Nexo Informativo\"},\"url\":\"https:\/\/www.nexoinformativo.mx\/index.php\/author\/edicion\/\"}]}<\/script>\n<!-- \/ Yoast SEO plugin. -->","yoast_head_json":{"title":"Guardia Nacional reduce 25% homicidios dolosos, destaca Claudia Sheinbaum en su sexto aniversario | Nexo Informativo Santiago de Quer\u00e9taro","robots":{"index":"index","follow":"follow","max-snippet":"max-snippet:-1","max-image-preview":"max-image-preview:large","max-video-preview":"max-video-preview:-1"},"canonical":"https:\/\/www.nexoinformativo.mx\/index.php\/2025\/07\/01\/guardia-nacional-reduce-25-homicidios-dolosos-destaca-claudia-sheinbaum-en-su-sexto-aniversario\/","og_locale":"es_MX","og_type":"article","og_title":"Guardia Nacional reduce 25% homicidios dolosos, destaca Claudia Sheinbaum en su sexto aniversario | Nexo Informativo Santiago de Quer\u00e9taro","og_description":"Al celebrar el sexto aniversario de la Guardia Nacional, la presidenta de M\u00e9xico, Claudia Sheinbaum Pardo, destac\u00f3 que gracias al fortalecimiento de esta corporaci\u00f3n y a la Estrategia Nacional de Seguridad, el homicidio doloso ha bajado un 25 por ciento en el pa\u00eds.","og_url":"https:\/\/www.nexoinformativo.mx\/index.php\/2025\/07\/01\/guardia-nacional-reduce-25-homicidios-dolosos-destaca-claudia-sheinbaum-en-su-sexto-aniversario\/","og_site_name":"Nexo Informativo Santiago de Quer\u00e9taro","article_publisher":"https:\/\/www.facebook.com\/people\/Nexo-Informativo\/61564066885511\/","article_published_time":"2025-07-01T15:00:43+00:00","article_modified_time":"2025-07-02T17:52:45+00:00","og_image":[{"width":800,"height":532,"url":"https:\/\/www.nexoinformativo.mx\/wp-content\/uploads\/2025\/07\/IMG-20250701-WA0001-e1751478745145.jpg","type":"image\/jpeg"}],"author":"Nexo Informativo","twitter_card":"summary_large_image","twitter_misc":{"Escrito por":"Nexo Informativo","Tiempo de lectura":"2 minutos"},"schema":{"@context":"https:\/\/schema.org","@graph":[{"@type":"Article","@id":"https:\/\/www.nexoinformativo.mx\/index.php\/2025\/07\/01\/guardia-nacional-reduce-25-homicidios-dolosos-destaca-claudia-sheinbaum-en-su-sexto-aniversario\/#article","isPartOf":{"@id":"https:\/\/www.nexoinformativo.mx\/index.php\/2025\/07\/01\/guardia-nacional-reduce-25-homicidios-dolosos-destaca-claudia-sheinbaum-en-su-sexto-aniversario\/"},"author":{"name":"Nexo Informativo","@id":"https:\/\/www.nexoinformativo.mx\/#\/schema\/person\/7749d380ba08c8ca00d7bc76fd907b7d"},"headline":"Guardia Nacional reduce 25% homicidios dolosos, destaca Claudia Sheinbaum en su sexto aniversario","datePublished":"2025-07-01T15:00:43+00:00","dateModified":"2025-07-02T17:52:45+00:00","mainEntityOfPage":{"@id":"https:\/\/www.nexoinformativo.mx\/index.php\/2025\/07\/01\/guardia-nacional-reduce-25-homicidios-dolosos-destaca-claudia-sheinbaum-en-su-sexto-aniversario\/"},"wordCount":281,"commentCount":0,"publisher":{"@id":"https:\/\/www.nexoinformativo.mx\/#organization"},"image":{"@id":"https:\/\/www.nexoinformativo.mx\/index.php\/2025\/07\/01\/guardia-nacional-reduce-25-homicidios-dolosos-destaca-claudia-sheinbaum-en-su-sexto-aniversario\/#primaryimage"},"thumbnailUrl":"https:\/\/www.nexoinformativo.mx\/wp-content\/uploads\/2025\/07\/IMG-20250701-WA0001-e1751478745145.jpg","keywords":["ClaudiaSheinbaum","GuardiaNacional","HomicidioDoloso","SEDENA","SeguridadM\u00e9xico"],"articleSection":["Nacional","\u00daltima Hora"],"inLanguage":"es","potentialAction":[{"@type":"CommentAction","name":"Comment","target":["https:\/\/www.nexoinformativo.mx\/index.php\/2025\/07\/01\/guardia-nacional-reduce-25-homicidios-dolosos-destaca-claudia-sheinbaum-en-su-sexto-aniversario\/#respond"]}]},{"@type":"WebPage","@id":"https:\/\/www.nexoinformativo.mx\/index.php\/2025\/07\/01\/guardia-nacional-reduce-25-homicidios-dolosos-destaca-claudia-sheinbaum-en-su-sexto-aniversario\/","url":"https:\/\/www.nexoinformativo.mx\/index.php\/2025\/07\/01\/guardia-nacional-reduce-25-homicidios-dolosos-destaca-claudia-sheinbaum-en-su-sexto-aniversario\/","name":"Guardia Nacional reduce 25% homicidios dolosos, destaca Claudia Sheinbaum en su sexto aniversario | Nexo Informativo Santiago de Quer\u00e9taro","isPartOf":{"@id":"https:\/\/www.nexoinformativo.mx\/#website"},"primaryImageOfPage":{"@id":"https:\/\/www.nexoinformativo.mx\/index.php\/2025\/07\/01\/guardia-nacional-reduce-25-homicidios-dolosos-destaca-claudia-sheinbaum-en-su-sexto-aniversario\/#primaryimage"},"image":{"@id":"https:\/\/www.nexoinformativo.mx\/index.php\/2025\/07\/01\/guardia-nacional-reduce-25-homicidios-dolosos-destaca-claudia-sheinbaum-en-su-sexto-aniversario\/#primaryimage"},"thumbnailUrl":"https:\/\/www.nexoinformativo.mx\/wp-content\/uploads\/2025\/07\/IMG-20250701-WA0001-e1751478745145.jpg","datePublished":"2025-07-01T15:00:43+00:00","dateModified":"2025-07-02T17:52:45+00:00","breadcrumb":{"@id":"https:\/\/www.nexoinformativo.mx\/index.php\/2025\/07\/01\/guardia-nacional-reduce-25-homicidios-dolosos-destaca-claudia-sheinbaum-en-su-sexto-aniversario\/#breadcrumb"},"inLanguage":"es","potentialAction":[{"@type":"ReadAction","target":["https:\/\/www.nexoinformativo.mx\/index.php\/2025\/07\/01\/guardia-nacional-reduce-25-homicidios-dolosos-destaca-claudia-sheinbaum-en-su-sexto-aniversario\/"]}]},{"@type":"ImageObject","inLanguage":"es","@id":"https:\/\/www.nexoinformativo.mx\/index.php\/2025\/07\/01\/guardia-nacional-reduce-25-homicidios-dolosos-destaca-claudia-sheinbaum-en-su-sexto-aniversario\/#primaryimage","url":"https:\/\/www.nexoinformativo.mx\/wp-content\/uploads\/2025\/07\/IMG-20250701-WA0001-e1751478745145.jpg","contentUrl":"https:\/\/www.nexoinformativo.mx\/wp-content\/uploads\/2025\/07\/IMG-20250701-WA0001-e1751478745145.jpg","width":800,"height":532},{"@type":"BreadcrumbList","@id":"https:\/\/www.nexoinformativo.mx\/index.php\/2025\/07\/01\/guardia-nacional-reduce-25-homicidios-dolosos-destaca-claudia-sheinbaum-en-su-sexto-aniversario\/#breadcrumb","itemListElement":[{"@type":"ListItem","position":1,"name":"Inicio","item":"https:\/\/www.nexoinformativo.mx\/"},{"@type":"ListItem","position":2,"name":"Guardia Nacional reduce 25% homicidios dolosos, destaca Claudia Sheinbaum en su sexto aniversario"}]},{"@type":"WebSite","@id":"https:\/\/www.nexoinformativo.mx\/#website","url":"https:\/\/www.nexoinformativo.mx\/","name":"Nexo Informativo Santiago de Quer\u00e9taro","description":"Explora NexoInformativo y convi\u00e9rtete en parte de una comunidad que valora el conocimiento y la verdad. Tu nexoinformativo es tu puente hacia una comprensi\u00f3n m\u00e1s profunda del mundo que te rodea.","publisher":{"@id":"https:\/\/www.nexoinformativo.mx\/#organization"},"potentialAction":[{"@type":"SearchAction","target":{"@type":"EntryPoint","urlTemplate":"https:\/\/www.nexoinformativo.mx\/?s={search_term_string}"},"query-input":{"@type":"PropertyValueSpecification","valueRequired":true,"valueName":"search_term_string"}}],"inLanguage":"es"},{"@type":"Organization","@id":"https:\/\/www.nexoinformativo.mx\/#organization","name":"Nexo Informativo Santiago de Quer\u00e9taro","url":"https:\/\/www.nexoinformativo.mx\/","logo":{"@type":"ImageObject","inLanguage":"es","@id":"https:\/\/www.nexoinformativo.mx\/#\/schema\/logo\/image\/","url":"https:\/\/www.nexoinformativo.mx\/wp-content\/uploads\/2024\/07\/nexoi-trasparente-2.png","contentUrl":"https:\/\/www.nexoinformativo.mx\/wp-content\/uploads\/2024\/07\/nexoi-trasparente-2.png","width":816,"height":339,"caption":"Nexo Informativo Santiago de Quer\u00e9taro"},"image":{"@id":"https:\/\/www.nexoinformativo.mx\/#\/schema\/logo\/image\/"},"sameAs":["https:\/\/www.facebook.com\/people\/Nexo-Informativo\/61564066885511\/"]},{"@type":"Person","@id":"https:\/\/www.nexoinformativo.mx\/#\/schema\/person\/7749d380ba08c8ca00d7bc76fd907b7d","name":"Nexo Informativo","image":{"@type":"ImageObject","inLanguage":"es","@id":"https:\/\/www.nexoinformativo.mx\/#\/schema\/person\/image\/","url":"https:\/\/secure.gravatar.com\/avatar\/dde2928154642a13d95f87ddf1ea9718fe2b46760a005c53e41ff5ad610704e6?s=96&d=mm&r=g","contentUrl":"https:\/\/secure.gravatar.com\/avatar\/dde2928154642a13d95f87ddf1ea9718fe2b46760a005c53e41ff5ad610704e6?s=96&d=mm&r=g","caption":"Nexo Informativo"},"url":"https:\/\/www.nexoinformativo.mx\/index.php\/author\/edicion\/"}]}},"_links":{"self":[{"href":"https:\/\/www.nexoinformativo.mx\/index.php\/wp-json\/wp\/v2\/posts\/16262","targetHints":{"allow":["GET"]}}],"collection":[{"href":"https:\/\/www.nexoinformativo.mx\/index.php\/wp-json\/wp\/v2\/posts"}],"about":[{"href":"https:\/\/www.nexoinformativo.mx\/index.php\/wp-json\/wp\/v2\/types\/post"}],"author":[{"embeddable":true,"href":"https:\/\/www.nexoinformativo.mx\/index.php\/wp-json\/wp\/v2\/users\/3"}],"replies":[{"embeddable":true,"href":"https:\/\/www.nexoinformativo.mx\/index.php\/wp-json\/wp\/v2\/comments?post=16262"}],"version-history":[{"count":5,"href":"https:\/\/www.nexoinformativo.mx\/index.php\/wp-json\/wp\/v2\/posts\/16262\/revisions"}],"predecessor-version":[{"id":16277,"href":"https:\/\/www.nexoinformativo.mx\/index.php\/wp-json\/wp\/v2\/posts\/16262\/revisions\/16277"}],"wp:featuredmedia":[{"embeddable":true,"href":"https:\/\/www.nexoinformativo.mx\/index.php\/wp-json\/wp\/v2\/media\/16271"}],"wp:attachment":[{"href":"https:\/\/www.nexoinformativo.mx\/index.php\/wp-json\/wp\/v2\/media?parent=16262"}],"wp:term":[{"taxonomy":"category","embeddable":true,"href":"https:\/\/www.nexoinformativo.mx\/index.php\/wp-json\/wp\/v2\/categories?post=16262"},{"taxonomy":"post_tag","embeddable":true,"href":"https:\/\/www.nexoinformativo.mx\/index.php\/wp-json\/wp\/v2\/tags?post=16262"}],"curies":[{"name":"wp","href":"https:\/\/api.w.org\/{rel}","templated":true}]}}