{"id":16265,"date":"2025-07-01T10:00:54","date_gmt":"2025-07-01T16:00:54","guid":{"rendered":"https:\/\/www.nexoinformativo.mx\/?p=16265"},"modified":"2025-07-02T15:11:59","modified_gmt":"2025-07-02T21:11:59","slug":"sep-presenta-estrategia-nacional-para-la-educacion-superior-con-plataforma-de-cursos-y-microcredenciales","status":"publish","type":"post","link":"https:\/\/www.nexoinformativo.mx\/index.php\/2025\/07\/01\/sep-presenta-estrategia-nacional-para-la-educacion-superior-con-plataforma-de-cursos-y-microcredenciales\/","title":{"rendered":"SEP presenta Estrategia Nacional para la Educaci\u00f3n Superior con plataforma de cursos y microcredenciales"},"content":{"rendered":"<p style=\"text-align: justify;\">El subsecretario de Educaci\u00f3n Superior, Ricardo Villanueva Lomel\u00ed, present\u00f3 la propuesta de la Estrategia Nacional para la Educaci\u00f3n Superior a lo largo de la vida, en representaci\u00f3n del titular de la SEP, Mario Delgado Carrillo, durante la 16\u00aa Sesi\u00f3n Ordinaria del Consejo Nacional para la Coordinaci\u00f3n de la Educaci\u00f3n Superior (Conaces).<\/p>\n<p>&nbsp;<\/p>\n<p style=\"text-align: justify;\">Como parte de esta iniciativa, y por instrucci\u00f3n de la presidenta Claudia Sheinbaum Pardo, se plantea la creaci\u00f3n de una Plataforma Digital Nacional. En ella, universidades e instituciones de educaci\u00f3n superior, tanto p\u00fablicas como privadas, podr\u00e1n ofrecer cursos en l\u00ednea que otorguen microcredenciales o certificados a estudiantes y al p\u00fablico en general.<\/p>\n<p>&nbsp;<\/p>\n<p style=\"text-align: justify;\">La estrategia responde al cambio acelerado que vive la educaci\u00f3n superior debido al desarrollo tecnol\u00f3gico. Por ello, se propone ajustar los planes de estudio, reincorporar humanidades como \u00c9tica y Filosof\u00eda, y crear una educaci\u00f3n m\u00e1s flexible, para que j\u00f3venes puedan continuar sus estudios durante toda su vida.<\/p>\n<p>&nbsp;<\/p>\n<p style=\"text-align: justify;\">La plataforma iniciar\u00e1 con 20 cursos, enfocados en cinco rubros.<\/p>\n<p>&nbsp;<\/p>\n<p style=\"text-align: justify;\">\u2013 Bienestar, salud y prevenci\u00f3n de las violencias<\/p>\n<p style=\"text-align: justify;\">\u2013 Ciudadan\u00eda digital<\/p>\n<p style=\"text-align: justify;\">\u2013 Inteligencia artificial y aprendizajes<\/p>\n<p style=\"text-align: justify;\">\u2013 Habilidades para el futuro del trabajo<\/p>\n<p style=\"text-align: justify;\">\u2013 Desarrollo profesional y liderazgo humanista<\/p>\n<p>&nbsp;<\/p>\n<p style=\"text-align: justify;\">Destaca el curso \u201cPor la paz y contra las adicciones: al\u00e9jate de las metanfetaminas\u201d, propuesto por la presidenta Sheinbaum, como parte del rubro de bienestar.<\/p>\n<p>&nbsp;<\/p>\n<p style=\"text-align: justify;\">Adem\u00e1s, el Conaces aprob\u00f3 la creaci\u00f3n de 12 comisiones de trabajo, entre ellas la que se encargar\u00e1 de sistematizar propuestas para el Programa Nacional de Educaci\u00f3n Superior 2025-2030.<\/p>\n<p>&nbsp;<\/p>\n<p style=\"text-align: center;\">\u00a1Informaci\u00f3n que transforma!<\/p>\n","protected":false},"excerpt":{"rendered":"<p>El subsecretario de Educaci\u00f3n Superior, Ricardo Villanueva Lomel\u00ed, present\u00f3 la propuesta de la Estrategia Nacional para la Educaci\u00f3n Superior a lo largo de la vida, en representaci\u00f3n del titular de la SEP, Mario Delgado Carrillo, durante la 16\u00aa Sesi\u00f3n Ordinaria del Consejo Nacional para la Coordinaci\u00f3n de la Educaci\u00f3n Superior (Conaces).<\/p>\n","protected":false},"author":3,"featured_media":16264,"comment_status":"open","ping_status":"open","sticky":false,"template":"","format":"standard","meta":{"footnotes":""},"categories":[88,58],"tags":[967,1163,4880,538],"class_list":["post-16265","post","type-post","status-publish","format-standard","has-post-thumbnail","hentry","category-nacional","category-ultima-hora","tag-claudiasheinbaum","tag-educacionsuperior","tag-plataformadigital","tag-sep"],"yoast_head":"<!-- This site is optimized with the Yoast SEO plugin v25.0 - https:\/\/yoast.com\/wordpress\/plugins\/seo\/ -->\n<title>SEP presenta Estrategia Nacional para la Educaci\u00f3n Superior con plataforma de cursos y microcredenciales | Nexo Informativo Santiago de Quer\u00e9taro<\/title>\n<meta name=\"robots\" content=\"index, follow, max-snippet:-1, max-image-preview:large, max-video-preview:-1\" \/>\n<link rel=\"canonical\" href=\"https:\/\/www.nexoinformativo.mx\/index.php\/2025\/07\/01\/sep-presenta-estrategia-nacional-para-la-educacion-superior-con-plataforma-de-cursos-y-microcredenciales\/\" \/>\n<meta property=\"og:locale\" content=\"es_MX\" \/>\n<meta property=\"og:type\" content=\"article\" \/>\n<meta property=\"og:title\" content=\"SEP presenta Estrategia Nacional para la Educaci\u00f3n Superior con plataforma de cursos y microcredenciales | Nexo Informativo Santiago de Quer\u00e9taro\" \/>\n<meta property=\"og:description\" content=\"El subsecretario de Educaci\u00f3n Superior, Ricardo Villanueva Lomel\u00ed, present\u00f3 la propuesta de la Estrategia Nacional para la Educaci\u00f3n Superior a lo largo de la vida, en representaci\u00f3n del titular de la SEP, Mario Delgado Carrillo, durante la 16\u00aa Sesi\u00f3n Ordinaria del Consejo Nacional para la Coordinaci\u00f3n de la Educaci\u00f3n Superior (Conaces).\" \/>\n<meta property=\"og:url\" content=\"https:\/\/www.nexoinformativo.mx\/index.php\/2025\/07\/01\/sep-presenta-estrategia-nacional-para-la-educacion-superior-con-plataforma-de-cursos-y-microcredenciales\/\" \/>\n<meta property=\"og:site_name\" content=\"Nexo Informativo Santiago de Quer\u00e9taro\" \/>\n<meta property=\"article:publisher\" content=\"https:\/\/www.facebook.com\/people\/Nexo-Informativo\/61564066885511\/\" \/>\n<meta property=\"article:published_time\" content=\"2025-07-01T16:00:54+00:00\" \/>\n<meta property=\"article:modified_time\" content=\"2025-07-02T21:11:59+00:00\" \/>\n<meta property=\"og:image\" content=\"https:\/\/www.nexoinformativo.mx\/wp-content\/uploads\/2025\/07\/post_WhatsApp_Image_2025-06-30_at_7.02.23_PM.jpeg\" \/>\n\t<meta property=\"og:image:width\" content=\"650\" \/>\n\t<meta property=\"og:image:height\" content=\"380\" \/>\n\t<meta property=\"og:image:type\" content=\"image\/jpeg\" \/>\n<meta name=\"author\" content=\"Nexo Informativo\" \/>\n<meta name=\"twitter:card\" content=\"summary_large_image\" \/>\n<meta name=\"twitter:label1\" content=\"Escrito por\" \/>\n\t<meta name=\"twitter:data1\" content=\"Nexo Informativo\" \/>\n\t<meta name=\"twitter:label2\" content=\"Tiempo de lectura\" \/>\n\t<meta name=\"twitter:data2\" content=\"2 minutos\" \/>\n<script type=\"application\/ld+json\" class=\"yoast-schema-graph\">{\"@context\":\"https:\/\/schema.org\",\"@graph\":[{\"@type\":\"Article\",\"@id\":\"https:\/\/www.nexoinformativo.mx\/index.php\/2025\/07\/01\/sep-presenta-estrategia-nacional-para-la-educacion-superior-con-plataforma-de-cursos-y-microcredenciales\/#article\",\"isPartOf\":{\"@id\":\"https:\/\/www.nexoinformativo.mx\/index.php\/2025\/07\/01\/sep-presenta-estrategia-nacional-para-la-educacion-superior-con-plataforma-de-cursos-y-microcredenciales\/\"},\"author\":{\"name\":\"Nexo Informativo\",\"@id\":\"https:\/\/www.nexoinformativo.mx\/#\/schema\/person\/7749d380ba08c8ca00d7bc76fd907b7d\"},\"headline\":\"SEP presenta Estrategia Nacional para la Educaci\u00f3n Superior con plataforma de cursos y microcredenciales\",\"datePublished\":\"2025-07-01T16:00:54+00:00\",\"dateModified\":\"2025-07-02T21:11:59+00:00\",\"mainEntityOfPage\":{\"@id\":\"https:\/\/www.nexoinformativo.mx\/index.php\/2025\/07\/01\/sep-presenta-estrategia-nacional-para-la-educacion-superior-con-plataforma-de-cursos-y-microcredenciales\/\"},\"wordCount\":285,\"commentCount\":0,\"publisher\":{\"@id\":\"https:\/\/www.nexoinformativo.mx\/#organization\"},\"image\":{\"@id\":\"https:\/\/www.nexoinformativo.mx\/index.php\/2025\/07\/01\/sep-presenta-estrategia-nacional-para-la-educacion-superior-con-plataforma-de-cursos-y-microcredenciales\/#primaryimage\"},\"thumbnailUrl\":\"https:\/\/www.nexoinformativo.mx\/wp-content\/uploads\/2025\/07\/post_WhatsApp_Image_2025-06-30_at_7.02.23_PM.jpeg\",\"keywords\":[\"ClaudiaSheinbaum\",\"Educaci\u00f3nSuperior\",\"PlataformaDigital\",\"SEP\"],\"articleSection\":[\"Nacional\",\"\u00daltima Hora\"],\"inLanguage\":\"es\",\"potentialAction\":[{\"@type\":\"CommentAction\",\"name\":\"Comment\",\"target\":[\"https:\/\/www.nexoinformativo.mx\/index.php\/2025\/07\/01\/sep-presenta-estrategia-nacional-para-la-educacion-superior-con-plataforma-de-cursos-y-microcredenciales\/#respond\"]}]},{\"@type\":\"WebPage\",\"@id\":\"https:\/\/www.nexoinformativo.mx\/index.php\/2025\/07\/01\/sep-presenta-estrategia-nacional-para-la-educacion-superior-con-plataforma-de-cursos-y-microcredenciales\/\",\"url\":\"https:\/\/www.nexoinformativo.mx\/index.php\/2025\/07\/01\/sep-presenta-estrategia-nacional-para-la-educacion-superior-con-plataforma-de-cursos-y-microcredenciales\/\",\"name\":\"SEP presenta Estrategia Nacional para la Educaci\u00f3n Superior con plataforma de cursos y microcredenciales | Nexo Informativo Santiago de Quer\u00e9taro\",\"isPartOf\":{\"@id\":\"https:\/\/www.nexoinformativo.mx\/#website\"},\"primaryImageOfPage\":{\"@id\":\"https:\/\/www.nexoinformativo.mx\/index.php\/2025\/07\/01\/sep-presenta-estrategia-nacional-para-la-educacion-superior-con-plataforma-de-cursos-y-microcredenciales\/#primaryimage\"},\"image\":{\"@id\":\"https:\/\/www.nexoinformativo.mx\/index.php\/2025\/07\/01\/sep-presenta-estrategia-nacional-para-la-educacion-superior-con-plataforma-de-cursos-y-microcredenciales\/#primaryimage\"},\"thumbnailUrl\":\"https:\/\/www.nexoinformativo.mx\/wp-content\/uploads\/2025\/07\/post_WhatsApp_Image_2025-06-30_at_7.02.23_PM.jpeg\",\"datePublished\":\"2025-07-01T16:00:54+00:00\",\"dateModified\":\"2025-07-02T21:11:59+00:00\",\"breadcrumb\":{\"@id\":\"https:\/\/www.nexoinformativo.mx\/index.php\/2025\/07\/01\/sep-presenta-estrategia-nacional-para-la-educacion-superior-con-plataforma-de-cursos-y-microcredenciales\/#breadcrumb\"},\"inLanguage\":\"es\",\"potentialAction\":[{\"@type\":\"ReadAction\",\"target\":[\"https:\/\/www.nexoinformativo.mx\/index.php\/2025\/07\/01\/sep-presenta-estrategia-nacional-para-la-educacion-superior-con-plataforma-de-cursos-y-microcredenciales\/\"]}]},{\"@type\":\"ImageObject\",\"inLanguage\":\"es\",\"@id\":\"https:\/\/www.nexoinformativo.mx\/index.php\/2025\/07\/01\/sep-presenta-estrategia-nacional-para-la-educacion-superior-con-plataforma-de-cursos-y-microcredenciales\/#primaryimage\",\"url\":\"https:\/\/www.nexoinformativo.mx\/wp-content\/uploads\/2025\/07\/post_WhatsApp_Image_2025-06-30_at_7.02.23_PM.jpeg\",\"contentUrl\":\"https:\/\/www.nexoinformativo.mx\/wp-content\/uploads\/2025\/07\/post_WhatsApp_Image_2025-06-30_at_7.02.23_PM.jpeg\",\"width\":650,\"height\":380},{\"@type\":\"BreadcrumbList\",\"@id\":\"https:\/\/www.nexoinformativo.mx\/index.php\/2025\/07\/01\/sep-presenta-estrategia-nacional-para-la-educacion-superior-con-plataforma-de-cursos-y-microcredenciales\/#breadcrumb\",\"itemListElement\":[{\"@type\":\"ListItem\",\"position\":1,\"name\":\"Inicio\",\"item\":\"https:\/\/www.nexoinformativo.mx\/\"},{\"@type\":\"ListItem\",\"position\":2,\"name\":\"SEP presenta Estrategia Nacional para la Educaci\u00f3n Superior con plataforma de cursos y microcredenciales\"}]},{\"@type\":\"WebSite\",\"@id\":\"https:\/\/www.nexoinformativo.mx\/#website\",\"url\":\"https:\/\/www.nexoinformativo.mx\/\",\"name\":\"Nexo Informativo Santiago de Quer\u00e9taro\",\"description\":\"Explora NexoInformativo y convi\u00e9rtete en parte de una comunidad que valora el conocimiento y la verdad. Tu nexoinformativo es tu puente hacia una comprensi\u00f3n m\u00e1s profunda del mundo que te rodea.\",\"publisher\":{\"@id\":\"https:\/\/www.nexoinformativo.mx\/#organization\"},\"potentialAction\":[{\"@type\":\"SearchAction\",\"target\":{\"@type\":\"EntryPoint\",\"urlTemplate\":\"https:\/\/www.nexoinformativo.mx\/?s={search_term_string}\"},\"query-input\":{\"@type\":\"PropertyValueSpecification\",\"valueRequired\":true,\"valueName\":\"search_term_string\"}}],\"inLanguage\":\"es\"},{\"@type\":\"Organization\",\"@id\":\"https:\/\/www.nexoinformativo.mx\/#organization\",\"name\":\"Nexo Informativo Santiago de Quer\u00e9taro\",\"url\":\"https:\/\/www.nexoinformativo.mx\/\",\"logo\":{\"@type\":\"ImageObject\",\"inLanguage\":\"es\",\"@id\":\"https:\/\/www.nexoinformativo.mx\/#\/schema\/logo\/image\/\",\"url\":\"https:\/\/www.nexoinformativo.mx\/wp-content\/uploads\/2024\/07\/nexoi-trasparente-2.png\",\"contentUrl\":\"https:\/\/www.nexoinformativo.mx\/wp-content\/uploads\/2024\/07\/nexoi-trasparente-2.png\",\"width\":816,\"height\":339,\"caption\":\"Nexo Informativo Santiago de Quer\u00e9taro\"},\"image\":{\"@id\":\"https:\/\/www.nexoinformativo.mx\/#\/schema\/logo\/image\/\"},\"sameAs\":[\"https:\/\/www.facebook.com\/people\/Nexo-Informativo\/61564066885511\/\"]},{\"@type\":\"Person\",\"@id\":\"https:\/\/www.nexoinformativo.mx\/#\/schema\/person\/7749d380ba08c8ca00d7bc76fd907b7d\",\"name\":\"Nexo Informativo\",\"image\":{\"@type\":\"ImageObject\",\"inLanguage\":\"es\",\"@id\":\"https:\/\/www.nexoinformativo.mx\/#\/schema\/person\/image\/\",\"url\":\"https:\/\/secure.gravatar.com\/avatar\/dde2928154642a13d95f87ddf1ea9718fe2b46760a005c53e41ff5ad610704e6?s=96&d=mm&r=g\",\"contentUrl\":\"https:\/\/secure.gravatar.com\/avatar\/dde2928154642a13d95f87ddf1ea9718fe2b46760a005c53e41ff5ad610704e6?s=96&d=mm&r=g\",\"caption\":\"Nexo Informativo\"},\"url\":\"https:\/\/www.nexoinformativo.mx\/index.php\/author\/edicion\/\"}]}<\/script>\n<!-- \/ Yoast SEO plugin. -->","yoast_head_json":{"title":"SEP presenta Estrategia Nacional para la Educaci\u00f3n Superior con plataforma de cursos y microcredenciales | Nexo Informativo Santiago de Quer\u00e9taro","robots":{"index":"index","follow":"follow","max-snippet":"max-snippet:-1","max-image-preview":"max-image-preview:large","max-video-preview":"max-video-preview:-1"},"canonical":"https:\/\/www.nexoinformativo.mx\/index.php\/2025\/07\/01\/sep-presenta-estrategia-nacional-para-la-educacion-superior-con-plataforma-de-cursos-y-microcredenciales\/","og_locale":"es_MX","og_type":"article","og_title":"SEP presenta Estrategia Nacional para la Educaci\u00f3n Superior con plataforma de cursos y microcredenciales | Nexo Informativo Santiago de Quer\u00e9taro","og_description":"El subsecretario de Educaci\u00f3n Superior, Ricardo Villanueva Lomel\u00ed, present\u00f3 la propuesta de la Estrategia Nacional para la Educaci\u00f3n Superior a lo largo de la vida, en representaci\u00f3n del titular de la SEP, Mario Delgado Carrillo, durante la 16\u00aa Sesi\u00f3n Ordinaria del Consejo Nacional para la Coordinaci\u00f3n de la Educaci\u00f3n Superior (Conaces).","og_url":"https:\/\/www.nexoinformativo.mx\/index.php\/2025\/07\/01\/sep-presenta-estrategia-nacional-para-la-educacion-superior-con-plataforma-de-cursos-y-microcredenciales\/","og_site_name":"Nexo Informativo Santiago de Quer\u00e9taro","article_publisher":"https:\/\/www.facebook.com\/people\/Nexo-Informativo\/61564066885511\/","article_published_time":"2025-07-01T16:00:54+00:00","article_modified_time":"2025-07-02T21:11:59+00:00","og_image":[{"width":650,"height":380,"url":"https:\/\/www.nexoinformativo.mx\/wp-content\/uploads\/2025\/07\/post_WhatsApp_Image_2025-06-30_at_7.02.23_PM.jpeg","type":"image\/jpeg"}],"author":"Nexo Informativo","twitter_card":"summary_large_image","twitter_misc":{"Escrito por":"Nexo Informativo","Tiempo de lectura":"2 minutos"},"schema":{"@context":"https:\/\/schema.org","@graph":[{"@type":"Article","@id":"https:\/\/www.nexoinformativo.mx\/index.php\/2025\/07\/01\/sep-presenta-estrategia-nacional-para-la-educacion-superior-con-plataforma-de-cursos-y-microcredenciales\/#article","isPartOf":{"@id":"https:\/\/www.nexoinformativo.mx\/index.php\/2025\/07\/01\/sep-presenta-estrategia-nacional-para-la-educacion-superior-con-plataforma-de-cursos-y-microcredenciales\/"},"author":{"name":"Nexo Informativo","@id":"https:\/\/www.nexoinformativo.mx\/#\/schema\/person\/7749d380ba08c8ca00d7bc76fd907b7d"},"headline":"SEP presenta Estrategia Nacional para la Educaci\u00f3n Superior con plataforma de cursos y microcredenciales","datePublished":"2025-07-01T16:00:54+00:00","dateModified":"2025-07-02T21:11:59+00:00","mainEntityOfPage":{"@id":"https:\/\/www.nexoinformativo.mx\/index.php\/2025\/07\/01\/sep-presenta-estrategia-nacional-para-la-educacion-superior-con-plataforma-de-cursos-y-microcredenciales\/"},"wordCount":285,"commentCount":0,"publisher":{"@id":"https:\/\/www.nexoinformativo.mx\/#organization"},"image":{"@id":"https:\/\/www.nexoinformativo.mx\/index.php\/2025\/07\/01\/sep-presenta-estrategia-nacional-para-la-educacion-superior-con-plataforma-de-cursos-y-microcredenciales\/#primaryimage"},"thumbnailUrl":"https:\/\/www.nexoinformativo.mx\/wp-content\/uploads\/2025\/07\/post_WhatsApp_Image_2025-06-30_at_7.02.23_PM.jpeg","keywords":["ClaudiaSheinbaum","Educaci\u00f3nSuperior","PlataformaDigital","SEP"],"articleSection":["Nacional","\u00daltima Hora"],"inLanguage":"es","potentialAction":[{"@type":"CommentAction","name":"Comment","target":["https:\/\/www.nexoinformativo.mx\/index.php\/2025\/07\/01\/sep-presenta-estrategia-nacional-para-la-educacion-superior-con-plataforma-de-cursos-y-microcredenciales\/#respond"]}]},{"@type":"WebPage","@id":"https:\/\/www.nexoinformativo.mx\/index.php\/2025\/07\/01\/sep-presenta-estrategia-nacional-para-la-educacion-superior-con-plataforma-de-cursos-y-microcredenciales\/","url":"https:\/\/www.nexoinformativo.mx\/index.php\/2025\/07\/01\/sep-presenta-estrategia-nacional-para-la-educacion-superior-con-plataforma-de-cursos-y-microcredenciales\/","name":"SEP presenta Estrategia Nacional para la Educaci\u00f3n Superior con plataforma de cursos y microcredenciales | Nexo Informativo Santiago de Quer\u00e9taro","isPartOf":{"@id":"https:\/\/www.nexoinformativo.mx\/#website"},"primaryImageOfPage":{"@id":"https:\/\/www.nexoinformativo.mx\/index.php\/2025\/07\/01\/sep-presenta-estrategia-nacional-para-la-educacion-superior-con-plataforma-de-cursos-y-microcredenciales\/#primaryimage"},"image":{"@id":"https:\/\/www.nexoinformativo.mx\/index.php\/2025\/07\/01\/sep-presenta-estrategia-nacional-para-la-educacion-superior-con-plataforma-de-cursos-y-microcredenciales\/#primaryimage"},"thumbnailUrl":"https:\/\/www.nexoinformativo.mx\/wp-content\/uploads\/2025\/07\/post_WhatsApp_Image_2025-06-30_at_7.02.23_PM.jpeg","datePublished":"2025-07-01T16:00:54+00:00","dateModified":"2025-07-02T21:11:59+00:00","breadcrumb":{"@id":"https:\/\/www.nexoinformativo.mx\/index.php\/2025\/07\/01\/sep-presenta-estrategia-nacional-para-la-educacion-superior-con-plataforma-de-cursos-y-microcredenciales\/#breadcrumb"},"inLanguage":"es","potentialAction":[{"@type":"ReadAction","target":["https:\/\/www.nexoinformativo.mx\/index.php\/2025\/07\/01\/sep-presenta-estrategia-nacional-para-la-educacion-superior-con-plataforma-de-cursos-y-microcredenciales\/"]}]},{"@type":"ImageObject","inLanguage":"es","@id":"https:\/\/www.nexoinformativo.mx\/index.php\/2025\/07\/01\/sep-presenta-estrategia-nacional-para-la-educacion-superior-con-plataforma-de-cursos-y-microcredenciales\/#primaryimage","url":"https:\/\/www.nexoinformativo.mx\/wp-content\/uploads\/2025\/07\/post_WhatsApp_Image_2025-06-30_at_7.02.23_PM.jpeg","contentUrl":"https:\/\/www.nexoinformativo.mx\/wp-content\/uploads\/2025\/07\/post_WhatsApp_Image_2025-06-30_at_7.02.23_PM.jpeg","width":650,"height":380},{"@type":"BreadcrumbList","@id":"https:\/\/www.nexoinformativo.mx\/index.php\/2025\/07\/01\/sep-presenta-estrategia-nacional-para-la-educacion-superior-con-plataforma-de-cursos-y-microcredenciales\/#breadcrumb","itemListElement":[{"@type":"ListItem","position":1,"name":"Inicio","item":"https:\/\/www.nexoinformativo.mx\/"},{"@type":"ListItem","position":2,"name":"SEP presenta Estrategia Nacional para la Educaci\u00f3n Superior con plataforma de cursos y microcredenciales"}]},{"@type":"WebSite","@id":"https:\/\/www.nexoinformativo.mx\/#website","url":"https:\/\/www.nexoinformativo.mx\/","name":"Nexo Informativo Santiago de Quer\u00e9taro","description":"Explora NexoInformativo y convi\u00e9rtete en parte de una comunidad que valora el conocimiento y la verdad. Tu nexoinformativo es tu puente hacia una comprensi\u00f3n m\u00e1s profunda del mundo que te rodea.","publisher":{"@id":"https:\/\/www.nexoinformativo.mx\/#organization"},"potentialAction":[{"@type":"SearchAction","target":{"@type":"EntryPoint","urlTemplate":"https:\/\/www.nexoinformativo.mx\/?s={search_term_string}"},"query-input":{"@type":"PropertyValueSpecification","valueRequired":true,"valueName":"search_term_string"}}],"inLanguage":"es"},{"@type":"Organization","@id":"https:\/\/www.nexoinformativo.mx\/#organization","name":"Nexo Informativo Santiago de Quer\u00e9taro","url":"https:\/\/www.nexoinformativo.mx\/","logo":{"@type":"ImageObject","inLanguage":"es","@id":"https:\/\/www.nexoinformativo.mx\/#\/schema\/logo\/image\/","url":"https:\/\/www.nexoinformativo.mx\/wp-content\/uploads\/2024\/07\/nexoi-trasparente-2.png","contentUrl":"https:\/\/www.nexoinformativo.mx\/wp-content\/uploads\/2024\/07\/nexoi-trasparente-2.png","width":816,"height":339,"caption":"Nexo Informativo Santiago de Quer\u00e9taro"},"image":{"@id":"https:\/\/www.nexoinformativo.mx\/#\/schema\/logo\/image\/"},"sameAs":["https:\/\/www.facebook.com\/people\/Nexo-Informativo\/61564066885511\/"]},{"@type":"Person","@id":"https:\/\/www.nexoinformativo.mx\/#\/schema\/person\/7749d380ba08c8ca00d7bc76fd907b7d","name":"Nexo Informativo","image":{"@type":"ImageObject","inLanguage":"es","@id":"https:\/\/www.nexoinformativo.mx\/#\/schema\/person\/image\/","url":"https:\/\/secure.gravatar.com\/avatar\/dde2928154642a13d95f87ddf1ea9718fe2b46760a005c53e41ff5ad610704e6?s=96&d=mm&r=g","contentUrl":"https:\/\/secure.gravatar.com\/avatar\/dde2928154642a13d95f87ddf1ea9718fe2b46760a005c53e41ff5ad610704e6?s=96&d=mm&r=g","caption":"Nexo Informativo"},"url":"https:\/\/www.nexoinformativo.mx\/index.php\/author\/edicion\/"}]}},"_links":{"self":[{"href":"https:\/\/www.nexoinformativo.mx\/index.php\/wp-json\/wp\/v2\/posts\/16265","targetHints":{"allow":["GET"]}}],"collection":[{"href":"https:\/\/www.nexoinformativo.mx\/index.php\/wp-json\/wp\/v2\/posts"}],"about":[{"href":"https:\/\/www.nexoinformativo.mx\/index.php\/wp-json\/wp\/v2\/types\/post"}],"author":[{"embeddable":true,"href":"https:\/\/www.nexoinformativo.mx\/index.php\/wp-json\/wp\/v2\/users\/3"}],"replies":[{"embeddable":true,"href":"https:\/\/www.nexoinformativo.mx\/index.php\/wp-json\/wp\/v2\/comments?post=16265"}],"version-history":[{"count":8,"href":"https:\/\/www.nexoinformativo.mx\/index.php\/wp-json\/wp\/v2\/posts\/16265\/revisions"}],"predecessor-version":[{"id":16298,"href":"https:\/\/www.nexoinformativo.mx\/index.php\/wp-json\/wp\/v2\/posts\/16265\/revisions\/16298"}],"wp:featuredmedia":[{"embeddable":true,"href":"https:\/\/www.nexoinformativo.mx\/index.php\/wp-json\/wp\/v2\/media\/16264"}],"wp:attachment":[{"href":"https:\/\/www.nexoinformativo.mx\/index.php\/wp-json\/wp\/v2\/media?parent=16265"}],"wp:term":[{"taxonomy":"category","embeddable":true,"href":"https:\/\/www.nexoinformativo.mx\/index.php\/wp-json\/wp\/v2\/categories?post=16265"},{"taxonomy":"post_tag","embeddable":true,"href":"https:\/\/www.nexoinformativo.mx\/index.php\/wp-json\/wp\/v2\/tags?post=16265"}],"curies":[{"name":"wp","href":"https:\/\/api.w.org\/{rel}","templated":true}]}}