{"id":16280,"date":"2025-07-01T09:00:09","date_gmt":"2025-07-01T15:00:09","guid":{"rendered":"https:\/\/www.nexoinformativo.mx\/?p=16280"},"modified":"2025-07-02T15:14:51","modified_gmt":"2025-07-02T21:14:51","slug":"claudia-sheinbaum-integra-imss-coplamar-al-regimen-ordinario-del-imss-y-beneficiara-a-mas-de-10-millones","status":"publish","type":"post","link":"https:\/\/www.nexoinformativo.mx\/index.php\/2025\/07\/01\/claudia-sheinbaum-integra-imss-coplamar-al-regimen-ordinario-del-imss-y-beneficiara-a-mas-de-10-millones\/","title":{"rendered":"Claudia Sheinbaum integra IMSS Coplamar al r\u00e9gimen ordinario del IMSS y beneficiar\u00e1 a m\u00e1s de 10 millones"},"content":{"rendered":"<p style=\"text-align: justify;\">La presidenta de M\u00e9xico, Claudia Sheinbaum Pardo, firm\u00f3 el decreto para que el programa IMSS COPLAMAR\u00a0se integre al r\u00e9gimen ordinario del Instituto Mexicano del Seguro Social (IMSS). Con esto, hospitales y unidades m\u00e9dicas rurales ser\u00e1n administrados por el IMSS y ofrecer\u00e1n atenci\u00f3n m\u00e9dica universal, principalmente en comunidades apartadas. El cambio beneficiar\u00e1 a 10.8 millones de personas, de las cuales 8.4 millones no tienen seguridad social y 2.4 millones ya son derechohabientes.<\/p>\n<p>&nbsp;<\/p>\n<p style=\"text-align: justify;\">Durante su conferencia matutina, Sheinbaum asegur\u00f3 que su gobierno trabaja para que el sistema de salud funcione al 100%, con m\u00e1s quir\u00f3fanos en operaci\u00f3n y menos burocracia.<\/p>\n<p>&nbsp;<\/p>\n<p style=\"text-align: justify;\">Por su parte, el director del IMSS, Zo\u00e9 Robledo Aburto, inform\u00f3 que se sumar\u00e1n 81 hospitales de Segundo Nivel y m\u00e1s de 2,100 Unidades M\u00e9dicas Rurales en 19 estados, incorporando 28,130 trabajadores, entre ellos m\u00e9dicos, enfermeras y personal que habla lenguas ind\u00edgenas, lo que permitir\u00e1 una atenci\u00f3n m\u00e1s cercana.<\/p>\n<p>&nbsp;<\/p>\n<p style=\"text-align: justify;\">Tambi\u00e9n se integrar\u00e1n tres nuevas especialidades: Trauma y Ortopedia, Otorrinolaringolog\u00eda y Oftalmolog\u00eda. El IMSS COPLAMAR seguir\u00e1 fortaleci\u00e9ndose ahora bajo el r\u00e9gimen ordinario del IMSS.<\/p>\n<p>&nbsp;<\/p>\n<p style=\"text-align: center;\">\u00a1Informaci\u00f3n que transforma!<\/p>\n","protected":false},"excerpt":{"rendered":"<p>La presidenta de M\u00e9xico, Claudia Sheinbaum Pardo, firm\u00f3 el decreto para que el programa IMSS COPLAMAR\u00a0se integre al r\u00e9gimen ordinario del Instituto Mexicano del Seguro Social (IMSS).<\/p>\n","protected":false},"author":3,"featured_media":16281,"comment_status":"open","ping_status":"open","sticky":false,"template":"","format":"standard","meta":{"footnotes":""},"categories":[88,58],"tags":[4881,967,1078,4886,1610,1079],"class_list":["post-16280","post","type-post","status-publish","format-standard","has-post-thumbnail","hentry","category-nacional","category-ultima-hora","tag-imsscoplamar-claudiasheinbaum-imssbienestar-saludparatodos-mexico","tag-claudiasheinbaum","tag-imssbienestar","tag-imsscoplamar","tag-mexico","tag-saludparatodos"],"yoast_head":"<!-- This site is optimized with the Yoast SEO plugin v25.0 - https:\/\/yoast.com\/wordpress\/plugins\/seo\/ -->\n<title>Claudia Sheinbaum integra IMSS Coplamar al r\u00e9gimen ordinario del IMSS y beneficiar\u00e1 a m\u00e1s de 10 millones | Nexo Informativo Santiago de Quer\u00e9taro<\/title>\n<meta name=\"robots\" content=\"index, follow, max-snippet:-1, max-image-preview:large, max-video-preview:-1\" \/>\n<link rel=\"canonical\" href=\"https:\/\/www.nexoinformativo.mx\/index.php\/2025\/07\/01\/claudia-sheinbaum-integra-imss-coplamar-al-regimen-ordinario-del-imss-y-beneficiara-a-mas-de-10-millones\/\" \/>\n<meta property=\"og:locale\" content=\"es_MX\" \/>\n<meta property=\"og:type\" content=\"article\" \/>\n<meta property=\"og:title\" content=\"Claudia Sheinbaum integra IMSS Coplamar al r\u00e9gimen ordinario del IMSS y beneficiar\u00e1 a m\u00e1s de 10 millones | Nexo Informativo Santiago de Quer\u00e9taro\" \/>\n<meta property=\"og:description\" content=\"La presidenta de M\u00e9xico, Claudia Sheinbaum Pardo, firm\u00f3 el decreto para que el programa IMSS COPLAMAR\u00a0se integre al r\u00e9gimen ordinario del Instituto Mexicano del Seguro Social (IMSS).\" \/>\n<meta property=\"og:url\" content=\"https:\/\/www.nexoinformativo.mx\/index.php\/2025\/07\/01\/claudia-sheinbaum-integra-imss-coplamar-al-regimen-ordinario-del-imss-y-beneficiara-a-mas-de-10-millones\/\" \/>\n<meta property=\"og:site_name\" content=\"Nexo Informativo Santiago de Quer\u00e9taro\" \/>\n<meta property=\"article:publisher\" content=\"https:\/\/www.facebook.com\/people\/Nexo-Informativo\/61564066885511\/\" \/>\n<meta property=\"article:published_time\" content=\"2025-07-01T15:00:09+00:00\" \/>\n<meta property=\"article:modified_time\" content=\"2025-07-02T21:14:51+00:00\" \/>\n<meta property=\"og:image\" content=\"https:\/\/www.nexoinformativo.mx\/wp-content\/uploads\/2025\/07\/post_2025-07-01_Conferencia_de_prensa_matutina_-_Palacio_Nacional_22_SLE.jpg\" \/>\n\t<meta property=\"og:image:width\" content=\"650\" \/>\n\t<meta property=\"og:image:height\" content=\"380\" \/>\n\t<meta property=\"og:image:type\" content=\"image\/jpeg\" \/>\n<meta name=\"author\" content=\"Nexo Informativo\" \/>\n<meta name=\"twitter:card\" content=\"summary_large_image\" \/>\n<meta name=\"twitter:label1\" content=\"Escrito por\" \/>\n\t<meta name=\"twitter:data1\" content=\"Nexo Informativo\" \/>\n\t<meta name=\"twitter:label2\" content=\"Tiempo de lectura\" \/>\n\t<meta name=\"twitter:data2\" content=\"2 minutos\" \/>\n<script type=\"application\/ld+json\" class=\"yoast-schema-graph\">{\"@context\":\"https:\/\/schema.org\",\"@graph\":[{\"@type\":\"Article\",\"@id\":\"https:\/\/www.nexoinformativo.mx\/index.php\/2025\/07\/01\/claudia-sheinbaum-integra-imss-coplamar-al-regimen-ordinario-del-imss-y-beneficiara-a-mas-de-10-millones\/#article\",\"isPartOf\":{\"@id\":\"https:\/\/www.nexoinformativo.mx\/index.php\/2025\/07\/01\/claudia-sheinbaum-integra-imss-coplamar-al-regimen-ordinario-del-imss-y-beneficiara-a-mas-de-10-millones\/\"},\"author\":{\"name\":\"Nexo Informativo\",\"@id\":\"https:\/\/www.nexoinformativo.mx\/#\/schema\/person\/7749d380ba08c8ca00d7bc76fd907b7d\"},\"headline\":\"Claudia Sheinbaum integra IMSS Coplamar al r\u00e9gimen ordinario del IMSS y beneficiar\u00e1 a m\u00e1s de 10 millones\",\"datePublished\":\"2025-07-01T15:00:09+00:00\",\"dateModified\":\"2025-07-02T21:14:51+00:00\",\"mainEntityOfPage\":{\"@id\":\"https:\/\/www.nexoinformativo.mx\/index.php\/2025\/07\/01\/claudia-sheinbaum-integra-imss-coplamar-al-regimen-ordinario-del-imss-y-beneficiara-a-mas-de-10-millones\/\"},\"wordCount\":213,\"commentCount\":0,\"publisher\":{\"@id\":\"https:\/\/www.nexoinformativo.mx\/#organization\"},\"image\":{\"@id\":\"https:\/\/www.nexoinformativo.mx\/index.php\/2025\/07\/01\/claudia-sheinbaum-integra-imss-coplamar-al-regimen-ordinario-del-imss-y-beneficiara-a-mas-de-10-millones\/#primaryimage\"},\"thumbnailUrl\":\"https:\/\/www.nexoinformativo.mx\/wp-content\/uploads\/2025\/07\/post_2025-07-01_Conferencia_de_prensa_matutina_-_Palacio_Nacional_22_SLE.jpg\",\"keywords\":[\"#IMSSCoplamar #ClaudiaSheinbaum #IMSSBienestar #SaludParaTodos #M\u00e9xico\",\"ClaudiaSheinbaum\",\"IMSSBienestar\",\"IMSSCoplamar\",\"M\u00e9xico\",\"SaludParaTodos\"],\"articleSection\":[\"Nacional\",\"\u00daltima Hora\"],\"inLanguage\":\"es\",\"potentialAction\":[{\"@type\":\"CommentAction\",\"name\":\"Comment\",\"target\":[\"https:\/\/www.nexoinformativo.mx\/index.php\/2025\/07\/01\/claudia-sheinbaum-integra-imss-coplamar-al-regimen-ordinario-del-imss-y-beneficiara-a-mas-de-10-millones\/#respond\"]}]},{\"@type\":\"WebPage\",\"@id\":\"https:\/\/www.nexoinformativo.mx\/index.php\/2025\/07\/01\/claudia-sheinbaum-integra-imss-coplamar-al-regimen-ordinario-del-imss-y-beneficiara-a-mas-de-10-millones\/\",\"url\":\"https:\/\/www.nexoinformativo.mx\/index.php\/2025\/07\/01\/claudia-sheinbaum-integra-imss-coplamar-al-regimen-ordinario-del-imss-y-beneficiara-a-mas-de-10-millones\/\",\"name\":\"Claudia Sheinbaum integra IMSS Coplamar al r\u00e9gimen ordinario del IMSS y beneficiar\u00e1 a m\u00e1s de 10 millones | Nexo Informativo Santiago de Quer\u00e9taro\",\"isPartOf\":{\"@id\":\"https:\/\/www.nexoinformativo.mx\/#website\"},\"primaryImageOfPage\":{\"@id\":\"https:\/\/www.nexoinformativo.mx\/index.php\/2025\/07\/01\/claudia-sheinbaum-integra-imss-coplamar-al-regimen-ordinario-del-imss-y-beneficiara-a-mas-de-10-millones\/#primaryimage\"},\"image\":{\"@id\":\"https:\/\/www.nexoinformativo.mx\/index.php\/2025\/07\/01\/claudia-sheinbaum-integra-imss-coplamar-al-regimen-ordinario-del-imss-y-beneficiara-a-mas-de-10-millones\/#primaryimage\"},\"thumbnailUrl\":\"https:\/\/www.nexoinformativo.mx\/wp-content\/uploads\/2025\/07\/post_2025-07-01_Conferencia_de_prensa_matutina_-_Palacio_Nacional_22_SLE.jpg\",\"datePublished\":\"2025-07-01T15:00:09+00:00\",\"dateModified\":\"2025-07-02T21:14:51+00:00\",\"breadcrumb\":{\"@id\":\"https:\/\/www.nexoinformativo.mx\/index.php\/2025\/07\/01\/claudia-sheinbaum-integra-imss-coplamar-al-regimen-ordinario-del-imss-y-beneficiara-a-mas-de-10-millones\/#breadcrumb\"},\"inLanguage\":\"es\",\"potentialAction\":[{\"@type\":\"ReadAction\",\"target\":[\"https:\/\/www.nexoinformativo.mx\/index.php\/2025\/07\/01\/claudia-sheinbaum-integra-imss-coplamar-al-regimen-ordinario-del-imss-y-beneficiara-a-mas-de-10-millones\/\"]}]},{\"@type\":\"ImageObject\",\"inLanguage\":\"es\",\"@id\":\"https:\/\/www.nexoinformativo.mx\/index.php\/2025\/07\/01\/claudia-sheinbaum-integra-imss-coplamar-al-regimen-ordinario-del-imss-y-beneficiara-a-mas-de-10-millones\/#primaryimage\",\"url\":\"https:\/\/www.nexoinformativo.mx\/wp-content\/uploads\/2025\/07\/post_2025-07-01_Conferencia_de_prensa_matutina_-_Palacio_Nacional_22_SLE.jpg\",\"contentUrl\":\"https:\/\/www.nexoinformativo.mx\/wp-content\/uploads\/2025\/07\/post_2025-07-01_Conferencia_de_prensa_matutina_-_Palacio_Nacional_22_SLE.jpg\",\"width\":650,\"height\":380,\"caption\":\"Cuauht\u00e9moc, Ciudad de M\u00e9xico. 1 de julio 2025. La presidenta constitucional de los Estados Unidos Mexicanos, la Doctora Claudia Sheinbaum Pardo en conferencia de prensa matutina en el sal\u00f3n de la Tesorer\u00eda de Palacio Nacional. La acompa\u00f1an: Jos\u00e9 Antonio Pe\u00f1a Merino, Director de la agencia de transformaci\u00f3n digital; Ariadna Montiel, secretaria de Bienestar; David Kershenobich, secretario de salud; Eduardo Clark, subsecretario de Integraci\u00f3n y desarrollo del sector salud; Zo\u00e9 Alejandro Robledo Aburto, director general del Instituto Mexicano del Seguro Social (IMSS); Mart\u00ed Batres Guadarrama, director general del Instituto de Seguridad y Servicios Sociales de los Trabajadores del Estado (ISSSTE); Alejandro Svarch P\u00e9rez, director general de IMSS-Bienestar. Foto: Sa\u00fal L\u00f3pez Escorcia\/Presidencia\"},{\"@type\":\"BreadcrumbList\",\"@id\":\"https:\/\/www.nexoinformativo.mx\/index.php\/2025\/07\/01\/claudia-sheinbaum-integra-imss-coplamar-al-regimen-ordinario-del-imss-y-beneficiara-a-mas-de-10-millones\/#breadcrumb\",\"itemListElement\":[{\"@type\":\"ListItem\",\"position\":1,\"name\":\"Inicio\",\"item\":\"https:\/\/www.nexoinformativo.mx\/\"},{\"@type\":\"ListItem\",\"position\":2,\"name\":\"Claudia Sheinbaum integra IMSS Coplamar al r\u00e9gimen ordinario del IMSS y beneficiar\u00e1 a m\u00e1s de 10 millones\"}]},{\"@type\":\"WebSite\",\"@id\":\"https:\/\/www.nexoinformativo.mx\/#website\",\"url\":\"https:\/\/www.nexoinformativo.mx\/\",\"name\":\"Nexo Informativo Santiago de Quer\u00e9taro\",\"description\":\"Explora NexoInformativo y convi\u00e9rtete en parte de una comunidad que valora el conocimiento y la verdad. Tu nexoinformativo es tu puente hacia una comprensi\u00f3n m\u00e1s profunda del mundo que te rodea.\",\"publisher\":{\"@id\":\"https:\/\/www.nexoinformativo.mx\/#organization\"},\"potentialAction\":[{\"@type\":\"SearchAction\",\"target\":{\"@type\":\"EntryPoint\",\"urlTemplate\":\"https:\/\/www.nexoinformativo.mx\/?s={search_term_string}\"},\"query-input\":{\"@type\":\"PropertyValueSpecification\",\"valueRequired\":true,\"valueName\":\"search_term_string\"}}],\"inLanguage\":\"es\"},{\"@type\":\"Organization\",\"@id\":\"https:\/\/www.nexoinformativo.mx\/#organization\",\"name\":\"Nexo Informativo Santiago de Quer\u00e9taro\",\"url\":\"https:\/\/www.nexoinformativo.mx\/\",\"logo\":{\"@type\":\"ImageObject\",\"inLanguage\":\"es\",\"@id\":\"https:\/\/www.nexoinformativo.mx\/#\/schema\/logo\/image\/\",\"url\":\"https:\/\/www.nexoinformativo.mx\/wp-content\/uploads\/2024\/07\/nexoi-trasparente-2.png\",\"contentUrl\":\"https:\/\/www.nexoinformativo.mx\/wp-content\/uploads\/2024\/07\/nexoi-trasparente-2.png\",\"width\":816,\"height\":339,\"caption\":\"Nexo Informativo Santiago de Quer\u00e9taro\"},\"image\":{\"@id\":\"https:\/\/www.nexoinformativo.mx\/#\/schema\/logo\/image\/\"},\"sameAs\":[\"https:\/\/www.facebook.com\/people\/Nexo-Informativo\/61564066885511\/\"]},{\"@type\":\"Person\",\"@id\":\"https:\/\/www.nexoinformativo.mx\/#\/schema\/person\/7749d380ba08c8ca00d7bc76fd907b7d\",\"name\":\"Nexo Informativo\",\"image\":{\"@type\":\"ImageObject\",\"inLanguage\":\"es\",\"@id\":\"https:\/\/www.nexoinformativo.mx\/#\/schema\/person\/image\/\",\"url\":\"https:\/\/secure.gravatar.com\/avatar\/dde2928154642a13d95f87ddf1ea9718fe2b46760a005c53e41ff5ad610704e6?s=96&d=mm&r=g\",\"contentUrl\":\"https:\/\/secure.gravatar.com\/avatar\/dde2928154642a13d95f87ddf1ea9718fe2b46760a005c53e41ff5ad610704e6?s=96&d=mm&r=g\",\"caption\":\"Nexo Informativo\"},\"url\":\"https:\/\/www.nexoinformativo.mx\/index.php\/author\/edicion\/\"}]}<\/script>\n<!-- \/ Yoast SEO plugin. -->","yoast_head_json":{"title":"Claudia Sheinbaum integra IMSS Coplamar al r\u00e9gimen ordinario del IMSS y beneficiar\u00e1 a m\u00e1s de 10 millones | Nexo Informativo Santiago de Quer\u00e9taro","robots":{"index":"index","follow":"follow","max-snippet":"max-snippet:-1","max-image-preview":"max-image-preview:large","max-video-preview":"max-video-preview:-1"},"canonical":"https:\/\/www.nexoinformativo.mx\/index.php\/2025\/07\/01\/claudia-sheinbaum-integra-imss-coplamar-al-regimen-ordinario-del-imss-y-beneficiara-a-mas-de-10-millones\/","og_locale":"es_MX","og_type":"article","og_title":"Claudia Sheinbaum integra IMSS Coplamar al r\u00e9gimen ordinario del IMSS y beneficiar\u00e1 a m\u00e1s de 10 millones | Nexo Informativo Santiago de Quer\u00e9taro","og_description":"La presidenta de M\u00e9xico, Claudia Sheinbaum Pardo, firm\u00f3 el decreto para que el programa IMSS COPLAMAR\u00a0se integre al r\u00e9gimen ordinario del Instituto Mexicano del Seguro Social (IMSS).","og_url":"https:\/\/www.nexoinformativo.mx\/index.php\/2025\/07\/01\/claudia-sheinbaum-integra-imss-coplamar-al-regimen-ordinario-del-imss-y-beneficiara-a-mas-de-10-millones\/","og_site_name":"Nexo Informativo Santiago de Quer\u00e9taro","article_publisher":"https:\/\/www.facebook.com\/people\/Nexo-Informativo\/61564066885511\/","article_published_time":"2025-07-01T15:00:09+00:00","article_modified_time":"2025-07-02T21:14:51+00:00","og_image":[{"width":650,"height":380,"url":"https:\/\/www.nexoinformativo.mx\/wp-content\/uploads\/2025\/07\/post_2025-07-01_Conferencia_de_prensa_matutina_-_Palacio_Nacional_22_SLE.jpg","type":"image\/jpeg"}],"author":"Nexo Informativo","twitter_card":"summary_large_image","twitter_misc":{"Escrito por":"Nexo Informativo","Tiempo de lectura":"2 minutos"},"schema":{"@context":"https:\/\/schema.org","@graph":[{"@type":"Article","@id":"https:\/\/www.nexoinformativo.mx\/index.php\/2025\/07\/01\/claudia-sheinbaum-integra-imss-coplamar-al-regimen-ordinario-del-imss-y-beneficiara-a-mas-de-10-millones\/#article","isPartOf":{"@id":"https:\/\/www.nexoinformativo.mx\/index.php\/2025\/07\/01\/claudia-sheinbaum-integra-imss-coplamar-al-regimen-ordinario-del-imss-y-beneficiara-a-mas-de-10-millones\/"},"author":{"name":"Nexo Informativo","@id":"https:\/\/www.nexoinformativo.mx\/#\/schema\/person\/7749d380ba08c8ca00d7bc76fd907b7d"},"headline":"Claudia Sheinbaum integra IMSS Coplamar al r\u00e9gimen ordinario del IMSS y beneficiar\u00e1 a m\u00e1s de 10 millones","datePublished":"2025-07-01T15:00:09+00:00","dateModified":"2025-07-02T21:14:51+00:00","mainEntityOfPage":{"@id":"https:\/\/www.nexoinformativo.mx\/index.php\/2025\/07\/01\/claudia-sheinbaum-integra-imss-coplamar-al-regimen-ordinario-del-imss-y-beneficiara-a-mas-de-10-millones\/"},"wordCount":213,"commentCount":0,"publisher":{"@id":"https:\/\/www.nexoinformativo.mx\/#organization"},"image":{"@id":"https:\/\/www.nexoinformativo.mx\/index.php\/2025\/07\/01\/claudia-sheinbaum-integra-imss-coplamar-al-regimen-ordinario-del-imss-y-beneficiara-a-mas-de-10-millones\/#primaryimage"},"thumbnailUrl":"https:\/\/www.nexoinformativo.mx\/wp-content\/uploads\/2025\/07\/post_2025-07-01_Conferencia_de_prensa_matutina_-_Palacio_Nacional_22_SLE.jpg","keywords":["#IMSSCoplamar #ClaudiaSheinbaum #IMSSBienestar #SaludParaTodos #M\u00e9xico","ClaudiaSheinbaum","IMSSBienestar","IMSSCoplamar","M\u00e9xico","SaludParaTodos"],"articleSection":["Nacional","\u00daltima Hora"],"inLanguage":"es","potentialAction":[{"@type":"CommentAction","name":"Comment","target":["https:\/\/www.nexoinformativo.mx\/index.php\/2025\/07\/01\/claudia-sheinbaum-integra-imss-coplamar-al-regimen-ordinario-del-imss-y-beneficiara-a-mas-de-10-millones\/#respond"]}]},{"@type":"WebPage","@id":"https:\/\/www.nexoinformativo.mx\/index.php\/2025\/07\/01\/claudia-sheinbaum-integra-imss-coplamar-al-regimen-ordinario-del-imss-y-beneficiara-a-mas-de-10-millones\/","url":"https:\/\/www.nexoinformativo.mx\/index.php\/2025\/07\/01\/claudia-sheinbaum-integra-imss-coplamar-al-regimen-ordinario-del-imss-y-beneficiara-a-mas-de-10-millones\/","name":"Claudia Sheinbaum integra IMSS Coplamar al r\u00e9gimen ordinario del IMSS y beneficiar\u00e1 a m\u00e1s de 10 millones | Nexo Informativo Santiago de Quer\u00e9taro","isPartOf":{"@id":"https:\/\/www.nexoinformativo.mx\/#website"},"primaryImageOfPage":{"@id":"https:\/\/www.nexoinformativo.mx\/index.php\/2025\/07\/01\/claudia-sheinbaum-integra-imss-coplamar-al-regimen-ordinario-del-imss-y-beneficiara-a-mas-de-10-millones\/#primaryimage"},"image":{"@id":"https:\/\/www.nexoinformativo.mx\/index.php\/2025\/07\/01\/claudia-sheinbaum-integra-imss-coplamar-al-regimen-ordinario-del-imss-y-beneficiara-a-mas-de-10-millones\/#primaryimage"},"thumbnailUrl":"https:\/\/www.nexoinformativo.mx\/wp-content\/uploads\/2025\/07\/post_2025-07-01_Conferencia_de_prensa_matutina_-_Palacio_Nacional_22_SLE.jpg","datePublished":"2025-07-01T15:00:09+00:00","dateModified":"2025-07-02T21:14:51+00:00","breadcrumb":{"@id":"https:\/\/www.nexoinformativo.mx\/index.php\/2025\/07\/01\/claudia-sheinbaum-integra-imss-coplamar-al-regimen-ordinario-del-imss-y-beneficiara-a-mas-de-10-millones\/#breadcrumb"},"inLanguage":"es","potentialAction":[{"@type":"ReadAction","target":["https:\/\/www.nexoinformativo.mx\/index.php\/2025\/07\/01\/claudia-sheinbaum-integra-imss-coplamar-al-regimen-ordinario-del-imss-y-beneficiara-a-mas-de-10-millones\/"]}]},{"@type":"ImageObject","inLanguage":"es","@id":"https:\/\/www.nexoinformativo.mx\/index.php\/2025\/07\/01\/claudia-sheinbaum-integra-imss-coplamar-al-regimen-ordinario-del-imss-y-beneficiara-a-mas-de-10-millones\/#primaryimage","url":"https:\/\/www.nexoinformativo.mx\/wp-content\/uploads\/2025\/07\/post_2025-07-01_Conferencia_de_prensa_matutina_-_Palacio_Nacional_22_SLE.jpg","contentUrl":"https:\/\/www.nexoinformativo.mx\/wp-content\/uploads\/2025\/07\/post_2025-07-01_Conferencia_de_prensa_matutina_-_Palacio_Nacional_22_SLE.jpg","width":650,"height":380,"caption":"Cuauht\u00e9moc, Ciudad de M\u00e9xico. 1 de julio 2025. La presidenta constitucional de los Estados Unidos Mexicanos, la Doctora Claudia Sheinbaum Pardo en conferencia de prensa matutina en el sal\u00f3n de la Tesorer\u00eda de Palacio Nacional. La acompa\u00f1an: Jos\u00e9 Antonio Pe\u00f1a Merino, Director de la agencia de transformaci\u00f3n digital; Ariadna Montiel, secretaria de Bienestar; David Kershenobich, secretario de salud; Eduardo Clark, subsecretario de Integraci\u00f3n y desarrollo del sector salud; Zo\u00e9 Alejandro Robledo Aburto, director general del Instituto Mexicano del Seguro Social (IMSS); Mart\u00ed Batres Guadarrama, director general del Instituto de Seguridad y Servicios Sociales de los Trabajadores del Estado (ISSSTE); Alejandro Svarch P\u00e9rez, director general de IMSS-Bienestar. Foto: Sa\u00fal L\u00f3pez Escorcia\/Presidencia"},{"@type":"BreadcrumbList","@id":"https:\/\/www.nexoinformativo.mx\/index.php\/2025\/07\/01\/claudia-sheinbaum-integra-imss-coplamar-al-regimen-ordinario-del-imss-y-beneficiara-a-mas-de-10-millones\/#breadcrumb","itemListElement":[{"@type":"ListItem","position":1,"name":"Inicio","item":"https:\/\/www.nexoinformativo.mx\/"},{"@type":"ListItem","position":2,"name":"Claudia Sheinbaum integra IMSS Coplamar al r\u00e9gimen ordinario del IMSS y beneficiar\u00e1 a m\u00e1s de 10 millones"}]},{"@type":"WebSite","@id":"https:\/\/www.nexoinformativo.mx\/#website","url":"https:\/\/www.nexoinformativo.mx\/","name":"Nexo Informativo Santiago de Quer\u00e9taro","description":"Explora NexoInformativo y convi\u00e9rtete en parte de una comunidad que valora el conocimiento y la verdad. Tu nexoinformativo es tu puente hacia una comprensi\u00f3n m\u00e1s profunda del mundo que te rodea.","publisher":{"@id":"https:\/\/www.nexoinformativo.mx\/#organization"},"potentialAction":[{"@type":"SearchAction","target":{"@type":"EntryPoint","urlTemplate":"https:\/\/www.nexoinformativo.mx\/?s={search_term_string}"},"query-input":{"@type":"PropertyValueSpecification","valueRequired":true,"valueName":"search_term_string"}}],"inLanguage":"es"},{"@type":"Organization","@id":"https:\/\/www.nexoinformativo.mx\/#organization","name":"Nexo Informativo Santiago de Quer\u00e9taro","url":"https:\/\/www.nexoinformativo.mx\/","logo":{"@type":"ImageObject","inLanguage":"es","@id":"https:\/\/www.nexoinformativo.mx\/#\/schema\/logo\/image\/","url":"https:\/\/www.nexoinformativo.mx\/wp-content\/uploads\/2024\/07\/nexoi-trasparente-2.png","contentUrl":"https:\/\/www.nexoinformativo.mx\/wp-content\/uploads\/2024\/07\/nexoi-trasparente-2.png","width":816,"height":339,"caption":"Nexo Informativo Santiago de Quer\u00e9taro"},"image":{"@id":"https:\/\/www.nexoinformativo.mx\/#\/schema\/logo\/image\/"},"sameAs":["https:\/\/www.facebook.com\/people\/Nexo-Informativo\/61564066885511\/"]},{"@type":"Person","@id":"https:\/\/www.nexoinformativo.mx\/#\/schema\/person\/7749d380ba08c8ca00d7bc76fd907b7d","name":"Nexo Informativo","image":{"@type":"ImageObject","inLanguage":"es","@id":"https:\/\/www.nexoinformativo.mx\/#\/schema\/person\/image\/","url":"https:\/\/secure.gravatar.com\/avatar\/dde2928154642a13d95f87ddf1ea9718fe2b46760a005c53e41ff5ad610704e6?s=96&d=mm&r=g","contentUrl":"https:\/\/secure.gravatar.com\/avatar\/dde2928154642a13d95f87ddf1ea9718fe2b46760a005c53e41ff5ad610704e6?s=96&d=mm&r=g","caption":"Nexo Informativo"},"url":"https:\/\/www.nexoinformativo.mx\/index.php\/author\/edicion\/"}]}},"_links":{"self":[{"href":"https:\/\/www.nexoinformativo.mx\/index.php\/wp-json\/wp\/v2\/posts\/16280","targetHints":{"allow":["GET"]}}],"collection":[{"href":"https:\/\/www.nexoinformativo.mx\/index.php\/wp-json\/wp\/v2\/posts"}],"about":[{"href":"https:\/\/www.nexoinformativo.mx\/index.php\/wp-json\/wp\/v2\/types\/post"}],"author":[{"embeddable":true,"href":"https:\/\/www.nexoinformativo.mx\/index.php\/wp-json\/wp\/v2\/users\/3"}],"replies":[{"embeddable":true,"href":"https:\/\/www.nexoinformativo.mx\/index.php\/wp-json\/wp\/v2\/comments?post=16280"}],"version-history":[{"count":6,"href":"https:\/\/www.nexoinformativo.mx\/index.php\/wp-json\/wp\/v2\/posts\/16280\/revisions"}],"predecessor-version":[{"id":16287,"href":"https:\/\/www.nexoinformativo.mx\/index.php\/wp-json\/wp\/v2\/posts\/16280\/revisions\/16287"}],"wp:featuredmedia":[{"embeddable":true,"href":"https:\/\/www.nexoinformativo.mx\/index.php\/wp-json\/wp\/v2\/media\/16281"}],"wp:attachment":[{"href":"https:\/\/www.nexoinformativo.mx\/index.php\/wp-json\/wp\/v2\/media?parent=16280"}],"wp:term":[{"taxonomy":"category","embeddable":true,"href":"https:\/\/www.nexoinformativo.mx\/index.php\/wp-json\/wp\/v2\/categories?post=16280"},{"taxonomy":"post_tag","embeddable":true,"href":"https:\/\/www.nexoinformativo.mx\/index.php\/wp-json\/wp\/v2\/tags?post=16280"}],"curies":[{"name":"wp","href":"https:\/\/api.w.org\/{rel}","templated":true}]}}