{"id":16300,"date":"2025-07-02T09:00:58","date_gmt":"2025-07-02T15:00:58","guid":{"rendered":"https:\/\/www.nexoinformativo.mx\/?p=16300"},"modified":"2025-07-02T15:31:25","modified_gmt":"2025-07-02T21:31:25","slug":"sheinbaum-anuncia-pago-de-pensiones-y-apoyos-del-bienestar-a-15-9-millones-de-personas-en-mexico","status":"publish","type":"post","link":"https:\/\/www.nexoinformativo.mx\/index.php\/2025\/07\/02\/sheinbaum-anuncia-pago-de-pensiones-y-apoyos-del-bienestar-a-15-9-millones-de-personas-en-mexico\/","title":{"rendered":"Sheinbaum anuncia pago de pensiones y apoyos del Bienestar a 15.9 millones de personas en M\u00e9xico"},"content":{"rendered":"<p style=\"text-align: justify;\">La Presidenta de M\u00e9xico, Claudia Sheinbaum Pardo, inform\u00f3 en su conferencia matutina \u201cLas ma\u00f1aneras del pueblo\u201d, que a partir de este 1 de julio y hasta el 24 del mismo mes, se entregar\u00e1n pagos de Pensiones y Programas para el Bienestar a 15.9 millones de derechohabientes, con una inversi\u00f3n social de 89 mil 584.6 millones de pesos.<\/p>\n<p>&nbsp;<\/p>\n<p style=\"text-align: justify;\">La secretaria de Bienestar, Ariadna Montiel Reyes, detall\u00f3 que la dispersi\u00f3n se realizar\u00e1 de acuerdo con la letra inicial del primer apellido de los beneficiarios para brindarles una atenci\u00f3n m\u00e1s organizada.<\/p>\n<p>&nbsp;<\/p>\n<p style=\"text-align: justify;\">Del total de apoyos, 12.7 millones de adultos mayores recibir\u00e1n su pensi\u00f3n, lo que representa casi 79 mil millones de pesos. Adem\u00e1s, un mill\u00f3n 2 mil 58 mujeres forman parte de la Pensi\u00f3n Mujeres Bienestar, con una inversi\u00f3n de 2 mil 575.9 millones de pesos. Montiel aclar\u00f3 que, aunque se han registrado un mill\u00f3n 300 mil mujeres en este programa, 200 mil de ellas ya cumplieron 65 a\u00f1os y ahora reciben la Pensi\u00f3n de Adultos Mayores.<\/p>\n<p>&nbsp;<\/p>\n<p style=\"text-align: justify;\">En el Sal\u00f3n de Tesorer\u00eda de Palacio Nacional, la funcionaria inform\u00f3 que:<\/p>\n<p>&nbsp;<\/p>\n<ul>\n<li style=\"text-align: justify;\">1 mill\u00f3n 606 mil 382 personas con discapacidad recibir\u00e1n su pensi\u00f3n, con una inversi\u00f3n de 5 mil 140.6 millones de pesos.<\/li>\n<li style=\"text-align: justify;\">151 mil 422 beneficiarias acceder\u00e1n al Programa de Apoyo para el Bienestar de Ni\u00f1as y Ni\u00f1os, Hijos de Madres Trabajadoras, con recursos por 267.7 millones de pesos.<\/li>\n<li style=\"text-align: justify;\">418 mil 515 sembradoras y sembradores obtendr\u00e1n su jornal mensual, con una inversi\u00f3n de 2 mil 699.4 millones de pesos.<\/li>\n<\/ul>\n<p>&nbsp;<\/p>\n<p style=\"text-align: justify;\">La secretaria recomend\u00f3 a los beneficiarios consultar la fecha exacta de su pago en la p\u00e1gina oficial de la Secretar\u00eda de Bienestar: gob.mx\/bienestar. Asimismo, anunci\u00f3 que el pago para las y los sembradores del programa Sembrando Vida se efectuar\u00e1 el 11 de julio de manera directa y sin intermediarios, a trav\u00e9s de la tarjeta del Banco del Bienestar. Para ubicar las sucursales del banco, est\u00e1 disponible el sitio: ubicatubancodelbienestar.bienestar.gob.mx.<\/p>\n<p>&nbsp;<\/p>\n<p style=\"text-align: justify;\">Finalmente, Montiel inform\u00f3 que m\u00e1s de 800 mil personas adultas mayores y personas con discapacidad han sido visitadas por facilitadores del programa Salud Casa por Casa, quienes ya cuentan con su historial cl\u00ednico. Destac\u00f3 que la meta del gobierno de Sheinbaum es convertir este programa en el m\u00e1s grande del mundo en materia de prevenci\u00f3n.<\/p>\n<p>&nbsp;<\/p>\n<p style=\"text-align: center;\">\u00a1Informaci\u00f3n que transforma!<\/p>\n","protected":false},"excerpt":{"rendered":"<p>La Presidenta de M\u00e9xico, Claudia Sheinbaum Pardo, inform\u00f3 en su conferencia matutina \u201cLas ma\u00f1aneras del pueblo\u201d, que a partir de este 1 de julio y hasta el 24 del mismo mes, se entregar\u00e1n pagos de Pensiones y Programas para el Bienestar a 15.9 millones de derechohabientes, con una inversi\u00f3n social de 89 mil 584.6 millones de pesos.<\/p>\n","protected":false},"author":3,"featured_media":16304,"comment_status":"open","ping_status":"open","sticky":false,"template":"","format":"standard","meta":{"footnotes":""},"categories":[5,88,58],"tags":[3502,967,4887,1468,4888],"class_list":["post-16300","post","type-post","status-publish","format-standard","has-post-thumbnail","hentry","category-economia","category-nacional","category-ultima-hora","tag-bienestarmexico","tag-claudiasheinbaum","tag-pensiones2025","tag-saludcasaporcasa","tag-sembrandovida"],"yoast_head":"<!-- This site is optimized with the Yoast SEO plugin v25.0 - https:\/\/yoast.com\/wordpress\/plugins\/seo\/ -->\n<title>Sheinbaum anuncia pago de pensiones y apoyos del Bienestar a 15.9 millones de personas en M\u00e9xico | Nexo Informativo Santiago de Quer\u00e9taro<\/title>\n<meta name=\"robots\" content=\"index, follow, max-snippet:-1, max-image-preview:large, max-video-preview:-1\" \/>\n<link rel=\"canonical\" href=\"https:\/\/www.nexoinformativo.mx\/index.php\/2025\/07\/02\/sheinbaum-anuncia-pago-de-pensiones-y-apoyos-del-bienestar-a-15-9-millones-de-personas-en-mexico\/\" \/>\n<meta property=\"og:locale\" content=\"es_MX\" \/>\n<meta property=\"og:type\" content=\"article\" \/>\n<meta property=\"og:title\" content=\"Sheinbaum anuncia pago de pensiones y apoyos del Bienestar a 15.9 millones de personas en M\u00e9xico | Nexo Informativo Santiago de Quer\u00e9taro\" \/>\n<meta property=\"og:description\" content=\"La Presidenta de M\u00e9xico, Claudia Sheinbaum Pardo, inform\u00f3 en su conferencia matutina \u201cLas ma\u00f1aneras del pueblo\u201d, que a partir de este 1 de julio y hasta el 24 del mismo mes, se entregar\u00e1n pagos de Pensiones y Programas para el Bienestar a 15.9 millones de derechohabientes, con una inversi\u00f3n social de 89 mil 584.6 millones de pesos.\" \/>\n<meta property=\"og:url\" content=\"https:\/\/www.nexoinformativo.mx\/index.php\/2025\/07\/02\/sheinbaum-anuncia-pago-de-pensiones-y-apoyos-del-bienestar-a-15-9-millones-de-personas-en-mexico\/\" \/>\n<meta property=\"og:site_name\" content=\"Nexo Informativo Santiago de Quer\u00e9taro\" \/>\n<meta property=\"article:publisher\" content=\"https:\/\/www.facebook.com\/people\/Nexo-Informativo\/61564066885511\/\" \/>\n<meta property=\"article:published_time\" content=\"2025-07-02T15:00:58+00:00\" \/>\n<meta property=\"article:modified_time\" content=\"2025-07-02T21:31:25+00:00\" \/>\n<meta property=\"og:image\" content=\"https:\/\/www.nexoinformativo.mx\/wp-content\/uploads\/2025\/07\/post_WhatsApp_Image_2025-07-01_at_12.01.49__2_.jpeg\" \/>\n\t<meta property=\"og:image:width\" content=\"650\" \/>\n\t<meta property=\"og:image:height\" content=\"380\" \/>\n\t<meta property=\"og:image:type\" content=\"image\/jpeg\" \/>\n<meta name=\"author\" content=\"Nexo Informativo\" \/>\n<meta name=\"twitter:card\" content=\"summary_large_image\" \/>\n<meta name=\"twitter:label1\" content=\"Escrito por\" \/>\n\t<meta name=\"twitter:data1\" content=\"Nexo Informativo\" \/>\n\t<meta name=\"twitter:label2\" content=\"Tiempo de lectura\" \/>\n\t<meta name=\"twitter:data2\" content=\"2 minutos\" \/>\n<script type=\"application\/ld+json\" class=\"yoast-schema-graph\">{\"@context\":\"https:\/\/schema.org\",\"@graph\":[{\"@type\":\"Article\",\"@id\":\"https:\/\/www.nexoinformativo.mx\/index.php\/2025\/07\/02\/sheinbaum-anuncia-pago-de-pensiones-y-apoyos-del-bienestar-a-15-9-millones-de-personas-en-mexico\/#article\",\"isPartOf\":{\"@id\":\"https:\/\/www.nexoinformativo.mx\/index.php\/2025\/07\/02\/sheinbaum-anuncia-pago-de-pensiones-y-apoyos-del-bienestar-a-15-9-millones-de-personas-en-mexico\/\"},\"author\":{\"name\":\"Nexo Informativo\",\"@id\":\"https:\/\/www.nexoinformativo.mx\/#\/schema\/person\/7749d380ba08c8ca00d7bc76fd907b7d\"},\"headline\":\"Sheinbaum anuncia pago de pensiones y apoyos del Bienestar a 15.9 millones de personas en M\u00e9xico\",\"datePublished\":\"2025-07-02T15:00:58+00:00\",\"dateModified\":\"2025-07-02T21:31:25+00:00\",\"mainEntityOfPage\":{\"@id\":\"https:\/\/www.nexoinformativo.mx\/index.php\/2025\/07\/02\/sheinbaum-anuncia-pago-de-pensiones-y-apoyos-del-bienestar-a-15-9-millones-de-personas-en-mexico\/\"},\"wordCount\":406,\"commentCount\":0,\"publisher\":{\"@id\":\"https:\/\/www.nexoinformativo.mx\/#organization\"},\"image\":{\"@id\":\"https:\/\/www.nexoinformativo.mx\/index.php\/2025\/07\/02\/sheinbaum-anuncia-pago-de-pensiones-y-apoyos-del-bienestar-a-15-9-millones-de-personas-en-mexico\/#primaryimage\"},\"thumbnailUrl\":\"https:\/\/www.nexoinformativo.mx\/wp-content\/uploads\/2025\/07\/post_WhatsApp_Image_2025-07-01_at_12.01.49__2_.jpeg\",\"keywords\":[\"BienestarM\u00e9xico\",\"ClaudiaSheinbaum\",\"Pensiones2025\",\"SaludCasaPorCasa\",\"SembrandoVida\"],\"articleSection\":[\"Econom\u00eda\",\"Nacional\",\"\u00daltima Hora\"],\"inLanguage\":\"es\",\"potentialAction\":[{\"@type\":\"CommentAction\",\"name\":\"Comment\",\"target\":[\"https:\/\/www.nexoinformativo.mx\/index.php\/2025\/07\/02\/sheinbaum-anuncia-pago-de-pensiones-y-apoyos-del-bienestar-a-15-9-millones-de-personas-en-mexico\/#respond\"]}]},{\"@type\":\"WebPage\",\"@id\":\"https:\/\/www.nexoinformativo.mx\/index.php\/2025\/07\/02\/sheinbaum-anuncia-pago-de-pensiones-y-apoyos-del-bienestar-a-15-9-millones-de-personas-en-mexico\/\",\"url\":\"https:\/\/www.nexoinformativo.mx\/index.php\/2025\/07\/02\/sheinbaum-anuncia-pago-de-pensiones-y-apoyos-del-bienestar-a-15-9-millones-de-personas-en-mexico\/\",\"name\":\"Sheinbaum anuncia pago de pensiones y apoyos del Bienestar a 15.9 millones de personas en M\u00e9xico | Nexo Informativo Santiago de Quer\u00e9taro\",\"isPartOf\":{\"@id\":\"https:\/\/www.nexoinformativo.mx\/#website\"},\"primaryImageOfPage\":{\"@id\":\"https:\/\/www.nexoinformativo.mx\/index.php\/2025\/07\/02\/sheinbaum-anuncia-pago-de-pensiones-y-apoyos-del-bienestar-a-15-9-millones-de-personas-en-mexico\/#primaryimage\"},\"image\":{\"@id\":\"https:\/\/www.nexoinformativo.mx\/index.php\/2025\/07\/02\/sheinbaum-anuncia-pago-de-pensiones-y-apoyos-del-bienestar-a-15-9-millones-de-personas-en-mexico\/#primaryimage\"},\"thumbnailUrl\":\"https:\/\/www.nexoinformativo.mx\/wp-content\/uploads\/2025\/07\/post_WhatsApp_Image_2025-07-01_at_12.01.49__2_.jpeg\",\"datePublished\":\"2025-07-02T15:00:58+00:00\",\"dateModified\":\"2025-07-02T21:31:25+00:00\",\"breadcrumb\":{\"@id\":\"https:\/\/www.nexoinformativo.mx\/index.php\/2025\/07\/02\/sheinbaum-anuncia-pago-de-pensiones-y-apoyos-del-bienestar-a-15-9-millones-de-personas-en-mexico\/#breadcrumb\"},\"inLanguage\":\"es\",\"potentialAction\":[{\"@type\":\"ReadAction\",\"target\":[\"https:\/\/www.nexoinformativo.mx\/index.php\/2025\/07\/02\/sheinbaum-anuncia-pago-de-pensiones-y-apoyos-del-bienestar-a-15-9-millones-de-personas-en-mexico\/\"]}]},{\"@type\":\"ImageObject\",\"inLanguage\":\"es\",\"@id\":\"https:\/\/www.nexoinformativo.mx\/index.php\/2025\/07\/02\/sheinbaum-anuncia-pago-de-pensiones-y-apoyos-del-bienestar-a-15-9-millones-de-personas-en-mexico\/#primaryimage\",\"url\":\"https:\/\/www.nexoinformativo.mx\/wp-content\/uploads\/2025\/07\/post_WhatsApp_Image_2025-07-01_at_12.01.49__2_.jpeg\",\"contentUrl\":\"https:\/\/www.nexoinformativo.mx\/wp-content\/uploads\/2025\/07\/post_WhatsApp_Image_2025-07-01_at_12.01.49__2_.jpeg\",\"width\":650,\"height\":380},{\"@type\":\"BreadcrumbList\",\"@id\":\"https:\/\/www.nexoinformativo.mx\/index.php\/2025\/07\/02\/sheinbaum-anuncia-pago-de-pensiones-y-apoyos-del-bienestar-a-15-9-millones-de-personas-en-mexico\/#breadcrumb\",\"itemListElement\":[{\"@type\":\"ListItem\",\"position\":1,\"name\":\"Inicio\",\"item\":\"https:\/\/www.nexoinformativo.mx\/\"},{\"@type\":\"ListItem\",\"position\":2,\"name\":\"Sheinbaum anuncia pago de pensiones y apoyos del Bienestar a 15.9 millones de personas en M\u00e9xico\"}]},{\"@type\":\"WebSite\",\"@id\":\"https:\/\/www.nexoinformativo.mx\/#website\",\"url\":\"https:\/\/www.nexoinformativo.mx\/\",\"name\":\"Nexo Informativo Santiago de Quer\u00e9taro\",\"description\":\"Explora NexoInformativo y convi\u00e9rtete en parte de una comunidad que valora el conocimiento y la verdad. Tu nexoinformativo es tu puente hacia una comprensi\u00f3n m\u00e1s profunda del mundo que te rodea.\",\"publisher\":{\"@id\":\"https:\/\/www.nexoinformativo.mx\/#organization\"},\"potentialAction\":[{\"@type\":\"SearchAction\",\"target\":{\"@type\":\"EntryPoint\",\"urlTemplate\":\"https:\/\/www.nexoinformativo.mx\/?s={search_term_string}\"},\"query-input\":{\"@type\":\"PropertyValueSpecification\",\"valueRequired\":true,\"valueName\":\"search_term_string\"}}],\"inLanguage\":\"es\"},{\"@type\":\"Organization\",\"@id\":\"https:\/\/www.nexoinformativo.mx\/#organization\",\"name\":\"Nexo Informativo Santiago de Quer\u00e9taro\",\"url\":\"https:\/\/www.nexoinformativo.mx\/\",\"logo\":{\"@type\":\"ImageObject\",\"inLanguage\":\"es\",\"@id\":\"https:\/\/www.nexoinformativo.mx\/#\/schema\/logo\/image\/\",\"url\":\"https:\/\/www.nexoinformativo.mx\/wp-content\/uploads\/2024\/07\/nexoi-trasparente-2.png\",\"contentUrl\":\"https:\/\/www.nexoinformativo.mx\/wp-content\/uploads\/2024\/07\/nexoi-trasparente-2.png\",\"width\":816,\"height\":339,\"caption\":\"Nexo Informativo Santiago de Quer\u00e9taro\"},\"image\":{\"@id\":\"https:\/\/www.nexoinformativo.mx\/#\/schema\/logo\/image\/\"},\"sameAs\":[\"https:\/\/www.facebook.com\/people\/Nexo-Informativo\/61564066885511\/\"]},{\"@type\":\"Person\",\"@id\":\"https:\/\/www.nexoinformativo.mx\/#\/schema\/person\/7749d380ba08c8ca00d7bc76fd907b7d\",\"name\":\"Nexo Informativo\",\"image\":{\"@type\":\"ImageObject\",\"inLanguage\":\"es\",\"@id\":\"https:\/\/www.nexoinformativo.mx\/#\/schema\/person\/image\/\",\"url\":\"https:\/\/secure.gravatar.com\/avatar\/dde2928154642a13d95f87ddf1ea9718fe2b46760a005c53e41ff5ad610704e6?s=96&d=mm&r=g\",\"contentUrl\":\"https:\/\/secure.gravatar.com\/avatar\/dde2928154642a13d95f87ddf1ea9718fe2b46760a005c53e41ff5ad610704e6?s=96&d=mm&r=g\",\"caption\":\"Nexo Informativo\"},\"url\":\"https:\/\/www.nexoinformativo.mx\/index.php\/author\/edicion\/\"}]}<\/script>\n<!-- \/ Yoast SEO plugin. -->","yoast_head_json":{"title":"Sheinbaum anuncia pago de pensiones y apoyos del Bienestar a 15.9 millones de personas en M\u00e9xico | Nexo Informativo Santiago de Quer\u00e9taro","robots":{"index":"index","follow":"follow","max-snippet":"max-snippet:-1","max-image-preview":"max-image-preview:large","max-video-preview":"max-video-preview:-1"},"canonical":"https:\/\/www.nexoinformativo.mx\/index.php\/2025\/07\/02\/sheinbaum-anuncia-pago-de-pensiones-y-apoyos-del-bienestar-a-15-9-millones-de-personas-en-mexico\/","og_locale":"es_MX","og_type":"article","og_title":"Sheinbaum anuncia pago de pensiones y apoyos del Bienestar a 15.9 millones de personas en M\u00e9xico | Nexo Informativo Santiago de Quer\u00e9taro","og_description":"La Presidenta de M\u00e9xico, Claudia Sheinbaum Pardo, inform\u00f3 en su conferencia matutina \u201cLas ma\u00f1aneras del pueblo\u201d, que a partir de este 1 de julio y hasta el 24 del mismo mes, se entregar\u00e1n pagos de Pensiones y Programas para el Bienestar a 15.9 millones de derechohabientes, con una inversi\u00f3n social de 89 mil 584.6 millones de pesos.","og_url":"https:\/\/www.nexoinformativo.mx\/index.php\/2025\/07\/02\/sheinbaum-anuncia-pago-de-pensiones-y-apoyos-del-bienestar-a-15-9-millones-de-personas-en-mexico\/","og_site_name":"Nexo Informativo Santiago de Quer\u00e9taro","article_publisher":"https:\/\/www.facebook.com\/people\/Nexo-Informativo\/61564066885511\/","article_published_time":"2025-07-02T15:00:58+00:00","article_modified_time":"2025-07-02T21:31:25+00:00","og_image":[{"width":650,"height":380,"url":"https:\/\/www.nexoinformativo.mx\/wp-content\/uploads\/2025\/07\/post_WhatsApp_Image_2025-07-01_at_12.01.49__2_.jpeg","type":"image\/jpeg"}],"author":"Nexo Informativo","twitter_card":"summary_large_image","twitter_misc":{"Escrito por":"Nexo Informativo","Tiempo de lectura":"2 minutos"},"schema":{"@context":"https:\/\/schema.org","@graph":[{"@type":"Article","@id":"https:\/\/www.nexoinformativo.mx\/index.php\/2025\/07\/02\/sheinbaum-anuncia-pago-de-pensiones-y-apoyos-del-bienestar-a-15-9-millones-de-personas-en-mexico\/#article","isPartOf":{"@id":"https:\/\/www.nexoinformativo.mx\/index.php\/2025\/07\/02\/sheinbaum-anuncia-pago-de-pensiones-y-apoyos-del-bienestar-a-15-9-millones-de-personas-en-mexico\/"},"author":{"name":"Nexo Informativo","@id":"https:\/\/www.nexoinformativo.mx\/#\/schema\/person\/7749d380ba08c8ca00d7bc76fd907b7d"},"headline":"Sheinbaum anuncia pago de pensiones y apoyos del Bienestar a 15.9 millones de personas en M\u00e9xico","datePublished":"2025-07-02T15:00:58+00:00","dateModified":"2025-07-02T21:31:25+00:00","mainEntityOfPage":{"@id":"https:\/\/www.nexoinformativo.mx\/index.php\/2025\/07\/02\/sheinbaum-anuncia-pago-de-pensiones-y-apoyos-del-bienestar-a-15-9-millones-de-personas-en-mexico\/"},"wordCount":406,"commentCount":0,"publisher":{"@id":"https:\/\/www.nexoinformativo.mx\/#organization"},"image":{"@id":"https:\/\/www.nexoinformativo.mx\/index.php\/2025\/07\/02\/sheinbaum-anuncia-pago-de-pensiones-y-apoyos-del-bienestar-a-15-9-millones-de-personas-en-mexico\/#primaryimage"},"thumbnailUrl":"https:\/\/www.nexoinformativo.mx\/wp-content\/uploads\/2025\/07\/post_WhatsApp_Image_2025-07-01_at_12.01.49__2_.jpeg","keywords":["BienestarM\u00e9xico","ClaudiaSheinbaum","Pensiones2025","SaludCasaPorCasa","SembrandoVida"],"articleSection":["Econom\u00eda","Nacional","\u00daltima Hora"],"inLanguage":"es","potentialAction":[{"@type":"CommentAction","name":"Comment","target":["https:\/\/www.nexoinformativo.mx\/index.php\/2025\/07\/02\/sheinbaum-anuncia-pago-de-pensiones-y-apoyos-del-bienestar-a-15-9-millones-de-personas-en-mexico\/#respond"]}]},{"@type":"WebPage","@id":"https:\/\/www.nexoinformativo.mx\/index.php\/2025\/07\/02\/sheinbaum-anuncia-pago-de-pensiones-y-apoyos-del-bienestar-a-15-9-millones-de-personas-en-mexico\/","url":"https:\/\/www.nexoinformativo.mx\/index.php\/2025\/07\/02\/sheinbaum-anuncia-pago-de-pensiones-y-apoyos-del-bienestar-a-15-9-millones-de-personas-en-mexico\/","name":"Sheinbaum anuncia pago de pensiones y apoyos del Bienestar a 15.9 millones de personas en M\u00e9xico | Nexo Informativo Santiago de Quer\u00e9taro","isPartOf":{"@id":"https:\/\/www.nexoinformativo.mx\/#website"},"primaryImageOfPage":{"@id":"https:\/\/www.nexoinformativo.mx\/index.php\/2025\/07\/02\/sheinbaum-anuncia-pago-de-pensiones-y-apoyos-del-bienestar-a-15-9-millones-de-personas-en-mexico\/#primaryimage"},"image":{"@id":"https:\/\/www.nexoinformativo.mx\/index.php\/2025\/07\/02\/sheinbaum-anuncia-pago-de-pensiones-y-apoyos-del-bienestar-a-15-9-millones-de-personas-en-mexico\/#primaryimage"},"thumbnailUrl":"https:\/\/www.nexoinformativo.mx\/wp-content\/uploads\/2025\/07\/post_WhatsApp_Image_2025-07-01_at_12.01.49__2_.jpeg","datePublished":"2025-07-02T15:00:58+00:00","dateModified":"2025-07-02T21:31:25+00:00","breadcrumb":{"@id":"https:\/\/www.nexoinformativo.mx\/index.php\/2025\/07\/02\/sheinbaum-anuncia-pago-de-pensiones-y-apoyos-del-bienestar-a-15-9-millones-de-personas-en-mexico\/#breadcrumb"},"inLanguage":"es","potentialAction":[{"@type":"ReadAction","target":["https:\/\/www.nexoinformativo.mx\/index.php\/2025\/07\/02\/sheinbaum-anuncia-pago-de-pensiones-y-apoyos-del-bienestar-a-15-9-millones-de-personas-en-mexico\/"]}]},{"@type":"ImageObject","inLanguage":"es","@id":"https:\/\/www.nexoinformativo.mx\/index.php\/2025\/07\/02\/sheinbaum-anuncia-pago-de-pensiones-y-apoyos-del-bienestar-a-15-9-millones-de-personas-en-mexico\/#primaryimage","url":"https:\/\/www.nexoinformativo.mx\/wp-content\/uploads\/2025\/07\/post_WhatsApp_Image_2025-07-01_at_12.01.49__2_.jpeg","contentUrl":"https:\/\/www.nexoinformativo.mx\/wp-content\/uploads\/2025\/07\/post_WhatsApp_Image_2025-07-01_at_12.01.49__2_.jpeg","width":650,"height":380},{"@type":"BreadcrumbList","@id":"https:\/\/www.nexoinformativo.mx\/index.php\/2025\/07\/02\/sheinbaum-anuncia-pago-de-pensiones-y-apoyos-del-bienestar-a-15-9-millones-de-personas-en-mexico\/#breadcrumb","itemListElement":[{"@type":"ListItem","position":1,"name":"Inicio","item":"https:\/\/www.nexoinformativo.mx\/"},{"@type":"ListItem","position":2,"name":"Sheinbaum anuncia pago de pensiones y apoyos del Bienestar a 15.9 millones de personas en M\u00e9xico"}]},{"@type":"WebSite","@id":"https:\/\/www.nexoinformativo.mx\/#website","url":"https:\/\/www.nexoinformativo.mx\/","name":"Nexo Informativo Santiago de Quer\u00e9taro","description":"Explora NexoInformativo y convi\u00e9rtete en parte de una comunidad que valora el conocimiento y la verdad. Tu nexoinformativo es tu puente hacia una comprensi\u00f3n m\u00e1s profunda del mundo que te rodea.","publisher":{"@id":"https:\/\/www.nexoinformativo.mx\/#organization"},"potentialAction":[{"@type":"SearchAction","target":{"@type":"EntryPoint","urlTemplate":"https:\/\/www.nexoinformativo.mx\/?s={search_term_string}"},"query-input":{"@type":"PropertyValueSpecification","valueRequired":true,"valueName":"search_term_string"}}],"inLanguage":"es"},{"@type":"Organization","@id":"https:\/\/www.nexoinformativo.mx\/#organization","name":"Nexo Informativo Santiago de Quer\u00e9taro","url":"https:\/\/www.nexoinformativo.mx\/","logo":{"@type":"ImageObject","inLanguage":"es","@id":"https:\/\/www.nexoinformativo.mx\/#\/schema\/logo\/image\/","url":"https:\/\/www.nexoinformativo.mx\/wp-content\/uploads\/2024\/07\/nexoi-trasparente-2.png","contentUrl":"https:\/\/www.nexoinformativo.mx\/wp-content\/uploads\/2024\/07\/nexoi-trasparente-2.png","width":816,"height":339,"caption":"Nexo Informativo Santiago de Quer\u00e9taro"},"image":{"@id":"https:\/\/www.nexoinformativo.mx\/#\/schema\/logo\/image\/"},"sameAs":["https:\/\/www.facebook.com\/people\/Nexo-Informativo\/61564066885511\/"]},{"@type":"Person","@id":"https:\/\/www.nexoinformativo.mx\/#\/schema\/person\/7749d380ba08c8ca00d7bc76fd907b7d","name":"Nexo Informativo","image":{"@type":"ImageObject","inLanguage":"es","@id":"https:\/\/www.nexoinformativo.mx\/#\/schema\/person\/image\/","url":"https:\/\/secure.gravatar.com\/avatar\/dde2928154642a13d95f87ddf1ea9718fe2b46760a005c53e41ff5ad610704e6?s=96&d=mm&r=g","contentUrl":"https:\/\/secure.gravatar.com\/avatar\/dde2928154642a13d95f87ddf1ea9718fe2b46760a005c53e41ff5ad610704e6?s=96&d=mm&r=g","caption":"Nexo Informativo"},"url":"https:\/\/www.nexoinformativo.mx\/index.php\/author\/edicion\/"}]}},"_links":{"self":[{"href":"https:\/\/www.nexoinformativo.mx\/index.php\/wp-json\/wp\/v2\/posts\/16300","targetHints":{"allow":["GET"]}}],"collection":[{"href":"https:\/\/www.nexoinformativo.mx\/index.php\/wp-json\/wp\/v2\/posts"}],"about":[{"href":"https:\/\/www.nexoinformativo.mx\/index.php\/wp-json\/wp\/v2\/types\/post"}],"author":[{"embeddable":true,"href":"https:\/\/www.nexoinformativo.mx\/index.php\/wp-json\/wp\/v2\/users\/3"}],"replies":[{"embeddable":true,"href":"https:\/\/www.nexoinformativo.mx\/index.php\/wp-json\/wp\/v2\/comments?post=16300"}],"version-history":[{"count":4,"href":"https:\/\/www.nexoinformativo.mx\/index.php\/wp-json\/wp\/v2\/posts\/16300\/revisions"}],"predecessor-version":[{"id":16305,"href":"https:\/\/www.nexoinformativo.mx\/index.php\/wp-json\/wp\/v2\/posts\/16300\/revisions\/16305"}],"wp:featuredmedia":[{"embeddable":true,"href":"https:\/\/www.nexoinformativo.mx\/index.php\/wp-json\/wp\/v2\/media\/16304"}],"wp:attachment":[{"href":"https:\/\/www.nexoinformativo.mx\/index.php\/wp-json\/wp\/v2\/media?parent=16300"}],"wp:term":[{"taxonomy":"category","embeddable":true,"href":"https:\/\/www.nexoinformativo.mx\/index.php\/wp-json\/wp\/v2\/categories?post=16300"},{"taxonomy":"post_tag","embeddable":true,"href":"https:\/\/www.nexoinformativo.mx\/index.php\/wp-json\/wp\/v2\/tags?post=16300"}],"curies":[{"name":"wp","href":"https:\/\/api.w.org\/{rel}","templated":true}]}}