{"id":16315,"date":"2025-07-03T12:00:48","date_gmt":"2025-07-03T18:00:48","guid":{"rendered":"https:\/\/www.nexoinformativo.mx\/?p=16315"},"modified":"2025-07-03T22:39:36","modified_gmt":"2025-07-04T04:39:36","slug":"sistema-batan-clave-para-el-agua-en-queretaro-gobernador-kuri-asegura-viabilidad-tecnica-y-apoyo-federal","status":"publish","type":"post","link":"https:\/\/www.nexoinformativo.mx\/index.php\/2025\/07\/03\/sistema-batan-clave-para-el-agua-en-queretaro-gobernador-kuri-asegura-viabilidad-tecnica-y-apoyo-federal\/","title":{"rendered":"Sistema Bat\u00e1n clave para el agua en Quer\u00e9taro Gobernador Kuri asegura viabilidad t\u00e9cnica y apoyo federal"},"content":{"rendered":"<p style=\"text-align: justify;\">El gobernador Mauricio Kuri\u00a0ha reafirmado que el proyecto del Sistema Bat\u00e1n es una propuesta s\u00f3lida, viable y cuenta con el aval t\u00e9cnico de la Comisi\u00f3n Nacional del Agua (Conagua). La Conagua, adem\u00e1s, supervisar\u00e1 que se cumplan todas las normativas federales en materia h\u00eddrica, garantizando su correcta implementaci\u00f3n.<\/p>\n<\/p>\n<p>&nbsp;<\/p>\n<p style=\"text-align: justify;\">Kuri Gonz\u00e1lez subray\u00f3 que este proyecto ha sido desarrollado durante los \u00faltimos cuatro a\u00f1os con el apoyo t\u00e9cnico de la federaci\u00f3n. \u201cConagua ha estado al tanto, conoce el proyecto, y lo considera factible\u201d, enfatiz\u00f3, asegurando que el tema incluso se ha tratado directamente con la Presidenta de M\u00e9xico.<\/p>\n<\/p>\n<p>&nbsp;<\/p>\n<p style=\"text-align: justify;\">El gobernador destac\u00f3 la importancia de la visi\u00f3n a futuro en la gesti\u00f3n h\u00eddrica: \u201cM\u00e9xico debe ir hacia el reciclaje del agua, y es un tema que trasciende partidos. Incluso hay estados gobernados por Morena que est\u00e1n visualizando este mismo camino\u201d, coment\u00f3.<\/p>\n<\/p>\n<p>&nbsp;<\/p>\n<p style=\"text-align: justify;\">\u201cLa Legislatura tiene la responsabilidad de decidir si se aprueba o no. Pero que lo hagan pensando en el Quer\u00e9taro que necesitamos, no desde lo pol\u00edtico\u201d, sentenci\u00f3 Kuri. Record\u00f3 que, en su momento, el Acueducto II tambi\u00e9n recibi\u00f3 cr\u00edticas, pero hoy es una pieza esencial para el suministro de agua en el estado.<\/p>\n<\/p>\n<p>&nbsp;<\/p>\n<p style=\"text-align: justify;\">Mauricio Kuri reconoci\u00f3 la validez de los foros de consulta y discusi\u00f3n, pero lament\u00f3 que el tema del Sistema Bat\u00e1n haya sido objeto de desinformaci\u00f3n y politizaci\u00f3n en algunos sectores.<\/p>\n<\/p>\n<p>&nbsp;<\/p>\n<p style=\"text-align: justify;\">Para concluir, el gobernador reiter\u00f3 que el Sistema Bat\u00e1n es un proyecto con una clara visi\u00f3n de largo plazo, alineado con los desaf\u00edos globales en materia de agua, y que cuenta con el pleno respaldo de la Conagua y el conocimiento del Gobierno de M\u00e9xico.<\/p>\n<\/p>\n<p>&nbsp;<\/p>\n<p style=\"text-align: center;\"><em><strong>\u00a1Informaci\u00f3n que transforma!<\/strong><\/em><\/p>\n","protected":false},"excerpt":{"rendered":"<p>El gobernador Mauricio Kuri\u00a0ha reafirmado que el proyecto del Sistema Bat\u00e1n es una propuesta s\u00f3lida, viable y cuenta con el aval t\u00e9cnico de la Comisi\u00f3n Nacional del Agua (Conagua). La Conagua, adem\u00e1s, supervisar\u00e1 que se cumplan todas las normativas federales en materia h\u00eddrica, garantizando su correcta implementaci\u00f3n.<\/p>\n","protected":false},"author":3,"featured_media":16316,"comment_status":"open","ping_status":"open","sticky":false,"template":"","format":"standard","meta":{"footnotes":""},"categories":[42,58],"tags":[1504,2627,4892,4695],"class_list":["post-16315","post","type-post","status-publish","format-standard","has-post-thumbnail","hentry","category-estado","category-ultima-hora","tag-aguaparaqueretaro","tag-conagua","tag-queretarohidrico","tag-sistemabatan"],"yoast_head":"<!-- This site is optimized with the Yoast SEO plugin v25.0 - https:\/\/yoast.com\/wordpress\/plugins\/seo\/ -->\n<title>Sistema Bat\u00e1n clave para el agua en Quer\u00e9taro Gobernador Kuri asegura viabilidad t\u00e9cnica y apoyo federal | Nexo Informativo Santiago de Quer\u00e9taro<\/title>\n<meta name=\"description\" content=\"Sistema Bat\u00e1n clave para el agua en Quer\u00e9taro Gobernador Kuri asegura viabilidad t\u00e9cnica y apoyo federal\" \/>\n<meta name=\"robots\" content=\"index, follow, max-snippet:-1, max-image-preview:large, max-video-preview:-1\" \/>\n<link rel=\"canonical\" href=\"https:\/\/www.nexoinformativo.mx\/index.php\/2025\/07\/03\/sistema-batan-clave-para-el-agua-en-queretaro-gobernador-kuri-asegura-viabilidad-tecnica-y-apoyo-federal\/\" \/>\n<meta property=\"og:locale\" content=\"es_MX\" \/>\n<meta property=\"og:type\" content=\"article\" \/>\n<meta property=\"og:title\" content=\"Sistema Bat\u00e1n clave para el agua en Quer\u00e9taro Gobernador Kuri asegura viabilidad t\u00e9cnica y apoyo federal | Nexo Informativo Santiago de Quer\u00e9taro\" \/>\n<meta property=\"og:description\" content=\"Sistema Bat\u00e1n clave para el agua en Quer\u00e9taro Gobernador Kuri asegura viabilidad t\u00e9cnica y apoyo federal\" \/>\n<meta property=\"og:url\" content=\"https:\/\/www.nexoinformativo.mx\/index.php\/2025\/07\/03\/sistema-batan-clave-para-el-agua-en-queretaro-gobernador-kuri-asegura-viabilidad-tecnica-y-apoyo-federal\/\" \/>\n<meta property=\"og:site_name\" content=\"Nexo Informativo Santiago de Quer\u00e9taro\" \/>\n<meta property=\"article:publisher\" content=\"https:\/\/www.facebook.com\/people\/Nexo-Informativo\/61564066885511\/\" \/>\n<meta property=\"article:published_time\" content=\"2025-07-03T18:00:48+00:00\" \/>\n<meta property=\"article:modified_time\" content=\"2025-07-04T04:39:36+00:00\" \/>\n<meta property=\"og:image\" content=\"https:\/\/www.nexoinformativo.mx\/wp-content\/uploads\/2025\/07\/PHOTO-2025-07-03-19-09-28-e1751603918328.jpg\" \/>\n\t<meta property=\"og:image:width\" content=\"800\" \/>\n\t<meta property=\"og:image:height\" content=\"600\" \/>\n\t<meta property=\"og:image:type\" content=\"image\/jpeg\" \/>\n<meta name=\"author\" content=\"Nexo Informativo\" \/>\n<meta name=\"twitter:card\" content=\"summary_large_image\" \/>\n<meta name=\"twitter:label1\" content=\"Escrito por\" \/>\n\t<meta name=\"twitter:data1\" content=\"Nexo Informativo\" \/>\n\t<meta name=\"twitter:label2\" content=\"Tiempo de lectura\" \/>\n\t<meta name=\"twitter:data2\" content=\"2 minutos\" \/>\n<script type=\"application\/ld+json\" class=\"yoast-schema-graph\">{\"@context\":\"https:\/\/schema.org\",\"@graph\":[{\"@type\":\"Article\",\"@id\":\"https:\/\/www.nexoinformativo.mx\/index.php\/2025\/07\/03\/sistema-batan-clave-para-el-agua-en-queretaro-gobernador-kuri-asegura-viabilidad-tecnica-y-apoyo-federal\/#article\",\"isPartOf\":{\"@id\":\"https:\/\/www.nexoinformativo.mx\/index.php\/2025\/07\/03\/sistema-batan-clave-para-el-agua-en-queretaro-gobernador-kuri-asegura-viabilidad-tecnica-y-apoyo-federal\/\"},\"author\":{\"name\":\"Nexo Informativo\",\"@id\":\"https:\/\/www.nexoinformativo.mx\/#\/schema\/person\/7749d380ba08c8ca00d7bc76fd907b7d\"},\"headline\":\"Sistema Bat\u00e1n clave para el agua en Quer\u00e9taro Gobernador Kuri asegura viabilidad t\u00e9cnica y apoyo federal\",\"datePublished\":\"2025-07-03T18:00:48+00:00\",\"dateModified\":\"2025-07-04T04:39:36+00:00\",\"mainEntityOfPage\":{\"@id\":\"https:\/\/www.nexoinformativo.mx\/index.php\/2025\/07\/03\/sistema-batan-clave-para-el-agua-en-queretaro-gobernador-kuri-asegura-viabilidad-tecnica-y-apoyo-federal\/\"},\"wordCount\":324,\"commentCount\":0,\"publisher\":{\"@id\":\"https:\/\/www.nexoinformativo.mx\/#organization\"},\"image\":{\"@id\":\"https:\/\/www.nexoinformativo.mx\/index.php\/2025\/07\/03\/sistema-batan-clave-para-el-agua-en-queretaro-gobernador-kuri-asegura-viabilidad-tecnica-y-apoyo-federal\/#primaryimage\"},\"thumbnailUrl\":\"https:\/\/www.nexoinformativo.mx\/wp-content\/uploads\/2025\/07\/PHOTO-2025-07-03-19-09-28-e1751603918328.jpg\",\"keywords\":[\"AguaParaQuer\u00e9taro\",\"Conagua\",\"Quer\u00e9taroH\u00eddrico\",\"SistemaBat\u00e1n\"],\"articleSection\":[\"Estado\",\"\u00daltima Hora\"],\"inLanguage\":\"es\",\"potentialAction\":[{\"@type\":\"CommentAction\",\"name\":\"Comment\",\"target\":[\"https:\/\/www.nexoinformativo.mx\/index.php\/2025\/07\/03\/sistema-batan-clave-para-el-agua-en-queretaro-gobernador-kuri-asegura-viabilidad-tecnica-y-apoyo-federal\/#respond\"]}]},{\"@type\":\"WebPage\",\"@id\":\"https:\/\/www.nexoinformativo.mx\/index.php\/2025\/07\/03\/sistema-batan-clave-para-el-agua-en-queretaro-gobernador-kuri-asegura-viabilidad-tecnica-y-apoyo-federal\/\",\"url\":\"https:\/\/www.nexoinformativo.mx\/index.php\/2025\/07\/03\/sistema-batan-clave-para-el-agua-en-queretaro-gobernador-kuri-asegura-viabilidad-tecnica-y-apoyo-federal\/\",\"name\":\"Sistema Bat\u00e1n clave para el agua en Quer\u00e9taro Gobernador Kuri asegura viabilidad t\u00e9cnica y apoyo federal | Nexo Informativo Santiago de Quer\u00e9taro\",\"isPartOf\":{\"@id\":\"https:\/\/www.nexoinformativo.mx\/#website\"},\"primaryImageOfPage\":{\"@id\":\"https:\/\/www.nexoinformativo.mx\/index.php\/2025\/07\/03\/sistema-batan-clave-para-el-agua-en-queretaro-gobernador-kuri-asegura-viabilidad-tecnica-y-apoyo-federal\/#primaryimage\"},\"image\":{\"@id\":\"https:\/\/www.nexoinformativo.mx\/index.php\/2025\/07\/03\/sistema-batan-clave-para-el-agua-en-queretaro-gobernador-kuri-asegura-viabilidad-tecnica-y-apoyo-federal\/#primaryimage\"},\"thumbnailUrl\":\"https:\/\/www.nexoinformativo.mx\/wp-content\/uploads\/2025\/07\/PHOTO-2025-07-03-19-09-28-e1751603918328.jpg\",\"datePublished\":\"2025-07-03T18:00:48+00:00\",\"dateModified\":\"2025-07-04T04:39:36+00:00\",\"description\":\"Sistema Bat\u00e1n clave para el agua en Quer\u00e9taro Gobernador Kuri asegura viabilidad t\u00e9cnica y apoyo federal\",\"breadcrumb\":{\"@id\":\"https:\/\/www.nexoinformativo.mx\/index.php\/2025\/07\/03\/sistema-batan-clave-para-el-agua-en-queretaro-gobernador-kuri-asegura-viabilidad-tecnica-y-apoyo-federal\/#breadcrumb\"},\"inLanguage\":\"es\",\"potentialAction\":[{\"@type\":\"ReadAction\",\"target\":[\"https:\/\/www.nexoinformativo.mx\/index.php\/2025\/07\/03\/sistema-batan-clave-para-el-agua-en-queretaro-gobernador-kuri-asegura-viabilidad-tecnica-y-apoyo-federal\/\"]}]},{\"@type\":\"ImageObject\",\"inLanguage\":\"es\",\"@id\":\"https:\/\/www.nexoinformativo.mx\/index.php\/2025\/07\/03\/sistema-batan-clave-para-el-agua-en-queretaro-gobernador-kuri-asegura-viabilidad-tecnica-y-apoyo-federal\/#primaryimage\",\"url\":\"https:\/\/www.nexoinformativo.mx\/wp-content\/uploads\/2025\/07\/PHOTO-2025-07-03-19-09-28-e1751603918328.jpg\",\"contentUrl\":\"https:\/\/www.nexoinformativo.mx\/wp-content\/uploads\/2025\/07\/PHOTO-2025-07-03-19-09-28-e1751603918328.jpg\",\"width\":800,\"height\":600},{\"@type\":\"BreadcrumbList\",\"@id\":\"https:\/\/www.nexoinformativo.mx\/index.php\/2025\/07\/03\/sistema-batan-clave-para-el-agua-en-queretaro-gobernador-kuri-asegura-viabilidad-tecnica-y-apoyo-federal\/#breadcrumb\",\"itemListElement\":[{\"@type\":\"ListItem\",\"position\":1,\"name\":\"Inicio\",\"item\":\"https:\/\/www.nexoinformativo.mx\/\"},{\"@type\":\"ListItem\",\"position\":2,\"name\":\"Sistema Bat\u00e1n clave para el agua en Quer\u00e9taro Gobernador Kuri asegura viabilidad t\u00e9cnica y apoyo federal\"}]},{\"@type\":\"WebSite\",\"@id\":\"https:\/\/www.nexoinformativo.mx\/#website\",\"url\":\"https:\/\/www.nexoinformativo.mx\/\",\"name\":\"Nexo Informativo Santiago de Quer\u00e9taro\",\"description\":\"Explora NexoInformativo y convi\u00e9rtete en parte de una comunidad que valora el conocimiento y la verdad. Tu nexoinformativo es tu puente hacia una comprensi\u00f3n m\u00e1s profunda del mundo que te rodea.\",\"publisher\":{\"@id\":\"https:\/\/www.nexoinformativo.mx\/#organization\"},\"potentialAction\":[{\"@type\":\"SearchAction\",\"target\":{\"@type\":\"EntryPoint\",\"urlTemplate\":\"https:\/\/www.nexoinformativo.mx\/?s={search_term_string}\"},\"query-input\":{\"@type\":\"PropertyValueSpecification\",\"valueRequired\":true,\"valueName\":\"search_term_string\"}}],\"inLanguage\":\"es\"},{\"@type\":\"Organization\",\"@id\":\"https:\/\/www.nexoinformativo.mx\/#organization\",\"name\":\"Nexo Informativo Santiago de Quer\u00e9taro\",\"url\":\"https:\/\/www.nexoinformativo.mx\/\",\"logo\":{\"@type\":\"ImageObject\",\"inLanguage\":\"es\",\"@id\":\"https:\/\/www.nexoinformativo.mx\/#\/schema\/logo\/image\/\",\"url\":\"https:\/\/www.nexoinformativo.mx\/wp-content\/uploads\/2024\/07\/nexoi-trasparente-2.png\",\"contentUrl\":\"https:\/\/www.nexoinformativo.mx\/wp-content\/uploads\/2024\/07\/nexoi-trasparente-2.png\",\"width\":816,\"height\":339,\"caption\":\"Nexo Informativo Santiago de Quer\u00e9taro\"},\"image\":{\"@id\":\"https:\/\/www.nexoinformativo.mx\/#\/schema\/logo\/image\/\"},\"sameAs\":[\"https:\/\/www.facebook.com\/people\/Nexo-Informativo\/61564066885511\/\"]},{\"@type\":\"Person\",\"@id\":\"https:\/\/www.nexoinformativo.mx\/#\/schema\/person\/7749d380ba08c8ca00d7bc76fd907b7d\",\"name\":\"Nexo Informativo\",\"image\":{\"@type\":\"ImageObject\",\"inLanguage\":\"es\",\"@id\":\"https:\/\/www.nexoinformativo.mx\/#\/schema\/person\/image\/\",\"url\":\"https:\/\/secure.gravatar.com\/avatar\/dde2928154642a13d95f87ddf1ea9718fe2b46760a005c53e41ff5ad610704e6?s=96&d=mm&r=g\",\"contentUrl\":\"https:\/\/secure.gravatar.com\/avatar\/dde2928154642a13d95f87ddf1ea9718fe2b46760a005c53e41ff5ad610704e6?s=96&d=mm&r=g\",\"caption\":\"Nexo Informativo\"},\"url\":\"https:\/\/www.nexoinformativo.mx\/index.php\/author\/edicion\/\"}]}<\/script>\n<!-- \/ Yoast SEO plugin. -->","yoast_head_json":{"title":"Sistema Bat\u00e1n clave para el agua en Quer\u00e9taro Gobernador Kuri asegura viabilidad t\u00e9cnica y apoyo federal | Nexo Informativo Santiago de Quer\u00e9taro","description":"Sistema Bat\u00e1n clave para el agua en Quer\u00e9taro Gobernador Kuri asegura viabilidad t\u00e9cnica y apoyo federal","robots":{"index":"index","follow":"follow","max-snippet":"max-snippet:-1","max-image-preview":"max-image-preview:large","max-video-preview":"max-video-preview:-1"},"canonical":"https:\/\/www.nexoinformativo.mx\/index.php\/2025\/07\/03\/sistema-batan-clave-para-el-agua-en-queretaro-gobernador-kuri-asegura-viabilidad-tecnica-y-apoyo-federal\/","og_locale":"es_MX","og_type":"article","og_title":"Sistema Bat\u00e1n clave para el agua en Quer\u00e9taro Gobernador Kuri asegura viabilidad t\u00e9cnica y apoyo federal | Nexo Informativo Santiago de Quer\u00e9taro","og_description":"Sistema Bat\u00e1n clave para el agua en Quer\u00e9taro Gobernador Kuri asegura viabilidad t\u00e9cnica y apoyo federal","og_url":"https:\/\/www.nexoinformativo.mx\/index.php\/2025\/07\/03\/sistema-batan-clave-para-el-agua-en-queretaro-gobernador-kuri-asegura-viabilidad-tecnica-y-apoyo-federal\/","og_site_name":"Nexo Informativo Santiago de Quer\u00e9taro","article_publisher":"https:\/\/www.facebook.com\/people\/Nexo-Informativo\/61564066885511\/","article_published_time":"2025-07-03T18:00:48+00:00","article_modified_time":"2025-07-04T04:39:36+00:00","og_image":[{"width":800,"height":600,"url":"https:\/\/www.nexoinformativo.mx\/wp-content\/uploads\/2025\/07\/PHOTO-2025-07-03-19-09-28-e1751603918328.jpg","type":"image\/jpeg"}],"author":"Nexo Informativo","twitter_card":"summary_large_image","twitter_misc":{"Escrito por":"Nexo Informativo","Tiempo de lectura":"2 minutos"},"schema":{"@context":"https:\/\/schema.org","@graph":[{"@type":"Article","@id":"https:\/\/www.nexoinformativo.mx\/index.php\/2025\/07\/03\/sistema-batan-clave-para-el-agua-en-queretaro-gobernador-kuri-asegura-viabilidad-tecnica-y-apoyo-federal\/#article","isPartOf":{"@id":"https:\/\/www.nexoinformativo.mx\/index.php\/2025\/07\/03\/sistema-batan-clave-para-el-agua-en-queretaro-gobernador-kuri-asegura-viabilidad-tecnica-y-apoyo-federal\/"},"author":{"name":"Nexo Informativo","@id":"https:\/\/www.nexoinformativo.mx\/#\/schema\/person\/7749d380ba08c8ca00d7bc76fd907b7d"},"headline":"Sistema Bat\u00e1n clave para el agua en Quer\u00e9taro Gobernador Kuri asegura viabilidad t\u00e9cnica y apoyo federal","datePublished":"2025-07-03T18:00:48+00:00","dateModified":"2025-07-04T04:39:36+00:00","mainEntityOfPage":{"@id":"https:\/\/www.nexoinformativo.mx\/index.php\/2025\/07\/03\/sistema-batan-clave-para-el-agua-en-queretaro-gobernador-kuri-asegura-viabilidad-tecnica-y-apoyo-federal\/"},"wordCount":324,"commentCount":0,"publisher":{"@id":"https:\/\/www.nexoinformativo.mx\/#organization"},"image":{"@id":"https:\/\/www.nexoinformativo.mx\/index.php\/2025\/07\/03\/sistema-batan-clave-para-el-agua-en-queretaro-gobernador-kuri-asegura-viabilidad-tecnica-y-apoyo-federal\/#primaryimage"},"thumbnailUrl":"https:\/\/www.nexoinformativo.mx\/wp-content\/uploads\/2025\/07\/PHOTO-2025-07-03-19-09-28-e1751603918328.jpg","keywords":["AguaParaQuer\u00e9taro","Conagua","Quer\u00e9taroH\u00eddrico","SistemaBat\u00e1n"],"articleSection":["Estado","\u00daltima Hora"],"inLanguage":"es","potentialAction":[{"@type":"CommentAction","name":"Comment","target":["https:\/\/www.nexoinformativo.mx\/index.php\/2025\/07\/03\/sistema-batan-clave-para-el-agua-en-queretaro-gobernador-kuri-asegura-viabilidad-tecnica-y-apoyo-federal\/#respond"]}]},{"@type":"WebPage","@id":"https:\/\/www.nexoinformativo.mx\/index.php\/2025\/07\/03\/sistema-batan-clave-para-el-agua-en-queretaro-gobernador-kuri-asegura-viabilidad-tecnica-y-apoyo-federal\/","url":"https:\/\/www.nexoinformativo.mx\/index.php\/2025\/07\/03\/sistema-batan-clave-para-el-agua-en-queretaro-gobernador-kuri-asegura-viabilidad-tecnica-y-apoyo-federal\/","name":"Sistema Bat\u00e1n clave para el agua en Quer\u00e9taro Gobernador Kuri asegura viabilidad t\u00e9cnica y apoyo federal | Nexo Informativo Santiago de Quer\u00e9taro","isPartOf":{"@id":"https:\/\/www.nexoinformativo.mx\/#website"},"primaryImageOfPage":{"@id":"https:\/\/www.nexoinformativo.mx\/index.php\/2025\/07\/03\/sistema-batan-clave-para-el-agua-en-queretaro-gobernador-kuri-asegura-viabilidad-tecnica-y-apoyo-federal\/#primaryimage"},"image":{"@id":"https:\/\/www.nexoinformativo.mx\/index.php\/2025\/07\/03\/sistema-batan-clave-para-el-agua-en-queretaro-gobernador-kuri-asegura-viabilidad-tecnica-y-apoyo-federal\/#primaryimage"},"thumbnailUrl":"https:\/\/www.nexoinformativo.mx\/wp-content\/uploads\/2025\/07\/PHOTO-2025-07-03-19-09-28-e1751603918328.jpg","datePublished":"2025-07-03T18:00:48+00:00","dateModified":"2025-07-04T04:39:36+00:00","description":"Sistema Bat\u00e1n clave para el agua en Quer\u00e9taro Gobernador Kuri asegura viabilidad t\u00e9cnica y apoyo federal","breadcrumb":{"@id":"https:\/\/www.nexoinformativo.mx\/index.php\/2025\/07\/03\/sistema-batan-clave-para-el-agua-en-queretaro-gobernador-kuri-asegura-viabilidad-tecnica-y-apoyo-federal\/#breadcrumb"},"inLanguage":"es","potentialAction":[{"@type":"ReadAction","target":["https:\/\/www.nexoinformativo.mx\/index.php\/2025\/07\/03\/sistema-batan-clave-para-el-agua-en-queretaro-gobernador-kuri-asegura-viabilidad-tecnica-y-apoyo-federal\/"]}]},{"@type":"ImageObject","inLanguage":"es","@id":"https:\/\/www.nexoinformativo.mx\/index.php\/2025\/07\/03\/sistema-batan-clave-para-el-agua-en-queretaro-gobernador-kuri-asegura-viabilidad-tecnica-y-apoyo-federal\/#primaryimage","url":"https:\/\/www.nexoinformativo.mx\/wp-content\/uploads\/2025\/07\/PHOTO-2025-07-03-19-09-28-e1751603918328.jpg","contentUrl":"https:\/\/www.nexoinformativo.mx\/wp-content\/uploads\/2025\/07\/PHOTO-2025-07-03-19-09-28-e1751603918328.jpg","width":800,"height":600},{"@type":"BreadcrumbList","@id":"https:\/\/www.nexoinformativo.mx\/index.php\/2025\/07\/03\/sistema-batan-clave-para-el-agua-en-queretaro-gobernador-kuri-asegura-viabilidad-tecnica-y-apoyo-federal\/#breadcrumb","itemListElement":[{"@type":"ListItem","position":1,"name":"Inicio","item":"https:\/\/www.nexoinformativo.mx\/"},{"@type":"ListItem","position":2,"name":"Sistema Bat\u00e1n clave para el agua en Quer\u00e9taro Gobernador Kuri asegura viabilidad t\u00e9cnica y apoyo federal"}]},{"@type":"WebSite","@id":"https:\/\/www.nexoinformativo.mx\/#website","url":"https:\/\/www.nexoinformativo.mx\/","name":"Nexo Informativo Santiago de Quer\u00e9taro","description":"Explora NexoInformativo y convi\u00e9rtete en parte de una comunidad que valora el conocimiento y la verdad. Tu nexoinformativo es tu puente hacia una comprensi\u00f3n m\u00e1s profunda del mundo que te rodea.","publisher":{"@id":"https:\/\/www.nexoinformativo.mx\/#organization"},"potentialAction":[{"@type":"SearchAction","target":{"@type":"EntryPoint","urlTemplate":"https:\/\/www.nexoinformativo.mx\/?s={search_term_string}"},"query-input":{"@type":"PropertyValueSpecification","valueRequired":true,"valueName":"search_term_string"}}],"inLanguage":"es"},{"@type":"Organization","@id":"https:\/\/www.nexoinformativo.mx\/#organization","name":"Nexo Informativo Santiago de Quer\u00e9taro","url":"https:\/\/www.nexoinformativo.mx\/","logo":{"@type":"ImageObject","inLanguage":"es","@id":"https:\/\/www.nexoinformativo.mx\/#\/schema\/logo\/image\/","url":"https:\/\/www.nexoinformativo.mx\/wp-content\/uploads\/2024\/07\/nexoi-trasparente-2.png","contentUrl":"https:\/\/www.nexoinformativo.mx\/wp-content\/uploads\/2024\/07\/nexoi-trasparente-2.png","width":816,"height":339,"caption":"Nexo Informativo Santiago de Quer\u00e9taro"},"image":{"@id":"https:\/\/www.nexoinformativo.mx\/#\/schema\/logo\/image\/"},"sameAs":["https:\/\/www.facebook.com\/people\/Nexo-Informativo\/61564066885511\/"]},{"@type":"Person","@id":"https:\/\/www.nexoinformativo.mx\/#\/schema\/person\/7749d380ba08c8ca00d7bc76fd907b7d","name":"Nexo Informativo","image":{"@type":"ImageObject","inLanguage":"es","@id":"https:\/\/www.nexoinformativo.mx\/#\/schema\/person\/image\/","url":"https:\/\/secure.gravatar.com\/avatar\/dde2928154642a13d95f87ddf1ea9718fe2b46760a005c53e41ff5ad610704e6?s=96&d=mm&r=g","contentUrl":"https:\/\/secure.gravatar.com\/avatar\/dde2928154642a13d95f87ddf1ea9718fe2b46760a005c53e41ff5ad610704e6?s=96&d=mm&r=g","caption":"Nexo Informativo"},"url":"https:\/\/www.nexoinformativo.mx\/index.php\/author\/edicion\/"}]}},"_links":{"self":[{"href":"https:\/\/www.nexoinformativo.mx\/index.php\/wp-json\/wp\/v2\/posts\/16315","targetHints":{"allow":["GET"]}}],"collection":[{"href":"https:\/\/www.nexoinformativo.mx\/index.php\/wp-json\/wp\/v2\/posts"}],"about":[{"href":"https:\/\/www.nexoinformativo.mx\/index.php\/wp-json\/wp\/v2\/types\/post"}],"author":[{"embeddable":true,"href":"https:\/\/www.nexoinformativo.mx\/index.php\/wp-json\/wp\/v2\/users\/3"}],"replies":[{"embeddable":true,"href":"https:\/\/www.nexoinformativo.mx\/index.php\/wp-json\/wp\/v2\/comments?post=16315"}],"version-history":[{"count":3,"href":"https:\/\/www.nexoinformativo.mx\/index.php\/wp-json\/wp\/v2\/posts\/16315\/revisions"}],"predecessor-version":[{"id":16319,"href":"https:\/\/www.nexoinformativo.mx\/index.php\/wp-json\/wp\/v2\/posts\/16315\/revisions\/16319"}],"wp:featuredmedia":[{"embeddable":true,"href":"https:\/\/www.nexoinformativo.mx\/index.php\/wp-json\/wp\/v2\/media\/16316"}],"wp:attachment":[{"href":"https:\/\/www.nexoinformativo.mx\/index.php\/wp-json\/wp\/v2\/media?parent=16315"}],"wp:term":[{"taxonomy":"category","embeddable":true,"href":"https:\/\/www.nexoinformativo.mx\/index.php\/wp-json\/wp\/v2\/categories?post=16315"},{"taxonomy":"post_tag","embeddable":true,"href":"https:\/\/www.nexoinformativo.mx\/index.php\/wp-json\/wp\/v2\/tags?post=16315"}],"curies":[{"name":"wp","href":"https:\/\/api.w.org\/{rel}","templated":true}]}}