{"id":1632,"date":"2024-09-05T12:00:37","date_gmt":"2024-09-05T18:00:37","guid":{"rendered":"https:\/\/www.nexoinformativo.mx\/?p=1632"},"modified":"2024-09-05T20:51:14","modified_gmt":"2024-09-06T02:51:14","slug":"feria-empleo-vacantes-queretaro-oportunidades","status":"publish","type":"post","link":"https:\/\/www.nexoinformativo.mx\/index.php\/2024\/09\/05\/feria-empleo-vacantes-queretaro-oportunidades\/","title":{"rendered":"Feria Municipal del empleo en Quer\u00e9taro ofrece m\u00e1s de 700 vacantes para todos los niveles educativos"},"content":{"rendered":"<p style=\"text-align: justify;\">Este jueves 5 de septiembre de 2024, se celebra la <strong>Feria Municipal del Empleo<\/strong> en <strong>Plaza Constituci\u00f3n<\/strong>, Quer\u00e9taro, con el objetivo de conectar a la ciudadan\u00eda con diversas oportunidades laborales. El evento, que se realiza de 9:00 a 14:00 horas, re\u00fane a 29 empresas de diferentes sectores que ofrecen un total de <strong>793 vacantes<\/strong>.<\/p>\n<p>&nbsp;<\/p>\n<h3 style=\"text-align: justify;\"><\/h3>\n<p style=\"text-align: justify;\">En esta edici\u00f3n de la Feria Municipal del Empleo, participan empresas de distintos sectores: nueve del sector comercial, siete del sector industrial y catorce del sector servicios. Las vacantes est\u00e1n distribuidas as\u00ed:<\/p>\n<ul style=\"text-align: justify;\">\n<li><strong>546 vacantes<\/strong> para nivel operativo, dirigidas a personas con ning\u00fan grado de estudios, primaria o secundaria.<\/li>\n<li><strong>148 vacantes<\/strong> para nivel t\u00e9cnico, para quienes cuentan con preparatoria o formaci\u00f3n t\u00e9cnica.<\/li>\n<li><strong>3 vacantes<\/strong> para nivel superior, enfocadas en profesionistas con TSU, licenciatura o grados superiores.<\/li>\n<\/ul>\n<h3 style=\"text-align: justify;\"><\/h3>\n<p>&nbsp;<\/p>\n<p style=\"text-align: justify;\">La feria est\u00e1 abierta a todas las personas interesadas en encontrar empleo, sin importar su nivel. Desde aquellos que buscan empleos operativos hasta profesionistas con grados superiores que deseen integrarse al mercado laboral.<\/p>\n<h3 style=\"text-align: justify;\"><\/h3>\n<p>&nbsp;<\/p>\n<p style=\"text-align: justify;\">La <strong>Feria Municipal del Empleo<\/strong> es una iniciativa que busca apoyar el desarrollo econ\u00f3mico y social del estado de Quer\u00e9taro. Al ofrecer oportunidades laborales accesibles para todos los niveles educativos, la feria promueve el crecimiento de la econom\u00eda local y mejora la calidad de vida de los ciudadanos.<\/p>\n<p>&nbsp;<\/p>\n<p style=\"text-align: justify;\">Las personas interesadas pueden asistir a la feria en Plaza Constituci\u00f3n hasta las 14:00 horas de hoy. No pierdas la oportunidad de encontrar un empleo que se ajuste a tu perfil y necesidades.<\/p>\n<p style=\"text-align: justify;\"><strong>\u00a1Prep\u00e1rate y lleva varias copias de tu curr\u00edculum para aprovechar esta oportunidad!<\/strong><\/p>\n","protected":false},"excerpt":{"rendered":"<p>Este jueves 5 de septiembre de 2024, se celebra la Feria Municipal del Empleo en Plaza Constituci\u00f3n, Quer\u00e9taro, con el objetivo de conectar a la ciudadan\u00eda con diversas oportunidades laborales. El evento, que se realiza de 9:00 a 14:00 horas, re\u00fane a 29 empresas de diferentes sectores que ofrecen un total de 793 vacantes.<\/p>\n","protected":false},"author":3,"featured_media":1635,"comment_status":"open","ping_status":"open","sticky":false,"template":"","format":"standard","meta":{"footnotes":""},"categories":[65],"tags":[374,540,541,542],"class_list":["post-1632","post","type-post","status-publish","format-standard","has-post-thumbnail","hentry","category-municipios","tag-empleoqueretaro","tag-feriadelempleo","tag-oportunidadeslaborales","tag-trabajaenqueretaro"],"yoast_head":"<!-- This site is optimized with the Yoast SEO plugin v25.0 - https:\/\/yoast.com\/wordpress\/plugins\/seo\/ -->\n<title>Feria Municipal del empleo en Quer\u00e9taro ofrece m\u00e1s de 700 vacantes para todos los niveles educativos | Nexo Informativo Santiago de Quer\u00e9taro<\/title>\n<meta name=\"description\" content=\"Feria Municipal del empleo en Quer\u00e9taro ofrece m\u00e1s de 700 vacantes para todos los niveles educativos\" \/>\n<meta name=\"robots\" content=\"index, follow, max-snippet:-1, max-image-preview:large, max-video-preview:-1\" \/>\n<link rel=\"canonical\" href=\"https:\/\/www.nexoinformativo.mx\/index.php\/2024\/09\/05\/feria-empleo-vacantes-queretaro-oportunidades\/\" \/>\n<meta property=\"og:locale\" content=\"es_MX\" \/>\n<meta property=\"og:type\" content=\"article\" \/>\n<meta property=\"og:title\" content=\"Feria Municipal del empleo en Quer\u00e9taro ofrece m\u00e1s de 700 vacantes para todos los niveles educativos | Nexo Informativo Santiago de Quer\u00e9taro\" \/>\n<meta property=\"og:description\" content=\"Feria Municipal del empleo en Quer\u00e9taro ofrece m\u00e1s de 700 vacantes para todos los niveles educativos\" \/>\n<meta property=\"og:url\" content=\"https:\/\/www.nexoinformativo.mx\/index.php\/2024\/09\/05\/feria-empleo-vacantes-queretaro-oportunidades\/\" \/>\n<meta property=\"og:site_name\" content=\"Nexo Informativo Santiago de Quer\u00e9taro\" \/>\n<meta property=\"article:publisher\" content=\"https:\/\/www.facebook.com\/people\/Nexo-Informativo\/61564066885511\/\" \/>\n<meta property=\"article:published_time\" content=\"2024-09-05T18:00:37+00:00\" \/>\n<meta property=\"article:modified_time\" content=\"2024-09-06T02:51:14+00:00\" \/>\n<meta property=\"og:image\" content=\"https:\/\/www.nexoinformativo.mx\/wp-content\/uploads\/2024\/09\/PHOTO-2024-09-05-20-23-32-scaled-e1725590702349.jpg\" \/>\n\t<meta property=\"og:image:width\" content=\"800\" \/>\n\t<meta property=\"og:image:height\" content=\"603\" \/>\n\t<meta property=\"og:image:type\" content=\"image\/jpeg\" \/>\n<meta name=\"author\" content=\"Nexo Informativo\" \/>\n<meta name=\"twitter:card\" content=\"summary_large_image\" \/>\n<meta name=\"twitter:label1\" content=\"Escrito por\" \/>\n\t<meta name=\"twitter:data1\" content=\"Nexo Informativo\" \/>\n\t<meta name=\"twitter:label2\" content=\"Tiempo de lectura\" \/>\n\t<meta name=\"twitter:data2\" content=\"2 minutos\" \/>\n<script type=\"application\/ld+json\" class=\"yoast-schema-graph\">{\"@context\":\"https:\/\/schema.org\",\"@graph\":[{\"@type\":\"Article\",\"@id\":\"https:\/\/www.nexoinformativo.mx\/index.php\/2024\/09\/05\/feria-empleo-vacantes-queretaro-oportunidades\/#article\",\"isPartOf\":{\"@id\":\"https:\/\/www.nexoinformativo.mx\/index.php\/2024\/09\/05\/feria-empleo-vacantes-queretaro-oportunidades\/\"},\"author\":{\"name\":\"Nexo Informativo\",\"@id\":\"https:\/\/www.nexoinformativo.mx\/#\/schema\/person\/7749d380ba08c8ca00d7bc76fd907b7d\"},\"headline\":\"Feria Municipal del empleo en Quer\u00e9taro ofrece m\u00e1s de 700 vacantes para todos los niveles educativos\",\"datePublished\":\"2024-09-05T18:00:37+00:00\",\"dateModified\":\"2024-09-06T02:51:14+00:00\",\"mainEntityOfPage\":{\"@id\":\"https:\/\/www.nexoinformativo.mx\/index.php\/2024\/09\/05\/feria-empleo-vacantes-queretaro-oportunidades\/\"},\"wordCount\":282,\"commentCount\":0,\"publisher\":{\"@id\":\"https:\/\/www.nexoinformativo.mx\/#organization\"},\"image\":{\"@id\":\"https:\/\/www.nexoinformativo.mx\/index.php\/2024\/09\/05\/feria-empleo-vacantes-queretaro-oportunidades\/#primaryimage\"},\"thumbnailUrl\":\"https:\/\/www.nexoinformativo.mx\/wp-content\/uploads\/2024\/09\/PHOTO-2024-09-05-20-23-32-scaled-e1725590702349.jpg\",\"keywords\":[\"EmpleoQuer\u00e9taro\",\"FeriaDelEmpleo\",\"OportunidadesLaborales\",\"TrabajaEnQuer\u00e9taro\"],\"articleSection\":[\"Municipios\"],\"inLanguage\":\"es\",\"potentialAction\":[{\"@type\":\"CommentAction\",\"name\":\"Comment\",\"target\":[\"https:\/\/www.nexoinformativo.mx\/index.php\/2024\/09\/05\/feria-empleo-vacantes-queretaro-oportunidades\/#respond\"]}]},{\"@type\":\"WebPage\",\"@id\":\"https:\/\/www.nexoinformativo.mx\/index.php\/2024\/09\/05\/feria-empleo-vacantes-queretaro-oportunidades\/\",\"url\":\"https:\/\/www.nexoinformativo.mx\/index.php\/2024\/09\/05\/feria-empleo-vacantes-queretaro-oportunidades\/\",\"name\":\"Feria Municipal del empleo en Quer\u00e9taro ofrece m\u00e1s de 700 vacantes para todos los niveles educativos | Nexo Informativo Santiago de Quer\u00e9taro\",\"isPartOf\":{\"@id\":\"https:\/\/www.nexoinformativo.mx\/#website\"},\"primaryImageOfPage\":{\"@id\":\"https:\/\/www.nexoinformativo.mx\/index.php\/2024\/09\/05\/feria-empleo-vacantes-queretaro-oportunidades\/#primaryimage\"},\"image\":{\"@id\":\"https:\/\/www.nexoinformativo.mx\/index.php\/2024\/09\/05\/feria-empleo-vacantes-queretaro-oportunidades\/#primaryimage\"},\"thumbnailUrl\":\"https:\/\/www.nexoinformativo.mx\/wp-content\/uploads\/2024\/09\/PHOTO-2024-09-05-20-23-32-scaled-e1725590702349.jpg\",\"datePublished\":\"2024-09-05T18:00:37+00:00\",\"dateModified\":\"2024-09-06T02:51:14+00:00\",\"description\":\"Feria Municipal del empleo en Quer\u00e9taro ofrece m\u00e1s de 700 vacantes para todos los niveles educativos\",\"breadcrumb\":{\"@id\":\"https:\/\/www.nexoinformativo.mx\/index.php\/2024\/09\/05\/feria-empleo-vacantes-queretaro-oportunidades\/#breadcrumb\"},\"inLanguage\":\"es\",\"potentialAction\":[{\"@type\":\"ReadAction\",\"target\":[\"https:\/\/www.nexoinformativo.mx\/index.php\/2024\/09\/05\/feria-empleo-vacantes-queretaro-oportunidades\/\"]}]},{\"@type\":\"ImageObject\",\"inLanguage\":\"es\",\"@id\":\"https:\/\/www.nexoinformativo.mx\/index.php\/2024\/09\/05\/feria-empleo-vacantes-queretaro-oportunidades\/#primaryimage\",\"url\":\"https:\/\/www.nexoinformativo.mx\/wp-content\/uploads\/2024\/09\/PHOTO-2024-09-05-20-23-32-scaled-e1725590702349.jpg\",\"contentUrl\":\"https:\/\/www.nexoinformativo.mx\/wp-content\/uploads\/2024\/09\/PHOTO-2024-09-05-20-23-32-scaled-e1725590702349.jpg\",\"width\":800,\"height\":603},{\"@type\":\"BreadcrumbList\",\"@id\":\"https:\/\/www.nexoinformativo.mx\/index.php\/2024\/09\/05\/feria-empleo-vacantes-queretaro-oportunidades\/#breadcrumb\",\"itemListElement\":[{\"@type\":\"ListItem\",\"position\":1,\"name\":\"Inicio\",\"item\":\"https:\/\/www.nexoinformativo.mx\/\"},{\"@type\":\"ListItem\",\"position\":2,\"name\":\"Feria Municipal del empleo en Quer\u00e9taro ofrece m\u00e1s de 700 vacantes para todos los niveles educativos\"}]},{\"@type\":\"WebSite\",\"@id\":\"https:\/\/www.nexoinformativo.mx\/#website\",\"url\":\"https:\/\/www.nexoinformativo.mx\/\",\"name\":\"Nexo Informativo Santiago de Quer\u00e9taro\",\"description\":\"Explora NexoInformativo y convi\u00e9rtete en parte de una comunidad que valora el conocimiento y la verdad. Tu nexoinformativo es tu puente hacia una comprensi\u00f3n m\u00e1s profunda del mundo que te rodea.\",\"publisher\":{\"@id\":\"https:\/\/www.nexoinformativo.mx\/#organization\"},\"potentialAction\":[{\"@type\":\"SearchAction\",\"target\":{\"@type\":\"EntryPoint\",\"urlTemplate\":\"https:\/\/www.nexoinformativo.mx\/?s={search_term_string}\"},\"query-input\":{\"@type\":\"PropertyValueSpecification\",\"valueRequired\":true,\"valueName\":\"search_term_string\"}}],\"inLanguage\":\"es\"},{\"@type\":\"Organization\",\"@id\":\"https:\/\/www.nexoinformativo.mx\/#organization\",\"name\":\"Nexo Informativo Santiago de Quer\u00e9taro\",\"url\":\"https:\/\/www.nexoinformativo.mx\/\",\"logo\":{\"@type\":\"ImageObject\",\"inLanguage\":\"es\",\"@id\":\"https:\/\/www.nexoinformativo.mx\/#\/schema\/logo\/image\/\",\"url\":\"https:\/\/www.nexoinformativo.mx\/wp-content\/uploads\/2024\/07\/nexoi-trasparente-2.png\",\"contentUrl\":\"https:\/\/www.nexoinformativo.mx\/wp-content\/uploads\/2024\/07\/nexoi-trasparente-2.png\",\"width\":816,\"height\":339,\"caption\":\"Nexo Informativo Santiago de Quer\u00e9taro\"},\"image\":{\"@id\":\"https:\/\/www.nexoinformativo.mx\/#\/schema\/logo\/image\/\"},\"sameAs\":[\"https:\/\/www.facebook.com\/people\/Nexo-Informativo\/61564066885511\/\"]},{\"@type\":\"Person\",\"@id\":\"https:\/\/www.nexoinformativo.mx\/#\/schema\/person\/7749d380ba08c8ca00d7bc76fd907b7d\",\"name\":\"Nexo Informativo\",\"image\":{\"@type\":\"ImageObject\",\"inLanguage\":\"es\",\"@id\":\"https:\/\/www.nexoinformativo.mx\/#\/schema\/person\/image\/\",\"url\":\"https:\/\/secure.gravatar.com\/avatar\/dde2928154642a13d95f87ddf1ea9718fe2b46760a005c53e41ff5ad610704e6?s=96&d=mm&r=g\",\"contentUrl\":\"https:\/\/secure.gravatar.com\/avatar\/dde2928154642a13d95f87ddf1ea9718fe2b46760a005c53e41ff5ad610704e6?s=96&d=mm&r=g\",\"caption\":\"Nexo Informativo\"},\"url\":\"https:\/\/www.nexoinformativo.mx\/index.php\/author\/edicion\/\"}]}<\/script>\n<!-- \/ Yoast SEO plugin. -->","yoast_head_json":{"title":"Feria Municipal del empleo en Quer\u00e9taro ofrece m\u00e1s de 700 vacantes para todos los niveles educativos | Nexo Informativo Santiago de Quer\u00e9taro","description":"Feria Municipal del empleo en Quer\u00e9taro ofrece m\u00e1s de 700 vacantes para todos los niveles educativos","robots":{"index":"index","follow":"follow","max-snippet":"max-snippet:-1","max-image-preview":"max-image-preview:large","max-video-preview":"max-video-preview:-1"},"canonical":"https:\/\/www.nexoinformativo.mx\/index.php\/2024\/09\/05\/feria-empleo-vacantes-queretaro-oportunidades\/","og_locale":"es_MX","og_type":"article","og_title":"Feria Municipal del empleo en Quer\u00e9taro ofrece m\u00e1s de 700 vacantes para todos los niveles educativos | Nexo Informativo Santiago de Quer\u00e9taro","og_description":"Feria Municipal del empleo en Quer\u00e9taro ofrece m\u00e1s de 700 vacantes para todos los niveles educativos","og_url":"https:\/\/www.nexoinformativo.mx\/index.php\/2024\/09\/05\/feria-empleo-vacantes-queretaro-oportunidades\/","og_site_name":"Nexo Informativo Santiago de Quer\u00e9taro","article_publisher":"https:\/\/www.facebook.com\/people\/Nexo-Informativo\/61564066885511\/","article_published_time":"2024-09-05T18:00:37+00:00","article_modified_time":"2024-09-06T02:51:14+00:00","og_image":[{"width":800,"height":603,"url":"https:\/\/www.nexoinformativo.mx\/wp-content\/uploads\/2024\/09\/PHOTO-2024-09-05-20-23-32-scaled-e1725590702349.jpg","type":"image\/jpeg"}],"author":"Nexo Informativo","twitter_card":"summary_large_image","twitter_misc":{"Escrito por":"Nexo Informativo","Tiempo de lectura":"2 minutos"},"schema":{"@context":"https:\/\/schema.org","@graph":[{"@type":"Article","@id":"https:\/\/www.nexoinformativo.mx\/index.php\/2024\/09\/05\/feria-empleo-vacantes-queretaro-oportunidades\/#article","isPartOf":{"@id":"https:\/\/www.nexoinformativo.mx\/index.php\/2024\/09\/05\/feria-empleo-vacantes-queretaro-oportunidades\/"},"author":{"name":"Nexo Informativo","@id":"https:\/\/www.nexoinformativo.mx\/#\/schema\/person\/7749d380ba08c8ca00d7bc76fd907b7d"},"headline":"Feria Municipal del empleo en Quer\u00e9taro ofrece m\u00e1s de 700 vacantes para todos los niveles educativos","datePublished":"2024-09-05T18:00:37+00:00","dateModified":"2024-09-06T02:51:14+00:00","mainEntityOfPage":{"@id":"https:\/\/www.nexoinformativo.mx\/index.php\/2024\/09\/05\/feria-empleo-vacantes-queretaro-oportunidades\/"},"wordCount":282,"commentCount":0,"publisher":{"@id":"https:\/\/www.nexoinformativo.mx\/#organization"},"image":{"@id":"https:\/\/www.nexoinformativo.mx\/index.php\/2024\/09\/05\/feria-empleo-vacantes-queretaro-oportunidades\/#primaryimage"},"thumbnailUrl":"https:\/\/www.nexoinformativo.mx\/wp-content\/uploads\/2024\/09\/PHOTO-2024-09-05-20-23-32-scaled-e1725590702349.jpg","keywords":["EmpleoQuer\u00e9taro","FeriaDelEmpleo","OportunidadesLaborales","TrabajaEnQuer\u00e9taro"],"articleSection":["Municipios"],"inLanguage":"es","potentialAction":[{"@type":"CommentAction","name":"Comment","target":["https:\/\/www.nexoinformativo.mx\/index.php\/2024\/09\/05\/feria-empleo-vacantes-queretaro-oportunidades\/#respond"]}]},{"@type":"WebPage","@id":"https:\/\/www.nexoinformativo.mx\/index.php\/2024\/09\/05\/feria-empleo-vacantes-queretaro-oportunidades\/","url":"https:\/\/www.nexoinformativo.mx\/index.php\/2024\/09\/05\/feria-empleo-vacantes-queretaro-oportunidades\/","name":"Feria Municipal del empleo en Quer\u00e9taro ofrece m\u00e1s de 700 vacantes para todos los niveles educativos | Nexo Informativo Santiago de Quer\u00e9taro","isPartOf":{"@id":"https:\/\/www.nexoinformativo.mx\/#website"},"primaryImageOfPage":{"@id":"https:\/\/www.nexoinformativo.mx\/index.php\/2024\/09\/05\/feria-empleo-vacantes-queretaro-oportunidades\/#primaryimage"},"image":{"@id":"https:\/\/www.nexoinformativo.mx\/index.php\/2024\/09\/05\/feria-empleo-vacantes-queretaro-oportunidades\/#primaryimage"},"thumbnailUrl":"https:\/\/www.nexoinformativo.mx\/wp-content\/uploads\/2024\/09\/PHOTO-2024-09-05-20-23-32-scaled-e1725590702349.jpg","datePublished":"2024-09-05T18:00:37+00:00","dateModified":"2024-09-06T02:51:14+00:00","description":"Feria Municipal del empleo en Quer\u00e9taro ofrece m\u00e1s de 700 vacantes para todos los niveles educativos","breadcrumb":{"@id":"https:\/\/www.nexoinformativo.mx\/index.php\/2024\/09\/05\/feria-empleo-vacantes-queretaro-oportunidades\/#breadcrumb"},"inLanguage":"es","potentialAction":[{"@type":"ReadAction","target":["https:\/\/www.nexoinformativo.mx\/index.php\/2024\/09\/05\/feria-empleo-vacantes-queretaro-oportunidades\/"]}]},{"@type":"ImageObject","inLanguage":"es","@id":"https:\/\/www.nexoinformativo.mx\/index.php\/2024\/09\/05\/feria-empleo-vacantes-queretaro-oportunidades\/#primaryimage","url":"https:\/\/www.nexoinformativo.mx\/wp-content\/uploads\/2024\/09\/PHOTO-2024-09-05-20-23-32-scaled-e1725590702349.jpg","contentUrl":"https:\/\/www.nexoinformativo.mx\/wp-content\/uploads\/2024\/09\/PHOTO-2024-09-05-20-23-32-scaled-e1725590702349.jpg","width":800,"height":603},{"@type":"BreadcrumbList","@id":"https:\/\/www.nexoinformativo.mx\/index.php\/2024\/09\/05\/feria-empleo-vacantes-queretaro-oportunidades\/#breadcrumb","itemListElement":[{"@type":"ListItem","position":1,"name":"Inicio","item":"https:\/\/www.nexoinformativo.mx\/"},{"@type":"ListItem","position":2,"name":"Feria Municipal del empleo en Quer\u00e9taro ofrece m\u00e1s de 700 vacantes para todos los niveles educativos"}]},{"@type":"WebSite","@id":"https:\/\/www.nexoinformativo.mx\/#website","url":"https:\/\/www.nexoinformativo.mx\/","name":"Nexo Informativo Santiago de Quer\u00e9taro","description":"Explora NexoInformativo y convi\u00e9rtete en parte de una comunidad que valora el conocimiento y la verdad. Tu nexoinformativo es tu puente hacia una comprensi\u00f3n m\u00e1s profunda del mundo que te rodea.","publisher":{"@id":"https:\/\/www.nexoinformativo.mx\/#organization"},"potentialAction":[{"@type":"SearchAction","target":{"@type":"EntryPoint","urlTemplate":"https:\/\/www.nexoinformativo.mx\/?s={search_term_string}"},"query-input":{"@type":"PropertyValueSpecification","valueRequired":true,"valueName":"search_term_string"}}],"inLanguage":"es"},{"@type":"Organization","@id":"https:\/\/www.nexoinformativo.mx\/#organization","name":"Nexo Informativo Santiago de Quer\u00e9taro","url":"https:\/\/www.nexoinformativo.mx\/","logo":{"@type":"ImageObject","inLanguage":"es","@id":"https:\/\/www.nexoinformativo.mx\/#\/schema\/logo\/image\/","url":"https:\/\/www.nexoinformativo.mx\/wp-content\/uploads\/2024\/07\/nexoi-trasparente-2.png","contentUrl":"https:\/\/www.nexoinformativo.mx\/wp-content\/uploads\/2024\/07\/nexoi-trasparente-2.png","width":816,"height":339,"caption":"Nexo Informativo Santiago de Quer\u00e9taro"},"image":{"@id":"https:\/\/www.nexoinformativo.mx\/#\/schema\/logo\/image\/"},"sameAs":["https:\/\/www.facebook.com\/people\/Nexo-Informativo\/61564066885511\/"]},{"@type":"Person","@id":"https:\/\/www.nexoinformativo.mx\/#\/schema\/person\/7749d380ba08c8ca00d7bc76fd907b7d","name":"Nexo Informativo","image":{"@type":"ImageObject","inLanguage":"es","@id":"https:\/\/www.nexoinformativo.mx\/#\/schema\/person\/image\/","url":"https:\/\/secure.gravatar.com\/avatar\/dde2928154642a13d95f87ddf1ea9718fe2b46760a005c53e41ff5ad610704e6?s=96&d=mm&r=g","contentUrl":"https:\/\/secure.gravatar.com\/avatar\/dde2928154642a13d95f87ddf1ea9718fe2b46760a005c53e41ff5ad610704e6?s=96&d=mm&r=g","caption":"Nexo Informativo"},"url":"https:\/\/www.nexoinformativo.mx\/index.php\/author\/edicion\/"}]}},"_links":{"self":[{"href":"https:\/\/www.nexoinformativo.mx\/index.php\/wp-json\/wp\/v2\/posts\/1632","targetHints":{"allow":["GET"]}}],"collection":[{"href":"https:\/\/www.nexoinformativo.mx\/index.php\/wp-json\/wp\/v2\/posts"}],"about":[{"href":"https:\/\/www.nexoinformativo.mx\/index.php\/wp-json\/wp\/v2\/types\/post"}],"author":[{"embeddable":true,"href":"https:\/\/www.nexoinformativo.mx\/index.php\/wp-json\/wp\/v2\/users\/3"}],"replies":[{"embeddable":true,"href":"https:\/\/www.nexoinformativo.mx\/index.php\/wp-json\/wp\/v2\/comments?post=1632"}],"version-history":[{"count":4,"href":"https:\/\/www.nexoinformativo.mx\/index.php\/wp-json\/wp\/v2\/posts\/1632\/revisions"}],"predecessor-version":[{"id":1637,"href":"https:\/\/www.nexoinformativo.mx\/index.php\/wp-json\/wp\/v2\/posts\/1632\/revisions\/1637"}],"wp:featuredmedia":[{"embeddable":true,"href":"https:\/\/www.nexoinformativo.mx\/index.php\/wp-json\/wp\/v2\/media\/1635"}],"wp:attachment":[{"href":"https:\/\/www.nexoinformativo.mx\/index.php\/wp-json\/wp\/v2\/media?parent=1632"}],"wp:term":[{"taxonomy":"category","embeddable":true,"href":"https:\/\/www.nexoinformativo.mx\/index.php\/wp-json\/wp\/v2\/categories?post=1632"},{"taxonomy":"post_tag","embeddable":true,"href":"https:\/\/www.nexoinformativo.mx\/index.php\/wp-json\/wp\/v2\/tags?post=1632"}],"curies":[{"name":"wp","href":"https:\/\/api.w.org\/{rel}","templated":true}]}}