{"id":16325,"date":"2025-07-03T14:00:37","date_gmt":"2025-07-03T20:00:37","guid":{"rendered":"https:\/\/www.nexoinformativo.mx\/?p=16325"},"modified":"2025-07-03T22:53:46","modified_gmt":"2025-07-04T04:53:46","slug":"queretaro-no-es-refugio-detienen-a-dos-presuntos-lideres-del-cartel-del-golfo-en-el-estado","status":"publish","type":"post","link":"https:\/\/www.nexoinformativo.mx\/index.php\/2025\/07\/03\/queretaro-no-es-refugio-detienen-a-dos-presuntos-lideres-del-cartel-del-golfo-en-el-estado\/","title":{"rendered":"\u00a1Quer\u00e9taro no es refugio! Detienen a dos presuntos l\u00edderes del c\u00e1rtel del Golfo en el estado"},"content":{"rendered":"<p style=\"text-align: justify;\">El gobernador Mauricio Kuri\u00a0ha sido contundente: en Quer\u00e9taro no se permite la instalaci\u00f3n de grupos delictivos. Tras la reciente detenci\u00f3n de dos presuntos l\u00edderes criminales vinculados al C\u00e1rtel del Golfo que supuestamente operaban en el estado, Kuri reafirm\u00f3 que las autoridades han actuado con firmeza y estrategia para contener cualquier intento del crimen organizado.<\/p>\n<\/p>\n<p>&nbsp;<\/p>\n<p style=\"text-align: justify;\">&#8220;Diversos grupos han querido operar en Quer\u00e9taro, pero no lo hemos permitido. Quer\u00e9taro no es refugio de nadie, porque aqu\u00ed se les detiene&#8221;, afirm\u00f3 el mandatario.<\/p>\n<\/p>\n<p>&nbsp;<\/p>\n<p style=\"text-align: justify;\">El gobernador destac\u00f3 que, gracias a las acciones coordinadas de seguridad y al uso de inteligencia, el estado ha logrado realizar m\u00e1s de 400 cateos. Estas operaciones han contribuido a la disminuci\u00f3n de los \u00edndices delictivos y han posicionado a Quer\u00e9taro como una de las entidades con mejores resultados en seguridad a nivel nacional.<\/p>\n<\/p>\n<p>&nbsp;<\/p>\n<p style=\"text-align: justify;\">&#8220;Seguimos aplicando estrategias eficaces y con base en datos e inteligencia. No bajamos la guardia y se act\u00faa de inmediato cuando hay amenazas&#8221;, se\u00f1al\u00f3 Kuri.<\/p>\n<\/p>\n<p>&nbsp;<\/p>\n<p style=\"text-align: justify;\">Finalmente, el gobernador reiter\u00f3 el compromiso de su administraci\u00f3n de preservar la paz y la seguridad de los queretanos, a trav\u00e9s del trabajo coordinado entre las corporaciones locales y federales. La detenci\u00f3n de estos presuntos l\u00edderes criminales es un claro ejemplo de la efectividad de esta estrategia.<\/p>\n<\/p>\n<p>&nbsp;<\/p>\n<p style=\"text-align: center;\"><em><strong>\u00a1Informaci\u00f3n que transforma!<\/strong><\/em><\/p>\n","protected":false},"excerpt":{"rendered":"<p>El gobernador Mauricio Kuri\u00a0ha sido contundente: en Quer\u00e9taro no se permite la instalaci\u00f3n de grupos delictivos.<\/p>\n","protected":false},"author":3,"featured_media":16326,"comment_status":"open","ping_status":"open","sticky":false,"template":"","format":"standard","meta":{"footnotes":""},"categories":[42,137,58],"tags":[661,4895,242,4752],"class_list":["post-16325","post","type-post","status-publish","format-standard","has-post-thumbnail","hentry","category-estado","category-sucesos","category-ultima-hora","tag-mauriciokuri","tag-noalcrimen","tag-queretaroseguro","tag-seguridadmx"],"yoast_head":"<!-- This site is optimized with the Yoast SEO plugin v25.0 - https:\/\/yoast.com\/wordpress\/plugins\/seo\/ -->\n<title>\u00a1Quer\u00e9taro no es refugio! Detienen a dos presuntos l\u00edderes del c\u00e1rtel del Golfo en el estado | Nexo Informativo Santiago de Quer\u00e9taro<\/title>\n<meta name=\"description\" content=\"\u00a1Quer\u00e9taro no es refugio! Detienen a dos presuntos l\u00edderes del c\u00e1rtel del Golfo en el estado\" \/>\n<meta name=\"robots\" content=\"index, follow, max-snippet:-1, max-image-preview:large, max-video-preview:-1\" \/>\n<link rel=\"canonical\" href=\"https:\/\/www.nexoinformativo.mx\/index.php\/2025\/07\/03\/queretaro-no-es-refugio-detienen-a-dos-presuntos-lideres-del-cartel-del-golfo-en-el-estado\/\" \/>\n<meta property=\"og:locale\" content=\"es_MX\" \/>\n<meta property=\"og:type\" content=\"article\" \/>\n<meta property=\"og:title\" content=\"\u00a1Quer\u00e9taro no es refugio! Detienen a dos presuntos l\u00edderes del c\u00e1rtel del Golfo en el estado | Nexo Informativo Santiago de Quer\u00e9taro\" \/>\n<meta property=\"og:description\" content=\"\u00a1Quer\u00e9taro no es refugio! Detienen a dos presuntos l\u00edderes del c\u00e1rtel del Golfo en el estado\" \/>\n<meta property=\"og:url\" content=\"https:\/\/www.nexoinformativo.mx\/index.php\/2025\/07\/03\/queretaro-no-es-refugio-detienen-a-dos-presuntos-lideres-del-cartel-del-golfo-en-el-estado\/\" \/>\n<meta property=\"og:site_name\" content=\"Nexo Informativo Santiago de Quer\u00e9taro\" \/>\n<meta property=\"article:publisher\" content=\"https:\/\/www.facebook.com\/people\/Nexo-Informativo\/61564066885511\/\" \/>\n<meta property=\"article:published_time\" content=\"2025-07-03T20:00:37+00:00\" \/>\n<meta property=\"article:modified_time\" content=\"2025-07-04T04:53:46+00:00\" \/>\n<meta property=\"og:image\" content=\"https:\/\/www.nexoinformativo.mx\/wp-content\/uploads\/2025\/07\/PHOTO-2025-07-03-19-10-06-e1751604742405.jpg\" \/>\n\t<meta property=\"og:image:width\" content=\"800\" \/>\n\t<meta property=\"og:image:height\" content=\"534\" \/>\n\t<meta property=\"og:image:type\" content=\"image\/jpeg\" \/>\n<meta name=\"author\" content=\"Nexo Informativo\" \/>\n<meta name=\"twitter:card\" content=\"summary_large_image\" \/>\n<meta name=\"twitter:label1\" content=\"Escrito por\" \/>\n\t<meta name=\"twitter:data1\" content=\"Nexo Informativo\" \/>\n\t<meta name=\"twitter:label2\" content=\"Tiempo de lectura\" \/>\n\t<meta name=\"twitter:data2\" content=\"2 minutos\" \/>\n<script type=\"application\/ld+json\" class=\"yoast-schema-graph\">{\"@context\":\"https:\/\/schema.org\",\"@graph\":[{\"@type\":\"Article\",\"@id\":\"https:\/\/www.nexoinformativo.mx\/index.php\/2025\/07\/03\/queretaro-no-es-refugio-detienen-a-dos-presuntos-lideres-del-cartel-del-golfo-en-el-estado\/#article\",\"isPartOf\":{\"@id\":\"https:\/\/www.nexoinformativo.mx\/index.php\/2025\/07\/03\/queretaro-no-es-refugio-detienen-a-dos-presuntos-lideres-del-cartel-del-golfo-en-el-estado\/\"},\"author\":{\"name\":\"Nexo Informativo\",\"@id\":\"https:\/\/www.nexoinformativo.mx\/#\/schema\/person\/7749d380ba08c8ca00d7bc76fd907b7d\"},\"headline\":\"\u00a1Quer\u00e9taro no es refugio! Detienen a dos presuntos l\u00edderes del c\u00e1rtel del Golfo en el estado\",\"datePublished\":\"2025-07-03T20:00:37+00:00\",\"dateModified\":\"2025-07-04T04:53:46+00:00\",\"mainEntityOfPage\":{\"@id\":\"https:\/\/www.nexoinformativo.mx\/index.php\/2025\/07\/03\/queretaro-no-es-refugio-detienen-a-dos-presuntos-lideres-del-cartel-del-golfo-en-el-estado\/\"},\"wordCount\":250,\"commentCount\":0,\"publisher\":{\"@id\":\"https:\/\/www.nexoinformativo.mx\/#organization\"},\"image\":{\"@id\":\"https:\/\/www.nexoinformativo.mx\/index.php\/2025\/07\/03\/queretaro-no-es-refugio-detienen-a-dos-presuntos-lideres-del-cartel-del-golfo-en-el-estado\/#primaryimage\"},\"thumbnailUrl\":\"https:\/\/www.nexoinformativo.mx\/wp-content\/uploads\/2025\/07\/PHOTO-2025-07-03-19-10-06-e1751604742405.jpg\",\"keywords\":[\"MauricioKuri\",\"NoAlCrimen\",\"QueretaroSeguro\",\"SeguridadMX\"],\"articleSection\":[\"Estado\",\"Sucesos\",\"\u00daltima Hora\"],\"inLanguage\":\"es\",\"potentialAction\":[{\"@type\":\"CommentAction\",\"name\":\"Comment\",\"target\":[\"https:\/\/www.nexoinformativo.mx\/index.php\/2025\/07\/03\/queretaro-no-es-refugio-detienen-a-dos-presuntos-lideres-del-cartel-del-golfo-en-el-estado\/#respond\"]}]},{\"@type\":\"WebPage\",\"@id\":\"https:\/\/www.nexoinformativo.mx\/index.php\/2025\/07\/03\/queretaro-no-es-refugio-detienen-a-dos-presuntos-lideres-del-cartel-del-golfo-en-el-estado\/\",\"url\":\"https:\/\/www.nexoinformativo.mx\/index.php\/2025\/07\/03\/queretaro-no-es-refugio-detienen-a-dos-presuntos-lideres-del-cartel-del-golfo-en-el-estado\/\",\"name\":\"\u00a1Quer\u00e9taro no es refugio! Detienen a dos presuntos l\u00edderes del c\u00e1rtel del Golfo en el estado | Nexo Informativo Santiago de Quer\u00e9taro\",\"isPartOf\":{\"@id\":\"https:\/\/www.nexoinformativo.mx\/#website\"},\"primaryImageOfPage\":{\"@id\":\"https:\/\/www.nexoinformativo.mx\/index.php\/2025\/07\/03\/queretaro-no-es-refugio-detienen-a-dos-presuntos-lideres-del-cartel-del-golfo-en-el-estado\/#primaryimage\"},\"image\":{\"@id\":\"https:\/\/www.nexoinformativo.mx\/index.php\/2025\/07\/03\/queretaro-no-es-refugio-detienen-a-dos-presuntos-lideres-del-cartel-del-golfo-en-el-estado\/#primaryimage\"},\"thumbnailUrl\":\"https:\/\/www.nexoinformativo.mx\/wp-content\/uploads\/2025\/07\/PHOTO-2025-07-03-19-10-06-e1751604742405.jpg\",\"datePublished\":\"2025-07-03T20:00:37+00:00\",\"dateModified\":\"2025-07-04T04:53:46+00:00\",\"description\":\"\u00a1Quer\u00e9taro no es refugio! Detienen a dos presuntos l\u00edderes del c\u00e1rtel del Golfo en el estado\",\"breadcrumb\":{\"@id\":\"https:\/\/www.nexoinformativo.mx\/index.php\/2025\/07\/03\/queretaro-no-es-refugio-detienen-a-dos-presuntos-lideres-del-cartel-del-golfo-en-el-estado\/#breadcrumb\"},\"inLanguage\":\"es\",\"potentialAction\":[{\"@type\":\"ReadAction\",\"target\":[\"https:\/\/www.nexoinformativo.mx\/index.php\/2025\/07\/03\/queretaro-no-es-refugio-detienen-a-dos-presuntos-lideres-del-cartel-del-golfo-en-el-estado\/\"]}]},{\"@type\":\"ImageObject\",\"inLanguage\":\"es\",\"@id\":\"https:\/\/www.nexoinformativo.mx\/index.php\/2025\/07\/03\/queretaro-no-es-refugio-detienen-a-dos-presuntos-lideres-del-cartel-del-golfo-en-el-estado\/#primaryimage\",\"url\":\"https:\/\/www.nexoinformativo.mx\/wp-content\/uploads\/2025\/07\/PHOTO-2025-07-03-19-10-06-e1751604742405.jpg\",\"contentUrl\":\"https:\/\/www.nexoinformativo.mx\/wp-content\/uploads\/2025\/07\/PHOTO-2025-07-03-19-10-06-e1751604742405.jpg\",\"width\":800,\"height\":534},{\"@type\":\"BreadcrumbList\",\"@id\":\"https:\/\/www.nexoinformativo.mx\/index.php\/2025\/07\/03\/queretaro-no-es-refugio-detienen-a-dos-presuntos-lideres-del-cartel-del-golfo-en-el-estado\/#breadcrumb\",\"itemListElement\":[{\"@type\":\"ListItem\",\"position\":1,\"name\":\"Inicio\",\"item\":\"https:\/\/www.nexoinformativo.mx\/\"},{\"@type\":\"ListItem\",\"position\":2,\"name\":\"\u00a1Quer\u00e9taro no es refugio! Detienen a dos presuntos l\u00edderes del c\u00e1rtel del Golfo en el estado\"}]},{\"@type\":\"WebSite\",\"@id\":\"https:\/\/www.nexoinformativo.mx\/#website\",\"url\":\"https:\/\/www.nexoinformativo.mx\/\",\"name\":\"Nexo Informativo Santiago de Quer\u00e9taro\",\"description\":\"Explora NexoInformativo y convi\u00e9rtete en parte de una comunidad que valora el conocimiento y la verdad. Tu nexoinformativo es tu puente hacia una comprensi\u00f3n m\u00e1s profunda del mundo que te rodea.\",\"publisher\":{\"@id\":\"https:\/\/www.nexoinformativo.mx\/#organization\"},\"potentialAction\":[{\"@type\":\"SearchAction\",\"target\":{\"@type\":\"EntryPoint\",\"urlTemplate\":\"https:\/\/www.nexoinformativo.mx\/?s={search_term_string}\"},\"query-input\":{\"@type\":\"PropertyValueSpecification\",\"valueRequired\":true,\"valueName\":\"search_term_string\"}}],\"inLanguage\":\"es\"},{\"@type\":\"Organization\",\"@id\":\"https:\/\/www.nexoinformativo.mx\/#organization\",\"name\":\"Nexo Informativo Santiago de Quer\u00e9taro\",\"url\":\"https:\/\/www.nexoinformativo.mx\/\",\"logo\":{\"@type\":\"ImageObject\",\"inLanguage\":\"es\",\"@id\":\"https:\/\/www.nexoinformativo.mx\/#\/schema\/logo\/image\/\",\"url\":\"https:\/\/www.nexoinformativo.mx\/wp-content\/uploads\/2024\/07\/nexoi-trasparente-2.png\",\"contentUrl\":\"https:\/\/www.nexoinformativo.mx\/wp-content\/uploads\/2024\/07\/nexoi-trasparente-2.png\",\"width\":816,\"height\":339,\"caption\":\"Nexo Informativo Santiago de Quer\u00e9taro\"},\"image\":{\"@id\":\"https:\/\/www.nexoinformativo.mx\/#\/schema\/logo\/image\/\"},\"sameAs\":[\"https:\/\/www.facebook.com\/people\/Nexo-Informativo\/61564066885511\/\"]},{\"@type\":\"Person\",\"@id\":\"https:\/\/www.nexoinformativo.mx\/#\/schema\/person\/7749d380ba08c8ca00d7bc76fd907b7d\",\"name\":\"Nexo Informativo\",\"image\":{\"@type\":\"ImageObject\",\"inLanguage\":\"es\",\"@id\":\"https:\/\/www.nexoinformativo.mx\/#\/schema\/person\/image\/\",\"url\":\"https:\/\/secure.gravatar.com\/avatar\/dde2928154642a13d95f87ddf1ea9718fe2b46760a005c53e41ff5ad610704e6?s=96&d=mm&r=g\",\"contentUrl\":\"https:\/\/secure.gravatar.com\/avatar\/dde2928154642a13d95f87ddf1ea9718fe2b46760a005c53e41ff5ad610704e6?s=96&d=mm&r=g\",\"caption\":\"Nexo Informativo\"},\"url\":\"https:\/\/www.nexoinformativo.mx\/index.php\/author\/edicion\/\"}]}<\/script>\n<!-- \/ Yoast SEO plugin. -->","yoast_head_json":{"title":"\u00a1Quer\u00e9taro no es refugio! Detienen a dos presuntos l\u00edderes del c\u00e1rtel del Golfo en el estado | Nexo Informativo Santiago de Quer\u00e9taro","description":"\u00a1Quer\u00e9taro no es refugio! Detienen a dos presuntos l\u00edderes del c\u00e1rtel del Golfo en el estado","robots":{"index":"index","follow":"follow","max-snippet":"max-snippet:-1","max-image-preview":"max-image-preview:large","max-video-preview":"max-video-preview:-1"},"canonical":"https:\/\/www.nexoinformativo.mx\/index.php\/2025\/07\/03\/queretaro-no-es-refugio-detienen-a-dos-presuntos-lideres-del-cartel-del-golfo-en-el-estado\/","og_locale":"es_MX","og_type":"article","og_title":"\u00a1Quer\u00e9taro no es refugio! Detienen a dos presuntos l\u00edderes del c\u00e1rtel del Golfo en el estado | Nexo Informativo Santiago de Quer\u00e9taro","og_description":"\u00a1Quer\u00e9taro no es refugio! Detienen a dos presuntos l\u00edderes del c\u00e1rtel del Golfo en el estado","og_url":"https:\/\/www.nexoinformativo.mx\/index.php\/2025\/07\/03\/queretaro-no-es-refugio-detienen-a-dos-presuntos-lideres-del-cartel-del-golfo-en-el-estado\/","og_site_name":"Nexo Informativo Santiago de Quer\u00e9taro","article_publisher":"https:\/\/www.facebook.com\/people\/Nexo-Informativo\/61564066885511\/","article_published_time":"2025-07-03T20:00:37+00:00","article_modified_time":"2025-07-04T04:53:46+00:00","og_image":[{"width":800,"height":534,"url":"https:\/\/www.nexoinformativo.mx\/wp-content\/uploads\/2025\/07\/PHOTO-2025-07-03-19-10-06-e1751604742405.jpg","type":"image\/jpeg"}],"author":"Nexo Informativo","twitter_card":"summary_large_image","twitter_misc":{"Escrito por":"Nexo Informativo","Tiempo de lectura":"2 minutos"},"schema":{"@context":"https:\/\/schema.org","@graph":[{"@type":"Article","@id":"https:\/\/www.nexoinformativo.mx\/index.php\/2025\/07\/03\/queretaro-no-es-refugio-detienen-a-dos-presuntos-lideres-del-cartel-del-golfo-en-el-estado\/#article","isPartOf":{"@id":"https:\/\/www.nexoinformativo.mx\/index.php\/2025\/07\/03\/queretaro-no-es-refugio-detienen-a-dos-presuntos-lideres-del-cartel-del-golfo-en-el-estado\/"},"author":{"name":"Nexo Informativo","@id":"https:\/\/www.nexoinformativo.mx\/#\/schema\/person\/7749d380ba08c8ca00d7bc76fd907b7d"},"headline":"\u00a1Quer\u00e9taro no es refugio! Detienen a dos presuntos l\u00edderes del c\u00e1rtel del Golfo en el estado","datePublished":"2025-07-03T20:00:37+00:00","dateModified":"2025-07-04T04:53:46+00:00","mainEntityOfPage":{"@id":"https:\/\/www.nexoinformativo.mx\/index.php\/2025\/07\/03\/queretaro-no-es-refugio-detienen-a-dos-presuntos-lideres-del-cartel-del-golfo-en-el-estado\/"},"wordCount":250,"commentCount":0,"publisher":{"@id":"https:\/\/www.nexoinformativo.mx\/#organization"},"image":{"@id":"https:\/\/www.nexoinformativo.mx\/index.php\/2025\/07\/03\/queretaro-no-es-refugio-detienen-a-dos-presuntos-lideres-del-cartel-del-golfo-en-el-estado\/#primaryimage"},"thumbnailUrl":"https:\/\/www.nexoinformativo.mx\/wp-content\/uploads\/2025\/07\/PHOTO-2025-07-03-19-10-06-e1751604742405.jpg","keywords":["MauricioKuri","NoAlCrimen","QueretaroSeguro","SeguridadMX"],"articleSection":["Estado","Sucesos","\u00daltima Hora"],"inLanguage":"es","potentialAction":[{"@type":"CommentAction","name":"Comment","target":["https:\/\/www.nexoinformativo.mx\/index.php\/2025\/07\/03\/queretaro-no-es-refugio-detienen-a-dos-presuntos-lideres-del-cartel-del-golfo-en-el-estado\/#respond"]}]},{"@type":"WebPage","@id":"https:\/\/www.nexoinformativo.mx\/index.php\/2025\/07\/03\/queretaro-no-es-refugio-detienen-a-dos-presuntos-lideres-del-cartel-del-golfo-en-el-estado\/","url":"https:\/\/www.nexoinformativo.mx\/index.php\/2025\/07\/03\/queretaro-no-es-refugio-detienen-a-dos-presuntos-lideres-del-cartel-del-golfo-en-el-estado\/","name":"\u00a1Quer\u00e9taro no es refugio! Detienen a dos presuntos l\u00edderes del c\u00e1rtel del Golfo en el estado | Nexo Informativo Santiago de Quer\u00e9taro","isPartOf":{"@id":"https:\/\/www.nexoinformativo.mx\/#website"},"primaryImageOfPage":{"@id":"https:\/\/www.nexoinformativo.mx\/index.php\/2025\/07\/03\/queretaro-no-es-refugio-detienen-a-dos-presuntos-lideres-del-cartel-del-golfo-en-el-estado\/#primaryimage"},"image":{"@id":"https:\/\/www.nexoinformativo.mx\/index.php\/2025\/07\/03\/queretaro-no-es-refugio-detienen-a-dos-presuntos-lideres-del-cartel-del-golfo-en-el-estado\/#primaryimage"},"thumbnailUrl":"https:\/\/www.nexoinformativo.mx\/wp-content\/uploads\/2025\/07\/PHOTO-2025-07-03-19-10-06-e1751604742405.jpg","datePublished":"2025-07-03T20:00:37+00:00","dateModified":"2025-07-04T04:53:46+00:00","description":"\u00a1Quer\u00e9taro no es refugio! Detienen a dos presuntos l\u00edderes del c\u00e1rtel del Golfo en el estado","breadcrumb":{"@id":"https:\/\/www.nexoinformativo.mx\/index.php\/2025\/07\/03\/queretaro-no-es-refugio-detienen-a-dos-presuntos-lideres-del-cartel-del-golfo-en-el-estado\/#breadcrumb"},"inLanguage":"es","potentialAction":[{"@type":"ReadAction","target":["https:\/\/www.nexoinformativo.mx\/index.php\/2025\/07\/03\/queretaro-no-es-refugio-detienen-a-dos-presuntos-lideres-del-cartel-del-golfo-en-el-estado\/"]}]},{"@type":"ImageObject","inLanguage":"es","@id":"https:\/\/www.nexoinformativo.mx\/index.php\/2025\/07\/03\/queretaro-no-es-refugio-detienen-a-dos-presuntos-lideres-del-cartel-del-golfo-en-el-estado\/#primaryimage","url":"https:\/\/www.nexoinformativo.mx\/wp-content\/uploads\/2025\/07\/PHOTO-2025-07-03-19-10-06-e1751604742405.jpg","contentUrl":"https:\/\/www.nexoinformativo.mx\/wp-content\/uploads\/2025\/07\/PHOTO-2025-07-03-19-10-06-e1751604742405.jpg","width":800,"height":534},{"@type":"BreadcrumbList","@id":"https:\/\/www.nexoinformativo.mx\/index.php\/2025\/07\/03\/queretaro-no-es-refugio-detienen-a-dos-presuntos-lideres-del-cartel-del-golfo-en-el-estado\/#breadcrumb","itemListElement":[{"@type":"ListItem","position":1,"name":"Inicio","item":"https:\/\/www.nexoinformativo.mx\/"},{"@type":"ListItem","position":2,"name":"\u00a1Quer\u00e9taro no es refugio! Detienen a dos presuntos l\u00edderes del c\u00e1rtel del Golfo en el estado"}]},{"@type":"WebSite","@id":"https:\/\/www.nexoinformativo.mx\/#website","url":"https:\/\/www.nexoinformativo.mx\/","name":"Nexo Informativo Santiago de Quer\u00e9taro","description":"Explora NexoInformativo y convi\u00e9rtete en parte de una comunidad que valora el conocimiento y la verdad. Tu nexoinformativo es tu puente hacia una comprensi\u00f3n m\u00e1s profunda del mundo que te rodea.","publisher":{"@id":"https:\/\/www.nexoinformativo.mx\/#organization"},"potentialAction":[{"@type":"SearchAction","target":{"@type":"EntryPoint","urlTemplate":"https:\/\/www.nexoinformativo.mx\/?s={search_term_string}"},"query-input":{"@type":"PropertyValueSpecification","valueRequired":true,"valueName":"search_term_string"}}],"inLanguage":"es"},{"@type":"Organization","@id":"https:\/\/www.nexoinformativo.mx\/#organization","name":"Nexo Informativo Santiago de Quer\u00e9taro","url":"https:\/\/www.nexoinformativo.mx\/","logo":{"@type":"ImageObject","inLanguage":"es","@id":"https:\/\/www.nexoinformativo.mx\/#\/schema\/logo\/image\/","url":"https:\/\/www.nexoinformativo.mx\/wp-content\/uploads\/2024\/07\/nexoi-trasparente-2.png","contentUrl":"https:\/\/www.nexoinformativo.mx\/wp-content\/uploads\/2024\/07\/nexoi-trasparente-2.png","width":816,"height":339,"caption":"Nexo Informativo Santiago de Quer\u00e9taro"},"image":{"@id":"https:\/\/www.nexoinformativo.mx\/#\/schema\/logo\/image\/"},"sameAs":["https:\/\/www.facebook.com\/people\/Nexo-Informativo\/61564066885511\/"]},{"@type":"Person","@id":"https:\/\/www.nexoinformativo.mx\/#\/schema\/person\/7749d380ba08c8ca00d7bc76fd907b7d","name":"Nexo Informativo","image":{"@type":"ImageObject","inLanguage":"es","@id":"https:\/\/www.nexoinformativo.mx\/#\/schema\/person\/image\/","url":"https:\/\/secure.gravatar.com\/avatar\/dde2928154642a13d95f87ddf1ea9718fe2b46760a005c53e41ff5ad610704e6?s=96&d=mm&r=g","contentUrl":"https:\/\/secure.gravatar.com\/avatar\/dde2928154642a13d95f87ddf1ea9718fe2b46760a005c53e41ff5ad610704e6?s=96&d=mm&r=g","caption":"Nexo Informativo"},"url":"https:\/\/www.nexoinformativo.mx\/index.php\/author\/edicion\/"}]}},"_links":{"self":[{"href":"https:\/\/www.nexoinformativo.mx\/index.php\/wp-json\/wp\/v2\/posts\/16325","targetHints":{"allow":["GET"]}}],"collection":[{"href":"https:\/\/www.nexoinformativo.mx\/index.php\/wp-json\/wp\/v2\/posts"}],"about":[{"href":"https:\/\/www.nexoinformativo.mx\/index.php\/wp-json\/wp\/v2\/types\/post"}],"author":[{"embeddable":true,"href":"https:\/\/www.nexoinformativo.mx\/index.php\/wp-json\/wp\/v2\/users\/3"}],"replies":[{"embeddable":true,"href":"https:\/\/www.nexoinformativo.mx\/index.php\/wp-json\/wp\/v2\/comments?post=16325"}],"version-history":[{"count":3,"href":"https:\/\/www.nexoinformativo.mx\/index.php\/wp-json\/wp\/v2\/posts\/16325\/revisions"}],"predecessor-version":[{"id":16329,"href":"https:\/\/www.nexoinformativo.mx\/index.php\/wp-json\/wp\/v2\/posts\/16325\/revisions\/16329"}],"wp:featuredmedia":[{"embeddable":true,"href":"https:\/\/www.nexoinformativo.mx\/index.php\/wp-json\/wp\/v2\/media\/16326"}],"wp:attachment":[{"href":"https:\/\/www.nexoinformativo.mx\/index.php\/wp-json\/wp\/v2\/media?parent=16325"}],"wp:term":[{"taxonomy":"category","embeddable":true,"href":"https:\/\/www.nexoinformativo.mx\/index.php\/wp-json\/wp\/v2\/categories?post=16325"},{"taxonomy":"post_tag","embeddable":true,"href":"https:\/\/www.nexoinformativo.mx\/index.php\/wp-json\/wp\/v2\/tags?post=16325"}],"curies":[{"name":"wp","href":"https:\/\/api.w.org\/{rel}","templated":true}]}}