{"id":16330,"date":"2025-07-03T15:00:58","date_gmt":"2025-07-03T21:00:58","guid":{"rendered":"https:\/\/www.nexoinformativo.mx\/?p=16330"},"modified":"2025-07-03T22:58:02","modified_gmt":"2025-07-04T04:58:02","slug":"ejercito-y-guardia-nacional-aliados-clave-en-la-batalla-contra-el-gusano-barrenador-del-ganado","status":"publish","type":"post","link":"https:\/\/www.nexoinformativo.mx\/index.php\/2025\/07\/03\/ejercito-y-guardia-nacional-aliados-clave-en-la-batalla-contra-el-gusano-barrenador-del-ganado\/","title":{"rendered":"Ej\u00e9rcito y Guardia Nacional aliados clave en la batalla contra el gusano barrenador del ganado"},"content":{"rendered":"<p style=\"text-align: justify;\">El Ej\u00e9rcito y la Guardia Nacional se han convertido en pilares fundamentales para la Secretar\u00eda de Agricultura y Desarrollo Rural (AGRICULTURA) y su Servicio Nacional de Sanidad, Inocuidad y Calidad Agroalimentaria (Senasica) en la lucha contra el gusano barrenador del ganado (GBG).<\/p>\n<\/p>\n<p>&nbsp;<\/p>\n<p style=\"text-align: justify;\">Gracias a su apoyo activo, se han logrado interceptar 32 cargamentos infectados desde noviembre, evitando as\u00ed la peligrosa propagaci\u00f3n de esta plaga hacia el centro y norte de M\u00e9xico.<\/p>\n<\/p>\n<p>&nbsp;<\/p>\n<p style=\"text-align: justify;\">En la 97\u00aa Sesi\u00f3n Ordinaria del Consejo T\u00e9cnico del Senasica, Javier Calder\u00f3n, director en jefe del organismo, agradeci\u00f3 el apoyo interinstitucional del Ej\u00e9rcito y la Guardia Nacional. Su presencia es crucial para garantizar la seguridad del personal que realiza inspecciones de animales en el sur-sureste del pa\u00eds y para disuadir a transportistas que intentan evadir los puntos de verificaci\u00f3n.<\/p>\n<\/p>\n<p>&nbsp;<\/p>\n<p style=\"text-align: justify;\">La presencia conjunta del Ej\u00e9rcito y la Guardia Nacional ha sido clave en la intercepci\u00f3n de cargamentos de ganado en diferentes puntos de inspecci\u00f3n del pa\u00eds. Esto permite realizar revisiones f\u00edsicas y documentales rigurosas con el fin de mitigar los riesgos de diseminaci\u00f3n de la plaga a zonas que actualmente est\u00e1n libres.<\/p>\n<\/p>\n<p>&nbsp;<\/p>\n<p style=\"text-align: justify;\">Es importante recordar que, tras la activaci\u00f3n del Dispositivo Nacional de Emergencia de Sanidad Animal (Dinesa) en julio de 2024, el Gobierno de M\u00e9xico puso a disposici\u00f3n de AGRICULTURA el respaldo de distintas dependencias de seguridad. El objetivo es proteger a los t\u00e9cnicos en campo y minimizar los riesgos sanitarios durante la movilizaci\u00f3n de animales vivos.<\/p>\n<\/p>\n<p>&nbsp;<\/p>\n<p style=\"text-align: justify;\">Cabe destacar que, antes de la entrada del GBG a M\u00e9xico, elementos de la Secretar\u00eda de la Defensa ya hab\u00edan participado en dos simulacros de atenci\u00f3n del GBG en el sur del pa\u00eds, en Palenque y Tapachula, Chiapas. Estas acciones previas fortalecieron la coordinaci\u00f3n y comunicaci\u00f3n entre ambas dependencias, preparando el terreno para la eficaz colaboraci\u00f3n actual.<\/p>\n<\/p>\n<p>&nbsp;<\/p>\n<p style=\"text-align: center;\"><em><strong>\u00a1Informaci\u00f3n que transforma!<\/strong><\/em><\/p>\n","protected":false},"excerpt":{"rendered":"<p>El Ej\u00e9rcito y la Guardia Nacional se han convertido en pilares fundamentales para la Secretar\u00eda de Agricultura y Desarrollo Rural (AGRICULTURA) y su Servicio Nacional de Sanidad, Inocuidad y Calidad Agroalimentaria (Senasica) en la lucha contra el gusano barrenador del ganado (GBG).<\/p>\n","protected":false},"author":3,"featured_media":16331,"comment_status":"open","ping_status":"open","sticky":false,"template":"","format":"standard","meta":{"footnotes":""},"categories":[88,58],"tags":[4337,2042,4452,2044],"class_list":["post-16330","post","type-post","status-publish","format-standard","has-post-thumbnail","hentry","category-nacional","category-ultima-hora","tag-agriculturamx","tag-gusanobarrenador","tag-sanidadanimal","tag-senasica"],"yoast_head":"<!-- This site is optimized with the Yoast SEO plugin v25.0 - https:\/\/yoast.com\/wordpress\/plugins\/seo\/ -->\n<title>Ej\u00e9rcito y Guardia Nacional aliados clave en la batalla contra el gusano barrenador del ganado | Nexo Informativo Santiago de Quer\u00e9taro<\/title>\n<meta name=\"description\" content=\"Ej\u00e9rcito y Guardia Nacional aliados clave en la batalla contra el gusano barrenador del ganado\" \/>\n<meta name=\"robots\" content=\"index, follow, max-snippet:-1, max-image-preview:large, max-video-preview:-1\" \/>\n<link rel=\"canonical\" href=\"https:\/\/www.nexoinformativo.mx\/index.php\/2025\/07\/03\/ejercito-y-guardia-nacional-aliados-clave-en-la-batalla-contra-el-gusano-barrenador-del-ganado\/\" \/>\n<meta property=\"og:locale\" content=\"es_MX\" \/>\n<meta property=\"og:type\" content=\"article\" \/>\n<meta property=\"og:title\" content=\"Ej\u00e9rcito y Guardia Nacional aliados clave en la batalla contra el gusano barrenador del ganado | Nexo Informativo Santiago de Quer\u00e9taro\" \/>\n<meta property=\"og:description\" content=\"Ej\u00e9rcito y Guardia Nacional aliados clave en la batalla contra el gusano barrenador del ganado\" \/>\n<meta property=\"og:url\" content=\"https:\/\/www.nexoinformativo.mx\/index.php\/2025\/07\/03\/ejercito-y-guardia-nacional-aliados-clave-en-la-batalla-contra-el-gusano-barrenador-del-ganado\/\" \/>\n<meta property=\"og:site_name\" content=\"Nexo Informativo Santiago de Quer\u00e9taro\" \/>\n<meta property=\"article:publisher\" content=\"https:\/\/www.facebook.com\/people\/Nexo-Informativo\/61564066885511\/\" \/>\n<meta property=\"article:published_time\" content=\"2025-07-03T21:00:58+00:00\" \/>\n<meta property=\"article:modified_time\" content=\"2025-07-04T04:58:02+00:00\" \/>\n<meta property=\"og:image\" content=\"https:\/\/www.nexoinformativo.mx\/wp-content\/uploads\/2025\/07\/IMG_4787.jpg\" \/>\n\t<meta property=\"og:image:width\" content=\"650\" \/>\n\t<meta property=\"og:image:height\" content=\"380\" \/>\n\t<meta property=\"og:image:type\" content=\"image\/jpeg\" \/>\n<meta name=\"author\" content=\"Nexo Informativo\" \/>\n<meta name=\"twitter:card\" content=\"summary_large_image\" \/>\n<meta name=\"twitter:label1\" content=\"Escrito por\" \/>\n\t<meta name=\"twitter:data1\" content=\"Nexo Informativo\" \/>\n\t<meta name=\"twitter:label2\" content=\"Tiempo de lectura\" \/>\n\t<meta name=\"twitter:data2\" content=\"2 minutos\" \/>\n<script type=\"application\/ld+json\" class=\"yoast-schema-graph\">{\"@context\":\"https:\/\/schema.org\",\"@graph\":[{\"@type\":\"Article\",\"@id\":\"https:\/\/www.nexoinformativo.mx\/index.php\/2025\/07\/03\/ejercito-y-guardia-nacional-aliados-clave-en-la-batalla-contra-el-gusano-barrenador-del-ganado\/#article\",\"isPartOf\":{\"@id\":\"https:\/\/www.nexoinformativo.mx\/index.php\/2025\/07\/03\/ejercito-y-guardia-nacional-aliados-clave-en-la-batalla-contra-el-gusano-barrenador-del-ganado\/\"},\"author\":{\"name\":\"Nexo Informativo\",\"@id\":\"https:\/\/www.nexoinformativo.mx\/#\/schema\/person\/7749d380ba08c8ca00d7bc76fd907b7d\"},\"headline\":\"Ej\u00e9rcito y Guardia Nacional aliados clave en la batalla contra el gusano barrenador del ganado\",\"datePublished\":\"2025-07-03T21:00:58+00:00\",\"dateModified\":\"2025-07-04T04:58:02+00:00\",\"mainEntityOfPage\":{\"@id\":\"https:\/\/www.nexoinformativo.mx\/index.php\/2025\/07\/03\/ejercito-y-guardia-nacional-aliados-clave-en-la-batalla-contra-el-gusano-barrenador-del-ganado\/\"},\"wordCount\":348,\"commentCount\":0,\"publisher\":{\"@id\":\"https:\/\/www.nexoinformativo.mx\/#organization\"},\"image\":{\"@id\":\"https:\/\/www.nexoinformativo.mx\/index.php\/2025\/07\/03\/ejercito-y-guardia-nacional-aliados-clave-en-la-batalla-contra-el-gusano-barrenador-del-ganado\/#primaryimage\"},\"thumbnailUrl\":\"https:\/\/www.nexoinformativo.mx\/wp-content\/uploads\/2025\/07\/IMG_4787.jpg\",\"keywords\":[\"AgriculturaMX\",\"GusanoBarrenador\",\"SanidadAnimal\",\"Senasica\"],\"articleSection\":[\"Nacional\",\"\u00daltima Hora\"],\"inLanguage\":\"es\",\"potentialAction\":[{\"@type\":\"CommentAction\",\"name\":\"Comment\",\"target\":[\"https:\/\/www.nexoinformativo.mx\/index.php\/2025\/07\/03\/ejercito-y-guardia-nacional-aliados-clave-en-la-batalla-contra-el-gusano-barrenador-del-ganado\/#respond\"]}]},{\"@type\":\"WebPage\",\"@id\":\"https:\/\/www.nexoinformativo.mx\/index.php\/2025\/07\/03\/ejercito-y-guardia-nacional-aliados-clave-en-la-batalla-contra-el-gusano-barrenador-del-ganado\/\",\"url\":\"https:\/\/www.nexoinformativo.mx\/index.php\/2025\/07\/03\/ejercito-y-guardia-nacional-aliados-clave-en-la-batalla-contra-el-gusano-barrenador-del-ganado\/\",\"name\":\"Ej\u00e9rcito y Guardia Nacional aliados clave en la batalla contra el gusano barrenador del ganado | Nexo Informativo Santiago de Quer\u00e9taro\",\"isPartOf\":{\"@id\":\"https:\/\/www.nexoinformativo.mx\/#website\"},\"primaryImageOfPage\":{\"@id\":\"https:\/\/www.nexoinformativo.mx\/index.php\/2025\/07\/03\/ejercito-y-guardia-nacional-aliados-clave-en-la-batalla-contra-el-gusano-barrenador-del-ganado\/#primaryimage\"},\"image\":{\"@id\":\"https:\/\/www.nexoinformativo.mx\/index.php\/2025\/07\/03\/ejercito-y-guardia-nacional-aliados-clave-en-la-batalla-contra-el-gusano-barrenador-del-ganado\/#primaryimage\"},\"thumbnailUrl\":\"https:\/\/www.nexoinformativo.mx\/wp-content\/uploads\/2025\/07\/IMG_4787.jpg\",\"datePublished\":\"2025-07-03T21:00:58+00:00\",\"dateModified\":\"2025-07-04T04:58:02+00:00\",\"description\":\"Ej\u00e9rcito y Guardia Nacional aliados clave en la batalla contra el gusano barrenador del ganado\",\"breadcrumb\":{\"@id\":\"https:\/\/www.nexoinformativo.mx\/index.php\/2025\/07\/03\/ejercito-y-guardia-nacional-aliados-clave-en-la-batalla-contra-el-gusano-barrenador-del-ganado\/#breadcrumb\"},\"inLanguage\":\"es\",\"potentialAction\":[{\"@type\":\"ReadAction\",\"target\":[\"https:\/\/www.nexoinformativo.mx\/index.php\/2025\/07\/03\/ejercito-y-guardia-nacional-aliados-clave-en-la-batalla-contra-el-gusano-barrenador-del-ganado\/\"]}]},{\"@type\":\"ImageObject\",\"inLanguage\":\"es\",\"@id\":\"https:\/\/www.nexoinformativo.mx\/index.php\/2025\/07\/03\/ejercito-y-guardia-nacional-aliados-clave-en-la-batalla-contra-el-gusano-barrenador-del-ganado\/#primaryimage\",\"url\":\"https:\/\/www.nexoinformativo.mx\/wp-content\/uploads\/2025\/07\/IMG_4787.jpg\",\"contentUrl\":\"https:\/\/www.nexoinformativo.mx\/wp-content\/uploads\/2025\/07\/IMG_4787.jpg\",\"width\":650,\"height\":380},{\"@type\":\"BreadcrumbList\",\"@id\":\"https:\/\/www.nexoinformativo.mx\/index.php\/2025\/07\/03\/ejercito-y-guardia-nacional-aliados-clave-en-la-batalla-contra-el-gusano-barrenador-del-ganado\/#breadcrumb\",\"itemListElement\":[{\"@type\":\"ListItem\",\"position\":1,\"name\":\"Inicio\",\"item\":\"https:\/\/www.nexoinformativo.mx\/\"},{\"@type\":\"ListItem\",\"position\":2,\"name\":\"Ej\u00e9rcito y Guardia Nacional aliados clave en la batalla contra el gusano barrenador del ganado\"}]},{\"@type\":\"WebSite\",\"@id\":\"https:\/\/www.nexoinformativo.mx\/#website\",\"url\":\"https:\/\/www.nexoinformativo.mx\/\",\"name\":\"Nexo Informativo Santiago de Quer\u00e9taro\",\"description\":\"Explora NexoInformativo y convi\u00e9rtete en parte de una comunidad que valora el conocimiento y la verdad. Tu nexoinformativo es tu puente hacia una comprensi\u00f3n m\u00e1s profunda del mundo que te rodea.\",\"publisher\":{\"@id\":\"https:\/\/www.nexoinformativo.mx\/#organization\"},\"potentialAction\":[{\"@type\":\"SearchAction\",\"target\":{\"@type\":\"EntryPoint\",\"urlTemplate\":\"https:\/\/www.nexoinformativo.mx\/?s={search_term_string}\"},\"query-input\":{\"@type\":\"PropertyValueSpecification\",\"valueRequired\":true,\"valueName\":\"search_term_string\"}}],\"inLanguage\":\"es\"},{\"@type\":\"Organization\",\"@id\":\"https:\/\/www.nexoinformativo.mx\/#organization\",\"name\":\"Nexo Informativo Santiago de Quer\u00e9taro\",\"url\":\"https:\/\/www.nexoinformativo.mx\/\",\"logo\":{\"@type\":\"ImageObject\",\"inLanguage\":\"es\",\"@id\":\"https:\/\/www.nexoinformativo.mx\/#\/schema\/logo\/image\/\",\"url\":\"https:\/\/www.nexoinformativo.mx\/wp-content\/uploads\/2024\/07\/nexoi-trasparente-2.png\",\"contentUrl\":\"https:\/\/www.nexoinformativo.mx\/wp-content\/uploads\/2024\/07\/nexoi-trasparente-2.png\",\"width\":816,\"height\":339,\"caption\":\"Nexo Informativo Santiago de Quer\u00e9taro\"},\"image\":{\"@id\":\"https:\/\/www.nexoinformativo.mx\/#\/schema\/logo\/image\/\"},\"sameAs\":[\"https:\/\/www.facebook.com\/people\/Nexo-Informativo\/61564066885511\/\"]},{\"@type\":\"Person\",\"@id\":\"https:\/\/www.nexoinformativo.mx\/#\/schema\/person\/7749d380ba08c8ca00d7bc76fd907b7d\",\"name\":\"Nexo Informativo\",\"image\":{\"@type\":\"ImageObject\",\"inLanguage\":\"es\",\"@id\":\"https:\/\/www.nexoinformativo.mx\/#\/schema\/person\/image\/\",\"url\":\"https:\/\/secure.gravatar.com\/avatar\/dde2928154642a13d95f87ddf1ea9718fe2b46760a005c53e41ff5ad610704e6?s=96&d=mm&r=g\",\"contentUrl\":\"https:\/\/secure.gravatar.com\/avatar\/dde2928154642a13d95f87ddf1ea9718fe2b46760a005c53e41ff5ad610704e6?s=96&d=mm&r=g\",\"caption\":\"Nexo Informativo\"},\"url\":\"https:\/\/www.nexoinformativo.mx\/index.php\/author\/edicion\/\"}]}<\/script>\n<!-- \/ Yoast SEO plugin. -->","yoast_head_json":{"title":"Ej\u00e9rcito y Guardia Nacional aliados clave en la batalla contra el gusano barrenador del ganado | Nexo Informativo Santiago de Quer\u00e9taro","description":"Ej\u00e9rcito y Guardia Nacional aliados clave en la batalla contra el gusano barrenador del ganado","robots":{"index":"index","follow":"follow","max-snippet":"max-snippet:-1","max-image-preview":"max-image-preview:large","max-video-preview":"max-video-preview:-1"},"canonical":"https:\/\/www.nexoinformativo.mx\/index.php\/2025\/07\/03\/ejercito-y-guardia-nacional-aliados-clave-en-la-batalla-contra-el-gusano-barrenador-del-ganado\/","og_locale":"es_MX","og_type":"article","og_title":"Ej\u00e9rcito y Guardia Nacional aliados clave en la batalla contra el gusano barrenador del ganado | Nexo Informativo Santiago de Quer\u00e9taro","og_description":"Ej\u00e9rcito y Guardia Nacional aliados clave en la batalla contra el gusano barrenador del ganado","og_url":"https:\/\/www.nexoinformativo.mx\/index.php\/2025\/07\/03\/ejercito-y-guardia-nacional-aliados-clave-en-la-batalla-contra-el-gusano-barrenador-del-ganado\/","og_site_name":"Nexo Informativo Santiago de Quer\u00e9taro","article_publisher":"https:\/\/www.facebook.com\/people\/Nexo-Informativo\/61564066885511\/","article_published_time":"2025-07-03T21:00:58+00:00","article_modified_time":"2025-07-04T04:58:02+00:00","og_image":[{"width":650,"height":380,"url":"https:\/\/www.nexoinformativo.mx\/wp-content\/uploads\/2025\/07\/IMG_4787.jpg","type":"image\/jpeg"}],"author":"Nexo Informativo","twitter_card":"summary_large_image","twitter_misc":{"Escrito por":"Nexo Informativo","Tiempo de lectura":"2 minutos"},"schema":{"@context":"https:\/\/schema.org","@graph":[{"@type":"Article","@id":"https:\/\/www.nexoinformativo.mx\/index.php\/2025\/07\/03\/ejercito-y-guardia-nacional-aliados-clave-en-la-batalla-contra-el-gusano-barrenador-del-ganado\/#article","isPartOf":{"@id":"https:\/\/www.nexoinformativo.mx\/index.php\/2025\/07\/03\/ejercito-y-guardia-nacional-aliados-clave-en-la-batalla-contra-el-gusano-barrenador-del-ganado\/"},"author":{"name":"Nexo Informativo","@id":"https:\/\/www.nexoinformativo.mx\/#\/schema\/person\/7749d380ba08c8ca00d7bc76fd907b7d"},"headline":"Ej\u00e9rcito y Guardia Nacional aliados clave en la batalla contra el gusano barrenador del ganado","datePublished":"2025-07-03T21:00:58+00:00","dateModified":"2025-07-04T04:58:02+00:00","mainEntityOfPage":{"@id":"https:\/\/www.nexoinformativo.mx\/index.php\/2025\/07\/03\/ejercito-y-guardia-nacional-aliados-clave-en-la-batalla-contra-el-gusano-barrenador-del-ganado\/"},"wordCount":348,"commentCount":0,"publisher":{"@id":"https:\/\/www.nexoinformativo.mx\/#organization"},"image":{"@id":"https:\/\/www.nexoinformativo.mx\/index.php\/2025\/07\/03\/ejercito-y-guardia-nacional-aliados-clave-en-la-batalla-contra-el-gusano-barrenador-del-ganado\/#primaryimage"},"thumbnailUrl":"https:\/\/www.nexoinformativo.mx\/wp-content\/uploads\/2025\/07\/IMG_4787.jpg","keywords":["AgriculturaMX","GusanoBarrenador","SanidadAnimal","Senasica"],"articleSection":["Nacional","\u00daltima Hora"],"inLanguage":"es","potentialAction":[{"@type":"CommentAction","name":"Comment","target":["https:\/\/www.nexoinformativo.mx\/index.php\/2025\/07\/03\/ejercito-y-guardia-nacional-aliados-clave-en-la-batalla-contra-el-gusano-barrenador-del-ganado\/#respond"]}]},{"@type":"WebPage","@id":"https:\/\/www.nexoinformativo.mx\/index.php\/2025\/07\/03\/ejercito-y-guardia-nacional-aliados-clave-en-la-batalla-contra-el-gusano-barrenador-del-ganado\/","url":"https:\/\/www.nexoinformativo.mx\/index.php\/2025\/07\/03\/ejercito-y-guardia-nacional-aliados-clave-en-la-batalla-contra-el-gusano-barrenador-del-ganado\/","name":"Ej\u00e9rcito y Guardia Nacional aliados clave en la batalla contra el gusano barrenador del ganado | Nexo Informativo Santiago de Quer\u00e9taro","isPartOf":{"@id":"https:\/\/www.nexoinformativo.mx\/#website"},"primaryImageOfPage":{"@id":"https:\/\/www.nexoinformativo.mx\/index.php\/2025\/07\/03\/ejercito-y-guardia-nacional-aliados-clave-en-la-batalla-contra-el-gusano-barrenador-del-ganado\/#primaryimage"},"image":{"@id":"https:\/\/www.nexoinformativo.mx\/index.php\/2025\/07\/03\/ejercito-y-guardia-nacional-aliados-clave-en-la-batalla-contra-el-gusano-barrenador-del-ganado\/#primaryimage"},"thumbnailUrl":"https:\/\/www.nexoinformativo.mx\/wp-content\/uploads\/2025\/07\/IMG_4787.jpg","datePublished":"2025-07-03T21:00:58+00:00","dateModified":"2025-07-04T04:58:02+00:00","description":"Ej\u00e9rcito y Guardia Nacional aliados clave en la batalla contra el gusano barrenador del ganado","breadcrumb":{"@id":"https:\/\/www.nexoinformativo.mx\/index.php\/2025\/07\/03\/ejercito-y-guardia-nacional-aliados-clave-en-la-batalla-contra-el-gusano-barrenador-del-ganado\/#breadcrumb"},"inLanguage":"es","potentialAction":[{"@type":"ReadAction","target":["https:\/\/www.nexoinformativo.mx\/index.php\/2025\/07\/03\/ejercito-y-guardia-nacional-aliados-clave-en-la-batalla-contra-el-gusano-barrenador-del-ganado\/"]}]},{"@type":"ImageObject","inLanguage":"es","@id":"https:\/\/www.nexoinformativo.mx\/index.php\/2025\/07\/03\/ejercito-y-guardia-nacional-aliados-clave-en-la-batalla-contra-el-gusano-barrenador-del-ganado\/#primaryimage","url":"https:\/\/www.nexoinformativo.mx\/wp-content\/uploads\/2025\/07\/IMG_4787.jpg","contentUrl":"https:\/\/www.nexoinformativo.mx\/wp-content\/uploads\/2025\/07\/IMG_4787.jpg","width":650,"height":380},{"@type":"BreadcrumbList","@id":"https:\/\/www.nexoinformativo.mx\/index.php\/2025\/07\/03\/ejercito-y-guardia-nacional-aliados-clave-en-la-batalla-contra-el-gusano-barrenador-del-ganado\/#breadcrumb","itemListElement":[{"@type":"ListItem","position":1,"name":"Inicio","item":"https:\/\/www.nexoinformativo.mx\/"},{"@type":"ListItem","position":2,"name":"Ej\u00e9rcito y Guardia Nacional aliados clave en la batalla contra el gusano barrenador del ganado"}]},{"@type":"WebSite","@id":"https:\/\/www.nexoinformativo.mx\/#website","url":"https:\/\/www.nexoinformativo.mx\/","name":"Nexo Informativo Santiago de Quer\u00e9taro","description":"Explora NexoInformativo y convi\u00e9rtete en parte de una comunidad que valora el conocimiento y la verdad. Tu nexoinformativo es tu puente hacia una comprensi\u00f3n m\u00e1s profunda del mundo que te rodea.","publisher":{"@id":"https:\/\/www.nexoinformativo.mx\/#organization"},"potentialAction":[{"@type":"SearchAction","target":{"@type":"EntryPoint","urlTemplate":"https:\/\/www.nexoinformativo.mx\/?s={search_term_string}"},"query-input":{"@type":"PropertyValueSpecification","valueRequired":true,"valueName":"search_term_string"}}],"inLanguage":"es"},{"@type":"Organization","@id":"https:\/\/www.nexoinformativo.mx\/#organization","name":"Nexo Informativo Santiago de Quer\u00e9taro","url":"https:\/\/www.nexoinformativo.mx\/","logo":{"@type":"ImageObject","inLanguage":"es","@id":"https:\/\/www.nexoinformativo.mx\/#\/schema\/logo\/image\/","url":"https:\/\/www.nexoinformativo.mx\/wp-content\/uploads\/2024\/07\/nexoi-trasparente-2.png","contentUrl":"https:\/\/www.nexoinformativo.mx\/wp-content\/uploads\/2024\/07\/nexoi-trasparente-2.png","width":816,"height":339,"caption":"Nexo Informativo Santiago de Quer\u00e9taro"},"image":{"@id":"https:\/\/www.nexoinformativo.mx\/#\/schema\/logo\/image\/"},"sameAs":["https:\/\/www.facebook.com\/people\/Nexo-Informativo\/61564066885511\/"]},{"@type":"Person","@id":"https:\/\/www.nexoinformativo.mx\/#\/schema\/person\/7749d380ba08c8ca00d7bc76fd907b7d","name":"Nexo Informativo","image":{"@type":"ImageObject","inLanguage":"es","@id":"https:\/\/www.nexoinformativo.mx\/#\/schema\/person\/image\/","url":"https:\/\/secure.gravatar.com\/avatar\/dde2928154642a13d95f87ddf1ea9718fe2b46760a005c53e41ff5ad610704e6?s=96&d=mm&r=g","contentUrl":"https:\/\/secure.gravatar.com\/avatar\/dde2928154642a13d95f87ddf1ea9718fe2b46760a005c53e41ff5ad610704e6?s=96&d=mm&r=g","caption":"Nexo Informativo"},"url":"https:\/\/www.nexoinformativo.mx\/index.php\/author\/edicion\/"}]}},"_links":{"self":[{"href":"https:\/\/www.nexoinformativo.mx\/index.php\/wp-json\/wp\/v2\/posts\/16330","targetHints":{"allow":["GET"]}}],"collection":[{"href":"https:\/\/www.nexoinformativo.mx\/index.php\/wp-json\/wp\/v2\/posts"}],"about":[{"href":"https:\/\/www.nexoinformativo.mx\/index.php\/wp-json\/wp\/v2\/types\/post"}],"author":[{"embeddable":true,"href":"https:\/\/www.nexoinformativo.mx\/index.php\/wp-json\/wp\/v2\/users\/3"}],"replies":[{"embeddable":true,"href":"https:\/\/www.nexoinformativo.mx\/index.php\/wp-json\/wp\/v2\/comments?post=16330"}],"version-history":[{"count":3,"href":"https:\/\/www.nexoinformativo.mx\/index.php\/wp-json\/wp\/v2\/posts\/16330\/revisions"}],"predecessor-version":[{"id":16334,"href":"https:\/\/www.nexoinformativo.mx\/index.php\/wp-json\/wp\/v2\/posts\/16330\/revisions\/16334"}],"wp:featuredmedia":[{"embeddable":true,"href":"https:\/\/www.nexoinformativo.mx\/index.php\/wp-json\/wp\/v2\/media\/16331"}],"wp:attachment":[{"href":"https:\/\/www.nexoinformativo.mx\/index.php\/wp-json\/wp\/v2\/media?parent=16330"}],"wp:term":[{"taxonomy":"category","embeddable":true,"href":"https:\/\/www.nexoinformativo.mx\/index.php\/wp-json\/wp\/v2\/categories?post=16330"},{"taxonomy":"post_tag","embeddable":true,"href":"https:\/\/www.nexoinformativo.mx\/index.php\/wp-json\/wp\/v2\/tags?post=16330"}],"curies":[{"name":"wp","href":"https:\/\/api.w.org\/{rel}","templated":true}]}}