{"id":1634,"date":"2024-09-05T17:00:50","date_gmt":"2024-09-05T23:00:50","guid":{"rendered":"https:\/\/www.nexoinformativo.mx\/?p=1634"},"modified":"2024-09-05T21:07:27","modified_gmt":"2024-09-06T03:07:27","slug":"inauguran-el-hay-festival-queretaro-2024-dialogo-y-cultura-a-nivel-internacional","status":"publish","type":"post","link":"https:\/\/www.nexoinformativo.mx\/index.php\/2024\/09\/05\/inauguran-el-hay-festival-queretaro-2024-dialogo-y-cultura-a-nivel-internacional\/","title":{"rendered":"Inauguran &#8220;Hay Festival Quer\u00e9taro 2024&#8221;, Di\u00e1logo y Cultura a Nivel Internacional"},"content":{"rendered":"<p style=\"text-align: justify;\">El presidente municipal de Quer\u00e9taro, Luis Nava, inaugur\u00f3 la novena edici\u00f3n del Hay Festival Quer\u00e9taro 2024, un evento internacional que fomenta el di\u00e1logo y el intercambio cultural e intelectual. Acompa\u00f1ado por Cristina Fuentes La Roche, directora internacional del festival, y Kailash Satyarthi, Premio Nobel de la Paz 2014, Nava destac\u00f3 la importancia del festival como plataforma de reflexi\u00f3n sobre temas globales como el cambio clim\u00e1tico, la igualdad y las libertades democr\u00e1ticas.<\/p>\n<p>&nbsp;<\/p>\n<p style=\"text-align: justify;\">Con m\u00e1s de 90 eventos y participantes de 22 pa\u00edses, el Hay Festival se desarrollar\u00e1 del 5 al 8 de septiembre en Quer\u00e9taro. Entre las actividades m\u00e1s esperadas est\u00e1 la proyecci\u00f3n del documental &#8220;Somos el Barrio&#8221;, el viernes 6 de septiembre a las 21:00 horas en la Cineteca Rosal\u00edo Solano. Tambi\u00e9n habr\u00e1 participaciones de figuras literarias y musicales, como Javier Moro, Leila Guerriero, Lila Downs, y Colin Greenwood, entre otros.<\/p>\n<p>&nbsp;<\/p>\n<p style=\"text-align: justify;\">Este evento gratuito para estudiantes y mayores de 65 a\u00f1os, con registro previo, es una oportunidad \u00fanica para el acceso a la cultura y la reflexi\u00f3n colectiva.<\/p>\n","protected":false},"excerpt":{"rendered":"<p>El presidente municipal de Quer\u00e9taro, Luis Nava, inaugur\u00f3 la novena edici\u00f3n del Hay Festival Quer\u00e9taro 2024, un evento internacional que fomenta el di\u00e1logo y el intercambio cultural e intelectual. Acompa\u00f1ado por Cristina Fuentes La Roche, directora internacional del festival, y Kailash Satyarthi, Premio Nobel de la Paz 2014, Nava destac\u00f3 la importancia del festival como plataforma de reflexi\u00f3n sobre temas globales como el cambio clim\u00e1tico, la igualdad y las libertades democr\u00e1ticas.<\/p>\n","protected":false},"author":3,"featured_media":1639,"comment_status":"open","ping_status":"open","sticky":false,"template":"","format":"standard","meta":{"footnotes":""},"categories":[65],"tags":[544,543,545,344],"class_list":["post-1634","post","type-post","status-publish","format-standard","has-post-thumbnail","hentry","category-municipios","tag-culturaydialogo","tag-hayfestivalqueretaro","tag-luisnavainaugura","tag-queretaro2024"],"yoast_head":"<!-- This site is optimized with the Yoast SEO plugin v25.0 - https:\/\/yoast.com\/wordpress\/plugins\/seo\/ -->\n<title>Inauguran &quot;Hay Festival Quer\u00e9taro 2024&quot;, Di\u00e1logo y Cultura a Nivel Internacional | Nexo Informativo Santiago de Quer\u00e9taro<\/title>\n<meta name=\"description\" content=\"Inauguran el Hay Festival Quer\u00e9taro 2024, Di\u00e1logo y Cultura a Nivel Internacional\" \/>\n<meta name=\"robots\" content=\"index, follow, max-snippet:-1, max-image-preview:large, max-video-preview:-1\" \/>\n<link rel=\"canonical\" href=\"https:\/\/www.nexoinformativo.mx\/index.php\/2024\/09\/05\/inauguran-el-hay-festival-queretaro-2024-dialogo-y-cultura-a-nivel-internacional\/\" \/>\n<meta property=\"og:locale\" content=\"es_MX\" \/>\n<meta property=\"og:type\" content=\"article\" \/>\n<meta property=\"og:title\" content=\"Inauguran &quot;Hay Festival Quer\u00e9taro 2024&quot;, Di\u00e1logo y Cultura a Nivel Internacional | Nexo Informativo Santiago de Quer\u00e9taro\" \/>\n<meta property=\"og:description\" content=\"Inauguran el Hay Festival Quer\u00e9taro 2024, Di\u00e1logo y Cultura a Nivel Internacional\" \/>\n<meta property=\"og:url\" content=\"https:\/\/www.nexoinformativo.mx\/index.php\/2024\/09\/05\/inauguran-el-hay-festival-queretaro-2024-dialogo-y-cultura-a-nivel-internacional\/\" \/>\n<meta property=\"og:site_name\" content=\"Nexo Informativo Santiago de Quer\u00e9taro\" \/>\n<meta property=\"article:publisher\" content=\"https:\/\/www.facebook.com\/people\/Nexo-Informativo\/61564066885511\/\" \/>\n<meta property=\"article:published_time\" content=\"2024-09-05T23:00:50+00:00\" \/>\n<meta property=\"article:modified_time\" content=\"2024-09-06T03:07:27+00:00\" \/>\n<meta property=\"og:image\" content=\"https:\/\/www.nexoinformativo.mx\/wp-content\/uploads\/2024\/09\/unnamed-21-e1725591471632.jpg\" \/>\n\t<meta property=\"og:image:width\" content=\"800\" \/>\n\t<meta property=\"og:image:height\" content=\"533\" \/>\n\t<meta property=\"og:image:type\" content=\"image\/jpeg\" \/>\n<meta name=\"author\" content=\"Nexo Informativo\" \/>\n<meta name=\"twitter:card\" content=\"summary_large_image\" \/>\n<meta name=\"twitter:label1\" content=\"Escrito por\" \/>\n\t<meta name=\"twitter:data1\" content=\"Nexo Informativo\" \/>\n\t<meta name=\"twitter:label2\" content=\"Tiempo de lectura\" \/>\n\t<meta name=\"twitter:data2\" content=\"1 minuto\" \/>\n<script type=\"application\/ld+json\" class=\"yoast-schema-graph\">{\"@context\":\"https:\/\/schema.org\",\"@graph\":[{\"@type\":\"Article\",\"@id\":\"https:\/\/www.nexoinformativo.mx\/index.php\/2024\/09\/05\/inauguran-el-hay-festival-queretaro-2024-dialogo-y-cultura-a-nivel-internacional\/#article\",\"isPartOf\":{\"@id\":\"https:\/\/www.nexoinformativo.mx\/index.php\/2024\/09\/05\/inauguran-el-hay-festival-queretaro-2024-dialogo-y-cultura-a-nivel-internacional\/\"},\"author\":{\"name\":\"Nexo Informativo\",\"@id\":\"https:\/\/www.nexoinformativo.mx\/#\/schema\/person\/7749d380ba08c8ca00d7bc76fd907b7d\"},\"headline\":\"Inauguran &#8220;Hay Festival Quer\u00e9taro 2024&#8221;, Di\u00e1logo y Cultura a Nivel Internacional\",\"datePublished\":\"2024-09-05T23:00:50+00:00\",\"dateModified\":\"2024-09-06T03:07:27+00:00\",\"mainEntityOfPage\":{\"@id\":\"https:\/\/www.nexoinformativo.mx\/index.php\/2024\/09\/05\/inauguran-el-hay-festival-queretaro-2024-dialogo-y-cultura-a-nivel-internacional\/\"},\"wordCount\":190,\"commentCount\":0,\"publisher\":{\"@id\":\"https:\/\/www.nexoinformativo.mx\/#organization\"},\"image\":{\"@id\":\"https:\/\/www.nexoinformativo.mx\/index.php\/2024\/09\/05\/inauguran-el-hay-festival-queretaro-2024-dialogo-y-cultura-a-nivel-internacional\/#primaryimage\"},\"thumbnailUrl\":\"https:\/\/www.nexoinformativo.mx\/wp-content\/uploads\/2024\/09\/unnamed-21-e1725591471632.jpg\",\"keywords\":[\"CulturaYDi\u00e1logo\",\"HayFestivalQuer\u00e9taro\",\"LuisNavaInaugura\",\"Quer\u00e9taro2024\"],\"articleSection\":[\"Municipios\"],\"inLanguage\":\"es\",\"potentialAction\":[{\"@type\":\"CommentAction\",\"name\":\"Comment\",\"target\":[\"https:\/\/www.nexoinformativo.mx\/index.php\/2024\/09\/05\/inauguran-el-hay-festival-queretaro-2024-dialogo-y-cultura-a-nivel-internacional\/#respond\"]}]},{\"@type\":\"WebPage\",\"@id\":\"https:\/\/www.nexoinformativo.mx\/index.php\/2024\/09\/05\/inauguran-el-hay-festival-queretaro-2024-dialogo-y-cultura-a-nivel-internacional\/\",\"url\":\"https:\/\/www.nexoinformativo.mx\/index.php\/2024\/09\/05\/inauguran-el-hay-festival-queretaro-2024-dialogo-y-cultura-a-nivel-internacional\/\",\"name\":\"Inauguran \\\"Hay Festival Quer\u00e9taro 2024\\\", Di\u00e1logo y Cultura a Nivel Internacional | Nexo Informativo Santiago de Quer\u00e9taro\",\"isPartOf\":{\"@id\":\"https:\/\/www.nexoinformativo.mx\/#website\"},\"primaryImageOfPage\":{\"@id\":\"https:\/\/www.nexoinformativo.mx\/index.php\/2024\/09\/05\/inauguran-el-hay-festival-queretaro-2024-dialogo-y-cultura-a-nivel-internacional\/#primaryimage\"},\"image\":{\"@id\":\"https:\/\/www.nexoinformativo.mx\/index.php\/2024\/09\/05\/inauguran-el-hay-festival-queretaro-2024-dialogo-y-cultura-a-nivel-internacional\/#primaryimage\"},\"thumbnailUrl\":\"https:\/\/www.nexoinformativo.mx\/wp-content\/uploads\/2024\/09\/unnamed-21-e1725591471632.jpg\",\"datePublished\":\"2024-09-05T23:00:50+00:00\",\"dateModified\":\"2024-09-06T03:07:27+00:00\",\"description\":\"Inauguran el Hay Festival Quer\u00e9taro 2024, Di\u00e1logo y Cultura a Nivel Internacional\",\"breadcrumb\":{\"@id\":\"https:\/\/www.nexoinformativo.mx\/index.php\/2024\/09\/05\/inauguran-el-hay-festival-queretaro-2024-dialogo-y-cultura-a-nivel-internacional\/#breadcrumb\"},\"inLanguage\":\"es\",\"potentialAction\":[{\"@type\":\"ReadAction\",\"target\":[\"https:\/\/www.nexoinformativo.mx\/index.php\/2024\/09\/05\/inauguran-el-hay-festival-queretaro-2024-dialogo-y-cultura-a-nivel-internacional\/\"]}]},{\"@type\":\"ImageObject\",\"inLanguage\":\"es\",\"@id\":\"https:\/\/www.nexoinformativo.mx\/index.php\/2024\/09\/05\/inauguran-el-hay-festival-queretaro-2024-dialogo-y-cultura-a-nivel-internacional\/#primaryimage\",\"url\":\"https:\/\/www.nexoinformativo.mx\/wp-content\/uploads\/2024\/09\/unnamed-21-e1725591471632.jpg\",\"contentUrl\":\"https:\/\/www.nexoinformativo.mx\/wp-content\/uploads\/2024\/09\/unnamed-21-e1725591471632.jpg\",\"width\":800,\"height\":533},{\"@type\":\"BreadcrumbList\",\"@id\":\"https:\/\/www.nexoinformativo.mx\/index.php\/2024\/09\/05\/inauguran-el-hay-festival-queretaro-2024-dialogo-y-cultura-a-nivel-internacional\/#breadcrumb\",\"itemListElement\":[{\"@type\":\"ListItem\",\"position\":1,\"name\":\"Inicio\",\"item\":\"https:\/\/www.nexoinformativo.mx\/\"},{\"@type\":\"ListItem\",\"position\":2,\"name\":\"Inauguran &#8220;Hay Festival Quer\u00e9taro 2024&#8221;, Di\u00e1logo y Cultura a Nivel Internacional\"}]},{\"@type\":\"WebSite\",\"@id\":\"https:\/\/www.nexoinformativo.mx\/#website\",\"url\":\"https:\/\/www.nexoinformativo.mx\/\",\"name\":\"Nexo Informativo Santiago de Quer\u00e9taro\",\"description\":\"Explora NexoInformativo y convi\u00e9rtete en parte de una comunidad que valora el conocimiento y la verdad. Tu nexoinformativo es tu puente hacia una comprensi\u00f3n m\u00e1s profunda del mundo que te rodea.\",\"publisher\":{\"@id\":\"https:\/\/www.nexoinformativo.mx\/#organization\"},\"potentialAction\":[{\"@type\":\"SearchAction\",\"target\":{\"@type\":\"EntryPoint\",\"urlTemplate\":\"https:\/\/www.nexoinformativo.mx\/?s={search_term_string}\"},\"query-input\":{\"@type\":\"PropertyValueSpecification\",\"valueRequired\":true,\"valueName\":\"search_term_string\"}}],\"inLanguage\":\"es\"},{\"@type\":\"Organization\",\"@id\":\"https:\/\/www.nexoinformativo.mx\/#organization\",\"name\":\"Nexo Informativo Santiago de Quer\u00e9taro\",\"url\":\"https:\/\/www.nexoinformativo.mx\/\",\"logo\":{\"@type\":\"ImageObject\",\"inLanguage\":\"es\",\"@id\":\"https:\/\/www.nexoinformativo.mx\/#\/schema\/logo\/image\/\",\"url\":\"https:\/\/www.nexoinformativo.mx\/wp-content\/uploads\/2024\/07\/nexoi-trasparente-2.png\",\"contentUrl\":\"https:\/\/www.nexoinformativo.mx\/wp-content\/uploads\/2024\/07\/nexoi-trasparente-2.png\",\"width\":816,\"height\":339,\"caption\":\"Nexo Informativo Santiago de Quer\u00e9taro\"},\"image\":{\"@id\":\"https:\/\/www.nexoinformativo.mx\/#\/schema\/logo\/image\/\"},\"sameAs\":[\"https:\/\/www.facebook.com\/people\/Nexo-Informativo\/61564066885511\/\"]},{\"@type\":\"Person\",\"@id\":\"https:\/\/www.nexoinformativo.mx\/#\/schema\/person\/7749d380ba08c8ca00d7bc76fd907b7d\",\"name\":\"Nexo Informativo\",\"image\":{\"@type\":\"ImageObject\",\"inLanguage\":\"es\",\"@id\":\"https:\/\/www.nexoinformativo.mx\/#\/schema\/person\/image\/\",\"url\":\"https:\/\/secure.gravatar.com\/avatar\/dde2928154642a13d95f87ddf1ea9718fe2b46760a005c53e41ff5ad610704e6?s=96&d=mm&r=g\",\"contentUrl\":\"https:\/\/secure.gravatar.com\/avatar\/dde2928154642a13d95f87ddf1ea9718fe2b46760a005c53e41ff5ad610704e6?s=96&d=mm&r=g\",\"caption\":\"Nexo Informativo\"},\"url\":\"https:\/\/www.nexoinformativo.mx\/index.php\/author\/edicion\/\"}]}<\/script>\n<!-- \/ Yoast SEO plugin. -->","yoast_head_json":{"title":"Inauguran \"Hay Festival Quer\u00e9taro 2024\", Di\u00e1logo y Cultura a Nivel Internacional | Nexo Informativo Santiago de Quer\u00e9taro","description":"Inauguran el Hay Festival Quer\u00e9taro 2024, Di\u00e1logo y Cultura a Nivel Internacional","robots":{"index":"index","follow":"follow","max-snippet":"max-snippet:-1","max-image-preview":"max-image-preview:large","max-video-preview":"max-video-preview:-1"},"canonical":"https:\/\/www.nexoinformativo.mx\/index.php\/2024\/09\/05\/inauguran-el-hay-festival-queretaro-2024-dialogo-y-cultura-a-nivel-internacional\/","og_locale":"es_MX","og_type":"article","og_title":"Inauguran \"Hay Festival Quer\u00e9taro 2024\", Di\u00e1logo y Cultura a Nivel Internacional | Nexo Informativo Santiago de Quer\u00e9taro","og_description":"Inauguran el Hay Festival Quer\u00e9taro 2024, Di\u00e1logo y Cultura a Nivel Internacional","og_url":"https:\/\/www.nexoinformativo.mx\/index.php\/2024\/09\/05\/inauguran-el-hay-festival-queretaro-2024-dialogo-y-cultura-a-nivel-internacional\/","og_site_name":"Nexo Informativo Santiago de Quer\u00e9taro","article_publisher":"https:\/\/www.facebook.com\/people\/Nexo-Informativo\/61564066885511\/","article_published_time":"2024-09-05T23:00:50+00:00","article_modified_time":"2024-09-06T03:07:27+00:00","og_image":[{"width":800,"height":533,"url":"https:\/\/www.nexoinformativo.mx\/wp-content\/uploads\/2024\/09\/unnamed-21-e1725591471632.jpg","type":"image\/jpeg"}],"author":"Nexo Informativo","twitter_card":"summary_large_image","twitter_misc":{"Escrito por":"Nexo Informativo","Tiempo de lectura":"1 minuto"},"schema":{"@context":"https:\/\/schema.org","@graph":[{"@type":"Article","@id":"https:\/\/www.nexoinformativo.mx\/index.php\/2024\/09\/05\/inauguran-el-hay-festival-queretaro-2024-dialogo-y-cultura-a-nivel-internacional\/#article","isPartOf":{"@id":"https:\/\/www.nexoinformativo.mx\/index.php\/2024\/09\/05\/inauguran-el-hay-festival-queretaro-2024-dialogo-y-cultura-a-nivel-internacional\/"},"author":{"name":"Nexo Informativo","@id":"https:\/\/www.nexoinformativo.mx\/#\/schema\/person\/7749d380ba08c8ca00d7bc76fd907b7d"},"headline":"Inauguran &#8220;Hay Festival Quer\u00e9taro 2024&#8221;, Di\u00e1logo y Cultura a Nivel Internacional","datePublished":"2024-09-05T23:00:50+00:00","dateModified":"2024-09-06T03:07:27+00:00","mainEntityOfPage":{"@id":"https:\/\/www.nexoinformativo.mx\/index.php\/2024\/09\/05\/inauguran-el-hay-festival-queretaro-2024-dialogo-y-cultura-a-nivel-internacional\/"},"wordCount":190,"commentCount":0,"publisher":{"@id":"https:\/\/www.nexoinformativo.mx\/#organization"},"image":{"@id":"https:\/\/www.nexoinformativo.mx\/index.php\/2024\/09\/05\/inauguran-el-hay-festival-queretaro-2024-dialogo-y-cultura-a-nivel-internacional\/#primaryimage"},"thumbnailUrl":"https:\/\/www.nexoinformativo.mx\/wp-content\/uploads\/2024\/09\/unnamed-21-e1725591471632.jpg","keywords":["CulturaYDi\u00e1logo","HayFestivalQuer\u00e9taro","LuisNavaInaugura","Quer\u00e9taro2024"],"articleSection":["Municipios"],"inLanguage":"es","potentialAction":[{"@type":"CommentAction","name":"Comment","target":["https:\/\/www.nexoinformativo.mx\/index.php\/2024\/09\/05\/inauguran-el-hay-festival-queretaro-2024-dialogo-y-cultura-a-nivel-internacional\/#respond"]}]},{"@type":"WebPage","@id":"https:\/\/www.nexoinformativo.mx\/index.php\/2024\/09\/05\/inauguran-el-hay-festival-queretaro-2024-dialogo-y-cultura-a-nivel-internacional\/","url":"https:\/\/www.nexoinformativo.mx\/index.php\/2024\/09\/05\/inauguran-el-hay-festival-queretaro-2024-dialogo-y-cultura-a-nivel-internacional\/","name":"Inauguran \"Hay Festival Quer\u00e9taro 2024\", Di\u00e1logo y Cultura a Nivel Internacional | Nexo Informativo Santiago de Quer\u00e9taro","isPartOf":{"@id":"https:\/\/www.nexoinformativo.mx\/#website"},"primaryImageOfPage":{"@id":"https:\/\/www.nexoinformativo.mx\/index.php\/2024\/09\/05\/inauguran-el-hay-festival-queretaro-2024-dialogo-y-cultura-a-nivel-internacional\/#primaryimage"},"image":{"@id":"https:\/\/www.nexoinformativo.mx\/index.php\/2024\/09\/05\/inauguran-el-hay-festival-queretaro-2024-dialogo-y-cultura-a-nivel-internacional\/#primaryimage"},"thumbnailUrl":"https:\/\/www.nexoinformativo.mx\/wp-content\/uploads\/2024\/09\/unnamed-21-e1725591471632.jpg","datePublished":"2024-09-05T23:00:50+00:00","dateModified":"2024-09-06T03:07:27+00:00","description":"Inauguran el Hay Festival Quer\u00e9taro 2024, Di\u00e1logo y Cultura a Nivel Internacional","breadcrumb":{"@id":"https:\/\/www.nexoinformativo.mx\/index.php\/2024\/09\/05\/inauguran-el-hay-festival-queretaro-2024-dialogo-y-cultura-a-nivel-internacional\/#breadcrumb"},"inLanguage":"es","potentialAction":[{"@type":"ReadAction","target":["https:\/\/www.nexoinformativo.mx\/index.php\/2024\/09\/05\/inauguran-el-hay-festival-queretaro-2024-dialogo-y-cultura-a-nivel-internacional\/"]}]},{"@type":"ImageObject","inLanguage":"es","@id":"https:\/\/www.nexoinformativo.mx\/index.php\/2024\/09\/05\/inauguran-el-hay-festival-queretaro-2024-dialogo-y-cultura-a-nivel-internacional\/#primaryimage","url":"https:\/\/www.nexoinformativo.mx\/wp-content\/uploads\/2024\/09\/unnamed-21-e1725591471632.jpg","contentUrl":"https:\/\/www.nexoinformativo.mx\/wp-content\/uploads\/2024\/09\/unnamed-21-e1725591471632.jpg","width":800,"height":533},{"@type":"BreadcrumbList","@id":"https:\/\/www.nexoinformativo.mx\/index.php\/2024\/09\/05\/inauguran-el-hay-festival-queretaro-2024-dialogo-y-cultura-a-nivel-internacional\/#breadcrumb","itemListElement":[{"@type":"ListItem","position":1,"name":"Inicio","item":"https:\/\/www.nexoinformativo.mx\/"},{"@type":"ListItem","position":2,"name":"Inauguran &#8220;Hay Festival Quer\u00e9taro 2024&#8221;, Di\u00e1logo y Cultura a Nivel Internacional"}]},{"@type":"WebSite","@id":"https:\/\/www.nexoinformativo.mx\/#website","url":"https:\/\/www.nexoinformativo.mx\/","name":"Nexo Informativo Santiago de Quer\u00e9taro","description":"Explora NexoInformativo y convi\u00e9rtete en parte de una comunidad que valora el conocimiento y la verdad. Tu nexoinformativo es tu puente hacia una comprensi\u00f3n m\u00e1s profunda del mundo que te rodea.","publisher":{"@id":"https:\/\/www.nexoinformativo.mx\/#organization"},"potentialAction":[{"@type":"SearchAction","target":{"@type":"EntryPoint","urlTemplate":"https:\/\/www.nexoinformativo.mx\/?s={search_term_string}"},"query-input":{"@type":"PropertyValueSpecification","valueRequired":true,"valueName":"search_term_string"}}],"inLanguage":"es"},{"@type":"Organization","@id":"https:\/\/www.nexoinformativo.mx\/#organization","name":"Nexo Informativo Santiago de Quer\u00e9taro","url":"https:\/\/www.nexoinformativo.mx\/","logo":{"@type":"ImageObject","inLanguage":"es","@id":"https:\/\/www.nexoinformativo.mx\/#\/schema\/logo\/image\/","url":"https:\/\/www.nexoinformativo.mx\/wp-content\/uploads\/2024\/07\/nexoi-trasparente-2.png","contentUrl":"https:\/\/www.nexoinformativo.mx\/wp-content\/uploads\/2024\/07\/nexoi-trasparente-2.png","width":816,"height":339,"caption":"Nexo Informativo Santiago de Quer\u00e9taro"},"image":{"@id":"https:\/\/www.nexoinformativo.mx\/#\/schema\/logo\/image\/"},"sameAs":["https:\/\/www.facebook.com\/people\/Nexo-Informativo\/61564066885511\/"]},{"@type":"Person","@id":"https:\/\/www.nexoinformativo.mx\/#\/schema\/person\/7749d380ba08c8ca00d7bc76fd907b7d","name":"Nexo Informativo","image":{"@type":"ImageObject","inLanguage":"es","@id":"https:\/\/www.nexoinformativo.mx\/#\/schema\/person\/image\/","url":"https:\/\/secure.gravatar.com\/avatar\/dde2928154642a13d95f87ddf1ea9718fe2b46760a005c53e41ff5ad610704e6?s=96&d=mm&r=g","contentUrl":"https:\/\/secure.gravatar.com\/avatar\/dde2928154642a13d95f87ddf1ea9718fe2b46760a005c53e41ff5ad610704e6?s=96&d=mm&r=g","caption":"Nexo Informativo"},"url":"https:\/\/www.nexoinformativo.mx\/index.php\/author\/edicion\/"}]}},"_links":{"self":[{"href":"https:\/\/www.nexoinformativo.mx\/index.php\/wp-json\/wp\/v2\/posts\/1634","targetHints":{"allow":["GET"]}}],"collection":[{"href":"https:\/\/www.nexoinformativo.mx\/index.php\/wp-json\/wp\/v2\/posts"}],"about":[{"href":"https:\/\/www.nexoinformativo.mx\/index.php\/wp-json\/wp\/v2\/types\/post"}],"author":[{"embeddable":true,"href":"https:\/\/www.nexoinformativo.mx\/index.php\/wp-json\/wp\/v2\/users\/3"}],"replies":[{"embeddable":true,"href":"https:\/\/www.nexoinformativo.mx\/index.php\/wp-json\/wp\/v2\/comments?post=1634"}],"version-history":[{"count":4,"href":"https:\/\/www.nexoinformativo.mx\/index.php\/wp-json\/wp\/v2\/posts\/1634\/revisions"}],"predecessor-version":[{"id":1644,"href":"https:\/\/www.nexoinformativo.mx\/index.php\/wp-json\/wp\/v2\/posts\/1634\/revisions\/1644"}],"wp:featuredmedia":[{"embeddable":true,"href":"https:\/\/www.nexoinformativo.mx\/index.php\/wp-json\/wp\/v2\/media\/1639"}],"wp:attachment":[{"href":"https:\/\/www.nexoinformativo.mx\/index.php\/wp-json\/wp\/v2\/media?parent=1634"}],"wp:term":[{"taxonomy":"category","embeddable":true,"href":"https:\/\/www.nexoinformativo.mx\/index.php\/wp-json\/wp\/v2\/categories?post=1634"},{"taxonomy":"post_tag","embeddable":true,"href":"https:\/\/www.nexoinformativo.mx\/index.php\/wp-json\/wp\/v2\/tags?post=1634"}],"curies":[{"name":"wp","href":"https:\/\/api.w.org\/{rel}","templated":true}]}}