{"id":16342,"date":"2025-07-03T17:00:49","date_gmt":"2025-07-03T23:00:49","guid":{"rendered":"https:\/\/www.nexoinformativo.mx\/?p=16342"},"modified":"2025-07-03T23:08:54","modified_gmt":"2025-07-04T05:08:54","slug":"record-historico-casi-1-5-millones-de-funcionarios-federales-cumplen-con-su-declaracion-patrimonial-2025","status":"publish","type":"post","link":"https:\/\/www.nexoinformativo.mx\/index.php\/2025\/07\/03\/record-historico-casi-1-5-millones-de-funcionarios-federales-cumplen-con-su-declaracion-patrimonial-2025\/","title":{"rendered":"R\u00e9cord hist\u00f3rico casi 1.5 Millones de funcionarios Federales cumplen con su Declaraci\u00f3n Patrimonial 2025"},"content":{"rendered":"<p style=\"text-align: justify;\">La Secretar\u00eda Anticorrupci\u00f3n y Buen Gobierno ha anunciado una cifra hist\u00f3rica: un mill\u00f3n 499 mil 469 personas servidoras p\u00fablicas de la Administraci\u00f3n P\u00fablica Federal (APF) cumplieron en tiempo y forma con la presentaci\u00f3n de su Declaraci\u00f3n Patrimonial y de Intereses en la modalidad de Modificaci\u00f3n 2025.<\/p>\n<p>&nbsp;<\/p>\n<p style=\"text-align: justify;\">Esta cifra representa un impresionante 97.45% del total de funcionarios obligados (un mill\u00f3n 538 mil 709), marcando el porcentaje de cumplimiento m\u00e1s alto registrado por la Secretar\u00eda. Este logro es un reflejo del esfuerzo conjunto de todas las instituciones del Gobierno de M\u00e9xico para cumplir con esta importante obligaci\u00f3n.<\/p>\n<p>&nbsp;<\/p>\n<p style=\"text-align: justify;\">Del total de 266 instituciones de la APF registradas, 202 alcanzaron el 100% de cumplimiento, lo que subraya un compromiso generalizado con la transparencia.<\/p>\n<p>&nbsp;<\/p>\n<p style=\"text-align: justify;\">Con estas acciones, el Gobierno de M\u00e9xico reitera su firme compromiso con la transparencia y el combate a la corrupci\u00f3n.<\/p>\n<p>&nbsp;<\/p>\n<p style=\"text-align: center;\"><em><strong>\u00a1Informaci\u00f3n que transforma!<\/strong><\/em><\/p>\n","protected":false},"excerpt":{"rendered":"<p>La Secretar\u00eda Anticorrupci\u00f3n y Buen Gobierno ha anunciado una cifra hist\u00f3rica: un mill\u00f3n 499 mil 469 personas servidoras p\u00fablicas de la Administraci\u00f3n P\u00fablica Federal (APF) cumplieron en tiempo y forma con la presentaci\u00f3n de su Declaraci\u00f3n Patrimonial y de Intereses en la modalidad de Modificaci\u00f3n 2025.<\/p>\n","protected":false},"author":3,"featured_media":16343,"comment_status":"open","ping_status":"open","sticky":false,"template":"","format":"standard","meta":{"footnotes":""},"categories":[88,21,58],"tags":[3374,4897,1535,4898],"class_list":["post-16342","post","type-post","status-publish","format-standard","has-post-thumbnail","hentry","category-nacional","category-politica","category-ultima-hora","tag-anticorrupcion","tag-declaracionpatrimonial","tag-gobiernodemexico","tag-transparenciamx"],"yoast_head":"<!-- This site is optimized with the Yoast SEO plugin v25.0 - https:\/\/yoast.com\/wordpress\/plugins\/seo\/ -->\n<title>R\u00e9cord hist\u00f3rico casi 1.5 Millones de funcionarios Federales cumplen con su Declaraci\u00f3n Patrimonial 2025 | Nexo Informativo Santiago de Quer\u00e9taro<\/title>\n<meta name=\"description\" content=\"R\u00e9cord hist\u00f3rico casi 1.5 Millones de funcionarios Federales cumplen con su Declaraci\u00f3n Patrimonial 2025\" \/>\n<meta name=\"robots\" content=\"index, follow, max-snippet:-1, max-image-preview:large, max-video-preview:-1\" \/>\n<link rel=\"canonical\" href=\"https:\/\/www.nexoinformativo.mx\/index.php\/2025\/07\/03\/record-historico-casi-1-5-millones-de-funcionarios-federales-cumplen-con-su-declaracion-patrimonial-2025\/\" \/>\n<meta property=\"og:locale\" content=\"es_MX\" \/>\n<meta property=\"og:type\" content=\"article\" \/>\n<meta property=\"og:title\" content=\"R\u00e9cord hist\u00f3rico casi 1.5 Millones de funcionarios Federales cumplen con su Declaraci\u00f3n Patrimonial 2025 | Nexo Informativo Santiago de Quer\u00e9taro\" \/>\n<meta property=\"og:description\" content=\"R\u00e9cord hist\u00f3rico casi 1.5 Millones de funcionarios Federales cumplen con su Declaraci\u00f3n Patrimonial 2025\" \/>\n<meta property=\"og:url\" content=\"https:\/\/www.nexoinformativo.mx\/index.php\/2025\/07\/03\/record-historico-casi-1-5-millones-de-funcionarios-federales-cumplen-con-su-declaracion-patrimonial-2025\/\" \/>\n<meta property=\"og:site_name\" content=\"Nexo Informativo Santiago de Quer\u00e9taro\" \/>\n<meta property=\"article:publisher\" content=\"https:\/\/www.facebook.com\/people\/Nexo-Informativo\/61564066885511\/\" \/>\n<meta property=\"article:published_time\" content=\"2025-07-03T23:00:49+00:00\" \/>\n<meta property=\"article:modified_time\" content=\"2025-07-04T05:08:54+00:00\" \/>\n<meta property=\"og:image\" content=\"https:\/\/www.nexoinformativo.mx\/wp-content\/uploads\/2025\/07\/pexels-mikhail-nilov-6963017-e1751605690300.jpeg\" \/>\n\t<meta property=\"og:image:width\" content=\"800\" \/>\n\t<meta property=\"og:image:height\" content=\"533\" \/>\n\t<meta property=\"og:image:type\" content=\"image\/jpeg\" \/>\n<meta name=\"author\" content=\"Nexo Informativo\" \/>\n<meta name=\"twitter:card\" content=\"summary_large_image\" \/>\n<meta name=\"twitter:label1\" content=\"Escrito por\" \/>\n\t<meta name=\"twitter:data1\" content=\"Nexo Informativo\" \/>\n\t<meta name=\"twitter:label2\" content=\"Tiempo de lectura\" \/>\n\t<meta name=\"twitter:data2\" content=\"1 minuto\" \/>\n<script type=\"application\/ld+json\" class=\"yoast-schema-graph\">{\"@context\":\"https:\/\/schema.org\",\"@graph\":[{\"@type\":\"Article\",\"@id\":\"https:\/\/www.nexoinformativo.mx\/index.php\/2025\/07\/03\/record-historico-casi-1-5-millones-de-funcionarios-federales-cumplen-con-su-declaracion-patrimonial-2025\/#article\",\"isPartOf\":{\"@id\":\"https:\/\/www.nexoinformativo.mx\/index.php\/2025\/07\/03\/record-historico-casi-1-5-millones-de-funcionarios-federales-cumplen-con-su-declaracion-patrimonial-2025\/\"},\"author\":{\"name\":\"Nexo Informativo\",\"@id\":\"https:\/\/www.nexoinformativo.mx\/#\/schema\/person\/7749d380ba08c8ca00d7bc76fd907b7d\"},\"headline\":\"R\u00e9cord hist\u00f3rico casi 1.5 Millones de funcionarios Federales cumplen con su Declaraci\u00f3n Patrimonial 2025\",\"datePublished\":\"2025-07-03T23:00:49+00:00\",\"dateModified\":\"2025-07-04T05:08:54+00:00\",\"mainEntityOfPage\":{\"@id\":\"https:\/\/www.nexoinformativo.mx\/index.php\/2025\/07\/03\/record-historico-casi-1-5-millones-de-funcionarios-federales-cumplen-con-su-declaracion-patrimonial-2025\/\"},\"wordCount\":170,\"commentCount\":0,\"publisher\":{\"@id\":\"https:\/\/www.nexoinformativo.mx\/#organization\"},\"image\":{\"@id\":\"https:\/\/www.nexoinformativo.mx\/index.php\/2025\/07\/03\/record-historico-casi-1-5-millones-de-funcionarios-federales-cumplen-con-su-declaracion-patrimonial-2025\/#primaryimage\"},\"thumbnailUrl\":\"https:\/\/www.nexoinformativo.mx\/wp-content\/uploads\/2025\/07\/pexels-mikhail-nilov-6963017-e1751605690300.jpeg\",\"keywords\":[\"Anticorrupci\u00f3n\",\"Declaraci\u00f3nPatrimonial\",\"GobiernoDeM\u00e9xico\",\"TransparenciaMX\"],\"articleSection\":[\"Nacional\",\"Pol\u00edtica\",\"\u00daltima Hora\"],\"inLanguage\":\"es\",\"potentialAction\":[{\"@type\":\"CommentAction\",\"name\":\"Comment\",\"target\":[\"https:\/\/www.nexoinformativo.mx\/index.php\/2025\/07\/03\/record-historico-casi-1-5-millones-de-funcionarios-federales-cumplen-con-su-declaracion-patrimonial-2025\/#respond\"]}]},{\"@type\":\"WebPage\",\"@id\":\"https:\/\/www.nexoinformativo.mx\/index.php\/2025\/07\/03\/record-historico-casi-1-5-millones-de-funcionarios-federales-cumplen-con-su-declaracion-patrimonial-2025\/\",\"url\":\"https:\/\/www.nexoinformativo.mx\/index.php\/2025\/07\/03\/record-historico-casi-1-5-millones-de-funcionarios-federales-cumplen-con-su-declaracion-patrimonial-2025\/\",\"name\":\"R\u00e9cord hist\u00f3rico casi 1.5 Millones de funcionarios Federales cumplen con su Declaraci\u00f3n Patrimonial 2025 | Nexo Informativo Santiago de Quer\u00e9taro\",\"isPartOf\":{\"@id\":\"https:\/\/www.nexoinformativo.mx\/#website\"},\"primaryImageOfPage\":{\"@id\":\"https:\/\/www.nexoinformativo.mx\/index.php\/2025\/07\/03\/record-historico-casi-1-5-millones-de-funcionarios-federales-cumplen-con-su-declaracion-patrimonial-2025\/#primaryimage\"},\"image\":{\"@id\":\"https:\/\/www.nexoinformativo.mx\/index.php\/2025\/07\/03\/record-historico-casi-1-5-millones-de-funcionarios-federales-cumplen-con-su-declaracion-patrimonial-2025\/#primaryimage\"},\"thumbnailUrl\":\"https:\/\/www.nexoinformativo.mx\/wp-content\/uploads\/2025\/07\/pexels-mikhail-nilov-6963017-e1751605690300.jpeg\",\"datePublished\":\"2025-07-03T23:00:49+00:00\",\"dateModified\":\"2025-07-04T05:08:54+00:00\",\"description\":\"R\u00e9cord hist\u00f3rico casi 1.5 Millones de funcionarios Federales cumplen con su Declaraci\u00f3n Patrimonial 2025\",\"breadcrumb\":{\"@id\":\"https:\/\/www.nexoinformativo.mx\/index.php\/2025\/07\/03\/record-historico-casi-1-5-millones-de-funcionarios-federales-cumplen-con-su-declaracion-patrimonial-2025\/#breadcrumb\"},\"inLanguage\":\"es\",\"potentialAction\":[{\"@type\":\"ReadAction\",\"target\":[\"https:\/\/www.nexoinformativo.mx\/index.php\/2025\/07\/03\/record-historico-casi-1-5-millones-de-funcionarios-federales-cumplen-con-su-declaracion-patrimonial-2025\/\"]}]},{\"@type\":\"ImageObject\",\"inLanguage\":\"es\",\"@id\":\"https:\/\/www.nexoinformativo.mx\/index.php\/2025\/07\/03\/record-historico-casi-1-5-millones-de-funcionarios-federales-cumplen-con-su-declaracion-patrimonial-2025\/#primaryimage\",\"url\":\"https:\/\/www.nexoinformativo.mx\/wp-content\/uploads\/2025\/07\/pexels-mikhail-nilov-6963017-e1751605690300.jpeg\",\"contentUrl\":\"https:\/\/www.nexoinformativo.mx\/wp-content\/uploads\/2025\/07\/pexels-mikhail-nilov-6963017-e1751605690300.jpeg\",\"width\":800,\"height\":533},{\"@type\":\"BreadcrumbList\",\"@id\":\"https:\/\/www.nexoinformativo.mx\/index.php\/2025\/07\/03\/record-historico-casi-1-5-millones-de-funcionarios-federales-cumplen-con-su-declaracion-patrimonial-2025\/#breadcrumb\",\"itemListElement\":[{\"@type\":\"ListItem\",\"position\":1,\"name\":\"Inicio\",\"item\":\"https:\/\/www.nexoinformativo.mx\/\"},{\"@type\":\"ListItem\",\"position\":2,\"name\":\"R\u00e9cord hist\u00f3rico casi 1.5 Millones de funcionarios Federales cumplen con su Declaraci\u00f3n Patrimonial 2025\"}]},{\"@type\":\"WebSite\",\"@id\":\"https:\/\/www.nexoinformativo.mx\/#website\",\"url\":\"https:\/\/www.nexoinformativo.mx\/\",\"name\":\"Nexo Informativo Santiago de Quer\u00e9taro\",\"description\":\"Explora NexoInformativo y convi\u00e9rtete en parte de una comunidad que valora el conocimiento y la verdad. Tu nexoinformativo es tu puente hacia una comprensi\u00f3n m\u00e1s profunda del mundo que te rodea.\",\"publisher\":{\"@id\":\"https:\/\/www.nexoinformativo.mx\/#organization\"},\"potentialAction\":[{\"@type\":\"SearchAction\",\"target\":{\"@type\":\"EntryPoint\",\"urlTemplate\":\"https:\/\/www.nexoinformativo.mx\/?s={search_term_string}\"},\"query-input\":{\"@type\":\"PropertyValueSpecification\",\"valueRequired\":true,\"valueName\":\"search_term_string\"}}],\"inLanguage\":\"es\"},{\"@type\":\"Organization\",\"@id\":\"https:\/\/www.nexoinformativo.mx\/#organization\",\"name\":\"Nexo Informativo Santiago de Quer\u00e9taro\",\"url\":\"https:\/\/www.nexoinformativo.mx\/\",\"logo\":{\"@type\":\"ImageObject\",\"inLanguage\":\"es\",\"@id\":\"https:\/\/www.nexoinformativo.mx\/#\/schema\/logo\/image\/\",\"url\":\"https:\/\/www.nexoinformativo.mx\/wp-content\/uploads\/2024\/07\/nexoi-trasparente-2.png\",\"contentUrl\":\"https:\/\/www.nexoinformativo.mx\/wp-content\/uploads\/2024\/07\/nexoi-trasparente-2.png\",\"width\":816,\"height\":339,\"caption\":\"Nexo Informativo Santiago de Quer\u00e9taro\"},\"image\":{\"@id\":\"https:\/\/www.nexoinformativo.mx\/#\/schema\/logo\/image\/\"},\"sameAs\":[\"https:\/\/www.facebook.com\/people\/Nexo-Informativo\/61564066885511\/\"]},{\"@type\":\"Person\",\"@id\":\"https:\/\/www.nexoinformativo.mx\/#\/schema\/person\/7749d380ba08c8ca00d7bc76fd907b7d\",\"name\":\"Nexo Informativo\",\"image\":{\"@type\":\"ImageObject\",\"inLanguage\":\"es\",\"@id\":\"https:\/\/www.nexoinformativo.mx\/#\/schema\/person\/image\/\",\"url\":\"https:\/\/secure.gravatar.com\/avatar\/dde2928154642a13d95f87ddf1ea9718fe2b46760a005c53e41ff5ad610704e6?s=96&d=mm&r=g\",\"contentUrl\":\"https:\/\/secure.gravatar.com\/avatar\/dde2928154642a13d95f87ddf1ea9718fe2b46760a005c53e41ff5ad610704e6?s=96&d=mm&r=g\",\"caption\":\"Nexo Informativo\"},\"url\":\"https:\/\/www.nexoinformativo.mx\/index.php\/author\/edicion\/\"}]}<\/script>\n<!-- \/ Yoast SEO plugin. -->","yoast_head_json":{"title":"R\u00e9cord hist\u00f3rico casi 1.5 Millones de funcionarios Federales cumplen con su Declaraci\u00f3n Patrimonial 2025 | Nexo Informativo Santiago de Quer\u00e9taro","description":"R\u00e9cord hist\u00f3rico casi 1.5 Millones de funcionarios Federales cumplen con su Declaraci\u00f3n Patrimonial 2025","robots":{"index":"index","follow":"follow","max-snippet":"max-snippet:-1","max-image-preview":"max-image-preview:large","max-video-preview":"max-video-preview:-1"},"canonical":"https:\/\/www.nexoinformativo.mx\/index.php\/2025\/07\/03\/record-historico-casi-1-5-millones-de-funcionarios-federales-cumplen-con-su-declaracion-patrimonial-2025\/","og_locale":"es_MX","og_type":"article","og_title":"R\u00e9cord hist\u00f3rico casi 1.5 Millones de funcionarios Federales cumplen con su Declaraci\u00f3n Patrimonial 2025 | Nexo Informativo Santiago de Quer\u00e9taro","og_description":"R\u00e9cord hist\u00f3rico casi 1.5 Millones de funcionarios Federales cumplen con su Declaraci\u00f3n Patrimonial 2025","og_url":"https:\/\/www.nexoinformativo.mx\/index.php\/2025\/07\/03\/record-historico-casi-1-5-millones-de-funcionarios-federales-cumplen-con-su-declaracion-patrimonial-2025\/","og_site_name":"Nexo Informativo Santiago de Quer\u00e9taro","article_publisher":"https:\/\/www.facebook.com\/people\/Nexo-Informativo\/61564066885511\/","article_published_time":"2025-07-03T23:00:49+00:00","article_modified_time":"2025-07-04T05:08:54+00:00","og_image":[{"width":800,"height":533,"url":"https:\/\/www.nexoinformativo.mx\/wp-content\/uploads\/2025\/07\/pexels-mikhail-nilov-6963017-e1751605690300.jpeg","type":"image\/jpeg"}],"author":"Nexo Informativo","twitter_card":"summary_large_image","twitter_misc":{"Escrito por":"Nexo Informativo","Tiempo de lectura":"1 minuto"},"schema":{"@context":"https:\/\/schema.org","@graph":[{"@type":"Article","@id":"https:\/\/www.nexoinformativo.mx\/index.php\/2025\/07\/03\/record-historico-casi-1-5-millones-de-funcionarios-federales-cumplen-con-su-declaracion-patrimonial-2025\/#article","isPartOf":{"@id":"https:\/\/www.nexoinformativo.mx\/index.php\/2025\/07\/03\/record-historico-casi-1-5-millones-de-funcionarios-federales-cumplen-con-su-declaracion-patrimonial-2025\/"},"author":{"name":"Nexo Informativo","@id":"https:\/\/www.nexoinformativo.mx\/#\/schema\/person\/7749d380ba08c8ca00d7bc76fd907b7d"},"headline":"R\u00e9cord hist\u00f3rico casi 1.5 Millones de funcionarios Federales cumplen con su Declaraci\u00f3n Patrimonial 2025","datePublished":"2025-07-03T23:00:49+00:00","dateModified":"2025-07-04T05:08:54+00:00","mainEntityOfPage":{"@id":"https:\/\/www.nexoinformativo.mx\/index.php\/2025\/07\/03\/record-historico-casi-1-5-millones-de-funcionarios-federales-cumplen-con-su-declaracion-patrimonial-2025\/"},"wordCount":170,"commentCount":0,"publisher":{"@id":"https:\/\/www.nexoinformativo.mx\/#organization"},"image":{"@id":"https:\/\/www.nexoinformativo.mx\/index.php\/2025\/07\/03\/record-historico-casi-1-5-millones-de-funcionarios-federales-cumplen-con-su-declaracion-patrimonial-2025\/#primaryimage"},"thumbnailUrl":"https:\/\/www.nexoinformativo.mx\/wp-content\/uploads\/2025\/07\/pexels-mikhail-nilov-6963017-e1751605690300.jpeg","keywords":["Anticorrupci\u00f3n","Declaraci\u00f3nPatrimonial","GobiernoDeM\u00e9xico","TransparenciaMX"],"articleSection":["Nacional","Pol\u00edtica","\u00daltima Hora"],"inLanguage":"es","potentialAction":[{"@type":"CommentAction","name":"Comment","target":["https:\/\/www.nexoinformativo.mx\/index.php\/2025\/07\/03\/record-historico-casi-1-5-millones-de-funcionarios-federales-cumplen-con-su-declaracion-patrimonial-2025\/#respond"]}]},{"@type":"WebPage","@id":"https:\/\/www.nexoinformativo.mx\/index.php\/2025\/07\/03\/record-historico-casi-1-5-millones-de-funcionarios-federales-cumplen-con-su-declaracion-patrimonial-2025\/","url":"https:\/\/www.nexoinformativo.mx\/index.php\/2025\/07\/03\/record-historico-casi-1-5-millones-de-funcionarios-federales-cumplen-con-su-declaracion-patrimonial-2025\/","name":"R\u00e9cord hist\u00f3rico casi 1.5 Millones de funcionarios Federales cumplen con su Declaraci\u00f3n Patrimonial 2025 | Nexo Informativo Santiago de Quer\u00e9taro","isPartOf":{"@id":"https:\/\/www.nexoinformativo.mx\/#website"},"primaryImageOfPage":{"@id":"https:\/\/www.nexoinformativo.mx\/index.php\/2025\/07\/03\/record-historico-casi-1-5-millones-de-funcionarios-federales-cumplen-con-su-declaracion-patrimonial-2025\/#primaryimage"},"image":{"@id":"https:\/\/www.nexoinformativo.mx\/index.php\/2025\/07\/03\/record-historico-casi-1-5-millones-de-funcionarios-federales-cumplen-con-su-declaracion-patrimonial-2025\/#primaryimage"},"thumbnailUrl":"https:\/\/www.nexoinformativo.mx\/wp-content\/uploads\/2025\/07\/pexels-mikhail-nilov-6963017-e1751605690300.jpeg","datePublished":"2025-07-03T23:00:49+00:00","dateModified":"2025-07-04T05:08:54+00:00","description":"R\u00e9cord hist\u00f3rico casi 1.5 Millones de funcionarios Federales cumplen con su Declaraci\u00f3n Patrimonial 2025","breadcrumb":{"@id":"https:\/\/www.nexoinformativo.mx\/index.php\/2025\/07\/03\/record-historico-casi-1-5-millones-de-funcionarios-federales-cumplen-con-su-declaracion-patrimonial-2025\/#breadcrumb"},"inLanguage":"es","potentialAction":[{"@type":"ReadAction","target":["https:\/\/www.nexoinformativo.mx\/index.php\/2025\/07\/03\/record-historico-casi-1-5-millones-de-funcionarios-federales-cumplen-con-su-declaracion-patrimonial-2025\/"]}]},{"@type":"ImageObject","inLanguage":"es","@id":"https:\/\/www.nexoinformativo.mx\/index.php\/2025\/07\/03\/record-historico-casi-1-5-millones-de-funcionarios-federales-cumplen-con-su-declaracion-patrimonial-2025\/#primaryimage","url":"https:\/\/www.nexoinformativo.mx\/wp-content\/uploads\/2025\/07\/pexels-mikhail-nilov-6963017-e1751605690300.jpeg","contentUrl":"https:\/\/www.nexoinformativo.mx\/wp-content\/uploads\/2025\/07\/pexels-mikhail-nilov-6963017-e1751605690300.jpeg","width":800,"height":533},{"@type":"BreadcrumbList","@id":"https:\/\/www.nexoinformativo.mx\/index.php\/2025\/07\/03\/record-historico-casi-1-5-millones-de-funcionarios-federales-cumplen-con-su-declaracion-patrimonial-2025\/#breadcrumb","itemListElement":[{"@type":"ListItem","position":1,"name":"Inicio","item":"https:\/\/www.nexoinformativo.mx\/"},{"@type":"ListItem","position":2,"name":"R\u00e9cord hist\u00f3rico casi 1.5 Millones de funcionarios Federales cumplen con su Declaraci\u00f3n Patrimonial 2025"}]},{"@type":"WebSite","@id":"https:\/\/www.nexoinformativo.mx\/#website","url":"https:\/\/www.nexoinformativo.mx\/","name":"Nexo Informativo Santiago de Quer\u00e9taro","description":"Explora NexoInformativo y convi\u00e9rtete en parte de una comunidad que valora el conocimiento y la verdad. Tu nexoinformativo es tu puente hacia una comprensi\u00f3n m\u00e1s profunda del mundo que te rodea.","publisher":{"@id":"https:\/\/www.nexoinformativo.mx\/#organization"},"potentialAction":[{"@type":"SearchAction","target":{"@type":"EntryPoint","urlTemplate":"https:\/\/www.nexoinformativo.mx\/?s={search_term_string}"},"query-input":{"@type":"PropertyValueSpecification","valueRequired":true,"valueName":"search_term_string"}}],"inLanguage":"es"},{"@type":"Organization","@id":"https:\/\/www.nexoinformativo.mx\/#organization","name":"Nexo Informativo Santiago de Quer\u00e9taro","url":"https:\/\/www.nexoinformativo.mx\/","logo":{"@type":"ImageObject","inLanguage":"es","@id":"https:\/\/www.nexoinformativo.mx\/#\/schema\/logo\/image\/","url":"https:\/\/www.nexoinformativo.mx\/wp-content\/uploads\/2024\/07\/nexoi-trasparente-2.png","contentUrl":"https:\/\/www.nexoinformativo.mx\/wp-content\/uploads\/2024\/07\/nexoi-trasparente-2.png","width":816,"height":339,"caption":"Nexo Informativo Santiago de Quer\u00e9taro"},"image":{"@id":"https:\/\/www.nexoinformativo.mx\/#\/schema\/logo\/image\/"},"sameAs":["https:\/\/www.facebook.com\/people\/Nexo-Informativo\/61564066885511\/"]},{"@type":"Person","@id":"https:\/\/www.nexoinformativo.mx\/#\/schema\/person\/7749d380ba08c8ca00d7bc76fd907b7d","name":"Nexo Informativo","image":{"@type":"ImageObject","inLanguage":"es","@id":"https:\/\/www.nexoinformativo.mx\/#\/schema\/person\/image\/","url":"https:\/\/secure.gravatar.com\/avatar\/dde2928154642a13d95f87ddf1ea9718fe2b46760a005c53e41ff5ad610704e6?s=96&d=mm&r=g","contentUrl":"https:\/\/secure.gravatar.com\/avatar\/dde2928154642a13d95f87ddf1ea9718fe2b46760a005c53e41ff5ad610704e6?s=96&d=mm&r=g","caption":"Nexo Informativo"},"url":"https:\/\/www.nexoinformativo.mx\/index.php\/author\/edicion\/"}]}},"_links":{"self":[{"href":"https:\/\/www.nexoinformativo.mx\/index.php\/wp-json\/wp\/v2\/posts\/16342","targetHints":{"allow":["GET"]}}],"collection":[{"href":"https:\/\/www.nexoinformativo.mx\/index.php\/wp-json\/wp\/v2\/posts"}],"about":[{"href":"https:\/\/www.nexoinformativo.mx\/index.php\/wp-json\/wp\/v2\/types\/post"}],"author":[{"embeddable":true,"href":"https:\/\/www.nexoinformativo.mx\/index.php\/wp-json\/wp\/v2\/users\/3"}],"replies":[{"embeddable":true,"href":"https:\/\/www.nexoinformativo.mx\/index.php\/wp-json\/wp\/v2\/comments?post=16342"}],"version-history":[{"count":4,"href":"https:\/\/www.nexoinformativo.mx\/index.php\/wp-json\/wp\/v2\/posts\/16342\/revisions"}],"predecessor-version":[{"id":16348,"href":"https:\/\/www.nexoinformativo.mx\/index.php\/wp-json\/wp\/v2\/posts\/16342\/revisions\/16348"}],"wp:featuredmedia":[{"embeddable":true,"href":"https:\/\/www.nexoinformativo.mx\/index.php\/wp-json\/wp\/v2\/media\/16343"}],"wp:attachment":[{"href":"https:\/\/www.nexoinformativo.mx\/index.php\/wp-json\/wp\/v2\/media?parent=16342"}],"wp:term":[{"taxonomy":"category","embeddable":true,"href":"https:\/\/www.nexoinformativo.mx\/index.php\/wp-json\/wp\/v2\/categories?post=16342"},{"taxonomy":"post_tag","embeddable":true,"href":"https:\/\/www.nexoinformativo.mx\/index.php\/wp-json\/wp\/v2\/tags?post=16342"}],"curies":[{"name":"wp","href":"https:\/\/api.w.org\/{rel}","templated":true}]}}