{"id":16386,"date":"2025-07-08T10:00:29","date_gmt":"2025-07-08T16:00:29","guid":{"rendered":"https:\/\/www.nexoinformativo.mx\/?p=16386"},"modified":"2025-07-08T16:09:26","modified_gmt":"2025-07-08T22:09:26","slug":"educacion-para-todos-campana-seguimos-siendo-utiles-recolecta-material-escolar-para-comunidades-vulnerables-en-queretaro","status":"publish","type":"post","link":"https:\/\/www.nexoinformativo.mx\/index.php\/2025\/07\/08\/educacion-para-todos-campana-seguimos-siendo-utiles-recolecta-material-escolar-para-comunidades-vulnerables-en-queretaro\/","title":{"rendered":"Educaci\u00f3n para todos Campa\u00f1a &#8220;Seguimos siendo \u00fatiles&#8221; recolecta material escolar para comunidades vulnerables en Quer\u00e9taro"},"content":{"rendered":"<p style=\"text-align: justify;\">Con la mira puesta en apoyar a m\u00e1s de 12 mil estudiantes de comunidades marginadas que cursan sus estudios a trav\u00e9s del Consejo Nacional de Fomento Educativo (CONAFE), la Secretar\u00eda de Educaci\u00f3n P\u00fablica (SEP) en Quer\u00e9taro ha lanzado la campa\u00f1a \u201cSeguimos Siendo \u00datiles\u201d.<\/p>\n<\/p>\n<p>&nbsp;<\/p>\n<p style=\"text-align: justify;\">Se trata de una colecta de \u00fatiles escolares en buen estado para asegurar que nadie se quede sin lo necesario para aprender.<\/p>\n<\/p>\n<p>&nbsp;<\/p>\n<p style=\"text-align: justify;\">Mauricio Ruiz Olaes, titular de la Oficina de Enlace Educativo de la SEP en Quer\u00e9taro, fue el encargado de anunciar esta noble iniciativa. Destac\u00f3 la importancia de generar conciencia sobre el reciclaje de materiales escolares y el impacto positivo que esta acci\u00f3n puede tener en ni\u00f1as y ni\u00f1os en condiciones de vulnerabilidad.<\/p>\n<\/p>\n<p>&nbsp;<\/p>\n<p style=\"text-align: justify;\">La campa\u00f1a invita a madres, padres, tutores, estudiantes y a toda la sociedad civil a donar art\u00edculos escolares en buen estado. Se aceptan desde cuadernos, mochilas y colores, hasta plumones, reglas, libros, computadoras y papeler\u00eda en general.<\/p>\n<\/p>\n<p>&nbsp;<\/p>\n<p style=\"text-align: justify;\">Los centros de acopio estar\u00e1n habilitados desde el 8 de julio hasta el 29 de agosto. Podr\u00e1s dejar tus donaciones en la Oficina de Enlace Educativo de la SEP y en las oficinas centrales y regionales de CONAFE, ubicadas en los municipios de Amealco, Pinal de Amoles, Cadereyta, Jalpan de Serra, Landa de Matamoros, Pe\u00f1amiller, San Joaqu\u00edn y Tolim\u00e1n.<\/p>\n<\/p>\n<p>&nbsp;<\/p>\n<p style=\"text-align: justify;\">La entrega de los materiales recolectados a los estudiantes comenzar\u00e1 el 1 de septiembre, justo a tiempo para el inicio del pr\u00f3ximo ciclo escolar.<\/p>\n<\/p>\n<p>&nbsp;<\/p>\n<p style=\"text-align: center;\"><em><strong>\u00a1Informaci\u00f3n que transforma!<\/strong><\/em><\/p>\n","protected":false},"excerpt":{"rendered":"<p>Con la mira puesta en apoyar a m\u00e1s de 12 mil estudiantes de comunidades marginadas que cursan sus estudios a trav\u00e9s del Consejo Nacional de Fomento Educativo (CONAFE), la Secretar\u00eda de Educaci\u00f3n P\u00fablica (SEP) en Quer\u00e9taro ha lanzado la campa\u00f1a \u201cSeguimos Siendo \u00datiles\u201d.<\/p>\n","protected":false},"author":3,"featured_media":16387,"comment_status":"open","ping_status":"open","sticky":false,"template":"","format":"standard","meta":{"footnotes":""},"categories":[42,58],"tags":[4908,3632,262,4907],"class_list":["post-16386","post","type-post","status-publish","format-standard","has-post-thumbnail","hentry","category-estado","category-ultima-hora","tag-conafe","tag-educacionqro","tag-queretarosolidario","tag-seguimossiendoutiles"],"yoast_head":"<!-- This site is optimized with the Yoast SEO plugin v25.0 - https:\/\/yoast.com\/wordpress\/plugins\/seo\/ -->\n<title>Educaci\u00f3n para todos Campa\u00f1a &quot;Seguimos siendo \u00fatiles&quot; recolecta material escolar para comunidades vulnerables en Quer\u00e9taro | Nexo Informativo Santiago de Quer\u00e9taro<\/title>\n<meta name=\"description\" content=\"Educaci\u00f3n para todos Campa\u00f1a &quot;Seguimos siendo \u00fatiles&quot; recolecta material escolar para comunidades vulnerables en Quer\u00e9taro\" \/>\n<meta name=\"robots\" content=\"index, follow, max-snippet:-1, max-image-preview:large, max-video-preview:-1\" \/>\n<link rel=\"canonical\" href=\"https:\/\/www.nexoinformativo.mx\/index.php\/2025\/07\/08\/educacion-para-todos-campana-seguimos-siendo-utiles-recolecta-material-escolar-para-comunidades-vulnerables-en-queretaro\/\" \/>\n<meta property=\"og:locale\" content=\"es_MX\" \/>\n<meta property=\"og:type\" content=\"article\" \/>\n<meta property=\"og:title\" content=\"Educaci\u00f3n para todos Campa\u00f1a &quot;Seguimos siendo \u00fatiles&quot; recolecta material escolar para comunidades vulnerables en Quer\u00e9taro | Nexo Informativo Santiago de Quer\u00e9taro\" \/>\n<meta property=\"og:description\" content=\"Educaci\u00f3n para todos Campa\u00f1a &quot;Seguimos siendo \u00fatiles&quot; recolecta material escolar para comunidades vulnerables en Quer\u00e9taro\" \/>\n<meta property=\"og:url\" content=\"https:\/\/www.nexoinformativo.mx\/index.php\/2025\/07\/08\/educacion-para-todos-campana-seguimos-siendo-utiles-recolecta-material-escolar-para-comunidades-vulnerables-en-queretaro\/\" \/>\n<meta property=\"og:site_name\" content=\"Nexo Informativo Santiago de Quer\u00e9taro\" \/>\n<meta property=\"article:publisher\" content=\"https:\/\/www.facebook.com\/people\/Nexo-Informativo\/61564066885511\/\" \/>\n<meta property=\"article:published_time\" content=\"2025-07-08T16:00:29+00:00\" \/>\n<meta property=\"article:modified_time\" content=\"2025-07-08T22:09:26+00:00\" \/>\n<meta property=\"og:image\" content=\"https:\/\/www.nexoinformativo.mx\/wp-content\/uploads\/2025\/07\/PHOTO-2025-07-08-13-19-13-e1752012523824.jpg\" \/>\n\t<meta property=\"og:image:width\" content=\"800\" \/>\n\t<meta property=\"og:image:height\" content=\"600\" \/>\n\t<meta property=\"og:image:type\" content=\"image\/jpeg\" \/>\n<meta name=\"author\" content=\"Nexo Informativo\" \/>\n<meta name=\"twitter:card\" content=\"summary_large_image\" \/>\n<meta name=\"twitter:label1\" content=\"Escrito por\" \/>\n\t<meta name=\"twitter:data1\" content=\"Nexo Informativo\" \/>\n\t<meta name=\"twitter:label2\" content=\"Tiempo de lectura\" \/>\n\t<meta name=\"twitter:data2\" content=\"2 minutos\" \/>\n<script type=\"application\/ld+json\" class=\"yoast-schema-graph\">{\"@context\":\"https:\/\/schema.org\",\"@graph\":[{\"@type\":\"Article\",\"@id\":\"https:\/\/www.nexoinformativo.mx\/index.php\/2025\/07\/08\/educacion-para-todos-campana-seguimos-siendo-utiles-recolecta-material-escolar-para-comunidades-vulnerables-en-queretaro\/#article\",\"isPartOf\":{\"@id\":\"https:\/\/www.nexoinformativo.mx\/index.php\/2025\/07\/08\/educacion-para-todos-campana-seguimos-siendo-utiles-recolecta-material-escolar-para-comunidades-vulnerables-en-queretaro\/\"},\"author\":{\"name\":\"Nexo Informativo\",\"@id\":\"https:\/\/www.nexoinformativo.mx\/#\/schema\/person\/7749d380ba08c8ca00d7bc76fd907b7d\"},\"headline\":\"Educaci\u00f3n para todos Campa\u00f1a &#8220;Seguimos siendo \u00fatiles&#8221; recolecta material escolar para comunidades vulnerables en Quer\u00e9taro\",\"datePublished\":\"2025-07-08T16:00:29+00:00\",\"dateModified\":\"2025-07-08T22:09:26+00:00\",\"mainEntityOfPage\":{\"@id\":\"https:\/\/www.nexoinformativo.mx\/index.php\/2025\/07\/08\/educacion-para-todos-campana-seguimos-siendo-utiles-recolecta-material-escolar-para-comunidades-vulnerables-en-queretaro\/\"},\"wordCount\":281,\"commentCount\":0,\"publisher\":{\"@id\":\"https:\/\/www.nexoinformativo.mx\/#organization\"},\"image\":{\"@id\":\"https:\/\/www.nexoinformativo.mx\/index.php\/2025\/07\/08\/educacion-para-todos-campana-seguimos-siendo-utiles-recolecta-material-escolar-para-comunidades-vulnerables-en-queretaro\/#primaryimage\"},\"thumbnailUrl\":\"https:\/\/www.nexoinformativo.mx\/wp-content\/uploads\/2025\/07\/PHOTO-2025-07-08-13-19-13-e1752012523824.jpg\",\"keywords\":[\"CONAFE\",\"Educaci\u00f3nQro\",\"Queretarosolidario\",\"SeguimosSiendo\u00datiles\"],\"articleSection\":[\"Estado\",\"\u00daltima Hora\"],\"inLanguage\":\"es\",\"potentialAction\":[{\"@type\":\"CommentAction\",\"name\":\"Comment\",\"target\":[\"https:\/\/www.nexoinformativo.mx\/index.php\/2025\/07\/08\/educacion-para-todos-campana-seguimos-siendo-utiles-recolecta-material-escolar-para-comunidades-vulnerables-en-queretaro\/#respond\"]}]},{\"@type\":\"WebPage\",\"@id\":\"https:\/\/www.nexoinformativo.mx\/index.php\/2025\/07\/08\/educacion-para-todos-campana-seguimos-siendo-utiles-recolecta-material-escolar-para-comunidades-vulnerables-en-queretaro\/\",\"url\":\"https:\/\/www.nexoinformativo.mx\/index.php\/2025\/07\/08\/educacion-para-todos-campana-seguimos-siendo-utiles-recolecta-material-escolar-para-comunidades-vulnerables-en-queretaro\/\",\"name\":\"Educaci\u00f3n para todos Campa\u00f1a \\\"Seguimos siendo \u00fatiles\\\" recolecta material escolar para comunidades vulnerables en Quer\u00e9taro | Nexo Informativo Santiago de Quer\u00e9taro\",\"isPartOf\":{\"@id\":\"https:\/\/www.nexoinformativo.mx\/#website\"},\"primaryImageOfPage\":{\"@id\":\"https:\/\/www.nexoinformativo.mx\/index.php\/2025\/07\/08\/educacion-para-todos-campana-seguimos-siendo-utiles-recolecta-material-escolar-para-comunidades-vulnerables-en-queretaro\/#primaryimage\"},\"image\":{\"@id\":\"https:\/\/www.nexoinformativo.mx\/index.php\/2025\/07\/08\/educacion-para-todos-campana-seguimos-siendo-utiles-recolecta-material-escolar-para-comunidades-vulnerables-en-queretaro\/#primaryimage\"},\"thumbnailUrl\":\"https:\/\/www.nexoinformativo.mx\/wp-content\/uploads\/2025\/07\/PHOTO-2025-07-08-13-19-13-e1752012523824.jpg\",\"datePublished\":\"2025-07-08T16:00:29+00:00\",\"dateModified\":\"2025-07-08T22:09:26+00:00\",\"description\":\"Educaci\u00f3n para todos Campa\u00f1a \\\"Seguimos siendo \u00fatiles\\\" recolecta material escolar para comunidades vulnerables en Quer\u00e9taro\",\"breadcrumb\":{\"@id\":\"https:\/\/www.nexoinformativo.mx\/index.php\/2025\/07\/08\/educacion-para-todos-campana-seguimos-siendo-utiles-recolecta-material-escolar-para-comunidades-vulnerables-en-queretaro\/#breadcrumb\"},\"inLanguage\":\"es\",\"potentialAction\":[{\"@type\":\"ReadAction\",\"target\":[\"https:\/\/www.nexoinformativo.mx\/index.php\/2025\/07\/08\/educacion-para-todos-campana-seguimos-siendo-utiles-recolecta-material-escolar-para-comunidades-vulnerables-en-queretaro\/\"]}]},{\"@type\":\"ImageObject\",\"inLanguage\":\"es\",\"@id\":\"https:\/\/www.nexoinformativo.mx\/index.php\/2025\/07\/08\/educacion-para-todos-campana-seguimos-siendo-utiles-recolecta-material-escolar-para-comunidades-vulnerables-en-queretaro\/#primaryimage\",\"url\":\"https:\/\/www.nexoinformativo.mx\/wp-content\/uploads\/2025\/07\/PHOTO-2025-07-08-13-19-13-e1752012523824.jpg\",\"contentUrl\":\"https:\/\/www.nexoinformativo.mx\/wp-content\/uploads\/2025\/07\/PHOTO-2025-07-08-13-19-13-e1752012523824.jpg\",\"width\":800,\"height\":600},{\"@type\":\"BreadcrumbList\",\"@id\":\"https:\/\/www.nexoinformativo.mx\/index.php\/2025\/07\/08\/educacion-para-todos-campana-seguimos-siendo-utiles-recolecta-material-escolar-para-comunidades-vulnerables-en-queretaro\/#breadcrumb\",\"itemListElement\":[{\"@type\":\"ListItem\",\"position\":1,\"name\":\"Inicio\",\"item\":\"https:\/\/www.nexoinformativo.mx\/\"},{\"@type\":\"ListItem\",\"position\":2,\"name\":\"Educaci\u00f3n para todos Campa\u00f1a &#8220;Seguimos siendo \u00fatiles&#8221; recolecta material escolar para comunidades vulnerables en Quer\u00e9taro\"}]},{\"@type\":\"WebSite\",\"@id\":\"https:\/\/www.nexoinformativo.mx\/#website\",\"url\":\"https:\/\/www.nexoinformativo.mx\/\",\"name\":\"Nexo Informativo Santiago de Quer\u00e9taro\",\"description\":\"Explora NexoInformativo y convi\u00e9rtete en parte de una comunidad que valora el conocimiento y la verdad. Tu nexoinformativo es tu puente hacia una comprensi\u00f3n m\u00e1s profunda del mundo que te rodea.\",\"publisher\":{\"@id\":\"https:\/\/www.nexoinformativo.mx\/#organization\"},\"potentialAction\":[{\"@type\":\"SearchAction\",\"target\":{\"@type\":\"EntryPoint\",\"urlTemplate\":\"https:\/\/www.nexoinformativo.mx\/?s={search_term_string}\"},\"query-input\":{\"@type\":\"PropertyValueSpecification\",\"valueRequired\":true,\"valueName\":\"search_term_string\"}}],\"inLanguage\":\"es\"},{\"@type\":\"Organization\",\"@id\":\"https:\/\/www.nexoinformativo.mx\/#organization\",\"name\":\"Nexo Informativo Santiago de Quer\u00e9taro\",\"url\":\"https:\/\/www.nexoinformativo.mx\/\",\"logo\":{\"@type\":\"ImageObject\",\"inLanguage\":\"es\",\"@id\":\"https:\/\/www.nexoinformativo.mx\/#\/schema\/logo\/image\/\",\"url\":\"https:\/\/www.nexoinformativo.mx\/wp-content\/uploads\/2024\/07\/nexoi-trasparente-2.png\",\"contentUrl\":\"https:\/\/www.nexoinformativo.mx\/wp-content\/uploads\/2024\/07\/nexoi-trasparente-2.png\",\"width\":816,\"height\":339,\"caption\":\"Nexo Informativo Santiago de Quer\u00e9taro\"},\"image\":{\"@id\":\"https:\/\/www.nexoinformativo.mx\/#\/schema\/logo\/image\/\"},\"sameAs\":[\"https:\/\/www.facebook.com\/people\/Nexo-Informativo\/61564066885511\/\"]},{\"@type\":\"Person\",\"@id\":\"https:\/\/www.nexoinformativo.mx\/#\/schema\/person\/7749d380ba08c8ca00d7bc76fd907b7d\",\"name\":\"Nexo Informativo\",\"image\":{\"@type\":\"ImageObject\",\"inLanguage\":\"es\",\"@id\":\"https:\/\/www.nexoinformativo.mx\/#\/schema\/person\/image\/\",\"url\":\"https:\/\/secure.gravatar.com\/avatar\/dde2928154642a13d95f87ddf1ea9718fe2b46760a005c53e41ff5ad610704e6?s=96&d=mm&r=g\",\"contentUrl\":\"https:\/\/secure.gravatar.com\/avatar\/dde2928154642a13d95f87ddf1ea9718fe2b46760a005c53e41ff5ad610704e6?s=96&d=mm&r=g\",\"caption\":\"Nexo Informativo\"},\"url\":\"https:\/\/www.nexoinformativo.mx\/index.php\/author\/edicion\/\"}]}<\/script>\n<!-- \/ Yoast SEO plugin. -->","yoast_head_json":{"title":"Educaci\u00f3n para todos Campa\u00f1a \"Seguimos siendo \u00fatiles\" recolecta material escolar para comunidades vulnerables en Quer\u00e9taro | Nexo Informativo Santiago de Quer\u00e9taro","description":"Educaci\u00f3n para todos Campa\u00f1a \"Seguimos siendo \u00fatiles\" recolecta material escolar para comunidades vulnerables en Quer\u00e9taro","robots":{"index":"index","follow":"follow","max-snippet":"max-snippet:-1","max-image-preview":"max-image-preview:large","max-video-preview":"max-video-preview:-1"},"canonical":"https:\/\/www.nexoinformativo.mx\/index.php\/2025\/07\/08\/educacion-para-todos-campana-seguimos-siendo-utiles-recolecta-material-escolar-para-comunidades-vulnerables-en-queretaro\/","og_locale":"es_MX","og_type":"article","og_title":"Educaci\u00f3n para todos Campa\u00f1a \"Seguimos siendo \u00fatiles\" recolecta material escolar para comunidades vulnerables en Quer\u00e9taro | Nexo Informativo Santiago de Quer\u00e9taro","og_description":"Educaci\u00f3n para todos Campa\u00f1a \"Seguimos siendo \u00fatiles\" recolecta material escolar para comunidades vulnerables en Quer\u00e9taro","og_url":"https:\/\/www.nexoinformativo.mx\/index.php\/2025\/07\/08\/educacion-para-todos-campana-seguimos-siendo-utiles-recolecta-material-escolar-para-comunidades-vulnerables-en-queretaro\/","og_site_name":"Nexo Informativo Santiago de Quer\u00e9taro","article_publisher":"https:\/\/www.facebook.com\/people\/Nexo-Informativo\/61564066885511\/","article_published_time":"2025-07-08T16:00:29+00:00","article_modified_time":"2025-07-08T22:09:26+00:00","og_image":[{"width":800,"height":600,"url":"https:\/\/www.nexoinformativo.mx\/wp-content\/uploads\/2025\/07\/PHOTO-2025-07-08-13-19-13-e1752012523824.jpg","type":"image\/jpeg"}],"author":"Nexo Informativo","twitter_card":"summary_large_image","twitter_misc":{"Escrito por":"Nexo Informativo","Tiempo de lectura":"2 minutos"},"schema":{"@context":"https:\/\/schema.org","@graph":[{"@type":"Article","@id":"https:\/\/www.nexoinformativo.mx\/index.php\/2025\/07\/08\/educacion-para-todos-campana-seguimos-siendo-utiles-recolecta-material-escolar-para-comunidades-vulnerables-en-queretaro\/#article","isPartOf":{"@id":"https:\/\/www.nexoinformativo.mx\/index.php\/2025\/07\/08\/educacion-para-todos-campana-seguimos-siendo-utiles-recolecta-material-escolar-para-comunidades-vulnerables-en-queretaro\/"},"author":{"name":"Nexo Informativo","@id":"https:\/\/www.nexoinformativo.mx\/#\/schema\/person\/7749d380ba08c8ca00d7bc76fd907b7d"},"headline":"Educaci\u00f3n para todos Campa\u00f1a &#8220;Seguimos siendo \u00fatiles&#8221; recolecta material escolar para comunidades vulnerables en Quer\u00e9taro","datePublished":"2025-07-08T16:00:29+00:00","dateModified":"2025-07-08T22:09:26+00:00","mainEntityOfPage":{"@id":"https:\/\/www.nexoinformativo.mx\/index.php\/2025\/07\/08\/educacion-para-todos-campana-seguimos-siendo-utiles-recolecta-material-escolar-para-comunidades-vulnerables-en-queretaro\/"},"wordCount":281,"commentCount":0,"publisher":{"@id":"https:\/\/www.nexoinformativo.mx\/#organization"},"image":{"@id":"https:\/\/www.nexoinformativo.mx\/index.php\/2025\/07\/08\/educacion-para-todos-campana-seguimos-siendo-utiles-recolecta-material-escolar-para-comunidades-vulnerables-en-queretaro\/#primaryimage"},"thumbnailUrl":"https:\/\/www.nexoinformativo.mx\/wp-content\/uploads\/2025\/07\/PHOTO-2025-07-08-13-19-13-e1752012523824.jpg","keywords":["CONAFE","Educaci\u00f3nQro","Queretarosolidario","SeguimosSiendo\u00datiles"],"articleSection":["Estado","\u00daltima Hora"],"inLanguage":"es","potentialAction":[{"@type":"CommentAction","name":"Comment","target":["https:\/\/www.nexoinformativo.mx\/index.php\/2025\/07\/08\/educacion-para-todos-campana-seguimos-siendo-utiles-recolecta-material-escolar-para-comunidades-vulnerables-en-queretaro\/#respond"]}]},{"@type":"WebPage","@id":"https:\/\/www.nexoinformativo.mx\/index.php\/2025\/07\/08\/educacion-para-todos-campana-seguimos-siendo-utiles-recolecta-material-escolar-para-comunidades-vulnerables-en-queretaro\/","url":"https:\/\/www.nexoinformativo.mx\/index.php\/2025\/07\/08\/educacion-para-todos-campana-seguimos-siendo-utiles-recolecta-material-escolar-para-comunidades-vulnerables-en-queretaro\/","name":"Educaci\u00f3n para todos Campa\u00f1a \"Seguimos siendo \u00fatiles\" recolecta material escolar para comunidades vulnerables en Quer\u00e9taro | Nexo Informativo Santiago de Quer\u00e9taro","isPartOf":{"@id":"https:\/\/www.nexoinformativo.mx\/#website"},"primaryImageOfPage":{"@id":"https:\/\/www.nexoinformativo.mx\/index.php\/2025\/07\/08\/educacion-para-todos-campana-seguimos-siendo-utiles-recolecta-material-escolar-para-comunidades-vulnerables-en-queretaro\/#primaryimage"},"image":{"@id":"https:\/\/www.nexoinformativo.mx\/index.php\/2025\/07\/08\/educacion-para-todos-campana-seguimos-siendo-utiles-recolecta-material-escolar-para-comunidades-vulnerables-en-queretaro\/#primaryimage"},"thumbnailUrl":"https:\/\/www.nexoinformativo.mx\/wp-content\/uploads\/2025\/07\/PHOTO-2025-07-08-13-19-13-e1752012523824.jpg","datePublished":"2025-07-08T16:00:29+00:00","dateModified":"2025-07-08T22:09:26+00:00","description":"Educaci\u00f3n para todos Campa\u00f1a \"Seguimos siendo \u00fatiles\" recolecta material escolar para comunidades vulnerables en Quer\u00e9taro","breadcrumb":{"@id":"https:\/\/www.nexoinformativo.mx\/index.php\/2025\/07\/08\/educacion-para-todos-campana-seguimos-siendo-utiles-recolecta-material-escolar-para-comunidades-vulnerables-en-queretaro\/#breadcrumb"},"inLanguage":"es","potentialAction":[{"@type":"ReadAction","target":["https:\/\/www.nexoinformativo.mx\/index.php\/2025\/07\/08\/educacion-para-todos-campana-seguimos-siendo-utiles-recolecta-material-escolar-para-comunidades-vulnerables-en-queretaro\/"]}]},{"@type":"ImageObject","inLanguage":"es","@id":"https:\/\/www.nexoinformativo.mx\/index.php\/2025\/07\/08\/educacion-para-todos-campana-seguimos-siendo-utiles-recolecta-material-escolar-para-comunidades-vulnerables-en-queretaro\/#primaryimage","url":"https:\/\/www.nexoinformativo.mx\/wp-content\/uploads\/2025\/07\/PHOTO-2025-07-08-13-19-13-e1752012523824.jpg","contentUrl":"https:\/\/www.nexoinformativo.mx\/wp-content\/uploads\/2025\/07\/PHOTO-2025-07-08-13-19-13-e1752012523824.jpg","width":800,"height":600},{"@type":"BreadcrumbList","@id":"https:\/\/www.nexoinformativo.mx\/index.php\/2025\/07\/08\/educacion-para-todos-campana-seguimos-siendo-utiles-recolecta-material-escolar-para-comunidades-vulnerables-en-queretaro\/#breadcrumb","itemListElement":[{"@type":"ListItem","position":1,"name":"Inicio","item":"https:\/\/www.nexoinformativo.mx\/"},{"@type":"ListItem","position":2,"name":"Educaci\u00f3n para todos Campa\u00f1a &#8220;Seguimos siendo \u00fatiles&#8221; recolecta material escolar para comunidades vulnerables en Quer\u00e9taro"}]},{"@type":"WebSite","@id":"https:\/\/www.nexoinformativo.mx\/#website","url":"https:\/\/www.nexoinformativo.mx\/","name":"Nexo Informativo Santiago de Quer\u00e9taro","description":"Explora NexoInformativo y convi\u00e9rtete en parte de una comunidad que valora el conocimiento y la verdad. Tu nexoinformativo es tu puente hacia una comprensi\u00f3n m\u00e1s profunda del mundo que te rodea.","publisher":{"@id":"https:\/\/www.nexoinformativo.mx\/#organization"},"potentialAction":[{"@type":"SearchAction","target":{"@type":"EntryPoint","urlTemplate":"https:\/\/www.nexoinformativo.mx\/?s={search_term_string}"},"query-input":{"@type":"PropertyValueSpecification","valueRequired":true,"valueName":"search_term_string"}}],"inLanguage":"es"},{"@type":"Organization","@id":"https:\/\/www.nexoinformativo.mx\/#organization","name":"Nexo Informativo Santiago de Quer\u00e9taro","url":"https:\/\/www.nexoinformativo.mx\/","logo":{"@type":"ImageObject","inLanguage":"es","@id":"https:\/\/www.nexoinformativo.mx\/#\/schema\/logo\/image\/","url":"https:\/\/www.nexoinformativo.mx\/wp-content\/uploads\/2024\/07\/nexoi-trasparente-2.png","contentUrl":"https:\/\/www.nexoinformativo.mx\/wp-content\/uploads\/2024\/07\/nexoi-trasparente-2.png","width":816,"height":339,"caption":"Nexo Informativo Santiago de Quer\u00e9taro"},"image":{"@id":"https:\/\/www.nexoinformativo.mx\/#\/schema\/logo\/image\/"},"sameAs":["https:\/\/www.facebook.com\/people\/Nexo-Informativo\/61564066885511\/"]},{"@type":"Person","@id":"https:\/\/www.nexoinformativo.mx\/#\/schema\/person\/7749d380ba08c8ca00d7bc76fd907b7d","name":"Nexo Informativo","image":{"@type":"ImageObject","inLanguage":"es","@id":"https:\/\/www.nexoinformativo.mx\/#\/schema\/person\/image\/","url":"https:\/\/secure.gravatar.com\/avatar\/dde2928154642a13d95f87ddf1ea9718fe2b46760a005c53e41ff5ad610704e6?s=96&d=mm&r=g","contentUrl":"https:\/\/secure.gravatar.com\/avatar\/dde2928154642a13d95f87ddf1ea9718fe2b46760a005c53e41ff5ad610704e6?s=96&d=mm&r=g","caption":"Nexo Informativo"},"url":"https:\/\/www.nexoinformativo.mx\/index.php\/author\/edicion\/"}]}},"_links":{"self":[{"href":"https:\/\/www.nexoinformativo.mx\/index.php\/wp-json\/wp\/v2\/posts\/16386","targetHints":{"allow":["GET"]}}],"collection":[{"href":"https:\/\/www.nexoinformativo.mx\/index.php\/wp-json\/wp\/v2\/posts"}],"about":[{"href":"https:\/\/www.nexoinformativo.mx\/index.php\/wp-json\/wp\/v2\/types\/post"}],"author":[{"embeddable":true,"href":"https:\/\/www.nexoinformativo.mx\/index.php\/wp-json\/wp\/v2\/users\/3"}],"replies":[{"embeddable":true,"href":"https:\/\/www.nexoinformativo.mx\/index.php\/wp-json\/wp\/v2\/comments?post=16386"}],"version-history":[{"count":3,"href":"https:\/\/www.nexoinformativo.mx\/index.php\/wp-json\/wp\/v2\/posts\/16386\/revisions"}],"predecessor-version":[{"id":16390,"href":"https:\/\/www.nexoinformativo.mx\/index.php\/wp-json\/wp\/v2\/posts\/16386\/revisions\/16390"}],"wp:featuredmedia":[{"embeddable":true,"href":"https:\/\/www.nexoinformativo.mx\/index.php\/wp-json\/wp\/v2\/media\/16387"}],"wp:attachment":[{"href":"https:\/\/www.nexoinformativo.mx\/index.php\/wp-json\/wp\/v2\/media?parent=16386"}],"wp:term":[{"taxonomy":"category","embeddable":true,"href":"https:\/\/www.nexoinformativo.mx\/index.php\/wp-json\/wp\/v2\/categories?post=16386"},{"taxonomy":"post_tag","embeddable":true,"href":"https:\/\/www.nexoinformativo.mx\/index.php\/wp-json\/wp\/v2\/tags?post=16386"}],"curies":[{"name":"wp","href":"https:\/\/api.w.org\/{rel}","templated":true}]}}