{"id":16397,"date":"2025-07-08T12:00:29","date_gmt":"2025-07-08T18:00:29","guid":{"rendered":"https:\/\/www.nexoinformativo.mx\/?p=16397"},"modified":"2025-07-08T16:20:11","modified_gmt":"2025-07-08T22:20:11","slug":"inscribete-ya-la-carrera-fundacion-qro-te-espera-el-27-de-julio-con-distancias-para-todos","status":"publish","type":"post","link":"https:\/\/www.nexoinformativo.mx\/index.php\/2025\/07\/08\/inscribete-ya-la-carrera-fundacion-qro-te-espera-el-27-de-julio-con-distancias-para-todos\/","title":{"rendered":"Inscr\u00edbete ya la Carrera Fundaci\u00f3n Qro te espera el 27 de Julio con distancias para todos"},"content":{"rendered":"<p style=\"text-align: justify;\">La ciudad de Quer\u00e9taro celebrar\u00e1 su aniversario con la primera edici\u00f3n de la Carrera Fundaci\u00f3n Qro, que se llevar\u00e1 a cabo el pr\u00f3ximo 27 de julio. Este evento deportivo ofrecer\u00e1 modalidades de 8, 14 y 21 kil\u00f3metros, invitando a corredores de todos los niveles a participar.<\/p>\n<p>&nbsp;<\/p>\n<p style=\"text-align: justify;\">Juan B\u00e1ez, secretario del Deporte, explic\u00f3 que el punto de salida para todas las distancias ser\u00e1 en la Alameda sobre avenida Constituyentes, abarcando un circuito que se extender\u00e1 hasta Bernardo Quintana.<\/p>\n<p>&nbsp;<\/p>\n<p style=\"text-align: justify;\">Actualmente, ya hay dos mil corredores inscritos, y el cupo est\u00e1 limitado a cuatro mil participantes. \u00a1As\u00ed que no te quedes fuera! La inscripci\u00f3n tiene un costo de $385 pesos y est\u00e1 disponible en la p\u00e1gina <a href=\"http:\/\/aqsports.com.mx\/\" target=\"_blank\" rel=\"noopener\">aqsports.com.mx<\/a>.<\/p>\n<p>&nbsp;<\/p>\n<p style=\"text-align: justify;\">La carrera contar\u00e1 con diversas categor\u00edas para garantizar una competencia justa:<\/p>\n<\/p>\n<p>&nbsp;<\/p>\n<ul style=\"text-align: justify;\">\n<li>Edades: 18 a 39 a\u00f1os, 40 a 49 a\u00f1os, 50 a 59 a\u00f1os y m\u00e1s de 60 a\u00f1os, tanto en rama varonil como femenil.<\/li>\n<li>Distancias (8 y 14 km): Tambi\u00e9n habr\u00e1 categor\u00edas libre y adultos mayores.<\/li>\n<\/ul>\n<p>&nbsp;<\/p>\n<p style=\"text-align: justify;\">Se repartir\u00e1n 180 mil pesos en premios. El primer lugar del medio marat\u00f3n (21K) se llevar\u00e1 6 mil pesos, mientras que para las otras categor\u00edas los premios oscilar\u00e1n entre los 2 mil y 4 mil pesos.<\/p>\n<p>&nbsp;<\/p>\n<p style=\"text-align: justify;\">La entrega del kit de corredor se realizar\u00e1 el 26 de julio en el arco techo del Centro Cultural Manuel G\u00f3mez Mor\u00edn, en un horario de 9:00 a 16:00 horas.<\/p>\n<p>&nbsp;<\/p>\n<p style=\"text-align: center;\"><em><strong>\u00a1Informaci\u00f3n que transforma!<\/strong><\/em><\/p>\n","protected":false},"excerpt":{"rendered":"<p>La ciudad de Quer\u00e9taro celebrar\u00e1 su aniversario con la primera edici\u00f3n de la Carrera Fundaci\u00f3n Qro, que se llevar\u00e1 a cabo el pr\u00f3ximo 27 de julio. Este evento deportivo ofrecer\u00e1 modalidades de 8, 14 y 21 kil\u00f3metros, invitando a corredores de todos los niveles a participar.<\/p>\n","protected":false},"author":3,"featured_media":16398,"comment_status":"open","ping_status":"open","sticky":false,"template":"","format":"standard","meta":{"footnotes":""},"categories":[50,42,58],"tags":[4915,4913,4914,3673],"class_list":["post-16397","post","type-post","status-publish","format-standard","has-post-thumbnail","hentry","category-espectaculos","category-estado","category-ultima-hora","tag-aniversarioqro","tag-carrerafundacionqro","tag-correporqueretaro","tag-queretarodeportivo"],"yoast_head":"<!-- This site is optimized with the Yoast SEO plugin v25.0 - https:\/\/yoast.com\/wordpress\/plugins\/seo\/ -->\n<title>Inscr\u00edbete ya la Carrera Fundaci\u00f3n Qro te espera el 27 de Julio con distancias para todos | Nexo Informativo Santiago de Quer\u00e9taro<\/title>\n<meta name=\"description\" content=\"nscr\u00edbete ya la Carrera Fundaci\u00f3n Qro te espera el 27 de Julio con distancias para todos\" \/>\n<meta name=\"robots\" content=\"index, follow, max-snippet:-1, max-image-preview:large, max-video-preview:-1\" \/>\n<link rel=\"canonical\" href=\"https:\/\/www.nexoinformativo.mx\/index.php\/2025\/07\/08\/inscribete-ya-la-carrera-fundacion-qro-te-espera-el-27-de-julio-con-distancias-para-todos\/\" \/>\n<meta property=\"og:locale\" content=\"es_MX\" \/>\n<meta property=\"og:type\" content=\"article\" \/>\n<meta property=\"og:title\" content=\"Inscr\u00edbete ya la Carrera Fundaci\u00f3n Qro te espera el 27 de Julio con distancias para todos | Nexo Informativo Santiago de Quer\u00e9taro\" \/>\n<meta property=\"og:description\" content=\"nscr\u00edbete ya la Carrera Fundaci\u00f3n Qro te espera el 27 de Julio con distancias para todos\" \/>\n<meta property=\"og:url\" content=\"https:\/\/www.nexoinformativo.mx\/index.php\/2025\/07\/08\/inscribete-ya-la-carrera-fundacion-qro-te-espera-el-27-de-julio-con-distancias-para-todos\/\" \/>\n<meta property=\"og:site_name\" content=\"Nexo Informativo Santiago de Quer\u00e9taro\" \/>\n<meta property=\"article:publisher\" content=\"https:\/\/www.facebook.com\/people\/Nexo-Informativo\/61564066885511\/\" \/>\n<meta property=\"article:published_time\" content=\"2025-07-08T18:00:29+00:00\" \/>\n<meta property=\"article:modified_time\" content=\"2025-07-08T22:20:11+00:00\" \/>\n<meta property=\"og:image\" content=\"https:\/\/www.nexoinformativo.mx\/wp-content\/uploads\/2025\/07\/PHOTO-2025-07-08-13-19-14-2-scaled-e1752013100770.jpg\" \/>\n\t<meta property=\"og:image:width\" content=\"800\" \/>\n\t<meta property=\"og:image:height\" content=\"600\" \/>\n\t<meta property=\"og:image:type\" content=\"image\/jpeg\" \/>\n<meta name=\"author\" content=\"Nexo Informativo\" \/>\n<meta name=\"twitter:card\" content=\"summary_large_image\" \/>\n<meta name=\"twitter:label1\" content=\"Escrito por\" \/>\n\t<meta name=\"twitter:data1\" content=\"Nexo Informativo\" \/>\n\t<meta name=\"twitter:label2\" content=\"Tiempo de lectura\" \/>\n\t<meta name=\"twitter:data2\" content=\"2 minutos\" \/>\n<script type=\"application\/ld+json\" class=\"yoast-schema-graph\">{\"@context\":\"https:\/\/schema.org\",\"@graph\":[{\"@type\":\"Article\",\"@id\":\"https:\/\/www.nexoinformativo.mx\/index.php\/2025\/07\/08\/inscribete-ya-la-carrera-fundacion-qro-te-espera-el-27-de-julio-con-distancias-para-todos\/#article\",\"isPartOf\":{\"@id\":\"https:\/\/www.nexoinformativo.mx\/index.php\/2025\/07\/08\/inscribete-ya-la-carrera-fundacion-qro-te-espera-el-27-de-julio-con-distancias-para-todos\/\"},\"author\":{\"name\":\"Nexo Informativo\",\"@id\":\"https:\/\/www.nexoinformativo.mx\/#\/schema\/person\/7749d380ba08c8ca00d7bc76fd907b7d\"},\"headline\":\"Inscr\u00edbete ya la Carrera Fundaci\u00f3n Qro te espera el 27 de Julio con distancias para todos\",\"datePublished\":\"2025-07-08T18:00:29+00:00\",\"dateModified\":\"2025-07-08T22:20:11+00:00\",\"mainEntityOfPage\":{\"@id\":\"https:\/\/www.nexoinformativo.mx\/index.php\/2025\/07\/08\/inscribete-ya-la-carrera-fundacion-qro-te-espera-el-27-de-julio-con-distancias-para-todos\/\"},\"wordCount\":258,\"commentCount\":0,\"publisher\":{\"@id\":\"https:\/\/www.nexoinformativo.mx\/#organization\"},\"image\":{\"@id\":\"https:\/\/www.nexoinformativo.mx\/index.php\/2025\/07\/08\/inscribete-ya-la-carrera-fundacion-qro-te-espera-el-27-de-julio-con-distancias-para-todos\/#primaryimage\"},\"thumbnailUrl\":\"https:\/\/www.nexoinformativo.mx\/wp-content\/uploads\/2025\/07\/PHOTO-2025-07-08-13-19-14-2-scaled-e1752013100770.jpg\",\"keywords\":[\"AniversarioQro\",\"CarreraFundaci\u00f3nQro\",\"CorrePorQuer\u00e9taro\",\"Quer\u00e9taroDeportivo\"],\"articleSection\":[\"Espect\u00e1culos\",\"Estado\",\"\u00daltima Hora\"],\"inLanguage\":\"es\",\"potentialAction\":[{\"@type\":\"CommentAction\",\"name\":\"Comment\",\"target\":[\"https:\/\/www.nexoinformativo.mx\/index.php\/2025\/07\/08\/inscribete-ya-la-carrera-fundacion-qro-te-espera-el-27-de-julio-con-distancias-para-todos\/#respond\"]}]},{\"@type\":\"WebPage\",\"@id\":\"https:\/\/www.nexoinformativo.mx\/index.php\/2025\/07\/08\/inscribete-ya-la-carrera-fundacion-qro-te-espera-el-27-de-julio-con-distancias-para-todos\/\",\"url\":\"https:\/\/www.nexoinformativo.mx\/index.php\/2025\/07\/08\/inscribete-ya-la-carrera-fundacion-qro-te-espera-el-27-de-julio-con-distancias-para-todos\/\",\"name\":\"Inscr\u00edbete ya la Carrera Fundaci\u00f3n Qro te espera el 27 de Julio con distancias para todos | Nexo Informativo Santiago de Quer\u00e9taro\",\"isPartOf\":{\"@id\":\"https:\/\/www.nexoinformativo.mx\/#website\"},\"primaryImageOfPage\":{\"@id\":\"https:\/\/www.nexoinformativo.mx\/index.php\/2025\/07\/08\/inscribete-ya-la-carrera-fundacion-qro-te-espera-el-27-de-julio-con-distancias-para-todos\/#primaryimage\"},\"image\":{\"@id\":\"https:\/\/www.nexoinformativo.mx\/index.php\/2025\/07\/08\/inscribete-ya-la-carrera-fundacion-qro-te-espera-el-27-de-julio-con-distancias-para-todos\/#primaryimage\"},\"thumbnailUrl\":\"https:\/\/www.nexoinformativo.mx\/wp-content\/uploads\/2025\/07\/PHOTO-2025-07-08-13-19-14-2-scaled-e1752013100770.jpg\",\"datePublished\":\"2025-07-08T18:00:29+00:00\",\"dateModified\":\"2025-07-08T22:20:11+00:00\",\"description\":\"nscr\u00edbete ya la Carrera Fundaci\u00f3n Qro te espera el 27 de Julio con distancias para todos\",\"breadcrumb\":{\"@id\":\"https:\/\/www.nexoinformativo.mx\/index.php\/2025\/07\/08\/inscribete-ya-la-carrera-fundacion-qro-te-espera-el-27-de-julio-con-distancias-para-todos\/#breadcrumb\"},\"inLanguage\":\"es\",\"potentialAction\":[{\"@type\":\"ReadAction\",\"target\":[\"https:\/\/www.nexoinformativo.mx\/index.php\/2025\/07\/08\/inscribete-ya-la-carrera-fundacion-qro-te-espera-el-27-de-julio-con-distancias-para-todos\/\"]}]},{\"@type\":\"ImageObject\",\"inLanguage\":\"es\",\"@id\":\"https:\/\/www.nexoinformativo.mx\/index.php\/2025\/07\/08\/inscribete-ya-la-carrera-fundacion-qro-te-espera-el-27-de-julio-con-distancias-para-todos\/#primaryimage\",\"url\":\"https:\/\/www.nexoinformativo.mx\/wp-content\/uploads\/2025\/07\/PHOTO-2025-07-08-13-19-14-2-scaled-e1752013100770.jpg\",\"contentUrl\":\"https:\/\/www.nexoinformativo.mx\/wp-content\/uploads\/2025\/07\/PHOTO-2025-07-08-13-19-14-2-scaled-e1752013100770.jpg\",\"width\":800,\"height\":600},{\"@type\":\"BreadcrumbList\",\"@id\":\"https:\/\/www.nexoinformativo.mx\/index.php\/2025\/07\/08\/inscribete-ya-la-carrera-fundacion-qro-te-espera-el-27-de-julio-con-distancias-para-todos\/#breadcrumb\",\"itemListElement\":[{\"@type\":\"ListItem\",\"position\":1,\"name\":\"Inicio\",\"item\":\"https:\/\/www.nexoinformativo.mx\/\"},{\"@type\":\"ListItem\",\"position\":2,\"name\":\"Inscr\u00edbete ya la Carrera Fundaci\u00f3n Qro te espera el 27 de Julio con distancias para todos\"}]},{\"@type\":\"WebSite\",\"@id\":\"https:\/\/www.nexoinformativo.mx\/#website\",\"url\":\"https:\/\/www.nexoinformativo.mx\/\",\"name\":\"Nexo Informativo Santiago de Quer\u00e9taro\",\"description\":\"Explora NexoInformativo y convi\u00e9rtete en parte de una comunidad que valora el conocimiento y la verdad. Tu nexoinformativo es tu puente hacia una comprensi\u00f3n m\u00e1s profunda del mundo que te rodea.\",\"publisher\":{\"@id\":\"https:\/\/www.nexoinformativo.mx\/#organization\"},\"potentialAction\":[{\"@type\":\"SearchAction\",\"target\":{\"@type\":\"EntryPoint\",\"urlTemplate\":\"https:\/\/www.nexoinformativo.mx\/?s={search_term_string}\"},\"query-input\":{\"@type\":\"PropertyValueSpecification\",\"valueRequired\":true,\"valueName\":\"search_term_string\"}}],\"inLanguage\":\"es\"},{\"@type\":\"Organization\",\"@id\":\"https:\/\/www.nexoinformativo.mx\/#organization\",\"name\":\"Nexo Informativo Santiago de Quer\u00e9taro\",\"url\":\"https:\/\/www.nexoinformativo.mx\/\",\"logo\":{\"@type\":\"ImageObject\",\"inLanguage\":\"es\",\"@id\":\"https:\/\/www.nexoinformativo.mx\/#\/schema\/logo\/image\/\",\"url\":\"https:\/\/www.nexoinformativo.mx\/wp-content\/uploads\/2024\/07\/nexoi-trasparente-2.png\",\"contentUrl\":\"https:\/\/www.nexoinformativo.mx\/wp-content\/uploads\/2024\/07\/nexoi-trasparente-2.png\",\"width\":816,\"height\":339,\"caption\":\"Nexo Informativo Santiago de Quer\u00e9taro\"},\"image\":{\"@id\":\"https:\/\/www.nexoinformativo.mx\/#\/schema\/logo\/image\/\"},\"sameAs\":[\"https:\/\/www.facebook.com\/people\/Nexo-Informativo\/61564066885511\/\"]},{\"@type\":\"Person\",\"@id\":\"https:\/\/www.nexoinformativo.mx\/#\/schema\/person\/7749d380ba08c8ca00d7bc76fd907b7d\",\"name\":\"Nexo Informativo\",\"image\":{\"@type\":\"ImageObject\",\"inLanguage\":\"es\",\"@id\":\"https:\/\/www.nexoinformativo.mx\/#\/schema\/person\/image\/\",\"url\":\"https:\/\/secure.gravatar.com\/avatar\/dde2928154642a13d95f87ddf1ea9718fe2b46760a005c53e41ff5ad610704e6?s=96&d=mm&r=g\",\"contentUrl\":\"https:\/\/secure.gravatar.com\/avatar\/dde2928154642a13d95f87ddf1ea9718fe2b46760a005c53e41ff5ad610704e6?s=96&d=mm&r=g\",\"caption\":\"Nexo Informativo\"},\"url\":\"https:\/\/www.nexoinformativo.mx\/index.php\/author\/edicion\/\"}]}<\/script>\n<!-- \/ Yoast SEO plugin. -->","yoast_head_json":{"title":"Inscr\u00edbete ya la Carrera Fundaci\u00f3n Qro te espera el 27 de Julio con distancias para todos | Nexo Informativo Santiago de Quer\u00e9taro","description":"nscr\u00edbete ya la Carrera Fundaci\u00f3n Qro te espera el 27 de Julio con distancias para todos","robots":{"index":"index","follow":"follow","max-snippet":"max-snippet:-1","max-image-preview":"max-image-preview:large","max-video-preview":"max-video-preview:-1"},"canonical":"https:\/\/www.nexoinformativo.mx\/index.php\/2025\/07\/08\/inscribete-ya-la-carrera-fundacion-qro-te-espera-el-27-de-julio-con-distancias-para-todos\/","og_locale":"es_MX","og_type":"article","og_title":"Inscr\u00edbete ya la Carrera Fundaci\u00f3n Qro te espera el 27 de Julio con distancias para todos | Nexo Informativo Santiago de Quer\u00e9taro","og_description":"nscr\u00edbete ya la Carrera Fundaci\u00f3n Qro te espera el 27 de Julio con distancias para todos","og_url":"https:\/\/www.nexoinformativo.mx\/index.php\/2025\/07\/08\/inscribete-ya-la-carrera-fundacion-qro-te-espera-el-27-de-julio-con-distancias-para-todos\/","og_site_name":"Nexo Informativo Santiago de Quer\u00e9taro","article_publisher":"https:\/\/www.facebook.com\/people\/Nexo-Informativo\/61564066885511\/","article_published_time":"2025-07-08T18:00:29+00:00","article_modified_time":"2025-07-08T22:20:11+00:00","og_image":[{"width":800,"height":600,"url":"https:\/\/www.nexoinformativo.mx\/wp-content\/uploads\/2025\/07\/PHOTO-2025-07-08-13-19-14-2-scaled-e1752013100770.jpg","type":"image\/jpeg"}],"author":"Nexo Informativo","twitter_card":"summary_large_image","twitter_misc":{"Escrito por":"Nexo Informativo","Tiempo de lectura":"2 minutos"},"schema":{"@context":"https:\/\/schema.org","@graph":[{"@type":"Article","@id":"https:\/\/www.nexoinformativo.mx\/index.php\/2025\/07\/08\/inscribete-ya-la-carrera-fundacion-qro-te-espera-el-27-de-julio-con-distancias-para-todos\/#article","isPartOf":{"@id":"https:\/\/www.nexoinformativo.mx\/index.php\/2025\/07\/08\/inscribete-ya-la-carrera-fundacion-qro-te-espera-el-27-de-julio-con-distancias-para-todos\/"},"author":{"name":"Nexo Informativo","@id":"https:\/\/www.nexoinformativo.mx\/#\/schema\/person\/7749d380ba08c8ca00d7bc76fd907b7d"},"headline":"Inscr\u00edbete ya la Carrera Fundaci\u00f3n Qro te espera el 27 de Julio con distancias para todos","datePublished":"2025-07-08T18:00:29+00:00","dateModified":"2025-07-08T22:20:11+00:00","mainEntityOfPage":{"@id":"https:\/\/www.nexoinformativo.mx\/index.php\/2025\/07\/08\/inscribete-ya-la-carrera-fundacion-qro-te-espera-el-27-de-julio-con-distancias-para-todos\/"},"wordCount":258,"commentCount":0,"publisher":{"@id":"https:\/\/www.nexoinformativo.mx\/#organization"},"image":{"@id":"https:\/\/www.nexoinformativo.mx\/index.php\/2025\/07\/08\/inscribete-ya-la-carrera-fundacion-qro-te-espera-el-27-de-julio-con-distancias-para-todos\/#primaryimage"},"thumbnailUrl":"https:\/\/www.nexoinformativo.mx\/wp-content\/uploads\/2025\/07\/PHOTO-2025-07-08-13-19-14-2-scaled-e1752013100770.jpg","keywords":["AniversarioQro","CarreraFundaci\u00f3nQro","CorrePorQuer\u00e9taro","Quer\u00e9taroDeportivo"],"articleSection":["Espect\u00e1culos","Estado","\u00daltima Hora"],"inLanguage":"es","potentialAction":[{"@type":"CommentAction","name":"Comment","target":["https:\/\/www.nexoinformativo.mx\/index.php\/2025\/07\/08\/inscribete-ya-la-carrera-fundacion-qro-te-espera-el-27-de-julio-con-distancias-para-todos\/#respond"]}]},{"@type":"WebPage","@id":"https:\/\/www.nexoinformativo.mx\/index.php\/2025\/07\/08\/inscribete-ya-la-carrera-fundacion-qro-te-espera-el-27-de-julio-con-distancias-para-todos\/","url":"https:\/\/www.nexoinformativo.mx\/index.php\/2025\/07\/08\/inscribete-ya-la-carrera-fundacion-qro-te-espera-el-27-de-julio-con-distancias-para-todos\/","name":"Inscr\u00edbete ya la Carrera Fundaci\u00f3n Qro te espera el 27 de Julio con distancias para todos | Nexo Informativo Santiago de Quer\u00e9taro","isPartOf":{"@id":"https:\/\/www.nexoinformativo.mx\/#website"},"primaryImageOfPage":{"@id":"https:\/\/www.nexoinformativo.mx\/index.php\/2025\/07\/08\/inscribete-ya-la-carrera-fundacion-qro-te-espera-el-27-de-julio-con-distancias-para-todos\/#primaryimage"},"image":{"@id":"https:\/\/www.nexoinformativo.mx\/index.php\/2025\/07\/08\/inscribete-ya-la-carrera-fundacion-qro-te-espera-el-27-de-julio-con-distancias-para-todos\/#primaryimage"},"thumbnailUrl":"https:\/\/www.nexoinformativo.mx\/wp-content\/uploads\/2025\/07\/PHOTO-2025-07-08-13-19-14-2-scaled-e1752013100770.jpg","datePublished":"2025-07-08T18:00:29+00:00","dateModified":"2025-07-08T22:20:11+00:00","description":"nscr\u00edbete ya la Carrera Fundaci\u00f3n Qro te espera el 27 de Julio con distancias para todos","breadcrumb":{"@id":"https:\/\/www.nexoinformativo.mx\/index.php\/2025\/07\/08\/inscribete-ya-la-carrera-fundacion-qro-te-espera-el-27-de-julio-con-distancias-para-todos\/#breadcrumb"},"inLanguage":"es","potentialAction":[{"@type":"ReadAction","target":["https:\/\/www.nexoinformativo.mx\/index.php\/2025\/07\/08\/inscribete-ya-la-carrera-fundacion-qro-te-espera-el-27-de-julio-con-distancias-para-todos\/"]}]},{"@type":"ImageObject","inLanguage":"es","@id":"https:\/\/www.nexoinformativo.mx\/index.php\/2025\/07\/08\/inscribete-ya-la-carrera-fundacion-qro-te-espera-el-27-de-julio-con-distancias-para-todos\/#primaryimage","url":"https:\/\/www.nexoinformativo.mx\/wp-content\/uploads\/2025\/07\/PHOTO-2025-07-08-13-19-14-2-scaled-e1752013100770.jpg","contentUrl":"https:\/\/www.nexoinformativo.mx\/wp-content\/uploads\/2025\/07\/PHOTO-2025-07-08-13-19-14-2-scaled-e1752013100770.jpg","width":800,"height":600},{"@type":"BreadcrumbList","@id":"https:\/\/www.nexoinformativo.mx\/index.php\/2025\/07\/08\/inscribete-ya-la-carrera-fundacion-qro-te-espera-el-27-de-julio-con-distancias-para-todos\/#breadcrumb","itemListElement":[{"@type":"ListItem","position":1,"name":"Inicio","item":"https:\/\/www.nexoinformativo.mx\/"},{"@type":"ListItem","position":2,"name":"Inscr\u00edbete ya la Carrera Fundaci\u00f3n Qro te espera el 27 de Julio con distancias para todos"}]},{"@type":"WebSite","@id":"https:\/\/www.nexoinformativo.mx\/#website","url":"https:\/\/www.nexoinformativo.mx\/","name":"Nexo Informativo Santiago de Quer\u00e9taro","description":"Explora NexoInformativo y convi\u00e9rtete en parte de una comunidad que valora el conocimiento y la verdad. Tu nexoinformativo es tu puente hacia una comprensi\u00f3n m\u00e1s profunda del mundo que te rodea.","publisher":{"@id":"https:\/\/www.nexoinformativo.mx\/#organization"},"potentialAction":[{"@type":"SearchAction","target":{"@type":"EntryPoint","urlTemplate":"https:\/\/www.nexoinformativo.mx\/?s={search_term_string}"},"query-input":{"@type":"PropertyValueSpecification","valueRequired":true,"valueName":"search_term_string"}}],"inLanguage":"es"},{"@type":"Organization","@id":"https:\/\/www.nexoinformativo.mx\/#organization","name":"Nexo Informativo Santiago de Quer\u00e9taro","url":"https:\/\/www.nexoinformativo.mx\/","logo":{"@type":"ImageObject","inLanguage":"es","@id":"https:\/\/www.nexoinformativo.mx\/#\/schema\/logo\/image\/","url":"https:\/\/www.nexoinformativo.mx\/wp-content\/uploads\/2024\/07\/nexoi-trasparente-2.png","contentUrl":"https:\/\/www.nexoinformativo.mx\/wp-content\/uploads\/2024\/07\/nexoi-trasparente-2.png","width":816,"height":339,"caption":"Nexo Informativo Santiago de Quer\u00e9taro"},"image":{"@id":"https:\/\/www.nexoinformativo.mx\/#\/schema\/logo\/image\/"},"sameAs":["https:\/\/www.facebook.com\/people\/Nexo-Informativo\/61564066885511\/"]},{"@type":"Person","@id":"https:\/\/www.nexoinformativo.mx\/#\/schema\/person\/7749d380ba08c8ca00d7bc76fd907b7d","name":"Nexo Informativo","image":{"@type":"ImageObject","inLanguage":"es","@id":"https:\/\/www.nexoinformativo.mx\/#\/schema\/person\/image\/","url":"https:\/\/secure.gravatar.com\/avatar\/dde2928154642a13d95f87ddf1ea9718fe2b46760a005c53e41ff5ad610704e6?s=96&d=mm&r=g","contentUrl":"https:\/\/secure.gravatar.com\/avatar\/dde2928154642a13d95f87ddf1ea9718fe2b46760a005c53e41ff5ad610704e6?s=96&d=mm&r=g","caption":"Nexo Informativo"},"url":"https:\/\/www.nexoinformativo.mx\/index.php\/author\/edicion\/"}]}},"_links":{"self":[{"href":"https:\/\/www.nexoinformativo.mx\/index.php\/wp-json\/wp\/v2\/posts\/16397","targetHints":{"allow":["GET"]}}],"collection":[{"href":"https:\/\/www.nexoinformativo.mx\/index.php\/wp-json\/wp\/v2\/posts"}],"about":[{"href":"https:\/\/www.nexoinformativo.mx\/index.php\/wp-json\/wp\/v2\/types\/post"}],"author":[{"embeddable":true,"href":"https:\/\/www.nexoinformativo.mx\/index.php\/wp-json\/wp\/v2\/users\/3"}],"replies":[{"embeddable":true,"href":"https:\/\/www.nexoinformativo.mx\/index.php\/wp-json\/wp\/v2\/comments?post=16397"}],"version-history":[{"count":5,"href":"https:\/\/www.nexoinformativo.mx\/index.php\/wp-json\/wp\/v2\/posts\/16397\/revisions"}],"predecessor-version":[{"id":16402,"href":"https:\/\/www.nexoinformativo.mx\/index.php\/wp-json\/wp\/v2\/posts\/16397\/revisions\/16402"}],"wp:featuredmedia":[{"embeddable":true,"href":"https:\/\/www.nexoinformativo.mx\/index.php\/wp-json\/wp\/v2\/media\/16398"}],"wp:attachment":[{"href":"https:\/\/www.nexoinformativo.mx\/index.php\/wp-json\/wp\/v2\/media?parent=16397"}],"wp:term":[{"taxonomy":"category","embeddable":true,"href":"https:\/\/www.nexoinformativo.mx\/index.php\/wp-json\/wp\/v2\/categories?post=16397"},{"taxonomy":"post_tag","embeddable":true,"href":"https:\/\/www.nexoinformativo.mx\/index.php\/wp-json\/wp\/v2\/tags?post=16397"}],"curies":[{"name":"wp","href":"https:\/\/api.w.org\/{rel}","templated":true}]}}