{"id":16404,"date":"2025-07-08T13:00:24","date_gmt":"2025-07-08T19:00:24","guid":{"rendered":"https:\/\/www.nexoinformativo.mx\/?p=16404"},"modified":"2025-07-08T16:24:25","modified_gmt":"2025-07-08T22:24:25","slug":"transporte-accesible-san-juan-del-rio-tendra-tarifa-de-2-en-qrobus-a-partir-de-octubre","status":"publish","type":"post","link":"https:\/\/www.nexoinformativo.mx\/index.php\/2025\/07\/08\/transporte-accesible-san-juan-del-rio-tendra-tarifa-de-2-en-qrobus-a-partir-de-octubre\/","title":{"rendered":"Transporte accesible San Juan del R\u00edo tendr\u00e1 tarifa de $2 en Qrob\u00fas a partir de Octubre"},"content":{"rendered":"<p style=\"text-align: justify;\">La Agencia de Movilidad del Estado de Quer\u00e9taro ha anunciado que la tarifa preferencial de 2 pesos en el sistema de transporte p\u00fablico Qrob\u00fas iniciar\u00e1 operaciones en octubre pr\u00f3ximo. As\u00ed lo estim\u00f3 Gerardo Cuanalo, director de la Agencia.<\/p>\n<p>&nbsp;<\/p>\n<p style=\"text-align: justify;\">Este programa est\u00e1 dise\u00f1ado para beneficiar a grupos preferenciales como estudiantes, adultos mayores y personas con discapacidad.<\/p>\n<p>&nbsp;<\/p>\n<p style=\"text-align: justify;\">Para lograrlo, ya ha comenzado el proceso de adquisici\u00f3n de equipos tecnol\u00f3gicos, incluyendo validadores y tarjetas de prepago, que permitir\u00e1n implementar esta tarifa accesible.<\/p>\n<p>&nbsp;<\/p>\n<p style=\"text-align: justify;\">&#8220;Cada unidad contar\u00e1 con su propio validador y, en los pr\u00f3ximos meses, estaremos iniciando el proceso de socializaci\u00f3n con la ciudadan\u00eda\u201d, se\u00f1al\u00f3 Cuanalo Santos.<\/p>\n<p>&nbsp;<\/p>\n<p style=\"text-align: justify;\">El sistema abarcar\u00e1 aproximadamente 400 unidades de transporte colectivo en San Juan del R\u00edo y se estima que beneficiar\u00e1 a alrededor de 25 mil usuarios que m\u00e1s lo necesitan.<\/p>\n<p>&nbsp;<\/p>\n<p style=\"text-align: justify;\">La implementaci\u00f3n de esta tarifa especial forma parte del programa estatal &#8220;Unidos&#8221;, que busca garantizar un transporte m\u00e1s justo y accesible para los sectores m\u00e1s vulnerables de la poblaci\u00f3n en Quer\u00e9taro.<\/p>\n<p>&nbsp;<\/p>\n<p style=\"text-align: center;\"><em><strong>\u00a1Informaci\u00f3n que transforma!<\/strong><\/em><\/p>\n","protected":false},"excerpt":{"rendered":"<p>La Agencia de Movilidad del Estado de Quer\u00e9taro ha anunciado que la tarifa preferencial de 2 pesos en el sistema de transporte p\u00fablico Qrob\u00fas iniciar\u00e1 operaciones en octubre pr\u00f3ximo. As\u00ed lo estim\u00f3 Gerardo Cuanalo, director de la Agencia.<\/p>\n","protected":false},"author":3,"featured_media":16405,"comment_status":"open","ping_status":"open","sticky":false,"template":"","format":"standard","meta":{"footnotes":""},"categories":[42,58],"tags":[3556,359,382,4916],"class_list":["post-16404","post","type-post","status-publish","format-standard","has-post-thumbnail","hentry","category-estado","category-ultima-hora","tag-movilidadqro","tag-qrobus","tag-sanjuandelrio","tag-tarifapreferencial"],"yoast_head":"<!-- This site is optimized with the Yoast SEO plugin v25.0 - https:\/\/yoast.com\/wordpress\/plugins\/seo\/ -->\n<title>Transporte accesible San Juan del R\u00edo tendr\u00e1 tarifa de $2 en Qrob\u00fas a partir de Octubre | Nexo Informativo Santiago de Quer\u00e9taro<\/title>\n<meta name=\"description\" content=\"Transporte accesible San Juan del R\u00edo tendr\u00e1 tarifa de $2 en Qrob\u00fas a partir de Octubre\" \/>\n<meta name=\"robots\" content=\"index, follow, max-snippet:-1, max-image-preview:large, max-video-preview:-1\" \/>\n<link rel=\"canonical\" href=\"https:\/\/www.nexoinformativo.mx\/index.php\/2025\/07\/08\/transporte-accesible-san-juan-del-rio-tendra-tarifa-de-2-en-qrobus-a-partir-de-octubre\/\" \/>\n<meta property=\"og:locale\" content=\"es_MX\" \/>\n<meta property=\"og:type\" content=\"article\" \/>\n<meta property=\"og:title\" content=\"Transporte accesible San Juan del R\u00edo tendr\u00e1 tarifa de $2 en Qrob\u00fas a partir de Octubre | Nexo Informativo Santiago de Quer\u00e9taro\" \/>\n<meta property=\"og:description\" content=\"Transporte accesible San Juan del R\u00edo tendr\u00e1 tarifa de $2 en Qrob\u00fas a partir de Octubre\" \/>\n<meta property=\"og:url\" content=\"https:\/\/www.nexoinformativo.mx\/index.php\/2025\/07\/08\/transporte-accesible-san-juan-del-rio-tendra-tarifa-de-2-en-qrobus-a-partir-de-octubre\/\" \/>\n<meta property=\"og:site_name\" content=\"Nexo Informativo Santiago de Quer\u00e9taro\" \/>\n<meta property=\"article:publisher\" content=\"https:\/\/www.facebook.com\/people\/Nexo-Informativo\/61564066885511\/\" \/>\n<meta property=\"article:published_time\" content=\"2025-07-08T19:00:24+00:00\" \/>\n<meta property=\"article:modified_time\" content=\"2025-07-08T22:24:25+00:00\" \/>\n<meta property=\"og:image\" content=\"https:\/\/www.nexoinformativo.mx\/wp-content\/uploads\/2025\/07\/PHOTO-2025-07-08-13-19-36-scaled-e1752013400893.jpg\" \/>\n\t<meta property=\"og:image:width\" content=\"800\" \/>\n\t<meta property=\"og:image:height\" content=\"600\" \/>\n\t<meta property=\"og:image:type\" content=\"image\/jpeg\" \/>\n<meta name=\"author\" content=\"Nexo Informativo\" \/>\n<meta name=\"twitter:card\" content=\"summary_large_image\" \/>\n<meta name=\"twitter:label1\" content=\"Escrito por\" \/>\n\t<meta name=\"twitter:data1\" content=\"Nexo Informativo\" \/>\n\t<meta name=\"twitter:label2\" content=\"Tiempo de lectura\" \/>\n\t<meta name=\"twitter:data2\" content=\"1 minuto\" \/>\n<script type=\"application\/ld+json\" class=\"yoast-schema-graph\">{\"@context\":\"https:\/\/schema.org\",\"@graph\":[{\"@type\":\"Article\",\"@id\":\"https:\/\/www.nexoinformativo.mx\/index.php\/2025\/07\/08\/transporte-accesible-san-juan-del-rio-tendra-tarifa-de-2-en-qrobus-a-partir-de-octubre\/#article\",\"isPartOf\":{\"@id\":\"https:\/\/www.nexoinformativo.mx\/index.php\/2025\/07\/08\/transporte-accesible-san-juan-del-rio-tendra-tarifa-de-2-en-qrobus-a-partir-de-octubre\/\"},\"author\":{\"name\":\"Nexo Informativo\",\"@id\":\"https:\/\/www.nexoinformativo.mx\/#\/schema\/person\/7749d380ba08c8ca00d7bc76fd907b7d\"},\"headline\":\"Transporte accesible San Juan del R\u00edo tendr\u00e1 tarifa de $2 en Qrob\u00fas a partir de Octubre\",\"datePublished\":\"2025-07-08T19:00:24+00:00\",\"dateModified\":\"2025-07-08T22:24:25+00:00\",\"mainEntityOfPage\":{\"@id\":\"https:\/\/www.nexoinformativo.mx\/index.php\/2025\/07\/08\/transporte-accesible-san-juan-del-rio-tendra-tarifa-de-2-en-qrobus-a-partir-de-octubre\/\"},\"wordCount\":206,\"commentCount\":0,\"publisher\":{\"@id\":\"https:\/\/www.nexoinformativo.mx\/#organization\"},\"image\":{\"@id\":\"https:\/\/www.nexoinformativo.mx\/index.php\/2025\/07\/08\/transporte-accesible-san-juan-del-rio-tendra-tarifa-de-2-en-qrobus-a-partir-de-octubre\/#primaryimage\"},\"thumbnailUrl\":\"https:\/\/www.nexoinformativo.mx\/wp-content\/uploads\/2025\/07\/PHOTO-2025-07-08-13-19-36-scaled-e1752013400893.jpg\",\"keywords\":[\"MovilidadQro\",\"QroB\u00fas\",\"SanJuanDelR\u00edo\",\"TarifaPreferencial\"],\"articleSection\":[\"Estado\",\"\u00daltima Hora\"],\"inLanguage\":\"es\",\"potentialAction\":[{\"@type\":\"CommentAction\",\"name\":\"Comment\",\"target\":[\"https:\/\/www.nexoinformativo.mx\/index.php\/2025\/07\/08\/transporte-accesible-san-juan-del-rio-tendra-tarifa-de-2-en-qrobus-a-partir-de-octubre\/#respond\"]}]},{\"@type\":\"WebPage\",\"@id\":\"https:\/\/www.nexoinformativo.mx\/index.php\/2025\/07\/08\/transporte-accesible-san-juan-del-rio-tendra-tarifa-de-2-en-qrobus-a-partir-de-octubre\/\",\"url\":\"https:\/\/www.nexoinformativo.mx\/index.php\/2025\/07\/08\/transporte-accesible-san-juan-del-rio-tendra-tarifa-de-2-en-qrobus-a-partir-de-octubre\/\",\"name\":\"Transporte accesible San Juan del R\u00edo tendr\u00e1 tarifa de $2 en Qrob\u00fas a partir de Octubre | Nexo Informativo Santiago de Quer\u00e9taro\",\"isPartOf\":{\"@id\":\"https:\/\/www.nexoinformativo.mx\/#website\"},\"primaryImageOfPage\":{\"@id\":\"https:\/\/www.nexoinformativo.mx\/index.php\/2025\/07\/08\/transporte-accesible-san-juan-del-rio-tendra-tarifa-de-2-en-qrobus-a-partir-de-octubre\/#primaryimage\"},\"image\":{\"@id\":\"https:\/\/www.nexoinformativo.mx\/index.php\/2025\/07\/08\/transporte-accesible-san-juan-del-rio-tendra-tarifa-de-2-en-qrobus-a-partir-de-octubre\/#primaryimage\"},\"thumbnailUrl\":\"https:\/\/www.nexoinformativo.mx\/wp-content\/uploads\/2025\/07\/PHOTO-2025-07-08-13-19-36-scaled-e1752013400893.jpg\",\"datePublished\":\"2025-07-08T19:00:24+00:00\",\"dateModified\":\"2025-07-08T22:24:25+00:00\",\"description\":\"Transporte accesible San Juan del R\u00edo tendr\u00e1 tarifa de $2 en Qrob\u00fas a partir de Octubre\",\"breadcrumb\":{\"@id\":\"https:\/\/www.nexoinformativo.mx\/index.php\/2025\/07\/08\/transporte-accesible-san-juan-del-rio-tendra-tarifa-de-2-en-qrobus-a-partir-de-octubre\/#breadcrumb\"},\"inLanguage\":\"es\",\"potentialAction\":[{\"@type\":\"ReadAction\",\"target\":[\"https:\/\/www.nexoinformativo.mx\/index.php\/2025\/07\/08\/transporte-accesible-san-juan-del-rio-tendra-tarifa-de-2-en-qrobus-a-partir-de-octubre\/\"]}]},{\"@type\":\"ImageObject\",\"inLanguage\":\"es\",\"@id\":\"https:\/\/www.nexoinformativo.mx\/index.php\/2025\/07\/08\/transporte-accesible-san-juan-del-rio-tendra-tarifa-de-2-en-qrobus-a-partir-de-octubre\/#primaryimage\",\"url\":\"https:\/\/www.nexoinformativo.mx\/wp-content\/uploads\/2025\/07\/PHOTO-2025-07-08-13-19-36-scaled-e1752013400893.jpg\",\"contentUrl\":\"https:\/\/www.nexoinformativo.mx\/wp-content\/uploads\/2025\/07\/PHOTO-2025-07-08-13-19-36-scaled-e1752013400893.jpg\",\"width\":800,\"height\":600},{\"@type\":\"BreadcrumbList\",\"@id\":\"https:\/\/www.nexoinformativo.mx\/index.php\/2025\/07\/08\/transporte-accesible-san-juan-del-rio-tendra-tarifa-de-2-en-qrobus-a-partir-de-octubre\/#breadcrumb\",\"itemListElement\":[{\"@type\":\"ListItem\",\"position\":1,\"name\":\"Inicio\",\"item\":\"https:\/\/www.nexoinformativo.mx\/\"},{\"@type\":\"ListItem\",\"position\":2,\"name\":\"Transporte accesible San Juan del R\u00edo tendr\u00e1 tarifa de $2 en Qrob\u00fas a partir de Octubre\"}]},{\"@type\":\"WebSite\",\"@id\":\"https:\/\/www.nexoinformativo.mx\/#website\",\"url\":\"https:\/\/www.nexoinformativo.mx\/\",\"name\":\"Nexo Informativo Santiago de Quer\u00e9taro\",\"description\":\"Explora NexoInformativo y convi\u00e9rtete en parte de una comunidad que valora el conocimiento y la verdad. Tu nexoinformativo es tu puente hacia una comprensi\u00f3n m\u00e1s profunda del mundo que te rodea.\",\"publisher\":{\"@id\":\"https:\/\/www.nexoinformativo.mx\/#organization\"},\"potentialAction\":[{\"@type\":\"SearchAction\",\"target\":{\"@type\":\"EntryPoint\",\"urlTemplate\":\"https:\/\/www.nexoinformativo.mx\/?s={search_term_string}\"},\"query-input\":{\"@type\":\"PropertyValueSpecification\",\"valueRequired\":true,\"valueName\":\"search_term_string\"}}],\"inLanguage\":\"es\"},{\"@type\":\"Organization\",\"@id\":\"https:\/\/www.nexoinformativo.mx\/#organization\",\"name\":\"Nexo Informativo Santiago de Quer\u00e9taro\",\"url\":\"https:\/\/www.nexoinformativo.mx\/\",\"logo\":{\"@type\":\"ImageObject\",\"inLanguage\":\"es\",\"@id\":\"https:\/\/www.nexoinformativo.mx\/#\/schema\/logo\/image\/\",\"url\":\"https:\/\/www.nexoinformativo.mx\/wp-content\/uploads\/2024\/07\/nexoi-trasparente-2.png\",\"contentUrl\":\"https:\/\/www.nexoinformativo.mx\/wp-content\/uploads\/2024\/07\/nexoi-trasparente-2.png\",\"width\":816,\"height\":339,\"caption\":\"Nexo Informativo Santiago de Quer\u00e9taro\"},\"image\":{\"@id\":\"https:\/\/www.nexoinformativo.mx\/#\/schema\/logo\/image\/\"},\"sameAs\":[\"https:\/\/www.facebook.com\/people\/Nexo-Informativo\/61564066885511\/\"]},{\"@type\":\"Person\",\"@id\":\"https:\/\/www.nexoinformativo.mx\/#\/schema\/person\/7749d380ba08c8ca00d7bc76fd907b7d\",\"name\":\"Nexo Informativo\",\"image\":{\"@type\":\"ImageObject\",\"inLanguage\":\"es\",\"@id\":\"https:\/\/www.nexoinformativo.mx\/#\/schema\/person\/image\/\",\"url\":\"https:\/\/secure.gravatar.com\/avatar\/dde2928154642a13d95f87ddf1ea9718fe2b46760a005c53e41ff5ad610704e6?s=96&d=mm&r=g\",\"contentUrl\":\"https:\/\/secure.gravatar.com\/avatar\/dde2928154642a13d95f87ddf1ea9718fe2b46760a005c53e41ff5ad610704e6?s=96&d=mm&r=g\",\"caption\":\"Nexo Informativo\"},\"url\":\"https:\/\/www.nexoinformativo.mx\/index.php\/author\/edicion\/\"}]}<\/script>\n<!-- \/ Yoast SEO plugin. -->","yoast_head_json":{"title":"Transporte accesible San Juan del R\u00edo tendr\u00e1 tarifa de $2 en Qrob\u00fas a partir de Octubre | Nexo Informativo Santiago de Quer\u00e9taro","description":"Transporte accesible San Juan del R\u00edo tendr\u00e1 tarifa de $2 en Qrob\u00fas a partir de Octubre","robots":{"index":"index","follow":"follow","max-snippet":"max-snippet:-1","max-image-preview":"max-image-preview:large","max-video-preview":"max-video-preview:-1"},"canonical":"https:\/\/www.nexoinformativo.mx\/index.php\/2025\/07\/08\/transporte-accesible-san-juan-del-rio-tendra-tarifa-de-2-en-qrobus-a-partir-de-octubre\/","og_locale":"es_MX","og_type":"article","og_title":"Transporte accesible San Juan del R\u00edo tendr\u00e1 tarifa de $2 en Qrob\u00fas a partir de Octubre | Nexo Informativo Santiago de Quer\u00e9taro","og_description":"Transporte accesible San Juan del R\u00edo tendr\u00e1 tarifa de $2 en Qrob\u00fas a partir de Octubre","og_url":"https:\/\/www.nexoinformativo.mx\/index.php\/2025\/07\/08\/transporte-accesible-san-juan-del-rio-tendra-tarifa-de-2-en-qrobus-a-partir-de-octubre\/","og_site_name":"Nexo Informativo Santiago de Quer\u00e9taro","article_publisher":"https:\/\/www.facebook.com\/people\/Nexo-Informativo\/61564066885511\/","article_published_time":"2025-07-08T19:00:24+00:00","article_modified_time":"2025-07-08T22:24:25+00:00","og_image":[{"width":800,"height":600,"url":"https:\/\/www.nexoinformativo.mx\/wp-content\/uploads\/2025\/07\/PHOTO-2025-07-08-13-19-36-scaled-e1752013400893.jpg","type":"image\/jpeg"}],"author":"Nexo Informativo","twitter_card":"summary_large_image","twitter_misc":{"Escrito por":"Nexo Informativo","Tiempo de lectura":"1 minuto"},"schema":{"@context":"https:\/\/schema.org","@graph":[{"@type":"Article","@id":"https:\/\/www.nexoinformativo.mx\/index.php\/2025\/07\/08\/transporte-accesible-san-juan-del-rio-tendra-tarifa-de-2-en-qrobus-a-partir-de-octubre\/#article","isPartOf":{"@id":"https:\/\/www.nexoinformativo.mx\/index.php\/2025\/07\/08\/transporte-accesible-san-juan-del-rio-tendra-tarifa-de-2-en-qrobus-a-partir-de-octubre\/"},"author":{"name":"Nexo Informativo","@id":"https:\/\/www.nexoinformativo.mx\/#\/schema\/person\/7749d380ba08c8ca00d7bc76fd907b7d"},"headline":"Transporte accesible San Juan del R\u00edo tendr\u00e1 tarifa de $2 en Qrob\u00fas a partir de Octubre","datePublished":"2025-07-08T19:00:24+00:00","dateModified":"2025-07-08T22:24:25+00:00","mainEntityOfPage":{"@id":"https:\/\/www.nexoinformativo.mx\/index.php\/2025\/07\/08\/transporte-accesible-san-juan-del-rio-tendra-tarifa-de-2-en-qrobus-a-partir-de-octubre\/"},"wordCount":206,"commentCount":0,"publisher":{"@id":"https:\/\/www.nexoinformativo.mx\/#organization"},"image":{"@id":"https:\/\/www.nexoinformativo.mx\/index.php\/2025\/07\/08\/transporte-accesible-san-juan-del-rio-tendra-tarifa-de-2-en-qrobus-a-partir-de-octubre\/#primaryimage"},"thumbnailUrl":"https:\/\/www.nexoinformativo.mx\/wp-content\/uploads\/2025\/07\/PHOTO-2025-07-08-13-19-36-scaled-e1752013400893.jpg","keywords":["MovilidadQro","QroB\u00fas","SanJuanDelR\u00edo","TarifaPreferencial"],"articleSection":["Estado","\u00daltima Hora"],"inLanguage":"es","potentialAction":[{"@type":"CommentAction","name":"Comment","target":["https:\/\/www.nexoinformativo.mx\/index.php\/2025\/07\/08\/transporte-accesible-san-juan-del-rio-tendra-tarifa-de-2-en-qrobus-a-partir-de-octubre\/#respond"]}]},{"@type":"WebPage","@id":"https:\/\/www.nexoinformativo.mx\/index.php\/2025\/07\/08\/transporte-accesible-san-juan-del-rio-tendra-tarifa-de-2-en-qrobus-a-partir-de-octubre\/","url":"https:\/\/www.nexoinformativo.mx\/index.php\/2025\/07\/08\/transporte-accesible-san-juan-del-rio-tendra-tarifa-de-2-en-qrobus-a-partir-de-octubre\/","name":"Transporte accesible San Juan del R\u00edo tendr\u00e1 tarifa de $2 en Qrob\u00fas a partir de Octubre | Nexo Informativo Santiago de Quer\u00e9taro","isPartOf":{"@id":"https:\/\/www.nexoinformativo.mx\/#website"},"primaryImageOfPage":{"@id":"https:\/\/www.nexoinformativo.mx\/index.php\/2025\/07\/08\/transporte-accesible-san-juan-del-rio-tendra-tarifa-de-2-en-qrobus-a-partir-de-octubre\/#primaryimage"},"image":{"@id":"https:\/\/www.nexoinformativo.mx\/index.php\/2025\/07\/08\/transporte-accesible-san-juan-del-rio-tendra-tarifa-de-2-en-qrobus-a-partir-de-octubre\/#primaryimage"},"thumbnailUrl":"https:\/\/www.nexoinformativo.mx\/wp-content\/uploads\/2025\/07\/PHOTO-2025-07-08-13-19-36-scaled-e1752013400893.jpg","datePublished":"2025-07-08T19:00:24+00:00","dateModified":"2025-07-08T22:24:25+00:00","description":"Transporte accesible San Juan del R\u00edo tendr\u00e1 tarifa de $2 en Qrob\u00fas a partir de Octubre","breadcrumb":{"@id":"https:\/\/www.nexoinformativo.mx\/index.php\/2025\/07\/08\/transporte-accesible-san-juan-del-rio-tendra-tarifa-de-2-en-qrobus-a-partir-de-octubre\/#breadcrumb"},"inLanguage":"es","potentialAction":[{"@type":"ReadAction","target":["https:\/\/www.nexoinformativo.mx\/index.php\/2025\/07\/08\/transporte-accesible-san-juan-del-rio-tendra-tarifa-de-2-en-qrobus-a-partir-de-octubre\/"]}]},{"@type":"ImageObject","inLanguage":"es","@id":"https:\/\/www.nexoinformativo.mx\/index.php\/2025\/07\/08\/transporte-accesible-san-juan-del-rio-tendra-tarifa-de-2-en-qrobus-a-partir-de-octubre\/#primaryimage","url":"https:\/\/www.nexoinformativo.mx\/wp-content\/uploads\/2025\/07\/PHOTO-2025-07-08-13-19-36-scaled-e1752013400893.jpg","contentUrl":"https:\/\/www.nexoinformativo.mx\/wp-content\/uploads\/2025\/07\/PHOTO-2025-07-08-13-19-36-scaled-e1752013400893.jpg","width":800,"height":600},{"@type":"BreadcrumbList","@id":"https:\/\/www.nexoinformativo.mx\/index.php\/2025\/07\/08\/transporte-accesible-san-juan-del-rio-tendra-tarifa-de-2-en-qrobus-a-partir-de-octubre\/#breadcrumb","itemListElement":[{"@type":"ListItem","position":1,"name":"Inicio","item":"https:\/\/www.nexoinformativo.mx\/"},{"@type":"ListItem","position":2,"name":"Transporte accesible San Juan del R\u00edo tendr\u00e1 tarifa de $2 en Qrob\u00fas a partir de Octubre"}]},{"@type":"WebSite","@id":"https:\/\/www.nexoinformativo.mx\/#website","url":"https:\/\/www.nexoinformativo.mx\/","name":"Nexo Informativo Santiago de Quer\u00e9taro","description":"Explora NexoInformativo y convi\u00e9rtete en parte de una comunidad que valora el conocimiento y la verdad. Tu nexoinformativo es tu puente hacia una comprensi\u00f3n m\u00e1s profunda del mundo que te rodea.","publisher":{"@id":"https:\/\/www.nexoinformativo.mx\/#organization"},"potentialAction":[{"@type":"SearchAction","target":{"@type":"EntryPoint","urlTemplate":"https:\/\/www.nexoinformativo.mx\/?s={search_term_string}"},"query-input":{"@type":"PropertyValueSpecification","valueRequired":true,"valueName":"search_term_string"}}],"inLanguage":"es"},{"@type":"Organization","@id":"https:\/\/www.nexoinformativo.mx\/#organization","name":"Nexo Informativo Santiago de Quer\u00e9taro","url":"https:\/\/www.nexoinformativo.mx\/","logo":{"@type":"ImageObject","inLanguage":"es","@id":"https:\/\/www.nexoinformativo.mx\/#\/schema\/logo\/image\/","url":"https:\/\/www.nexoinformativo.mx\/wp-content\/uploads\/2024\/07\/nexoi-trasparente-2.png","contentUrl":"https:\/\/www.nexoinformativo.mx\/wp-content\/uploads\/2024\/07\/nexoi-trasparente-2.png","width":816,"height":339,"caption":"Nexo Informativo Santiago de Quer\u00e9taro"},"image":{"@id":"https:\/\/www.nexoinformativo.mx\/#\/schema\/logo\/image\/"},"sameAs":["https:\/\/www.facebook.com\/people\/Nexo-Informativo\/61564066885511\/"]},{"@type":"Person","@id":"https:\/\/www.nexoinformativo.mx\/#\/schema\/person\/7749d380ba08c8ca00d7bc76fd907b7d","name":"Nexo Informativo","image":{"@type":"ImageObject","inLanguage":"es","@id":"https:\/\/www.nexoinformativo.mx\/#\/schema\/person\/image\/","url":"https:\/\/secure.gravatar.com\/avatar\/dde2928154642a13d95f87ddf1ea9718fe2b46760a005c53e41ff5ad610704e6?s=96&d=mm&r=g","contentUrl":"https:\/\/secure.gravatar.com\/avatar\/dde2928154642a13d95f87ddf1ea9718fe2b46760a005c53e41ff5ad610704e6?s=96&d=mm&r=g","caption":"Nexo Informativo"},"url":"https:\/\/www.nexoinformativo.mx\/index.php\/author\/edicion\/"}]}},"_links":{"self":[{"href":"https:\/\/www.nexoinformativo.mx\/index.php\/wp-json\/wp\/v2\/posts\/16404","targetHints":{"allow":["GET"]}}],"collection":[{"href":"https:\/\/www.nexoinformativo.mx\/index.php\/wp-json\/wp\/v2\/posts"}],"about":[{"href":"https:\/\/www.nexoinformativo.mx\/index.php\/wp-json\/wp\/v2\/types\/post"}],"author":[{"embeddable":true,"href":"https:\/\/www.nexoinformativo.mx\/index.php\/wp-json\/wp\/v2\/users\/3"}],"replies":[{"embeddable":true,"href":"https:\/\/www.nexoinformativo.mx\/index.php\/wp-json\/wp\/v2\/comments?post=16404"}],"version-history":[{"count":4,"href":"https:\/\/www.nexoinformativo.mx\/index.php\/wp-json\/wp\/v2\/posts\/16404\/revisions"}],"predecessor-version":[{"id":16409,"href":"https:\/\/www.nexoinformativo.mx\/index.php\/wp-json\/wp\/v2\/posts\/16404\/revisions\/16409"}],"wp:featuredmedia":[{"embeddable":true,"href":"https:\/\/www.nexoinformativo.mx\/index.php\/wp-json\/wp\/v2\/media\/16405"}],"wp:attachment":[{"href":"https:\/\/www.nexoinformativo.mx\/index.php\/wp-json\/wp\/v2\/media?parent=16404"}],"wp:term":[{"taxonomy":"category","embeddable":true,"href":"https:\/\/www.nexoinformativo.mx\/index.php\/wp-json\/wp\/v2\/categories?post=16404"},{"taxonomy":"post_tag","embeddable":true,"href":"https:\/\/www.nexoinformativo.mx\/index.php\/wp-json\/wp\/v2\/tags?post=16404"}],"curies":[{"name":"wp","href":"https:\/\/api.w.org\/{rel}","templated":true}]}}