{"id":16410,"date":"2025-07-10T12:00:48","date_gmt":"2025-07-10T18:00:48","guid":{"rendered":"https:\/\/www.nexoinformativo.mx\/?p=16410"},"modified":"2025-07-10T20:27:26","modified_gmt":"2025-07-11T02:27:26","slug":"diplomacia-activa-mexico-deja-huella-en-el-consejo-de-derechos-humanos-de-la-onu-con-propuestas-clave","status":"publish","type":"post","link":"https:\/\/www.nexoinformativo.mx\/index.php\/2025\/07\/10\/diplomacia-activa-mexico-deja-huella-en-el-consejo-de-derechos-humanos-de-la-onu-con-propuestas-clave\/","title":{"rendered":"Diplomacia activa M\u00e9xico deja huella en el Consejo de Derechos Humanos de la ONU con propuestas clave"},"content":{"rendered":"<p style=\"text-align: justify;\">M\u00e9xico concluy\u00f3 hoy su destacada participaci\u00f3n en el 59\u00ba per\u00edodo de sesiones del Consejo de Derechos Humanos (CoDH) de la Organizaci\u00f3n de las Naciones Unidas (ONU), reafirmando su compromiso con la protecci\u00f3n y el fortalecimiento de los derechos humanos a nivel global.<\/p>\n<\/p>\n<p>&nbsp;<\/p>\n<p style=\"text-align: justify;\">Durante el periodo de sesiones, que se llev\u00f3 a cabo desde el 16 de junio en Ginebra, M\u00e9xico intervino en 8 di\u00e1logos interactivos sobre temas prioritarios para el pa\u00eds.<\/p>\n<\/p>\n<p>&nbsp;<\/p>\n<p style=\"text-align: justify;\">Estos incluyeron la protecci\u00f3n contra la violencia y la discriminaci\u00f3n por orientaci\u00f3n sexual e identidad de g\u00e9nero (SOGI), la discriminaci\u00f3n contra mujeres y ni\u00f1as, formas contempor\u00e1neas de racismo, derechos humanos de migrantes, pobreza extrema y la situaci\u00f3n en el territorio palestino ocupado. M\u00e9xico tambi\u00e9n particip\u00f3 en el di\u00e1logo con el Alto Comisionado y en el debate anual sobre los derechos humanos de la mujer.<\/p>\n<\/p>\n<p>&nbsp;<\/p>\n<p style=\"text-align: justify;\"><em><strong>De las 25 resoluciones adoptadas durante este periodo, dos fueron promovidas directamente por M\u00e9xico:<\/strong><\/em><\/p>\n<\/p>\n<p>&nbsp;<\/p>\n<ul style=\"text-align: justify;\">\n<li>Mandato del experto independiente sobre la protecci\u00f3n contra la violencia y la discriminaci\u00f3n por motivos de orientaci\u00f3n sexual o identidad de g\u00e9nero (SOGI).<\/li>\n<li>Mandato del Grupo de Trabajo sobre la cuesti\u00f3n de la discriminaci\u00f3n contra las mujeres y las ni\u00f1as:Promovida por M\u00e9xico y Chile, esta resoluci\u00f3n fue aprobada por consenso.<\/li>\n<\/ul>\n<p>&nbsp;<\/p>\n<p style=\"text-align: justify;\">Adem\u00e1s, M\u00e9xico copatrocin\u00f3 diversas resoluciones sobre temas cruciales como el acceso a medicamentos y vacunas, la eliminaci\u00f3n de la violencia contra mujeres y ni\u00f1as, el empoderamiento econ\u00f3mico de la mujer, la libertad de reuni\u00f3n, tecnolog\u00edas digitales, derechos humanos de los desplazados internos, derecho a la educaci\u00f3n, seguridad de periodistas, las consecuencias de la corrupci\u00f3n y las transferencias de armas, entre otros.<\/p>\n<\/p>\n<p>&nbsp;<\/p>\n<p style=\"text-align: justify;\">La delegaci\u00f3n mexicana tambi\u00e9n particip\u00f3 activamente en las discusiones sobre el impacto de las restricciones presupuestarias y la crisis de liquidez de la ONU en la implementaci\u00f3n de los mandatos del Consejo. Con su participaci\u00f3n, M\u00e9xico reafirma su compromiso con los mecanismos multilaterales de protecci\u00f3n a los derechos humanos y con su continuo fortalecimiento.<\/p>\n<\/p>\n<p>&nbsp;<\/p>\n<p style=\"text-align: center;\"><em><strong>\u00a1Informaci\u00f3n que transforma!<\/strong><\/em><\/p>\n","protected":false},"excerpt":{"rendered":"<p>M\u00e9xico concluy\u00f3 hoy su destacada participaci\u00f3n en el 59\u00ba per\u00edodo de sesiones del Consejo de Derechos Humanos (CoDH) de la Organizaci\u00f3n de las Naciones Unidas (ONU), reafirmando su compromiso con la protecci\u00f3n y el fortalecimiento de los derechos humanos a nivel global.\u00a0<\/p>\n","protected":false},"author":3,"featured_media":16411,"comment_status":"open","ping_status":"open","sticky":false,"template":"","format":"standard","meta":{"footnotes":""},"categories":[88,58],"tags":[4851,499,3004,4917],"class_list":["post-16410","post","type-post","status-publish","format-standard","has-post-thumbnail","hentry","category-nacional","category-ultima-hora","tag-ddhh","tag-derechoshumanos","tag-diplomaciamexicana","tag-mexicoonu"],"yoast_head":"<!-- This site is optimized with the Yoast SEO plugin v25.0 - https:\/\/yoast.com\/wordpress\/plugins\/seo\/ -->\n<title>Diplomacia activa M\u00e9xico deja huella en el Consejo de Derechos Humanos de la ONU con propuestas clave | Nexo Informativo Santiago de Quer\u00e9taro<\/title>\n<meta name=\"description\" content=\"Diplomacia activa M\u00e9xico deja huella en el Consejo de Derechos Humanos de la ONU con propuestas clave\" \/>\n<meta name=\"robots\" content=\"index, follow, max-snippet:-1, max-image-preview:large, max-video-preview:-1\" \/>\n<link rel=\"canonical\" href=\"https:\/\/www.nexoinformativo.mx\/index.php\/2025\/07\/10\/diplomacia-activa-mexico-deja-huella-en-el-consejo-de-derechos-humanos-de-la-onu-con-propuestas-clave\/\" \/>\n<meta property=\"og:locale\" content=\"es_MX\" \/>\n<meta property=\"og:type\" content=\"article\" \/>\n<meta property=\"og:title\" content=\"Diplomacia activa M\u00e9xico deja huella en el Consejo de Derechos Humanos de la ONU con propuestas clave | Nexo Informativo Santiago de Quer\u00e9taro\" \/>\n<meta property=\"og:description\" content=\"Diplomacia activa M\u00e9xico deja huella en el Consejo de Derechos Humanos de la ONU con propuestas clave\" \/>\n<meta property=\"og:url\" content=\"https:\/\/www.nexoinformativo.mx\/index.php\/2025\/07\/10\/diplomacia-activa-mexico-deja-huella-en-el-consejo-de-derechos-humanos-de-la-onu-con-propuestas-clave\/\" \/>\n<meta property=\"og:site_name\" content=\"Nexo Informativo Santiago de Quer\u00e9taro\" \/>\n<meta property=\"article:publisher\" content=\"https:\/\/www.facebook.com\/people\/Nexo-Informativo\/61564066885511\/\" \/>\n<meta property=\"article:published_time\" content=\"2025-07-10T18:00:48+00:00\" \/>\n<meta property=\"article:modified_time\" content=\"2025-07-11T02:27:26+00:00\" \/>\n<meta property=\"og:image\" content=\"https:\/\/www.nexoinformativo.mx\/wp-content\/uploads\/2025\/07\/IMG_5114.jpg\" \/>\n\t<meta property=\"og:image:width\" content=\"650\" \/>\n\t<meta property=\"og:image:height\" content=\"380\" \/>\n\t<meta property=\"og:image:type\" content=\"image\/jpeg\" \/>\n<meta name=\"author\" content=\"Nexo Informativo\" \/>\n<meta name=\"twitter:card\" content=\"summary_large_image\" \/>\n<meta name=\"twitter:label1\" content=\"Escrito por\" \/>\n\t<meta name=\"twitter:data1\" content=\"Nexo Informativo\" \/>\n\t<meta name=\"twitter:label2\" content=\"Tiempo de lectura\" \/>\n\t<meta name=\"twitter:data2\" content=\"2 minutos\" \/>\n<script type=\"application\/ld+json\" class=\"yoast-schema-graph\">{\"@context\":\"https:\/\/schema.org\",\"@graph\":[{\"@type\":\"Article\",\"@id\":\"https:\/\/www.nexoinformativo.mx\/index.php\/2025\/07\/10\/diplomacia-activa-mexico-deja-huella-en-el-consejo-de-derechos-humanos-de-la-onu-con-propuestas-clave\/#article\",\"isPartOf\":{\"@id\":\"https:\/\/www.nexoinformativo.mx\/index.php\/2025\/07\/10\/diplomacia-activa-mexico-deja-huella-en-el-consejo-de-derechos-humanos-de-la-onu-con-propuestas-clave\/\"},\"author\":{\"name\":\"Nexo Informativo\",\"@id\":\"https:\/\/www.nexoinformativo.mx\/#\/schema\/person\/7749d380ba08c8ca00d7bc76fd907b7d\"},\"headline\":\"Diplomacia activa M\u00e9xico deja huella en el Consejo de Derechos Humanos de la ONU con propuestas clave\",\"datePublished\":\"2025-07-10T18:00:48+00:00\",\"dateModified\":\"2025-07-11T02:27:26+00:00\",\"mainEntityOfPage\":{\"@id\":\"https:\/\/www.nexoinformativo.mx\/index.php\/2025\/07\/10\/diplomacia-activa-mexico-deja-huella-en-el-consejo-de-derechos-humanos-de-la-onu-con-propuestas-clave\/\"},\"wordCount\":384,\"commentCount\":0,\"publisher\":{\"@id\":\"https:\/\/www.nexoinformativo.mx\/#organization\"},\"image\":{\"@id\":\"https:\/\/www.nexoinformativo.mx\/index.php\/2025\/07\/10\/diplomacia-activa-mexico-deja-huella-en-el-consejo-de-derechos-humanos-de-la-onu-con-propuestas-clave\/#primaryimage\"},\"thumbnailUrl\":\"https:\/\/www.nexoinformativo.mx\/wp-content\/uploads\/2025\/07\/IMG_5114.jpg\",\"keywords\":[\"DDHH\",\"DerechosHumanos\",\"DiplomaciaMexicana\",\"M\u00e9xicoONU\"],\"articleSection\":[\"Nacional\",\"\u00daltima Hora\"],\"inLanguage\":\"es\",\"potentialAction\":[{\"@type\":\"CommentAction\",\"name\":\"Comment\",\"target\":[\"https:\/\/www.nexoinformativo.mx\/index.php\/2025\/07\/10\/diplomacia-activa-mexico-deja-huella-en-el-consejo-de-derechos-humanos-de-la-onu-con-propuestas-clave\/#respond\"]}]},{\"@type\":\"WebPage\",\"@id\":\"https:\/\/www.nexoinformativo.mx\/index.php\/2025\/07\/10\/diplomacia-activa-mexico-deja-huella-en-el-consejo-de-derechos-humanos-de-la-onu-con-propuestas-clave\/\",\"url\":\"https:\/\/www.nexoinformativo.mx\/index.php\/2025\/07\/10\/diplomacia-activa-mexico-deja-huella-en-el-consejo-de-derechos-humanos-de-la-onu-con-propuestas-clave\/\",\"name\":\"Diplomacia activa M\u00e9xico deja huella en el Consejo de Derechos Humanos de la ONU con propuestas clave | Nexo Informativo Santiago de Quer\u00e9taro\",\"isPartOf\":{\"@id\":\"https:\/\/www.nexoinformativo.mx\/#website\"},\"primaryImageOfPage\":{\"@id\":\"https:\/\/www.nexoinformativo.mx\/index.php\/2025\/07\/10\/diplomacia-activa-mexico-deja-huella-en-el-consejo-de-derechos-humanos-de-la-onu-con-propuestas-clave\/#primaryimage\"},\"image\":{\"@id\":\"https:\/\/www.nexoinformativo.mx\/index.php\/2025\/07\/10\/diplomacia-activa-mexico-deja-huella-en-el-consejo-de-derechos-humanos-de-la-onu-con-propuestas-clave\/#primaryimage\"},\"thumbnailUrl\":\"https:\/\/www.nexoinformativo.mx\/wp-content\/uploads\/2025\/07\/IMG_5114.jpg\",\"datePublished\":\"2025-07-10T18:00:48+00:00\",\"dateModified\":\"2025-07-11T02:27:26+00:00\",\"description\":\"Diplomacia activa M\u00e9xico deja huella en el Consejo de Derechos Humanos de la ONU con propuestas clave\",\"breadcrumb\":{\"@id\":\"https:\/\/www.nexoinformativo.mx\/index.php\/2025\/07\/10\/diplomacia-activa-mexico-deja-huella-en-el-consejo-de-derechos-humanos-de-la-onu-con-propuestas-clave\/#breadcrumb\"},\"inLanguage\":\"es\",\"potentialAction\":[{\"@type\":\"ReadAction\",\"target\":[\"https:\/\/www.nexoinformativo.mx\/index.php\/2025\/07\/10\/diplomacia-activa-mexico-deja-huella-en-el-consejo-de-derechos-humanos-de-la-onu-con-propuestas-clave\/\"]}]},{\"@type\":\"ImageObject\",\"inLanguage\":\"es\",\"@id\":\"https:\/\/www.nexoinformativo.mx\/index.php\/2025\/07\/10\/diplomacia-activa-mexico-deja-huella-en-el-consejo-de-derechos-humanos-de-la-onu-con-propuestas-clave\/#primaryimage\",\"url\":\"https:\/\/www.nexoinformativo.mx\/wp-content\/uploads\/2025\/07\/IMG_5114.jpg\",\"contentUrl\":\"https:\/\/www.nexoinformativo.mx\/wp-content\/uploads\/2025\/07\/IMG_5114.jpg\",\"width\":650,\"height\":380},{\"@type\":\"BreadcrumbList\",\"@id\":\"https:\/\/www.nexoinformativo.mx\/index.php\/2025\/07\/10\/diplomacia-activa-mexico-deja-huella-en-el-consejo-de-derechos-humanos-de-la-onu-con-propuestas-clave\/#breadcrumb\",\"itemListElement\":[{\"@type\":\"ListItem\",\"position\":1,\"name\":\"Inicio\",\"item\":\"https:\/\/www.nexoinformativo.mx\/\"},{\"@type\":\"ListItem\",\"position\":2,\"name\":\"Diplomacia activa M\u00e9xico deja huella en el Consejo de Derechos Humanos de la ONU con propuestas clave\"}]},{\"@type\":\"WebSite\",\"@id\":\"https:\/\/www.nexoinformativo.mx\/#website\",\"url\":\"https:\/\/www.nexoinformativo.mx\/\",\"name\":\"Nexo Informativo Santiago de Quer\u00e9taro\",\"description\":\"Explora NexoInformativo y convi\u00e9rtete en parte de una comunidad que valora el conocimiento y la verdad. Tu nexoinformativo es tu puente hacia una comprensi\u00f3n m\u00e1s profunda del mundo que te rodea.\",\"publisher\":{\"@id\":\"https:\/\/www.nexoinformativo.mx\/#organization\"},\"potentialAction\":[{\"@type\":\"SearchAction\",\"target\":{\"@type\":\"EntryPoint\",\"urlTemplate\":\"https:\/\/www.nexoinformativo.mx\/?s={search_term_string}\"},\"query-input\":{\"@type\":\"PropertyValueSpecification\",\"valueRequired\":true,\"valueName\":\"search_term_string\"}}],\"inLanguage\":\"es\"},{\"@type\":\"Organization\",\"@id\":\"https:\/\/www.nexoinformativo.mx\/#organization\",\"name\":\"Nexo Informativo Santiago de Quer\u00e9taro\",\"url\":\"https:\/\/www.nexoinformativo.mx\/\",\"logo\":{\"@type\":\"ImageObject\",\"inLanguage\":\"es\",\"@id\":\"https:\/\/www.nexoinformativo.mx\/#\/schema\/logo\/image\/\",\"url\":\"https:\/\/www.nexoinformativo.mx\/wp-content\/uploads\/2024\/07\/nexoi-trasparente-2.png\",\"contentUrl\":\"https:\/\/www.nexoinformativo.mx\/wp-content\/uploads\/2024\/07\/nexoi-trasparente-2.png\",\"width\":816,\"height\":339,\"caption\":\"Nexo Informativo Santiago de Quer\u00e9taro\"},\"image\":{\"@id\":\"https:\/\/www.nexoinformativo.mx\/#\/schema\/logo\/image\/\"},\"sameAs\":[\"https:\/\/www.facebook.com\/people\/Nexo-Informativo\/61564066885511\/\"]},{\"@type\":\"Person\",\"@id\":\"https:\/\/www.nexoinformativo.mx\/#\/schema\/person\/7749d380ba08c8ca00d7bc76fd907b7d\",\"name\":\"Nexo Informativo\",\"image\":{\"@type\":\"ImageObject\",\"inLanguage\":\"es\",\"@id\":\"https:\/\/www.nexoinformativo.mx\/#\/schema\/person\/image\/\",\"url\":\"https:\/\/secure.gravatar.com\/avatar\/dde2928154642a13d95f87ddf1ea9718fe2b46760a005c53e41ff5ad610704e6?s=96&d=mm&r=g\",\"contentUrl\":\"https:\/\/secure.gravatar.com\/avatar\/dde2928154642a13d95f87ddf1ea9718fe2b46760a005c53e41ff5ad610704e6?s=96&d=mm&r=g\",\"caption\":\"Nexo Informativo\"},\"url\":\"https:\/\/www.nexoinformativo.mx\/index.php\/author\/edicion\/\"}]}<\/script>\n<!-- \/ Yoast SEO plugin. -->","yoast_head_json":{"title":"Diplomacia activa M\u00e9xico deja huella en el Consejo de Derechos Humanos de la ONU con propuestas clave | Nexo Informativo Santiago de Quer\u00e9taro","description":"Diplomacia activa M\u00e9xico deja huella en el Consejo de Derechos Humanos de la ONU con propuestas clave","robots":{"index":"index","follow":"follow","max-snippet":"max-snippet:-1","max-image-preview":"max-image-preview:large","max-video-preview":"max-video-preview:-1"},"canonical":"https:\/\/www.nexoinformativo.mx\/index.php\/2025\/07\/10\/diplomacia-activa-mexico-deja-huella-en-el-consejo-de-derechos-humanos-de-la-onu-con-propuestas-clave\/","og_locale":"es_MX","og_type":"article","og_title":"Diplomacia activa M\u00e9xico deja huella en el Consejo de Derechos Humanos de la ONU con propuestas clave | Nexo Informativo Santiago de Quer\u00e9taro","og_description":"Diplomacia activa M\u00e9xico deja huella en el Consejo de Derechos Humanos de la ONU con propuestas clave","og_url":"https:\/\/www.nexoinformativo.mx\/index.php\/2025\/07\/10\/diplomacia-activa-mexico-deja-huella-en-el-consejo-de-derechos-humanos-de-la-onu-con-propuestas-clave\/","og_site_name":"Nexo Informativo Santiago de Quer\u00e9taro","article_publisher":"https:\/\/www.facebook.com\/people\/Nexo-Informativo\/61564066885511\/","article_published_time":"2025-07-10T18:00:48+00:00","article_modified_time":"2025-07-11T02:27:26+00:00","og_image":[{"width":650,"height":380,"url":"https:\/\/www.nexoinformativo.mx\/wp-content\/uploads\/2025\/07\/IMG_5114.jpg","type":"image\/jpeg"}],"author":"Nexo Informativo","twitter_card":"summary_large_image","twitter_misc":{"Escrito por":"Nexo Informativo","Tiempo de lectura":"2 minutos"},"schema":{"@context":"https:\/\/schema.org","@graph":[{"@type":"Article","@id":"https:\/\/www.nexoinformativo.mx\/index.php\/2025\/07\/10\/diplomacia-activa-mexico-deja-huella-en-el-consejo-de-derechos-humanos-de-la-onu-con-propuestas-clave\/#article","isPartOf":{"@id":"https:\/\/www.nexoinformativo.mx\/index.php\/2025\/07\/10\/diplomacia-activa-mexico-deja-huella-en-el-consejo-de-derechos-humanos-de-la-onu-con-propuestas-clave\/"},"author":{"name":"Nexo Informativo","@id":"https:\/\/www.nexoinformativo.mx\/#\/schema\/person\/7749d380ba08c8ca00d7bc76fd907b7d"},"headline":"Diplomacia activa M\u00e9xico deja huella en el Consejo de Derechos Humanos de la ONU con propuestas clave","datePublished":"2025-07-10T18:00:48+00:00","dateModified":"2025-07-11T02:27:26+00:00","mainEntityOfPage":{"@id":"https:\/\/www.nexoinformativo.mx\/index.php\/2025\/07\/10\/diplomacia-activa-mexico-deja-huella-en-el-consejo-de-derechos-humanos-de-la-onu-con-propuestas-clave\/"},"wordCount":384,"commentCount":0,"publisher":{"@id":"https:\/\/www.nexoinformativo.mx\/#organization"},"image":{"@id":"https:\/\/www.nexoinformativo.mx\/index.php\/2025\/07\/10\/diplomacia-activa-mexico-deja-huella-en-el-consejo-de-derechos-humanos-de-la-onu-con-propuestas-clave\/#primaryimage"},"thumbnailUrl":"https:\/\/www.nexoinformativo.mx\/wp-content\/uploads\/2025\/07\/IMG_5114.jpg","keywords":["DDHH","DerechosHumanos","DiplomaciaMexicana","M\u00e9xicoONU"],"articleSection":["Nacional","\u00daltima Hora"],"inLanguage":"es","potentialAction":[{"@type":"CommentAction","name":"Comment","target":["https:\/\/www.nexoinformativo.mx\/index.php\/2025\/07\/10\/diplomacia-activa-mexico-deja-huella-en-el-consejo-de-derechos-humanos-de-la-onu-con-propuestas-clave\/#respond"]}]},{"@type":"WebPage","@id":"https:\/\/www.nexoinformativo.mx\/index.php\/2025\/07\/10\/diplomacia-activa-mexico-deja-huella-en-el-consejo-de-derechos-humanos-de-la-onu-con-propuestas-clave\/","url":"https:\/\/www.nexoinformativo.mx\/index.php\/2025\/07\/10\/diplomacia-activa-mexico-deja-huella-en-el-consejo-de-derechos-humanos-de-la-onu-con-propuestas-clave\/","name":"Diplomacia activa M\u00e9xico deja huella en el Consejo de Derechos Humanos de la ONU con propuestas clave | Nexo Informativo Santiago de Quer\u00e9taro","isPartOf":{"@id":"https:\/\/www.nexoinformativo.mx\/#website"},"primaryImageOfPage":{"@id":"https:\/\/www.nexoinformativo.mx\/index.php\/2025\/07\/10\/diplomacia-activa-mexico-deja-huella-en-el-consejo-de-derechos-humanos-de-la-onu-con-propuestas-clave\/#primaryimage"},"image":{"@id":"https:\/\/www.nexoinformativo.mx\/index.php\/2025\/07\/10\/diplomacia-activa-mexico-deja-huella-en-el-consejo-de-derechos-humanos-de-la-onu-con-propuestas-clave\/#primaryimage"},"thumbnailUrl":"https:\/\/www.nexoinformativo.mx\/wp-content\/uploads\/2025\/07\/IMG_5114.jpg","datePublished":"2025-07-10T18:00:48+00:00","dateModified":"2025-07-11T02:27:26+00:00","description":"Diplomacia activa M\u00e9xico deja huella en el Consejo de Derechos Humanos de la ONU con propuestas clave","breadcrumb":{"@id":"https:\/\/www.nexoinformativo.mx\/index.php\/2025\/07\/10\/diplomacia-activa-mexico-deja-huella-en-el-consejo-de-derechos-humanos-de-la-onu-con-propuestas-clave\/#breadcrumb"},"inLanguage":"es","potentialAction":[{"@type":"ReadAction","target":["https:\/\/www.nexoinformativo.mx\/index.php\/2025\/07\/10\/diplomacia-activa-mexico-deja-huella-en-el-consejo-de-derechos-humanos-de-la-onu-con-propuestas-clave\/"]}]},{"@type":"ImageObject","inLanguage":"es","@id":"https:\/\/www.nexoinformativo.mx\/index.php\/2025\/07\/10\/diplomacia-activa-mexico-deja-huella-en-el-consejo-de-derechos-humanos-de-la-onu-con-propuestas-clave\/#primaryimage","url":"https:\/\/www.nexoinformativo.mx\/wp-content\/uploads\/2025\/07\/IMG_5114.jpg","contentUrl":"https:\/\/www.nexoinformativo.mx\/wp-content\/uploads\/2025\/07\/IMG_5114.jpg","width":650,"height":380},{"@type":"BreadcrumbList","@id":"https:\/\/www.nexoinformativo.mx\/index.php\/2025\/07\/10\/diplomacia-activa-mexico-deja-huella-en-el-consejo-de-derechos-humanos-de-la-onu-con-propuestas-clave\/#breadcrumb","itemListElement":[{"@type":"ListItem","position":1,"name":"Inicio","item":"https:\/\/www.nexoinformativo.mx\/"},{"@type":"ListItem","position":2,"name":"Diplomacia activa M\u00e9xico deja huella en el Consejo de Derechos Humanos de la ONU con propuestas clave"}]},{"@type":"WebSite","@id":"https:\/\/www.nexoinformativo.mx\/#website","url":"https:\/\/www.nexoinformativo.mx\/","name":"Nexo Informativo Santiago de Quer\u00e9taro","description":"Explora NexoInformativo y convi\u00e9rtete en parte de una comunidad que valora el conocimiento y la verdad. Tu nexoinformativo es tu puente hacia una comprensi\u00f3n m\u00e1s profunda del mundo que te rodea.","publisher":{"@id":"https:\/\/www.nexoinformativo.mx\/#organization"},"potentialAction":[{"@type":"SearchAction","target":{"@type":"EntryPoint","urlTemplate":"https:\/\/www.nexoinformativo.mx\/?s={search_term_string}"},"query-input":{"@type":"PropertyValueSpecification","valueRequired":true,"valueName":"search_term_string"}}],"inLanguage":"es"},{"@type":"Organization","@id":"https:\/\/www.nexoinformativo.mx\/#organization","name":"Nexo Informativo Santiago de Quer\u00e9taro","url":"https:\/\/www.nexoinformativo.mx\/","logo":{"@type":"ImageObject","inLanguage":"es","@id":"https:\/\/www.nexoinformativo.mx\/#\/schema\/logo\/image\/","url":"https:\/\/www.nexoinformativo.mx\/wp-content\/uploads\/2024\/07\/nexoi-trasparente-2.png","contentUrl":"https:\/\/www.nexoinformativo.mx\/wp-content\/uploads\/2024\/07\/nexoi-trasparente-2.png","width":816,"height":339,"caption":"Nexo Informativo Santiago de Quer\u00e9taro"},"image":{"@id":"https:\/\/www.nexoinformativo.mx\/#\/schema\/logo\/image\/"},"sameAs":["https:\/\/www.facebook.com\/people\/Nexo-Informativo\/61564066885511\/"]},{"@type":"Person","@id":"https:\/\/www.nexoinformativo.mx\/#\/schema\/person\/7749d380ba08c8ca00d7bc76fd907b7d","name":"Nexo Informativo","image":{"@type":"ImageObject","inLanguage":"es","@id":"https:\/\/www.nexoinformativo.mx\/#\/schema\/person\/image\/","url":"https:\/\/secure.gravatar.com\/avatar\/dde2928154642a13d95f87ddf1ea9718fe2b46760a005c53e41ff5ad610704e6?s=96&d=mm&r=g","contentUrl":"https:\/\/secure.gravatar.com\/avatar\/dde2928154642a13d95f87ddf1ea9718fe2b46760a005c53e41ff5ad610704e6?s=96&d=mm&r=g","caption":"Nexo Informativo"},"url":"https:\/\/www.nexoinformativo.mx\/index.php\/author\/edicion\/"}]}},"_links":{"self":[{"href":"https:\/\/www.nexoinformativo.mx\/index.php\/wp-json\/wp\/v2\/posts\/16410","targetHints":{"allow":["GET"]}}],"collection":[{"href":"https:\/\/www.nexoinformativo.mx\/index.php\/wp-json\/wp\/v2\/posts"}],"about":[{"href":"https:\/\/www.nexoinformativo.mx\/index.php\/wp-json\/wp\/v2\/types\/post"}],"author":[{"embeddable":true,"href":"https:\/\/www.nexoinformativo.mx\/index.php\/wp-json\/wp\/v2\/users\/3"}],"replies":[{"embeddable":true,"href":"https:\/\/www.nexoinformativo.mx\/index.php\/wp-json\/wp\/v2\/comments?post=16410"}],"version-history":[{"count":3,"href":"https:\/\/www.nexoinformativo.mx\/index.php\/wp-json\/wp\/v2\/posts\/16410\/revisions"}],"predecessor-version":[{"id":16414,"href":"https:\/\/www.nexoinformativo.mx\/index.php\/wp-json\/wp\/v2\/posts\/16410\/revisions\/16414"}],"wp:featuredmedia":[{"embeddable":true,"href":"https:\/\/www.nexoinformativo.mx\/index.php\/wp-json\/wp\/v2\/media\/16411"}],"wp:attachment":[{"href":"https:\/\/www.nexoinformativo.mx\/index.php\/wp-json\/wp\/v2\/media?parent=16410"}],"wp:term":[{"taxonomy":"category","embeddable":true,"href":"https:\/\/www.nexoinformativo.mx\/index.php\/wp-json\/wp\/v2\/categories?post=16410"},{"taxonomy":"post_tag","embeddable":true,"href":"https:\/\/www.nexoinformativo.mx\/index.php\/wp-json\/wp\/v2\/tags?post=16410"}],"curies":[{"name":"wp","href":"https:\/\/api.w.org\/{rel}","templated":true}]}}