{"id":16415,"date":"2025-07-10T13:00:44","date_gmt":"2025-07-10T19:00:44","guid":{"rendered":"https:\/\/www.nexoinformativo.mx\/?p=16415"},"modified":"2025-07-10T20:31:42","modified_gmt":"2025-07-11T02:31:42","slug":"opep-y-mexico-dialogo-fortalecido-para-una-transicion-energetica-justa-y-sostenible","status":"publish","type":"post","link":"https:\/\/www.nexoinformativo.mx\/index.php\/2025\/07\/10\/opep-y-mexico-dialogo-fortalecido-para-una-transicion-energetica-justa-y-sostenible\/","title":{"rendered":"OPEP y M\u00e9xico di\u00e1logo fortalecido para una transici\u00f3n energ\u00e9tica justa y sostenible"},"content":{"rendered":"<p style=\"text-align: justify;\">La secretaria de Energ\u00eda, Luz Elena Gonz\u00e1lez Escobar, represent\u00f3 a M\u00e9xico en el 9\u00ba Seminario Internacional de la OPEP (Organizaci\u00f3n de Pa\u00edses Exportadores de Petr\u00f3leo) en Viena, donde reafirm\u00f3 la importancia de la soberan\u00eda y la justicia energ\u00e9tica como prioridades para el Gobierno de M\u00e9xico.<\/p>\n<\/p>\n<p>&nbsp;<\/p>\n<p style=\"text-align: justify;\">Durante el panel &#8220;Movilizaci\u00f3n del financiamiento para impulsar las inversiones en energ\u00eda&#8221;, la secretaria Gonz\u00e1lez Escobar destac\u00f3 las recientes reformas legales en el sector energ\u00e9tico mexicano y subray\u00f3 el papel estrat\u00e9gico que juega el Estado en la promoci\u00f3n de una transici\u00f3n energ\u00e9tica justa y en el combate a la pobreza energ\u00e9tica.<\/p>\n<\/p>\n<p>&nbsp;<\/p>\n<p style=\"text-align: justify;\">La secretaria aprovech\u00f3 su estancia en Viena para sostener importantes reuniones bilaterales. Convers\u00f3 con Haitham Al-Ghais, secretario general de la OPEP; el ministro saud\u00ed Abdulaziz bin Salman; y Rafael Mariano Grossi, director del Organismo Internacional de Energ\u00eda At\u00f3mica (OIEA).<\/p>\n<\/p>\n<p>&nbsp;<\/p>\n<p style=\"text-align: justify;\">Un punto relevante fue el acuerdo de cooperaci\u00f3n t\u00e9cnica con Arabia Saudita en \u00e1reas cruciales como hidrocarburos, generaci\u00f3n el\u00e9ctrica limpia y energ\u00edas renovables, lo que abre nuevas puertas para el desarrollo sostenible.<\/p>\n<\/p>\n<p>&nbsp;<\/p>\n<p style=\"text-align: justify;\">Adem\u00e1s, en el marco de la OPEP+, se discuti\u00f3 un nuevo mecanismo para definir las cuotas de producci\u00f3n en 2027. Este mecanismo, que se busca sea s\u00f3lido, transparente y justo, tendr\u00e1 su versi\u00f3n final presentada en noviembre.<\/p>\n<\/p>\n<p>&nbsp;<\/p>\n<p style=\"text-align: justify;\">La secretaria Gonz\u00e1lez Escobar agradeci\u00f3 la invitaci\u00f3n y resalt\u00f3 que el di\u00e1logo dentro de OPEP+ se fortalece, impulsando un modelo energ\u00e9tico m\u00e1s sostenible y accesible para todos.<\/p>\n<\/p>\n<p>&nbsp;<\/p>\n<p style=\"text-align: center;\"><em><strong>\u00a1Informaci\u00f3n que transforma!<\/strong><\/em><\/p>\n","protected":false},"excerpt":{"rendered":"<p>La secretaria de Energ\u00eda, Luz Elena Gonz\u00e1lez Escobar, represent\u00f3 a M\u00e9xico en el 9\u00ba Seminario Internacional de la OPEP (Organizaci\u00f3n de Pa\u00edses Exportadores de Petr\u00f3leo) en Viena, donde reafirm\u00f3 la importancia de la soberan\u00eda y la justicia energ\u00e9tica como prioridades para el Gobierno de M\u00e9xico.<\/p>\n","protected":false},"author":3,"featured_media":16416,"comment_status":"open","ping_status":"open","sticky":false,"template":"","format":"standard","meta":{"footnotes":""},"categories":[88,58],"tags":[4918,4919,4920,4921],"class_list":["post-16415","post","type-post","status-publish","format-standard","has-post-thumbnail","hentry","category-nacional","category-ultima-hora","tag-energiamx","tag-opep","tag-soberaniaenergetica","tag-transicionjusta"],"yoast_head":"<!-- This site is optimized with the Yoast SEO plugin v25.0 - https:\/\/yoast.com\/wordpress\/plugins\/seo\/ -->\n<title>OPEP y M\u00e9xico di\u00e1logo fortalecido para una transici\u00f3n energ\u00e9tica justa y sostenible | Nexo Informativo Santiago de Quer\u00e9taro<\/title>\n<meta name=\"description\" content=\"OPEP y M\u00e9xico di\u00e1logo fortalecido para una transici\u00f3n energ\u00e9tica justa y sostenible\" \/>\n<meta name=\"robots\" content=\"index, follow, max-snippet:-1, max-image-preview:large, max-video-preview:-1\" \/>\n<link rel=\"canonical\" href=\"https:\/\/www.nexoinformativo.mx\/index.php\/2025\/07\/10\/opep-y-mexico-dialogo-fortalecido-para-una-transicion-energetica-justa-y-sostenible\/\" \/>\n<meta property=\"og:locale\" content=\"es_MX\" \/>\n<meta property=\"og:type\" content=\"article\" \/>\n<meta property=\"og:title\" content=\"OPEP y M\u00e9xico di\u00e1logo fortalecido para una transici\u00f3n energ\u00e9tica justa y sostenible | Nexo Informativo Santiago de Quer\u00e9taro\" \/>\n<meta property=\"og:description\" content=\"OPEP y M\u00e9xico di\u00e1logo fortalecido para una transici\u00f3n energ\u00e9tica justa y sostenible\" \/>\n<meta property=\"og:url\" content=\"https:\/\/www.nexoinformativo.mx\/index.php\/2025\/07\/10\/opep-y-mexico-dialogo-fortalecido-para-una-transicion-energetica-justa-y-sostenible\/\" \/>\n<meta property=\"og:site_name\" content=\"Nexo Informativo Santiago de Quer\u00e9taro\" \/>\n<meta property=\"article:publisher\" content=\"https:\/\/www.facebook.com\/people\/Nexo-Informativo\/61564066885511\/\" \/>\n<meta property=\"article:published_time\" content=\"2025-07-10T19:00:44+00:00\" \/>\n<meta property=\"article:modified_time\" content=\"2025-07-11T02:31:42+00:00\" \/>\n<meta property=\"og:image\" content=\"https:\/\/www.nexoinformativo.mx\/wp-content\/uploads\/2025\/07\/PHOTO-2025-07-10-19-04-19-e1752201054950.jpg\" \/>\n\t<meta property=\"og:image:width\" content=\"800\" \/>\n\t<meta property=\"og:image:height\" content=\"600\" \/>\n\t<meta property=\"og:image:type\" content=\"image\/jpeg\" \/>\n<meta name=\"author\" content=\"Nexo Informativo\" \/>\n<meta name=\"twitter:card\" content=\"summary_large_image\" \/>\n<meta name=\"twitter:label1\" content=\"Escrito por\" \/>\n\t<meta name=\"twitter:data1\" content=\"Nexo Informativo\" \/>\n\t<meta name=\"twitter:label2\" content=\"Tiempo de lectura\" \/>\n\t<meta name=\"twitter:data2\" content=\"2 minutos\" \/>\n<script type=\"application\/ld+json\" class=\"yoast-schema-graph\">{\"@context\":\"https:\/\/schema.org\",\"@graph\":[{\"@type\":\"Article\",\"@id\":\"https:\/\/www.nexoinformativo.mx\/index.php\/2025\/07\/10\/opep-y-mexico-dialogo-fortalecido-para-una-transicion-energetica-justa-y-sostenible\/#article\",\"isPartOf\":{\"@id\":\"https:\/\/www.nexoinformativo.mx\/index.php\/2025\/07\/10\/opep-y-mexico-dialogo-fortalecido-para-una-transicion-energetica-justa-y-sostenible\/\"},\"author\":{\"name\":\"Nexo Informativo\",\"@id\":\"https:\/\/www.nexoinformativo.mx\/#\/schema\/person\/7749d380ba08c8ca00d7bc76fd907b7d\"},\"headline\":\"OPEP y M\u00e9xico di\u00e1logo fortalecido para una transici\u00f3n energ\u00e9tica justa y sostenible\",\"datePublished\":\"2025-07-10T19:00:44+00:00\",\"dateModified\":\"2025-07-11T02:31:42+00:00\",\"mainEntityOfPage\":{\"@id\":\"https:\/\/www.nexoinformativo.mx\/index.php\/2025\/07\/10\/opep-y-mexico-dialogo-fortalecido-para-una-transicion-energetica-justa-y-sostenible\/\"},\"wordCount\":289,\"commentCount\":0,\"publisher\":{\"@id\":\"https:\/\/www.nexoinformativo.mx\/#organization\"},\"image\":{\"@id\":\"https:\/\/www.nexoinformativo.mx\/index.php\/2025\/07\/10\/opep-y-mexico-dialogo-fortalecido-para-una-transicion-energetica-justa-y-sostenible\/#primaryimage\"},\"thumbnailUrl\":\"https:\/\/www.nexoinformativo.mx\/wp-content\/uploads\/2025\/07\/PHOTO-2025-07-10-19-04-19-e1752201054950.jpg\",\"keywords\":[\"Energ\u00edaMX\",\"OPEP\",\"Soberan\u00edaEnerg\u00e9tica\",\"Transici\u00f3nJusta\"],\"articleSection\":[\"Nacional\",\"\u00daltima Hora\"],\"inLanguage\":\"es\",\"potentialAction\":[{\"@type\":\"CommentAction\",\"name\":\"Comment\",\"target\":[\"https:\/\/www.nexoinformativo.mx\/index.php\/2025\/07\/10\/opep-y-mexico-dialogo-fortalecido-para-una-transicion-energetica-justa-y-sostenible\/#respond\"]}]},{\"@type\":\"WebPage\",\"@id\":\"https:\/\/www.nexoinformativo.mx\/index.php\/2025\/07\/10\/opep-y-mexico-dialogo-fortalecido-para-una-transicion-energetica-justa-y-sostenible\/\",\"url\":\"https:\/\/www.nexoinformativo.mx\/index.php\/2025\/07\/10\/opep-y-mexico-dialogo-fortalecido-para-una-transicion-energetica-justa-y-sostenible\/\",\"name\":\"OPEP y M\u00e9xico di\u00e1logo fortalecido para una transici\u00f3n energ\u00e9tica justa y sostenible | Nexo Informativo Santiago de Quer\u00e9taro\",\"isPartOf\":{\"@id\":\"https:\/\/www.nexoinformativo.mx\/#website\"},\"primaryImageOfPage\":{\"@id\":\"https:\/\/www.nexoinformativo.mx\/index.php\/2025\/07\/10\/opep-y-mexico-dialogo-fortalecido-para-una-transicion-energetica-justa-y-sostenible\/#primaryimage\"},\"image\":{\"@id\":\"https:\/\/www.nexoinformativo.mx\/index.php\/2025\/07\/10\/opep-y-mexico-dialogo-fortalecido-para-una-transicion-energetica-justa-y-sostenible\/#primaryimage\"},\"thumbnailUrl\":\"https:\/\/www.nexoinformativo.mx\/wp-content\/uploads\/2025\/07\/PHOTO-2025-07-10-19-04-19-e1752201054950.jpg\",\"datePublished\":\"2025-07-10T19:00:44+00:00\",\"dateModified\":\"2025-07-11T02:31:42+00:00\",\"description\":\"OPEP y M\u00e9xico di\u00e1logo fortalecido para una transici\u00f3n energ\u00e9tica justa y sostenible\",\"breadcrumb\":{\"@id\":\"https:\/\/www.nexoinformativo.mx\/index.php\/2025\/07\/10\/opep-y-mexico-dialogo-fortalecido-para-una-transicion-energetica-justa-y-sostenible\/#breadcrumb\"},\"inLanguage\":\"es\",\"potentialAction\":[{\"@type\":\"ReadAction\",\"target\":[\"https:\/\/www.nexoinformativo.mx\/index.php\/2025\/07\/10\/opep-y-mexico-dialogo-fortalecido-para-una-transicion-energetica-justa-y-sostenible\/\"]}]},{\"@type\":\"ImageObject\",\"inLanguage\":\"es\",\"@id\":\"https:\/\/www.nexoinformativo.mx\/index.php\/2025\/07\/10\/opep-y-mexico-dialogo-fortalecido-para-una-transicion-energetica-justa-y-sostenible\/#primaryimage\",\"url\":\"https:\/\/www.nexoinformativo.mx\/wp-content\/uploads\/2025\/07\/PHOTO-2025-07-10-19-04-19-e1752201054950.jpg\",\"contentUrl\":\"https:\/\/www.nexoinformativo.mx\/wp-content\/uploads\/2025\/07\/PHOTO-2025-07-10-19-04-19-e1752201054950.jpg\",\"width\":800,\"height\":600},{\"@type\":\"BreadcrumbList\",\"@id\":\"https:\/\/www.nexoinformativo.mx\/index.php\/2025\/07\/10\/opep-y-mexico-dialogo-fortalecido-para-una-transicion-energetica-justa-y-sostenible\/#breadcrumb\",\"itemListElement\":[{\"@type\":\"ListItem\",\"position\":1,\"name\":\"Inicio\",\"item\":\"https:\/\/www.nexoinformativo.mx\/\"},{\"@type\":\"ListItem\",\"position\":2,\"name\":\"OPEP y M\u00e9xico di\u00e1logo fortalecido para una transici\u00f3n energ\u00e9tica justa y sostenible\"}]},{\"@type\":\"WebSite\",\"@id\":\"https:\/\/www.nexoinformativo.mx\/#website\",\"url\":\"https:\/\/www.nexoinformativo.mx\/\",\"name\":\"Nexo Informativo Santiago de Quer\u00e9taro\",\"description\":\"Explora NexoInformativo y convi\u00e9rtete en parte de una comunidad que valora el conocimiento y la verdad. Tu nexoinformativo es tu puente hacia una comprensi\u00f3n m\u00e1s profunda del mundo que te rodea.\",\"publisher\":{\"@id\":\"https:\/\/www.nexoinformativo.mx\/#organization\"},\"potentialAction\":[{\"@type\":\"SearchAction\",\"target\":{\"@type\":\"EntryPoint\",\"urlTemplate\":\"https:\/\/www.nexoinformativo.mx\/?s={search_term_string}\"},\"query-input\":{\"@type\":\"PropertyValueSpecification\",\"valueRequired\":true,\"valueName\":\"search_term_string\"}}],\"inLanguage\":\"es\"},{\"@type\":\"Organization\",\"@id\":\"https:\/\/www.nexoinformativo.mx\/#organization\",\"name\":\"Nexo Informativo Santiago de Quer\u00e9taro\",\"url\":\"https:\/\/www.nexoinformativo.mx\/\",\"logo\":{\"@type\":\"ImageObject\",\"inLanguage\":\"es\",\"@id\":\"https:\/\/www.nexoinformativo.mx\/#\/schema\/logo\/image\/\",\"url\":\"https:\/\/www.nexoinformativo.mx\/wp-content\/uploads\/2024\/07\/nexoi-trasparente-2.png\",\"contentUrl\":\"https:\/\/www.nexoinformativo.mx\/wp-content\/uploads\/2024\/07\/nexoi-trasparente-2.png\",\"width\":816,\"height\":339,\"caption\":\"Nexo Informativo Santiago de Quer\u00e9taro\"},\"image\":{\"@id\":\"https:\/\/www.nexoinformativo.mx\/#\/schema\/logo\/image\/\"},\"sameAs\":[\"https:\/\/www.facebook.com\/people\/Nexo-Informativo\/61564066885511\/\"]},{\"@type\":\"Person\",\"@id\":\"https:\/\/www.nexoinformativo.mx\/#\/schema\/person\/7749d380ba08c8ca00d7bc76fd907b7d\",\"name\":\"Nexo Informativo\",\"image\":{\"@type\":\"ImageObject\",\"inLanguage\":\"es\",\"@id\":\"https:\/\/www.nexoinformativo.mx\/#\/schema\/person\/image\/\",\"url\":\"https:\/\/secure.gravatar.com\/avatar\/dde2928154642a13d95f87ddf1ea9718fe2b46760a005c53e41ff5ad610704e6?s=96&d=mm&r=g\",\"contentUrl\":\"https:\/\/secure.gravatar.com\/avatar\/dde2928154642a13d95f87ddf1ea9718fe2b46760a005c53e41ff5ad610704e6?s=96&d=mm&r=g\",\"caption\":\"Nexo Informativo\"},\"url\":\"https:\/\/www.nexoinformativo.mx\/index.php\/author\/edicion\/\"}]}<\/script>\n<!-- \/ Yoast SEO plugin. -->","yoast_head_json":{"title":"OPEP y M\u00e9xico di\u00e1logo fortalecido para una transici\u00f3n energ\u00e9tica justa y sostenible | Nexo Informativo Santiago de Quer\u00e9taro","description":"OPEP y M\u00e9xico di\u00e1logo fortalecido para una transici\u00f3n energ\u00e9tica justa y sostenible","robots":{"index":"index","follow":"follow","max-snippet":"max-snippet:-1","max-image-preview":"max-image-preview:large","max-video-preview":"max-video-preview:-1"},"canonical":"https:\/\/www.nexoinformativo.mx\/index.php\/2025\/07\/10\/opep-y-mexico-dialogo-fortalecido-para-una-transicion-energetica-justa-y-sostenible\/","og_locale":"es_MX","og_type":"article","og_title":"OPEP y M\u00e9xico di\u00e1logo fortalecido para una transici\u00f3n energ\u00e9tica justa y sostenible | Nexo Informativo Santiago de Quer\u00e9taro","og_description":"OPEP y M\u00e9xico di\u00e1logo fortalecido para una transici\u00f3n energ\u00e9tica justa y sostenible","og_url":"https:\/\/www.nexoinformativo.mx\/index.php\/2025\/07\/10\/opep-y-mexico-dialogo-fortalecido-para-una-transicion-energetica-justa-y-sostenible\/","og_site_name":"Nexo Informativo Santiago de Quer\u00e9taro","article_publisher":"https:\/\/www.facebook.com\/people\/Nexo-Informativo\/61564066885511\/","article_published_time":"2025-07-10T19:00:44+00:00","article_modified_time":"2025-07-11T02:31:42+00:00","og_image":[{"width":800,"height":600,"url":"https:\/\/www.nexoinformativo.mx\/wp-content\/uploads\/2025\/07\/PHOTO-2025-07-10-19-04-19-e1752201054950.jpg","type":"image\/jpeg"}],"author":"Nexo Informativo","twitter_card":"summary_large_image","twitter_misc":{"Escrito por":"Nexo Informativo","Tiempo de lectura":"2 minutos"},"schema":{"@context":"https:\/\/schema.org","@graph":[{"@type":"Article","@id":"https:\/\/www.nexoinformativo.mx\/index.php\/2025\/07\/10\/opep-y-mexico-dialogo-fortalecido-para-una-transicion-energetica-justa-y-sostenible\/#article","isPartOf":{"@id":"https:\/\/www.nexoinformativo.mx\/index.php\/2025\/07\/10\/opep-y-mexico-dialogo-fortalecido-para-una-transicion-energetica-justa-y-sostenible\/"},"author":{"name":"Nexo Informativo","@id":"https:\/\/www.nexoinformativo.mx\/#\/schema\/person\/7749d380ba08c8ca00d7bc76fd907b7d"},"headline":"OPEP y M\u00e9xico di\u00e1logo fortalecido para una transici\u00f3n energ\u00e9tica justa y sostenible","datePublished":"2025-07-10T19:00:44+00:00","dateModified":"2025-07-11T02:31:42+00:00","mainEntityOfPage":{"@id":"https:\/\/www.nexoinformativo.mx\/index.php\/2025\/07\/10\/opep-y-mexico-dialogo-fortalecido-para-una-transicion-energetica-justa-y-sostenible\/"},"wordCount":289,"commentCount":0,"publisher":{"@id":"https:\/\/www.nexoinformativo.mx\/#organization"},"image":{"@id":"https:\/\/www.nexoinformativo.mx\/index.php\/2025\/07\/10\/opep-y-mexico-dialogo-fortalecido-para-una-transicion-energetica-justa-y-sostenible\/#primaryimage"},"thumbnailUrl":"https:\/\/www.nexoinformativo.mx\/wp-content\/uploads\/2025\/07\/PHOTO-2025-07-10-19-04-19-e1752201054950.jpg","keywords":["Energ\u00edaMX","OPEP","Soberan\u00edaEnerg\u00e9tica","Transici\u00f3nJusta"],"articleSection":["Nacional","\u00daltima Hora"],"inLanguage":"es","potentialAction":[{"@type":"CommentAction","name":"Comment","target":["https:\/\/www.nexoinformativo.mx\/index.php\/2025\/07\/10\/opep-y-mexico-dialogo-fortalecido-para-una-transicion-energetica-justa-y-sostenible\/#respond"]}]},{"@type":"WebPage","@id":"https:\/\/www.nexoinformativo.mx\/index.php\/2025\/07\/10\/opep-y-mexico-dialogo-fortalecido-para-una-transicion-energetica-justa-y-sostenible\/","url":"https:\/\/www.nexoinformativo.mx\/index.php\/2025\/07\/10\/opep-y-mexico-dialogo-fortalecido-para-una-transicion-energetica-justa-y-sostenible\/","name":"OPEP y M\u00e9xico di\u00e1logo fortalecido para una transici\u00f3n energ\u00e9tica justa y sostenible | Nexo Informativo Santiago de Quer\u00e9taro","isPartOf":{"@id":"https:\/\/www.nexoinformativo.mx\/#website"},"primaryImageOfPage":{"@id":"https:\/\/www.nexoinformativo.mx\/index.php\/2025\/07\/10\/opep-y-mexico-dialogo-fortalecido-para-una-transicion-energetica-justa-y-sostenible\/#primaryimage"},"image":{"@id":"https:\/\/www.nexoinformativo.mx\/index.php\/2025\/07\/10\/opep-y-mexico-dialogo-fortalecido-para-una-transicion-energetica-justa-y-sostenible\/#primaryimage"},"thumbnailUrl":"https:\/\/www.nexoinformativo.mx\/wp-content\/uploads\/2025\/07\/PHOTO-2025-07-10-19-04-19-e1752201054950.jpg","datePublished":"2025-07-10T19:00:44+00:00","dateModified":"2025-07-11T02:31:42+00:00","description":"OPEP y M\u00e9xico di\u00e1logo fortalecido para una transici\u00f3n energ\u00e9tica justa y sostenible","breadcrumb":{"@id":"https:\/\/www.nexoinformativo.mx\/index.php\/2025\/07\/10\/opep-y-mexico-dialogo-fortalecido-para-una-transicion-energetica-justa-y-sostenible\/#breadcrumb"},"inLanguage":"es","potentialAction":[{"@type":"ReadAction","target":["https:\/\/www.nexoinformativo.mx\/index.php\/2025\/07\/10\/opep-y-mexico-dialogo-fortalecido-para-una-transicion-energetica-justa-y-sostenible\/"]}]},{"@type":"ImageObject","inLanguage":"es","@id":"https:\/\/www.nexoinformativo.mx\/index.php\/2025\/07\/10\/opep-y-mexico-dialogo-fortalecido-para-una-transicion-energetica-justa-y-sostenible\/#primaryimage","url":"https:\/\/www.nexoinformativo.mx\/wp-content\/uploads\/2025\/07\/PHOTO-2025-07-10-19-04-19-e1752201054950.jpg","contentUrl":"https:\/\/www.nexoinformativo.mx\/wp-content\/uploads\/2025\/07\/PHOTO-2025-07-10-19-04-19-e1752201054950.jpg","width":800,"height":600},{"@type":"BreadcrumbList","@id":"https:\/\/www.nexoinformativo.mx\/index.php\/2025\/07\/10\/opep-y-mexico-dialogo-fortalecido-para-una-transicion-energetica-justa-y-sostenible\/#breadcrumb","itemListElement":[{"@type":"ListItem","position":1,"name":"Inicio","item":"https:\/\/www.nexoinformativo.mx\/"},{"@type":"ListItem","position":2,"name":"OPEP y M\u00e9xico di\u00e1logo fortalecido para una transici\u00f3n energ\u00e9tica justa y sostenible"}]},{"@type":"WebSite","@id":"https:\/\/www.nexoinformativo.mx\/#website","url":"https:\/\/www.nexoinformativo.mx\/","name":"Nexo Informativo Santiago de Quer\u00e9taro","description":"Explora NexoInformativo y convi\u00e9rtete en parte de una comunidad que valora el conocimiento y la verdad. Tu nexoinformativo es tu puente hacia una comprensi\u00f3n m\u00e1s profunda del mundo que te rodea.","publisher":{"@id":"https:\/\/www.nexoinformativo.mx\/#organization"},"potentialAction":[{"@type":"SearchAction","target":{"@type":"EntryPoint","urlTemplate":"https:\/\/www.nexoinformativo.mx\/?s={search_term_string}"},"query-input":{"@type":"PropertyValueSpecification","valueRequired":true,"valueName":"search_term_string"}}],"inLanguage":"es"},{"@type":"Organization","@id":"https:\/\/www.nexoinformativo.mx\/#organization","name":"Nexo Informativo Santiago de Quer\u00e9taro","url":"https:\/\/www.nexoinformativo.mx\/","logo":{"@type":"ImageObject","inLanguage":"es","@id":"https:\/\/www.nexoinformativo.mx\/#\/schema\/logo\/image\/","url":"https:\/\/www.nexoinformativo.mx\/wp-content\/uploads\/2024\/07\/nexoi-trasparente-2.png","contentUrl":"https:\/\/www.nexoinformativo.mx\/wp-content\/uploads\/2024\/07\/nexoi-trasparente-2.png","width":816,"height":339,"caption":"Nexo Informativo Santiago de Quer\u00e9taro"},"image":{"@id":"https:\/\/www.nexoinformativo.mx\/#\/schema\/logo\/image\/"},"sameAs":["https:\/\/www.facebook.com\/people\/Nexo-Informativo\/61564066885511\/"]},{"@type":"Person","@id":"https:\/\/www.nexoinformativo.mx\/#\/schema\/person\/7749d380ba08c8ca00d7bc76fd907b7d","name":"Nexo Informativo","image":{"@type":"ImageObject","inLanguage":"es","@id":"https:\/\/www.nexoinformativo.mx\/#\/schema\/person\/image\/","url":"https:\/\/secure.gravatar.com\/avatar\/dde2928154642a13d95f87ddf1ea9718fe2b46760a005c53e41ff5ad610704e6?s=96&d=mm&r=g","contentUrl":"https:\/\/secure.gravatar.com\/avatar\/dde2928154642a13d95f87ddf1ea9718fe2b46760a005c53e41ff5ad610704e6?s=96&d=mm&r=g","caption":"Nexo Informativo"},"url":"https:\/\/www.nexoinformativo.mx\/index.php\/author\/edicion\/"}]}},"_links":{"self":[{"href":"https:\/\/www.nexoinformativo.mx\/index.php\/wp-json\/wp\/v2\/posts\/16415","targetHints":{"allow":["GET"]}}],"collection":[{"href":"https:\/\/www.nexoinformativo.mx\/index.php\/wp-json\/wp\/v2\/posts"}],"about":[{"href":"https:\/\/www.nexoinformativo.mx\/index.php\/wp-json\/wp\/v2\/types\/post"}],"author":[{"embeddable":true,"href":"https:\/\/www.nexoinformativo.mx\/index.php\/wp-json\/wp\/v2\/users\/3"}],"replies":[{"embeddable":true,"href":"https:\/\/www.nexoinformativo.mx\/index.php\/wp-json\/wp\/v2\/comments?post=16415"}],"version-history":[{"count":3,"href":"https:\/\/www.nexoinformativo.mx\/index.php\/wp-json\/wp\/v2\/posts\/16415\/revisions"}],"predecessor-version":[{"id":16419,"href":"https:\/\/www.nexoinformativo.mx\/index.php\/wp-json\/wp\/v2\/posts\/16415\/revisions\/16419"}],"wp:featuredmedia":[{"embeddable":true,"href":"https:\/\/www.nexoinformativo.mx\/index.php\/wp-json\/wp\/v2\/media\/16416"}],"wp:attachment":[{"href":"https:\/\/www.nexoinformativo.mx\/index.php\/wp-json\/wp\/v2\/media?parent=16415"}],"wp:term":[{"taxonomy":"category","embeddable":true,"href":"https:\/\/www.nexoinformativo.mx\/index.php\/wp-json\/wp\/v2\/categories?post=16415"},{"taxonomy":"post_tag","embeddable":true,"href":"https:\/\/www.nexoinformativo.mx\/index.php\/wp-json\/wp\/v2\/tags?post=16415"}],"curies":[{"name":"wp","href":"https:\/\/api.w.org\/{rel}","templated":true}]}}