{"id":16420,"date":"2025-07-10T14:00:56","date_gmt":"2025-07-10T20:00:56","guid":{"rendered":"https:\/\/www.nexoinformativo.mx\/?p=16420"},"modified":"2025-07-10T20:47:45","modified_gmt":"2025-07-11T02:47:45","slug":"planifica-tu-viaje-sict-anuncia-refuerzo-de-vigilancia-y-consejos-para-vacacionar-seguro-en-carretera","status":"publish","type":"post","link":"https:\/\/www.nexoinformativo.mx\/index.php\/2025\/07\/10\/planifica-tu-viaje-sict-anuncia-refuerzo-de-vigilancia-y-consejos-para-vacacionar-seguro-en-carretera\/","title":{"rendered":"Planifica tu viaje SICT anuncia refuerzo de vigilancia y consejos para vacacionar seguro en carretera"},"content":{"rendered":"<p style=\"text-align: justify;\">Con el pr\u00f3ximo inicio de las vacaciones de verano el 16 de julio, la Secretar\u00eda de Infraestructura, Comunicaciones y Transportes (SICT) ha emitido un llamado urgente a los conductores para que extremen precauciones al transitar por las carreteras del pa\u00eds.<\/p>\n<p>&nbsp;<\/p>\n<p style=\"text-align: justify;\">Se espera un aumento considerable en el flujo vehicular hasta el 1 de septiembre, seg\u00fan el calendario de la SEP, con miles de familias dirigi\u00e9ndose a destinos tur\u00edsticos o visitando a sus seres queridos.<\/p>\n<p>&nbsp;<\/p>\n<p style=\"text-align: justify;\">Para garantizar un viaje seguro, la SICT recomienda a todos los automovilistas tomar en cuenta las siguientes indicaciones:<\/p>\n<p>&nbsp;<\/p>\n<ul style=\"text-align: justify;\">\n<li>No uses el tel\u00e9fono celular mientras conduces.<\/li>\n<li>Siempre usa el cintur\u00f3n de seguridad y verifica que todos los pasajeros tambi\u00e9n lo hagan.<\/li>\n<li>La m\u00e1xima permitida es de 110 km\/h para autos, 95 km\/h para autobuses y 80 km\/h para transporte de carga.<\/li>\n<li>No te estaciones en ellas, est\u00e1n dise\u00f1adas para situaciones cr\u00edticas.<\/li>\n<li>Evita conducir si has ingerido bebidas alcoh\u00f3licas, ya que aumenta significativamente el riesgo de accidentes.<\/li>\n<\/ul>\n<p>&nbsp;<\/p>\n<p style=\"text-align: justify;\">Adem\u00e1s, la SICT sugiere tener a la mano los siguientes n\u00fameros de emergencia:<\/p>\n<p>&nbsp;<\/p>\n<ul style=\"text-align: justify;\">\n<li>Emergencias: 911<\/li>\n<li>CAPUFE: 074<\/li>\n<li>Cruz Roja: 55 53 95 11 11<\/li>\n<li>Guardia Nacional: 088<\/li>\n<\/ul>\n<p>&nbsp;<\/p>\n<p style=\"text-align: justify;\">Tanto la SICT como los 31 Centros SICT intensificar\u00e1n la supervisi\u00f3n en la red carretera federal libre de peaje. Por su parte, Caminos y Puentes Federales de Ingresos y Servicios Conexos (CAPUFE) tambi\u00e9n reforzar\u00e1 su operaci\u00f3n para atender el incremento de cruces en autopistas y puentes. \u00a1Planea tu viaje, conduce con responsabilidad y disfruta de tus vacaciones!<\/p>\n<p>&nbsp;<\/p>\n<p style=\"text-align: center;\"><em><strong>\u00a1Informaci\u00f3n que transforma!<\/strong><\/em><\/p>\n","protected":false},"excerpt":{"rendered":"<p>Con el pr\u00f3ximo inicio de las vacaciones de verano el 16 de julio, la Secretar\u00eda de Infraestructura, Comunicaciones y Transportes (SICT) ha emitido un llamado urgente a los conductores para que extremen precauciones al transitar por las carreteras del pa\u00eds.<\/p>\n","protected":false},"author":3,"featured_media":16427,"comment_status":"open","ping_status":"open","sticky":false,"template":"","format":"standard","meta":{"footnotes":""},"categories":[88,58],"tags":[4704,151,1608,2692],"class_list":["post-16420","post","type-post","status-publish","format-standard","has-post-thumbnail","hentry","category-nacional","category-ultima-hora","tag-carreterasmx","tag-seguridadvial","tag-sict","tag-vacacionesseguras"],"yoast_head":"<!-- This site is optimized with the Yoast SEO plugin v25.0 - https:\/\/yoast.com\/wordpress\/plugins\/seo\/ -->\n<title>Planifica tu viaje SICT anuncia refuerzo de vigilancia y consejos para vacacionar seguro en carretera | Nexo Informativo Santiago de Quer\u00e9taro<\/title>\n<meta name=\"description\" content=\"Planifica tu viaje SICT anuncia refuerzo de vigilancia y consejos para vacacionar seguro en carretera\" \/>\n<meta name=\"robots\" content=\"index, follow, max-snippet:-1, max-image-preview:large, max-video-preview:-1\" \/>\n<link rel=\"canonical\" href=\"https:\/\/www.nexoinformativo.mx\/index.php\/2025\/07\/10\/planifica-tu-viaje-sict-anuncia-refuerzo-de-vigilancia-y-consejos-para-vacacionar-seguro-en-carretera\/\" \/>\n<meta property=\"og:locale\" content=\"es_MX\" \/>\n<meta property=\"og:type\" content=\"article\" \/>\n<meta property=\"og:title\" content=\"Planifica tu viaje SICT anuncia refuerzo de vigilancia y consejos para vacacionar seguro en carretera | Nexo Informativo Santiago de Quer\u00e9taro\" \/>\n<meta property=\"og:description\" content=\"Planifica tu viaje SICT anuncia refuerzo de vigilancia y consejos para vacacionar seguro en carretera\" \/>\n<meta property=\"og:url\" content=\"https:\/\/www.nexoinformativo.mx\/index.php\/2025\/07\/10\/planifica-tu-viaje-sict-anuncia-refuerzo-de-vigilancia-y-consejos-para-vacacionar-seguro-en-carretera\/\" \/>\n<meta property=\"og:site_name\" content=\"Nexo Informativo Santiago de Quer\u00e9taro\" \/>\n<meta property=\"article:publisher\" content=\"https:\/\/www.facebook.com\/people\/Nexo-Informativo\/61564066885511\/\" \/>\n<meta property=\"article:published_time\" content=\"2025-07-10T20:00:56+00:00\" \/>\n<meta property=\"article:modified_time\" content=\"2025-07-11T02:47:45+00:00\" \/>\n<meta property=\"og:image\" content=\"https:\/\/www.nexoinformativo.mx\/wp-content\/uploads\/2025\/07\/PHOTO-2025-07-10-19-04-19-2-e1752202059863.jpg\" \/>\n\t<meta property=\"og:image:width\" content=\"800\" \/>\n\t<meta property=\"og:image:height\" content=\"533\" \/>\n\t<meta property=\"og:image:type\" content=\"image\/jpeg\" \/>\n<meta name=\"author\" content=\"Nexo Informativo\" \/>\n<meta name=\"twitter:card\" content=\"summary_large_image\" \/>\n<meta name=\"twitter:label1\" content=\"Escrito por\" \/>\n\t<meta name=\"twitter:data1\" content=\"Nexo Informativo\" \/>\n\t<meta name=\"twitter:label2\" content=\"Tiempo de lectura\" \/>\n\t<meta name=\"twitter:data2\" content=\"2 minutos\" \/>\n<script type=\"application\/ld+json\" class=\"yoast-schema-graph\">{\"@context\":\"https:\/\/schema.org\",\"@graph\":[{\"@type\":\"Article\",\"@id\":\"https:\/\/www.nexoinformativo.mx\/index.php\/2025\/07\/10\/planifica-tu-viaje-sict-anuncia-refuerzo-de-vigilancia-y-consejos-para-vacacionar-seguro-en-carretera\/#article\",\"isPartOf\":{\"@id\":\"https:\/\/www.nexoinformativo.mx\/index.php\/2025\/07\/10\/planifica-tu-viaje-sict-anuncia-refuerzo-de-vigilancia-y-consejos-para-vacacionar-seguro-en-carretera\/\"},\"author\":{\"name\":\"Nexo Informativo\",\"@id\":\"https:\/\/www.nexoinformativo.mx\/#\/schema\/person\/7749d380ba08c8ca00d7bc76fd907b7d\"},\"headline\":\"Planifica tu viaje SICT anuncia refuerzo de vigilancia y consejos para vacacionar seguro en carretera\",\"datePublished\":\"2025-07-10T20:00:56+00:00\",\"dateModified\":\"2025-07-11T02:47:45+00:00\",\"mainEntityOfPage\":{\"@id\":\"https:\/\/www.nexoinformativo.mx\/index.php\/2025\/07\/10\/planifica-tu-viaje-sict-anuncia-refuerzo-de-vigilancia-y-consejos-para-vacacionar-seguro-en-carretera\/\"},\"wordCount\":278,\"commentCount\":0,\"publisher\":{\"@id\":\"https:\/\/www.nexoinformativo.mx\/#organization\"},\"image\":{\"@id\":\"https:\/\/www.nexoinformativo.mx\/index.php\/2025\/07\/10\/planifica-tu-viaje-sict-anuncia-refuerzo-de-vigilancia-y-consejos-para-vacacionar-seguro-en-carretera\/#primaryimage\"},\"thumbnailUrl\":\"https:\/\/www.nexoinformativo.mx\/wp-content\/uploads\/2025\/07\/PHOTO-2025-07-10-19-04-19-2-e1752202059863.jpg\",\"keywords\":[\"CarreterasMX\",\"seguridadvial\",\"SICT\",\"VacacionesSeguras\"],\"articleSection\":[\"Nacional\",\"\u00daltima Hora\"],\"inLanguage\":\"es\",\"potentialAction\":[{\"@type\":\"CommentAction\",\"name\":\"Comment\",\"target\":[\"https:\/\/www.nexoinformativo.mx\/index.php\/2025\/07\/10\/planifica-tu-viaje-sict-anuncia-refuerzo-de-vigilancia-y-consejos-para-vacacionar-seguro-en-carretera\/#respond\"]}]},{\"@type\":\"WebPage\",\"@id\":\"https:\/\/www.nexoinformativo.mx\/index.php\/2025\/07\/10\/planifica-tu-viaje-sict-anuncia-refuerzo-de-vigilancia-y-consejos-para-vacacionar-seguro-en-carretera\/\",\"url\":\"https:\/\/www.nexoinformativo.mx\/index.php\/2025\/07\/10\/planifica-tu-viaje-sict-anuncia-refuerzo-de-vigilancia-y-consejos-para-vacacionar-seguro-en-carretera\/\",\"name\":\"Planifica tu viaje SICT anuncia refuerzo de vigilancia y consejos para vacacionar seguro en carretera | Nexo Informativo Santiago de Quer\u00e9taro\",\"isPartOf\":{\"@id\":\"https:\/\/www.nexoinformativo.mx\/#website\"},\"primaryImageOfPage\":{\"@id\":\"https:\/\/www.nexoinformativo.mx\/index.php\/2025\/07\/10\/planifica-tu-viaje-sict-anuncia-refuerzo-de-vigilancia-y-consejos-para-vacacionar-seguro-en-carretera\/#primaryimage\"},\"image\":{\"@id\":\"https:\/\/www.nexoinformativo.mx\/index.php\/2025\/07\/10\/planifica-tu-viaje-sict-anuncia-refuerzo-de-vigilancia-y-consejos-para-vacacionar-seguro-en-carretera\/#primaryimage\"},\"thumbnailUrl\":\"https:\/\/www.nexoinformativo.mx\/wp-content\/uploads\/2025\/07\/PHOTO-2025-07-10-19-04-19-2-e1752202059863.jpg\",\"datePublished\":\"2025-07-10T20:00:56+00:00\",\"dateModified\":\"2025-07-11T02:47:45+00:00\",\"description\":\"Planifica tu viaje SICT anuncia refuerzo de vigilancia y consejos para vacacionar seguro en carretera\",\"breadcrumb\":{\"@id\":\"https:\/\/www.nexoinformativo.mx\/index.php\/2025\/07\/10\/planifica-tu-viaje-sict-anuncia-refuerzo-de-vigilancia-y-consejos-para-vacacionar-seguro-en-carretera\/#breadcrumb\"},\"inLanguage\":\"es\",\"potentialAction\":[{\"@type\":\"ReadAction\",\"target\":[\"https:\/\/www.nexoinformativo.mx\/index.php\/2025\/07\/10\/planifica-tu-viaje-sict-anuncia-refuerzo-de-vigilancia-y-consejos-para-vacacionar-seguro-en-carretera\/\"]}]},{\"@type\":\"ImageObject\",\"inLanguage\":\"es\",\"@id\":\"https:\/\/www.nexoinformativo.mx\/index.php\/2025\/07\/10\/planifica-tu-viaje-sict-anuncia-refuerzo-de-vigilancia-y-consejos-para-vacacionar-seguro-en-carretera\/#primaryimage\",\"url\":\"https:\/\/www.nexoinformativo.mx\/wp-content\/uploads\/2025\/07\/PHOTO-2025-07-10-19-04-19-2-e1752202059863.jpg\",\"contentUrl\":\"https:\/\/www.nexoinformativo.mx\/wp-content\/uploads\/2025\/07\/PHOTO-2025-07-10-19-04-19-2-e1752202059863.jpg\",\"width\":800,\"height\":533},{\"@type\":\"BreadcrumbList\",\"@id\":\"https:\/\/www.nexoinformativo.mx\/index.php\/2025\/07\/10\/planifica-tu-viaje-sict-anuncia-refuerzo-de-vigilancia-y-consejos-para-vacacionar-seguro-en-carretera\/#breadcrumb\",\"itemListElement\":[{\"@type\":\"ListItem\",\"position\":1,\"name\":\"Inicio\",\"item\":\"https:\/\/www.nexoinformativo.mx\/\"},{\"@type\":\"ListItem\",\"position\":2,\"name\":\"Planifica tu viaje SICT anuncia refuerzo de vigilancia y consejos para vacacionar seguro en carretera\"}]},{\"@type\":\"WebSite\",\"@id\":\"https:\/\/www.nexoinformativo.mx\/#website\",\"url\":\"https:\/\/www.nexoinformativo.mx\/\",\"name\":\"Nexo Informativo Santiago de Quer\u00e9taro\",\"description\":\"Explora NexoInformativo y convi\u00e9rtete en parte de una comunidad que valora el conocimiento y la verdad. Tu nexoinformativo es tu puente hacia una comprensi\u00f3n m\u00e1s profunda del mundo que te rodea.\",\"publisher\":{\"@id\":\"https:\/\/www.nexoinformativo.mx\/#organization\"},\"potentialAction\":[{\"@type\":\"SearchAction\",\"target\":{\"@type\":\"EntryPoint\",\"urlTemplate\":\"https:\/\/www.nexoinformativo.mx\/?s={search_term_string}\"},\"query-input\":{\"@type\":\"PropertyValueSpecification\",\"valueRequired\":true,\"valueName\":\"search_term_string\"}}],\"inLanguage\":\"es\"},{\"@type\":\"Organization\",\"@id\":\"https:\/\/www.nexoinformativo.mx\/#organization\",\"name\":\"Nexo Informativo Santiago de Quer\u00e9taro\",\"url\":\"https:\/\/www.nexoinformativo.mx\/\",\"logo\":{\"@type\":\"ImageObject\",\"inLanguage\":\"es\",\"@id\":\"https:\/\/www.nexoinformativo.mx\/#\/schema\/logo\/image\/\",\"url\":\"https:\/\/www.nexoinformativo.mx\/wp-content\/uploads\/2024\/07\/nexoi-trasparente-2.png\",\"contentUrl\":\"https:\/\/www.nexoinformativo.mx\/wp-content\/uploads\/2024\/07\/nexoi-trasparente-2.png\",\"width\":816,\"height\":339,\"caption\":\"Nexo Informativo Santiago de Quer\u00e9taro\"},\"image\":{\"@id\":\"https:\/\/www.nexoinformativo.mx\/#\/schema\/logo\/image\/\"},\"sameAs\":[\"https:\/\/www.facebook.com\/people\/Nexo-Informativo\/61564066885511\/\"]},{\"@type\":\"Person\",\"@id\":\"https:\/\/www.nexoinformativo.mx\/#\/schema\/person\/7749d380ba08c8ca00d7bc76fd907b7d\",\"name\":\"Nexo Informativo\",\"image\":{\"@type\":\"ImageObject\",\"inLanguage\":\"es\",\"@id\":\"https:\/\/www.nexoinformativo.mx\/#\/schema\/person\/image\/\",\"url\":\"https:\/\/secure.gravatar.com\/avatar\/dde2928154642a13d95f87ddf1ea9718fe2b46760a005c53e41ff5ad610704e6?s=96&d=mm&r=g\",\"contentUrl\":\"https:\/\/secure.gravatar.com\/avatar\/dde2928154642a13d95f87ddf1ea9718fe2b46760a005c53e41ff5ad610704e6?s=96&d=mm&r=g\",\"caption\":\"Nexo Informativo\"},\"url\":\"https:\/\/www.nexoinformativo.mx\/index.php\/author\/edicion\/\"}]}<\/script>\n<!-- \/ Yoast SEO plugin. -->","yoast_head_json":{"title":"Planifica tu viaje SICT anuncia refuerzo de vigilancia y consejos para vacacionar seguro en carretera | Nexo Informativo Santiago de Quer\u00e9taro","description":"Planifica tu viaje SICT anuncia refuerzo de vigilancia y consejos para vacacionar seguro en carretera","robots":{"index":"index","follow":"follow","max-snippet":"max-snippet:-1","max-image-preview":"max-image-preview:large","max-video-preview":"max-video-preview:-1"},"canonical":"https:\/\/www.nexoinformativo.mx\/index.php\/2025\/07\/10\/planifica-tu-viaje-sict-anuncia-refuerzo-de-vigilancia-y-consejos-para-vacacionar-seguro-en-carretera\/","og_locale":"es_MX","og_type":"article","og_title":"Planifica tu viaje SICT anuncia refuerzo de vigilancia y consejos para vacacionar seguro en carretera | Nexo Informativo Santiago de Quer\u00e9taro","og_description":"Planifica tu viaje SICT anuncia refuerzo de vigilancia y consejos para vacacionar seguro en carretera","og_url":"https:\/\/www.nexoinformativo.mx\/index.php\/2025\/07\/10\/planifica-tu-viaje-sict-anuncia-refuerzo-de-vigilancia-y-consejos-para-vacacionar-seguro-en-carretera\/","og_site_name":"Nexo Informativo Santiago de Quer\u00e9taro","article_publisher":"https:\/\/www.facebook.com\/people\/Nexo-Informativo\/61564066885511\/","article_published_time":"2025-07-10T20:00:56+00:00","article_modified_time":"2025-07-11T02:47:45+00:00","og_image":[{"width":800,"height":533,"url":"https:\/\/www.nexoinformativo.mx\/wp-content\/uploads\/2025\/07\/PHOTO-2025-07-10-19-04-19-2-e1752202059863.jpg","type":"image\/jpeg"}],"author":"Nexo Informativo","twitter_card":"summary_large_image","twitter_misc":{"Escrito por":"Nexo Informativo","Tiempo de lectura":"2 minutos"},"schema":{"@context":"https:\/\/schema.org","@graph":[{"@type":"Article","@id":"https:\/\/www.nexoinformativo.mx\/index.php\/2025\/07\/10\/planifica-tu-viaje-sict-anuncia-refuerzo-de-vigilancia-y-consejos-para-vacacionar-seguro-en-carretera\/#article","isPartOf":{"@id":"https:\/\/www.nexoinformativo.mx\/index.php\/2025\/07\/10\/planifica-tu-viaje-sict-anuncia-refuerzo-de-vigilancia-y-consejos-para-vacacionar-seguro-en-carretera\/"},"author":{"name":"Nexo Informativo","@id":"https:\/\/www.nexoinformativo.mx\/#\/schema\/person\/7749d380ba08c8ca00d7bc76fd907b7d"},"headline":"Planifica tu viaje SICT anuncia refuerzo de vigilancia y consejos para vacacionar seguro en carretera","datePublished":"2025-07-10T20:00:56+00:00","dateModified":"2025-07-11T02:47:45+00:00","mainEntityOfPage":{"@id":"https:\/\/www.nexoinformativo.mx\/index.php\/2025\/07\/10\/planifica-tu-viaje-sict-anuncia-refuerzo-de-vigilancia-y-consejos-para-vacacionar-seguro-en-carretera\/"},"wordCount":278,"commentCount":0,"publisher":{"@id":"https:\/\/www.nexoinformativo.mx\/#organization"},"image":{"@id":"https:\/\/www.nexoinformativo.mx\/index.php\/2025\/07\/10\/planifica-tu-viaje-sict-anuncia-refuerzo-de-vigilancia-y-consejos-para-vacacionar-seguro-en-carretera\/#primaryimage"},"thumbnailUrl":"https:\/\/www.nexoinformativo.mx\/wp-content\/uploads\/2025\/07\/PHOTO-2025-07-10-19-04-19-2-e1752202059863.jpg","keywords":["CarreterasMX","seguridadvial","SICT","VacacionesSeguras"],"articleSection":["Nacional","\u00daltima Hora"],"inLanguage":"es","potentialAction":[{"@type":"CommentAction","name":"Comment","target":["https:\/\/www.nexoinformativo.mx\/index.php\/2025\/07\/10\/planifica-tu-viaje-sict-anuncia-refuerzo-de-vigilancia-y-consejos-para-vacacionar-seguro-en-carretera\/#respond"]}]},{"@type":"WebPage","@id":"https:\/\/www.nexoinformativo.mx\/index.php\/2025\/07\/10\/planifica-tu-viaje-sict-anuncia-refuerzo-de-vigilancia-y-consejos-para-vacacionar-seguro-en-carretera\/","url":"https:\/\/www.nexoinformativo.mx\/index.php\/2025\/07\/10\/planifica-tu-viaje-sict-anuncia-refuerzo-de-vigilancia-y-consejos-para-vacacionar-seguro-en-carretera\/","name":"Planifica tu viaje SICT anuncia refuerzo de vigilancia y consejos para vacacionar seguro en carretera | Nexo Informativo Santiago de Quer\u00e9taro","isPartOf":{"@id":"https:\/\/www.nexoinformativo.mx\/#website"},"primaryImageOfPage":{"@id":"https:\/\/www.nexoinformativo.mx\/index.php\/2025\/07\/10\/planifica-tu-viaje-sict-anuncia-refuerzo-de-vigilancia-y-consejos-para-vacacionar-seguro-en-carretera\/#primaryimage"},"image":{"@id":"https:\/\/www.nexoinformativo.mx\/index.php\/2025\/07\/10\/planifica-tu-viaje-sict-anuncia-refuerzo-de-vigilancia-y-consejos-para-vacacionar-seguro-en-carretera\/#primaryimage"},"thumbnailUrl":"https:\/\/www.nexoinformativo.mx\/wp-content\/uploads\/2025\/07\/PHOTO-2025-07-10-19-04-19-2-e1752202059863.jpg","datePublished":"2025-07-10T20:00:56+00:00","dateModified":"2025-07-11T02:47:45+00:00","description":"Planifica tu viaje SICT anuncia refuerzo de vigilancia y consejos para vacacionar seguro en carretera","breadcrumb":{"@id":"https:\/\/www.nexoinformativo.mx\/index.php\/2025\/07\/10\/planifica-tu-viaje-sict-anuncia-refuerzo-de-vigilancia-y-consejos-para-vacacionar-seguro-en-carretera\/#breadcrumb"},"inLanguage":"es","potentialAction":[{"@type":"ReadAction","target":["https:\/\/www.nexoinformativo.mx\/index.php\/2025\/07\/10\/planifica-tu-viaje-sict-anuncia-refuerzo-de-vigilancia-y-consejos-para-vacacionar-seguro-en-carretera\/"]}]},{"@type":"ImageObject","inLanguage":"es","@id":"https:\/\/www.nexoinformativo.mx\/index.php\/2025\/07\/10\/planifica-tu-viaje-sict-anuncia-refuerzo-de-vigilancia-y-consejos-para-vacacionar-seguro-en-carretera\/#primaryimage","url":"https:\/\/www.nexoinformativo.mx\/wp-content\/uploads\/2025\/07\/PHOTO-2025-07-10-19-04-19-2-e1752202059863.jpg","contentUrl":"https:\/\/www.nexoinformativo.mx\/wp-content\/uploads\/2025\/07\/PHOTO-2025-07-10-19-04-19-2-e1752202059863.jpg","width":800,"height":533},{"@type":"BreadcrumbList","@id":"https:\/\/www.nexoinformativo.mx\/index.php\/2025\/07\/10\/planifica-tu-viaje-sict-anuncia-refuerzo-de-vigilancia-y-consejos-para-vacacionar-seguro-en-carretera\/#breadcrumb","itemListElement":[{"@type":"ListItem","position":1,"name":"Inicio","item":"https:\/\/www.nexoinformativo.mx\/"},{"@type":"ListItem","position":2,"name":"Planifica tu viaje SICT anuncia refuerzo de vigilancia y consejos para vacacionar seguro en carretera"}]},{"@type":"WebSite","@id":"https:\/\/www.nexoinformativo.mx\/#website","url":"https:\/\/www.nexoinformativo.mx\/","name":"Nexo Informativo Santiago de Quer\u00e9taro","description":"Explora NexoInformativo y convi\u00e9rtete en parte de una comunidad que valora el conocimiento y la verdad. Tu nexoinformativo es tu puente hacia una comprensi\u00f3n m\u00e1s profunda del mundo que te rodea.","publisher":{"@id":"https:\/\/www.nexoinformativo.mx\/#organization"},"potentialAction":[{"@type":"SearchAction","target":{"@type":"EntryPoint","urlTemplate":"https:\/\/www.nexoinformativo.mx\/?s={search_term_string}"},"query-input":{"@type":"PropertyValueSpecification","valueRequired":true,"valueName":"search_term_string"}}],"inLanguage":"es"},{"@type":"Organization","@id":"https:\/\/www.nexoinformativo.mx\/#organization","name":"Nexo Informativo Santiago de Quer\u00e9taro","url":"https:\/\/www.nexoinformativo.mx\/","logo":{"@type":"ImageObject","inLanguage":"es","@id":"https:\/\/www.nexoinformativo.mx\/#\/schema\/logo\/image\/","url":"https:\/\/www.nexoinformativo.mx\/wp-content\/uploads\/2024\/07\/nexoi-trasparente-2.png","contentUrl":"https:\/\/www.nexoinformativo.mx\/wp-content\/uploads\/2024\/07\/nexoi-trasparente-2.png","width":816,"height":339,"caption":"Nexo Informativo Santiago de Quer\u00e9taro"},"image":{"@id":"https:\/\/www.nexoinformativo.mx\/#\/schema\/logo\/image\/"},"sameAs":["https:\/\/www.facebook.com\/people\/Nexo-Informativo\/61564066885511\/"]},{"@type":"Person","@id":"https:\/\/www.nexoinformativo.mx\/#\/schema\/person\/7749d380ba08c8ca00d7bc76fd907b7d","name":"Nexo Informativo","image":{"@type":"ImageObject","inLanguage":"es","@id":"https:\/\/www.nexoinformativo.mx\/#\/schema\/person\/image\/","url":"https:\/\/secure.gravatar.com\/avatar\/dde2928154642a13d95f87ddf1ea9718fe2b46760a005c53e41ff5ad610704e6?s=96&d=mm&r=g","contentUrl":"https:\/\/secure.gravatar.com\/avatar\/dde2928154642a13d95f87ddf1ea9718fe2b46760a005c53e41ff5ad610704e6?s=96&d=mm&r=g","caption":"Nexo Informativo"},"url":"https:\/\/www.nexoinformativo.mx\/index.php\/author\/edicion\/"}]}},"_links":{"self":[{"href":"https:\/\/www.nexoinformativo.mx\/index.php\/wp-json\/wp\/v2\/posts\/16420","targetHints":{"allow":["GET"]}}],"collection":[{"href":"https:\/\/www.nexoinformativo.mx\/index.php\/wp-json\/wp\/v2\/posts"}],"about":[{"href":"https:\/\/www.nexoinformativo.mx\/index.php\/wp-json\/wp\/v2\/types\/post"}],"author":[{"embeddable":true,"href":"https:\/\/www.nexoinformativo.mx\/index.php\/wp-json\/wp\/v2\/users\/3"}],"replies":[{"embeddable":true,"href":"https:\/\/www.nexoinformativo.mx\/index.php\/wp-json\/wp\/v2\/comments?post=16420"}],"version-history":[{"count":5,"href":"https:\/\/www.nexoinformativo.mx\/index.php\/wp-json\/wp\/v2\/posts\/16420\/revisions"}],"predecessor-version":[{"id":16424,"href":"https:\/\/www.nexoinformativo.mx\/index.php\/wp-json\/wp\/v2\/posts\/16420\/revisions\/16424"}],"wp:featuredmedia":[{"embeddable":true,"href":"https:\/\/www.nexoinformativo.mx\/index.php\/wp-json\/wp\/v2\/media\/16427"}],"wp:attachment":[{"href":"https:\/\/www.nexoinformativo.mx\/index.php\/wp-json\/wp\/v2\/media?parent=16420"}],"wp:term":[{"taxonomy":"category","embeddable":true,"href":"https:\/\/www.nexoinformativo.mx\/index.php\/wp-json\/wp\/v2\/categories?post=16420"},{"taxonomy":"post_tag","embeddable":true,"href":"https:\/\/www.nexoinformativo.mx\/index.php\/wp-json\/wp\/v2\/tags?post=16420"}],"curies":[{"name":"wp","href":"https:\/\/api.w.org\/{rel}","templated":true}]}}