{"id":16429,"date":"2025-07-10T15:00:10","date_gmt":"2025-07-10T21:00:10","guid":{"rendered":"https:\/\/www.nexoinformativo.mx\/?p=16429"},"modified":"2025-07-10T20:57:30","modified_gmt":"2025-07-11T02:57:30","slug":"turismo-de-calidad-sectur-lanza-campana-nacional-de-autoverificacion-2025","status":"publish","type":"post","link":"https:\/\/www.nexoinformativo.mx\/index.php\/2025\/07\/10\/turismo-de-calidad-sectur-lanza-campana-nacional-de-autoverificacion-2025\/","title":{"rendered":"Turismo de calidad Sectur lanza Campa\u00f1a Nacional de Autoverificaci\u00f3n 2025"},"content":{"rendered":"<p style=\"text-align: justify;\">La Secretar\u00eda de Turismo (Sectur) del Gobierno de M\u00e9xico ha puesto en marcha la Campa\u00f1a Nacional de Autoverificaci\u00f3n Tur\u00edstica 2025, una iniciativa clave para elevar la calidad, seguridad y legalidad de los servicios tur\u00edsticos en el pa\u00eds.<\/p>\n<\/p>\n<p>&nbsp;<\/p>\n<p style=\"text-align: justify;\">La secretaria Josefina Rodr\u00edguez Zamora y el subsecretario Sebasti\u00e1n Ram\u00edrez Mendoza destacaron que esta campa\u00f1a busca que los prestadores de servicios eval\u00faen su propio cumplimiento de forma voluntaria, digital y transparente.<\/p>\n<\/p>\n<p>&nbsp;<\/p>\n<p style=\"text-align: justify;\">M\u00e1s de 24 mil prestadores ya registrados en el Registro Nacional de Turismo (RNT) recibir\u00e1n un formulario especial para participar. Tendr\u00e1n hasta el 15 de agosto de 2025 para enviarlo al correo autoverificacion@sectur.gob.mx. Los establecimientos que demuestren cumplir con todos los requisitos obtendr\u00e1n una constancia oficial que validar\u00e1 su compromiso con la calidad.<\/p>\n<\/p>\n<p>&nbsp;<\/p>\n<p style=\"text-align: justify;\">Rodr\u00edguez Zamora afirm\u00f3 que este reconocimiento va de la mano con una verificaci\u00f3n f\u00edsica y t\u00e9cnica que realizar\u00e1n las autoridades estatales y federales. Esto asegura que se respeten plenamente los derechos de los turistas. Por su parte, el subsecretario Ram\u00edrez Mendoza se\u00f1al\u00f3 que esta campa\u00f1a responde a la visi\u00f3n de la Presidenta Sheinbaum de promover servicios tur\u00edsticos confiables y normados.<\/p>\n<\/p>\n<p>&nbsp;<\/p>\n<p style=\"text-align: justify;\">Finalmente, Sectur hizo un llamado a todos los prestadores de servicios que a\u00fan no est\u00e1n inscritos en el RNT a sumarse. La idea es aumentar la confianza de los clientes y abrir la puerta a mejores oportunidades de mercado para un turismo m\u00e1s competitivo y seguro en M\u00e9xico.<\/p>\n<\/p>\n<p>&nbsp;<\/p>\n<p style=\"text-align: center;\"><em><strong>\u00a1Informaci\u00f3n que transforma!<\/strong><\/em><\/p>\n","protected":false},"excerpt":{"rendered":"<p>La Secretar\u00eda de Turismo (Sectur) del Gobierno de M\u00e9xico ha puesto en marcha la Campa\u00f1a Nacional de Autoverificaci\u00f3n Tur\u00edstica 2025, una iniciativa clave para elevar la calidad, seguridad y legalidad de los servicios tur\u00edsticos en el pa\u00eds.<\/p>\n","protected":false},"author":3,"featured_media":16430,"comment_status":"open","ping_status":"open","sticky":false,"template":"","format":"standard","meta":{"footnotes":""},"categories":[5,88,58],"tags":[4922,4923,2221,2220],"class_list":["post-16429","post","type-post","status-publish","format-standard","has-post-thumbnail","hentry","category-economia","category-nacional","category-ultima-hora","tag-autoverificacionturistica","tag-calidadturistica","tag-sectur","tag-turismomexico"],"yoast_head":"<!-- This site is optimized with the Yoast SEO plugin v25.0 - https:\/\/yoast.com\/wordpress\/plugins\/seo\/ -->\n<title>Turismo de calidad Sectur lanza Campa\u00f1a Nacional de Autoverificaci\u00f3n 2025 | Nexo Informativo Santiago de Quer\u00e9taro<\/title>\n<meta name=\"description\" content=\"Turismo de calidad Sectur lanza Campa\u00f1a Nacional de Autoverificaci\u00f3n 2025\" \/>\n<meta name=\"robots\" content=\"index, follow, max-snippet:-1, max-image-preview:large, max-video-preview:-1\" \/>\n<link rel=\"canonical\" href=\"https:\/\/www.nexoinformativo.mx\/index.php\/2025\/07\/10\/turismo-de-calidad-sectur-lanza-campana-nacional-de-autoverificacion-2025\/\" \/>\n<meta property=\"og:locale\" content=\"es_MX\" \/>\n<meta property=\"og:type\" content=\"article\" \/>\n<meta property=\"og:title\" content=\"Turismo de calidad Sectur lanza Campa\u00f1a Nacional de Autoverificaci\u00f3n 2025 | Nexo Informativo Santiago de Quer\u00e9taro\" \/>\n<meta property=\"og:description\" content=\"Turismo de calidad Sectur lanza Campa\u00f1a Nacional de Autoverificaci\u00f3n 2025\" \/>\n<meta property=\"og:url\" content=\"https:\/\/www.nexoinformativo.mx\/index.php\/2025\/07\/10\/turismo-de-calidad-sectur-lanza-campana-nacional-de-autoverificacion-2025\/\" \/>\n<meta property=\"og:site_name\" content=\"Nexo Informativo Santiago de Quer\u00e9taro\" \/>\n<meta property=\"article:publisher\" content=\"https:\/\/www.facebook.com\/people\/Nexo-Informativo\/61564066885511\/\" \/>\n<meta property=\"article:published_time\" content=\"2025-07-10T21:00:10+00:00\" \/>\n<meta property=\"article:modified_time\" content=\"2025-07-11T02:57:30+00:00\" \/>\n<meta property=\"og:image\" content=\"https:\/\/www.nexoinformativo.mx\/wp-content\/uploads\/2025\/07\/PHOTO-2025-07-10-19-04-19-3-e1752202602123.jpg\" \/>\n\t<meta property=\"og:image:width\" content=\"800\" \/>\n\t<meta property=\"og:image:height\" content=\"533\" \/>\n\t<meta property=\"og:image:type\" content=\"image\/jpeg\" \/>\n<meta name=\"author\" content=\"Nexo Informativo\" \/>\n<meta name=\"twitter:card\" content=\"summary_large_image\" \/>\n<meta name=\"twitter:label1\" content=\"Escrito por\" \/>\n\t<meta name=\"twitter:data1\" content=\"Nexo Informativo\" \/>\n\t<meta name=\"twitter:label2\" content=\"Tiempo de lectura\" \/>\n\t<meta name=\"twitter:data2\" content=\"2 minutos\" \/>\n<script type=\"application\/ld+json\" class=\"yoast-schema-graph\">{\"@context\":\"https:\/\/schema.org\",\"@graph\":[{\"@type\":\"Article\",\"@id\":\"https:\/\/www.nexoinformativo.mx\/index.php\/2025\/07\/10\/turismo-de-calidad-sectur-lanza-campana-nacional-de-autoverificacion-2025\/#article\",\"isPartOf\":{\"@id\":\"https:\/\/www.nexoinformativo.mx\/index.php\/2025\/07\/10\/turismo-de-calidad-sectur-lanza-campana-nacional-de-autoverificacion-2025\/\"},\"author\":{\"name\":\"Nexo Informativo\",\"@id\":\"https:\/\/www.nexoinformativo.mx\/#\/schema\/person\/7749d380ba08c8ca00d7bc76fd907b7d\"},\"headline\":\"Turismo de calidad Sectur lanza Campa\u00f1a Nacional de Autoverificaci\u00f3n 2025\",\"datePublished\":\"2025-07-10T21:00:10+00:00\",\"dateModified\":\"2025-07-11T02:57:30+00:00\",\"mainEntityOfPage\":{\"@id\":\"https:\/\/www.nexoinformativo.mx\/index.php\/2025\/07\/10\/turismo-de-calidad-sectur-lanza-campana-nacional-de-autoverificacion-2025\/\"},\"wordCount\":278,\"commentCount\":0,\"publisher\":{\"@id\":\"https:\/\/www.nexoinformativo.mx\/#organization\"},\"image\":{\"@id\":\"https:\/\/www.nexoinformativo.mx\/index.php\/2025\/07\/10\/turismo-de-calidad-sectur-lanza-campana-nacional-de-autoverificacion-2025\/#primaryimage\"},\"thumbnailUrl\":\"https:\/\/www.nexoinformativo.mx\/wp-content\/uploads\/2025\/07\/PHOTO-2025-07-10-19-04-19-3-e1752202602123.jpg\",\"keywords\":[\"Autoverificaci\u00f3nTur\u00edstica\",\"CalidadTur\u00edstica\",\"Sectur\",\"TurismoM\u00e9xico\"],\"articleSection\":[\"Econom\u00eda\",\"Nacional\",\"\u00daltima Hora\"],\"inLanguage\":\"es\",\"potentialAction\":[{\"@type\":\"CommentAction\",\"name\":\"Comment\",\"target\":[\"https:\/\/www.nexoinformativo.mx\/index.php\/2025\/07\/10\/turismo-de-calidad-sectur-lanza-campana-nacional-de-autoverificacion-2025\/#respond\"]}]},{\"@type\":\"WebPage\",\"@id\":\"https:\/\/www.nexoinformativo.mx\/index.php\/2025\/07\/10\/turismo-de-calidad-sectur-lanza-campana-nacional-de-autoverificacion-2025\/\",\"url\":\"https:\/\/www.nexoinformativo.mx\/index.php\/2025\/07\/10\/turismo-de-calidad-sectur-lanza-campana-nacional-de-autoverificacion-2025\/\",\"name\":\"Turismo de calidad Sectur lanza Campa\u00f1a Nacional de Autoverificaci\u00f3n 2025 | Nexo Informativo Santiago de Quer\u00e9taro\",\"isPartOf\":{\"@id\":\"https:\/\/www.nexoinformativo.mx\/#website\"},\"primaryImageOfPage\":{\"@id\":\"https:\/\/www.nexoinformativo.mx\/index.php\/2025\/07\/10\/turismo-de-calidad-sectur-lanza-campana-nacional-de-autoverificacion-2025\/#primaryimage\"},\"image\":{\"@id\":\"https:\/\/www.nexoinformativo.mx\/index.php\/2025\/07\/10\/turismo-de-calidad-sectur-lanza-campana-nacional-de-autoverificacion-2025\/#primaryimage\"},\"thumbnailUrl\":\"https:\/\/www.nexoinformativo.mx\/wp-content\/uploads\/2025\/07\/PHOTO-2025-07-10-19-04-19-3-e1752202602123.jpg\",\"datePublished\":\"2025-07-10T21:00:10+00:00\",\"dateModified\":\"2025-07-11T02:57:30+00:00\",\"description\":\"Turismo de calidad Sectur lanza Campa\u00f1a Nacional de Autoverificaci\u00f3n 2025\",\"breadcrumb\":{\"@id\":\"https:\/\/www.nexoinformativo.mx\/index.php\/2025\/07\/10\/turismo-de-calidad-sectur-lanza-campana-nacional-de-autoverificacion-2025\/#breadcrumb\"},\"inLanguage\":\"es\",\"potentialAction\":[{\"@type\":\"ReadAction\",\"target\":[\"https:\/\/www.nexoinformativo.mx\/index.php\/2025\/07\/10\/turismo-de-calidad-sectur-lanza-campana-nacional-de-autoverificacion-2025\/\"]}]},{\"@type\":\"ImageObject\",\"inLanguage\":\"es\",\"@id\":\"https:\/\/www.nexoinformativo.mx\/index.php\/2025\/07\/10\/turismo-de-calidad-sectur-lanza-campana-nacional-de-autoverificacion-2025\/#primaryimage\",\"url\":\"https:\/\/www.nexoinformativo.mx\/wp-content\/uploads\/2025\/07\/PHOTO-2025-07-10-19-04-19-3-e1752202602123.jpg\",\"contentUrl\":\"https:\/\/www.nexoinformativo.mx\/wp-content\/uploads\/2025\/07\/PHOTO-2025-07-10-19-04-19-3-e1752202602123.jpg\",\"width\":800,\"height\":533},{\"@type\":\"BreadcrumbList\",\"@id\":\"https:\/\/www.nexoinformativo.mx\/index.php\/2025\/07\/10\/turismo-de-calidad-sectur-lanza-campana-nacional-de-autoverificacion-2025\/#breadcrumb\",\"itemListElement\":[{\"@type\":\"ListItem\",\"position\":1,\"name\":\"Inicio\",\"item\":\"https:\/\/www.nexoinformativo.mx\/\"},{\"@type\":\"ListItem\",\"position\":2,\"name\":\"Turismo de calidad Sectur lanza Campa\u00f1a Nacional de Autoverificaci\u00f3n 2025\"}]},{\"@type\":\"WebSite\",\"@id\":\"https:\/\/www.nexoinformativo.mx\/#website\",\"url\":\"https:\/\/www.nexoinformativo.mx\/\",\"name\":\"Nexo Informativo Santiago de Quer\u00e9taro\",\"description\":\"Explora NexoInformativo y convi\u00e9rtete en parte de una comunidad que valora el conocimiento y la verdad. Tu nexoinformativo es tu puente hacia una comprensi\u00f3n m\u00e1s profunda del mundo que te rodea.\",\"publisher\":{\"@id\":\"https:\/\/www.nexoinformativo.mx\/#organization\"},\"potentialAction\":[{\"@type\":\"SearchAction\",\"target\":{\"@type\":\"EntryPoint\",\"urlTemplate\":\"https:\/\/www.nexoinformativo.mx\/?s={search_term_string}\"},\"query-input\":{\"@type\":\"PropertyValueSpecification\",\"valueRequired\":true,\"valueName\":\"search_term_string\"}}],\"inLanguage\":\"es\"},{\"@type\":\"Organization\",\"@id\":\"https:\/\/www.nexoinformativo.mx\/#organization\",\"name\":\"Nexo Informativo Santiago de Quer\u00e9taro\",\"url\":\"https:\/\/www.nexoinformativo.mx\/\",\"logo\":{\"@type\":\"ImageObject\",\"inLanguage\":\"es\",\"@id\":\"https:\/\/www.nexoinformativo.mx\/#\/schema\/logo\/image\/\",\"url\":\"https:\/\/www.nexoinformativo.mx\/wp-content\/uploads\/2024\/07\/nexoi-trasparente-2.png\",\"contentUrl\":\"https:\/\/www.nexoinformativo.mx\/wp-content\/uploads\/2024\/07\/nexoi-trasparente-2.png\",\"width\":816,\"height\":339,\"caption\":\"Nexo Informativo Santiago de Quer\u00e9taro\"},\"image\":{\"@id\":\"https:\/\/www.nexoinformativo.mx\/#\/schema\/logo\/image\/\"},\"sameAs\":[\"https:\/\/www.facebook.com\/people\/Nexo-Informativo\/61564066885511\/\"]},{\"@type\":\"Person\",\"@id\":\"https:\/\/www.nexoinformativo.mx\/#\/schema\/person\/7749d380ba08c8ca00d7bc76fd907b7d\",\"name\":\"Nexo Informativo\",\"image\":{\"@type\":\"ImageObject\",\"inLanguage\":\"es\",\"@id\":\"https:\/\/www.nexoinformativo.mx\/#\/schema\/person\/image\/\",\"url\":\"https:\/\/secure.gravatar.com\/avatar\/dde2928154642a13d95f87ddf1ea9718fe2b46760a005c53e41ff5ad610704e6?s=96&d=mm&r=g\",\"contentUrl\":\"https:\/\/secure.gravatar.com\/avatar\/dde2928154642a13d95f87ddf1ea9718fe2b46760a005c53e41ff5ad610704e6?s=96&d=mm&r=g\",\"caption\":\"Nexo Informativo\"},\"url\":\"https:\/\/www.nexoinformativo.mx\/index.php\/author\/edicion\/\"}]}<\/script>\n<!-- \/ Yoast SEO plugin. -->","yoast_head_json":{"title":"Turismo de calidad Sectur lanza Campa\u00f1a Nacional de Autoverificaci\u00f3n 2025 | Nexo Informativo Santiago de Quer\u00e9taro","description":"Turismo de calidad Sectur lanza Campa\u00f1a Nacional de Autoverificaci\u00f3n 2025","robots":{"index":"index","follow":"follow","max-snippet":"max-snippet:-1","max-image-preview":"max-image-preview:large","max-video-preview":"max-video-preview:-1"},"canonical":"https:\/\/www.nexoinformativo.mx\/index.php\/2025\/07\/10\/turismo-de-calidad-sectur-lanza-campana-nacional-de-autoverificacion-2025\/","og_locale":"es_MX","og_type":"article","og_title":"Turismo de calidad Sectur lanza Campa\u00f1a Nacional de Autoverificaci\u00f3n 2025 | Nexo Informativo Santiago de Quer\u00e9taro","og_description":"Turismo de calidad Sectur lanza Campa\u00f1a Nacional de Autoverificaci\u00f3n 2025","og_url":"https:\/\/www.nexoinformativo.mx\/index.php\/2025\/07\/10\/turismo-de-calidad-sectur-lanza-campana-nacional-de-autoverificacion-2025\/","og_site_name":"Nexo Informativo Santiago de Quer\u00e9taro","article_publisher":"https:\/\/www.facebook.com\/people\/Nexo-Informativo\/61564066885511\/","article_published_time":"2025-07-10T21:00:10+00:00","article_modified_time":"2025-07-11T02:57:30+00:00","og_image":[{"width":800,"height":533,"url":"https:\/\/www.nexoinformativo.mx\/wp-content\/uploads\/2025\/07\/PHOTO-2025-07-10-19-04-19-3-e1752202602123.jpg","type":"image\/jpeg"}],"author":"Nexo Informativo","twitter_card":"summary_large_image","twitter_misc":{"Escrito por":"Nexo Informativo","Tiempo de lectura":"2 minutos"},"schema":{"@context":"https:\/\/schema.org","@graph":[{"@type":"Article","@id":"https:\/\/www.nexoinformativo.mx\/index.php\/2025\/07\/10\/turismo-de-calidad-sectur-lanza-campana-nacional-de-autoverificacion-2025\/#article","isPartOf":{"@id":"https:\/\/www.nexoinformativo.mx\/index.php\/2025\/07\/10\/turismo-de-calidad-sectur-lanza-campana-nacional-de-autoverificacion-2025\/"},"author":{"name":"Nexo Informativo","@id":"https:\/\/www.nexoinformativo.mx\/#\/schema\/person\/7749d380ba08c8ca00d7bc76fd907b7d"},"headline":"Turismo de calidad Sectur lanza Campa\u00f1a Nacional de Autoverificaci\u00f3n 2025","datePublished":"2025-07-10T21:00:10+00:00","dateModified":"2025-07-11T02:57:30+00:00","mainEntityOfPage":{"@id":"https:\/\/www.nexoinformativo.mx\/index.php\/2025\/07\/10\/turismo-de-calidad-sectur-lanza-campana-nacional-de-autoverificacion-2025\/"},"wordCount":278,"commentCount":0,"publisher":{"@id":"https:\/\/www.nexoinformativo.mx\/#organization"},"image":{"@id":"https:\/\/www.nexoinformativo.mx\/index.php\/2025\/07\/10\/turismo-de-calidad-sectur-lanza-campana-nacional-de-autoverificacion-2025\/#primaryimage"},"thumbnailUrl":"https:\/\/www.nexoinformativo.mx\/wp-content\/uploads\/2025\/07\/PHOTO-2025-07-10-19-04-19-3-e1752202602123.jpg","keywords":["Autoverificaci\u00f3nTur\u00edstica","CalidadTur\u00edstica","Sectur","TurismoM\u00e9xico"],"articleSection":["Econom\u00eda","Nacional","\u00daltima Hora"],"inLanguage":"es","potentialAction":[{"@type":"CommentAction","name":"Comment","target":["https:\/\/www.nexoinformativo.mx\/index.php\/2025\/07\/10\/turismo-de-calidad-sectur-lanza-campana-nacional-de-autoverificacion-2025\/#respond"]}]},{"@type":"WebPage","@id":"https:\/\/www.nexoinformativo.mx\/index.php\/2025\/07\/10\/turismo-de-calidad-sectur-lanza-campana-nacional-de-autoverificacion-2025\/","url":"https:\/\/www.nexoinformativo.mx\/index.php\/2025\/07\/10\/turismo-de-calidad-sectur-lanza-campana-nacional-de-autoverificacion-2025\/","name":"Turismo de calidad Sectur lanza Campa\u00f1a Nacional de Autoverificaci\u00f3n 2025 | Nexo Informativo Santiago de Quer\u00e9taro","isPartOf":{"@id":"https:\/\/www.nexoinformativo.mx\/#website"},"primaryImageOfPage":{"@id":"https:\/\/www.nexoinformativo.mx\/index.php\/2025\/07\/10\/turismo-de-calidad-sectur-lanza-campana-nacional-de-autoverificacion-2025\/#primaryimage"},"image":{"@id":"https:\/\/www.nexoinformativo.mx\/index.php\/2025\/07\/10\/turismo-de-calidad-sectur-lanza-campana-nacional-de-autoverificacion-2025\/#primaryimage"},"thumbnailUrl":"https:\/\/www.nexoinformativo.mx\/wp-content\/uploads\/2025\/07\/PHOTO-2025-07-10-19-04-19-3-e1752202602123.jpg","datePublished":"2025-07-10T21:00:10+00:00","dateModified":"2025-07-11T02:57:30+00:00","description":"Turismo de calidad Sectur lanza Campa\u00f1a Nacional de Autoverificaci\u00f3n 2025","breadcrumb":{"@id":"https:\/\/www.nexoinformativo.mx\/index.php\/2025\/07\/10\/turismo-de-calidad-sectur-lanza-campana-nacional-de-autoverificacion-2025\/#breadcrumb"},"inLanguage":"es","potentialAction":[{"@type":"ReadAction","target":["https:\/\/www.nexoinformativo.mx\/index.php\/2025\/07\/10\/turismo-de-calidad-sectur-lanza-campana-nacional-de-autoverificacion-2025\/"]}]},{"@type":"ImageObject","inLanguage":"es","@id":"https:\/\/www.nexoinformativo.mx\/index.php\/2025\/07\/10\/turismo-de-calidad-sectur-lanza-campana-nacional-de-autoverificacion-2025\/#primaryimage","url":"https:\/\/www.nexoinformativo.mx\/wp-content\/uploads\/2025\/07\/PHOTO-2025-07-10-19-04-19-3-e1752202602123.jpg","contentUrl":"https:\/\/www.nexoinformativo.mx\/wp-content\/uploads\/2025\/07\/PHOTO-2025-07-10-19-04-19-3-e1752202602123.jpg","width":800,"height":533},{"@type":"BreadcrumbList","@id":"https:\/\/www.nexoinformativo.mx\/index.php\/2025\/07\/10\/turismo-de-calidad-sectur-lanza-campana-nacional-de-autoverificacion-2025\/#breadcrumb","itemListElement":[{"@type":"ListItem","position":1,"name":"Inicio","item":"https:\/\/www.nexoinformativo.mx\/"},{"@type":"ListItem","position":2,"name":"Turismo de calidad Sectur lanza Campa\u00f1a Nacional de Autoverificaci\u00f3n 2025"}]},{"@type":"WebSite","@id":"https:\/\/www.nexoinformativo.mx\/#website","url":"https:\/\/www.nexoinformativo.mx\/","name":"Nexo Informativo Santiago de Quer\u00e9taro","description":"Explora NexoInformativo y convi\u00e9rtete en parte de una comunidad que valora el conocimiento y la verdad. Tu nexoinformativo es tu puente hacia una comprensi\u00f3n m\u00e1s profunda del mundo que te rodea.","publisher":{"@id":"https:\/\/www.nexoinformativo.mx\/#organization"},"potentialAction":[{"@type":"SearchAction","target":{"@type":"EntryPoint","urlTemplate":"https:\/\/www.nexoinformativo.mx\/?s={search_term_string}"},"query-input":{"@type":"PropertyValueSpecification","valueRequired":true,"valueName":"search_term_string"}}],"inLanguage":"es"},{"@type":"Organization","@id":"https:\/\/www.nexoinformativo.mx\/#organization","name":"Nexo Informativo Santiago de Quer\u00e9taro","url":"https:\/\/www.nexoinformativo.mx\/","logo":{"@type":"ImageObject","inLanguage":"es","@id":"https:\/\/www.nexoinformativo.mx\/#\/schema\/logo\/image\/","url":"https:\/\/www.nexoinformativo.mx\/wp-content\/uploads\/2024\/07\/nexoi-trasparente-2.png","contentUrl":"https:\/\/www.nexoinformativo.mx\/wp-content\/uploads\/2024\/07\/nexoi-trasparente-2.png","width":816,"height":339,"caption":"Nexo Informativo Santiago de Quer\u00e9taro"},"image":{"@id":"https:\/\/www.nexoinformativo.mx\/#\/schema\/logo\/image\/"},"sameAs":["https:\/\/www.facebook.com\/people\/Nexo-Informativo\/61564066885511\/"]},{"@type":"Person","@id":"https:\/\/www.nexoinformativo.mx\/#\/schema\/person\/7749d380ba08c8ca00d7bc76fd907b7d","name":"Nexo Informativo","image":{"@type":"ImageObject","inLanguage":"es","@id":"https:\/\/www.nexoinformativo.mx\/#\/schema\/person\/image\/","url":"https:\/\/secure.gravatar.com\/avatar\/dde2928154642a13d95f87ddf1ea9718fe2b46760a005c53e41ff5ad610704e6?s=96&d=mm&r=g","contentUrl":"https:\/\/secure.gravatar.com\/avatar\/dde2928154642a13d95f87ddf1ea9718fe2b46760a005c53e41ff5ad610704e6?s=96&d=mm&r=g","caption":"Nexo Informativo"},"url":"https:\/\/www.nexoinformativo.mx\/index.php\/author\/edicion\/"}]}},"_links":{"self":[{"href":"https:\/\/www.nexoinformativo.mx\/index.php\/wp-json\/wp\/v2\/posts\/16429","targetHints":{"allow":["GET"]}}],"collection":[{"href":"https:\/\/www.nexoinformativo.mx\/index.php\/wp-json\/wp\/v2\/posts"}],"about":[{"href":"https:\/\/www.nexoinformativo.mx\/index.php\/wp-json\/wp\/v2\/types\/post"}],"author":[{"embeddable":true,"href":"https:\/\/www.nexoinformativo.mx\/index.php\/wp-json\/wp\/v2\/users\/3"}],"replies":[{"embeddable":true,"href":"https:\/\/www.nexoinformativo.mx\/index.php\/wp-json\/wp\/v2\/comments?post=16429"}],"version-history":[{"count":3,"href":"https:\/\/www.nexoinformativo.mx\/index.php\/wp-json\/wp\/v2\/posts\/16429\/revisions"}],"predecessor-version":[{"id":16433,"href":"https:\/\/www.nexoinformativo.mx\/index.php\/wp-json\/wp\/v2\/posts\/16429\/revisions\/16433"}],"wp:featuredmedia":[{"embeddable":true,"href":"https:\/\/www.nexoinformativo.mx\/index.php\/wp-json\/wp\/v2\/media\/16430"}],"wp:attachment":[{"href":"https:\/\/www.nexoinformativo.mx\/index.php\/wp-json\/wp\/v2\/media?parent=16429"}],"wp:term":[{"taxonomy":"category","embeddable":true,"href":"https:\/\/www.nexoinformativo.mx\/index.php\/wp-json\/wp\/v2\/categories?post=16429"},{"taxonomy":"post_tag","embeddable":true,"href":"https:\/\/www.nexoinformativo.mx\/index.php\/wp-json\/wp\/v2\/tags?post=16429"}],"curies":[{"name":"wp","href":"https:\/\/api.w.org\/{rel}","templated":true}]}}