{"id":16434,"date":"2025-07-11T11:00:50","date_gmt":"2025-07-11T17:00:50","guid":{"rendered":"https:\/\/www.nexoinformativo.mx\/?p=16434"},"modified":"2025-07-11T16:59:30","modified_gmt":"2025-07-11T22:59:30","slug":"playas-seguras-marina-lanza-operacion-salvavidas-verano-2025-en-costas-mexicanas","status":"publish","type":"post","link":"https:\/\/www.nexoinformativo.mx\/index.php\/2025\/07\/11\/playas-seguras-marina-lanza-operacion-salvavidas-verano-2025-en-costas-mexicanas\/","title":{"rendered":"\u00a1Playas seguras! Marina lanza &#8220;Operaci\u00f3n salvavidas Verano 2025&#8221; en costas mexicanas"},"content":{"rendered":"<p style=\"text-align: justify;\">La Secretar\u00eda de Marina (Semar), a trav\u00e9s de la Armada de M\u00e9xico, ha puesto en marcha la &#8220;Operaci\u00f3n Salvavidas Verano 2025&#8221; desde este 11 de julio y hasta el 31 de agosto.<\/p>\n<p>&nbsp;<\/p>\n<p style=\"text-align: justify;\">El objetivo principal es proteger a los turistas, tanto nacionales como internacionales, que visitar\u00e1n las playas y centros tur\u00edsticos de M\u00e9xico durante el periodo vacacional.<\/p>\n<p>&nbsp;<\/p>\n<p style=\"text-align: justify;\">Este operativo de gran magnitud se realizar\u00e1 en las zonas de mayor afluencia, en una coordinaci\u00f3n estrecha con Protecci\u00f3n Civil y autoridades de los tres niveles de gobierno. Participar\u00e1n 2,323 elementos navales y se desplegar\u00e1n 271 unidades, que incluyen:<\/p>\n<p>&nbsp;<\/p>\n<p>*23 buques de vigilancia mar\u00edtima<\/p>\n<p>*97 embarcaciones menores para labores de rescate<\/p>\n<p>*3 unidades a\u00e9reas<\/p>\n<p>*148 unidades terrestres<\/p>\n<p>&nbsp;<\/p>\n<p style=\"text-align: justify;\">Adem\u00e1s, se activar\u00e1n 34 Estaciones Navales de B\u00fasqueda y Rescate, distribuidas estrat\u00e9gicamente: 11 en el litoral del Golfo de M\u00e9xico y 23 en el litoral del Pac\u00edfico. El personal encargado de estas operaciones est\u00e1 altamente capacitado en la Escuela de B\u00fasqueda, Rescate y Buceo en Acapulco, donde reciben formaci\u00f3n especializada para atender cualquier emergencia.<\/p>\n<p>&nbsp;<\/p>\n<p style=\"text-align: justify;\">La Marina hace un llamado a la poblaci\u00f3n para que siga estas importantes recomendaciones y contribuya a su propia seguridad:<\/p>\n<p>&nbsp;<\/p>\n<ul style=\"text-align: justify;\">\n<li>No pierdas de vista a los ni\u00f1os en ning\u00fan momento.<\/li>\n<li>Evita meterte al mar despu\u00e9s de comer o de haber ingerido alcohol.<\/li>\n<li>No nades donde haya lanchas o motos acu\u00e1ticas.<\/li>\n<li>Deja libres los accesos a la playa para veh\u00edculos de emergencia.<\/li>\n<li>Usa protector solar y mantente bien hidratado.<\/li>\n<li>No tires basura para mantener limpias nuestras playas.<\/li>\n<\/ul>\n<p>&nbsp;<\/p>\n<p style=\"text-align: justify;\">Para cualquier emergencia en el mar, la Marina ha dispuesto el n\u00famero telef\u00f3nico gratuito: 800 627 4621 (800 MARINA 1).<\/p>\n<p>&nbsp;<\/p>\n<p style=\"text-align: center;\"><em><strong>\u00a1Informaci\u00f3n que transforma!<\/strong><\/em><\/p>\n","protected":false},"excerpt":{"rendered":"<p>La Secretar\u00eda de Marina (Semar), a trav\u00e9s de la Armada de M\u00e9xico, ha puesto en marcha la &#8220;Operaci\u00f3n Salvavidas Verano 2025&#8221; desde este 11 de julio y hasta el 31 de agosto.<\/p>\n","protected":false},"author":3,"featured_media":16435,"comment_status":"open","ping_status":"open","sticky":false,"template":"","format":"standard","meta":{"footnotes":""},"categories":[88,58],"tags":[4925,4078,4924,4904],"class_list":["post-16434","post","type-post","status-publish","format-standard","has-post-thumbnail","hentry","category-nacional","category-ultima-hora","tag-marinamx","tag-operacionsalvavidas","tag-playasseguras","tag-verano2025"],"yoast_head":"<!-- This site is optimized with the Yoast SEO plugin v25.0 - https:\/\/yoast.com\/wordpress\/plugins\/seo\/ -->\n<title>\u00a1Playas seguras! Marina lanza &quot;Operaci\u00f3n salvavidas Verano 2025&quot; en costas mexicanas | Nexo Informativo Santiago de Quer\u00e9taro<\/title>\n<meta name=\"description\" content=\"\u00a1Playas seguras! Marina lanza &quot;Operaci\u00f3n salvavidas Verano 2025&quot; en costas mexicanas\" \/>\n<meta name=\"robots\" content=\"index, follow, max-snippet:-1, max-image-preview:large, max-video-preview:-1\" \/>\n<link rel=\"canonical\" href=\"https:\/\/www.nexoinformativo.mx\/index.php\/2025\/07\/11\/playas-seguras-marina-lanza-operacion-salvavidas-verano-2025-en-costas-mexicanas\/\" \/>\n<meta property=\"og:locale\" content=\"es_MX\" \/>\n<meta property=\"og:type\" content=\"article\" \/>\n<meta property=\"og:title\" content=\"\u00a1Playas seguras! Marina lanza &quot;Operaci\u00f3n salvavidas Verano 2025&quot; en costas mexicanas | Nexo Informativo Santiago de Quer\u00e9taro\" \/>\n<meta property=\"og:description\" content=\"\u00a1Playas seguras! Marina lanza &quot;Operaci\u00f3n salvavidas Verano 2025&quot; en costas mexicanas\" \/>\n<meta property=\"og:url\" content=\"https:\/\/www.nexoinformativo.mx\/index.php\/2025\/07\/11\/playas-seguras-marina-lanza-operacion-salvavidas-verano-2025-en-costas-mexicanas\/\" \/>\n<meta property=\"og:site_name\" content=\"Nexo Informativo Santiago de Quer\u00e9taro\" \/>\n<meta property=\"article:publisher\" content=\"https:\/\/www.facebook.com\/people\/Nexo-Informativo\/61564066885511\/\" \/>\n<meta property=\"article:published_time\" content=\"2025-07-11T17:00:50+00:00\" \/>\n<meta property=\"article:modified_time\" content=\"2025-07-11T22:59:30+00:00\" \/>\n<meta property=\"og:image\" content=\"https:\/\/www.nexoinformativo.mx\/wp-content\/uploads\/2025\/07\/PHOTO-2025-07-11-11-21-27.jpg\" \/>\n\t<meta property=\"og:image:width\" content=\"650\" \/>\n\t<meta property=\"og:image:height\" content=\"380\" \/>\n\t<meta property=\"og:image:type\" content=\"image\/jpeg\" \/>\n<meta name=\"author\" content=\"Nexo Informativo\" \/>\n<meta name=\"twitter:card\" content=\"summary_large_image\" \/>\n<meta name=\"twitter:label1\" content=\"Escrito por\" \/>\n\t<meta name=\"twitter:data1\" content=\"Nexo Informativo\" \/>\n\t<meta name=\"twitter:label2\" content=\"Tiempo de lectura\" \/>\n\t<meta name=\"twitter:data2\" content=\"2 minutos\" \/>\n<script type=\"application\/ld+json\" class=\"yoast-schema-graph\">{\"@context\":\"https:\/\/schema.org\",\"@graph\":[{\"@type\":\"Article\",\"@id\":\"https:\/\/www.nexoinformativo.mx\/index.php\/2025\/07\/11\/playas-seguras-marina-lanza-operacion-salvavidas-verano-2025-en-costas-mexicanas\/#article\",\"isPartOf\":{\"@id\":\"https:\/\/www.nexoinformativo.mx\/index.php\/2025\/07\/11\/playas-seguras-marina-lanza-operacion-salvavidas-verano-2025-en-costas-mexicanas\/\"},\"author\":{\"name\":\"Nexo Informativo\",\"@id\":\"https:\/\/www.nexoinformativo.mx\/#\/schema\/person\/7749d380ba08c8ca00d7bc76fd907b7d\"},\"headline\":\"\u00a1Playas seguras! Marina lanza &#8220;Operaci\u00f3n salvavidas Verano 2025&#8221; en costas mexicanas\",\"datePublished\":\"2025-07-11T17:00:50+00:00\",\"dateModified\":\"2025-07-11T22:59:30+00:00\",\"mainEntityOfPage\":{\"@id\":\"https:\/\/www.nexoinformativo.mx\/index.php\/2025\/07\/11\/playas-seguras-marina-lanza-operacion-salvavidas-verano-2025-en-costas-mexicanas\/\"},\"wordCount\":299,\"commentCount\":0,\"publisher\":{\"@id\":\"https:\/\/www.nexoinformativo.mx\/#organization\"},\"image\":{\"@id\":\"https:\/\/www.nexoinformativo.mx\/index.php\/2025\/07\/11\/playas-seguras-marina-lanza-operacion-salvavidas-verano-2025-en-costas-mexicanas\/#primaryimage\"},\"thumbnailUrl\":\"https:\/\/www.nexoinformativo.mx\/wp-content\/uploads\/2025\/07\/PHOTO-2025-07-11-11-21-27.jpg\",\"keywords\":[\"MarinaMX\",\"Operaci\u00f3nSalvavidas\",\"PlayasSeguras\",\"Verano2025\"],\"articleSection\":[\"Nacional\",\"\u00daltima Hora\"],\"inLanguage\":\"es\",\"potentialAction\":[{\"@type\":\"CommentAction\",\"name\":\"Comment\",\"target\":[\"https:\/\/www.nexoinformativo.mx\/index.php\/2025\/07\/11\/playas-seguras-marina-lanza-operacion-salvavidas-verano-2025-en-costas-mexicanas\/#respond\"]}]},{\"@type\":\"WebPage\",\"@id\":\"https:\/\/www.nexoinformativo.mx\/index.php\/2025\/07\/11\/playas-seguras-marina-lanza-operacion-salvavidas-verano-2025-en-costas-mexicanas\/\",\"url\":\"https:\/\/www.nexoinformativo.mx\/index.php\/2025\/07\/11\/playas-seguras-marina-lanza-operacion-salvavidas-verano-2025-en-costas-mexicanas\/\",\"name\":\"\u00a1Playas seguras! Marina lanza \\\"Operaci\u00f3n salvavidas Verano 2025\\\" en costas mexicanas | Nexo Informativo Santiago de Quer\u00e9taro\",\"isPartOf\":{\"@id\":\"https:\/\/www.nexoinformativo.mx\/#website\"},\"primaryImageOfPage\":{\"@id\":\"https:\/\/www.nexoinformativo.mx\/index.php\/2025\/07\/11\/playas-seguras-marina-lanza-operacion-salvavidas-verano-2025-en-costas-mexicanas\/#primaryimage\"},\"image\":{\"@id\":\"https:\/\/www.nexoinformativo.mx\/index.php\/2025\/07\/11\/playas-seguras-marina-lanza-operacion-salvavidas-verano-2025-en-costas-mexicanas\/#primaryimage\"},\"thumbnailUrl\":\"https:\/\/www.nexoinformativo.mx\/wp-content\/uploads\/2025\/07\/PHOTO-2025-07-11-11-21-27.jpg\",\"datePublished\":\"2025-07-11T17:00:50+00:00\",\"dateModified\":\"2025-07-11T22:59:30+00:00\",\"description\":\"\u00a1Playas seguras! Marina lanza \\\"Operaci\u00f3n salvavidas Verano 2025\\\" en costas mexicanas\",\"breadcrumb\":{\"@id\":\"https:\/\/www.nexoinformativo.mx\/index.php\/2025\/07\/11\/playas-seguras-marina-lanza-operacion-salvavidas-verano-2025-en-costas-mexicanas\/#breadcrumb\"},\"inLanguage\":\"es\",\"potentialAction\":[{\"@type\":\"ReadAction\",\"target\":[\"https:\/\/www.nexoinformativo.mx\/index.php\/2025\/07\/11\/playas-seguras-marina-lanza-operacion-salvavidas-verano-2025-en-costas-mexicanas\/\"]}]},{\"@type\":\"ImageObject\",\"inLanguage\":\"es\",\"@id\":\"https:\/\/www.nexoinformativo.mx\/index.php\/2025\/07\/11\/playas-seguras-marina-lanza-operacion-salvavidas-verano-2025-en-costas-mexicanas\/#primaryimage\",\"url\":\"https:\/\/www.nexoinformativo.mx\/wp-content\/uploads\/2025\/07\/PHOTO-2025-07-11-11-21-27.jpg\",\"contentUrl\":\"https:\/\/www.nexoinformativo.mx\/wp-content\/uploads\/2025\/07\/PHOTO-2025-07-11-11-21-27.jpg\",\"width\":650,\"height\":380},{\"@type\":\"BreadcrumbList\",\"@id\":\"https:\/\/www.nexoinformativo.mx\/index.php\/2025\/07\/11\/playas-seguras-marina-lanza-operacion-salvavidas-verano-2025-en-costas-mexicanas\/#breadcrumb\",\"itemListElement\":[{\"@type\":\"ListItem\",\"position\":1,\"name\":\"Inicio\",\"item\":\"https:\/\/www.nexoinformativo.mx\/\"},{\"@type\":\"ListItem\",\"position\":2,\"name\":\"\u00a1Playas seguras! Marina lanza &#8220;Operaci\u00f3n salvavidas Verano 2025&#8221; en costas mexicanas\"}]},{\"@type\":\"WebSite\",\"@id\":\"https:\/\/www.nexoinformativo.mx\/#website\",\"url\":\"https:\/\/www.nexoinformativo.mx\/\",\"name\":\"Nexo Informativo Santiago de Quer\u00e9taro\",\"description\":\"Explora NexoInformativo y convi\u00e9rtete en parte de una comunidad que valora el conocimiento y la verdad. Tu nexoinformativo es tu puente hacia una comprensi\u00f3n m\u00e1s profunda del mundo que te rodea.\",\"publisher\":{\"@id\":\"https:\/\/www.nexoinformativo.mx\/#organization\"},\"potentialAction\":[{\"@type\":\"SearchAction\",\"target\":{\"@type\":\"EntryPoint\",\"urlTemplate\":\"https:\/\/www.nexoinformativo.mx\/?s={search_term_string}\"},\"query-input\":{\"@type\":\"PropertyValueSpecification\",\"valueRequired\":true,\"valueName\":\"search_term_string\"}}],\"inLanguage\":\"es\"},{\"@type\":\"Organization\",\"@id\":\"https:\/\/www.nexoinformativo.mx\/#organization\",\"name\":\"Nexo Informativo Santiago de Quer\u00e9taro\",\"url\":\"https:\/\/www.nexoinformativo.mx\/\",\"logo\":{\"@type\":\"ImageObject\",\"inLanguage\":\"es\",\"@id\":\"https:\/\/www.nexoinformativo.mx\/#\/schema\/logo\/image\/\",\"url\":\"https:\/\/www.nexoinformativo.mx\/wp-content\/uploads\/2024\/07\/nexoi-trasparente-2.png\",\"contentUrl\":\"https:\/\/www.nexoinformativo.mx\/wp-content\/uploads\/2024\/07\/nexoi-trasparente-2.png\",\"width\":816,\"height\":339,\"caption\":\"Nexo Informativo Santiago de Quer\u00e9taro\"},\"image\":{\"@id\":\"https:\/\/www.nexoinformativo.mx\/#\/schema\/logo\/image\/\"},\"sameAs\":[\"https:\/\/www.facebook.com\/people\/Nexo-Informativo\/61564066885511\/\"]},{\"@type\":\"Person\",\"@id\":\"https:\/\/www.nexoinformativo.mx\/#\/schema\/person\/7749d380ba08c8ca00d7bc76fd907b7d\",\"name\":\"Nexo Informativo\",\"image\":{\"@type\":\"ImageObject\",\"inLanguage\":\"es\",\"@id\":\"https:\/\/www.nexoinformativo.mx\/#\/schema\/person\/image\/\",\"url\":\"https:\/\/secure.gravatar.com\/avatar\/dde2928154642a13d95f87ddf1ea9718fe2b46760a005c53e41ff5ad610704e6?s=96&d=mm&r=g\",\"contentUrl\":\"https:\/\/secure.gravatar.com\/avatar\/dde2928154642a13d95f87ddf1ea9718fe2b46760a005c53e41ff5ad610704e6?s=96&d=mm&r=g\",\"caption\":\"Nexo Informativo\"},\"url\":\"https:\/\/www.nexoinformativo.mx\/index.php\/author\/edicion\/\"}]}<\/script>\n<!-- \/ Yoast SEO plugin. -->","yoast_head_json":{"title":"\u00a1Playas seguras! Marina lanza \"Operaci\u00f3n salvavidas Verano 2025\" en costas mexicanas | Nexo Informativo Santiago de Quer\u00e9taro","description":"\u00a1Playas seguras! Marina lanza \"Operaci\u00f3n salvavidas Verano 2025\" en costas mexicanas","robots":{"index":"index","follow":"follow","max-snippet":"max-snippet:-1","max-image-preview":"max-image-preview:large","max-video-preview":"max-video-preview:-1"},"canonical":"https:\/\/www.nexoinformativo.mx\/index.php\/2025\/07\/11\/playas-seguras-marina-lanza-operacion-salvavidas-verano-2025-en-costas-mexicanas\/","og_locale":"es_MX","og_type":"article","og_title":"\u00a1Playas seguras! Marina lanza \"Operaci\u00f3n salvavidas Verano 2025\" en costas mexicanas | Nexo Informativo Santiago de Quer\u00e9taro","og_description":"\u00a1Playas seguras! Marina lanza \"Operaci\u00f3n salvavidas Verano 2025\" en costas mexicanas","og_url":"https:\/\/www.nexoinformativo.mx\/index.php\/2025\/07\/11\/playas-seguras-marina-lanza-operacion-salvavidas-verano-2025-en-costas-mexicanas\/","og_site_name":"Nexo Informativo Santiago de Quer\u00e9taro","article_publisher":"https:\/\/www.facebook.com\/people\/Nexo-Informativo\/61564066885511\/","article_published_time":"2025-07-11T17:00:50+00:00","article_modified_time":"2025-07-11T22:59:30+00:00","og_image":[{"width":650,"height":380,"url":"https:\/\/www.nexoinformativo.mx\/wp-content\/uploads\/2025\/07\/PHOTO-2025-07-11-11-21-27.jpg","type":"image\/jpeg"}],"author":"Nexo Informativo","twitter_card":"summary_large_image","twitter_misc":{"Escrito por":"Nexo Informativo","Tiempo de lectura":"2 minutos"},"schema":{"@context":"https:\/\/schema.org","@graph":[{"@type":"Article","@id":"https:\/\/www.nexoinformativo.mx\/index.php\/2025\/07\/11\/playas-seguras-marina-lanza-operacion-salvavidas-verano-2025-en-costas-mexicanas\/#article","isPartOf":{"@id":"https:\/\/www.nexoinformativo.mx\/index.php\/2025\/07\/11\/playas-seguras-marina-lanza-operacion-salvavidas-verano-2025-en-costas-mexicanas\/"},"author":{"name":"Nexo Informativo","@id":"https:\/\/www.nexoinformativo.mx\/#\/schema\/person\/7749d380ba08c8ca00d7bc76fd907b7d"},"headline":"\u00a1Playas seguras! Marina lanza &#8220;Operaci\u00f3n salvavidas Verano 2025&#8221; en costas mexicanas","datePublished":"2025-07-11T17:00:50+00:00","dateModified":"2025-07-11T22:59:30+00:00","mainEntityOfPage":{"@id":"https:\/\/www.nexoinformativo.mx\/index.php\/2025\/07\/11\/playas-seguras-marina-lanza-operacion-salvavidas-verano-2025-en-costas-mexicanas\/"},"wordCount":299,"commentCount":0,"publisher":{"@id":"https:\/\/www.nexoinformativo.mx\/#organization"},"image":{"@id":"https:\/\/www.nexoinformativo.mx\/index.php\/2025\/07\/11\/playas-seguras-marina-lanza-operacion-salvavidas-verano-2025-en-costas-mexicanas\/#primaryimage"},"thumbnailUrl":"https:\/\/www.nexoinformativo.mx\/wp-content\/uploads\/2025\/07\/PHOTO-2025-07-11-11-21-27.jpg","keywords":["MarinaMX","Operaci\u00f3nSalvavidas","PlayasSeguras","Verano2025"],"articleSection":["Nacional","\u00daltima Hora"],"inLanguage":"es","potentialAction":[{"@type":"CommentAction","name":"Comment","target":["https:\/\/www.nexoinformativo.mx\/index.php\/2025\/07\/11\/playas-seguras-marina-lanza-operacion-salvavidas-verano-2025-en-costas-mexicanas\/#respond"]}]},{"@type":"WebPage","@id":"https:\/\/www.nexoinformativo.mx\/index.php\/2025\/07\/11\/playas-seguras-marina-lanza-operacion-salvavidas-verano-2025-en-costas-mexicanas\/","url":"https:\/\/www.nexoinformativo.mx\/index.php\/2025\/07\/11\/playas-seguras-marina-lanza-operacion-salvavidas-verano-2025-en-costas-mexicanas\/","name":"\u00a1Playas seguras! Marina lanza \"Operaci\u00f3n salvavidas Verano 2025\" en costas mexicanas | Nexo Informativo Santiago de Quer\u00e9taro","isPartOf":{"@id":"https:\/\/www.nexoinformativo.mx\/#website"},"primaryImageOfPage":{"@id":"https:\/\/www.nexoinformativo.mx\/index.php\/2025\/07\/11\/playas-seguras-marina-lanza-operacion-salvavidas-verano-2025-en-costas-mexicanas\/#primaryimage"},"image":{"@id":"https:\/\/www.nexoinformativo.mx\/index.php\/2025\/07\/11\/playas-seguras-marina-lanza-operacion-salvavidas-verano-2025-en-costas-mexicanas\/#primaryimage"},"thumbnailUrl":"https:\/\/www.nexoinformativo.mx\/wp-content\/uploads\/2025\/07\/PHOTO-2025-07-11-11-21-27.jpg","datePublished":"2025-07-11T17:00:50+00:00","dateModified":"2025-07-11T22:59:30+00:00","description":"\u00a1Playas seguras! Marina lanza \"Operaci\u00f3n salvavidas Verano 2025\" en costas mexicanas","breadcrumb":{"@id":"https:\/\/www.nexoinformativo.mx\/index.php\/2025\/07\/11\/playas-seguras-marina-lanza-operacion-salvavidas-verano-2025-en-costas-mexicanas\/#breadcrumb"},"inLanguage":"es","potentialAction":[{"@type":"ReadAction","target":["https:\/\/www.nexoinformativo.mx\/index.php\/2025\/07\/11\/playas-seguras-marina-lanza-operacion-salvavidas-verano-2025-en-costas-mexicanas\/"]}]},{"@type":"ImageObject","inLanguage":"es","@id":"https:\/\/www.nexoinformativo.mx\/index.php\/2025\/07\/11\/playas-seguras-marina-lanza-operacion-salvavidas-verano-2025-en-costas-mexicanas\/#primaryimage","url":"https:\/\/www.nexoinformativo.mx\/wp-content\/uploads\/2025\/07\/PHOTO-2025-07-11-11-21-27.jpg","contentUrl":"https:\/\/www.nexoinformativo.mx\/wp-content\/uploads\/2025\/07\/PHOTO-2025-07-11-11-21-27.jpg","width":650,"height":380},{"@type":"BreadcrumbList","@id":"https:\/\/www.nexoinformativo.mx\/index.php\/2025\/07\/11\/playas-seguras-marina-lanza-operacion-salvavidas-verano-2025-en-costas-mexicanas\/#breadcrumb","itemListElement":[{"@type":"ListItem","position":1,"name":"Inicio","item":"https:\/\/www.nexoinformativo.mx\/"},{"@type":"ListItem","position":2,"name":"\u00a1Playas seguras! Marina lanza &#8220;Operaci\u00f3n salvavidas Verano 2025&#8221; en costas mexicanas"}]},{"@type":"WebSite","@id":"https:\/\/www.nexoinformativo.mx\/#website","url":"https:\/\/www.nexoinformativo.mx\/","name":"Nexo Informativo Santiago de Quer\u00e9taro","description":"Explora NexoInformativo y convi\u00e9rtete en parte de una comunidad que valora el conocimiento y la verdad. Tu nexoinformativo es tu puente hacia una comprensi\u00f3n m\u00e1s profunda del mundo que te rodea.","publisher":{"@id":"https:\/\/www.nexoinformativo.mx\/#organization"},"potentialAction":[{"@type":"SearchAction","target":{"@type":"EntryPoint","urlTemplate":"https:\/\/www.nexoinformativo.mx\/?s={search_term_string}"},"query-input":{"@type":"PropertyValueSpecification","valueRequired":true,"valueName":"search_term_string"}}],"inLanguage":"es"},{"@type":"Organization","@id":"https:\/\/www.nexoinformativo.mx\/#organization","name":"Nexo Informativo Santiago de Quer\u00e9taro","url":"https:\/\/www.nexoinformativo.mx\/","logo":{"@type":"ImageObject","inLanguage":"es","@id":"https:\/\/www.nexoinformativo.mx\/#\/schema\/logo\/image\/","url":"https:\/\/www.nexoinformativo.mx\/wp-content\/uploads\/2024\/07\/nexoi-trasparente-2.png","contentUrl":"https:\/\/www.nexoinformativo.mx\/wp-content\/uploads\/2024\/07\/nexoi-trasparente-2.png","width":816,"height":339,"caption":"Nexo Informativo Santiago de Quer\u00e9taro"},"image":{"@id":"https:\/\/www.nexoinformativo.mx\/#\/schema\/logo\/image\/"},"sameAs":["https:\/\/www.facebook.com\/people\/Nexo-Informativo\/61564066885511\/"]},{"@type":"Person","@id":"https:\/\/www.nexoinformativo.mx\/#\/schema\/person\/7749d380ba08c8ca00d7bc76fd907b7d","name":"Nexo Informativo","image":{"@type":"ImageObject","inLanguage":"es","@id":"https:\/\/www.nexoinformativo.mx\/#\/schema\/person\/image\/","url":"https:\/\/secure.gravatar.com\/avatar\/dde2928154642a13d95f87ddf1ea9718fe2b46760a005c53e41ff5ad610704e6?s=96&d=mm&r=g","contentUrl":"https:\/\/secure.gravatar.com\/avatar\/dde2928154642a13d95f87ddf1ea9718fe2b46760a005c53e41ff5ad610704e6?s=96&d=mm&r=g","caption":"Nexo Informativo"},"url":"https:\/\/www.nexoinformativo.mx\/index.php\/author\/edicion\/"}]}},"_links":{"self":[{"href":"https:\/\/www.nexoinformativo.mx\/index.php\/wp-json\/wp\/v2\/posts\/16434","targetHints":{"allow":["GET"]}}],"collection":[{"href":"https:\/\/www.nexoinformativo.mx\/index.php\/wp-json\/wp\/v2\/posts"}],"about":[{"href":"https:\/\/www.nexoinformativo.mx\/index.php\/wp-json\/wp\/v2\/types\/post"}],"author":[{"embeddable":true,"href":"https:\/\/www.nexoinformativo.mx\/index.php\/wp-json\/wp\/v2\/users\/3"}],"replies":[{"embeddable":true,"href":"https:\/\/www.nexoinformativo.mx\/index.php\/wp-json\/wp\/v2\/comments?post=16434"}],"version-history":[{"count":5,"href":"https:\/\/www.nexoinformativo.mx\/index.php\/wp-json\/wp\/v2\/posts\/16434\/revisions"}],"predecessor-version":[{"id":16438,"href":"https:\/\/www.nexoinformativo.mx\/index.php\/wp-json\/wp\/v2\/posts\/16434\/revisions\/16438"}],"wp:featuredmedia":[{"embeddable":true,"href":"https:\/\/www.nexoinformativo.mx\/index.php\/wp-json\/wp\/v2\/media\/16435"}],"wp:attachment":[{"href":"https:\/\/www.nexoinformativo.mx\/index.php\/wp-json\/wp\/v2\/media?parent=16434"}],"wp:term":[{"taxonomy":"category","embeddable":true,"href":"https:\/\/www.nexoinformativo.mx\/index.php\/wp-json\/wp\/v2\/categories?post=16434"},{"taxonomy":"post_tag","embeddable":true,"href":"https:\/\/www.nexoinformativo.mx\/index.php\/wp-json\/wp\/v2\/tags?post=16434"}],"curies":[{"name":"wp","href":"https:\/\/api.w.org\/{rel}","templated":true}]}}