{"id":16441,"date":"2025-07-11T12:00:47","date_gmt":"2025-07-11T18:00:47","guid":{"rendered":"https:\/\/www.nexoinformativo.mx\/?p=16441"},"modified":"2025-07-11T17:04:33","modified_gmt":"2025-07-11T23:04:33","slug":"profeco-tu-mejor-aliado-el-telefono-del-consumidor-supera-las-3-mil-atenciones-diarias","status":"publish","type":"post","link":"https:\/\/www.nexoinformativo.mx\/index.php\/2025\/07\/11\/profeco-tu-mejor-aliado-el-telefono-del-consumidor-supera-las-3-mil-atenciones-diarias\/","title":{"rendered":"Profeco: Tu mejor aliado, el tel\u00e9fono del consumidor supera las 3 mil atenciones diarias"},"content":{"rendered":"<p style=\"text-align: justify;\">El Tel\u00e9fono del Consumidor de la Profeco se consolida como un pilar fundamental en la defensa de los derechos de los ciudadanos. Durante el primer semestre de 2025, esta herramienta de atenci\u00f3n directa recibi\u00f3 un total de 579 mil 682 llamadas, lo que se traduce en un impresionante promedio de 3 mil 202 atenciones diarias.<\/p>\n<\/p>\n<p>&nbsp;<\/p>\n<p style=\"text-align: justify;\">Iv\u00e1n Escalante, titular de Profeco, destac\u00f3 que esta l\u00ednea es un v\u00ednculo directo con la ciudadan\u00eda, ofreciendo asesor\u00eda, apoyo e informaci\u00f3n a quienes se comunican. Puedes llamar a los n\u00fameros 55 5568 8722 y 800 468 8722, disponibles los 365 d\u00edas del a\u00f1o.<\/p>\n<\/p>\n<p>&nbsp;<\/p>\n<p style=\"text-align: justify;\">Entre los motivos m\u00e1s frecuentes por los que los consumidores contactan a Profeco, se encuentran preguntas como:<\/p>\n<\/p>\n<p>&nbsp;<\/p>\n<ul style=\"text-align: justify;\">\n<li>\u00bfQu\u00e9 hacer si un producto o servicio no es entregado?<\/li>\n<li>\u00bfC\u00f3mo actuar ante informaci\u00f3n incompleta o err\u00f3nea?<\/li>\n<li>\u00bfQu\u00e9 pasos seguir si una compra se cancela o no se cumplen los plazos acordados?<\/li>\n<\/ul>\n<p>&nbsp;<\/p>\n<p style=\"text-align: justify;\">Adem\u00e1s de estas consultas, el Tel\u00e9fono del Consumidor brinda orientaci\u00f3n sobre las Oficinas de Defensa del Consumidor (Odeco), procesa solicitudes para ingresar al Registro P\u00fablico para Evitar Publicidad (REPEP) y atiende quejas que pueden resolverse de inmediato a trav\u00e9s del sistema Conciliaexpr\u00e9s.<\/p>\n<\/p>\n<p>&nbsp;<\/p>\n<p style=\"text-align: justify;\">Aunque algunas llamadas no corresponden directamente a la Profeco \u2013como las relacionadas con servicios financieros, salud o impuestos\u2013, la instituci\u00f3n se encarga de canalizar a las personas hacia las dependencias correctas, como la Condusef, Locatel, Conamed o el SAT.<\/p>\n<\/p>\n<p>&nbsp;<\/p>\n<p style=\"text-align: justify;\">El Tel\u00e9fono del Consumidor opera de 9:00 a 19:00 horas de lunes a viernes, y de 10:00 a 18:00 horas los fines de semana y d\u00edas festivos, manteni\u00e9ndose como una herramienta esencial para garantizar los derechos de los consumidores en M\u00e9xico.<\/p>\n<\/p>\n<p>&nbsp;<\/p>\n<p style=\"text-align: center;\"><em><strong>\u00a1Informaci\u00f3n que transforma!<\/strong><\/em><\/p>\n","protected":false},"excerpt":{"rendered":"<p>El Tel\u00e9fono del Consumidor de la Profeco se consolida como un pilar fundamental en la defensa de los derechos de los ciudadanos. Durante el primer semestre de 2025, esta herramienta de atenci\u00f3n directa recibi\u00f3 un total de 579 mil 682 llamadas, lo que se traduce en un impresionante promedio de 3 mil 202 atenciones diarias.<\/p>\n","protected":false},"author":3,"featured_media":16442,"comment_status":"open","ping_status":"open","sticky":false,"template":"","format":"standard","meta":{"footnotes":""},"categories":[5,88,58],"tags":[4668,3889,1834,4926],"class_list":["post-16441","post","type-post","status-publish","format-standard","has-post-thumbnail","hentry","category-economia","category-nacional","category-ultima-hora","tag-defensadelconsumidor","tag-derechosdelconsumidor","tag-profeco","tag-telefonodelconsumidor"],"yoast_head":"<!-- This site is optimized with the Yoast SEO plugin v25.0 - https:\/\/yoast.com\/wordpress\/plugins\/seo\/ -->\n<title>Profeco: Tu mejor aliado, el tel\u00e9fono del consumidor supera las 3 mil atenciones diarias | Nexo Informativo Santiago de Quer\u00e9taro<\/title>\n<meta name=\"description\" content=\"Profeco: Tu mejor aliado, el tel\u00e9fono del consumidor supera las 3 mil atenciones diarias\" \/>\n<meta name=\"robots\" content=\"index, follow, max-snippet:-1, max-image-preview:large, max-video-preview:-1\" \/>\n<link rel=\"canonical\" href=\"https:\/\/www.nexoinformativo.mx\/index.php\/2025\/07\/11\/profeco-tu-mejor-aliado-el-telefono-del-consumidor-supera-las-3-mil-atenciones-diarias\/\" \/>\n<meta property=\"og:locale\" content=\"es_MX\" \/>\n<meta property=\"og:type\" content=\"article\" \/>\n<meta property=\"og:title\" content=\"Profeco: Tu mejor aliado, el tel\u00e9fono del consumidor supera las 3 mil atenciones diarias | Nexo Informativo Santiago de Quer\u00e9taro\" \/>\n<meta property=\"og:description\" content=\"Profeco: Tu mejor aliado, el tel\u00e9fono del consumidor supera las 3 mil atenciones diarias\" \/>\n<meta property=\"og:url\" content=\"https:\/\/www.nexoinformativo.mx\/index.php\/2025\/07\/11\/profeco-tu-mejor-aliado-el-telefono-del-consumidor-supera-las-3-mil-atenciones-diarias\/\" \/>\n<meta property=\"og:site_name\" content=\"Nexo Informativo Santiago de Quer\u00e9taro\" \/>\n<meta property=\"article:publisher\" content=\"https:\/\/www.facebook.com\/people\/Nexo-Informativo\/61564066885511\/\" \/>\n<meta property=\"article:published_time\" content=\"2025-07-11T18:00:47+00:00\" \/>\n<meta property=\"article:modified_time\" content=\"2025-07-11T23:04:33+00:00\" \/>\n<meta property=\"og:image\" content=\"https:\/\/www.nexoinformativo.mx\/wp-content\/uploads\/2025\/07\/PHOTO-2025-07-11-11-37-49-e1752275031965.jpg\" \/>\n\t<meta property=\"og:image:width\" content=\"800\" \/>\n\t<meta property=\"og:image:height\" content=\"800\" \/>\n\t<meta property=\"og:image:type\" content=\"image\/jpeg\" \/>\n<meta name=\"author\" content=\"Nexo Informativo\" \/>\n<meta name=\"twitter:card\" content=\"summary_large_image\" \/>\n<meta name=\"twitter:label1\" content=\"Escrito por\" \/>\n\t<meta name=\"twitter:data1\" content=\"Nexo Informativo\" \/>\n\t<meta name=\"twitter:label2\" content=\"Tiempo de lectura\" \/>\n\t<meta name=\"twitter:data2\" content=\"2 minutos\" \/>\n<script type=\"application\/ld+json\" class=\"yoast-schema-graph\">{\"@context\":\"https:\/\/schema.org\",\"@graph\":[{\"@type\":\"Article\",\"@id\":\"https:\/\/www.nexoinformativo.mx\/index.php\/2025\/07\/11\/profeco-tu-mejor-aliado-el-telefono-del-consumidor-supera-las-3-mil-atenciones-diarias\/#article\",\"isPartOf\":{\"@id\":\"https:\/\/www.nexoinformativo.mx\/index.php\/2025\/07\/11\/profeco-tu-mejor-aliado-el-telefono-del-consumidor-supera-las-3-mil-atenciones-diarias\/\"},\"author\":{\"name\":\"Nexo Informativo\",\"@id\":\"https:\/\/www.nexoinformativo.mx\/#\/schema\/person\/7749d380ba08c8ca00d7bc76fd907b7d\"},\"headline\":\"Profeco: Tu mejor aliado, el tel\u00e9fono del consumidor supera las 3 mil atenciones diarias\",\"datePublished\":\"2025-07-11T18:00:47+00:00\",\"dateModified\":\"2025-07-11T23:04:33+00:00\",\"mainEntityOfPage\":{\"@id\":\"https:\/\/www.nexoinformativo.mx\/index.php\/2025\/07\/11\/profeco-tu-mejor-aliado-el-telefono-del-consumidor-supera-las-3-mil-atenciones-diarias\/\"},\"wordCount\":304,\"commentCount\":0,\"publisher\":{\"@id\":\"https:\/\/www.nexoinformativo.mx\/#organization\"},\"image\":{\"@id\":\"https:\/\/www.nexoinformativo.mx\/index.php\/2025\/07\/11\/profeco-tu-mejor-aliado-el-telefono-del-consumidor-supera-las-3-mil-atenciones-diarias\/#primaryimage\"},\"thumbnailUrl\":\"https:\/\/www.nexoinformativo.mx\/wp-content\/uploads\/2025\/07\/PHOTO-2025-07-11-11-37-49-e1752275031965.jpg\",\"keywords\":[\"DefensaDelConsumidor\",\"DerechosDelConsumidor\",\"Profeco\",\"tel\u00e9fonoDelConsumidor\"],\"articleSection\":[\"Econom\u00eda\",\"Nacional\",\"\u00daltima Hora\"],\"inLanguage\":\"es\",\"potentialAction\":[{\"@type\":\"CommentAction\",\"name\":\"Comment\",\"target\":[\"https:\/\/www.nexoinformativo.mx\/index.php\/2025\/07\/11\/profeco-tu-mejor-aliado-el-telefono-del-consumidor-supera-las-3-mil-atenciones-diarias\/#respond\"]}]},{\"@type\":\"WebPage\",\"@id\":\"https:\/\/www.nexoinformativo.mx\/index.php\/2025\/07\/11\/profeco-tu-mejor-aliado-el-telefono-del-consumidor-supera-las-3-mil-atenciones-diarias\/\",\"url\":\"https:\/\/www.nexoinformativo.mx\/index.php\/2025\/07\/11\/profeco-tu-mejor-aliado-el-telefono-del-consumidor-supera-las-3-mil-atenciones-diarias\/\",\"name\":\"Profeco: Tu mejor aliado, el tel\u00e9fono del consumidor supera las 3 mil atenciones diarias | Nexo Informativo Santiago de Quer\u00e9taro\",\"isPartOf\":{\"@id\":\"https:\/\/www.nexoinformativo.mx\/#website\"},\"primaryImageOfPage\":{\"@id\":\"https:\/\/www.nexoinformativo.mx\/index.php\/2025\/07\/11\/profeco-tu-mejor-aliado-el-telefono-del-consumidor-supera-las-3-mil-atenciones-diarias\/#primaryimage\"},\"image\":{\"@id\":\"https:\/\/www.nexoinformativo.mx\/index.php\/2025\/07\/11\/profeco-tu-mejor-aliado-el-telefono-del-consumidor-supera-las-3-mil-atenciones-diarias\/#primaryimage\"},\"thumbnailUrl\":\"https:\/\/www.nexoinformativo.mx\/wp-content\/uploads\/2025\/07\/PHOTO-2025-07-11-11-37-49-e1752275031965.jpg\",\"datePublished\":\"2025-07-11T18:00:47+00:00\",\"dateModified\":\"2025-07-11T23:04:33+00:00\",\"description\":\"Profeco: Tu mejor aliado, el tel\u00e9fono del consumidor supera las 3 mil atenciones diarias\",\"breadcrumb\":{\"@id\":\"https:\/\/www.nexoinformativo.mx\/index.php\/2025\/07\/11\/profeco-tu-mejor-aliado-el-telefono-del-consumidor-supera-las-3-mil-atenciones-diarias\/#breadcrumb\"},\"inLanguage\":\"es\",\"potentialAction\":[{\"@type\":\"ReadAction\",\"target\":[\"https:\/\/www.nexoinformativo.mx\/index.php\/2025\/07\/11\/profeco-tu-mejor-aliado-el-telefono-del-consumidor-supera-las-3-mil-atenciones-diarias\/\"]}]},{\"@type\":\"ImageObject\",\"inLanguage\":\"es\",\"@id\":\"https:\/\/www.nexoinformativo.mx\/index.php\/2025\/07\/11\/profeco-tu-mejor-aliado-el-telefono-del-consumidor-supera-las-3-mil-atenciones-diarias\/#primaryimage\",\"url\":\"https:\/\/www.nexoinformativo.mx\/wp-content\/uploads\/2025\/07\/PHOTO-2025-07-11-11-37-49-e1752275031965.jpg\",\"contentUrl\":\"https:\/\/www.nexoinformativo.mx\/wp-content\/uploads\/2025\/07\/PHOTO-2025-07-11-11-37-49-e1752275031965.jpg\",\"width\":800,\"height\":800},{\"@type\":\"BreadcrumbList\",\"@id\":\"https:\/\/www.nexoinformativo.mx\/index.php\/2025\/07\/11\/profeco-tu-mejor-aliado-el-telefono-del-consumidor-supera-las-3-mil-atenciones-diarias\/#breadcrumb\",\"itemListElement\":[{\"@type\":\"ListItem\",\"position\":1,\"name\":\"Inicio\",\"item\":\"https:\/\/www.nexoinformativo.mx\/\"},{\"@type\":\"ListItem\",\"position\":2,\"name\":\"Profeco: Tu mejor aliado, el tel\u00e9fono del consumidor supera las 3 mil atenciones diarias\"}]},{\"@type\":\"WebSite\",\"@id\":\"https:\/\/www.nexoinformativo.mx\/#website\",\"url\":\"https:\/\/www.nexoinformativo.mx\/\",\"name\":\"Nexo Informativo Santiago de Quer\u00e9taro\",\"description\":\"Explora NexoInformativo y convi\u00e9rtete en parte de una comunidad que valora el conocimiento y la verdad. Tu nexoinformativo es tu puente hacia una comprensi\u00f3n m\u00e1s profunda del mundo que te rodea.\",\"publisher\":{\"@id\":\"https:\/\/www.nexoinformativo.mx\/#organization\"},\"potentialAction\":[{\"@type\":\"SearchAction\",\"target\":{\"@type\":\"EntryPoint\",\"urlTemplate\":\"https:\/\/www.nexoinformativo.mx\/?s={search_term_string}\"},\"query-input\":{\"@type\":\"PropertyValueSpecification\",\"valueRequired\":true,\"valueName\":\"search_term_string\"}}],\"inLanguage\":\"es\"},{\"@type\":\"Organization\",\"@id\":\"https:\/\/www.nexoinformativo.mx\/#organization\",\"name\":\"Nexo Informativo Santiago de Quer\u00e9taro\",\"url\":\"https:\/\/www.nexoinformativo.mx\/\",\"logo\":{\"@type\":\"ImageObject\",\"inLanguage\":\"es\",\"@id\":\"https:\/\/www.nexoinformativo.mx\/#\/schema\/logo\/image\/\",\"url\":\"https:\/\/www.nexoinformativo.mx\/wp-content\/uploads\/2024\/07\/nexoi-trasparente-2.png\",\"contentUrl\":\"https:\/\/www.nexoinformativo.mx\/wp-content\/uploads\/2024\/07\/nexoi-trasparente-2.png\",\"width\":816,\"height\":339,\"caption\":\"Nexo Informativo Santiago de Quer\u00e9taro\"},\"image\":{\"@id\":\"https:\/\/www.nexoinformativo.mx\/#\/schema\/logo\/image\/\"},\"sameAs\":[\"https:\/\/www.facebook.com\/people\/Nexo-Informativo\/61564066885511\/\"]},{\"@type\":\"Person\",\"@id\":\"https:\/\/www.nexoinformativo.mx\/#\/schema\/person\/7749d380ba08c8ca00d7bc76fd907b7d\",\"name\":\"Nexo Informativo\",\"image\":{\"@type\":\"ImageObject\",\"inLanguage\":\"es\",\"@id\":\"https:\/\/www.nexoinformativo.mx\/#\/schema\/person\/image\/\",\"url\":\"https:\/\/secure.gravatar.com\/avatar\/dde2928154642a13d95f87ddf1ea9718fe2b46760a005c53e41ff5ad610704e6?s=96&d=mm&r=g\",\"contentUrl\":\"https:\/\/secure.gravatar.com\/avatar\/dde2928154642a13d95f87ddf1ea9718fe2b46760a005c53e41ff5ad610704e6?s=96&d=mm&r=g\",\"caption\":\"Nexo Informativo\"},\"url\":\"https:\/\/www.nexoinformativo.mx\/index.php\/author\/edicion\/\"}]}<\/script>\n<!-- \/ Yoast SEO plugin. -->","yoast_head_json":{"title":"Profeco: Tu mejor aliado, el tel\u00e9fono del consumidor supera las 3 mil atenciones diarias | Nexo Informativo Santiago de Quer\u00e9taro","description":"Profeco: Tu mejor aliado, el tel\u00e9fono del consumidor supera las 3 mil atenciones diarias","robots":{"index":"index","follow":"follow","max-snippet":"max-snippet:-1","max-image-preview":"max-image-preview:large","max-video-preview":"max-video-preview:-1"},"canonical":"https:\/\/www.nexoinformativo.mx\/index.php\/2025\/07\/11\/profeco-tu-mejor-aliado-el-telefono-del-consumidor-supera-las-3-mil-atenciones-diarias\/","og_locale":"es_MX","og_type":"article","og_title":"Profeco: Tu mejor aliado, el tel\u00e9fono del consumidor supera las 3 mil atenciones diarias | Nexo Informativo Santiago de Quer\u00e9taro","og_description":"Profeco: Tu mejor aliado, el tel\u00e9fono del consumidor supera las 3 mil atenciones diarias","og_url":"https:\/\/www.nexoinformativo.mx\/index.php\/2025\/07\/11\/profeco-tu-mejor-aliado-el-telefono-del-consumidor-supera-las-3-mil-atenciones-diarias\/","og_site_name":"Nexo Informativo Santiago de Quer\u00e9taro","article_publisher":"https:\/\/www.facebook.com\/people\/Nexo-Informativo\/61564066885511\/","article_published_time":"2025-07-11T18:00:47+00:00","article_modified_time":"2025-07-11T23:04:33+00:00","og_image":[{"width":800,"height":800,"url":"https:\/\/www.nexoinformativo.mx\/wp-content\/uploads\/2025\/07\/PHOTO-2025-07-11-11-37-49-e1752275031965.jpg","type":"image\/jpeg"}],"author":"Nexo Informativo","twitter_card":"summary_large_image","twitter_misc":{"Escrito por":"Nexo Informativo","Tiempo de lectura":"2 minutos"},"schema":{"@context":"https:\/\/schema.org","@graph":[{"@type":"Article","@id":"https:\/\/www.nexoinformativo.mx\/index.php\/2025\/07\/11\/profeco-tu-mejor-aliado-el-telefono-del-consumidor-supera-las-3-mil-atenciones-diarias\/#article","isPartOf":{"@id":"https:\/\/www.nexoinformativo.mx\/index.php\/2025\/07\/11\/profeco-tu-mejor-aliado-el-telefono-del-consumidor-supera-las-3-mil-atenciones-diarias\/"},"author":{"name":"Nexo Informativo","@id":"https:\/\/www.nexoinformativo.mx\/#\/schema\/person\/7749d380ba08c8ca00d7bc76fd907b7d"},"headline":"Profeco: Tu mejor aliado, el tel\u00e9fono del consumidor supera las 3 mil atenciones diarias","datePublished":"2025-07-11T18:00:47+00:00","dateModified":"2025-07-11T23:04:33+00:00","mainEntityOfPage":{"@id":"https:\/\/www.nexoinformativo.mx\/index.php\/2025\/07\/11\/profeco-tu-mejor-aliado-el-telefono-del-consumidor-supera-las-3-mil-atenciones-diarias\/"},"wordCount":304,"commentCount":0,"publisher":{"@id":"https:\/\/www.nexoinformativo.mx\/#organization"},"image":{"@id":"https:\/\/www.nexoinformativo.mx\/index.php\/2025\/07\/11\/profeco-tu-mejor-aliado-el-telefono-del-consumidor-supera-las-3-mil-atenciones-diarias\/#primaryimage"},"thumbnailUrl":"https:\/\/www.nexoinformativo.mx\/wp-content\/uploads\/2025\/07\/PHOTO-2025-07-11-11-37-49-e1752275031965.jpg","keywords":["DefensaDelConsumidor","DerechosDelConsumidor","Profeco","tel\u00e9fonoDelConsumidor"],"articleSection":["Econom\u00eda","Nacional","\u00daltima Hora"],"inLanguage":"es","potentialAction":[{"@type":"CommentAction","name":"Comment","target":["https:\/\/www.nexoinformativo.mx\/index.php\/2025\/07\/11\/profeco-tu-mejor-aliado-el-telefono-del-consumidor-supera-las-3-mil-atenciones-diarias\/#respond"]}]},{"@type":"WebPage","@id":"https:\/\/www.nexoinformativo.mx\/index.php\/2025\/07\/11\/profeco-tu-mejor-aliado-el-telefono-del-consumidor-supera-las-3-mil-atenciones-diarias\/","url":"https:\/\/www.nexoinformativo.mx\/index.php\/2025\/07\/11\/profeco-tu-mejor-aliado-el-telefono-del-consumidor-supera-las-3-mil-atenciones-diarias\/","name":"Profeco: Tu mejor aliado, el tel\u00e9fono del consumidor supera las 3 mil atenciones diarias | Nexo Informativo Santiago de Quer\u00e9taro","isPartOf":{"@id":"https:\/\/www.nexoinformativo.mx\/#website"},"primaryImageOfPage":{"@id":"https:\/\/www.nexoinformativo.mx\/index.php\/2025\/07\/11\/profeco-tu-mejor-aliado-el-telefono-del-consumidor-supera-las-3-mil-atenciones-diarias\/#primaryimage"},"image":{"@id":"https:\/\/www.nexoinformativo.mx\/index.php\/2025\/07\/11\/profeco-tu-mejor-aliado-el-telefono-del-consumidor-supera-las-3-mil-atenciones-diarias\/#primaryimage"},"thumbnailUrl":"https:\/\/www.nexoinformativo.mx\/wp-content\/uploads\/2025\/07\/PHOTO-2025-07-11-11-37-49-e1752275031965.jpg","datePublished":"2025-07-11T18:00:47+00:00","dateModified":"2025-07-11T23:04:33+00:00","description":"Profeco: Tu mejor aliado, el tel\u00e9fono del consumidor supera las 3 mil atenciones diarias","breadcrumb":{"@id":"https:\/\/www.nexoinformativo.mx\/index.php\/2025\/07\/11\/profeco-tu-mejor-aliado-el-telefono-del-consumidor-supera-las-3-mil-atenciones-diarias\/#breadcrumb"},"inLanguage":"es","potentialAction":[{"@type":"ReadAction","target":["https:\/\/www.nexoinformativo.mx\/index.php\/2025\/07\/11\/profeco-tu-mejor-aliado-el-telefono-del-consumidor-supera-las-3-mil-atenciones-diarias\/"]}]},{"@type":"ImageObject","inLanguage":"es","@id":"https:\/\/www.nexoinformativo.mx\/index.php\/2025\/07\/11\/profeco-tu-mejor-aliado-el-telefono-del-consumidor-supera-las-3-mil-atenciones-diarias\/#primaryimage","url":"https:\/\/www.nexoinformativo.mx\/wp-content\/uploads\/2025\/07\/PHOTO-2025-07-11-11-37-49-e1752275031965.jpg","contentUrl":"https:\/\/www.nexoinformativo.mx\/wp-content\/uploads\/2025\/07\/PHOTO-2025-07-11-11-37-49-e1752275031965.jpg","width":800,"height":800},{"@type":"BreadcrumbList","@id":"https:\/\/www.nexoinformativo.mx\/index.php\/2025\/07\/11\/profeco-tu-mejor-aliado-el-telefono-del-consumidor-supera-las-3-mil-atenciones-diarias\/#breadcrumb","itemListElement":[{"@type":"ListItem","position":1,"name":"Inicio","item":"https:\/\/www.nexoinformativo.mx\/"},{"@type":"ListItem","position":2,"name":"Profeco: Tu mejor aliado, el tel\u00e9fono del consumidor supera las 3 mil atenciones diarias"}]},{"@type":"WebSite","@id":"https:\/\/www.nexoinformativo.mx\/#website","url":"https:\/\/www.nexoinformativo.mx\/","name":"Nexo Informativo Santiago de Quer\u00e9taro","description":"Explora NexoInformativo y convi\u00e9rtete en parte de una comunidad que valora el conocimiento y la verdad. Tu nexoinformativo es tu puente hacia una comprensi\u00f3n m\u00e1s profunda del mundo que te rodea.","publisher":{"@id":"https:\/\/www.nexoinformativo.mx\/#organization"},"potentialAction":[{"@type":"SearchAction","target":{"@type":"EntryPoint","urlTemplate":"https:\/\/www.nexoinformativo.mx\/?s={search_term_string}"},"query-input":{"@type":"PropertyValueSpecification","valueRequired":true,"valueName":"search_term_string"}}],"inLanguage":"es"},{"@type":"Organization","@id":"https:\/\/www.nexoinformativo.mx\/#organization","name":"Nexo Informativo Santiago de Quer\u00e9taro","url":"https:\/\/www.nexoinformativo.mx\/","logo":{"@type":"ImageObject","inLanguage":"es","@id":"https:\/\/www.nexoinformativo.mx\/#\/schema\/logo\/image\/","url":"https:\/\/www.nexoinformativo.mx\/wp-content\/uploads\/2024\/07\/nexoi-trasparente-2.png","contentUrl":"https:\/\/www.nexoinformativo.mx\/wp-content\/uploads\/2024\/07\/nexoi-trasparente-2.png","width":816,"height":339,"caption":"Nexo Informativo Santiago de Quer\u00e9taro"},"image":{"@id":"https:\/\/www.nexoinformativo.mx\/#\/schema\/logo\/image\/"},"sameAs":["https:\/\/www.facebook.com\/people\/Nexo-Informativo\/61564066885511\/"]},{"@type":"Person","@id":"https:\/\/www.nexoinformativo.mx\/#\/schema\/person\/7749d380ba08c8ca00d7bc76fd907b7d","name":"Nexo Informativo","image":{"@type":"ImageObject","inLanguage":"es","@id":"https:\/\/www.nexoinformativo.mx\/#\/schema\/person\/image\/","url":"https:\/\/secure.gravatar.com\/avatar\/dde2928154642a13d95f87ddf1ea9718fe2b46760a005c53e41ff5ad610704e6?s=96&d=mm&r=g","contentUrl":"https:\/\/secure.gravatar.com\/avatar\/dde2928154642a13d95f87ddf1ea9718fe2b46760a005c53e41ff5ad610704e6?s=96&d=mm&r=g","caption":"Nexo Informativo"},"url":"https:\/\/www.nexoinformativo.mx\/index.php\/author\/edicion\/"}]}},"_links":{"self":[{"href":"https:\/\/www.nexoinformativo.mx\/index.php\/wp-json\/wp\/v2\/posts\/16441","targetHints":{"allow":["GET"]}}],"collection":[{"href":"https:\/\/www.nexoinformativo.mx\/index.php\/wp-json\/wp\/v2\/posts"}],"about":[{"href":"https:\/\/www.nexoinformativo.mx\/index.php\/wp-json\/wp\/v2\/types\/post"}],"author":[{"embeddable":true,"href":"https:\/\/www.nexoinformativo.mx\/index.php\/wp-json\/wp\/v2\/users\/3"}],"replies":[{"embeddable":true,"href":"https:\/\/www.nexoinformativo.mx\/index.php\/wp-json\/wp\/v2\/comments?post=16441"}],"version-history":[{"count":3,"href":"https:\/\/www.nexoinformativo.mx\/index.php\/wp-json\/wp\/v2\/posts\/16441\/revisions"}],"predecessor-version":[{"id":16445,"href":"https:\/\/www.nexoinformativo.mx\/index.php\/wp-json\/wp\/v2\/posts\/16441\/revisions\/16445"}],"wp:featuredmedia":[{"embeddable":true,"href":"https:\/\/www.nexoinformativo.mx\/index.php\/wp-json\/wp\/v2\/media\/16442"}],"wp:attachment":[{"href":"https:\/\/www.nexoinformativo.mx\/index.php\/wp-json\/wp\/v2\/media?parent=16441"}],"wp:term":[{"taxonomy":"category","embeddable":true,"href":"https:\/\/www.nexoinformativo.mx\/index.php\/wp-json\/wp\/v2\/categories?post=16441"},{"taxonomy":"post_tag","embeddable":true,"href":"https:\/\/www.nexoinformativo.mx\/index.php\/wp-json\/wp\/v2\/tags?post=16441"}],"curies":[{"name":"wp","href":"https:\/\/api.w.org\/{rel}","templated":true}]}}