{"id":16452,"date":"2025-07-11T14:00:57","date_gmt":"2025-07-11T20:00:57","guid":{"rendered":"https:\/\/www.nexoinformativo.mx\/?p=16452"},"modified":"2025-07-11T18:18:49","modified_gmt":"2025-07-12T00:18:49","slug":"compromiso-global-por-la-infancia-mexico-une-fuerzas-en-la-onu-para-proteger-a-ninas-ninos-y-adolescentes","status":"publish","type":"post","link":"https:\/\/www.nexoinformativo.mx\/index.php\/2025\/07\/11\/compromiso-global-por-la-infancia-mexico-une-fuerzas-en-la-onu-para-proteger-a-ninas-ninos-y-adolescentes\/","title":{"rendered":"Compromiso Global por la infancia M\u00e9xico une fuerzas en la ONU para proteger a ni\u00f1as, ni\u00f1os y adolescentes"},"content":{"rendered":"<p style=\"text-align: justify;\">M\u00e9xico ha reafirmado su firme compromiso con la Alianza Global para Poner Fin a la Violencia contra los Ni\u00f1os. Como pa\u00eds anfitri\u00f3n, hoy se inaugur\u00f3 el Encuentro Regional de Pa\u00edses Pioneros para la Erradicaci\u00f3n de la Violencia contra la Ni\u00f1ez, un espacio crucial para que las naciones de Am\u00e9rica intercambien experiencias y forjen una agenda com\u00fan hacia el 2030.<\/p>\n<\/p>\n<p>&nbsp;<\/p>\n<p style=\"text-align: justify;\">Este importante evento, encabezado por la Secretar\u00eda de Relaciones Exteriores (SRE), SIPINNA, la Representante Especial de la ONU sobre la Violencia contra la Ni\u00f1ez y UNICEF M\u00e9xico, busca fortalecer la colaboraci\u00f3n regional.<\/p>\n<\/p>\n<p>&nbsp;<\/p>\n<p style=\"text-align: justify;\">Enrique Ochoa, subsecretario para Asuntos Multilaterales y Derechos Humanos de la SRE, en representaci\u00f3n del canciller Juan Ram\u00f3n de la Fuente, destac\u00f3 la urgencia de erradicar la violencia contra la ni\u00f1ez en las Am\u00e9ricas.<\/p>\n<\/p>\n<p>&nbsp;<\/p>\n<p style=\"text-align: justify;\">Subray\u00f3 la necesidad de posicionar a ni\u00f1as, ni\u00f1os y adolescentes como figuras centrales en la transformaci\u00f3n social, el desarrollo sostenible y la construcci\u00f3n de la paz.<\/p>\n<\/p>\n<p>&nbsp;<\/p>\n<p style=\"text-align: justify;\">Reconoci\u00f3 que Am\u00e9rica Latina enfrenta desaf\u00edos estructurales como la desigualdad, la migraci\u00f3n, el desplazamiento forzado y el cambio clim\u00e1tico, que impactan de manera diferenciada a la ni\u00f1ez y adolescencia.<\/p>\n<\/p>\n<p>&nbsp;<\/p>\n<p style=\"text-align: justify;\">En este contexto, M\u00e9xico, bajo el liderazgo de la Presidenta Claudia Sheinbaum Pardo y en l\u00ednea con el Humanismo Mexicano, asume su rol como catalizador de acciones regionales transformadoras.<\/p>\n<\/p>\n<p>&nbsp;<\/p>\n<p style=\"text-align: justify;\">Maalla M\u2019jid, representante especial del secretario general de la ONU sobre la Violencia contra la Ni\u00f1ez, present\u00f3 los avances de la Alianza Global, lanzada en noviembre de 2024 en Bogot\u00e1. Este movimiento internacional ya cuenta con la adhesi\u00f3n de 44 pa\u00edses a junio de 2025, incluyendo a los participantes en este encuentro.<\/p>\n<\/p>\n<p>&nbsp;<\/p>\n<p style=\"text-align: justify;\">Para el Gobierno de M\u00e9xico, la ni\u00f1ez es el capital m\u00e1s valioso de la regi\u00f3n, y su protecci\u00f3n es una acci\u00f3n primordial para construir un futuro pr\u00f3spero y de bienestar para todos.<\/p>\n<\/p>\n<p>&nbsp;<\/p>\n<p style=\"text-align: center;\"><em><strong>\u00a1Informaci\u00f3n que transforma!<\/strong><\/em><\/p>\n","protected":false},"excerpt":{"rendered":"<p>M\u00e9xico ha reafirmado su firme compromiso con la Alianza Global para Poner Fin a la Violencia contra los Ni\u00f1os. Como pa\u00eds anfitri\u00f3n, hoy se inaugur\u00f3 el Encuentro Regional de Pa\u00edses Pioneros para la Erradicaci\u00f3n de la Violencia contra la Ni\u00f1ez, un espacio crucial para que las naciones de Am\u00e9rica intercambien experiencias y forjen una agenda com\u00fan hacia el 2030.<\/p>\n","protected":false},"author":3,"featured_media":16453,"comment_status":"open","ping_status":"open","sticky":false,"template":"","format":"standard","meta":{"footnotes":""},"categories":[88,58],"tags":[4932,4917,4931,4933],"class_list":["post-16452","post","type-post","status-publish","format-standard","has-post-thumbnail","hentry","category-nacional","category-ultima-hora","tag-derechosdelaninez","tag-mexicoonu","tag-ninezsinviolencia","tag-sipinna"],"yoast_head":"<!-- This site is optimized with the Yoast SEO plugin v25.0 - https:\/\/yoast.com\/wordpress\/plugins\/seo\/ -->\n<title>Compromiso Global por la infancia M\u00e9xico une fuerzas en la ONU para proteger a ni\u00f1as, ni\u00f1os y adolescentes | Nexo Informativo Santiago de Quer\u00e9taro<\/title>\n<meta name=\"description\" content=\"Compromiso Global por la infancia M\u00e9xico une fuerzas en la ONU para proteger a ni\u00f1as, ni\u00f1os y adolescentes\" \/>\n<meta name=\"robots\" content=\"index, follow, max-snippet:-1, max-image-preview:large, max-video-preview:-1\" \/>\n<link rel=\"canonical\" href=\"https:\/\/www.nexoinformativo.mx\/index.php\/2025\/07\/11\/compromiso-global-por-la-infancia-mexico-une-fuerzas-en-la-onu-para-proteger-a-ninas-ninos-y-adolescentes\/\" \/>\n<meta property=\"og:locale\" content=\"es_MX\" \/>\n<meta property=\"og:type\" content=\"article\" \/>\n<meta property=\"og:title\" content=\"Compromiso Global por la infancia M\u00e9xico une fuerzas en la ONU para proteger a ni\u00f1as, ni\u00f1os y adolescentes | Nexo Informativo Santiago de Quer\u00e9taro\" \/>\n<meta property=\"og:description\" content=\"Compromiso Global por la infancia M\u00e9xico une fuerzas en la ONU para proteger a ni\u00f1as, ni\u00f1os y adolescentes\" \/>\n<meta property=\"og:url\" content=\"https:\/\/www.nexoinformativo.mx\/index.php\/2025\/07\/11\/compromiso-global-por-la-infancia-mexico-une-fuerzas-en-la-onu-para-proteger-a-ninas-ninos-y-adolescentes\/\" \/>\n<meta property=\"og:site_name\" content=\"Nexo Informativo Santiago de Quer\u00e9taro\" \/>\n<meta property=\"article:publisher\" content=\"https:\/\/www.facebook.com\/people\/Nexo-Informativo\/61564066885511\/\" \/>\n<meta property=\"article:published_time\" content=\"2025-07-11T20:00:57+00:00\" \/>\n<meta property=\"article:modified_time\" content=\"2025-07-12T00:18:49+00:00\" \/>\n<meta property=\"og:image\" content=\"https:\/\/www.nexoinformativo.mx\/wp-content\/uploads\/2025\/07\/IMG_5143.jpg\" \/>\n\t<meta property=\"og:image:width\" content=\"650\" \/>\n\t<meta property=\"og:image:height\" content=\"380\" \/>\n\t<meta property=\"og:image:type\" content=\"image\/jpeg\" \/>\n<meta name=\"author\" content=\"Nexo Informativo\" \/>\n<meta name=\"twitter:card\" content=\"summary_large_image\" \/>\n<meta name=\"twitter:label1\" content=\"Escrito por\" \/>\n\t<meta name=\"twitter:data1\" content=\"Nexo Informativo\" \/>\n\t<meta name=\"twitter:label2\" content=\"Tiempo de lectura\" \/>\n\t<meta name=\"twitter:data2\" content=\"2 minutos\" \/>\n<script type=\"application\/ld+json\" class=\"yoast-schema-graph\">{\"@context\":\"https:\/\/schema.org\",\"@graph\":[{\"@type\":\"Article\",\"@id\":\"https:\/\/www.nexoinformativo.mx\/index.php\/2025\/07\/11\/compromiso-global-por-la-infancia-mexico-une-fuerzas-en-la-onu-para-proteger-a-ninas-ninos-y-adolescentes\/#article\",\"isPartOf\":{\"@id\":\"https:\/\/www.nexoinformativo.mx\/index.php\/2025\/07\/11\/compromiso-global-por-la-infancia-mexico-une-fuerzas-en-la-onu-para-proteger-a-ninas-ninos-y-adolescentes\/\"},\"author\":{\"name\":\"Nexo Informativo\",\"@id\":\"https:\/\/www.nexoinformativo.mx\/#\/schema\/person\/7749d380ba08c8ca00d7bc76fd907b7d\"},\"headline\":\"Compromiso Global por la infancia M\u00e9xico une fuerzas en la ONU para proteger a ni\u00f1as, ni\u00f1os y adolescentes\",\"datePublished\":\"2025-07-11T20:00:57+00:00\",\"dateModified\":\"2025-07-12T00:18:49+00:00\",\"mainEntityOfPage\":{\"@id\":\"https:\/\/www.nexoinformativo.mx\/index.php\/2025\/07\/11\/compromiso-global-por-la-infancia-mexico-une-fuerzas-en-la-onu-para-proteger-a-ninas-ninos-y-adolescentes\/\"},\"wordCount\":361,\"commentCount\":0,\"publisher\":{\"@id\":\"https:\/\/www.nexoinformativo.mx\/#organization\"},\"image\":{\"@id\":\"https:\/\/www.nexoinformativo.mx\/index.php\/2025\/07\/11\/compromiso-global-por-la-infancia-mexico-une-fuerzas-en-la-onu-para-proteger-a-ninas-ninos-y-adolescentes\/#primaryimage\"},\"thumbnailUrl\":\"https:\/\/www.nexoinformativo.mx\/wp-content\/uploads\/2025\/07\/IMG_5143.jpg\",\"keywords\":[\"DerechosDeLaNi\u00f1ez\",\"M\u00e9xicoONU\",\"Ni\u00f1ezSinViolencia\",\"SIPINNA\"],\"articleSection\":[\"Nacional\",\"\u00daltima Hora\"],\"inLanguage\":\"es\",\"potentialAction\":[{\"@type\":\"CommentAction\",\"name\":\"Comment\",\"target\":[\"https:\/\/www.nexoinformativo.mx\/index.php\/2025\/07\/11\/compromiso-global-por-la-infancia-mexico-une-fuerzas-en-la-onu-para-proteger-a-ninas-ninos-y-adolescentes\/#respond\"]}]},{\"@type\":\"WebPage\",\"@id\":\"https:\/\/www.nexoinformativo.mx\/index.php\/2025\/07\/11\/compromiso-global-por-la-infancia-mexico-une-fuerzas-en-la-onu-para-proteger-a-ninas-ninos-y-adolescentes\/\",\"url\":\"https:\/\/www.nexoinformativo.mx\/index.php\/2025\/07\/11\/compromiso-global-por-la-infancia-mexico-une-fuerzas-en-la-onu-para-proteger-a-ninas-ninos-y-adolescentes\/\",\"name\":\"Compromiso Global por la infancia M\u00e9xico une fuerzas en la ONU para proteger a ni\u00f1as, ni\u00f1os y adolescentes | Nexo Informativo Santiago de Quer\u00e9taro\",\"isPartOf\":{\"@id\":\"https:\/\/www.nexoinformativo.mx\/#website\"},\"primaryImageOfPage\":{\"@id\":\"https:\/\/www.nexoinformativo.mx\/index.php\/2025\/07\/11\/compromiso-global-por-la-infancia-mexico-une-fuerzas-en-la-onu-para-proteger-a-ninas-ninos-y-adolescentes\/#primaryimage\"},\"image\":{\"@id\":\"https:\/\/www.nexoinformativo.mx\/index.php\/2025\/07\/11\/compromiso-global-por-la-infancia-mexico-une-fuerzas-en-la-onu-para-proteger-a-ninas-ninos-y-adolescentes\/#primaryimage\"},\"thumbnailUrl\":\"https:\/\/www.nexoinformativo.mx\/wp-content\/uploads\/2025\/07\/IMG_5143.jpg\",\"datePublished\":\"2025-07-11T20:00:57+00:00\",\"dateModified\":\"2025-07-12T00:18:49+00:00\",\"description\":\"Compromiso Global por la infancia M\u00e9xico une fuerzas en la ONU para proteger a ni\u00f1as, ni\u00f1os y adolescentes\",\"breadcrumb\":{\"@id\":\"https:\/\/www.nexoinformativo.mx\/index.php\/2025\/07\/11\/compromiso-global-por-la-infancia-mexico-une-fuerzas-en-la-onu-para-proteger-a-ninas-ninos-y-adolescentes\/#breadcrumb\"},\"inLanguage\":\"es\",\"potentialAction\":[{\"@type\":\"ReadAction\",\"target\":[\"https:\/\/www.nexoinformativo.mx\/index.php\/2025\/07\/11\/compromiso-global-por-la-infancia-mexico-une-fuerzas-en-la-onu-para-proteger-a-ninas-ninos-y-adolescentes\/\"]}]},{\"@type\":\"ImageObject\",\"inLanguage\":\"es\",\"@id\":\"https:\/\/www.nexoinformativo.mx\/index.php\/2025\/07\/11\/compromiso-global-por-la-infancia-mexico-une-fuerzas-en-la-onu-para-proteger-a-ninas-ninos-y-adolescentes\/#primaryimage\",\"url\":\"https:\/\/www.nexoinformativo.mx\/wp-content\/uploads\/2025\/07\/IMG_5143.jpg\",\"contentUrl\":\"https:\/\/www.nexoinformativo.mx\/wp-content\/uploads\/2025\/07\/IMG_5143.jpg\",\"width\":650,\"height\":380},{\"@type\":\"BreadcrumbList\",\"@id\":\"https:\/\/www.nexoinformativo.mx\/index.php\/2025\/07\/11\/compromiso-global-por-la-infancia-mexico-une-fuerzas-en-la-onu-para-proteger-a-ninas-ninos-y-adolescentes\/#breadcrumb\",\"itemListElement\":[{\"@type\":\"ListItem\",\"position\":1,\"name\":\"Inicio\",\"item\":\"https:\/\/www.nexoinformativo.mx\/\"},{\"@type\":\"ListItem\",\"position\":2,\"name\":\"Compromiso Global por la infancia M\u00e9xico une fuerzas en la ONU para proteger a ni\u00f1as, ni\u00f1os y adolescentes\"}]},{\"@type\":\"WebSite\",\"@id\":\"https:\/\/www.nexoinformativo.mx\/#website\",\"url\":\"https:\/\/www.nexoinformativo.mx\/\",\"name\":\"Nexo Informativo Santiago de Quer\u00e9taro\",\"description\":\"Explora NexoInformativo y convi\u00e9rtete en parte de una comunidad que valora el conocimiento y la verdad. Tu nexoinformativo es tu puente hacia una comprensi\u00f3n m\u00e1s profunda del mundo que te rodea.\",\"publisher\":{\"@id\":\"https:\/\/www.nexoinformativo.mx\/#organization\"},\"potentialAction\":[{\"@type\":\"SearchAction\",\"target\":{\"@type\":\"EntryPoint\",\"urlTemplate\":\"https:\/\/www.nexoinformativo.mx\/?s={search_term_string}\"},\"query-input\":{\"@type\":\"PropertyValueSpecification\",\"valueRequired\":true,\"valueName\":\"search_term_string\"}}],\"inLanguage\":\"es\"},{\"@type\":\"Organization\",\"@id\":\"https:\/\/www.nexoinformativo.mx\/#organization\",\"name\":\"Nexo Informativo Santiago de Quer\u00e9taro\",\"url\":\"https:\/\/www.nexoinformativo.mx\/\",\"logo\":{\"@type\":\"ImageObject\",\"inLanguage\":\"es\",\"@id\":\"https:\/\/www.nexoinformativo.mx\/#\/schema\/logo\/image\/\",\"url\":\"https:\/\/www.nexoinformativo.mx\/wp-content\/uploads\/2024\/07\/nexoi-trasparente-2.png\",\"contentUrl\":\"https:\/\/www.nexoinformativo.mx\/wp-content\/uploads\/2024\/07\/nexoi-trasparente-2.png\",\"width\":816,\"height\":339,\"caption\":\"Nexo Informativo Santiago de Quer\u00e9taro\"},\"image\":{\"@id\":\"https:\/\/www.nexoinformativo.mx\/#\/schema\/logo\/image\/\"},\"sameAs\":[\"https:\/\/www.facebook.com\/people\/Nexo-Informativo\/61564066885511\/\"]},{\"@type\":\"Person\",\"@id\":\"https:\/\/www.nexoinformativo.mx\/#\/schema\/person\/7749d380ba08c8ca00d7bc76fd907b7d\",\"name\":\"Nexo Informativo\",\"image\":{\"@type\":\"ImageObject\",\"inLanguage\":\"es\",\"@id\":\"https:\/\/www.nexoinformativo.mx\/#\/schema\/person\/image\/\",\"url\":\"https:\/\/secure.gravatar.com\/avatar\/dde2928154642a13d95f87ddf1ea9718fe2b46760a005c53e41ff5ad610704e6?s=96&d=mm&r=g\",\"contentUrl\":\"https:\/\/secure.gravatar.com\/avatar\/dde2928154642a13d95f87ddf1ea9718fe2b46760a005c53e41ff5ad610704e6?s=96&d=mm&r=g\",\"caption\":\"Nexo Informativo\"},\"url\":\"https:\/\/www.nexoinformativo.mx\/index.php\/author\/edicion\/\"}]}<\/script>\n<!-- \/ Yoast SEO plugin. -->","yoast_head_json":{"title":"Compromiso Global por la infancia M\u00e9xico une fuerzas en la ONU para proteger a ni\u00f1as, ni\u00f1os y adolescentes | Nexo Informativo Santiago de Quer\u00e9taro","description":"Compromiso Global por la infancia M\u00e9xico une fuerzas en la ONU para proteger a ni\u00f1as, ni\u00f1os y adolescentes","robots":{"index":"index","follow":"follow","max-snippet":"max-snippet:-1","max-image-preview":"max-image-preview:large","max-video-preview":"max-video-preview:-1"},"canonical":"https:\/\/www.nexoinformativo.mx\/index.php\/2025\/07\/11\/compromiso-global-por-la-infancia-mexico-une-fuerzas-en-la-onu-para-proteger-a-ninas-ninos-y-adolescentes\/","og_locale":"es_MX","og_type":"article","og_title":"Compromiso Global por la infancia M\u00e9xico une fuerzas en la ONU para proteger a ni\u00f1as, ni\u00f1os y adolescentes | Nexo Informativo Santiago de Quer\u00e9taro","og_description":"Compromiso Global por la infancia M\u00e9xico une fuerzas en la ONU para proteger a ni\u00f1as, ni\u00f1os y adolescentes","og_url":"https:\/\/www.nexoinformativo.mx\/index.php\/2025\/07\/11\/compromiso-global-por-la-infancia-mexico-une-fuerzas-en-la-onu-para-proteger-a-ninas-ninos-y-adolescentes\/","og_site_name":"Nexo Informativo Santiago de Quer\u00e9taro","article_publisher":"https:\/\/www.facebook.com\/people\/Nexo-Informativo\/61564066885511\/","article_published_time":"2025-07-11T20:00:57+00:00","article_modified_time":"2025-07-12T00:18:49+00:00","og_image":[{"width":650,"height":380,"url":"https:\/\/www.nexoinformativo.mx\/wp-content\/uploads\/2025\/07\/IMG_5143.jpg","type":"image\/jpeg"}],"author":"Nexo Informativo","twitter_card":"summary_large_image","twitter_misc":{"Escrito por":"Nexo Informativo","Tiempo de lectura":"2 minutos"},"schema":{"@context":"https:\/\/schema.org","@graph":[{"@type":"Article","@id":"https:\/\/www.nexoinformativo.mx\/index.php\/2025\/07\/11\/compromiso-global-por-la-infancia-mexico-une-fuerzas-en-la-onu-para-proteger-a-ninas-ninos-y-adolescentes\/#article","isPartOf":{"@id":"https:\/\/www.nexoinformativo.mx\/index.php\/2025\/07\/11\/compromiso-global-por-la-infancia-mexico-une-fuerzas-en-la-onu-para-proteger-a-ninas-ninos-y-adolescentes\/"},"author":{"name":"Nexo Informativo","@id":"https:\/\/www.nexoinformativo.mx\/#\/schema\/person\/7749d380ba08c8ca00d7bc76fd907b7d"},"headline":"Compromiso Global por la infancia M\u00e9xico une fuerzas en la ONU para proteger a ni\u00f1as, ni\u00f1os y adolescentes","datePublished":"2025-07-11T20:00:57+00:00","dateModified":"2025-07-12T00:18:49+00:00","mainEntityOfPage":{"@id":"https:\/\/www.nexoinformativo.mx\/index.php\/2025\/07\/11\/compromiso-global-por-la-infancia-mexico-une-fuerzas-en-la-onu-para-proteger-a-ninas-ninos-y-adolescentes\/"},"wordCount":361,"commentCount":0,"publisher":{"@id":"https:\/\/www.nexoinformativo.mx\/#organization"},"image":{"@id":"https:\/\/www.nexoinformativo.mx\/index.php\/2025\/07\/11\/compromiso-global-por-la-infancia-mexico-une-fuerzas-en-la-onu-para-proteger-a-ninas-ninos-y-adolescentes\/#primaryimage"},"thumbnailUrl":"https:\/\/www.nexoinformativo.mx\/wp-content\/uploads\/2025\/07\/IMG_5143.jpg","keywords":["DerechosDeLaNi\u00f1ez","M\u00e9xicoONU","Ni\u00f1ezSinViolencia","SIPINNA"],"articleSection":["Nacional","\u00daltima Hora"],"inLanguage":"es","potentialAction":[{"@type":"CommentAction","name":"Comment","target":["https:\/\/www.nexoinformativo.mx\/index.php\/2025\/07\/11\/compromiso-global-por-la-infancia-mexico-une-fuerzas-en-la-onu-para-proteger-a-ninas-ninos-y-adolescentes\/#respond"]}]},{"@type":"WebPage","@id":"https:\/\/www.nexoinformativo.mx\/index.php\/2025\/07\/11\/compromiso-global-por-la-infancia-mexico-une-fuerzas-en-la-onu-para-proteger-a-ninas-ninos-y-adolescentes\/","url":"https:\/\/www.nexoinformativo.mx\/index.php\/2025\/07\/11\/compromiso-global-por-la-infancia-mexico-une-fuerzas-en-la-onu-para-proteger-a-ninas-ninos-y-adolescentes\/","name":"Compromiso Global por la infancia M\u00e9xico une fuerzas en la ONU para proteger a ni\u00f1as, ni\u00f1os y adolescentes | Nexo Informativo Santiago de Quer\u00e9taro","isPartOf":{"@id":"https:\/\/www.nexoinformativo.mx\/#website"},"primaryImageOfPage":{"@id":"https:\/\/www.nexoinformativo.mx\/index.php\/2025\/07\/11\/compromiso-global-por-la-infancia-mexico-une-fuerzas-en-la-onu-para-proteger-a-ninas-ninos-y-adolescentes\/#primaryimage"},"image":{"@id":"https:\/\/www.nexoinformativo.mx\/index.php\/2025\/07\/11\/compromiso-global-por-la-infancia-mexico-une-fuerzas-en-la-onu-para-proteger-a-ninas-ninos-y-adolescentes\/#primaryimage"},"thumbnailUrl":"https:\/\/www.nexoinformativo.mx\/wp-content\/uploads\/2025\/07\/IMG_5143.jpg","datePublished":"2025-07-11T20:00:57+00:00","dateModified":"2025-07-12T00:18:49+00:00","description":"Compromiso Global por la infancia M\u00e9xico une fuerzas en la ONU para proteger a ni\u00f1as, ni\u00f1os y adolescentes","breadcrumb":{"@id":"https:\/\/www.nexoinformativo.mx\/index.php\/2025\/07\/11\/compromiso-global-por-la-infancia-mexico-une-fuerzas-en-la-onu-para-proteger-a-ninas-ninos-y-adolescentes\/#breadcrumb"},"inLanguage":"es","potentialAction":[{"@type":"ReadAction","target":["https:\/\/www.nexoinformativo.mx\/index.php\/2025\/07\/11\/compromiso-global-por-la-infancia-mexico-une-fuerzas-en-la-onu-para-proteger-a-ninas-ninos-y-adolescentes\/"]}]},{"@type":"ImageObject","inLanguage":"es","@id":"https:\/\/www.nexoinformativo.mx\/index.php\/2025\/07\/11\/compromiso-global-por-la-infancia-mexico-une-fuerzas-en-la-onu-para-proteger-a-ninas-ninos-y-adolescentes\/#primaryimage","url":"https:\/\/www.nexoinformativo.mx\/wp-content\/uploads\/2025\/07\/IMG_5143.jpg","contentUrl":"https:\/\/www.nexoinformativo.mx\/wp-content\/uploads\/2025\/07\/IMG_5143.jpg","width":650,"height":380},{"@type":"BreadcrumbList","@id":"https:\/\/www.nexoinformativo.mx\/index.php\/2025\/07\/11\/compromiso-global-por-la-infancia-mexico-une-fuerzas-en-la-onu-para-proteger-a-ninas-ninos-y-adolescentes\/#breadcrumb","itemListElement":[{"@type":"ListItem","position":1,"name":"Inicio","item":"https:\/\/www.nexoinformativo.mx\/"},{"@type":"ListItem","position":2,"name":"Compromiso Global por la infancia M\u00e9xico une fuerzas en la ONU para proteger a ni\u00f1as, ni\u00f1os y adolescentes"}]},{"@type":"WebSite","@id":"https:\/\/www.nexoinformativo.mx\/#website","url":"https:\/\/www.nexoinformativo.mx\/","name":"Nexo Informativo Santiago de Quer\u00e9taro","description":"Explora NexoInformativo y convi\u00e9rtete en parte de una comunidad que valora el conocimiento y la verdad. Tu nexoinformativo es tu puente hacia una comprensi\u00f3n m\u00e1s profunda del mundo que te rodea.","publisher":{"@id":"https:\/\/www.nexoinformativo.mx\/#organization"},"potentialAction":[{"@type":"SearchAction","target":{"@type":"EntryPoint","urlTemplate":"https:\/\/www.nexoinformativo.mx\/?s={search_term_string}"},"query-input":{"@type":"PropertyValueSpecification","valueRequired":true,"valueName":"search_term_string"}}],"inLanguage":"es"},{"@type":"Organization","@id":"https:\/\/www.nexoinformativo.mx\/#organization","name":"Nexo Informativo Santiago de Quer\u00e9taro","url":"https:\/\/www.nexoinformativo.mx\/","logo":{"@type":"ImageObject","inLanguage":"es","@id":"https:\/\/www.nexoinformativo.mx\/#\/schema\/logo\/image\/","url":"https:\/\/www.nexoinformativo.mx\/wp-content\/uploads\/2024\/07\/nexoi-trasparente-2.png","contentUrl":"https:\/\/www.nexoinformativo.mx\/wp-content\/uploads\/2024\/07\/nexoi-trasparente-2.png","width":816,"height":339,"caption":"Nexo Informativo Santiago de Quer\u00e9taro"},"image":{"@id":"https:\/\/www.nexoinformativo.mx\/#\/schema\/logo\/image\/"},"sameAs":["https:\/\/www.facebook.com\/people\/Nexo-Informativo\/61564066885511\/"]},{"@type":"Person","@id":"https:\/\/www.nexoinformativo.mx\/#\/schema\/person\/7749d380ba08c8ca00d7bc76fd907b7d","name":"Nexo Informativo","image":{"@type":"ImageObject","inLanguage":"es","@id":"https:\/\/www.nexoinformativo.mx\/#\/schema\/person\/image\/","url":"https:\/\/secure.gravatar.com\/avatar\/dde2928154642a13d95f87ddf1ea9718fe2b46760a005c53e41ff5ad610704e6?s=96&d=mm&r=g","contentUrl":"https:\/\/secure.gravatar.com\/avatar\/dde2928154642a13d95f87ddf1ea9718fe2b46760a005c53e41ff5ad610704e6?s=96&d=mm&r=g","caption":"Nexo Informativo"},"url":"https:\/\/www.nexoinformativo.mx\/index.php\/author\/edicion\/"}]}},"_links":{"self":[{"href":"https:\/\/www.nexoinformativo.mx\/index.php\/wp-json\/wp\/v2\/posts\/16452","targetHints":{"allow":["GET"]}}],"collection":[{"href":"https:\/\/www.nexoinformativo.mx\/index.php\/wp-json\/wp\/v2\/posts"}],"about":[{"href":"https:\/\/www.nexoinformativo.mx\/index.php\/wp-json\/wp\/v2\/types\/post"}],"author":[{"embeddable":true,"href":"https:\/\/www.nexoinformativo.mx\/index.php\/wp-json\/wp\/v2\/users\/3"}],"replies":[{"embeddable":true,"href":"https:\/\/www.nexoinformativo.mx\/index.php\/wp-json\/wp\/v2\/comments?post=16452"}],"version-history":[{"count":3,"href":"https:\/\/www.nexoinformativo.mx\/index.php\/wp-json\/wp\/v2\/posts\/16452\/revisions"}],"predecessor-version":[{"id":16456,"href":"https:\/\/www.nexoinformativo.mx\/index.php\/wp-json\/wp\/v2\/posts\/16452\/revisions\/16456"}],"wp:featuredmedia":[{"embeddable":true,"href":"https:\/\/www.nexoinformativo.mx\/index.php\/wp-json\/wp\/v2\/media\/16453"}],"wp:attachment":[{"href":"https:\/\/www.nexoinformativo.mx\/index.php\/wp-json\/wp\/v2\/media?parent=16452"}],"wp:term":[{"taxonomy":"category","embeddable":true,"href":"https:\/\/www.nexoinformativo.mx\/index.php\/wp-json\/wp\/v2\/categories?post=16452"},{"taxonomy":"post_tag","embeddable":true,"href":"https:\/\/www.nexoinformativo.mx\/index.php\/wp-json\/wp\/v2\/tags?post=16452"}],"curies":[{"name":"wp","href":"https:\/\/api.w.org\/{rel}","templated":true}]}}