{"id":16458,"date":"2025-07-11T15:00:05","date_gmt":"2025-07-11T21:00:05","guid":{"rendered":"https:\/\/www.nexoinformativo.mx\/?p=16458"},"modified":"2025-07-11T18:27:32","modified_gmt":"2025-07-12T00:27:32","slug":"boom-turistico-en-mexico-el-pais-recibe-14-2-mas-visitantes-internacionales-y-consolida-su-liderazgo","status":"publish","type":"post","link":"https:\/\/www.nexoinformativo.mx\/index.php\/2025\/07\/11\/boom-turistico-en-mexico-el-pais-recibe-14-2-mas-visitantes-internacionales-y-consolida-su-liderazgo\/","title":{"rendered":"Boom Tur\u00edstico en M\u00e9xico el pa\u00eds recibe 14.2% m\u00e1s visitantes Internacionales y consolida su liderazgo"},"content":{"rendered":"<p style=\"text-align: justify;\">El turismo en M\u00e9xico vive un momento dorado. La secretaria de Turismo del Gobierno de M\u00e9xico, Josefina Rodr\u00edguez, ha anunciado una cifra impresionante: de enero a mayo de 2025, el pa\u00eds recibi\u00f3 39.4 millones de visitantes internacionales.<\/p>\n<\/p>\n<p>&nbsp;<\/p>\n<p style=\"text-align: justify;\">Esto representa un notable incremento del 14.2% en comparaci\u00f3n con el mismo periodo de 2024, consolidando a M\u00e9xico como un destino l\u00edder a nivel mundial.<\/p>\n<\/p>\n<p>&nbsp;<\/p>\n<p style=\"text-align: justify;\">Rodr\u00edguez Zamora destac\u00f3 que este flujo de visitantes no solo se traduce en cantidad, sino tambi\u00e9n en un significativo ingreso de divisas. Durante los primeros cinco meses del a\u00f1o, los visitantes internacionales generaron 15 mil 929.5 millones de d\u00f3lares, lo que significa un aumento del 6.4% respecto a 2024 y un asombroso 43.8% m\u00e1s que en 2019.<\/p>\n<\/p>\n<p>&nbsp;<\/p>\n<p style=\"text-align: justify;\">&#8220;Con estos resultados, M\u00e9xico se contin\u00faa consolidando como uno de los destinos m\u00e1s atractivos y din\u00e1micos en el mundo, as\u00ed como una pieza fundamental para llevar bienestar a las y los mexicanos que participan de esta noble actividad&#8221;, expres\u00f3 la secretaria.<\/p>\n<\/p>\n<p>&nbsp;<\/p>\n<p style=\"text-align: justify;\">El mes de mayo fue particularmente exitoso, con la llegada de 7 millones 938 mil 444 visitantes, un 18% m\u00e1s que en mayo de 2024. De estos, 3 millones 751 mil 180 fueron turistas internacionales con pernocta y 4 millones 187 mil 264 fueron excursionistas. Las divisas generadas solo en mayo alcanzaron los 2 mil 618.8 millones de d\u00f3lares, un 6.3% m\u00e1s que el a\u00f1o anterior.<\/p>\n<\/p>\n<p>&nbsp;<\/p>\n<p style=\"text-align: justify;\">De enero a mayo, M\u00e9xico recibi\u00f3 19.4 millones de turistas internacionales (aquellos que pernoctan), lo que marca un incremento del 6.8% respecto a 2024 y del 6.6% en comparaci\u00f3n con 2019. El ingreso de divisas de estos turistas fue de 14 mil 624.1 millones de d\u00f3lares, 5.2% m\u00e1s que en 2024 y 44.4% m\u00e1s que en 2019.<\/p>\n<\/p>\n<p>&nbsp;<\/p>\n<p style=\"text-align: justify;\">El sector de cruceros tambi\u00e9n report\u00f3 excelentes n\u00fameros, con cinco millones de pasajeros arribando a los puertos mexicanos, un aumento del 10% respecto a 2024 y del 19.5% frente a 2019. Estos excursionistas generaron 427.7 millones de d\u00f3lares, un 12.0% m\u00e1s que en 2024.<\/p>\n<\/p>\n<p>&nbsp;<\/p>\n<p style=\"text-align: justify;\">Estos datos, basados en la Encuesta de Viajeros Internacionales del Inegi, muestran la resiliencia y el atractivo de M\u00e9xico como destino global.<\/p>\n<\/p>\n<p>&nbsp;<\/p>\n<p style=\"text-align: center;\"><em><strong>\u00a1Informaci\u00f3n que trasforma!<\/strong><\/em><\/p>\n","protected":false},"excerpt":{"rendered":"<p>El turismo en M\u00e9xico vive un momento dorado. La secretaria de Turismo del Gobierno de M\u00e9xico, Josefina Rodr\u00edguez, ha anunciado una cifra impresionante: de enero a mayo de 2025, el pa\u00eds recibi\u00f3 39.4 millones de visitantes internacionales.<\/p>\n","protected":false},"author":3,"featured_media":16459,"comment_status":"open","ping_status":"open","sticky":false,"template":"","format":"standard","meta":{"footnotes":""},"categories":[5,88,58],"tags":[4934,2221,2220,4899],"class_list":["post-16458","post","type-post","status-publish","format-standard","has-post-thumbnail","hentry","category-economia","category-nacional","category-ultima-hora","tag-recordturistico","tag-sectur","tag-turismomexico","tag-visitamexico"],"yoast_head":"<!-- This site is optimized with the Yoast SEO plugin v25.0 - https:\/\/yoast.com\/wordpress\/plugins\/seo\/ -->\n<title>Boom Tur\u00edstico en M\u00e9xico el pa\u00eds recibe 14.2% m\u00e1s visitantes Internacionales y consolida su liderazgo | Nexo Informativo Santiago de Quer\u00e9taro<\/title>\n<meta name=\"description\" content=\"Boom Tur\u00edstico en M\u00e9xico el pa\u00eds recibe 14.2% m\u00e1s visitantes Internacionales y consolida su liderazgo\" \/>\n<meta name=\"robots\" content=\"index, follow, max-snippet:-1, max-image-preview:large, max-video-preview:-1\" \/>\n<link rel=\"canonical\" href=\"https:\/\/www.nexoinformativo.mx\/index.php\/2025\/07\/11\/boom-turistico-en-mexico-el-pais-recibe-14-2-mas-visitantes-internacionales-y-consolida-su-liderazgo\/\" \/>\n<meta property=\"og:locale\" content=\"es_MX\" \/>\n<meta property=\"og:type\" content=\"article\" \/>\n<meta property=\"og:title\" content=\"Boom Tur\u00edstico en M\u00e9xico el pa\u00eds recibe 14.2% m\u00e1s visitantes Internacionales y consolida su liderazgo | Nexo Informativo Santiago de Quer\u00e9taro\" \/>\n<meta property=\"og:description\" content=\"Boom Tur\u00edstico en M\u00e9xico el pa\u00eds recibe 14.2% m\u00e1s visitantes Internacionales y consolida su liderazgo\" \/>\n<meta property=\"og:url\" content=\"https:\/\/www.nexoinformativo.mx\/index.php\/2025\/07\/11\/boom-turistico-en-mexico-el-pais-recibe-14-2-mas-visitantes-internacionales-y-consolida-su-liderazgo\/\" \/>\n<meta property=\"og:site_name\" content=\"Nexo Informativo Santiago de Quer\u00e9taro\" \/>\n<meta property=\"article:publisher\" content=\"https:\/\/www.facebook.com\/people\/Nexo-Informativo\/61564066885511\/\" \/>\n<meta property=\"article:published_time\" content=\"2025-07-11T21:00:05+00:00\" \/>\n<meta property=\"article:modified_time\" content=\"2025-07-12T00:27:32+00:00\" \/>\n<meta property=\"og:image\" content=\"https:\/\/www.nexoinformativo.mx\/wp-content\/uploads\/2025\/07\/IMG_5144-e1752280020986.jpg\" \/>\n\t<meta property=\"og:image:width\" content=\"800\" \/>\n\t<meta property=\"og:image:height\" content=\"533\" \/>\n\t<meta property=\"og:image:type\" content=\"image\/jpeg\" \/>\n<meta name=\"author\" content=\"Nexo Informativo\" \/>\n<meta name=\"twitter:card\" content=\"summary_large_image\" \/>\n<meta name=\"twitter:label1\" content=\"Escrito por\" \/>\n\t<meta name=\"twitter:data1\" content=\"Nexo Informativo\" \/>\n\t<meta name=\"twitter:label2\" content=\"Tiempo de lectura\" \/>\n\t<meta name=\"twitter:data2\" content=\"2 minutos\" \/>\n<script type=\"application\/ld+json\" class=\"yoast-schema-graph\">{\"@context\":\"https:\/\/schema.org\",\"@graph\":[{\"@type\":\"Article\",\"@id\":\"https:\/\/www.nexoinformativo.mx\/index.php\/2025\/07\/11\/boom-turistico-en-mexico-el-pais-recibe-14-2-mas-visitantes-internacionales-y-consolida-su-liderazgo\/#article\",\"isPartOf\":{\"@id\":\"https:\/\/www.nexoinformativo.mx\/index.php\/2025\/07\/11\/boom-turistico-en-mexico-el-pais-recibe-14-2-mas-visitantes-internacionales-y-consolida-su-liderazgo\/\"},\"author\":{\"name\":\"Nexo Informativo\",\"@id\":\"https:\/\/www.nexoinformativo.mx\/#\/schema\/person\/7749d380ba08c8ca00d7bc76fd907b7d\"},\"headline\":\"Boom Tur\u00edstico en M\u00e9xico el pa\u00eds recibe 14.2% m\u00e1s visitantes Internacionales y consolida su liderazgo\",\"datePublished\":\"2025-07-11T21:00:05+00:00\",\"dateModified\":\"2025-07-12T00:27:32+00:00\",\"mainEntityOfPage\":{\"@id\":\"https:\/\/www.nexoinformativo.mx\/index.php\/2025\/07\/11\/boom-turistico-en-mexico-el-pais-recibe-14-2-mas-visitantes-internacionales-y-consolida-su-liderazgo\/\"},\"wordCount\":367,\"commentCount\":0,\"publisher\":{\"@id\":\"https:\/\/www.nexoinformativo.mx\/#organization\"},\"image\":{\"@id\":\"https:\/\/www.nexoinformativo.mx\/index.php\/2025\/07\/11\/boom-turistico-en-mexico-el-pais-recibe-14-2-mas-visitantes-internacionales-y-consolida-su-liderazgo\/#primaryimage\"},\"thumbnailUrl\":\"https:\/\/www.nexoinformativo.mx\/wp-content\/uploads\/2025\/07\/IMG_5144-e1752280020986.jpg\",\"keywords\":[\"R\u00e9cordTur\u00edstico\",\"Sectur\",\"TurismoM\u00e9xico\",\"VisitaM\u00e9xico\"],\"articleSection\":[\"Econom\u00eda\",\"Nacional\",\"\u00daltima Hora\"],\"inLanguage\":\"es\",\"potentialAction\":[{\"@type\":\"CommentAction\",\"name\":\"Comment\",\"target\":[\"https:\/\/www.nexoinformativo.mx\/index.php\/2025\/07\/11\/boom-turistico-en-mexico-el-pais-recibe-14-2-mas-visitantes-internacionales-y-consolida-su-liderazgo\/#respond\"]}]},{\"@type\":\"WebPage\",\"@id\":\"https:\/\/www.nexoinformativo.mx\/index.php\/2025\/07\/11\/boom-turistico-en-mexico-el-pais-recibe-14-2-mas-visitantes-internacionales-y-consolida-su-liderazgo\/\",\"url\":\"https:\/\/www.nexoinformativo.mx\/index.php\/2025\/07\/11\/boom-turistico-en-mexico-el-pais-recibe-14-2-mas-visitantes-internacionales-y-consolida-su-liderazgo\/\",\"name\":\"Boom Tur\u00edstico en M\u00e9xico el pa\u00eds recibe 14.2% m\u00e1s visitantes Internacionales y consolida su liderazgo | Nexo Informativo Santiago de Quer\u00e9taro\",\"isPartOf\":{\"@id\":\"https:\/\/www.nexoinformativo.mx\/#website\"},\"primaryImageOfPage\":{\"@id\":\"https:\/\/www.nexoinformativo.mx\/index.php\/2025\/07\/11\/boom-turistico-en-mexico-el-pais-recibe-14-2-mas-visitantes-internacionales-y-consolida-su-liderazgo\/#primaryimage\"},\"image\":{\"@id\":\"https:\/\/www.nexoinformativo.mx\/index.php\/2025\/07\/11\/boom-turistico-en-mexico-el-pais-recibe-14-2-mas-visitantes-internacionales-y-consolida-su-liderazgo\/#primaryimage\"},\"thumbnailUrl\":\"https:\/\/www.nexoinformativo.mx\/wp-content\/uploads\/2025\/07\/IMG_5144-e1752280020986.jpg\",\"datePublished\":\"2025-07-11T21:00:05+00:00\",\"dateModified\":\"2025-07-12T00:27:32+00:00\",\"description\":\"Boom Tur\u00edstico en M\u00e9xico el pa\u00eds recibe 14.2% m\u00e1s visitantes Internacionales y consolida su liderazgo\",\"breadcrumb\":{\"@id\":\"https:\/\/www.nexoinformativo.mx\/index.php\/2025\/07\/11\/boom-turistico-en-mexico-el-pais-recibe-14-2-mas-visitantes-internacionales-y-consolida-su-liderazgo\/#breadcrumb\"},\"inLanguage\":\"es\",\"potentialAction\":[{\"@type\":\"ReadAction\",\"target\":[\"https:\/\/www.nexoinformativo.mx\/index.php\/2025\/07\/11\/boom-turistico-en-mexico-el-pais-recibe-14-2-mas-visitantes-internacionales-y-consolida-su-liderazgo\/\"]}]},{\"@type\":\"ImageObject\",\"inLanguage\":\"es\",\"@id\":\"https:\/\/www.nexoinformativo.mx\/index.php\/2025\/07\/11\/boom-turistico-en-mexico-el-pais-recibe-14-2-mas-visitantes-internacionales-y-consolida-su-liderazgo\/#primaryimage\",\"url\":\"https:\/\/www.nexoinformativo.mx\/wp-content\/uploads\/2025\/07\/IMG_5144-e1752280020986.jpg\",\"contentUrl\":\"https:\/\/www.nexoinformativo.mx\/wp-content\/uploads\/2025\/07\/IMG_5144-e1752280020986.jpg\",\"width\":800,\"height\":533},{\"@type\":\"BreadcrumbList\",\"@id\":\"https:\/\/www.nexoinformativo.mx\/index.php\/2025\/07\/11\/boom-turistico-en-mexico-el-pais-recibe-14-2-mas-visitantes-internacionales-y-consolida-su-liderazgo\/#breadcrumb\",\"itemListElement\":[{\"@type\":\"ListItem\",\"position\":1,\"name\":\"Inicio\",\"item\":\"https:\/\/www.nexoinformativo.mx\/\"},{\"@type\":\"ListItem\",\"position\":2,\"name\":\"Boom Tur\u00edstico en M\u00e9xico el pa\u00eds recibe 14.2% m\u00e1s visitantes Internacionales y consolida su liderazgo\"}]},{\"@type\":\"WebSite\",\"@id\":\"https:\/\/www.nexoinformativo.mx\/#website\",\"url\":\"https:\/\/www.nexoinformativo.mx\/\",\"name\":\"Nexo Informativo Santiago de Quer\u00e9taro\",\"description\":\"Explora NexoInformativo y convi\u00e9rtete en parte de una comunidad que valora el conocimiento y la verdad. Tu nexoinformativo es tu puente hacia una comprensi\u00f3n m\u00e1s profunda del mundo que te rodea.\",\"publisher\":{\"@id\":\"https:\/\/www.nexoinformativo.mx\/#organization\"},\"potentialAction\":[{\"@type\":\"SearchAction\",\"target\":{\"@type\":\"EntryPoint\",\"urlTemplate\":\"https:\/\/www.nexoinformativo.mx\/?s={search_term_string}\"},\"query-input\":{\"@type\":\"PropertyValueSpecification\",\"valueRequired\":true,\"valueName\":\"search_term_string\"}}],\"inLanguage\":\"es\"},{\"@type\":\"Organization\",\"@id\":\"https:\/\/www.nexoinformativo.mx\/#organization\",\"name\":\"Nexo Informativo Santiago de Quer\u00e9taro\",\"url\":\"https:\/\/www.nexoinformativo.mx\/\",\"logo\":{\"@type\":\"ImageObject\",\"inLanguage\":\"es\",\"@id\":\"https:\/\/www.nexoinformativo.mx\/#\/schema\/logo\/image\/\",\"url\":\"https:\/\/www.nexoinformativo.mx\/wp-content\/uploads\/2024\/07\/nexoi-trasparente-2.png\",\"contentUrl\":\"https:\/\/www.nexoinformativo.mx\/wp-content\/uploads\/2024\/07\/nexoi-trasparente-2.png\",\"width\":816,\"height\":339,\"caption\":\"Nexo Informativo Santiago de Quer\u00e9taro\"},\"image\":{\"@id\":\"https:\/\/www.nexoinformativo.mx\/#\/schema\/logo\/image\/\"},\"sameAs\":[\"https:\/\/www.facebook.com\/people\/Nexo-Informativo\/61564066885511\/\"]},{\"@type\":\"Person\",\"@id\":\"https:\/\/www.nexoinformativo.mx\/#\/schema\/person\/7749d380ba08c8ca00d7bc76fd907b7d\",\"name\":\"Nexo Informativo\",\"image\":{\"@type\":\"ImageObject\",\"inLanguage\":\"es\",\"@id\":\"https:\/\/www.nexoinformativo.mx\/#\/schema\/person\/image\/\",\"url\":\"https:\/\/secure.gravatar.com\/avatar\/dde2928154642a13d95f87ddf1ea9718fe2b46760a005c53e41ff5ad610704e6?s=96&d=mm&r=g\",\"contentUrl\":\"https:\/\/secure.gravatar.com\/avatar\/dde2928154642a13d95f87ddf1ea9718fe2b46760a005c53e41ff5ad610704e6?s=96&d=mm&r=g\",\"caption\":\"Nexo Informativo\"},\"url\":\"https:\/\/www.nexoinformativo.mx\/index.php\/author\/edicion\/\"}]}<\/script>\n<!-- \/ Yoast SEO plugin. -->","yoast_head_json":{"title":"Boom Tur\u00edstico en M\u00e9xico el pa\u00eds recibe 14.2% m\u00e1s visitantes Internacionales y consolida su liderazgo | Nexo Informativo Santiago de Quer\u00e9taro","description":"Boom Tur\u00edstico en M\u00e9xico el pa\u00eds recibe 14.2% m\u00e1s visitantes Internacionales y consolida su liderazgo","robots":{"index":"index","follow":"follow","max-snippet":"max-snippet:-1","max-image-preview":"max-image-preview:large","max-video-preview":"max-video-preview:-1"},"canonical":"https:\/\/www.nexoinformativo.mx\/index.php\/2025\/07\/11\/boom-turistico-en-mexico-el-pais-recibe-14-2-mas-visitantes-internacionales-y-consolida-su-liderazgo\/","og_locale":"es_MX","og_type":"article","og_title":"Boom Tur\u00edstico en M\u00e9xico el pa\u00eds recibe 14.2% m\u00e1s visitantes Internacionales y consolida su liderazgo | Nexo Informativo Santiago de Quer\u00e9taro","og_description":"Boom Tur\u00edstico en M\u00e9xico el pa\u00eds recibe 14.2% m\u00e1s visitantes Internacionales y consolida su liderazgo","og_url":"https:\/\/www.nexoinformativo.mx\/index.php\/2025\/07\/11\/boom-turistico-en-mexico-el-pais-recibe-14-2-mas-visitantes-internacionales-y-consolida-su-liderazgo\/","og_site_name":"Nexo Informativo Santiago de Quer\u00e9taro","article_publisher":"https:\/\/www.facebook.com\/people\/Nexo-Informativo\/61564066885511\/","article_published_time":"2025-07-11T21:00:05+00:00","article_modified_time":"2025-07-12T00:27:32+00:00","og_image":[{"width":800,"height":533,"url":"https:\/\/www.nexoinformativo.mx\/wp-content\/uploads\/2025\/07\/IMG_5144-e1752280020986.jpg","type":"image\/jpeg"}],"author":"Nexo Informativo","twitter_card":"summary_large_image","twitter_misc":{"Escrito por":"Nexo Informativo","Tiempo de lectura":"2 minutos"},"schema":{"@context":"https:\/\/schema.org","@graph":[{"@type":"Article","@id":"https:\/\/www.nexoinformativo.mx\/index.php\/2025\/07\/11\/boom-turistico-en-mexico-el-pais-recibe-14-2-mas-visitantes-internacionales-y-consolida-su-liderazgo\/#article","isPartOf":{"@id":"https:\/\/www.nexoinformativo.mx\/index.php\/2025\/07\/11\/boom-turistico-en-mexico-el-pais-recibe-14-2-mas-visitantes-internacionales-y-consolida-su-liderazgo\/"},"author":{"name":"Nexo Informativo","@id":"https:\/\/www.nexoinformativo.mx\/#\/schema\/person\/7749d380ba08c8ca00d7bc76fd907b7d"},"headline":"Boom Tur\u00edstico en M\u00e9xico el pa\u00eds recibe 14.2% m\u00e1s visitantes Internacionales y consolida su liderazgo","datePublished":"2025-07-11T21:00:05+00:00","dateModified":"2025-07-12T00:27:32+00:00","mainEntityOfPage":{"@id":"https:\/\/www.nexoinformativo.mx\/index.php\/2025\/07\/11\/boom-turistico-en-mexico-el-pais-recibe-14-2-mas-visitantes-internacionales-y-consolida-su-liderazgo\/"},"wordCount":367,"commentCount":0,"publisher":{"@id":"https:\/\/www.nexoinformativo.mx\/#organization"},"image":{"@id":"https:\/\/www.nexoinformativo.mx\/index.php\/2025\/07\/11\/boom-turistico-en-mexico-el-pais-recibe-14-2-mas-visitantes-internacionales-y-consolida-su-liderazgo\/#primaryimage"},"thumbnailUrl":"https:\/\/www.nexoinformativo.mx\/wp-content\/uploads\/2025\/07\/IMG_5144-e1752280020986.jpg","keywords":["R\u00e9cordTur\u00edstico","Sectur","TurismoM\u00e9xico","VisitaM\u00e9xico"],"articleSection":["Econom\u00eda","Nacional","\u00daltima Hora"],"inLanguage":"es","potentialAction":[{"@type":"CommentAction","name":"Comment","target":["https:\/\/www.nexoinformativo.mx\/index.php\/2025\/07\/11\/boom-turistico-en-mexico-el-pais-recibe-14-2-mas-visitantes-internacionales-y-consolida-su-liderazgo\/#respond"]}]},{"@type":"WebPage","@id":"https:\/\/www.nexoinformativo.mx\/index.php\/2025\/07\/11\/boom-turistico-en-mexico-el-pais-recibe-14-2-mas-visitantes-internacionales-y-consolida-su-liderazgo\/","url":"https:\/\/www.nexoinformativo.mx\/index.php\/2025\/07\/11\/boom-turistico-en-mexico-el-pais-recibe-14-2-mas-visitantes-internacionales-y-consolida-su-liderazgo\/","name":"Boom Tur\u00edstico en M\u00e9xico el pa\u00eds recibe 14.2% m\u00e1s visitantes Internacionales y consolida su liderazgo | Nexo Informativo Santiago de Quer\u00e9taro","isPartOf":{"@id":"https:\/\/www.nexoinformativo.mx\/#website"},"primaryImageOfPage":{"@id":"https:\/\/www.nexoinformativo.mx\/index.php\/2025\/07\/11\/boom-turistico-en-mexico-el-pais-recibe-14-2-mas-visitantes-internacionales-y-consolida-su-liderazgo\/#primaryimage"},"image":{"@id":"https:\/\/www.nexoinformativo.mx\/index.php\/2025\/07\/11\/boom-turistico-en-mexico-el-pais-recibe-14-2-mas-visitantes-internacionales-y-consolida-su-liderazgo\/#primaryimage"},"thumbnailUrl":"https:\/\/www.nexoinformativo.mx\/wp-content\/uploads\/2025\/07\/IMG_5144-e1752280020986.jpg","datePublished":"2025-07-11T21:00:05+00:00","dateModified":"2025-07-12T00:27:32+00:00","description":"Boom Tur\u00edstico en M\u00e9xico el pa\u00eds recibe 14.2% m\u00e1s visitantes Internacionales y consolida su liderazgo","breadcrumb":{"@id":"https:\/\/www.nexoinformativo.mx\/index.php\/2025\/07\/11\/boom-turistico-en-mexico-el-pais-recibe-14-2-mas-visitantes-internacionales-y-consolida-su-liderazgo\/#breadcrumb"},"inLanguage":"es","potentialAction":[{"@type":"ReadAction","target":["https:\/\/www.nexoinformativo.mx\/index.php\/2025\/07\/11\/boom-turistico-en-mexico-el-pais-recibe-14-2-mas-visitantes-internacionales-y-consolida-su-liderazgo\/"]}]},{"@type":"ImageObject","inLanguage":"es","@id":"https:\/\/www.nexoinformativo.mx\/index.php\/2025\/07\/11\/boom-turistico-en-mexico-el-pais-recibe-14-2-mas-visitantes-internacionales-y-consolida-su-liderazgo\/#primaryimage","url":"https:\/\/www.nexoinformativo.mx\/wp-content\/uploads\/2025\/07\/IMG_5144-e1752280020986.jpg","contentUrl":"https:\/\/www.nexoinformativo.mx\/wp-content\/uploads\/2025\/07\/IMG_5144-e1752280020986.jpg","width":800,"height":533},{"@type":"BreadcrumbList","@id":"https:\/\/www.nexoinformativo.mx\/index.php\/2025\/07\/11\/boom-turistico-en-mexico-el-pais-recibe-14-2-mas-visitantes-internacionales-y-consolida-su-liderazgo\/#breadcrumb","itemListElement":[{"@type":"ListItem","position":1,"name":"Inicio","item":"https:\/\/www.nexoinformativo.mx\/"},{"@type":"ListItem","position":2,"name":"Boom Tur\u00edstico en M\u00e9xico el pa\u00eds recibe 14.2% m\u00e1s visitantes Internacionales y consolida su liderazgo"}]},{"@type":"WebSite","@id":"https:\/\/www.nexoinformativo.mx\/#website","url":"https:\/\/www.nexoinformativo.mx\/","name":"Nexo Informativo Santiago de Quer\u00e9taro","description":"Explora NexoInformativo y convi\u00e9rtete en parte de una comunidad que valora el conocimiento y la verdad. Tu nexoinformativo es tu puente hacia una comprensi\u00f3n m\u00e1s profunda del mundo que te rodea.","publisher":{"@id":"https:\/\/www.nexoinformativo.mx\/#organization"},"potentialAction":[{"@type":"SearchAction","target":{"@type":"EntryPoint","urlTemplate":"https:\/\/www.nexoinformativo.mx\/?s={search_term_string}"},"query-input":{"@type":"PropertyValueSpecification","valueRequired":true,"valueName":"search_term_string"}}],"inLanguage":"es"},{"@type":"Organization","@id":"https:\/\/www.nexoinformativo.mx\/#organization","name":"Nexo Informativo Santiago de Quer\u00e9taro","url":"https:\/\/www.nexoinformativo.mx\/","logo":{"@type":"ImageObject","inLanguage":"es","@id":"https:\/\/www.nexoinformativo.mx\/#\/schema\/logo\/image\/","url":"https:\/\/www.nexoinformativo.mx\/wp-content\/uploads\/2024\/07\/nexoi-trasparente-2.png","contentUrl":"https:\/\/www.nexoinformativo.mx\/wp-content\/uploads\/2024\/07\/nexoi-trasparente-2.png","width":816,"height":339,"caption":"Nexo Informativo Santiago de Quer\u00e9taro"},"image":{"@id":"https:\/\/www.nexoinformativo.mx\/#\/schema\/logo\/image\/"},"sameAs":["https:\/\/www.facebook.com\/people\/Nexo-Informativo\/61564066885511\/"]},{"@type":"Person","@id":"https:\/\/www.nexoinformativo.mx\/#\/schema\/person\/7749d380ba08c8ca00d7bc76fd907b7d","name":"Nexo Informativo","image":{"@type":"ImageObject","inLanguage":"es","@id":"https:\/\/www.nexoinformativo.mx\/#\/schema\/person\/image\/","url":"https:\/\/secure.gravatar.com\/avatar\/dde2928154642a13d95f87ddf1ea9718fe2b46760a005c53e41ff5ad610704e6?s=96&d=mm&r=g","contentUrl":"https:\/\/secure.gravatar.com\/avatar\/dde2928154642a13d95f87ddf1ea9718fe2b46760a005c53e41ff5ad610704e6?s=96&d=mm&r=g","caption":"Nexo Informativo"},"url":"https:\/\/www.nexoinformativo.mx\/index.php\/author\/edicion\/"}]}},"_links":{"self":[{"href":"https:\/\/www.nexoinformativo.mx\/index.php\/wp-json\/wp\/v2\/posts\/16458","targetHints":{"allow":["GET"]}}],"collection":[{"href":"https:\/\/www.nexoinformativo.mx\/index.php\/wp-json\/wp\/v2\/posts"}],"about":[{"href":"https:\/\/www.nexoinformativo.mx\/index.php\/wp-json\/wp\/v2\/types\/post"}],"author":[{"embeddable":true,"href":"https:\/\/www.nexoinformativo.mx\/index.php\/wp-json\/wp\/v2\/users\/3"}],"replies":[{"embeddable":true,"href":"https:\/\/www.nexoinformativo.mx\/index.php\/wp-json\/wp\/v2\/comments?post=16458"}],"version-history":[{"count":3,"href":"https:\/\/www.nexoinformativo.mx\/index.php\/wp-json\/wp\/v2\/posts\/16458\/revisions"}],"predecessor-version":[{"id":16462,"href":"https:\/\/www.nexoinformativo.mx\/index.php\/wp-json\/wp\/v2\/posts\/16458\/revisions\/16462"}],"wp:featuredmedia":[{"embeddable":true,"href":"https:\/\/www.nexoinformativo.mx\/index.php\/wp-json\/wp\/v2\/media\/16459"}],"wp:attachment":[{"href":"https:\/\/www.nexoinformativo.mx\/index.php\/wp-json\/wp\/v2\/media?parent=16458"}],"wp:term":[{"taxonomy":"category","embeddable":true,"href":"https:\/\/www.nexoinformativo.mx\/index.php\/wp-json\/wp\/v2\/categories?post=16458"},{"taxonomy":"post_tag","embeddable":true,"href":"https:\/\/www.nexoinformativo.mx\/index.php\/wp-json\/wp\/v2\/tags?post=16458"}],"curies":[{"name":"wp","href":"https:\/\/api.w.org\/{rel}","templated":true}]}}