{"id":16464,"date":"2025-07-15T13:00:33","date_gmt":"2025-07-15T19:00:33","guid":{"rendered":"https:\/\/www.nexoinformativo.mx\/?p=16464"},"modified":"2025-07-15T22:29:14","modified_gmt":"2025-07-16T04:29:14","slug":"arancel-al-tomate-mexico-rechaza-decision-de-ee-uu-y-advierte-dano-a-consumidores","status":"publish","type":"post","link":"https:\/\/www.nexoinformativo.mx\/index.php\/2025\/07\/15\/arancel-al-tomate-mexico-rechaza-decision-de-ee-uu-y-advierte-dano-a-consumidores\/","title":{"rendered":"Arancel al tomate M\u00e9xico rechaza decisi\u00f3n de EE. UU. y advierte da\u00f1o a consumidores"},"content":{"rendered":"<p style=\"text-align: justify;\">Las secretar\u00edas de Econom\u00eda y de Agricultura del Gobierno de M\u00e9xico han manifestado su total desacuerdo con la decisi\u00f3n de Estados Unidos de imponer un arancel del 17.09% a las exportaciones de tomate fresco mexicano. Esta medida, que fue notificada este lunes, rompe el Acuerdo de Suspensi\u00f3n de la Investigaci\u00f3n Antidumping que hab\u00eda estado vigente desde 2019.<\/p>\n<\/p>\n<p>&nbsp;<\/p>\n<p style=\"text-align: justify;\">El gobierno mexicano considera la decisi\u00f3n como injusta, pues asegura que el \u00e9xito del tomate mexicano en el mercado estadounidense se debe a la calidad del producto y no a pr\u00e1cticas comerciales desleales.<\/p>\n<\/p>\n<p>&nbsp;<\/p>\n<p style=\"text-align: justify;\">Desde 1996, productores estadounidenses han solicitado medidas contra el tomate mexicano por presunto dumping, un reclamo que ha sido suspendido en cinco ocasiones, la m\u00e1s reciente en 2019.<\/p>\n<\/p>\n<p>&nbsp;<\/p>\n<p style=\"text-align: justify;\">Las secretar\u00edas de Econom\u00eda y Agricultura se\u00f1alaron que durante los \u00faltimos 90 d\u00edas, los productores mexicanos presentaron propuestas &#8220;muy positivas&#8221; para llegar a un acuerdo, pero estas no fueron aceptadas por &#8220;razones pol\u00edticas&#8221;.<\/p>\n<\/p>\n<p>&nbsp;<\/p>\n<p style=\"text-align: justify;\">El gobierno de M\u00e9xico advirti\u00f3 que esta nueva medida perjudicar\u00e1 directamente a los consumidores estadounidenses, ya que es casi imposible sustituir el tomate mexicano. \u201cDos de cada tres tomates que se consumen en los Estados Unidos son cosechados en M\u00e9xico\u201d, destacaron, subrayando la dependencia del mercado de EE. UU.<\/p>\n<\/p>\n<p>&nbsp;<\/p>\n<p style=\"text-align: justify;\">Las secretar\u00edas reafirmaron que seguir\u00e1n apoyando a los productores mexicanos para encontrar un nuevo acuerdo que elimine la cuota compensatoria, tal como sucedi\u00f3 en 2019, cuando se logr\u00f3 restituir el acuerdo en tan solo cuatro meses.<\/p>\n<\/p>\n<p>&nbsp;<\/p>\n<p style=\"text-align: justify;\">Adem\u00e1s, el gobierno mexicano buscar\u00e1 abrir nuevos mercados internacionales para el tomate y otros productos, as\u00ed como fomentar esquemas de procesamiento agroindustrial para generar m\u00e1s valor.<\/p>\n<\/p>\n<p>&nbsp;<\/p>\n<p style=\"text-align: center;\"><em><strong>\u00a1Informaci\u00f3n que transforma!<\/strong><\/em><\/p>\n","protected":false},"excerpt":{"rendered":"<p>Las secretar\u00edas de Econom\u00eda y de Agricultura del Gobierno de M\u00e9xico han manifestado su total desacuerdo con la decisi\u00f3n de Estados Unidos de imponer un arancel del 17.09% a las exportaciones de tomate fresco mexicano. Esta medida, que fue notificada este lunes, rompe el Acuerdo de Suspensi\u00f3n de la Investigaci\u00f3n Antidumping que hab\u00eda estado vigente desde 2019.<\/p>\n","protected":false},"author":3,"featured_media":16465,"comment_status":"open","ping_status":"open","sticky":false,"template":"","format":"standard","meta":{"footnotes":""},"categories":[5,88,58],"tags":[4936,1455,4937,4935],"class_list":["post-16464","post","type-post","status-publish","format-standard","has-post-thumbnail","hentry","category-economia","category-nacional","category-ultima-hora","tag-aranceltomate","tag-economiamx","tag-tomate","tag-tomatemexicano"],"yoast_head":"<!-- This site is optimized with the Yoast SEO plugin v25.0 - https:\/\/yoast.com\/wordpress\/plugins\/seo\/ -->\n<title>Arancel al tomate M\u00e9xico rechaza decisi\u00f3n de EE. UU. y advierte da\u00f1o a consumidores | Nexo Informativo Santiago de Quer\u00e9taro<\/title>\n<meta name=\"description\" content=\"Arancel al tomate M\u00e9xico rechaza decisi\u00f3n de EE. UU. y advierte da\u00f1o a consumidores\" \/>\n<meta name=\"robots\" content=\"index, follow, max-snippet:-1, max-image-preview:large, max-video-preview:-1\" \/>\n<link rel=\"canonical\" href=\"https:\/\/www.nexoinformativo.mx\/index.php\/2025\/07\/15\/arancel-al-tomate-mexico-rechaza-decision-de-ee-uu-y-advierte-dano-a-consumidores\/\" \/>\n<meta property=\"og:locale\" content=\"es_MX\" \/>\n<meta property=\"og:type\" content=\"article\" \/>\n<meta property=\"og:title\" content=\"Arancel al tomate M\u00e9xico rechaza decisi\u00f3n de EE. UU. y advierte da\u00f1o a consumidores | Nexo Informativo Santiago de Quer\u00e9taro\" \/>\n<meta property=\"og:description\" content=\"Arancel al tomate M\u00e9xico rechaza decisi\u00f3n de EE. UU. y advierte da\u00f1o a consumidores\" \/>\n<meta property=\"og:url\" content=\"https:\/\/www.nexoinformativo.mx\/index.php\/2025\/07\/15\/arancel-al-tomate-mexico-rechaza-decision-de-ee-uu-y-advierte-dano-a-consumidores\/\" \/>\n<meta property=\"og:site_name\" content=\"Nexo Informativo Santiago de Quer\u00e9taro\" \/>\n<meta property=\"article:publisher\" content=\"https:\/\/www.facebook.com\/people\/Nexo-Informativo\/61564066885511\/\" \/>\n<meta property=\"article:published_time\" content=\"2025-07-15T19:00:33+00:00\" \/>\n<meta property=\"article:modified_time\" content=\"2025-07-16T04:29:14+00:00\" \/>\n<meta property=\"og:image\" content=\"https:\/\/www.nexoinformativo.mx\/wp-content\/uploads\/2025\/07\/IMG_5436.jpg\" \/>\n\t<meta property=\"og:image:width\" content=\"650\" \/>\n\t<meta property=\"og:image:height\" content=\"380\" \/>\n\t<meta property=\"og:image:type\" content=\"image\/jpeg\" \/>\n<meta name=\"author\" content=\"Nexo Informativo\" \/>\n<meta name=\"twitter:card\" content=\"summary_large_image\" \/>\n<meta name=\"twitter:label1\" content=\"Escrito por\" \/>\n\t<meta name=\"twitter:data1\" content=\"Nexo Informativo\" \/>\n\t<meta name=\"twitter:label2\" content=\"Tiempo de lectura\" \/>\n\t<meta name=\"twitter:data2\" content=\"2 minutos\" \/>\n<script type=\"application\/ld+json\" class=\"yoast-schema-graph\">{\"@context\":\"https:\/\/schema.org\",\"@graph\":[{\"@type\":\"Article\",\"@id\":\"https:\/\/www.nexoinformativo.mx\/index.php\/2025\/07\/15\/arancel-al-tomate-mexico-rechaza-decision-de-ee-uu-y-advierte-dano-a-consumidores\/#article\",\"isPartOf\":{\"@id\":\"https:\/\/www.nexoinformativo.mx\/index.php\/2025\/07\/15\/arancel-al-tomate-mexico-rechaza-decision-de-ee-uu-y-advierte-dano-a-consumidores\/\"},\"author\":{\"name\":\"Nexo Informativo\",\"@id\":\"https:\/\/www.nexoinformativo.mx\/#\/schema\/person\/7749d380ba08c8ca00d7bc76fd907b7d\"},\"headline\":\"Arancel al tomate M\u00e9xico rechaza decisi\u00f3n de EE. UU. y advierte da\u00f1o a consumidores\",\"datePublished\":\"2025-07-15T19:00:33+00:00\",\"dateModified\":\"2025-07-16T04:29:14+00:00\",\"mainEntityOfPage\":{\"@id\":\"https:\/\/www.nexoinformativo.mx\/index.php\/2025\/07\/15\/arancel-al-tomate-mexico-rechaza-decision-de-ee-uu-y-advierte-dano-a-consumidores\/\"},\"wordCount\":305,\"commentCount\":0,\"publisher\":{\"@id\":\"https:\/\/www.nexoinformativo.mx\/#organization\"},\"image\":{\"@id\":\"https:\/\/www.nexoinformativo.mx\/index.php\/2025\/07\/15\/arancel-al-tomate-mexico-rechaza-decision-de-ee-uu-y-advierte-dano-a-consumidores\/#primaryimage\"},\"thumbnailUrl\":\"https:\/\/www.nexoinformativo.mx\/wp-content\/uploads\/2025\/07\/IMG_5436.jpg\",\"keywords\":[\"ArancelTomate\",\"Econom\u00edaMX\",\"Tomate\",\"TomateMexicano\"],\"articleSection\":[\"Econom\u00eda\",\"Nacional\",\"\u00daltima Hora\"],\"inLanguage\":\"es\",\"potentialAction\":[{\"@type\":\"CommentAction\",\"name\":\"Comment\",\"target\":[\"https:\/\/www.nexoinformativo.mx\/index.php\/2025\/07\/15\/arancel-al-tomate-mexico-rechaza-decision-de-ee-uu-y-advierte-dano-a-consumidores\/#respond\"]}]},{\"@type\":\"WebPage\",\"@id\":\"https:\/\/www.nexoinformativo.mx\/index.php\/2025\/07\/15\/arancel-al-tomate-mexico-rechaza-decision-de-ee-uu-y-advierte-dano-a-consumidores\/\",\"url\":\"https:\/\/www.nexoinformativo.mx\/index.php\/2025\/07\/15\/arancel-al-tomate-mexico-rechaza-decision-de-ee-uu-y-advierte-dano-a-consumidores\/\",\"name\":\"Arancel al tomate M\u00e9xico rechaza decisi\u00f3n de EE. UU. y advierte da\u00f1o a consumidores | Nexo Informativo Santiago de Quer\u00e9taro\",\"isPartOf\":{\"@id\":\"https:\/\/www.nexoinformativo.mx\/#website\"},\"primaryImageOfPage\":{\"@id\":\"https:\/\/www.nexoinformativo.mx\/index.php\/2025\/07\/15\/arancel-al-tomate-mexico-rechaza-decision-de-ee-uu-y-advierte-dano-a-consumidores\/#primaryimage\"},\"image\":{\"@id\":\"https:\/\/www.nexoinformativo.mx\/index.php\/2025\/07\/15\/arancel-al-tomate-mexico-rechaza-decision-de-ee-uu-y-advierte-dano-a-consumidores\/#primaryimage\"},\"thumbnailUrl\":\"https:\/\/www.nexoinformativo.mx\/wp-content\/uploads\/2025\/07\/IMG_5436.jpg\",\"datePublished\":\"2025-07-15T19:00:33+00:00\",\"dateModified\":\"2025-07-16T04:29:14+00:00\",\"description\":\"Arancel al tomate M\u00e9xico rechaza decisi\u00f3n de EE. UU. y advierte da\u00f1o a consumidores\",\"breadcrumb\":{\"@id\":\"https:\/\/www.nexoinformativo.mx\/index.php\/2025\/07\/15\/arancel-al-tomate-mexico-rechaza-decision-de-ee-uu-y-advierte-dano-a-consumidores\/#breadcrumb\"},\"inLanguage\":\"es\",\"potentialAction\":[{\"@type\":\"ReadAction\",\"target\":[\"https:\/\/www.nexoinformativo.mx\/index.php\/2025\/07\/15\/arancel-al-tomate-mexico-rechaza-decision-de-ee-uu-y-advierte-dano-a-consumidores\/\"]}]},{\"@type\":\"ImageObject\",\"inLanguage\":\"es\",\"@id\":\"https:\/\/www.nexoinformativo.mx\/index.php\/2025\/07\/15\/arancel-al-tomate-mexico-rechaza-decision-de-ee-uu-y-advierte-dano-a-consumidores\/#primaryimage\",\"url\":\"https:\/\/www.nexoinformativo.mx\/wp-content\/uploads\/2025\/07\/IMG_5436.jpg\",\"contentUrl\":\"https:\/\/www.nexoinformativo.mx\/wp-content\/uploads\/2025\/07\/IMG_5436.jpg\",\"width\":650,\"height\":380},{\"@type\":\"BreadcrumbList\",\"@id\":\"https:\/\/www.nexoinformativo.mx\/index.php\/2025\/07\/15\/arancel-al-tomate-mexico-rechaza-decision-de-ee-uu-y-advierte-dano-a-consumidores\/#breadcrumb\",\"itemListElement\":[{\"@type\":\"ListItem\",\"position\":1,\"name\":\"Inicio\",\"item\":\"https:\/\/www.nexoinformativo.mx\/\"},{\"@type\":\"ListItem\",\"position\":2,\"name\":\"Arancel al tomate M\u00e9xico rechaza decisi\u00f3n de EE. UU. y advierte da\u00f1o a consumidores\"}]},{\"@type\":\"WebSite\",\"@id\":\"https:\/\/www.nexoinformativo.mx\/#website\",\"url\":\"https:\/\/www.nexoinformativo.mx\/\",\"name\":\"Nexo Informativo Santiago de Quer\u00e9taro\",\"description\":\"Explora NexoInformativo y convi\u00e9rtete en parte de una comunidad que valora el conocimiento y la verdad. Tu nexoinformativo es tu puente hacia una comprensi\u00f3n m\u00e1s profunda del mundo que te rodea.\",\"publisher\":{\"@id\":\"https:\/\/www.nexoinformativo.mx\/#organization\"},\"potentialAction\":[{\"@type\":\"SearchAction\",\"target\":{\"@type\":\"EntryPoint\",\"urlTemplate\":\"https:\/\/www.nexoinformativo.mx\/?s={search_term_string}\"},\"query-input\":{\"@type\":\"PropertyValueSpecification\",\"valueRequired\":true,\"valueName\":\"search_term_string\"}}],\"inLanguage\":\"es\"},{\"@type\":\"Organization\",\"@id\":\"https:\/\/www.nexoinformativo.mx\/#organization\",\"name\":\"Nexo Informativo Santiago de Quer\u00e9taro\",\"url\":\"https:\/\/www.nexoinformativo.mx\/\",\"logo\":{\"@type\":\"ImageObject\",\"inLanguage\":\"es\",\"@id\":\"https:\/\/www.nexoinformativo.mx\/#\/schema\/logo\/image\/\",\"url\":\"https:\/\/www.nexoinformativo.mx\/wp-content\/uploads\/2024\/07\/nexoi-trasparente-2.png\",\"contentUrl\":\"https:\/\/www.nexoinformativo.mx\/wp-content\/uploads\/2024\/07\/nexoi-trasparente-2.png\",\"width\":816,\"height\":339,\"caption\":\"Nexo Informativo Santiago de Quer\u00e9taro\"},\"image\":{\"@id\":\"https:\/\/www.nexoinformativo.mx\/#\/schema\/logo\/image\/\"},\"sameAs\":[\"https:\/\/www.facebook.com\/people\/Nexo-Informativo\/61564066885511\/\"]},{\"@type\":\"Person\",\"@id\":\"https:\/\/www.nexoinformativo.mx\/#\/schema\/person\/7749d380ba08c8ca00d7bc76fd907b7d\",\"name\":\"Nexo Informativo\",\"image\":{\"@type\":\"ImageObject\",\"inLanguage\":\"es\",\"@id\":\"https:\/\/www.nexoinformativo.mx\/#\/schema\/person\/image\/\",\"url\":\"https:\/\/secure.gravatar.com\/avatar\/dde2928154642a13d95f87ddf1ea9718fe2b46760a005c53e41ff5ad610704e6?s=96&d=mm&r=g\",\"contentUrl\":\"https:\/\/secure.gravatar.com\/avatar\/dde2928154642a13d95f87ddf1ea9718fe2b46760a005c53e41ff5ad610704e6?s=96&d=mm&r=g\",\"caption\":\"Nexo Informativo\"},\"url\":\"https:\/\/www.nexoinformativo.mx\/index.php\/author\/edicion\/\"}]}<\/script>\n<!-- \/ Yoast SEO plugin. -->","yoast_head_json":{"title":"Arancel al tomate M\u00e9xico rechaza decisi\u00f3n de EE. UU. y advierte da\u00f1o a consumidores | Nexo Informativo Santiago de Quer\u00e9taro","description":"Arancel al tomate M\u00e9xico rechaza decisi\u00f3n de EE. UU. y advierte da\u00f1o a consumidores","robots":{"index":"index","follow":"follow","max-snippet":"max-snippet:-1","max-image-preview":"max-image-preview:large","max-video-preview":"max-video-preview:-1"},"canonical":"https:\/\/www.nexoinformativo.mx\/index.php\/2025\/07\/15\/arancel-al-tomate-mexico-rechaza-decision-de-ee-uu-y-advierte-dano-a-consumidores\/","og_locale":"es_MX","og_type":"article","og_title":"Arancel al tomate M\u00e9xico rechaza decisi\u00f3n de EE. UU. y advierte da\u00f1o a consumidores | Nexo Informativo Santiago de Quer\u00e9taro","og_description":"Arancel al tomate M\u00e9xico rechaza decisi\u00f3n de EE. UU. y advierte da\u00f1o a consumidores","og_url":"https:\/\/www.nexoinformativo.mx\/index.php\/2025\/07\/15\/arancel-al-tomate-mexico-rechaza-decision-de-ee-uu-y-advierte-dano-a-consumidores\/","og_site_name":"Nexo Informativo Santiago de Quer\u00e9taro","article_publisher":"https:\/\/www.facebook.com\/people\/Nexo-Informativo\/61564066885511\/","article_published_time":"2025-07-15T19:00:33+00:00","article_modified_time":"2025-07-16T04:29:14+00:00","og_image":[{"width":650,"height":380,"url":"https:\/\/www.nexoinformativo.mx\/wp-content\/uploads\/2025\/07\/IMG_5436.jpg","type":"image\/jpeg"}],"author":"Nexo Informativo","twitter_card":"summary_large_image","twitter_misc":{"Escrito por":"Nexo Informativo","Tiempo de lectura":"2 minutos"},"schema":{"@context":"https:\/\/schema.org","@graph":[{"@type":"Article","@id":"https:\/\/www.nexoinformativo.mx\/index.php\/2025\/07\/15\/arancel-al-tomate-mexico-rechaza-decision-de-ee-uu-y-advierte-dano-a-consumidores\/#article","isPartOf":{"@id":"https:\/\/www.nexoinformativo.mx\/index.php\/2025\/07\/15\/arancel-al-tomate-mexico-rechaza-decision-de-ee-uu-y-advierte-dano-a-consumidores\/"},"author":{"name":"Nexo Informativo","@id":"https:\/\/www.nexoinformativo.mx\/#\/schema\/person\/7749d380ba08c8ca00d7bc76fd907b7d"},"headline":"Arancel al tomate M\u00e9xico rechaza decisi\u00f3n de EE. UU. y advierte da\u00f1o a consumidores","datePublished":"2025-07-15T19:00:33+00:00","dateModified":"2025-07-16T04:29:14+00:00","mainEntityOfPage":{"@id":"https:\/\/www.nexoinformativo.mx\/index.php\/2025\/07\/15\/arancel-al-tomate-mexico-rechaza-decision-de-ee-uu-y-advierte-dano-a-consumidores\/"},"wordCount":305,"commentCount":0,"publisher":{"@id":"https:\/\/www.nexoinformativo.mx\/#organization"},"image":{"@id":"https:\/\/www.nexoinformativo.mx\/index.php\/2025\/07\/15\/arancel-al-tomate-mexico-rechaza-decision-de-ee-uu-y-advierte-dano-a-consumidores\/#primaryimage"},"thumbnailUrl":"https:\/\/www.nexoinformativo.mx\/wp-content\/uploads\/2025\/07\/IMG_5436.jpg","keywords":["ArancelTomate","Econom\u00edaMX","Tomate","TomateMexicano"],"articleSection":["Econom\u00eda","Nacional","\u00daltima Hora"],"inLanguage":"es","potentialAction":[{"@type":"CommentAction","name":"Comment","target":["https:\/\/www.nexoinformativo.mx\/index.php\/2025\/07\/15\/arancel-al-tomate-mexico-rechaza-decision-de-ee-uu-y-advierte-dano-a-consumidores\/#respond"]}]},{"@type":"WebPage","@id":"https:\/\/www.nexoinformativo.mx\/index.php\/2025\/07\/15\/arancel-al-tomate-mexico-rechaza-decision-de-ee-uu-y-advierte-dano-a-consumidores\/","url":"https:\/\/www.nexoinformativo.mx\/index.php\/2025\/07\/15\/arancel-al-tomate-mexico-rechaza-decision-de-ee-uu-y-advierte-dano-a-consumidores\/","name":"Arancel al tomate M\u00e9xico rechaza decisi\u00f3n de EE. UU. y advierte da\u00f1o a consumidores | Nexo Informativo Santiago de Quer\u00e9taro","isPartOf":{"@id":"https:\/\/www.nexoinformativo.mx\/#website"},"primaryImageOfPage":{"@id":"https:\/\/www.nexoinformativo.mx\/index.php\/2025\/07\/15\/arancel-al-tomate-mexico-rechaza-decision-de-ee-uu-y-advierte-dano-a-consumidores\/#primaryimage"},"image":{"@id":"https:\/\/www.nexoinformativo.mx\/index.php\/2025\/07\/15\/arancel-al-tomate-mexico-rechaza-decision-de-ee-uu-y-advierte-dano-a-consumidores\/#primaryimage"},"thumbnailUrl":"https:\/\/www.nexoinformativo.mx\/wp-content\/uploads\/2025\/07\/IMG_5436.jpg","datePublished":"2025-07-15T19:00:33+00:00","dateModified":"2025-07-16T04:29:14+00:00","description":"Arancel al tomate M\u00e9xico rechaza decisi\u00f3n de EE. UU. y advierte da\u00f1o a consumidores","breadcrumb":{"@id":"https:\/\/www.nexoinformativo.mx\/index.php\/2025\/07\/15\/arancel-al-tomate-mexico-rechaza-decision-de-ee-uu-y-advierte-dano-a-consumidores\/#breadcrumb"},"inLanguage":"es","potentialAction":[{"@type":"ReadAction","target":["https:\/\/www.nexoinformativo.mx\/index.php\/2025\/07\/15\/arancel-al-tomate-mexico-rechaza-decision-de-ee-uu-y-advierte-dano-a-consumidores\/"]}]},{"@type":"ImageObject","inLanguage":"es","@id":"https:\/\/www.nexoinformativo.mx\/index.php\/2025\/07\/15\/arancel-al-tomate-mexico-rechaza-decision-de-ee-uu-y-advierte-dano-a-consumidores\/#primaryimage","url":"https:\/\/www.nexoinformativo.mx\/wp-content\/uploads\/2025\/07\/IMG_5436.jpg","contentUrl":"https:\/\/www.nexoinformativo.mx\/wp-content\/uploads\/2025\/07\/IMG_5436.jpg","width":650,"height":380},{"@type":"BreadcrumbList","@id":"https:\/\/www.nexoinformativo.mx\/index.php\/2025\/07\/15\/arancel-al-tomate-mexico-rechaza-decision-de-ee-uu-y-advierte-dano-a-consumidores\/#breadcrumb","itemListElement":[{"@type":"ListItem","position":1,"name":"Inicio","item":"https:\/\/www.nexoinformativo.mx\/"},{"@type":"ListItem","position":2,"name":"Arancel al tomate M\u00e9xico rechaza decisi\u00f3n de EE. UU. y advierte da\u00f1o a consumidores"}]},{"@type":"WebSite","@id":"https:\/\/www.nexoinformativo.mx\/#website","url":"https:\/\/www.nexoinformativo.mx\/","name":"Nexo Informativo Santiago de Quer\u00e9taro","description":"Explora NexoInformativo y convi\u00e9rtete en parte de una comunidad que valora el conocimiento y la verdad. Tu nexoinformativo es tu puente hacia una comprensi\u00f3n m\u00e1s profunda del mundo que te rodea.","publisher":{"@id":"https:\/\/www.nexoinformativo.mx\/#organization"},"potentialAction":[{"@type":"SearchAction","target":{"@type":"EntryPoint","urlTemplate":"https:\/\/www.nexoinformativo.mx\/?s={search_term_string}"},"query-input":{"@type":"PropertyValueSpecification","valueRequired":true,"valueName":"search_term_string"}}],"inLanguage":"es"},{"@type":"Organization","@id":"https:\/\/www.nexoinformativo.mx\/#organization","name":"Nexo Informativo Santiago de Quer\u00e9taro","url":"https:\/\/www.nexoinformativo.mx\/","logo":{"@type":"ImageObject","inLanguage":"es","@id":"https:\/\/www.nexoinformativo.mx\/#\/schema\/logo\/image\/","url":"https:\/\/www.nexoinformativo.mx\/wp-content\/uploads\/2024\/07\/nexoi-trasparente-2.png","contentUrl":"https:\/\/www.nexoinformativo.mx\/wp-content\/uploads\/2024\/07\/nexoi-trasparente-2.png","width":816,"height":339,"caption":"Nexo Informativo Santiago de Quer\u00e9taro"},"image":{"@id":"https:\/\/www.nexoinformativo.mx\/#\/schema\/logo\/image\/"},"sameAs":["https:\/\/www.facebook.com\/people\/Nexo-Informativo\/61564066885511\/"]},{"@type":"Person","@id":"https:\/\/www.nexoinformativo.mx\/#\/schema\/person\/7749d380ba08c8ca00d7bc76fd907b7d","name":"Nexo Informativo","image":{"@type":"ImageObject","inLanguage":"es","@id":"https:\/\/www.nexoinformativo.mx\/#\/schema\/person\/image\/","url":"https:\/\/secure.gravatar.com\/avatar\/dde2928154642a13d95f87ddf1ea9718fe2b46760a005c53e41ff5ad610704e6?s=96&d=mm&r=g","contentUrl":"https:\/\/secure.gravatar.com\/avatar\/dde2928154642a13d95f87ddf1ea9718fe2b46760a005c53e41ff5ad610704e6?s=96&d=mm&r=g","caption":"Nexo Informativo"},"url":"https:\/\/www.nexoinformativo.mx\/index.php\/author\/edicion\/"}]}},"_links":{"self":[{"href":"https:\/\/www.nexoinformativo.mx\/index.php\/wp-json\/wp\/v2\/posts\/16464","targetHints":{"allow":["GET"]}}],"collection":[{"href":"https:\/\/www.nexoinformativo.mx\/index.php\/wp-json\/wp\/v2\/posts"}],"about":[{"href":"https:\/\/www.nexoinformativo.mx\/index.php\/wp-json\/wp\/v2\/types\/post"}],"author":[{"embeddable":true,"href":"https:\/\/www.nexoinformativo.mx\/index.php\/wp-json\/wp\/v2\/users\/3"}],"replies":[{"embeddable":true,"href":"https:\/\/www.nexoinformativo.mx\/index.php\/wp-json\/wp\/v2\/comments?post=16464"}],"version-history":[{"count":3,"href":"https:\/\/www.nexoinformativo.mx\/index.php\/wp-json\/wp\/v2\/posts\/16464\/revisions"}],"predecessor-version":[{"id":16468,"href":"https:\/\/www.nexoinformativo.mx\/index.php\/wp-json\/wp\/v2\/posts\/16464\/revisions\/16468"}],"wp:featuredmedia":[{"embeddable":true,"href":"https:\/\/www.nexoinformativo.mx\/index.php\/wp-json\/wp\/v2\/media\/16465"}],"wp:attachment":[{"href":"https:\/\/www.nexoinformativo.mx\/index.php\/wp-json\/wp\/v2\/media?parent=16464"}],"wp:term":[{"taxonomy":"category","embeddable":true,"href":"https:\/\/www.nexoinformativo.mx\/index.php\/wp-json\/wp\/v2\/categories?post=16464"},{"taxonomy":"post_tag","embeddable":true,"href":"https:\/\/www.nexoinformativo.mx\/index.php\/wp-json\/wp\/v2\/tags?post=16464"}],"curies":[{"name":"wp","href":"https:\/\/api.w.org\/{rel}","templated":true}]}}