{"id":16475,"date":"2025-07-15T15:00:47","date_gmt":"2025-07-15T21:00:47","guid":{"rendered":"https:\/\/www.nexoinformativo.mx\/?p=16475"},"modified":"2025-07-15T22:39:15","modified_gmt":"2025-07-16T04:39:15","slug":"vive-saludable-vive-feliz-sep-pone-al-alcance-de-las-familias-el-diagnostico-de-salud-de-sus-hijos","status":"publish","type":"post","link":"https:\/\/www.nexoinformativo.mx\/index.php\/2025\/07\/15\/vive-saludable-vive-feliz-sep-pone-al-alcance-de-las-familias-el-diagnostico-de-salud-de-sus-hijos\/","title":{"rendered":"Vive saludable, vive feliz SEP pone al alcance de las familias el diagn\u00f3stico de salud de sus hijos"},"content":{"rendered":"<p style=\"text-align: justify;\">La Secretar\u00eda de Educaci\u00f3n P\u00fablica (SEP) ha lanzado una herramienta digital clave para el bienestar de los estudiantes: el Expediente Digital de Salud Escolar. Este documento, ya disponible para descarga, concentra los resultados de las evaluaciones m\u00e9dicas realizadas a m\u00e1s de 3 millones de ni\u00f1as y ni\u00f1os durante las Jornadas de Salud Escolar.<\/p>\n<p>&nbsp;<\/p>\n<p style=\"text-align: justify;\">Mario Delgado, titular de la SEP, inform\u00f3 que este expediente forma parte de la estrategia nacional &#8220;Vive saludable, vive feliz&#8221;, impulsada por la Presidenta Claudia Sheinbaum Pardo. Con \u00e9l, las familias de 17 mil 588 escuelas primarias p\u00fablicas podr\u00e1n obtener un informe detallado sobre la salud de sus hijos.<\/p>\n<p>&nbsp;<\/p>\n<p style=\"text-align: justify;\">Adem\u00e1s, como un paso importante para integrar la salud a la educaci\u00f3n, la SEP incluir\u00e1 el reporte del estado de salud de los ni\u00f1os en las boletas de calificaciones que se entregar\u00e1n al final del ciclo escolar 2024-2025.<\/p>\n<p>&nbsp;<\/p>\n<p style=\"text-align: justify;\">El expediente es una herramienta de diagn\u00f3stico integral que abarca varias evaluaciones clave:<\/p>\n<p><strong>*Estado nutricional:<\/strong> Se informa el peso, la estatura y el \u00cdndice de Masa Corporal (IMC). En caso de sobrepeso u obesidad, se brindan recomendaciones para mejorar la alimentaci\u00f3n y promover la actividad f\u00edsica.<\/p>\n<p><strong>*Agudeza visual:<\/strong> Se indica si el alumno necesita una revisi\u00f3n con un optometrista. En caso de requerir lentes, estos ser\u00e1n proporcionados de forma gratuita.<\/p>\n<p><strong>*Salud bucal:<\/strong> Se notifica si el menor tiene caries y se dan consejos para una mejor higiene dental, adem\u00e1s de indicar d\u00f3nde acudir para recibir atenci\u00f3n profesional.<\/p>\n<p>&nbsp;<\/p>\n<p style=\"text-align: justify;\">El Expediente Digital de Salud Escolar es un esfuerzo conjunto de la SEP con el IMSS y otras dependencias estatales y federales. Un total de 7 mil 744 brigadistas han visitado las escuelas para realizar las valoraciones.<\/p>\n<p>&nbsp;<\/p>\n<p style=\"text-align: justify;\">Para obtener el documento, los padres o tutores deben ingresar al sitio resultados.vidasaludable.sep.gob.mx\/iniciocon su cuenta Llave MX, ingresar la CURP del estudiante y el tel\u00e9fono o correo electr\u00f3nico registrado previamente. La plataforma cuenta con medidas de seguridad para proteger los datos personales.<\/p>\n<p>&nbsp;<\/p>\n<p style=\"text-align: center;\"><em><strong>\u00a1Informaci\u00f3n que transforma!<\/strong><\/em><\/p>\n","protected":false},"excerpt":{"rendered":"<p>La Secretar\u00eda de Educaci\u00f3n P\u00fablica (SEP) ha lanzado una herramienta digital clave para el bienestar de los estudiantes: el Expediente Digital de Salud Escolar. Este documento, ya disponible para descarga, concentra los resultados de las evaluaciones m\u00e9dicas realizadas a m\u00e1s de 3 millones de ni\u00f1as y ni\u00f1os durante las Jornadas de Salud Escolar.<\/p>\n","protected":false},"author":3,"featured_media":16476,"comment_status":"open","ping_status":"open","sticky":false,"template":"","format":"standard","meta":{"footnotes":""},"categories":[88,58],"tags":[4939,947,4938,3733],"class_list":["post-16475","post","type-post","status-publish","format-standard","has-post-thumbnail","hentry","category-nacional","category-ultima-hora","tag-expedientedigital","tag-saludescolar","tag-sepmexico","tag-vivesaludable"],"yoast_head":"<!-- This site is optimized with the Yoast SEO plugin v25.0 - https:\/\/yoast.com\/wordpress\/plugins\/seo\/ -->\n<title>Vive saludable, vive feliz SEP pone al alcance de las familias el diagn\u00f3stico de salud de sus hijos | Nexo Informativo Santiago de Quer\u00e9taro<\/title>\n<meta name=\"description\" content=\"Vive saludable, vive feliz SEP pone al alcance de las familias el diagn\u00f3stico de salud de sus hijos\" \/>\n<meta name=\"robots\" content=\"index, follow, max-snippet:-1, max-image-preview:large, max-video-preview:-1\" \/>\n<link rel=\"canonical\" href=\"https:\/\/www.nexoinformativo.mx\/index.php\/2025\/07\/15\/vive-saludable-vive-feliz-sep-pone-al-alcance-de-las-familias-el-diagnostico-de-salud-de-sus-hijos\/\" \/>\n<meta property=\"og:locale\" content=\"es_MX\" \/>\n<meta property=\"og:type\" content=\"article\" \/>\n<meta property=\"og:title\" content=\"Vive saludable, vive feliz SEP pone al alcance de las familias el diagn\u00f3stico de salud de sus hijos | Nexo Informativo Santiago de Quer\u00e9taro\" \/>\n<meta property=\"og:description\" content=\"Vive saludable, vive feliz SEP pone al alcance de las familias el diagn\u00f3stico de salud de sus hijos\" \/>\n<meta property=\"og:url\" content=\"https:\/\/www.nexoinformativo.mx\/index.php\/2025\/07\/15\/vive-saludable-vive-feliz-sep-pone-al-alcance-de-las-familias-el-diagnostico-de-salud-de-sus-hijos\/\" \/>\n<meta property=\"og:site_name\" content=\"Nexo Informativo Santiago de Quer\u00e9taro\" \/>\n<meta property=\"article:publisher\" content=\"https:\/\/www.facebook.com\/people\/Nexo-Informativo\/61564066885511\/\" \/>\n<meta property=\"article:published_time\" content=\"2025-07-15T21:00:47+00:00\" \/>\n<meta property=\"article:modified_time\" content=\"2025-07-16T04:39:15+00:00\" \/>\n<meta property=\"og:image\" content=\"https:\/\/www.nexoinformativo.mx\/wp-content\/uploads\/2025\/07\/IMG_5446.jpg\" \/>\n\t<meta property=\"og:image:width\" content=\"650\" \/>\n\t<meta property=\"og:image:height\" content=\"380\" \/>\n\t<meta property=\"og:image:type\" content=\"image\/jpeg\" \/>\n<meta name=\"author\" content=\"Nexo Informativo\" \/>\n<meta name=\"twitter:card\" content=\"summary_large_image\" \/>\n<meta name=\"twitter:label1\" content=\"Escrito por\" \/>\n\t<meta name=\"twitter:data1\" content=\"Nexo Informativo\" \/>\n\t<meta name=\"twitter:label2\" content=\"Tiempo de lectura\" \/>\n\t<meta name=\"twitter:data2\" content=\"2 minutos\" \/>\n<script type=\"application\/ld+json\" class=\"yoast-schema-graph\">{\"@context\":\"https:\/\/schema.org\",\"@graph\":[{\"@type\":\"Article\",\"@id\":\"https:\/\/www.nexoinformativo.mx\/index.php\/2025\/07\/15\/vive-saludable-vive-feliz-sep-pone-al-alcance-de-las-familias-el-diagnostico-de-salud-de-sus-hijos\/#article\",\"isPartOf\":{\"@id\":\"https:\/\/www.nexoinformativo.mx\/index.php\/2025\/07\/15\/vive-saludable-vive-feliz-sep-pone-al-alcance-de-las-familias-el-diagnostico-de-salud-de-sus-hijos\/\"},\"author\":{\"name\":\"Nexo Informativo\",\"@id\":\"https:\/\/www.nexoinformativo.mx\/#\/schema\/person\/7749d380ba08c8ca00d7bc76fd907b7d\"},\"headline\":\"Vive saludable, vive feliz SEP pone al alcance de las familias el diagn\u00f3stico de salud de sus hijos\",\"datePublished\":\"2025-07-15T21:00:47+00:00\",\"dateModified\":\"2025-07-16T04:39:15+00:00\",\"mainEntityOfPage\":{\"@id\":\"https:\/\/www.nexoinformativo.mx\/index.php\/2025\/07\/15\/vive-saludable-vive-feliz-sep-pone-al-alcance-de-las-familias-el-diagnostico-de-salud-de-sus-hijos\/\"},\"wordCount\":368,\"commentCount\":0,\"publisher\":{\"@id\":\"https:\/\/www.nexoinformativo.mx\/#organization\"},\"image\":{\"@id\":\"https:\/\/www.nexoinformativo.mx\/index.php\/2025\/07\/15\/vive-saludable-vive-feliz-sep-pone-al-alcance-de-las-familias-el-diagnostico-de-salud-de-sus-hijos\/#primaryimage\"},\"thumbnailUrl\":\"https:\/\/www.nexoinformativo.mx\/wp-content\/uploads\/2025\/07\/IMG_5446.jpg\",\"keywords\":[\"ExpedienteDigital\",\"SaludEscolar\",\"SEPM\u00e9xico\",\"ViveSaludable\"],\"articleSection\":[\"Nacional\",\"\u00daltima Hora\"],\"inLanguage\":\"es\",\"potentialAction\":[{\"@type\":\"CommentAction\",\"name\":\"Comment\",\"target\":[\"https:\/\/www.nexoinformativo.mx\/index.php\/2025\/07\/15\/vive-saludable-vive-feliz-sep-pone-al-alcance-de-las-familias-el-diagnostico-de-salud-de-sus-hijos\/#respond\"]}]},{\"@type\":\"WebPage\",\"@id\":\"https:\/\/www.nexoinformativo.mx\/index.php\/2025\/07\/15\/vive-saludable-vive-feliz-sep-pone-al-alcance-de-las-familias-el-diagnostico-de-salud-de-sus-hijos\/\",\"url\":\"https:\/\/www.nexoinformativo.mx\/index.php\/2025\/07\/15\/vive-saludable-vive-feliz-sep-pone-al-alcance-de-las-familias-el-diagnostico-de-salud-de-sus-hijos\/\",\"name\":\"Vive saludable, vive feliz SEP pone al alcance de las familias el diagn\u00f3stico de salud de sus hijos | Nexo Informativo Santiago de Quer\u00e9taro\",\"isPartOf\":{\"@id\":\"https:\/\/www.nexoinformativo.mx\/#website\"},\"primaryImageOfPage\":{\"@id\":\"https:\/\/www.nexoinformativo.mx\/index.php\/2025\/07\/15\/vive-saludable-vive-feliz-sep-pone-al-alcance-de-las-familias-el-diagnostico-de-salud-de-sus-hijos\/#primaryimage\"},\"image\":{\"@id\":\"https:\/\/www.nexoinformativo.mx\/index.php\/2025\/07\/15\/vive-saludable-vive-feliz-sep-pone-al-alcance-de-las-familias-el-diagnostico-de-salud-de-sus-hijos\/#primaryimage\"},\"thumbnailUrl\":\"https:\/\/www.nexoinformativo.mx\/wp-content\/uploads\/2025\/07\/IMG_5446.jpg\",\"datePublished\":\"2025-07-15T21:00:47+00:00\",\"dateModified\":\"2025-07-16T04:39:15+00:00\",\"description\":\"Vive saludable, vive feliz SEP pone al alcance de las familias el diagn\u00f3stico de salud de sus hijos\",\"breadcrumb\":{\"@id\":\"https:\/\/www.nexoinformativo.mx\/index.php\/2025\/07\/15\/vive-saludable-vive-feliz-sep-pone-al-alcance-de-las-familias-el-diagnostico-de-salud-de-sus-hijos\/#breadcrumb\"},\"inLanguage\":\"es\",\"potentialAction\":[{\"@type\":\"ReadAction\",\"target\":[\"https:\/\/www.nexoinformativo.mx\/index.php\/2025\/07\/15\/vive-saludable-vive-feliz-sep-pone-al-alcance-de-las-familias-el-diagnostico-de-salud-de-sus-hijos\/\"]}]},{\"@type\":\"ImageObject\",\"inLanguage\":\"es\",\"@id\":\"https:\/\/www.nexoinformativo.mx\/index.php\/2025\/07\/15\/vive-saludable-vive-feliz-sep-pone-al-alcance-de-las-familias-el-diagnostico-de-salud-de-sus-hijos\/#primaryimage\",\"url\":\"https:\/\/www.nexoinformativo.mx\/wp-content\/uploads\/2025\/07\/IMG_5446.jpg\",\"contentUrl\":\"https:\/\/www.nexoinformativo.mx\/wp-content\/uploads\/2025\/07\/IMG_5446.jpg\",\"width\":650,\"height\":380},{\"@type\":\"BreadcrumbList\",\"@id\":\"https:\/\/www.nexoinformativo.mx\/index.php\/2025\/07\/15\/vive-saludable-vive-feliz-sep-pone-al-alcance-de-las-familias-el-diagnostico-de-salud-de-sus-hijos\/#breadcrumb\",\"itemListElement\":[{\"@type\":\"ListItem\",\"position\":1,\"name\":\"Inicio\",\"item\":\"https:\/\/www.nexoinformativo.mx\/\"},{\"@type\":\"ListItem\",\"position\":2,\"name\":\"Vive saludable, vive feliz SEP pone al alcance de las familias el diagn\u00f3stico de salud de sus hijos\"}]},{\"@type\":\"WebSite\",\"@id\":\"https:\/\/www.nexoinformativo.mx\/#website\",\"url\":\"https:\/\/www.nexoinformativo.mx\/\",\"name\":\"Nexo Informativo Santiago de Quer\u00e9taro\",\"description\":\"Explora NexoInformativo y convi\u00e9rtete en parte de una comunidad que valora el conocimiento y la verdad. Tu nexoinformativo es tu puente hacia una comprensi\u00f3n m\u00e1s profunda del mundo que te rodea.\",\"publisher\":{\"@id\":\"https:\/\/www.nexoinformativo.mx\/#organization\"},\"potentialAction\":[{\"@type\":\"SearchAction\",\"target\":{\"@type\":\"EntryPoint\",\"urlTemplate\":\"https:\/\/www.nexoinformativo.mx\/?s={search_term_string}\"},\"query-input\":{\"@type\":\"PropertyValueSpecification\",\"valueRequired\":true,\"valueName\":\"search_term_string\"}}],\"inLanguage\":\"es\"},{\"@type\":\"Organization\",\"@id\":\"https:\/\/www.nexoinformativo.mx\/#organization\",\"name\":\"Nexo Informativo Santiago de Quer\u00e9taro\",\"url\":\"https:\/\/www.nexoinformativo.mx\/\",\"logo\":{\"@type\":\"ImageObject\",\"inLanguage\":\"es\",\"@id\":\"https:\/\/www.nexoinformativo.mx\/#\/schema\/logo\/image\/\",\"url\":\"https:\/\/www.nexoinformativo.mx\/wp-content\/uploads\/2024\/07\/nexoi-trasparente-2.png\",\"contentUrl\":\"https:\/\/www.nexoinformativo.mx\/wp-content\/uploads\/2024\/07\/nexoi-trasparente-2.png\",\"width\":816,\"height\":339,\"caption\":\"Nexo Informativo Santiago de Quer\u00e9taro\"},\"image\":{\"@id\":\"https:\/\/www.nexoinformativo.mx\/#\/schema\/logo\/image\/\"},\"sameAs\":[\"https:\/\/www.facebook.com\/people\/Nexo-Informativo\/61564066885511\/\"]},{\"@type\":\"Person\",\"@id\":\"https:\/\/www.nexoinformativo.mx\/#\/schema\/person\/7749d380ba08c8ca00d7bc76fd907b7d\",\"name\":\"Nexo Informativo\",\"image\":{\"@type\":\"ImageObject\",\"inLanguage\":\"es\",\"@id\":\"https:\/\/www.nexoinformativo.mx\/#\/schema\/person\/image\/\",\"url\":\"https:\/\/secure.gravatar.com\/avatar\/dde2928154642a13d95f87ddf1ea9718fe2b46760a005c53e41ff5ad610704e6?s=96&d=mm&r=g\",\"contentUrl\":\"https:\/\/secure.gravatar.com\/avatar\/dde2928154642a13d95f87ddf1ea9718fe2b46760a005c53e41ff5ad610704e6?s=96&d=mm&r=g\",\"caption\":\"Nexo Informativo\"},\"url\":\"https:\/\/www.nexoinformativo.mx\/index.php\/author\/edicion\/\"}]}<\/script>\n<!-- \/ Yoast SEO plugin. -->","yoast_head_json":{"title":"Vive saludable, vive feliz SEP pone al alcance de las familias el diagn\u00f3stico de salud de sus hijos | Nexo Informativo Santiago de Quer\u00e9taro","description":"Vive saludable, vive feliz SEP pone al alcance de las familias el diagn\u00f3stico de salud de sus hijos","robots":{"index":"index","follow":"follow","max-snippet":"max-snippet:-1","max-image-preview":"max-image-preview:large","max-video-preview":"max-video-preview:-1"},"canonical":"https:\/\/www.nexoinformativo.mx\/index.php\/2025\/07\/15\/vive-saludable-vive-feliz-sep-pone-al-alcance-de-las-familias-el-diagnostico-de-salud-de-sus-hijos\/","og_locale":"es_MX","og_type":"article","og_title":"Vive saludable, vive feliz SEP pone al alcance de las familias el diagn\u00f3stico de salud de sus hijos | Nexo Informativo Santiago de Quer\u00e9taro","og_description":"Vive saludable, vive feliz SEP pone al alcance de las familias el diagn\u00f3stico de salud de sus hijos","og_url":"https:\/\/www.nexoinformativo.mx\/index.php\/2025\/07\/15\/vive-saludable-vive-feliz-sep-pone-al-alcance-de-las-familias-el-diagnostico-de-salud-de-sus-hijos\/","og_site_name":"Nexo Informativo Santiago de Quer\u00e9taro","article_publisher":"https:\/\/www.facebook.com\/people\/Nexo-Informativo\/61564066885511\/","article_published_time":"2025-07-15T21:00:47+00:00","article_modified_time":"2025-07-16T04:39:15+00:00","og_image":[{"width":650,"height":380,"url":"https:\/\/www.nexoinformativo.mx\/wp-content\/uploads\/2025\/07\/IMG_5446.jpg","type":"image\/jpeg"}],"author":"Nexo Informativo","twitter_card":"summary_large_image","twitter_misc":{"Escrito por":"Nexo Informativo","Tiempo de lectura":"2 minutos"},"schema":{"@context":"https:\/\/schema.org","@graph":[{"@type":"Article","@id":"https:\/\/www.nexoinformativo.mx\/index.php\/2025\/07\/15\/vive-saludable-vive-feliz-sep-pone-al-alcance-de-las-familias-el-diagnostico-de-salud-de-sus-hijos\/#article","isPartOf":{"@id":"https:\/\/www.nexoinformativo.mx\/index.php\/2025\/07\/15\/vive-saludable-vive-feliz-sep-pone-al-alcance-de-las-familias-el-diagnostico-de-salud-de-sus-hijos\/"},"author":{"name":"Nexo Informativo","@id":"https:\/\/www.nexoinformativo.mx\/#\/schema\/person\/7749d380ba08c8ca00d7bc76fd907b7d"},"headline":"Vive saludable, vive feliz SEP pone al alcance de las familias el diagn\u00f3stico de salud de sus hijos","datePublished":"2025-07-15T21:00:47+00:00","dateModified":"2025-07-16T04:39:15+00:00","mainEntityOfPage":{"@id":"https:\/\/www.nexoinformativo.mx\/index.php\/2025\/07\/15\/vive-saludable-vive-feliz-sep-pone-al-alcance-de-las-familias-el-diagnostico-de-salud-de-sus-hijos\/"},"wordCount":368,"commentCount":0,"publisher":{"@id":"https:\/\/www.nexoinformativo.mx\/#organization"},"image":{"@id":"https:\/\/www.nexoinformativo.mx\/index.php\/2025\/07\/15\/vive-saludable-vive-feliz-sep-pone-al-alcance-de-las-familias-el-diagnostico-de-salud-de-sus-hijos\/#primaryimage"},"thumbnailUrl":"https:\/\/www.nexoinformativo.mx\/wp-content\/uploads\/2025\/07\/IMG_5446.jpg","keywords":["ExpedienteDigital","SaludEscolar","SEPM\u00e9xico","ViveSaludable"],"articleSection":["Nacional","\u00daltima Hora"],"inLanguage":"es","potentialAction":[{"@type":"CommentAction","name":"Comment","target":["https:\/\/www.nexoinformativo.mx\/index.php\/2025\/07\/15\/vive-saludable-vive-feliz-sep-pone-al-alcance-de-las-familias-el-diagnostico-de-salud-de-sus-hijos\/#respond"]}]},{"@type":"WebPage","@id":"https:\/\/www.nexoinformativo.mx\/index.php\/2025\/07\/15\/vive-saludable-vive-feliz-sep-pone-al-alcance-de-las-familias-el-diagnostico-de-salud-de-sus-hijos\/","url":"https:\/\/www.nexoinformativo.mx\/index.php\/2025\/07\/15\/vive-saludable-vive-feliz-sep-pone-al-alcance-de-las-familias-el-diagnostico-de-salud-de-sus-hijos\/","name":"Vive saludable, vive feliz SEP pone al alcance de las familias el diagn\u00f3stico de salud de sus hijos | Nexo Informativo Santiago de Quer\u00e9taro","isPartOf":{"@id":"https:\/\/www.nexoinformativo.mx\/#website"},"primaryImageOfPage":{"@id":"https:\/\/www.nexoinformativo.mx\/index.php\/2025\/07\/15\/vive-saludable-vive-feliz-sep-pone-al-alcance-de-las-familias-el-diagnostico-de-salud-de-sus-hijos\/#primaryimage"},"image":{"@id":"https:\/\/www.nexoinformativo.mx\/index.php\/2025\/07\/15\/vive-saludable-vive-feliz-sep-pone-al-alcance-de-las-familias-el-diagnostico-de-salud-de-sus-hijos\/#primaryimage"},"thumbnailUrl":"https:\/\/www.nexoinformativo.mx\/wp-content\/uploads\/2025\/07\/IMG_5446.jpg","datePublished":"2025-07-15T21:00:47+00:00","dateModified":"2025-07-16T04:39:15+00:00","description":"Vive saludable, vive feliz SEP pone al alcance de las familias el diagn\u00f3stico de salud de sus hijos","breadcrumb":{"@id":"https:\/\/www.nexoinformativo.mx\/index.php\/2025\/07\/15\/vive-saludable-vive-feliz-sep-pone-al-alcance-de-las-familias-el-diagnostico-de-salud-de-sus-hijos\/#breadcrumb"},"inLanguage":"es","potentialAction":[{"@type":"ReadAction","target":["https:\/\/www.nexoinformativo.mx\/index.php\/2025\/07\/15\/vive-saludable-vive-feliz-sep-pone-al-alcance-de-las-familias-el-diagnostico-de-salud-de-sus-hijos\/"]}]},{"@type":"ImageObject","inLanguage":"es","@id":"https:\/\/www.nexoinformativo.mx\/index.php\/2025\/07\/15\/vive-saludable-vive-feliz-sep-pone-al-alcance-de-las-familias-el-diagnostico-de-salud-de-sus-hijos\/#primaryimage","url":"https:\/\/www.nexoinformativo.mx\/wp-content\/uploads\/2025\/07\/IMG_5446.jpg","contentUrl":"https:\/\/www.nexoinformativo.mx\/wp-content\/uploads\/2025\/07\/IMG_5446.jpg","width":650,"height":380},{"@type":"BreadcrumbList","@id":"https:\/\/www.nexoinformativo.mx\/index.php\/2025\/07\/15\/vive-saludable-vive-feliz-sep-pone-al-alcance-de-las-familias-el-diagnostico-de-salud-de-sus-hijos\/#breadcrumb","itemListElement":[{"@type":"ListItem","position":1,"name":"Inicio","item":"https:\/\/www.nexoinformativo.mx\/"},{"@type":"ListItem","position":2,"name":"Vive saludable, vive feliz SEP pone al alcance de las familias el diagn\u00f3stico de salud de sus hijos"}]},{"@type":"WebSite","@id":"https:\/\/www.nexoinformativo.mx\/#website","url":"https:\/\/www.nexoinformativo.mx\/","name":"Nexo Informativo Santiago de Quer\u00e9taro","description":"Explora NexoInformativo y convi\u00e9rtete en parte de una comunidad que valora el conocimiento y la verdad. Tu nexoinformativo es tu puente hacia una comprensi\u00f3n m\u00e1s profunda del mundo que te rodea.","publisher":{"@id":"https:\/\/www.nexoinformativo.mx\/#organization"},"potentialAction":[{"@type":"SearchAction","target":{"@type":"EntryPoint","urlTemplate":"https:\/\/www.nexoinformativo.mx\/?s={search_term_string}"},"query-input":{"@type":"PropertyValueSpecification","valueRequired":true,"valueName":"search_term_string"}}],"inLanguage":"es"},{"@type":"Organization","@id":"https:\/\/www.nexoinformativo.mx\/#organization","name":"Nexo Informativo Santiago de Quer\u00e9taro","url":"https:\/\/www.nexoinformativo.mx\/","logo":{"@type":"ImageObject","inLanguage":"es","@id":"https:\/\/www.nexoinformativo.mx\/#\/schema\/logo\/image\/","url":"https:\/\/www.nexoinformativo.mx\/wp-content\/uploads\/2024\/07\/nexoi-trasparente-2.png","contentUrl":"https:\/\/www.nexoinformativo.mx\/wp-content\/uploads\/2024\/07\/nexoi-trasparente-2.png","width":816,"height":339,"caption":"Nexo Informativo Santiago de Quer\u00e9taro"},"image":{"@id":"https:\/\/www.nexoinformativo.mx\/#\/schema\/logo\/image\/"},"sameAs":["https:\/\/www.facebook.com\/people\/Nexo-Informativo\/61564066885511\/"]},{"@type":"Person","@id":"https:\/\/www.nexoinformativo.mx\/#\/schema\/person\/7749d380ba08c8ca00d7bc76fd907b7d","name":"Nexo Informativo","image":{"@type":"ImageObject","inLanguage":"es","@id":"https:\/\/www.nexoinformativo.mx\/#\/schema\/person\/image\/","url":"https:\/\/secure.gravatar.com\/avatar\/dde2928154642a13d95f87ddf1ea9718fe2b46760a005c53e41ff5ad610704e6?s=96&d=mm&r=g","contentUrl":"https:\/\/secure.gravatar.com\/avatar\/dde2928154642a13d95f87ddf1ea9718fe2b46760a005c53e41ff5ad610704e6?s=96&d=mm&r=g","caption":"Nexo Informativo"},"url":"https:\/\/www.nexoinformativo.mx\/index.php\/author\/edicion\/"}]}},"_links":{"self":[{"href":"https:\/\/www.nexoinformativo.mx\/index.php\/wp-json\/wp\/v2\/posts\/16475","targetHints":{"allow":["GET"]}}],"collection":[{"href":"https:\/\/www.nexoinformativo.mx\/index.php\/wp-json\/wp\/v2\/posts"}],"about":[{"href":"https:\/\/www.nexoinformativo.mx\/index.php\/wp-json\/wp\/v2\/types\/post"}],"author":[{"embeddable":true,"href":"https:\/\/www.nexoinformativo.mx\/index.php\/wp-json\/wp\/v2\/users\/3"}],"replies":[{"embeddable":true,"href":"https:\/\/www.nexoinformativo.mx\/index.php\/wp-json\/wp\/v2\/comments?post=16475"}],"version-history":[{"count":4,"href":"https:\/\/www.nexoinformativo.mx\/index.php\/wp-json\/wp\/v2\/posts\/16475\/revisions"}],"predecessor-version":[{"id":16480,"href":"https:\/\/www.nexoinformativo.mx\/index.php\/wp-json\/wp\/v2\/posts\/16475\/revisions\/16480"}],"wp:featuredmedia":[{"embeddable":true,"href":"https:\/\/www.nexoinformativo.mx\/index.php\/wp-json\/wp\/v2\/media\/16476"}],"wp:attachment":[{"href":"https:\/\/www.nexoinformativo.mx\/index.php\/wp-json\/wp\/v2\/media?parent=16475"}],"wp:term":[{"taxonomy":"category","embeddable":true,"href":"https:\/\/www.nexoinformativo.mx\/index.php\/wp-json\/wp\/v2\/categories?post=16475"},{"taxonomy":"post_tag","embeddable":true,"href":"https:\/\/www.nexoinformativo.mx\/index.php\/wp-json\/wp\/v2\/tags?post=16475"}],"curies":[{"name":"wp","href":"https:\/\/api.w.org\/{rel}","templated":true}]}}