{"id":16481,"date":"2025-07-15T16:00:23","date_gmt":"2025-07-15T22:00:23","guid":{"rendered":"https:\/\/www.nexoinformativo.mx\/?p=16481"},"modified":"2025-07-15T22:43:33","modified_gmt":"2025-07-16T04:43:33","slug":"por-un-futuro-inclusivo-presentan-guia-para-juventudes-trans-y-no-binarias-en-el-congreso","status":"publish","type":"post","link":"https:\/\/www.nexoinformativo.mx\/index.php\/2025\/07\/15\/por-un-futuro-inclusivo-presentan-guia-para-juventudes-trans-y-no-binarias-en-el-congreso\/","title":{"rendered":"Por un futuro inclusivo presentan &#8220;Gu\u00eda para juventudes trans y no binarias&#8221; en el Congreso"},"content":{"rendered":"<p style=\"text-align: justify;\">En el marco del D\u00eda de las Personas No Binarias, la Comisi\u00f3n de Diversidad de la C\u00e1mara de Diputados present\u00f3 la \u201cGu\u00eda para conocer m\u00e1s sobre las Juventudes Trans y No Binarias\u201d. Esta iniciativa, liderada por el diputado Jaime Genaro L\u00f3pez\u00a0(Morena), busca combatir la desinformaci\u00f3n y la discriminaci\u00f3n que enfrenta esta comunidad en M\u00e9xico.<\/p>\n<p>&nbsp;<\/p>\n<p style=\"text-align: justify;\">El diputado L\u00f3pez Vela enfatiz\u00f3 que a pesar de la era digital, la comunicaci\u00f3n y el entendimiento sobre estos temas siguen siendo un problema. La gu\u00eda es una \u201carma muy especial y puntual\u201d para explicar conceptos b\u00e1sicos y necesarios. Adem\u00e1s, se\u00f1al\u00f3 que est\u00e1n impulsando una reforma constitucional que reconozca la igualdad, el derecho al libre desarrollo de la personalidad y la no discriminaci\u00f3n por orientaci\u00f3n e identidad de g\u00e9nero.<\/p>\n<p>&nbsp;<\/p>\n<p style=\"text-align: justify;\">La presentaci\u00f3n de la gu\u00eda se dio en el contexto de cifras alarmantes. Erika Yaire Barrera Novell, de The Trevor Project M\u00e9xico, revel\u00f3 que en 2024, el 67% de las juventudes no binarias han contemplado el suicidio. Este riesgo aumenta un 44% cuando no se respetan sus pronombres. Barrera Novell lament\u00f3 que los lugares que deber\u00edan ser m\u00e1s seguros, como la escuela y el hogar, son a menudo donde sufren mayor discriminaci\u00f3n. Por ello, la reforma constitucional es una cuesti\u00f3n de justicia vital.<\/p>\n<p>&nbsp;<\/p>\n<p style=\"text-align: justify;\">La diputada Laura Hern\u00e1ndez Garc\u00eda (MC) resalt\u00f3 que las personas no binarias entran en la categor\u00eda de \u201cexpresi\u00f3n de g\u00e9nero\u201d, lo que hace esencial que las iniciativas legislativas incluyan este t\u00e9rmino para proteger sus derechos.<\/p>\n<p>&nbsp;<\/p>\n<p style=\"text-align: justify;\">El evento concluy\u00f3 con el encendido de luces en colores amarillo, blanco, morado y negro en el frontispicio del Palacio Legislativo de San L\u00e1zaro, en honor al D\u00eda de las Personas No Binarias.<\/p>\n<p>&nbsp;<\/p>\n<p style=\"text-align: center;\"><em><strong>\u00a1Informaci\u00f3n que transforma!<\/strong><\/em><\/p>\n","protected":false},"excerpt":{"rendered":"<p>En el marco del D\u00eda de las Personas No Binarias, la Comisi\u00f3n de Diversidad de la C\u00e1mara de Diputados present\u00f3 la \u201cGu\u00eda para conocer m\u00e1s sobre las Juventudes Trans y No Binarias\u201d. Esta iniciativa, liderada por el diputado Jaime Genaro L\u00f3pez Vela (Morena), busca combatir la desinformaci\u00f3n y la discriminaci\u00f3n que enfrenta esta comunidad en M\u00e9xico.<\/p>\n","protected":false},"author":3,"featured_media":16482,"comment_status":"open","ping_status":"open","sticky":false,"template":"","format":"standard","meta":{"footnotes":""},"categories":[88,21,58],"tags":[4942,4940,4941,1189],"class_list":["post-16481","post","type-post","status-publish","format-standard","has-post-thumbnail","hentry","category-nacional","category-politica","category-ultima-hora","tag-derechoslgbt","tag-dianobinario","tag-diversidad","tag-inclusion"],"yoast_head":"<!-- This site is optimized with the Yoast SEO plugin v25.0 - https:\/\/yoast.com\/wordpress\/plugins\/seo\/ -->\n<title>Por un futuro inclusivo presentan &quot;Gu\u00eda para juventudes trans y no binarias&quot; en el Congreso | Nexo Informativo Santiago de Quer\u00e9taro<\/title>\n<meta name=\"description\" content=\"Por un futuro inclusivo presentan &quot;Gu\u00eda para juventudes trans y no binarias&quot; en el Congreso\" \/>\n<meta name=\"robots\" content=\"index, follow, max-snippet:-1, max-image-preview:large, max-video-preview:-1\" \/>\n<link rel=\"canonical\" href=\"https:\/\/www.nexoinformativo.mx\/index.php\/2025\/07\/15\/por-un-futuro-inclusivo-presentan-guia-para-juventudes-trans-y-no-binarias-en-el-congreso\/\" \/>\n<meta property=\"og:locale\" content=\"es_MX\" \/>\n<meta property=\"og:type\" content=\"article\" \/>\n<meta property=\"og:title\" content=\"Por un futuro inclusivo presentan &quot;Gu\u00eda para juventudes trans y no binarias&quot; en el Congreso | Nexo Informativo Santiago de Quer\u00e9taro\" \/>\n<meta property=\"og:description\" content=\"Por un futuro inclusivo presentan &quot;Gu\u00eda para juventudes trans y no binarias&quot; en el Congreso\" \/>\n<meta property=\"og:url\" content=\"https:\/\/www.nexoinformativo.mx\/index.php\/2025\/07\/15\/por-un-futuro-inclusivo-presentan-guia-para-juventudes-trans-y-no-binarias-en-el-congreso\/\" \/>\n<meta property=\"og:site_name\" content=\"Nexo Informativo Santiago de Quer\u00e9taro\" \/>\n<meta property=\"article:publisher\" content=\"https:\/\/www.facebook.com\/people\/Nexo-Informativo\/61564066885511\/\" \/>\n<meta property=\"article:published_time\" content=\"2025-07-15T22:00:23+00:00\" \/>\n<meta property=\"article:modified_time\" content=\"2025-07-16T04:43:33+00:00\" \/>\n<meta property=\"og:image\" content=\"https:\/\/www.nexoinformativo.mx\/wp-content\/uploads\/2025\/07\/IMG_5448-e1752640952910.jpg\" \/>\n\t<meta property=\"og:image:width\" content=\"800\" \/>\n\t<meta property=\"og:image:height\" content=\"484\" \/>\n\t<meta property=\"og:image:type\" content=\"image\/jpeg\" \/>\n<meta name=\"author\" content=\"Nexo Informativo\" \/>\n<meta name=\"twitter:card\" content=\"summary_large_image\" \/>\n<meta name=\"twitter:label1\" content=\"Escrito por\" \/>\n\t<meta name=\"twitter:data1\" content=\"Nexo Informativo\" \/>\n\t<meta name=\"twitter:label2\" content=\"Tiempo de lectura\" \/>\n\t<meta name=\"twitter:data2\" content=\"2 minutos\" \/>\n<script type=\"application\/ld+json\" class=\"yoast-schema-graph\">{\"@context\":\"https:\/\/schema.org\",\"@graph\":[{\"@type\":\"Article\",\"@id\":\"https:\/\/www.nexoinformativo.mx\/index.php\/2025\/07\/15\/por-un-futuro-inclusivo-presentan-guia-para-juventudes-trans-y-no-binarias-en-el-congreso\/#article\",\"isPartOf\":{\"@id\":\"https:\/\/www.nexoinformativo.mx\/index.php\/2025\/07\/15\/por-un-futuro-inclusivo-presentan-guia-para-juventudes-trans-y-no-binarias-en-el-congreso\/\"},\"author\":{\"name\":\"Nexo Informativo\",\"@id\":\"https:\/\/www.nexoinformativo.mx\/#\/schema\/person\/7749d380ba08c8ca00d7bc76fd907b7d\"},\"headline\":\"Por un futuro inclusivo presentan &#8220;Gu\u00eda para juventudes trans y no binarias&#8221; en el Congreso\",\"datePublished\":\"2025-07-15T22:00:23+00:00\",\"dateModified\":\"2025-07-16T04:43:33+00:00\",\"mainEntityOfPage\":{\"@id\":\"https:\/\/www.nexoinformativo.mx\/index.php\/2025\/07\/15\/por-un-futuro-inclusivo-presentan-guia-para-juventudes-trans-y-no-binarias-en-el-congreso\/\"},\"wordCount\":331,\"commentCount\":0,\"publisher\":{\"@id\":\"https:\/\/www.nexoinformativo.mx\/#organization\"},\"image\":{\"@id\":\"https:\/\/www.nexoinformativo.mx\/index.php\/2025\/07\/15\/por-un-futuro-inclusivo-presentan-guia-para-juventudes-trans-y-no-binarias-en-el-congreso\/#primaryimage\"},\"thumbnailUrl\":\"https:\/\/www.nexoinformativo.mx\/wp-content\/uploads\/2025\/07\/IMG_5448-e1752640952910.jpg\",\"keywords\":[\"DerechosLGBT\",\"D\u00edaNoBinario\",\"Diversidad\",\"Inclusi\u00f3n\"],\"articleSection\":[\"Nacional\",\"Pol\u00edtica\",\"\u00daltima Hora\"],\"inLanguage\":\"es\",\"potentialAction\":[{\"@type\":\"CommentAction\",\"name\":\"Comment\",\"target\":[\"https:\/\/www.nexoinformativo.mx\/index.php\/2025\/07\/15\/por-un-futuro-inclusivo-presentan-guia-para-juventudes-trans-y-no-binarias-en-el-congreso\/#respond\"]}]},{\"@type\":\"WebPage\",\"@id\":\"https:\/\/www.nexoinformativo.mx\/index.php\/2025\/07\/15\/por-un-futuro-inclusivo-presentan-guia-para-juventudes-trans-y-no-binarias-en-el-congreso\/\",\"url\":\"https:\/\/www.nexoinformativo.mx\/index.php\/2025\/07\/15\/por-un-futuro-inclusivo-presentan-guia-para-juventudes-trans-y-no-binarias-en-el-congreso\/\",\"name\":\"Por un futuro inclusivo presentan \\\"Gu\u00eda para juventudes trans y no binarias\\\" en el Congreso | Nexo Informativo Santiago de Quer\u00e9taro\",\"isPartOf\":{\"@id\":\"https:\/\/www.nexoinformativo.mx\/#website\"},\"primaryImageOfPage\":{\"@id\":\"https:\/\/www.nexoinformativo.mx\/index.php\/2025\/07\/15\/por-un-futuro-inclusivo-presentan-guia-para-juventudes-trans-y-no-binarias-en-el-congreso\/#primaryimage\"},\"image\":{\"@id\":\"https:\/\/www.nexoinformativo.mx\/index.php\/2025\/07\/15\/por-un-futuro-inclusivo-presentan-guia-para-juventudes-trans-y-no-binarias-en-el-congreso\/#primaryimage\"},\"thumbnailUrl\":\"https:\/\/www.nexoinformativo.mx\/wp-content\/uploads\/2025\/07\/IMG_5448-e1752640952910.jpg\",\"datePublished\":\"2025-07-15T22:00:23+00:00\",\"dateModified\":\"2025-07-16T04:43:33+00:00\",\"description\":\"Por un futuro inclusivo presentan \\\"Gu\u00eda para juventudes trans y no binarias\\\" en el Congreso\",\"breadcrumb\":{\"@id\":\"https:\/\/www.nexoinformativo.mx\/index.php\/2025\/07\/15\/por-un-futuro-inclusivo-presentan-guia-para-juventudes-trans-y-no-binarias-en-el-congreso\/#breadcrumb\"},\"inLanguage\":\"es\",\"potentialAction\":[{\"@type\":\"ReadAction\",\"target\":[\"https:\/\/www.nexoinformativo.mx\/index.php\/2025\/07\/15\/por-un-futuro-inclusivo-presentan-guia-para-juventudes-trans-y-no-binarias-en-el-congreso\/\"]}]},{\"@type\":\"ImageObject\",\"inLanguage\":\"es\",\"@id\":\"https:\/\/www.nexoinformativo.mx\/index.php\/2025\/07\/15\/por-un-futuro-inclusivo-presentan-guia-para-juventudes-trans-y-no-binarias-en-el-congreso\/#primaryimage\",\"url\":\"https:\/\/www.nexoinformativo.mx\/wp-content\/uploads\/2025\/07\/IMG_5448-e1752640952910.jpg\",\"contentUrl\":\"https:\/\/www.nexoinformativo.mx\/wp-content\/uploads\/2025\/07\/IMG_5448-e1752640952910.jpg\",\"width\":800,\"height\":484,\"caption\":\"Screenshot\"},{\"@type\":\"BreadcrumbList\",\"@id\":\"https:\/\/www.nexoinformativo.mx\/index.php\/2025\/07\/15\/por-un-futuro-inclusivo-presentan-guia-para-juventudes-trans-y-no-binarias-en-el-congreso\/#breadcrumb\",\"itemListElement\":[{\"@type\":\"ListItem\",\"position\":1,\"name\":\"Inicio\",\"item\":\"https:\/\/www.nexoinformativo.mx\/\"},{\"@type\":\"ListItem\",\"position\":2,\"name\":\"Por un futuro inclusivo presentan &#8220;Gu\u00eda para juventudes trans y no binarias&#8221; en el Congreso\"}]},{\"@type\":\"WebSite\",\"@id\":\"https:\/\/www.nexoinformativo.mx\/#website\",\"url\":\"https:\/\/www.nexoinformativo.mx\/\",\"name\":\"Nexo Informativo Santiago de Quer\u00e9taro\",\"description\":\"Explora NexoInformativo y convi\u00e9rtete en parte de una comunidad que valora el conocimiento y la verdad. Tu nexoinformativo es tu puente hacia una comprensi\u00f3n m\u00e1s profunda del mundo que te rodea.\",\"publisher\":{\"@id\":\"https:\/\/www.nexoinformativo.mx\/#organization\"},\"potentialAction\":[{\"@type\":\"SearchAction\",\"target\":{\"@type\":\"EntryPoint\",\"urlTemplate\":\"https:\/\/www.nexoinformativo.mx\/?s={search_term_string}\"},\"query-input\":{\"@type\":\"PropertyValueSpecification\",\"valueRequired\":true,\"valueName\":\"search_term_string\"}}],\"inLanguage\":\"es\"},{\"@type\":\"Organization\",\"@id\":\"https:\/\/www.nexoinformativo.mx\/#organization\",\"name\":\"Nexo Informativo Santiago de Quer\u00e9taro\",\"url\":\"https:\/\/www.nexoinformativo.mx\/\",\"logo\":{\"@type\":\"ImageObject\",\"inLanguage\":\"es\",\"@id\":\"https:\/\/www.nexoinformativo.mx\/#\/schema\/logo\/image\/\",\"url\":\"https:\/\/www.nexoinformativo.mx\/wp-content\/uploads\/2024\/07\/nexoi-trasparente-2.png\",\"contentUrl\":\"https:\/\/www.nexoinformativo.mx\/wp-content\/uploads\/2024\/07\/nexoi-trasparente-2.png\",\"width\":816,\"height\":339,\"caption\":\"Nexo Informativo Santiago de Quer\u00e9taro\"},\"image\":{\"@id\":\"https:\/\/www.nexoinformativo.mx\/#\/schema\/logo\/image\/\"},\"sameAs\":[\"https:\/\/www.facebook.com\/people\/Nexo-Informativo\/61564066885511\/\"]},{\"@type\":\"Person\",\"@id\":\"https:\/\/www.nexoinformativo.mx\/#\/schema\/person\/7749d380ba08c8ca00d7bc76fd907b7d\",\"name\":\"Nexo Informativo\",\"image\":{\"@type\":\"ImageObject\",\"inLanguage\":\"es\",\"@id\":\"https:\/\/www.nexoinformativo.mx\/#\/schema\/person\/image\/\",\"url\":\"https:\/\/secure.gravatar.com\/avatar\/dde2928154642a13d95f87ddf1ea9718fe2b46760a005c53e41ff5ad610704e6?s=96&d=mm&r=g\",\"contentUrl\":\"https:\/\/secure.gravatar.com\/avatar\/dde2928154642a13d95f87ddf1ea9718fe2b46760a005c53e41ff5ad610704e6?s=96&d=mm&r=g\",\"caption\":\"Nexo Informativo\"},\"url\":\"https:\/\/www.nexoinformativo.mx\/index.php\/author\/edicion\/\"}]}<\/script>\n<!-- \/ Yoast SEO plugin. -->","yoast_head_json":{"title":"Por un futuro inclusivo presentan \"Gu\u00eda para juventudes trans y no binarias\" en el Congreso | Nexo Informativo Santiago de Quer\u00e9taro","description":"Por un futuro inclusivo presentan \"Gu\u00eda para juventudes trans y no binarias\" en el Congreso","robots":{"index":"index","follow":"follow","max-snippet":"max-snippet:-1","max-image-preview":"max-image-preview:large","max-video-preview":"max-video-preview:-1"},"canonical":"https:\/\/www.nexoinformativo.mx\/index.php\/2025\/07\/15\/por-un-futuro-inclusivo-presentan-guia-para-juventudes-trans-y-no-binarias-en-el-congreso\/","og_locale":"es_MX","og_type":"article","og_title":"Por un futuro inclusivo presentan \"Gu\u00eda para juventudes trans y no binarias\" en el Congreso | Nexo Informativo Santiago de Quer\u00e9taro","og_description":"Por un futuro inclusivo presentan \"Gu\u00eda para juventudes trans y no binarias\" en el Congreso","og_url":"https:\/\/www.nexoinformativo.mx\/index.php\/2025\/07\/15\/por-un-futuro-inclusivo-presentan-guia-para-juventudes-trans-y-no-binarias-en-el-congreso\/","og_site_name":"Nexo Informativo Santiago de Quer\u00e9taro","article_publisher":"https:\/\/www.facebook.com\/people\/Nexo-Informativo\/61564066885511\/","article_published_time":"2025-07-15T22:00:23+00:00","article_modified_time":"2025-07-16T04:43:33+00:00","og_image":[{"width":800,"height":484,"url":"https:\/\/www.nexoinformativo.mx\/wp-content\/uploads\/2025\/07\/IMG_5448-e1752640952910.jpg","type":"image\/jpeg"}],"author":"Nexo Informativo","twitter_card":"summary_large_image","twitter_misc":{"Escrito por":"Nexo Informativo","Tiempo de lectura":"2 minutos"},"schema":{"@context":"https:\/\/schema.org","@graph":[{"@type":"Article","@id":"https:\/\/www.nexoinformativo.mx\/index.php\/2025\/07\/15\/por-un-futuro-inclusivo-presentan-guia-para-juventudes-trans-y-no-binarias-en-el-congreso\/#article","isPartOf":{"@id":"https:\/\/www.nexoinformativo.mx\/index.php\/2025\/07\/15\/por-un-futuro-inclusivo-presentan-guia-para-juventudes-trans-y-no-binarias-en-el-congreso\/"},"author":{"name":"Nexo Informativo","@id":"https:\/\/www.nexoinformativo.mx\/#\/schema\/person\/7749d380ba08c8ca00d7bc76fd907b7d"},"headline":"Por un futuro inclusivo presentan &#8220;Gu\u00eda para juventudes trans y no binarias&#8221; en el Congreso","datePublished":"2025-07-15T22:00:23+00:00","dateModified":"2025-07-16T04:43:33+00:00","mainEntityOfPage":{"@id":"https:\/\/www.nexoinformativo.mx\/index.php\/2025\/07\/15\/por-un-futuro-inclusivo-presentan-guia-para-juventudes-trans-y-no-binarias-en-el-congreso\/"},"wordCount":331,"commentCount":0,"publisher":{"@id":"https:\/\/www.nexoinformativo.mx\/#organization"},"image":{"@id":"https:\/\/www.nexoinformativo.mx\/index.php\/2025\/07\/15\/por-un-futuro-inclusivo-presentan-guia-para-juventudes-trans-y-no-binarias-en-el-congreso\/#primaryimage"},"thumbnailUrl":"https:\/\/www.nexoinformativo.mx\/wp-content\/uploads\/2025\/07\/IMG_5448-e1752640952910.jpg","keywords":["DerechosLGBT","D\u00edaNoBinario","Diversidad","Inclusi\u00f3n"],"articleSection":["Nacional","Pol\u00edtica","\u00daltima Hora"],"inLanguage":"es","potentialAction":[{"@type":"CommentAction","name":"Comment","target":["https:\/\/www.nexoinformativo.mx\/index.php\/2025\/07\/15\/por-un-futuro-inclusivo-presentan-guia-para-juventudes-trans-y-no-binarias-en-el-congreso\/#respond"]}]},{"@type":"WebPage","@id":"https:\/\/www.nexoinformativo.mx\/index.php\/2025\/07\/15\/por-un-futuro-inclusivo-presentan-guia-para-juventudes-trans-y-no-binarias-en-el-congreso\/","url":"https:\/\/www.nexoinformativo.mx\/index.php\/2025\/07\/15\/por-un-futuro-inclusivo-presentan-guia-para-juventudes-trans-y-no-binarias-en-el-congreso\/","name":"Por un futuro inclusivo presentan \"Gu\u00eda para juventudes trans y no binarias\" en el Congreso | Nexo Informativo Santiago de Quer\u00e9taro","isPartOf":{"@id":"https:\/\/www.nexoinformativo.mx\/#website"},"primaryImageOfPage":{"@id":"https:\/\/www.nexoinformativo.mx\/index.php\/2025\/07\/15\/por-un-futuro-inclusivo-presentan-guia-para-juventudes-trans-y-no-binarias-en-el-congreso\/#primaryimage"},"image":{"@id":"https:\/\/www.nexoinformativo.mx\/index.php\/2025\/07\/15\/por-un-futuro-inclusivo-presentan-guia-para-juventudes-trans-y-no-binarias-en-el-congreso\/#primaryimage"},"thumbnailUrl":"https:\/\/www.nexoinformativo.mx\/wp-content\/uploads\/2025\/07\/IMG_5448-e1752640952910.jpg","datePublished":"2025-07-15T22:00:23+00:00","dateModified":"2025-07-16T04:43:33+00:00","description":"Por un futuro inclusivo presentan \"Gu\u00eda para juventudes trans y no binarias\" en el Congreso","breadcrumb":{"@id":"https:\/\/www.nexoinformativo.mx\/index.php\/2025\/07\/15\/por-un-futuro-inclusivo-presentan-guia-para-juventudes-trans-y-no-binarias-en-el-congreso\/#breadcrumb"},"inLanguage":"es","potentialAction":[{"@type":"ReadAction","target":["https:\/\/www.nexoinformativo.mx\/index.php\/2025\/07\/15\/por-un-futuro-inclusivo-presentan-guia-para-juventudes-trans-y-no-binarias-en-el-congreso\/"]}]},{"@type":"ImageObject","inLanguage":"es","@id":"https:\/\/www.nexoinformativo.mx\/index.php\/2025\/07\/15\/por-un-futuro-inclusivo-presentan-guia-para-juventudes-trans-y-no-binarias-en-el-congreso\/#primaryimage","url":"https:\/\/www.nexoinformativo.mx\/wp-content\/uploads\/2025\/07\/IMG_5448-e1752640952910.jpg","contentUrl":"https:\/\/www.nexoinformativo.mx\/wp-content\/uploads\/2025\/07\/IMG_5448-e1752640952910.jpg","width":800,"height":484,"caption":"Screenshot"},{"@type":"BreadcrumbList","@id":"https:\/\/www.nexoinformativo.mx\/index.php\/2025\/07\/15\/por-un-futuro-inclusivo-presentan-guia-para-juventudes-trans-y-no-binarias-en-el-congreso\/#breadcrumb","itemListElement":[{"@type":"ListItem","position":1,"name":"Inicio","item":"https:\/\/www.nexoinformativo.mx\/"},{"@type":"ListItem","position":2,"name":"Por un futuro inclusivo presentan &#8220;Gu\u00eda para juventudes trans y no binarias&#8221; en el Congreso"}]},{"@type":"WebSite","@id":"https:\/\/www.nexoinformativo.mx\/#website","url":"https:\/\/www.nexoinformativo.mx\/","name":"Nexo Informativo Santiago de Quer\u00e9taro","description":"Explora NexoInformativo y convi\u00e9rtete en parte de una comunidad que valora el conocimiento y la verdad. Tu nexoinformativo es tu puente hacia una comprensi\u00f3n m\u00e1s profunda del mundo que te rodea.","publisher":{"@id":"https:\/\/www.nexoinformativo.mx\/#organization"},"potentialAction":[{"@type":"SearchAction","target":{"@type":"EntryPoint","urlTemplate":"https:\/\/www.nexoinformativo.mx\/?s={search_term_string}"},"query-input":{"@type":"PropertyValueSpecification","valueRequired":true,"valueName":"search_term_string"}}],"inLanguage":"es"},{"@type":"Organization","@id":"https:\/\/www.nexoinformativo.mx\/#organization","name":"Nexo Informativo Santiago de Quer\u00e9taro","url":"https:\/\/www.nexoinformativo.mx\/","logo":{"@type":"ImageObject","inLanguage":"es","@id":"https:\/\/www.nexoinformativo.mx\/#\/schema\/logo\/image\/","url":"https:\/\/www.nexoinformativo.mx\/wp-content\/uploads\/2024\/07\/nexoi-trasparente-2.png","contentUrl":"https:\/\/www.nexoinformativo.mx\/wp-content\/uploads\/2024\/07\/nexoi-trasparente-2.png","width":816,"height":339,"caption":"Nexo Informativo Santiago de Quer\u00e9taro"},"image":{"@id":"https:\/\/www.nexoinformativo.mx\/#\/schema\/logo\/image\/"},"sameAs":["https:\/\/www.facebook.com\/people\/Nexo-Informativo\/61564066885511\/"]},{"@type":"Person","@id":"https:\/\/www.nexoinformativo.mx\/#\/schema\/person\/7749d380ba08c8ca00d7bc76fd907b7d","name":"Nexo Informativo","image":{"@type":"ImageObject","inLanguage":"es","@id":"https:\/\/www.nexoinformativo.mx\/#\/schema\/person\/image\/","url":"https:\/\/secure.gravatar.com\/avatar\/dde2928154642a13d95f87ddf1ea9718fe2b46760a005c53e41ff5ad610704e6?s=96&d=mm&r=g","contentUrl":"https:\/\/secure.gravatar.com\/avatar\/dde2928154642a13d95f87ddf1ea9718fe2b46760a005c53e41ff5ad610704e6?s=96&d=mm&r=g","caption":"Nexo Informativo"},"url":"https:\/\/www.nexoinformativo.mx\/index.php\/author\/edicion\/"}]}},"_links":{"self":[{"href":"https:\/\/www.nexoinformativo.mx\/index.php\/wp-json\/wp\/v2\/posts\/16481","targetHints":{"allow":["GET"]}}],"collection":[{"href":"https:\/\/www.nexoinformativo.mx\/index.php\/wp-json\/wp\/v2\/posts"}],"about":[{"href":"https:\/\/www.nexoinformativo.mx\/index.php\/wp-json\/wp\/v2\/types\/post"}],"author":[{"embeddable":true,"href":"https:\/\/www.nexoinformativo.mx\/index.php\/wp-json\/wp\/v2\/users\/3"}],"replies":[{"embeddable":true,"href":"https:\/\/www.nexoinformativo.mx\/index.php\/wp-json\/wp\/v2\/comments?post=16481"}],"version-history":[{"count":3,"href":"https:\/\/www.nexoinformativo.mx\/index.php\/wp-json\/wp\/v2\/posts\/16481\/revisions"}],"predecessor-version":[{"id":16485,"href":"https:\/\/www.nexoinformativo.mx\/index.php\/wp-json\/wp\/v2\/posts\/16481\/revisions\/16485"}],"wp:featuredmedia":[{"embeddable":true,"href":"https:\/\/www.nexoinformativo.mx\/index.php\/wp-json\/wp\/v2\/media\/16482"}],"wp:attachment":[{"href":"https:\/\/www.nexoinformativo.mx\/index.php\/wp-json\/wp\/v2\/media?parent=16481"}],"wp:term":[{"taxonomy":"category","embeddable":true,"href":"https:\/\/www.nexoinformativo.mx\/index.php\/wp-json\/wp\/v2\/categories?post=16481"},{"taxonomy":"post_tag","embeddable":true,"href":"https:\/\/www.nexoinformativo.mx\/index.php\/wp-json\/wp\/v2\/tags?post=16481"}],"curies":[{"name":"wp","href":"https:\/\/api.w.org\/{rel}","templated":true}]}}