{"id":16486,"date":"2025-07-15T17:00:38","date_gmt":"2025-07-15T23:00:38","guid":{"rendered":"https:\/\/www.nexoinformativo.mx\/?p=16486"},"modified":"2025-07-15T23:02:15","modified_gmt":"2025-07-16T05:02:15","slug":"queretaro-a-la-vanguardia-anuncian-ley-de-bienestar-animal-que-prohibe-la-crueldad-y-el-abandono","status":"publish","type":"post","link":"https:\/\/www.nexoinformativo.mx\/index.php\/2025\/07\/15\/queretaro-a-la-vanguardia-anuncian-ley-de-bienestar-animal-que-prohibe-la-crueldad-y-el-abandono\/","title":{"rendered":"Quer\u00e9taro a la vanguardia anuncian Ley de Bienestar animal que proh\u00edbe la crueldad y el abandono"},"content":{"rendered":"<p style=\"text-align: justify;\">Con el objetivo de proteger la integridad de los animales, el gobernador Mauricio Kuri\u00a0ha anunciado que enviar\u00e1 al Congreso del Estado una hist\u00f3rica Ley de Bienestar Animal. A trav\u00e9s de un video en redes sociales, el mandatario destac\u00f3 que la iniciativa reconoce a los animales como seres sintientes con derecho a vivir sin crueldad, maltrato, abandono y sufrimiento.<\/p>\n<\/p>\n<p>&nbsp;<\/p>\n<p style=\"text-align: justify;\">&#8220;En Quer\u00e9taro respetamos todas las formas de vida&#8221;, expres\u00f3 Kuri, a\u00f1adiendo que esta ley incorpora lo mejor de los modelos de bienestar animal de pa\u00edses avanzados, colocando al estado a la vanguardia en el tema. El gobernador afirm\u00f3 que una sociedad que cuida a sus animales es m\u00e1s sensible, emp\u00e1tica y justa, por lo que la ley tambi\u00e9n promueve la educaci\u00f3n, la conciencia y el respeto.<\/p>\n<\/p>\n<p>&nbsp;<\/p>\n<p style=\"text-align: justify;\">La iniciativa de ley establece reglas claras y sanciones para quienes las incumplan. Entre las principales prohibiciones destacan:<\/p>\n<\/p>\n<p>&nbsp;<br \/>\n*Venta de animales por internet.<\/p>\n<p>*Uso de collares de castigo.<\/p>\n<p>*Abandono, maltrato, crueldad y negligencia.<\/p>\n<p>*Mantener a los animales encerrados en condiciones inadecuadas.<\/p>\n<p>&nbsp;<\/p>\n<p style=\"text-align: justify;\">La ley tambi\u00e9n impone obligaciones para los due\u00f1os, como proporcionar alimento y agua suficientes, atenci\u00f3n m\u00e9dica oportuna y espacios dignos. Kuri hizo un llamado a la corresponsabilidad de los due\u00f1os, vecinos y ciudadanos para cuidar, respetar y denunciar el maltrato animal.<\/p>\n<\/p>\n<p>&nbsp;<\/p>\n<p style=\"text-align: justify;\">&#8220;No podemos seguir siendo indiferentes al maltrato, no podemos ignorar el sufrimiento de quienes no tienen voz&#8221;, concluy\u00f3 el gobernador. Con este paso, Quer\u00e9taro no solo crece en infraestructura e inversi\u00f3n, sino tambi\u00e9n en conciencia y valores.<\/p>\n<\/p>\n<p>&nbsp;<\/p>\n<p style=\"text-align: center;\"><em><strong>\u00a1Informaci\u00f3n que transforma!<\/strong><\/em><\/p>\n","protected":false},"excerpt":{"rendered":"<p>Con el objetivo de proteger la integridad de los animales, el gobernador Mauricio Kuri\u00a0ha anunciado que enviar\u00e1 al Congreso del Estado una hist\u00f3rica Ley de Bienestar Animal. A trav\u00e9s de un video en redes sociales, el mandatario destac\u00f3 que la iniciativa reconoce a los animales como seres sintientes con derecho a vivir sin crueldad, maltrato, abandono y sufrimiento.<\/p>\n","protected":false},"author":3,"featured_media":16487,"comment_status":"open","ping_status":"open","sticky":false,"template":"","format":"standard","meta":{"footnotes":""},"categories":[88,58],"tags":[410,4943,284,133],"class_list":["post-16486","post","type-post","status-publish","format-standard","has-post-thumbnail","hentry","category-nacional","category-ultima-hora","tag-bienestaranimal","tag-leydebienestaranimal","tag-noalmaltratoanimal","tag-queretaro"],"yoast_head":"<!-- This site is optimized with the Yoast SEO plugin v25.0 - https:\/\/yoast.com\/wordpress\/plugins\/seo\/ -->\n<title>Quer\u00e9taro a la vanguardia anuncian Ley de Bienestar animal que proh\u00edbe la crueldad y el abandono | Nexo Informativo Santiago de Quer\u00e9taro<\/title>\n<meta name=\"description\" content=\"Quer\u00e9taro a la vanguardia anuncian Ley de Bienestar animal que proh\u00edbe la crueldad y el abandono\" \/>\n<meta name=\"robots\" content=\"index, follow, max-snippet:-1, max-image-preview:large, max-video-preview:-1\" \/>\n<link rel=\"canonical\" href=\"https:\/\/www.nexoinformativo.mx\/index.php\/2025\/07\/15\/queretaro-a-la-vanguardia-anuncian-ley-de-bienestar-animal-que-prohibe-la-crueldad-y-el-abandono\/\" \/>\n<meta property=\"og:locale\" content=\"es_MX\" \/>\n<meta property=\"og:type\" content=\"article\" \/>\n<meta property=\"og:title\" content=\"Quer\u00e9taro a la vanguardia anuncian Ley de Bienestar animal que proh\u00edbe la crueldad y el abandono | Nexo Informativo Santiago de Quer\u00e9taro\" \/>\n<meta property=\"og:description\" content=\"Quer\u00e9taro a la vanguardia anuncian Ley de Bienestar animal que proh\u00edbe la crueldad y el abandono\" \/>\n<meta property=\"og:url\" content=\"https:\/\/www.nexoinformativo.mx\/index.php\/2025\/07\/15\/queretaro-a-la-vanguardia-anuncian-ley-de-bienestar-animal-que-prohibe-la-crueldad-y-el-abandono\/\" \/>\n<meta property=\"og:site_name\" content=\"Nexo Informativo Santiago de Quer\u00e9taro\" \/>\n<meta property=\"article:publisher\" content=\"https:\/\/www.facebook.com\/people\/Nexo-Informativo\/61564066885511\/\" \/>\n<meta property=\"article:published_time\" content=\"2025-07-15T23:00:38+00:00\" \/>\n<meta property=\"article:modified_time\" content=\"2025-07-16T05:02:15+00:00\" \/>\n<meta property=\"og:image\" content=\"https:\/\/www.nexoinformativo.mx\/wp-content\/uploads\/2025\/07\/PHOTO-2025-07-15-10-17-43-e1752642039562.jpg\" \/>\n\t<meta property=\"og:image:width\" content=\"800\" \/>\n\t<meta property=\"og:image:height\" content=\"534\" \/>\n\t<meta property=\"og:image:type\" content=\"image\/jpeg\" \/>\n<meta name=\"author\" content=\"Nexo Informativo\" \/>\n<meta name=\"twitter:card\" content=\"summary_large_image\" \/>\n<meta name=\"twitter:label1\" content=\"Escrito por\" \/>\n\t<meta name=\"twitter:data1\" content=\"Nexo Informativo\" \/>\n\t<meta name=\"twitter:label2\" content=\"Tiempo de lectura\" \/>\n\t<meta name=\"twitter:data2\" content=\"2 minutos\" \/>\n<script type=\"application\/ld+json\" class=\"yoast-schema-graph\">{\"@context\":\"https:\/\/schema.org\",\"@graph\":[{\"@type\":\"Article\",\"@id\":\"https:\/\/www.nexoinformativo.mx\/index.php\/2025\/07\/15\/queretaro-a-la-vanguardia-anuncian-ley-de-bienestar-animal-que-prohibe-la-crueldad-y-el-abandono\/#article\",\"isPartOf\":{\"@id\":\"https:\/\/www.nexoinformativo.mx\/index.php\/2025\/07\/15\/queretaro-a-la-vanguardia-anuncian-ley-de-bienestar-animal-que-prohibe-la-crueldad-y-el-abandono\/\"},\"author\":{\"name\":\"Nexo Informativo\",\"@id\":\"https:\/\/www.nexoinformativo.mx\/#\/schema\/person\/7749d380ba08c8ca00d7bc76fd907b7d\"},\"headline\":\"Quer\u00e9taro a la vanguardia anuncian Ley de Bienestar animal que proh\u00edbe la crueldad y el abandono\",\"datePublished\":\"2025-07-15T23:00:38+00:00\",\"dateModified\":\"2025-07-16T05:02:15+00:00\",\"mainEntityOfPage\":{\"@id\":\"https:\/\/www.nexoinformativo.mx\/index.php\/2025\/07\/15\/queretaro-a-la-vanguardia-anuncian-ley-de-bienestar-animal-que-prohibe-la-crueldad-y-el-abandono\/\"},\"wordCount\":289,\"commentCount\":0,\"publisher\":{\"@id\":\"https:\/\/www.nexoinformativo.mx\/#organization\"},\"image\":{\"@id\":\"https:\/\/www.nexoinformativo.mx\/index.php\/2025\/07\/15\/queretaro-a-la-vanguardia-anuncian-ley-de-bienestar-animal-que-prohibe-la-crueldad-y-el-abandono\/#primaryimage\"},\"thumbnailUrl\":\"https:\/\/www.nexoinformativo.mx\/wp-content\/uploads\/2025\/07\/PHOTO-2025-07-15-10-17-43-e1752642039562.jpg\",\"keywords\":[\"BienestarAnimal\",\"LeyDeBienestarAnimal\",\"NOalMaltratoAnimal\",\"Quer\u00e9taro\"],\"articleSection\":[\"Nacional\",\"\u00daltima Hora\"],\"inLanguage\":\"es\",\"potentialAction\":[{\"@type\":\"CommentAction\",\"name\":\"Comment\",\"target\":[\"https:\/\/www.nexoinformativo.mx\/index.php\/2025\/07\/15\/queretaro-a-la-vanguardia-anuncian-ley-de-bienestar-animal-que-prohibe-la-crueldad-y-el-abandono\/#respond\"]}]},{\"@type\":\"WebPage\",\"@id\":\"https:\/\/www.nexoinformativo.mx\/index.php\/2025\/07\/15\/queretaro-a-la-vanguardia-anuncian-ley-de-bienestar-animal-que-prohibe-la-crueldad-y-el-abandono\/\",\"url\":\"https:\/\/www.nexoinformativo.mx\/index.php\/2025\/07\/15\/queretaro-a-la-vanguardia-anuncian-ley-de-bienestar-animal-que-prohibe-la-crueldad-y-el-abandono\/\",\"name\":\"Quer\u00e9taro a la vanguardia anuncian Ley de Bienestar animal que proh\u00edbe la crueldad y el abandono | Nexo Informativo Santiago de Quer\u00e9taro\",\"isPartOf\":{\"@id\":\"https:\/\/www.nexoinformativo.mx\/#website\"},\"primaryImageOfPage\":{\"@id\":\"https:\/\/www.nexoinformativo.mx\/index.php\/2025\/07\/15\/queretaro-a-la-vanguardia-anuncian-ley-de-bienestar-animal-que-prohibe-la-crueldad-y-el-abandono\/#primaryimage\"},\"image\":{\"@id\":\"https:\/\/www.nexoinformativo.mx\/index.php\/2025\/07\/15\/queretaro-a-la-vanguardia-anuncian-ley-de-bienestar-animal-que-prohibe-la-crueldad-y-el-abandono\/#primaryimage\"},\"thumbnailUrl\":\"https:\/\/www.nexoinformativo.mx\/wp-content\/uploads\/2025\/07\/PHOTO-2025-07-15-10-17-43-e1752642039562.jpg\",\"datePublished\":\"2025-07-15T23:00:38+00:00\",\"dateModified\":\"2025-07-16T05:02:15+00:00\",\"description\":\"Quer\u00e9taro a la vanguardia anuncian Ley de Bienestar animal que proh\u00edbe la crueldad y el abandono\",\"breadcrumb\":{\"@id\":\"https:\/\/www.nexoinformativo.mx\/index.php\/2025\/07\/15\/queretaro-a-la-vanguardia-anuncian-ley-de-bienestar-animal-que-prohibe-la-crueldad-y-el-abandono\/#breadcrumb\"},\"inLanguage\":\"es\",\"potentialAction\":[{\"@type\":\"ReadAction\",\"target\":[\"https:\/\/www.nexoinformativo.mx\/index.php\/2025\/07\/15\/queretaro-a-la-vanguardia-anuncian-ley-de-bienestar-animal-que-prohibe-la-crueldad-y-el-abandono\/\"]}]},{\"@type\":\"ImageObject\",\"inLanguage\":\"es\",\"@id\":\"https:\/\/www.nexoinformativo.mx\/index.php\/2025\/07\/15\/queretaro-a-la-vanguardia-anuncian-ley-de-bienestar-animal-que-prohibe-la-crueldad-y-el-abandono\/#primaryimage\",\"url\":\"https:\/\/www.nexoinformativo.mx\/wp-content\/uploads\/2025\/07\/PHOTO-2025-07-15-10-17-43-e1752642039562.jpg\",\"contentUrl\":\"https:\/\/www.nexoinformativo.mx\/wp-content\/uploads\/2025\/07\/PHOTO-2025-07-15-10-17-43-e1752642039562.jpg\",\"width\":800,\"height\":534},{\"@type\":\"BreadcrumbList\",\"@id\":\"https:\/\/www.nexoinformativo.mx\/index.php\/2025\/07\/15\/queretaro-a-la-vanguardia-anuncian-ley-de-bienestar-animal-que-prohibe-la-crueldad-y-el-abandono\/#breadcrumb\",\"itemListElement\":[{\"@type\":\"ListItem\",\"position\":1,\"name\":\"Inicio\",\"item\":\"https:\/\/www.nexoinformativo.mx\/\"},{\"@type\":\"ListItem\",\"position\":2,\"name\":\"Quer\u00e9taro a la vanguardia anuncian Ley de Bienestar animal que proh\u00edbe la crueldad y el abandono\"}]},{\"@type\":\"WebSite\",\"@id\":\"https:\/\/www.nexoinformativo.mx\/#website\",\"url\":\"https:\/\/www.nexoinformativo.mx\/\",\"name\":\"Nexo Informativo Santiago de Quer\u00e9taro\",\"description\":\"Explora NexoInformativo y convi\u00e9rtete en parte de una comunidad que valora el conocimiento y la verdad. Tu nexoinformativo es tu puente hacia una comprensi\u00f3n m\u00e1s profunda del mundo que te rodea.\",\"publisher\":{\"@id\":\"https:\/\/www.nexoinformativo.mx\/#organization\"},\"potentialAction\":[{\"@type\":\"SearchAction\",\"target\":{\"@type\":\"EntryPoint\",\"urlTemplate\":\"https:\/\/www.nexoinformativo.mx\/?s={search_term_string}\"},\"query-input\":{\"@type\":\"PropertyValueSpecification\",\"valueRequired\":true,\"valueName\":\"search_term_string\"}}],\"inLanguage\":\"es\"},{\"@type\":\"Organization\",\"@id\":\"https:\/\/www.nexoinformativo.mx\/#organization\",\"name\":\"Nexo Informativo Santiago de Quer\u00e9taro\",\"url\":\"https:\/\/www.nexoinformativo.mx\/\",\"logo\":{\"@type\":\"ImageObject\",\"inLanguage\":\"es\",\"@id\":\"https:\/\/www.nexoinformativo.mx\/#\/schema\/logo\/image\/\",\"url\":\"https:\/\/www.nexoinformativo.mx\/wp-content\/uploads\/2024\/07\/nexoi-trasparente-2.png\",\"contentUrl\":\"https:\/\/www.nexoinformativo.mx\/wp-content\/uploads\/2024\/07\/nexoi-trasparente-2.png\",\"width\":816,\"height\":339,\"caption\":\"Nexo Informativo Santiago de Quer\u00e9taro\"},\"image\":{\"@id\":\"https:\/\/www.nexoinformativo.mx\/#\/schema\/logo\/image\/\"},\"sameAs\":[\"https:\/\/www.facebook.com\/people\/Nexo-Informativo\/61564066885511\/\"]},{\"@type\":\"Person\",\"@id\":\"https:\/\/www.nexoinformativo.mx\/#\/schema\/person\/7749d380ba08c8ca00d7bc76fd907b7d\",\"name\":\"Nexo Informativo\",\"image\":{\"@type\":\"ImageObject\",\"inLanguage\":\"es\",\"@id\":\"https:\/\/www.nexoinformativo.mx\/#\/schema\/person\/image\/\",\"url\":\"https:\/\/secure.gravatar.com\/avatar\/dde2928154642a13d95f87ddf1ea9718fe2b46760a005c53e41ff5ad610704e6?s=96&d=mm&r=g\",\"contentUrl\":\"https:\/\/secure.gravatar.com\/avatar\/dde2928154642a13d95f87ddf1ea9718fe2b46760a005c53e41ff5ad610704e6?s=96&d=mm&r=g\",\"caption\":\"Nexo Informativo\"},\"url\":\"https:\/\/www.nexoinformativo.mx\/index.php\/author\/edicion\/\"}]}<\/script>\n<!-- \/ Yoast SEO plugin. -->","yoast_head_json":{"title":"Quer\u00e9taro a la vanguardia anuncian Ley de Bienestar animal que proh\u00edbe la crueldad y el abandono | Nexo Informativo Santiago de Quer\u00e9taro","description":"Quer\u00e9taro a la vanguardia anuncian Ley de Bienestar animal que proh\u00edbe la crueldad y el abandono","robots":{"index":"index","follow":"follow","max-snippet":"max-snippet:-1","max-image-preview":"max-image-preview:large","max-video-preview":"max-video-preview:-1"},"canonical":"https:\/\/www.nexoinformativo.mx\/index.php\/2025\/07\/15\/queretaro-a-la-vanguardia-anuncian-ley-de-bienestar-animal-que-prohibe-la-crueldad-y-el-abandono\/","og_locale":"es_MX","og_type":"article","og_title":"Quer\u00e9taro a la vanguardia anuncian Ley de Bienestar animal que proh\u00edbe la crueldad y el abandono | Nexo Informativo Santiago de Quer\u00e9taro","og_description":"Quer\u00e9taro a la vanguardia anuncian Ley de Bienestar animal que proh\u00edbe la crueldad y el abandono","og_url":"https:\/\/www.nexoinformativo.mx\/index.php\/2025\/07\/15\/queretaro-a-la-vanguardia-anuncian-ley-de-bienestar-animal-que-prohibe-la-crueldad-y-el-abandono\/","og_site_name":"Nexo Informativo Santiago de Quer\u00e9taro","article_publisher":"https:\/\/www.facebook.com\/people\/Nexo-Informativo\/61564066885511\/","article_published_time":"2025-07-15T23:00:38+00:00","article_modified_time":"2025-07-16T05:02:15+00:00","og_image":[{"width":800,"height":534,"url":"https:\/\/www.nexoinformativo.mx\/wp-content\/uploads\/2025\/07\/PHOTO-2025-07-15-10-17-43-e1752642039562.jpg","type":"image\/jpeg"}],"author":"Nexo Informativo","twitter_card":"summary_large_image","twitter_misc":{"Escrito por":"Nexo Informativo","Tiempo de lectura":"2 minutos"},"schema":{"@context":"https:\/\/schema.org","@graph":[{"@type":"Article","@id":"https:\/\/www.nexoinformativo.mx\/index.php\/2025\/07\/15\/queretaro-a-la-vanguardia-anuncian-ley-de-bienestar-animal-que-prohibe-la-crueldad-y-el-abandono\/#article","isPartOf":{"@id":"https:\/\/www.nexoinformativo.mx\/index.php\/2025\/07\/15\/queretaro-a-la-vanguardia-anuncian-ley-de-bienestar-animal-que-prohibe-la-crueldad-y-el-abandono\/"},"author":{"name":"Nexo Informativo","@id":"https:\/\/www.nexoinformativo.mx\/#\/schema\/person\/7749d380ba08c8ca00d7bc76fd907b7d"},"headline":"Quer\u00e9taro a la vanguardia anuncian Ley de Bienestar animal que proh\u00edbe la crueldad y el abandono","datePublished":"2025-07-15T23:00:38+00:00","dateModified":"2025-07-16T05:02:15+00:00","mainEntityOfPage":{"@id":"https:\/\/www.nexoinformativo.mx\/index.php\/2025\/07\/15\/queretaro-a-la-vanguardia-anuncian-ley-de-bienestar-animal-que-prohibe-la-crueldad-y-el-abandono\/"},"wordCount":289,"commentCount":0,"publisher":{"@id":"https:\/\/www.nexoinformativo.mx\/#organization"},"image":{"@id":"https:\/\/www.nexoinformativo.mx\/index.php\/2025\/07\/15\/queretaro-a-la-vanguardia-anuncian-ley-de-bienestar-animal-que-prohibe-la-crueldad-y-el-abandono\/#primaryimage"},"thumbnailUrl":"https:\/\/www.nexoinformativo.mx\/wp-content\/uploads\/2025\/07\/PHOTO-2025-07-15-10-17-43-e1752642039562.jpg","keywords":["BienestarAnimal","LeyDeBienestarAnimal","NOalMaltratoAnimal","Quer\u00e9taro"],"articleSection":["Nacional","\u00daltima Hora"],"inLanguage":"es","potentialAction":[{"@type":"CommentAction","name":"Comment","target":["https:\/\/www.nexoinformativo.mx\/index.php\/2025\/07\/15\/queretaro-a-la-vanguardia-anuncian-ley-de-bienestar-animal-que-prohibe-la-crueldad-y-el-abandono\/#respond"]}]},{"@type":"WebPage","@id":"https:\/\/www.nexoinformativo.mx\/index.php\/2025\/07\/15\/queretaro-a-la-vanguardia-anuncian-ley-de-bienestar-animal-que-prohibe-la-crueldad-y-el-abandono\/","url":"https:\/\/www.nexoinformativo.mx\/index.php\/2025\/07\/15\/queretaro-a-la-vanguardia-anuncian-ley-de-bienestar-animal-que-prohibe-la-crueldad-y-el-abandono\/","name":"Quer\u00e9taro a la vanguardia anuncian Ley de Bienestar animal que proh\u00edbe la crueldad y el abandono | Nexo Informativo Santiago de Quer\u00e9taro","isPartOf":{"@id":"https:\/\/www.nexoinformativo.mx\/#website"},"primaryImageOfPage":{"@id":"https:\/\/www.nexoinformativo.mx\/index.php\/2025\/07\/15\/queretaro-a-la-vanguardia-anuncian-ley-de-bienestar-animal-que-prohibe-la-crueldad-y-el-abandono\/#primaryimage"},"image":{"@id":"https:\/\/www.nexoinformativo.mx\/index.php\/2025\/07\/15\/queretaro-a-la-vanguardia-anuncian-ley-de-bienestar-animal-que-prohibe-la-crueldad-y-el-abandono\/#primaryimage"},"thumbnailUrl":"https:\/\/www.nexoinformativo.mx\/wp-content\/uploads\/2025\/07\/PHOTO-2025-07-15-10-17-43-e1752642039562.jpg","datePublished":"2025-07-15T23:00:38+00:00","dateModified":"2025-07-16T05:02:15+00:00","description":"Quer\u00e9taro a la vanguardia anuncian Ley de Bienestar animal que proh\u00edbe la crueldad y el abandono","breadcrumb":{"@id":"https:\/\/www.nexoinformativo.mx\/index.php\/2025\/07\/15\/queretaro-a-la-vanguardia-anuncian-ley-de-bienestar-animal-que-prohibe-la-crueldad-y-el-abandono\/#breadcrumb"},"inLanguage":"es","potentialAction":[{"@type":"ReadAction","target":["https:\/\/www.nexoinformativo.mx\/index.php\/2025\/07\/15\/queretaro-a-la-vanguardia-anuncian-ley-de-bienestar-animal-que-prohibe-la-crueldad-y-el-abandono\/"]}]},{"@type":"ImageObject","inLanguage":"es","@id":"https:\/\/www.nexoinformativo.mx\/index.php\/2025\/07\/15\/queretaro-a-la-vanguardia-anuncian-ley-de-bienestar-animal-que-prohibe-la-crueldad-y-el-abandono\/#primaryimage","url":"https:\/\/www.nexoinformativo.mx\/wp-content\/uploads\/2025\/07\/PHOTO-2025-07-15-10-17-43-e1752642039562.jpg","contentUrl":"https:\/\/www.nexoinformativo.mx\/wp-content\/uploads\/2025\/07\/PHOTO-2025-07-15-10-17-43-e1752642039562.jpg","width":800,"height":534},{"@type":"BreadcrumbList","@id":"https:\/\/www.nexoinformativo.mx\/index.php\/2025\/07\/15\/queretaro-a-la-vanguardia-anuncian-ley-de-bienestar-animal-que-prohibe-la-crueldad-y-el-abandono\/#breadcrumb","itemListElement":[{"@type":"ListItem","position":1,"name":"Inicio","item":"https:\/\/www.nexoinformativo.mx\/"},{"@type":"ListItem","position":2,"name":"Quer\u00e9taro a la vanguardia anuncian Ley de Bienestar animal que proh\u00edbe la crueldad y el abandono"}]},{"@type":"WebSite","@id":"https:\/\/www.nexoinformativo.mx\/#website","url":"https:\/\/www.nexoinformativo.mx\/","name":"Nexo Informativo Santiago de Quer\u00e9taro","description":"Explora NexoInformativo y convi\u00e9rtete en parte de una comunidad que valora el conocimiento y la verdad. Tu nexoinformativo es tu puente hacia una comprensi\u00f3n m\u00e1s profunda del mundo que te rodea.","publisher":{"@id":"https:\/\/www.nexoinformativo.mx\/#organization"},"potentialAction":[{"@type":"SearchAction","target":{"@type":"EntryPoint","urlTemplate":"https:\/\/www.nexoinformativo.mx\/?s={search_term_string}"},"query-input":{"@type":"PropertyValueSpecification","valueRequired":true,"valueName":"search_term_string"}}],"inLanguage":"es"},{"@type":"Organization","@id":"https:\/\/www.nexoinformativo.mx\/#organization","name":"Nexo Informativo Santiago de Quer\u00e9taro","url":"https:\/\/www.nexoinformativo.mx\/","logo":{"@type":"ImageObject","inLanguage":"es","@id":"https:\/\/www.nexoinformativo.mx\/#\/schema\/logo\/image\/","url":"https:\/\/www.nexoinformativo.mx\/wp-content\/uploads\/2024\/07\/nexoi-trasparente-2.png","contentUrl":"https:\/\/www.nexoinformativo.mx\/wp-content\/uploads\/2024\/07\/nexoi-trasparente-2.png","width":816,"height":339,"caption":"Nexo Informativo Santiago de Quer\u00e9taro"},"image":{"@id":"https:\/\/www.nexoinformativo.mx\/#\/schema\/logo\/image\/"},"sameAs":["https:\/\/www.facebook.com\/people\/Nexo-Informativo\/61564066885511\/"]},{"@type":"Person","@id":"https:\/\/www.nexoinformativo.mx\/#\/schema\/person\/7749d380ba08c8ca00d7bc76fd907b7d","name":"Nexo Informativo","image":{"@type":"ImageObject","inLanguage":"es","@id":"https:\/\/www.nexoinformativo.mx\/#\/schema\/person\/image\/","url":"https:\/\/secure.gravatar.com\/avatar\/dde2928154642a13d95f87ddf1ea9718fe2b46760a005c53e41ff5ad610704e6?s=96&d=mm&r=g","contentUrl":"https:\/\/secure.gravatar.com\/avatar\/dde2928154642a13d95f87ddf1ea9718fe2b46760a005c53e41ff5ad610704e6?s=96&d=mm&r=g","caption":"Nexo Informativo"},"url":"https:\/\/www.nexoinformativo.mx\/index.php\/author\/edicion\/"}]}},"_links":{"self":[{"href":"https:\/\/www.nexoinformativo.mx\/index.php\/wp-json\/wp\/v2\/posts\/16486","targetHints":{"allow":["GET"]}}],"collection":[{"href":"https:\/\/www.nexoinformativo.mx\/index.php\/wp-json\/wp\/v2\/posts"}],"about":[{"href":"https:\/\/www.nexoinformativo.mx\/index.php\/wp-json\/wp\/v2\/types\/post"}],"author":[{"embeddable":true,"href":"https:\/\/www.nexoinformativo.mx\/index.php\/wp-json\/wp\/v2\/users\/3"}],"replies":[{"embeddable":true,"href":"https:\/\/www.nexoinformativo.mx\/index.php\/wp-json\/wp\/v2\/comments?post=16486"}],"version-history":[{"count":3,"href":"https:\/\/www.nexoinformativo.mx\/index.php\/wp-json\/wp\/v2\/posts\/16486\/revisions"}],"predecessor-version":[{"id":16490,"href":"https:\/\/www.nexoinformativo.mx\/index.php\/wp-json\/wp\/v2\/posts\/16486\/revisions\/16490"}],"wp:featuredmedia":[{"embeddable":true,"href":"https:\/\/www.nexoinformativo.mx\/index.php\/wp-json\/wp\/v2\/media\/16487"}],"wp:attachment":[{"href":"https:\/\/www.nexoinformativo.mx\/index.php\/wp-json\/wp\/v2\/media?parent=16486"}],"wp:term":[{"taxonomy":"category","embeddable":true,"href":"https:\/\/www.nexoinformativo.mx\/index.php\/wp-json\/wp\/v2\/categories?post=16486"},{"taxonomy":"post_tag","embeddable":true,"href":"https:\/\/www.nexoinformativo.mx\/index.php\/wp-json\/wp\/v2\/tags?post=16486"}],"curies":[{"name":"wp","href":"https:\/\/api.w.org\/{rel}","templated":true}]}}