{"id":16501,"date":"2025-07-17T14:00:19","date_gmt":"2025-07-17T20:00:19","guid":{"rendered":"https:\/\/www.nexoinformativo.mx\/?p=16501"},"modified":"2025-07-17T19:51:14","modified_gmt":"2025-07-18T01:51:14","slug":"aeropuerto-de-queretaro-es-eje-estrategico-para-atraer-inversion-y-fortalecer-la-conectividad","status":"publish","type":"post","link":"https:\/\/www.nexoinformativo.mx\/index.php\/2025\/07\/17\/aeropuerto-de-queretaro-es-eje-estrategico-para-atraer-inversion-y-fortalecer-la-conectividad\/","title":{"rendered":"Aeropuerto de Quer\u00e9taro es eje estrat\u00e9gico para atraer inversi\u00f3n y fortalecer la conectividad"},"content":{"rendered":"<p style=\"text-align: justify;\">El Aeropuerto Internacional de Quer\u00e9taro (AIQ) es un pilar fundamental para el desarrollo econ\u00f3mico del estado, as\u00ed lo destac\u00f3 Marco Antonio Del Prete, titular de la Secretar\u00eda de Desarrollo Sustentable (SEDESU), durante la Comisi\u00f3n Consultiva del AIQ. Del Prete<\/p>\n<p>&nbsp;<\/p>\n<p style=\"text-align: justify;\">enfatiz\u00f3 la importancia del di\u00e1logo abierto y la colaboraci\u00f3n entre la sociedad civil y los diferentes niveles de gobierno para impulsar el potencial del aeropuerto.<\/p>\n<p>&nbsp;<\/p>\n<p style=\"text-align: justify;\">El funcionario reconoci\u00f3 el arduo trabajo de los integrantes del comit\u00e9 consultivo y subray\u00f3 que no es posible comprender el crecimiento econ\u00f3mico de Quer\u00e9taro sin considerar al AIQ como un polo de desarrollo y un factor clave de competitividad.<\/p>\n<p>&nbsp;<\/p>\n<p style=\"text-align: justify;\">Del Prete se\u00f1al\u00f3 que los recientes anuncios de nuevas rutas a\u00e9reas son un claro reflejo del gran potencial de Quer\u00e9taro. El estado se posiciona como un hub log\u00edstico l\u00edder en el sector, gracias a su parque aeroespacial, la presencia de la Universidad Aeron\u00e1utica en Quer\u00e9taro (UNAQ), una s\u00f3lida terminal de carga y diversas terminales de mantenimiento.<\/p>\n<p>&nbsp;<\/p>\n<p style=\"text-align: justify;\">&#8220;Desde la SEDESU seguiremos generando condiciones para que llegue inversi\u00f3n y que la inversi\u00f3n se traduzca en conectividad y siga colocando a Quer\u00e9taro como un destino referente a nivel nacional&#8221;, concluy\u00f3 el secretario.<\/p>\n<p>&nbsp;<\/p>\n<p style=\"text-align: justify;\">Al evento asistieron importantes figuras como P\u00edo Salgado X Tovar, secretario de Desarrollo Urbano y Obras P\u00fablicas; Gerardo de la Garza Pedraza, comisionado de Entidades Paraestatales; Gaspar Trueba Moncada, presidente municipal de Col\u00f3n; y Jorge Guti\u00e9rrez de Velasco, director del AIQ, junto con representantes de C\u00e1maras, Cl\u00fasters y Asociaciones.<\/p>\n<p>&nbsp;<\/p>\n<p style=\"text-align: center;\"><em><strong>\u00a1Informaci\u00f3n que transforma!<\/strong><\/em><\/p>\n","protected":false},"excerpt":{"rendered":"<p>El Aeropuerto Internacional de Quer\u00e9taro (AIQ) es un pilar fundamental para el desarrollo econ\u00f3mico del estado, as\u00ed lo destac\u00f3 Marco Antonio Del Prete, titular de la Secretar\u00eda de Desarrollo Sustentable (SEDESU), durante la Comisi\u00f3n Consultiva del AIQ. Del Prete<\/p>\n","protected":false},"author":3,"featured_media":16502,"comment_status":"open","ping_status":"open","sticky":false,"template":"","format":"standard","meta":{"footnotes":""},"categories":[42,58],"tags":[2808,1321,352,133],"class_list":["post-16501","post","type-post","status-publish","format-standard","has-post-thumbnail","hentry","category-estado","category-ultima-hora","tag-aiq","tag-conectividad","tag-desarrolloeconomico","tag-queretaro"],"yoast_head":"<!-- This site is optimized with the Yoast SEO plugin v25.0 - https:\/\/yoast.com\/wordpress\/plugins\/seo\/ -->\n<title>Aeropuerto de Quer\u00e9taro es eje estrat\u00e9gico para atraer inversi\u00f3n y fortalecer la conectividad | Nexo Informativo Santiago de Quer\u00e9taro<\/title>\n<meta name=\"description\" content=\"Aeropuerto de Quer\u00e9taro es eje estrat\u00e9gico para atraer inversi\u00f3n y fortalecer la conectividad\" \/>\n<meta name=\"robots\" content=\"index, follow, max-snippet:-1, max-image-preview:large, max-video-preview:-1\" \/>\n<link rel=\"canonical\" href=\"https:\/\/www.nexoinformativo.mx\/index.php\/2025\/07\/17\/aeropuerto-de-queretaro-es-eje-estrategico-para-atraer-inversion-y-fortalecer-la-conectividad\/\" \/>\n<meta property=\"og:locale\" content=\"es_MX\" \/>\n<meta property=\"og:type\" content=\"article\" \/>\n<meta property=\"og:title\" content=\"Aeropuerto de Quer\u00e9taro es eje estrat\u00e9gico para atraer inversi\u00f3n y fortalecer la conectividad | Nexo Informativo Santiago de Quer\u00e9taro\" \/>\n<meta property=\"og:description\" content=\"Aeropuerto de Quer\u00e9taro es eje estrat\u00e9gico para atraer inversi\u00f3n y fortalecer la conectividad\" \/>\n<meta property=\"og:url\" content=\"https:\/\/www.nexoinformativo.mx\/index.php\/2025\/07\/17\/aeropuerto-de-queretaro-es-eje-estrategico-para-atraer-inversion-y-fortalecer-la-conectividad\/\" \/>\n<meta property=\"og:site_name\" content=\"Nexo Informativo Santiago de Quer\u00e9taro\" \/>\n<meta property=\"article:publisher\" content=\"https:\/\/www.facebook.com\/people\/Nexo-Informativo\/61564066885511\/\" \/>\n<meta property=\"article:published_time\" content=\"2025-07-17T20:00:19+00:00\" \/>\n<meta property=\"article:modified_time\" content=\"2025-07-18T01:51:14+00:00\" \/>\n<meta property=\"og:image\" content=\"https:\/\/www.nexoinformativo.mx\/wp-content\/uploads\/2025\/07\/PHOTO-2025-07-17-15-47-56-e1752803369784.jpg\" \/>\n\t<meta property=\"og:image:width\" content=\"800\" \/>\n\t<meta property=\"og:image:height\" content=\"533\" \/>\n\t<meta property=\"og:image:type\" content=\"image\/jpeg\" \/>\n<meta name=\"author\" content=\"Nexo Informativo\" \/>\n<meta name=\"twitter:card\" content=\"summary_large_image\" \/>\n<meta name=\"twitter:label1\" content=\"Escrito por\" \/>\n\t<meta name=\"twitter:data1\" content=\"Nexo Informativo\" \/>\n\t<meta name=\"twitter:label2\" content=\"Tiempo de lectura\" \/>\n\t<meta name=\"twitter:data2\" content=\"2 minutos\" \/>\n<script type=\"application\/ld+json\" class=\"yoast-schema-graph\">{\"@context\":\"https:\/\/schema.org\",\"@graph\":[{\"@type\":\"Article\",\"@id\":\"https:\/\/www.nexoinformativo.mx\/index.php\/2025\/07\/17\/aeropuerto-de-queretaro-es-eje-estrategico-para-atraer-inversion-y-fortalecer-la-conectividad\/#article\",\"isPartOf\":{\"@id\":\"https:\/\/www.nexoinformativo.mx\/index.php\/2025\/07\/17\/aeropuerto-de-queretaro-es-eje-estrategico-para-atraer-inversion-y-fortalecer-la-conectividad\/\"},\"author\":{\"name\":\"Nexo Informativo\",\"@id\":\"https:\/\/www.nexoinformativo.mx\/#\/schema\/person\/7749d380ba08c8ca00d7bc76fd907b7d\"},\"headline\":\"Aeropuerto de Quer\u00e9taro es eje estrat\u00e9gico para atraer inversi\u00f3n y fortalecer la conectividad\",\"datePublished\":\"2025-07-17T20:00:19+00:00\",\"dateModified\":\"2025-07-18T01:51:14+00:00\",\"mainEntityOfPage\":{\"@id\":\"https:\/\/www.nexoinformativo.mx\/index.php\/2025\/07\/17\/aeropuerto-de-queretaro-es-eje-estrategico-para-atraer-inversion-y-fortalecer-la-conectividad\/\"},\"wordCount\":292,\"commentCount\":0,\"publisher\":{\"@id\":\"https:\/\/www.nexoinformativo.mx\/#organization\"},\"image\":{\"@id\":\"https:\/\/www.nexoinformativo.mx\/index.php\/2025\/07\/17\/aeropuerto-de-queretaro-es-eje-estrategico-para-atraer-inversion-y-fortalecer-la-conectividad\/#primaryimage\"},\"thumbnailUrl\":\"https:\/\/www.nexoinformativo.mx\/wp-content\/uploads\/2025\/07\/PHOTO-2025-07-17-15-47-56-e1752803369784.jpg\",\"keywords\":[\"AIQ\",\"Conectividad\",\"DesarrolloEcon\u00f3mico\",\"Quer\u00e9taro\"],\"articleSection\":[\"Estado\",\"\u00daltima Hora\"],\"inLanguage\":\"es\",\"potentialAction\":[{\"@type\":\"CommentAction\",\"name\":\"Comment\",\"target\":[\"https:\/\/www.nexoinformativo.mx\/index.php\/2025\/07\/17\/aeropuerto-de-queretaro-es-eje-estrategico-para-atraer-inversion-y-fortalecer-la-conectividad\/#respond\"]}]},{\"@type\":\"WebPage\",\"@id\":\"https:\/\/www.nexoinformativo.mx\/index.php\/2025\/07\/17\/aeropuerto-de-queretaro-es-eje-estrategico-para-atraer-inversion-y-fortalecer-la-conectividad\/\",\"url\":\"https:\/\/www.nexoinformativo.mx\/index.php\/2025\/07\/17\/aeropuerto-de-queretaro-es-eje-estrategico-para-atraer-inversion-y-fortalecer-la-conectividad\/\",\"name\":\"Aeropuerto de Quer\u00e9taro es eje estrat\u00e9gico para atraer inversi\u00f3n y fortalecer la conectividad | Nexo Informativo Santiago de Quer\u00e9taro\",\"isPartOf\":{\"@id\":\"https:\/\/www.nexoinformativo.mx\/#website\"},\"primaryImageOfPage\":{\"@id\":\"https:\/\/www.nexoinformativo.mx\/index.php\/2025\/07\/17\/aeropuerto-de-queretaro-es-eje-estrategico-para-atraer-inversion-y-fortalecer-la-conectividad\/#primaryimage\"},\"image\":{\"@id\":\"https:\/\/www.nexoinformativo.mx\/index.php\/2025\/07\/17\/aeropuerto-de-queretaro-es-eje-estrategico-para-atraer-inversion-y-fortalecer-la-conectividad\/#primaryimage\"},\"thumbnailUrl\":\"https:\/\/www.nexoinformativo.mx\/wp-content\/uploads\/2025\/07\/PHOTO-2025-07-17-15-47-56-e1752803369784.jpg\",\"datePublished\":\"2025-07-17T20:00:19+00:00\",\"dateModified\":\"2025-07-18T01:51:14+00:00\",\"description\":\"Aeropuerto de Quer\u00e9taro es eje estrat\u00e9gico para atraer inversi\u00f3n y fortalecer la conectividad\",\"breadcrumb\":{\"@id\":\"https:\/\/www.nexoinformativo.mx\/index.php\/2025\/07\/17\/aeropuerto-de-queretaro-es-eje-estrategico-para-atraer-inversion-y-fortalecer-la-conectividad\/#breadcrumb\"},\"inLanguage\":\"es\",\"potentialAction\":[{\"@type\":\"ReadAction\",\"target\":[\"https:\/\/www.nexoinformativo.mx\/index.php\/2025\/07\/17\/aeropuerto-de-queretaro-es-eje-estrategico-para-atraer-inversion-y-fortalecer-la-conectividad\/\"]}]},{\"@type\":\"ImageObject\",\"inLanguage\":\"es\",\"@id\":\"https:\/\/www.nexoinformativo.mx\/index.php\/2025\/07\/17\/aeropuerto-de-queretaro-es-eje-estrategico-para-atraer-inversion-y-fortalecer-la-conectividad\/#primaryimage\",\"url\":\"https:\/\/www.nexoinformativo.mx\/wp-content\/uploads\/2025\/07\/PHOTO-2025-07-17-15-47-56-e1752803369784.jpg\",\"contentUrl\":\"https:\/\/www.nexoinformativo.mx\/wp-content\/uploads\/2025\/07\/PHOTO-2025-07-17-15-47-56-e1752803369784.jpg\",\"width\":800,\"height\":533},{\"@type\":\"BreadcrumbList\",\"@id\":\"https:\/\/www.nexoinformativo.mx\/index.php\/2025\/07\/17\/aeropuerto-de-queretaro-es-eje-estrategico-para-atraer-inversion-y-fortalecer-la-conectividad\/#breadcrumb\",\"itemListElement\":[{\"@type\":\"ListItem\",\"position\":1,\"name\":\"Inicio\",\"item\":\"https:\/\/www.nexoinformativo.mx\/\"},{\"@type\":\"ListItem\",\"position\":2,\"name\":\"Aeropuerto de Quer\u00e9taro es eje estrat\u00e9gico para atraer inversi\u00f3n y fortalecer la conectividad\"}]},{\"@type\":\"WebSite\",\"@id\":\"https:\/\/www.nexoinformativo.mx\/#website\",\"url\":\"https:\/\/www.nexoinformativo.mx\/\",\"name\":\"Nexo Informativo Santiago de Quer\u00e9taro\",\"description\":\"Explora NexoInformativo y convi\u00e9rtete en parte de una comunidad que valora el conocimiento y la verdad. Tu nexoinformativo es tu puente hacia una comprensi\u00f3n m\u00e1s profunda del mundo que te rodea.\",\"publisher\":{\"@id\":\"https:\/\/www.nexoinformativo.mx\/#organization\"},\"potentialAction\":[{\"@type\":\"SearchAction\",\"target\":{\"@type\":\"EntryPoint\",\"urlTemplate\":\"https:\/\/www.nexoinformativo.mx\/?s={search_term_string}\"},\"query-input\":{\"@type\":\"PropertyValueSpecification\",\"valueRequired\":true,\"valueName\":\"search_term_string\"}}],\"inLanguage\":\"es\"},{\"@type\":\"Organization\",\"@id\":\"https:\/\/www.nexoinformativo.mx\/#organization\",\"name\":\"Nexo Informativo Santiago de Quer\u00e9taro\",\"url\":\"https:\/\/www.nexoinformativo.mx\/\",\"logo\":{\"@type\":\"ImageObject\",\"inLanguage\":\"es\",\"@id\":\"https:\/\/www.nexoinformativo.mx\/#\/schema\/logo\/image\/\",\"url\":\"https:\/\/www.nexoinformativo.mx\/wp-content\/uploads\/2024\/07\/nexoi-trasparente-2.png\",\"contentUrl\":\"https:\/\/www.nexoinformativo.mx\/wp-content\/uploads\/2024\/07\/nexoi-trasparente-2.png\",\"width\":816,\"height\":339,\"caption\":\"Nexo Informativo Santiago de Quer\u00e9taro\"},\"image\":{\"@id\":\"https:\/\/www.nexoinformativo.mx\/#\/schema\/logo\/image\/\"},\"sameAs\":[\"https:\/\/www.facebook.com\/people\/Nexo-Informativo\/61564066885511\/\"]},{\"@type\":\"Person\",\"@id\":\"https:\/\/www.nexoinformativo.mx\/#\/schema\/person\/7749d380ba08c8ca00d7bc76fd907b7d\",\"name\":\"Nexo Informativo\",\"image\":{\"@type\":\"ImageObject\",\"inLanguage\":\"es\",\"@id\":\"https:\/\/www.nexoinformativo.mx\/#\/schema\/person\/image\/\",\"url\":\"https:\/\/secure.gravatar.com\/avatar\/dde2928154642a13d95f87ddf1ea9718fe2b46760a005c53e41ff5ad610704e6?s=96&d=mm&r=g\",\"contentUrl\":\"https:\/\/secure.gravatar.com\/avatar\/dde2928154642a13d95f87ddf1ea9718fe2b46760a005c53e41ff5ad610704e6?s=96&d=mm&r=g\",\"caption\":\"Nexo Informativo\"},\"url\":\"https:\/\/www.nexoinformativo.mx\/index.php\/author\/edicion\/\"}]}<\/script>\n<!-- \/ Yoast SEO plugin. -->","yoast_head_json":{"title":"Aeropuerto de Quer\u00e9taro es eje estrat\u00e9gico para atraer inversi\u00f3n y fortalecer la conectividad | Nexo Informativo Santiago de Quer\u00e9taro","description":"Aeropuerto de Quer\u00e9taro es eje estrat\u00e9gico para atraer inversi\u00f3n y fortalecer la conectividad","robots":{"index":"index","follow":"follow","max-snippet":"max-snippet:-1","max-image-preview":"max-image-preview:large","max-video-preview":"max-video-preview:-1"},"canonical":"https:\/\/www.nexoinformativo.mx\/index.php\/2025\/07\/17\/aeropuerto-de-queretaro-es-eje-estrategico-para-atraer-inversion-y-fortalecer-la-conectividad\/","og_locale":"es_MX","og_type":"article","og_title":"Aeropuerto de Quer\u00e9taro es eje estrat\u00e9gico para atraer inversi\u00f3n y fortalecer la conectividad | Nexo Informativo Santiago de Quer\u00e9taro","og_description":"Aeropuerto de Quer\u00e9taro es eje estrat\u00e9gico para atraer inversi\u00f3n y fortalecer la conectividad","og_url":"https:\/\/www.nexoinformativo.mx\/index.php\/2025\/07\/17\/aeropuerto-de-queretaro-es-eje-estrategico-para-atraer-inversion-y-fortalecer-la-conectividad\/","og_site_name":"Nexo Informativo Santiago de Quer\u00e9taro","article_publisher":"https:\/\/www.facebook.com\/people\/Nexo-Informativo\/61564066885511\/","article_published_time":"2025-07-17T20:00:19+00:00","article_modified_time":"2025-07-18T01:51:14+00:00","og_image":[{"width":800,"height":533,"url":"https:\/\/www.nexoinformativo.mx\/wp-content\/uploads\/2025\/07\/PHOTO-2025-07-17-15-47-56-e1752803369784.jpg","type":"image\/jpeg"}],"author":"Nexo Informativo","twitter_card":"summary_large_image","twitter_misc":{"Escrito por":"Nexo Informativo","Tiempo de lectura":"2 minutos"},"schema":{"@context":"https:\/\/schema.org","@graph":[{"@type":"Article","@id":"https:\/\/www.nexoinformativo.mx\/index.php\/2025\/07\/17\/aeropuerto-de-queretaro-es-eje-estrategico-para-atraer-inversion-y-fortalecer-la-conectividad\/#article","isPartOf":{"@id":"https:\/\/www.nexoinformativo.mx\/index.php\/2025\/07\/17\/aeropuerto-de-queretaro-es-eje-estrategico-para-atraer-inversion-y-fortalecer-la-conectividad\/"},"author":{"name":"Nexo Informativo","@id":"https:\/\/www.nexoinformativo.mx\/#\/schema\/person\/7749d380ba08c8ca00d7bc76fd907b7d"},"headline":"Aeropuerto de Quer\u00e9taro es eje estrat\u00e9gico para atraer inversi\u00f3n y fortalecer la conectividad","datePublished":"2025-07-17T20:00:19+00:00","dateModified":"2025-07-18T01:51:14+00:00","mainEntityOfPage":{"@id":"https:\/\/www.nexoinformativo.mx\/index.php\/2025\/07\/17\/aeropuerto-de-queretaro-es-eje-estrategico-para-atraer-inversion-y-fortalecer-la-conectividad\/"},"wordCount":292,"commentCount":0,"publisher":{"@id":"https:\/\/www.nexoinformativo.mx\/#organization"},"image":{"@id":"https:\/\/www.nexoinformativo.mx\/index.php\/2025\/07\/17\/aeropuerto-de-queretaro-es-eje-estrategico-para-atraer-inversion-y-fortalecer-la-conectividad\/#primaryimage"},"thumbnailUrl":"https:\/\/www.nexoinformativo.mx\/wp-content\/uploads\/2025\/07\/PHOTO-2025-07-17-15-47-56-e1752803369784.jpg","keywords":["AIQ","Conectividad","DesarrolloEcon\u00f3mico","Quer\u00e9taro"],"articleSection":["Estado","\u00daltima Hora"],"inLanguage":"es","potentialAction":[{"@type":"CommentAction","name":"Comment","target":["https:\/\/www.nexoinformativo.mx\/index.php\/2025\/07\/17\/aeropuerto-de-queretaro-es-eje-estrategico-para-atraer-inversion-y-fortalecer-la-conectividad\/#respond"]}]},{"@type":"WebPage","@id":"https:\/\/www.nexoinformativo.mx\/index.php\/2025\/07\/17\/aeropuerto-de-queretaro-es-eje-estrategico-para-atraer-inversion-y-fortalecer-la-conectividad\/","url":"https:\/\/www.nexoinformativo.mx\/index.php\/2025\/07\/17\/aeropuerto-de-queretaro-es-eje-estrategico-para-atraer-inversion-y-fortalecer-la-conectividad\/","name":"Aeropuerto de Quer\u00e9taro es eje estrat\u00e9gico para atraer inversi\u00f3n y fortalecer la conectividad | Nexo Informativo Santiago de Quer\u00e9taro","isPartOf":{"@id":"https:\/\/www.nexoinformativo.mx\/#website"},"primaryImageOfPage":{"@id":"https:\/\/www.nexoinformativo.mx\/index.php\/2025\/07\/17\/aeropuerto-de-queretaro-es-eje-estrategico-para-atraer-inversion-y-fortalecer-la-conectividad\/#primaryimage"},"image":{"@id":"https:\/\/www.nexoinformativo.mx\/index.php\/2025\/07\/17\/aeropuerto-de-queretaro-es-eje-estrategico-para-atraer-inversion-y-fortalecer-la-conectividad\/#primaryimage"},"thumbnailUrl":"https:\/\/www.nexoinformativo.mx\/wp-content\/uploads\/2025\/07\/PHOTO-2025-07-17-15-47-56-e1752803369784.jpg","datePublished":"2025-07-17T20:00:19+00:00","dateModified":"2025-07-18T01:51:14+00:00","description":"Aeropuerto de Quer\u00e9taro es eje estrat\u00e9gico para atraer inversi\u00f3n y fortalecer la conectividad","breadcrumb":{"@id":"https:\/\/www.nexoinformativo.mx\/index.php\/2025\/07\/17\/aeropuerto-de-queretaro-es-eje-estrategico-para-atraer-inversion-y-fortalecer-la-conectividad\/#breadcrumb"},"inLanguage":"es","potentialAction":[{"@type":"ReadAction","target":["https:\/\/www.nexoinformativo.mx\/index.php\/2025\/07\/17\/aeropuerto-de-queretaro-es-eje-estrategico-para-atraer-inversion-y-fortalecer-la-conectividad\/"]}]},{"@type":"ImageObject","inLanguage":"es","@id":"https:\/\/www.nexoinformativo.mx\/index.php\/2025\/07\/17\/aeropuerto-de-queretaro-es-eje-estrategico-para-atraer-inversion-y-fortalecer-la-conectividad\/#primaryimage","url":"https:\/\/www.nexoinformativo.mx\/wp-content\/uploads\/2025\/07\/PHOTO-2025-07-17-15-47-56-e1752803369784.jpg","contentUrl":"https:\/\/www.nexoinformativo.mx\/wp-content\/uploads\/2025\/07\/PHOTO-2025-07-17-15-47-56-e1752803369784.jpg","width":800,"height":533},{"@type":"BreadcrumbList","@id":"https:\/\/www.nexoinformativo.mx\/index.php\/2025\/07\/17\/aeropuerto-de-queretaro-es-eje-estrategico-para-atraer-inversion-y-fortalecer-la-conectividad\/#breadcrumb","itemListElement":[{"@type":"ListItem","position":1,"name":"Inicio","item":"https:\/\/www.nexoinformativo.mx\/"},{"@type":"ListItem","position":2,"name":"Aeropuerto de Quer\u00e9taro es eje estrat\u00e9gico para atraer inversi\u00f3n y fortalecer la conectividad"}]},{"@type":"WebSite","@id":"https:\/\/www.nexoinformativo.mx\/#website","url":"https:\/\/www.nexoinformativo.mx\/","name":"Nexo Informativo Santiago de Quer\u00e9taro","description":"Explora NexoInformativo y convi\u00e9rtete en parte de una comunidad que valora el conocimiento y la verdad. Tu nexoinformativo es tu puente hacia una comprensi\u00f3n m\u00e1s profunda del mundo que te rodea.","publisher":{"@id":"https:\/\/www.nexoinformativo.mx\/#organization"},"potentialAction":[{"@type":"SearchAction","target":{"@type":"EntryPoint","urlTemplate":"https:\/\/www.nexoinformativo.mx\/?s={search_term_string}"},"query-input":{"@type":"PropertyValueSpecification","valueRequired":true,"valueName":"search_term_string"}}],"inLanguage":"es"},{"@type":"Organization","@id":"https:\/\/www.nexoinformativo.mx\/#organization","name":"Nexo Informativo Santiago de Quer\u00e9taro","url":"https:\/\/www.nexoinformativo.mx\/","logo":{"@type":"ImageObject","inLanguage":"es","@id":"https:\/\/www.nexoinformativo.mx\/#\/schema\/logo\/image\/","url":"https:\/\/www.nexoinformativo.mx\/wp-content\/uploads\/2024\/07\/nexoi-trasparente-2.png","contentUrl":"https:\/\/www.nexoinformativo.mx\/wp-content\/uploads\/2024\/07\/nexoi-trasparente-2.png","width":816,"height":339,"caption":"Nexo Informativo Santiago de Quer\u00e9taro"},"image":{"@id":"https:\/\/www.nexoinformativo.mx\/#\/schema\/logo\/image\/"},"sameAs":["https:\/\/www.facebook.com\/people\/Nexo-Informativo\/61564066885511\/"]},{"@type":"Person","@id":"https:\/\/www.nexoinformativo.mx\/#\/schema\/person\/7749d380ba08c8ca00d7bc76fd907b7d","name":"Nexo Informativo","image":{"@type":"ImageObject","inLanguage":"es","@id":"https:\/\/www.nexoinformativo.mx\/#\/schema\/person\/image\/","url":"https:\/\/secure.gravatar.com\/avatar\/dde2928154642a13d95f87ddf1ea9718fe2b46760a005c53e41ff5ad610704e6?s=96&d=mm&r=g","contentUrl":"https:\/\/secure.gravatar.com\/avatar\/dde2928154642a13d95f87ddf1ea9718fe2b46760a005c53e41ff5ad610704e6?s=96&d=mm&r=g","caption":"Nexo Informativo"},"url":"https:\/\/www.nexoinformativo.mx\/index.php\/author\/edicion\/"}]}},"_links":{"self":[{"href":"https:\/\/www.nexoinformativo.mx\/index.php\/wp-json\/wp\/v2\/posts\/16501","targetHints":{"allow":["GET"]}}],"collection":[{"href":"https:\/\/www.nexoinformativo.mx\/index.php\/wp-json\/wp\/v2\/posts"}],"about":[{"href":"https:\/\/www.nexoinformativo.mx\/index.php\/wp-json\/wp\/v2\/types\/post"}],"author":[{"embeddable":true,"href":"https:\/\/www.nexoinformativo.mx\/index.php\/wp-json\/wp\/v2\/users\/3"}],"replies":[{"embeddable":true,"href":"https:\/\/www.nexoinformativo.mx\/index.php\/wp-json\/wp\/v2\/comments?post=16501"}],"version-history":[{"count":5,"href":"https:\/\/www.nexoinformativo.mx\/index.php\/wp-json\/wp\/v2\/posts\/16501\/revisions"}],"predecessor-version":[{"id":16506,"href":"https:\/\/www.nexoinformativo.mx\/index.php\/wp-json\/wp\/v2\/posts\/16501\/revisions\/16506"}],"wp:featuredmedia":[{"embeddable":true,"href":"https:\/\/www.nexoinformativo.mx\/index.php\/wp-json\/wp\/v2\/media\/16502"}],"wp:attachment":[{"href":"https:\/\/www.nexoinformativo.mx\/index.php\/wp-json\/wp\/v2\/media?parent=16501"}],"wp:term":[{"taxonomy":"category","embeddable":true,"href":"https:\/\/www.nexoinformativo.mx\/index.php\/wp-json\/wp\/v2\/categories?post=16501"},{"taxonomy":"post_tag","embeddable":true,"href":"https:\/\/www.nexoinformativo.mx\/index.php\/wp-json\/wp\/v2\/tags?post=16501"}],"curies":[{"name":"wp","href":"https:\/\/api.w.org\/{rel}","templated":true}]}}