{"id":16509,"date":"2025-07-17T15:00:43","date_gmt":"2025-07-17T21:00:43","guid":{"rendered":"https:\/\/www.nexoinformativo.mx\/?p=16509"},"modified":"2025-07-17T20:06:21","modified_gmt":"2025-07-18T02:06:21","slug":"sep-celebra-ciclo-escolar-2024-2025-educacion-salud-y-apoyos-economicos-transforman-la-escuela-publica","status":"publish","type":"post","link":"https:\/\/www.nexoinformativo.mx\/index.php\/2025\/07\/17\/sep-celebra-ciclo-escolar-2024-2025-educacion-salud-y-apoyos-economicos-transforman-la-escuela-publica\/","title":{"rendered":"SEP celebra Ciclo Escolar 2024-2025 Educaci\u00f3n, salud y apoyos econ\u00f3micos transforman la escuela p\u00fablica"},"content":{"rendered":"<p style=\"text-align: justify;\">El secretario de Educaci\u00f3n P\u00fablica (SEP), Mario Delgado, clausur\u00f3 el ciclo escolar 2024-2025 destacando los &#8220;avances significativos&#8221; en programas educativos clave, impulsados por la Presidenta Sheinbaum. Este periodo marc\u00f3 el segundo a\u00f1o de implementaci\u00f3n de la Nueva Escuela Mexicana (NEM), enfocada en valores y la autonom\u00eda docente.<\/p>\n<p>&nbsp;<\/p>\n<p style=\"text-align: justify;\">Delgado Carrillo resalt\u00f3 la exitosa estrategia nacional &#8220;Vive saludable, vive feliz&#8221;, que incluy\u00f3 Jornadas de Salud Escolar donde se evalu\u00f3 a m\u00e1s de 3 millones de ni\u00f1as y ni\u00f1os de educaci\u00f3n b\u00e1sica.<\/p>\n<p>&nbsp;<\/p>\n<p style=\"text-align: justify;\">Esta iniciativa permiti\u00f3 la creaci\u00f3n del Expediente Digital de Salud Escolar, detectando oportunamente casos de obesidad, caries o problemas visuales, y ofreciendo recomendaciones, canalizaciones a especialistas y hasta lentes gratuitos.<\/p>\n<p>&nbsp;<\/p>\n<p style=\"text-align: justify;\">Un logro fundamental de este ciclo fue la erradicaci\u00f3n de la comida chatarra en los planteles escolares. Cerca de 28 mil primarias p\u00fablicas realizaron asambleas con m\u00e1s de 3.8 millones de madres y padres de familia para promover h\u00e1bitos alimenticios saludables.<\/p>\n<p>&nbsp;<\/p>\n<p style=\"text-align: justify;\">En el \u00e1mbito de la prevenci\u00f3n, se llevaron a cabo dos Jornadas Nacionales por la Paz y Contra las Adicciones, como parte de la campa\u00f1a &#8220;El fentanilo te mata. Al\u00e9jate de las drogas. Elige ser feliz&#8221;, alcanzando a m\u00e1s de 10 millones de estudiantes de secundaria y bachillerato.<\/p>\n<p>&nbsp;<\/p>\n<p style=\"text-align: justify;\">En materia de apoyo econ\u00f3mico, la Beca Universal Rita Cetina para Educaci\u00f3n B\u00e1sica benefici\u00f3 a m\u00e1s de 5.6 millones de estudiantes de todas las secundarias p\u00fablicas del pa\u00eds, con una inversi\u00f3n de 58 mil 745.6 millones de pesos.<\/p>\n<p>&nbsp;<\/p>\n<p style=\"text-align: justify;\">Finalmente, el programa &#8220;La Escuela es Nuestra (LEEN)&#8221; super\u00f3 los 25 mil millones de pesos en inversi\u00f3n, beneficiando a m\u00e1s de 76 mil escuelas y a 8 millones de estudiantes de Educaci\u00f3n B\u00e1sica y, por primera vez, tambi\u00e9n de Educaci\u00f3n Media Superior.<\/p>\n<p>&nbsp;<\/p>\n<p style=\"text-align: justify;\">Con la clausura oficial, 23.4 millones de estudiantes y m\u00e1s de 1.2 millones de maestros de educaci\u00f3n b\u00e1sica iniciaron su receso escolar de verano, que este a\u00f1o se extiende una semana m\u00e1s, con regreso a clases el 1 de septiembre.<\/p>\n<p>&nbsp;<\/p>\n<p style=\"text-align: center;\"><em><strong>\u00a1Informaci\u00f3n que transforma!<\/strong><\/em><\/p>\n","protected":false},"excerpt":{"rendered":"<p>El secretario de Educaci\u00f3n P\u00fablica (SEP), Mario Delgado, clausur\u00f3 el ciclo escolar 2024-2025 destacando los &#8220;avances significativos&#8221; en programas educativos clave, impulsados por la Presidenta Sheinbaum. Este periodo marc\u00f3 el segundo a\u00f1o de implementaci\u00f3n de la Nueva Escuela Mexicana (NEM), enfocada en valores y la autonom\u00eda docente.<\/p>\n","protected":false},"author":3,"featured_media":16510,"comment_status":"open","ping_status":"open","sticky":false,"template":"","format":"standard","meta":{"footnotes":""},"categories":[88,58],"tags":[1996,3296,4950,1567],"class_list":["post-16509","post","type-post","status-publish","format-standard","has-post-thumbnail","hentry","category-nacional","category-ultima-hora","tag-becaseducativas","tag-cicloescolar2025","tag-educacionconbienestar","tag-nuevaescuelamexicana"],"yoast_head":"<!-- This site is optimized with the Yoast SEO plugin v25.0 - https:\/\/yoast.com\/wordpress\/plugins\/seo\/ -->\n<title>SEP celebra Ciclo Escolar 2024-2025 Educaci\u00f3n, salud y apoyos econ\u00f3micos transforman la escuela p\u00fablica | Nexo Informativo Santiago de Quer\u00e9taro<\/title>\n<meta name=\"description\" content=\"SEP celebra Ciclo Escolar 2024-2025 Educaci\u00f3n, salud y apoyos econ\u00f3micos transforman la escuela p\u00fablica\" \/>\n<meta name=\"robots\" content=\"index, follow, max-snippet:-1, max-image-preview:large, max-video-preview:-1\" \/>\n<link rel=\"canonical\" href=\"https:\/\/www.nexoinformativo.mx\/index.php\/2025\/07\/17\/sep-celebra-ciclo-escolar-2024-2025-educacion-salud-y-apoyos-economicos-transforman-la-escuela-publica\/\" \/>\n<meta property=\"og:locale\" content=\"es_MX\" \/>\n<meta property=\"og:type\" content=\"article\" \/>\n<meta property=\"og:title\" content=\"SEP celebra Ciclo Escolar 2024-2025 Educaci\u00f3n, salud y apoyos econ\u00f3micos transforman la escuela p\u00fablica | Nexo Informativo Santiago de Quer\u00e9taro\" \/>\n<meta property=\"og:description\" content=\"SEP celebra Ciclo Escolar 2024-2025 Educaci\u00f3n, salud y apoyos econ\u00f3micos transforman la escuela p\u00fablica\" \/>\n<meta property=\"og:url\" content=\"https:\/\/www.nexoinformativo.mx\/index.php\/2025\/07\/17\/sep-celebra-ciclo-escolar-2024-2025-educacion-salud-y-apoyos-economicos-transforman-la-escuela-publica\/\" \/>\n<meta property=\"og:site_name\" content=\"Nexo Informativo Santiago de Quer\u00e9taro\" \/>\n<meta property=\"article:publisher\" content=\"https:\/\/www.facebook.com\/people\/Nexo-Informativo\/61564066885511\/\" \/>\n<meta property=\"article:published_time\" content=\"2025-07-17T21:00:43+00:00\" \/>\n<meta property=\"article:modified_time\" content=\"2025-07-18T02:06:21+00:00\" \/>\n<meta property=\"og:image\" content=\"https:\/\/www.nexoinformativo.mx\/wp-content\/uploads\/2025\/07\/IMG_5527.jpg\" \/>\n\t<meta property=\"og:image:width\" content=\"650\" \/>\n\t<meta property=\"og:image:height\" content=\"380\" \/>\n\t<meta property=\"og:image:type\" content=\"image\/jpeg\" \/>\n<meta name=\"author\" content=\"Nexo Informativo\" \/>\n<meta name=\"twitter:card\" content=\"summary_large_image\" \/>\n<meta name=\"twitter:label1\" content=\"Escrito por\" \/>\n\t<meta name=\"twitter:data1\" content=\"Nexo Informativo\" \/>\n\t<meta name=\"twitter:label2\" content=\"Tiempo de lectura\" \/>\n\t<meta name=\"twitter:data2\" content=\"2 minutos\" \/>\n<script type=\"application\/ld+json\" class=\"yoast-schema-graph\">{\"@context\":\"https:\/\/schema.org\",\"@graph\":[{\"@type\":\"Article\",\"@id\":\"https:\/\/www.nexoinformativo.mx\/index.php\/2025\/07\/17\/sep-celebra-ciclo-escolar-2024-2025-educacion-salud-y-apoyos-economicos-transforman-la-escuela-publica\/#article\",\"isPartOf\":{\"@id\":\"https:\/\/www.nexoinformativo.mx\/index.php\/2025\/07\/17\/sep-celebra-ciclo-escolar-2024-2025-educacion-salud-y-apoyos-economicos-transforman-la-escuela-publica\/\"},\"author\":{\"name\":\"Nexo Informativo\",\"@id\":\"https:\/\/www.nexoinformativo.mx\/#\/schema\/person\/7749d380ba08c8ca00d7bc76fd907b7d\"},\"headline\":\"SEP celebra Ciclo Escolar 2024-2025 Educaci\u00f3n, salud y apoyos econ\u00f3micos transforman la escuela p\u00fablica\",\"datePublished\":\"2025-07-17T21:00:43+00:00\",\"dateModified\":\"2025-07-18T02:06:21+00:00\",\"mainEntityOfPage\":{\"@id\":\"https:\/\/www.nexoinformativo.mx\/index.php\/2025\/07\/17\/sep-celebra-ciclo-escolar-2024-2025-educacion-salud-y-apoyos-economicos-transforman-la-escuela-publica\/\"},\"wordCount\":371,\"commentCount\":0,\"publisher\":{\"@id\":\"https:\/\/www.nexoinformativo.mx\/#organization\"},\"image\":{\"@id\":\"https:\/\/www.nexoinformativo.mx\/index.php\/2025\/07\/17\/sep-celebra-ciclo-escolar-2024-2025-educacion-salud-y-apoyos-economicos-transforman-la-escuela-publica\/#primaryimage\"},\"thumbnailUrl\":\"https:\/\/www.nexoinformativo.mx\/wp-content\/uploads\/2025\/07\/IMG_5527.jpg\",\"keywords\":[\"BecasEducativas\",\"CicloEscolar2025\",\"Educaci\u00f3nConBienestar\",\"NuevaEscuelaMexicana\"],\"articleSection\":[\"Nacional\",\"\u00daltima Hora\"],\"inLanguage\":\"es\",\"potentialAction\":[{\"@type\":\"CommentAction\",\"name\":\"Comment\",\"target\":[\"https:\/\/www.nexoinformativo.mx\/index.php\/2025\/07\/17\/sep-celebra-ciclo-escolar-2024-2025-educacion-salud-y-apoyos-economicos-transforman-la-escuela-publica\/#respond\"]}]},{\"@type\":\"WebPage\",\"@id\":\"https:\/\/www.nexoinformativo.mx\/index.php\/2025\/07\/17\/sep-celebra-ciclo-escolar-2024-2025-educacion-salud-y-apoyos-economicos-transforman-la-escuela-publica\/\",\"url\":\"https:\/\/www.nexoinformativo.mx\/index.php\/2025\/07\/17\/sep-celebra-ciclo-escolar-2024-2025-educacion-salud-y-apoyos-economicos-transforman-la-escuela-publica\/\",\"name\":\"SEP celebra Ciclo Escolar 2024-2025 Educaci\u00f3n, salud y apoyos econ\u00f3micos transforman la escuela p\u00fablica | Nexo Informativo Santiago de Quer\u00e9taro\",\"isPartOf\":{\"@id\":\"https:\/\/www.nexoinformativo.mx\/#website\"},\"primaryImageOfPage\":{\"@id\":\"https:\/\/www.nexoinformativo.mx\/index.php\/2025\/07\/17\/sep-celebra-ciclo-escolar-2024-2025-educacion-salud-y-apoyos-economicos-transforman-la-escuela-publica\/#primaryimage\"},\"image\":{\"@id\":\"https:\/\/www.nexoinformativo.mx\/index.php\/2025\/07\/17\/sep-celebra-ciclo-escolar-2024-2025-educacion-salud-y-apoyos-economicos-transforman-la-escuela-publica\/#primaryimage\"},\"thumbnailUrl\":\"https:\/\/www.nexoinformativo.mx\/wp-content\/uploads\/2025\/07\/IMG_5527.jpg\",\"datePublished\":\"2025-07-17T21:00:43+00:00\",\"dateModified\":\"2025-07-18T02:06:21+00:00\",\"description\":\"SEP celebra Ciclo Escolar 2024-2025 Educaci\u00f3n, salud y apoyos econ\u00f3micos transforman la escuela p\u00fablica\",\"breadcrumb\":{\"@id\":\"https:\/\/www.nexoinformativo.mx\/index.php\/2025\/07\/17\/sep-celebra-ciclo-escolar-2024-2025-educacion-salud-y-apoyos-economicos-transforman-la-escuela-publica\/#breadcrumb\"},\"inLanguage\":\"es\",\"potentialAction\":[{\"@type\":\"ReadAction\",\"target\":[\"https:\/\/www.nexoinformativo.mx\/index.php\/2025\/07\/17\/sep-celebra-ciclo-escolar-2024-2025-educacion-salud-y-apoyos-economicos-transforman-la-escuela-publica\/\"]}]},{\"@type\":\"ImageObject\",\"inLanguage\":\"es\",\"@id\":\"https:\/\/www.nexoinformativo.mx\/index.php\/2025\/07\/17\/sep-celebra-ciclo-escolar-2024-2025-educacion-salud-y-apoyos-economicos-transforman-la-escuela-publica\/#primaryimage\",\"url\":\"https:\/\/www.nexoinformativo.mx\/wp-content\/uploads\/2025\/07\/IMG_5527.jpg\",\"contentUrl\":\"https:\/\/www.nexoinformativo.mx\/wp-content\/uploads\/2025\/07\/IMG_5527.jpg\",\"width\":650,\"height\":380},{\"@type\":\"BreadcrumbList\",\"@id\":\"https:\/\/www.nexoinformativo.mx\/index.php\/2025\/07\/17\/sep-celebra-ciclo-escolar-2024-2025-educacion-salud-y-apoyos-economicos-transforman-la-escuela-publica\/#breadcrumb\",\"itemListElement\":[{\"@type\":\"ListItem\",\"position\":1,\"name\":\"Inicio\",\"item\":\"https:\/\/www.nexoinformativo.mx\/\"},{\"@type\":\"ListItem\",\"position\":2,\"name\":\"SEP celebra Ciclo Escolar 2024-2025 Educaci\u00f3n, salud y apoyos econ\u00f3micos transforman la escuela p\u00fablica\"}]},{\"@type\":\"WebSite\",\"@id\":\"https:\/\/www.nexoinformativo.mx\/#website\",\"url\":\"https:\/\/www.nexoinformativo.mx\/\",\"name\":\"Nexo Informativo Santiago de Quer\u00e9taro\",\"description\":\"Explora NexoInformativo y convi\u00e9rtete en parte de una comunidad que valora el conocimiento y la verdad. Tu nexoinformativo es tu puente hacia una comprensi\u00f3n m\u00e1s profunda del mundo que te rodea.\",\"publisher\":{\"@id\":\"https:\/\/www.nexoinformativo.mx\/#organization\"},\"potentialAction\":[{\"@type\":\"SearchAction\",\"target\":{\"@type\":\"EntryPoint\",\"urlTemplate\":\"https:\/\/www.nexoinformativo.mx\/?s={search_term_string}\"},\"query-input\":{\"@type\":\"PropertyValueSpecification\",\"valueRequired\":true,\"valueName\":\"search_term_string\"}}],\"inLanguage\":\"es\"},{\"@type\":\"Organization\",\"@id\":\"https:\/\/www.nexoinformativo.mx\/#organization\",\"name\":\"Nexo Informativo Santiago de Quer\u00e9taro\",\"url\":\"https:\/\/www.nexoinformativo.mx\/\",\"logo\":{\"@type\":\"ImageObject\",\"inLanguage\":\"es\",\"@id\":\"https:\/\/www.nexoinformativo.mx\/#\/schema\/logo\/image\/\",\"url\":\"https:\/\/www.nexoinformativo.mx\/wp-content\/uploads\/2024\/07\/nexoi-trasparente-2.png\",\"contentUrl\":\"https:\/\/www.nexoinformativo.mx\/wp-content\/uploads\/2024\/07\/nexoi-trasparente-2.png\",\"width\":816,\"height\":339,\"caption\":\"Nexo Informativo Santiago de Quer\u00e9taro\"},\"image\":{\"@id\":\"https:\/\/www.nexoinformativo.mx\/#\/schema\/logo\/image\/\"},\"sameAs\":[\"https:\/\/www.facebook.com\/people\/Nexo-Informativo\/61564066885511\/\"]},{\"@type\":\"Person\",\"@id\":\"https:\/\/www.nexoinformativo.mx\/#\/schema\/person\/7749d380ba08c8ca00d7bc76fd907b7d\",\"name\":\"Nexo Informativo\",\"image\":{\"@type\":\"ImageObject\",\"inLanguage\":\"es\",\"@id\":\"https:\/\/www.nexoinformativo.mx\/#\/schema\/person\/image\/\",\"url\":\"https:\/\/secure.gravatar.com\/avatar\/dde2928154642a13d95f87ddf1ea9718fe2b46760a005c53e41ff5ad610704e6?s=96&d=mm&r=g\",\"contentUrl\":\"https:\/\/secure.gravatar.com\/avatar\/dde2928154642a13d95f87ddf1ea9718fe2b46760a005c53e41ff5ad610704e6?s=96&d=mm&r=g\",\"caption\":\"Nexo Informativo\"},\"url\":\"https:\/\/www.nexoinformativo.mx\/index.php\/author\/edicion\/\"}]}<\/script>\n<!-- \/ Yoast SEO plugin. -->","yoast_head_json":{"title":"SEP celebra Ciclo Escolar 2024-2025 Educaci\u00f3n, salud y apoyos econ\u00f3micos transforman la escuela p\u00fablica | Nexo Informativo Santiago de Quer\u00e9taro","description":"SEP celebra Ciclo Escolar 2024-2025 Educaci\u00f3n, salud y apoyos econ\u00f3micos transforman la escuela p\u00fablica","robots":{"index":"index","follow":"follow","max-snippet":"max-snippet:-1","max-image-preview":"max-image-preview:large","max-video-preview":"max-video-preview:-1"},"canonical":"https:\/\/www.nexoinformativo.mx\/index.php\/2025\/07\/17\/sep-celebra-ciclo-escolar-2024-2025-educacion-salud-y-apoyos-economicos-transforman-la-escuela-publica\/","og_locale":"es_MX","og_type":"article","og_title":"SEP celebra Ciclo Escolar 2024-2025 Educaci\u00f3n, salud y apoyos econ\u00f3micos transforman la escuela p\u00fablica | Nexo Informativo Santiago de Quer\u00e9taro","og_description":"SEP celebra Ciclo Escolar 2024-2025 Educaci\u00f3n, salud y apoyos econ\u00f3micos transforman la escuela p\u00fablica","og_url":"https:\/\/www.nexoinformativo.mx\/index.php\/2025\/07\/17\/sep-celebra-ciclo-escolar-2024-2025-educacion-salud-y-apoyos-economicos-transforman-la-escuela-publica\/","og_site_name":"Nexo Informativo Santiago de Quer\u00e9taro","article_publisher":"https:\/\/www.facebook.com\/people\/Nexo-Informativo\/61564066885511\/","article_published_time":"2025-07-17T21:00:43+00:00","article_modified_time":"2025-07-18T02:06:21+00:00","og_image":[{"width":650,"height":380,"url":"https:\/\/www.nexoinformativo.mx\/wp-content\/uploads\/2025\/07\/IMG_5527.jpg","type":"image\/jpeg"}],"author":"Nexo Informativo","twitter_card":"summary_large_image","twitter_misc":{"Escrito por":"Nexo Informativo","Tiempo de lectura":"2 minutos"},"schema":{"@context":"https:\/\/schema.org","@graph":[{"@type":"Article","@id":"https:\/\/www.nexoinformativo.mx\/index.php\/2025\/07\/17\/sep-celebra-ciclo-escolar-2024-2025-educacion-salud-y-apoyos-economicos-transforman-la-escuela-publica\/#article","isPartOf":{"@id":"https:\/\/www.nexoinformativo.mx\/index.php\/2025\/07\/17\/sep-celebra-ciclo-escolar-2024-2025-educacion-salud-y-apoyos-economicos-transforman-la-escuela-publica\/"},"author":{"name":"Nexo Informativo","@id":"https:\/\/www.nexoinformativo.mx\/#\/schema\/person\/7749d380ba08c8ca00d7bc76fd907b7d"},"headline":"SEP celebra Ciclo Escolar 2024-2025 Educaci\u00f3n, salud y apoyos econ\u00f3micos transforman la escuela p\u00fablica","datePublished":"2025-07-17T21:00:43+00:00","dateModified":"2025-07-18T02:06:21+00:00","mainEntityOfPage":{"@id":"https:\/\/www.nexoinformativo.mx\/index.php\/2025\/07\/17\/sep-celebra-ciclo-escolar-2024-2025-educacion-salud-y-apoyos-economicos-transforman-la-escuela-publica\/"},"wordCount":371,"commentCount":0,"publisher":{"@id":"https:\/\/www.nexoinformativo.mx\/#organization"},"image":{"@id":"https:\/\/www.nexoinformativo.mx\/index.php\/2025\/07\/17\/sep-celebra-ciclo-escolar-2024-2025-educacion-salud-y-apoyos-economicos-transforman-la-escuela-publica\/#primaryimage"},"thumbnailUrl":"https:\/\/www.nexoinformativo.mx\/wp-content\/uploads\/2025\/07\/IMG_5527.jpg","keywords":["BecasEducativas","CicloEscolar2025","Educaci\u00f3nConBienestar","NuevaEscuelaMexicana"],"articleSection":["Nacional","\u00daltima Hora"],"inLanguage":"es","potentialAction":[{"@type":"CommentAction","name":"Comment","target":["https:\/\/www.nexoinformativo.mx\/index.php\/2025\/07\/17\/sep-celebra-ciclo-escolar-2024-2025-educacion-salud-y-apoyos-economicos-transforman-la-escuela-publica\/#respond"]}]},{"@type":"WebPage","@id":"https:\/\/www.nexoinformativo.mx\/index.php\/2025\/07\/17\/sep-celebra-ciclo-escolar-2024-2025-educacion-salud-y-apoyos-economicos-transforman-la-escuela-publica\/","url":"https:\/\/www.nexoinformativo.mx\/index.php\/2025\/07\/17\/sep-celebra-ciclo-escolar-2024-2025-educacion-salud-y-apoyos-economicos-transforman-la-escuela-publica\/","name":"SEP celebra Ciclo Escolar 2024-2025 Educaci\u00f3n, salud y apoyos econ\u00f3micos transforman la escuela p\u00fablica | Nexo Informativo Santiago de Quer\u00e9taro","isPartOf":{"@id":"https:\/\/www.nexoinformativo.mx\/#website"},"primaryImageOfPage":{"@id":"https:\/\/www.nexoinformativo.mx\/index.php\/2025\/07\/17\/sep-celebra-ciclo-escolar-2024-2025-educacion-salud-y-apoyos-economicos-transforman-la-escuela-publica\/#primaryimage"},"image":{"@id":"https:\/\/www.nexoinformativo.mx\/index.php\/2025\/07\/17\/sep-celebra-ciclo-escolar-2024-2025-educacion-salud-y-apoyos-economicos-transforman-la-escuela-publica\/#primaryimage"},"thumbnailUrl":"https:\/\/www.nexoinformativo.mx\/wp-content\/uploads\/2025\/07\/IMG_5527.jpg","datePublished":"2025-07-17T21:00:43+00:00","dateModified":"2025-07-18T02:06:21+00:00","description":"SEP celebra Ciclo Escolar 2024-2025 Educaci\u00f3n, salud y apoyos econ\u00f3micos transforman la escuela p\u00fablica","breadcrumb":{"@id":"https:\/\/www.nexoinformativo.mx\/index.php\/2025\/07\/17\/sep-celebra-ciclo-escolar-2024-2025-educacion-salud-y-apoyos-economicos-transforman-la-escuela-publica\/#breadcrumb"},"inLanguage":"es","potentialAction":[{"@type":"ReadAction","target":["https:\/\/www.nexoinformativo.mx\/index.php\/2025\/07\/17\/sep-celebra-ciclo-escolar-2024-2025-educacion-salud-y-apoyos-economicos-transforman-la-escuela-publica\/"]}]},{"@type":"ImageObject","inLanguage":"es","@id":"https:\/\/www.nexoinformativo.mx\/index.php\/2025\/07\/17\/sep-celebra-ciclo-escolar-2024-2025-educacion-salud-y-apoyos-economicos-transforman-la-escuela-publica\/#primaryimage","url":"https:\/\/www.nexoinformativo.mx\/wp-content\/uploads\/2025\/07\/IMG_5527.jpg","contentUrl":"https:\/\/www.nexoinformativo.mx\/wp-content\/uploads\/2025\/07\/IMG_5527.jpg","width":650,"height":380},{"@type":"BreadcrumbList","@id":"https:\/\/www.nexoinformativo.mx\/index.php\/2025\/07\/17\/sep-celebra-ciclo-escolar-2024-2025-educacion-salud-y-apoyos-economicos-transforman-la-escuela-publica\/#breadcrumb","itemListElement":[{"@type":"ListItem","position":1,"name":"Inicio","item":"https:\/\/www.nexoinformativo.mx\/"},{"@type":"ListItem","position":2,"name":"SEP celebra Ciclo Escolar 2024-2025 Educaci\u00f3n, salud y apoyos econ\u00f3micos transforman la escuela p\u00fablica"}]},{"@type":"WebSite","@id":"https:\/\/www.nexoinformativo.mx\/#website","url":"https:\/\/www.nexoinformativo.mx\/","name":"Nexo Informativo Santiago de Quer\u00e9taro","description":"Explora NexoInformativo y convi\u00e9rtete en parte de una comunidad que valora el conocimiento y la verdad. Tu nexoinformativo es tu puente hacia una comprensi\u00f3n m\u00e1s profunda del mundo que te rodea.","publisher":{"@id":"https:\/\/www.nexoinformativo.mx\/#organization"},"potentialAction":[{"@type":"SearchAction","target":{"@type":"EntryPoint","urlTemplate":"https:\/\/www.nexoinformativo.mx\/?s={search_term_string}"},"query-input":{"@type":"PropertyValueSpecification","valueRequired":true,"valueName":"search_term_string"}}],"inLanguage":"es"},{"@type":"Organization","@id":"https:\/\/www.nexoinformativo.mx\/#organization","name":"Nexo Informativo Santiago de Quer\u00e9taro","url":"https:\/\/www.nexoinformativo.mx\/","logo":{"@type":"ImageObject","inLanguage":"es","@id":"https:\/\/www.nexoinformativo.mx\/#\/schema\/logo\/image\/","url":"https:\/\/www.nexoinformativo.mx\/wp-content\/uploads\/2024\/07\/nexoi-trasparente-2.png","contentUrl":"https:\/\/www.nexoinformativo.mx\/wp-content\/uploads\/2024\/07\/nexoi-trasparente-2.png","width":816,"height":339,"caption":"Nexo Informativo Santiago de Quer\u00e9taro"},"image":{"@id":"https:\/\/www.nexoinformativo.mx\/#\/schema\/logo\/image\/"},"sameAs":["https:\/\/www.facebook.com\/people\/Nexo-Informativo\/61564066885511\/"]},{"@type":"Person","@id":"https:\/\/www.nexoinformativo.mx\/#\/schema\/person\/7749d380ba08c8ca00d7bc76fd907b7d","name":"Nexo Informativo","image":{"@type":"ImageObject","inLanguage":"es","@id":"https:\/\/www.nexoinformativo.mx\/#\/schema\/person\/image\/","url":"https:\/\/secure.gravatar.com\/avatar\/dde2928154642a13d95f87ddf1ea9718fe2b46760a005c53e41ff5ad610704e6?s=96&d=mm&r=g","contentUrl":"https:\/\/secure.gravatar.com\/avatar\/dde2928154642a13d95f87ddf1ea9718fe2b46760a005c53e41ff5ad610704e6?s=96&d=mm&r=g","caption":"Nexo Informativo"},"url":"https:\/\/www.nexoinformativo.mx\/index.php\/author\/edicion\/"}]}},"_links":{"self":[{"href":"https:\/\/www.nexoinformativo.mx\/index.php\/wp-json\/wp\/v2\/posts\/16509","targetHints":{"allow":["GET"]}}],"collection":[{"href":"https:\/\/www.nexoinformativo.mx\/index.php\/wp-json\/wp\/v2\/posts"}],"about":[{"href":"https:\/\/www.nexoinformativo.mx\/index.php\/wp-json\/wp\/v2\/types\/post"}],"author":[{"embeddable":true,"href":"https:\/\/www.nexoinformativo.mx\/index.php\/wp-json\/wp\/v2\/users\/3"}],"replies":[{"embeddable":true,"href":"https:\/\/www.nexoinformativo.mx\/index.php\/wp-json\/wp\/v2\/comments?post=16509"}],"version-history":[{"count":5,"href":"https:\/\/www.nexoinformativo.mx\/index.php\/wp-json\/wp\/v2\/posts\/16509\/revisions"}],"predecessor-version":[{"id":16514,"href":"https:\/\/www.nexoinformativo.mx\/index.php\/wp-json\/wp\/v2\/posts\/16509\/revisions\/16514"}],"wp:featuredmedia":[{"embeddable":true,"href":"https:\/\/www.nexoinformativo.mx\/index.php\/wp-json\/wp\/v2\/media\/16510"}],"wp:attachment":[{"href":"https:\/\/www.nexoinformativo.mx\/index.php\/wp-json\/wp\/v2\/media?parent=16509"}],"wp:term":[{"taxonomy":"category","embeddable":true,"href":"https:\/\/www.nexoinformativo.mx\/index.php\/wp-json\/wp\/v2\/categories?post=16509"},{"taxonomy":"post_tag","embeddable":true,"href":"https:\/\/www.nexoinformativo.mx\/index.php\/wp-json\/wp\/v2\/tags?post=16509"}],"curies":[{"name":"wp","href":"https:\/\/api.w.org\/{rel}","templated":true}]}}