{"id":16515,"date":"2025-07-17T16:00:49","date_gmt":"2025-07-17T22:00:49","guid":{"rendered":"https:\/\/www.nexoinformativo.mx\/?p=16515"},"modified":"2025-07-17T20:06:44","modified_gmt":"2025-07-18T02:06:44","slug":"profeco-en-accion-descubre-los-mejores-precios-del-nopal-y-sus-multiples-beneficios-para-tu-salud","status":"publish","type":"post","link":"https:\/\/www.nexoinformativo.mx\/index.php\/2025\/07\/17\/profeco-en-accion-descubre-los-mejores-precios-del-nopal-y-sus-multiples-beneficios-para-tu-salud\/","title":{"rendered":"Profeco en acci\u00f3n descubre los mejores precios del nopal y sus m\u00faltiples beneficios para tu salud"},"content":{"rendered":"<p style=\"text-align: justify;\">El nopal, ese ingrediente tan emblem\u00e1tico y nutritivo de la cocina mexicana, es m\u00e1s que un simple acompa\u00f1amiento. La Procuradur\u00eda Federal del Consumidor (Profeco) ha difundido un monitoreo de sus precios, recordando a la poblaci\u00f3n los grandes beneficios de este superalimento ancestral.<\/p>\n<p>&nbsp;<\/p>\n<p style=\"text-align: justify;\">Originario de M\u00e9xico y cultivado en 18 estados (con Morelos como l\u00edder en producci\u00f3n), el nopal, o nopalli en n\u00e1huatl, es una cact\u00e1cea que ha impactado favorablemente no solo la cultura, sino tambi\u00e9n la alimentaci\u00f3n y la salud de los mexicanos.<\/p>\n<p>&nbsp;<\/p>\n<p style=\"text-align: justify;\">Este vegetal de textura dura, color verde y cuerpo espinoso es una excelente fuente de fibra soluble e insoluble, lo que ayuda a una mejor digesti\u00f3n, previene el estre\u00f1imiento y mantiene estables los niveles de az\u00facar en la sangre.<\/p>\n<p>&nbsp;<\/p>\n<p style=\"text-align: justify;\">Adem\u00e1s, es rico en nutrientes esenciales como la vitamina C (para el sistema inmunol\u00f3gico), vitamina A (para la visi\u00f3n y piel), y minerales como el calcio y magnesio (fundamentales para huesos y m\u00fasculos). Su consumo incluso genera una sensaci\u00f3n de saciedad, siendo un aliado en el control de peso.<\/p>\n<p>&nbsp;<\/p>\n<p style=\"text-align: justify;\">A trav\u00e9s de su herramienta &#8220;Qui\u00e9n es Qui\u00e9n en los Precios&#8221;, Profeco informa los precios m\u00ednimos y m\u00e1ximos del nopal sin espinas por kilogramo:<\/p>\n<p>&nbsp;<\/p>\n<p style=\"text-align: justify;\"><strong>Precios m\u00e1s bajos:<\/strong><\/p>\n<p>Tu Tienda UNAM, Ciudad de M\u00e9xico: $23.70\/kg<\/p>\n<p>Mercado Malibran, Veracruz: $24.00\/kg<\/p>\n<p>Mercado El Mes\u00f3n Estrella, Monterrey, N.L.: $25.00\/kg<\/p>\n<p>&nbsp;<\/p>\n<p><strong>Precios m\u00e1s elevados:<\/strong><\/p>\n<p>Chedraui Villahermosa Mina, Villahermosa: $55.50\/kg<\/p>\n<p>Campeche, Ciudad Ju\u00e1rez y Le\u00f3n: $50.00\/kg<\/p>\n<p>Tijuana y Saltillo: $49.90\/kg<\/p>\n<p>&nbsp;<\/p>\n<p style=\"text-align: justify;\">Para consultar esta informaci\u00f3n y la de m\u00e1s de tres mil productos, puedes visitar la p\u00e1gina del Qui\u00e9n es Qui\u00e9n en los Precios: <a href=\"https:\/\/qqp.profeco.gob.mx\/\" target=\"_blank\" rel=\"noopener\">https:\/\/qqp.profeco.gob.mx\/<\/a>.<\/p>\n<p>&nbsp;<\/p>\n<p style=\"text-align: center;\"><em><strong>\u00a1Informaci\u00f3n que transforma!<\/strong><\/em><\/p>\n","protected":false},"excerpt":{"rendered":"<p>El nopal, ese ingrediente tan emblem\u00e1tico y nutritivo de la cocina mexicana, es m\u00e1s que un simple acompa\u00f1amiento. La Procuradur\u00eda Federal del Consumidor (Profeco) ha difundido un monitoreo de sus precios, recordando a la poblaci\u00f3n los grandes beneficios de este superalimento ancestral.<\/p>\n","protected":false},"author":3,"featured_media":16516,"comment_status":"open","ping_status":"open","sticky":false,"template":"","format":"standard","meta":{"footnotes":""},"categories":[5,88,58],"tags":[4949,2079,4948,1834],"class_list":["post-16515","post","type-post","status-publish","format-standard","has-post-thumbnail","hentry","category-economia","category-nacional","category-ultima-hora","tag-alimentossaludables","tag-consumointeligente","tag-nopal","tag-profeco"],"yoast_head":"<!-- This site is optimized with the Yoast SEO plugin v25.0 - https:\/\/yoast.com\/wordpress\/plugins\/seo\/ -->\n<title>Profeco en acci\u00f3n descubre los mejores precios del nopal y sus m\u00faltiples beneficios para tu salud | Nexo Informativo Santiago de Quer\u00e9taro<\/title>\n<meta name=\"description\" content=\"Profeco en acci\u00f3n descubre los mejores precios del nopal y sus m\u00faltiples beneficios para tu salud\" \/>\n<meta name=\"robots\" content=\"index, follow, max-snippet:-1, max-image-preview:large, max-video-preview:-1\" \/>\n<link rel=\"canonical\" href=\"https:\/\/www.nexoinformativo.mx\/index.php\/2025\/07\/17\/profeco-en-accion-descubre-los-mejores-precios-del-nopal-y-sus-multiples-beneficios-para-tu-salud\/\" \/>\n<meta property=\"og:locale\" content=\"es_MX\" \/>\n<meta property=\"og:type\" content=\"article\" \/>\n<meta property=\"og:title\" content=\"Profeco en acci\u00f3n descubre los mejores precios del nopal y sus m\u00faltiples beneficios para tu salud | Nexo Informativo Santiago de Quer\u00e9taro\" \/>\n<meta property=\"og:description\" content=\"Profeco en acci\u00f3n descubre los mejores precios del nopal y sus m\u00faltiples beneficios para tu salud\" \/>\n<meta property=\"og:url\" content=\"https:\/\/www.nexoinformativo.mx\/index.php\/2025\/07\/17\/profeco-en-accion-descubre-los-mejores-precios-del-nopal-y-sus-multiples-beneficios-para-tu-salud\/\" \/>\n<meta property=\"og:site_name\" content=\"Nexo Informativo Santiago de Quer\u00e9taro\" \/>\n<meta property=\"article:publisher\" content=\"https:\/\/www.facebook.com\/people\/Nexo-Informativo\/61564066885511\/\" \/>\n<meta property=\"article:published_time\" content=\"2025-07-17T22:00:49+00:00\" \/>\n<meta property=\"article:modified_time\" content=\"2025-07-18T02:06:44+00:00\" \/>\n<meta property=\"og:image\" content=\"https:\/\/www.nexoinformativo.mx\/wp-content\/uploads\/2025\/07\/pexels-gottapics-7201712-e1752804219387.jpg\" \/>\n\t<meta property=\"og:image:width\" content=\"800\" \/>\n\t<meta property=\"og:image:height\" content=\"533\" \/>\n\t<meta property=\"og:image:type\" content=\"image\/jpeg\" \/>\n<meta name=\"author\" content=\"Nexo Informativo\" \/>\n<meta name=\"twitter:card\" content=\"summary_large_image\" \/>\n<meta name=\"twitter:label1\" content=\"Escrito por\" \/>\n\t<meta name=\"twitter:data1\" content=\"Nexo Informativo\" \/>\n\t<meta name=\"twitter:label2\" content=\"Tiempo de lectura\" \/>\n\t<meta name=\"twitter:data2\" content=\"2 minutos\" \/>\n<script type=\"application\/ld+json\" class=\"yoast-schema-graph\">{\"@context\":\"https:\/\/schema.org\",\"@graph\":[{\"@type\":\"Article\",\"@id\":\"https:\/\/www.nexoinformativo.mx\/index.php\/2025\/07\/17\/profeco-en-accion-descubre-los-mejores-precios-del-nopal-y-sus-multiples-beneficios-para-tu-salud\/#article\",\"isPartOf\":{\"@id\":\"https:\/\/www.nexoinformativo.mx\/index.php\/2025\/07\/17\/profeco-en-accion-descubre-los-mejores-precios-del-nopal-y-sus-multiples-beneficios-para-tu-salud\/\"},\"author\":{\"name\":\"Nexo Informativo\",\"@id\":\"https:\/\/www.nexoinformativo.mx\/#\/schema\/person\/7749d380ba08c8ca00d7bc76fd907b7d\"},\"headline\":\"Profeco en acci\u00f3n descubre los mejores precios del nopal y sus m\u00faltiples beneficios para tu salud\",\"datePublished\":\"2025-07-17T22:00:49+00:00\",\"dateModified\":\"2025-07-18T02:06:44+00:00\",\"mainEntityOfPage\":{\"@id\":\"https:\/\/www.nexoinformativo.mx\/index.php\/2025\/07\/17\/profeco-en-accion-descubre-los-mejores-precios-del-nopal-y-sus-multiples-beneficios-para-tu-salud\/\"},\"wordCount\":328,\"commentCount\":0,\"publisher\":{\"@id\":\"https:\/\/www.nexoinformativo.mx\/#organization\"},\"image\":{\"@id\":\"https:\/\/www.nexoinformativo.mx\/index.php\/2025\/07\/17\/profeco-en-accion-descubre-los-mejores-precios-del-nopal-y-sus-multiples-beneficios-para-tu-salud\/#primaryimage\"},\"thumbnailUrl\":\"https:\/\/www.nexoinformativo.mx\/wp-content\/uploads\/2025\/07\/pexels-gottapics-7201712-e1752804219387.jpg\",\"keywords\":[\"AlimentosSaludables\",\"ConsumoInteligente\",\"Nopal\",\"Profeco\"],\"articleSection\":[\"Econom\u00eda\",\"Nacional\",\"\u00daltima Hora\"],\"inLanguage\":\"es\",\"potentialAction\":[{\"@type\":\"CommentAction\",\"name\":\"Comment\",\"target\":[\"https:\/\/www.nexoinformativo.mx\/index.php\/2025\/07\/17\/profeco-en-accion-descubre-los-mejores-precios-del-nopal-y-sus-multiples-beneficios-para-tu-salud\/#respond\"]}]},{\"@type\":\"WebPage\",\"@id\":\"https:\/\/www.nexoinformativo.mx\/index.php\/2025\/07\/17\/profeco-en-accion-descubre-los-mejores-precios-del-nopal-y-sus-multiples-beneficios-para-tu-salud\/\",\"url\":\"https:\/\/www.nexoinformativo.mx\/index.php\/2025\/07\/17\/profeco-en-accion-descubre-los-mejores-precios-del-nopal-y-sus-multiples-beneficios-para-tu-salud\/\",\"name\":\"Profeco en acci\u00f3n descubre los mejores precios del nopal y sus m\u00faltiples beneficios para tu salud | Nexo Informativo Santiago de Quer\u00e9taro\",\"isPartOf\":{\"@id\":\"https:\/\/www.nexoinformativo.mx\/#website\"},\"primaryImageOfPage\":{\"@id\":\"https:\/\/www.nexoinformativo.mx\/index.php\/2025\/07\/17\/profeco-en-accion-descubre-los-mejores-precios-del-nopal-y-sus-multiples-beneficios-para-tu-salud\/#primaryimage\"},\"image\":{\"@id\":\"https:\/\/www.nexoinformativo.mx\/index.php\/2025\/07\/17\/profeco-en-accion-descubre-los-mejores-precios-del-nopal-y-sus-multiples-beneficios-para-tu-salud\/#primaryimage\"},\"thumbnailUrl\":\"https:\/\/www.nexoinformativo.mx\/wp-content\/uploads\/2025\/07\/pexels-gottapics-7201712-e1752804219387.jpg\",\"datePublished\":\"2025-07-17T22:00:49+00:00\",\"dateModified\":\"2025-07-18T02:06:44+00:00\",\"description\":\"Profeco en acci\u00f3n descubre los mejores precios del nopal y sus m\u00faltiples beneficios para tu salud\",\"breadcrumb\":{\"@id\":\"https:\/\/www.nexoinformativo.mx\/index.php\/2025\/07\/17\/profeco-en-accion-descubre-los-mejores-precios-del-nopal-y-sus-multiples-beneficios-para-tu-salud\/#breadcrumb\"},\"inLanguage\":\"es\",\"potentialAction\":[{\"@type\":\"ReadAction\",\"target\":[\"https:\/\/www.nexoinformativo.mx\/index.php\/2025\/07\/17\/profeco-en-accion-descubre-los-mejores-precios-del-nopal-y-sus-multiples-beneficios-para-tu-salud\/\"]}]},{\"@type\":\"ImageObject\",\"inLanguage\":\"es\",\"@id\":\"https:\/\/www.nexoinformativo.mx\/index.php\/2025\/07\/17\/profeco-en-accion-descubre-los-mejores-precios-del-nopal-y-sus-multiples-beneficios-para-tu-salud\/#primaryimage\",\"url\":\"https:\/\/www.nexoinformativo.mx\/wp-content\/uploads\/2025\/07\/pexels-gottapics-7201712-e1752804219387.jpg\",\"contentUrl\":\"https:\/\/www.nexoinformativo.mx\/wp-content\/uploads\/2025\/07\/pexels-gottapics-7201712-e1752804219387.jpg\",\"width\":800,\"height\":533},{\"@type\":\"BreadcrumbList\",\"@id\":\"https:\/\/www.nexoinformativo.mx\/index.php\/2025\/07\/17\/profeco-en-accion-descubre-los-mejores-precios-del-nopal-y-sus-multiples-beneficios-para-tu-salud\/#breadcrumb\",\"itemListElement\":[{\"@type\":\"ListItem\",\"position\":1,\"name\":\"Inicio\",\"item\":\"https:\/\/www.nexoinformativo.mx\/\"},{\"@type\":\"ListItem\",\"position\":2,\"name\":\"Profeco en acci\u00f3n descubre los mejores precios del nopal y sus m\u00faltiples beneficios para tu salud\"}]},{\"@type\":\"WebSite\",\"@id\":\"https:\/\/www.nexoinformativo.mx\/#website\",\"url\":\"https:\/\/www.nexoinformativo.mx\/\",\"name\":\"Nexo Informativo Santiago de Quer\u00e9taro\",\"description\":\"Explora NexoInformativo y convi\u00e9rtete en parte de una comunidad que valora el conocimiento y la verdad. Tu nexoinformativo es tu puente hacia una comprensi\u00f3n m\u00e1s profunda del mundo que te rodea.\",\"publisher\":{\"@id\":\"https:\/\/www.nexoinformativo.mx\/#organization\"},\"potentialAction\":[{\"@type\":\"SearchAction\",\"target\":{\"@type\":\"EntryPoint\",\"urlTemplate\":\"https:\/\/www.nexoinformativo.mx\/?s={search_term_string}\"},\"query-input\":{\"@type\":\"PropertyValueSpecification\",\"valueRequired\":true,\"valueName\":\"search_term_string\"}}],\"inLanguage\":\"es\"},{\"@type\":\"Organization\",\"@id\":\"https:\/\/www.nexoinformativo.mx\/#organization\",\"name\":\"Nexo Informativo Santiago de Quer\u00e9taro\",\"url\":\"https:\/\/www.nexoinformativo.mx\/\",\"logo\":{\"@type\":\"ImageObject\",\"inLanguage\":\"es\",\"@id\":\"https:\/\/www.nexoinformativo.mx\/#\/schema\/logo\/image\/\",\"url\":\"https:\/\/www.nexoinformativo.mx\/wp-content\/uploads\/2024\/07\/nexoi-trasparente-2.png\",\"contentUrl\":\"https:\/\/www.nexoinformativo.mx\/wp-content\/uploads\/2024\/07\/nexoi-trasparente-2.png\",\"width\":816,\"height\":339,\"caption\":\"Nexo Informativo Santiago de Quer\u00e9taro\"},\"image\":{\"@id\":\"https:\/\/www.nexoinformativo.mx\/#\/schema\/logo\/image\/\"},\"sameAs\":[\"https:\/\/www.facebook.com\/people\/Nexo-Informativo\/61564066885511\/\"]},{\"@type\":\"Person\",\"@id\":\"https:\/\/www.nexoinformativo.mx\/#\/schema\/person\/7749d380ba08c8ca00d7bc76fd907b7d\",\"name\":\"Nexo Informativo\",\"image\":{\"@type\":\"ImageObject\",\"inLanguage\":\"es\",\"@id\":\"https:\/\/www.nexoinformativo.mx\/#\/schema\/person\/image\/\",\"url\":\"https:\/\/secure.gravatar.com\/avatar\/dde2928154642a13d95f87ddf1ea9718fe2b46760a005c53e41ff5ad610704e6?s=96&d=mm&r=g\",\"contentUrl\":\"https:\/\/secure.gravatar.com\/avatar\/dde2928154642a13d95f87ddf1ea9718fe2b46760a005c53e41ff5ad610704e6?s=96&d=mm&r=g\",\"caption\":\"Nexo Informativo\"},\"url\":\"https:\/\/www.nexoinformativo.mx\/index.php\/author\/edicion\/\"}]}<\/script>\n<!-- \/ Yoast SEO plugin. -->","yoast_head_json":{"title":"Profeco en acci\u00f3n descubre los mejores precios del nopal y sus m\u00faltiples beneficios para tu salud | Nexo Informativo Santiago de Quer\u00e9taro","description":"Profeco en acci\u00f3n descubre los mejores precios del nopal y sus m\u00faltiples beneficios para tu salud","robots":{"index":"index","follow":"follow","max-snippet":"max-snippet:-1","max-image-preview":"max-image-preview:large","max-video-preview":"max-video-preview:-1"},"canonical":"https:\/\/www.nexoinformativo.mx\/index.php\/2025\/07\/17\/profeco-en-accion-descubre-los-mejores-precios-del-nopal-y-sus-multiples-beneficios-para-tu-salud\/","og_locale":"es_MX","og_type":"article","og_title":"Profeco en acci\u00f3n descubre los mejores precios del nopal y sus m\u00faltiples beneficios para tu salud | Nexo Informativo Santiago de Quer\u00e9taro","og_description":"Profeco en acci\u00f3n descubre los mejores precios del nopal y sus m\u00faltiples beneficios para tu salud","og_url":"https:\/\/www.nexoinformativo.mx\/index.php\/2025\/07\/17\/profeco-en-accion-descubre-los-mejores-precios-del-nopal-y-sus-multiples-beneficios-para-tu-salud\/","og_site_name":"Nexo Informativo Santiago de Quer\u00e9taro","article_publisher":"https:\/\/www.facebook.com\/people\/Nexo-Informativo\/61564066885511\/","article_published_time":"2025-07-17T22:00:49+00:00","article_modified_time":"2025-07-18T02:06:44+00:00","og_image":[{"width":800,"height":533,"url":"https:\/\/www.nexoinformativo.mx\/wp-content\/uploads\/2025\/07\/pexels-gottapics-7201712-e1752804219387.jpg","type":"image\/jpeg"}],"author":"Nexo Informativo","twitter_card":"summary_large_image","twitter_misc":{"Escrito por":"Nexo Informativo","Tiempo de lectura":"2 minutos"},"schema":{"@context":"https:\/\/schema.org","@graph":[{"@type":"Article","@id":"https:\/\/www.nexoinformativo.mx\/index.php\/2025\/07\/17\/profeco-en-accion-descubre-los-mejores-precios-del-nopal-y-sus-multiples-beneficios-para-tu-salud\/#article","isPartOf":{"@id":"https:\/\/www.nexoinformativo.mx\/index.php\/2025\/07\/17\/profeco-en-accion-descubre-los-mejores-precios-del-nopal-y-sus-multiples-beneficios-para-tu-salud\/"},"author":{"name":"Nexo Informativo","@id":"https:\/\/www.nexoinformativo.mx\/#\/schema\/person\/7749d380ba08c8ca00d7bc76fd907b7d"},"headline":"Profeco en acci\u00f3n descubre los mejores precios del nopal y sus m\u00faltiples beneficios para tu salud","datePublished":"2025-07-17T22:00:49+00:00","dateModified":"2025-07-18T02:06:44+00:00","mainEntityOfPage":{"@id":"https:\/\/www.nexoinformativo.mx\/index.php\/2025\/07\/17\/profeco-en-accion-descubre-los-mejores-precios-del-nopal-y-sus-multiples-beneficios-para-tu-salud\/"},"wordCount":328,"commentCount":0,"publisher":{"@id":"https:\/\/www.nexoinformativo.mx\/#organization"},"image":{"@id":"https:\/\/www.nexoinformativo.mx\/index.php\/2025\/07\/17\/profeco-en-accion-descubre-los-mejores-precios-del-nopal-y-sus-multiples-beneficios-para-tu-salud\/#primaryimage"},"thumbnailUrl":"https:\/\/www.nexoinformativo.mx\/wp-content\/uploads\/2025\/07\/pexels-gottapics-7201712-e1752804219387.jpg","keywords":["AlimentosSaludables","ConsumoInteligente","Nopal","Profeco"],"articleSection":["Econom\u00eda","Nacional","\u00daltima Hora"],"inLanguage":"es","potentialAction":[{"@type":"CommentAction","name":"Comment","target":["https:\/\/www.nexoinformativo.mx\/index.php\/2025\/07\/17\/profeco-en-accion-descubre-los-mejores-precios-del-nopal-y-sus-multiples-beneficios-para-tu-salud\/#respond"]}]},{"@type":"WebPage","@id":"https:\/\/www.nexoinformativo.mx\/index.php\/2025\/07\/17\/profeco-en-accion-descubre-los-mejores-precios-del-nopal-y-sus-multiples-beneficios-para-tu-salud\/","url":"https:\/\/www.nexoinformativo.mx\/index.php\/2025\/07\/17\/profeco-en-accion-descubre-los-mejores-precios-del-nopal-y-sus-multiples-beneficios-para-tu-salud\/","name":"Profeco en acci\u00f3n descubre los mejores precios del nopal y sus m\u00faltiples beneficios para tu salud | Nexo Informativo Santiago de Quer\u00e9taro","isPartOf":{"@id":"https:\/\/www.nexoinformativo.mx\/#website"},"primaryImageOfPage":{"@id":"https:\/\/www.nexoinformativo.mx\/index.php\/2025\/07\/17\/profeco-en-accion-descubre-los-mejores-precios-del-nopal-y-sus-multiples-beneficios-para-tu-salud\/#primaryimage"},"image":{"@id":"https:\/\/www.nexoinformativo.mx\/index.php\/2025\/07\/17\/profeco-en-accion-descubre-los-mejores-precios-del-nopal-y-sus-multiples-beneficios-para-tu-salud\/#primaryimage"},"thumbnailUrl":"https:\/\/www.nexoinformativo.mx\/wp-content\/uploads\/2025\/07\/pexels-gottapics-7201712-e1752804219387.jpg","datePublished":"2025-07-17T22:00:49+00:00","dateModified":"2025-07-18T02:06:44+00:00","description":"Profeco en acci\u00f3n descubre los mejores precios del nopal y sus m\u00faltiples beneficios para tu salud","breadcrumb":{"@id":"https:\/\/www.nexoinformativo.mx\/index.php\/2025\/07\/17\/profeco-en-accion-descubre-los-mejores-precios-del-nopal-y-sus-multiples-beneficios-para-tu-salud\/#breadcrumb"},"inLanguage":"es","potentialAction":[{"@type":"ReadAction","target":["https:\/\/www.nexoinformativo.mx\/index.php\/2025\/07\/17\/profeco-en-accion-descubre-los-mejores-precios-del-nopal-y-sus-multiples-beneficios-para-tu-salud\/"]}]},{"@type":"ImageObject","inLanguage":"es","@id":"https:\/\/www.nexoinformativo.mx\/index.php\/2025\/07\/17\/profeco-en-accion-descubre-los-mejores-precios-del-nopal-y-sus-multiples-beneficios-para-tu-salud\/#primaryimage","url":"https:\/\/www.nexoinformativo.mx\/wp-content\/uploads\/2025\/07\/pexels-gottapics-7201712-e1752804219387.jpg","contentUrl":"https:\/\/www.nexoinformativo.mx\/wp-content\/uploads\/2025\/07\/pexels-gottapics-7201712-e1752804219387.jpg","width":800,"height":533},{"@type":"BreadcrumbList","@id":"https:\/\/www.nexoinformativo.mx\/index.php\/2025\/07\/17\/profeco-en-accion-descubre-los-mejores-precios-del-nopal-y-sus-multiples-beneficios-para-tu-salud\/#breadcrumb","itemListElement":[{"@type":"ListItem","position":1,"name":"Inicio","item":"https:\/\/www.nexoinformativo.mx\/"},{"@type":"ListItem","position":2,"name":"Profeco en acci\u00f3n descubre los mejores precios del nopal y sus m\u00faltiples beneficios para tu salud"}]},{"@type":"WebSite","@id":"https:\/\/www.nexoinformativo.mx\/#website","url":"https:\/\/www.nexoinformativo.mx\/","name":"Nexo Informativo Santiago de Quer\u00e9taro","description":"Explora NexoInformativo y convi\u00e9rtete en parte de una comunidad que valora el conocimiento y la verdad. Tu nexoinformativo es tu puente hacia una comprensi\u00f3n m\u00e1s profunda del mundo que te rodea.","publisher":{"@id":"https:\/\/www.nexoinformativo.mx\/#organization"},"potentialAction":[{"@type":"SearchAction","target":{"@type":"EntryPoint","urlTemplate":"https:\/\/www.nexoinformativo.mx\/?s={search_term_string}"},"query-input":{"@type":"PropertyValueSpecification","valueRequired":true,"valueName":"search_term_string"}}],"inLanguage":"es"},{"@type":"Organization","@id":"https:\/\/www.nexoinformativo.mx\/#organization","name":"Nexo Informativo Santiago de Quer\u00e9taro","url":"https:\/\/www.nexoinformativo.mx\/","logo":{"@type":"ImageObject","inLanguage":"es","@id":"https:\/\/www.nexoinformativo.mx\/#\/schema\/logo\/image\/","url":"https:\/\/www.nexoinformativo.mx\/wp-content\/uploads\/2024\/07\/nexoi-trasparente-2.png","contentUrl":"https:\/\/www.nexoinformativo.mx\/wp-content\/uploads\/2024\/07\/nexoi-trasparente-2.png","width":816,"height":339,"caption":"Nexo Informativo Santiago de Quer\u00e9taro"},"image":{"@id":"https:\/\/www.nexoinformativo.mx\/#\/schema\/logo\/image\/"},"sameAs":["https:\/\/www.facebook.com\/people\/Nexo-Informativo\/61564066885511\/"]},{"@type":"Person","@id":"https:\/\/www.nexoinformativo.mx\/#\/schema\/person\/7749d380ba08c8ca00d7bc76fd907b7d","name":"Nexo Informativo","image":{"@type":"ImageObject","inLanguage":"es","@id":"https:\/\/www.nexoinformativo.mx\/#\/schema\/person\/image\/","url":"https:\/\/secure.gravatar.com\/avatar\/dde2928154642a13d95f87ddf1ea9718fe2b46760a005c53e41ff5ad610704e6?s=96&d=mm&r=g","contentUrl":"https:\/\/secure.gravatar.com\/avatar\/dde2928154642a13d95f87ddf1ea9718fe2b46760a005c53e41ff5ad610704e6?s=96&d=mm&r=g","caption":"Nexo Informativo"},"url":"https:\/\/www.nexoinformativo.mx\/index.php\/author\/edicion\/"}]}},"_links":{"self":[{"href":"https:\/\/www.nexoinformativo.mx\/index.php\/wp-json\/wp\/v2\/posts\/16515","targetHints":{"allow":["GET"]}}],"collection":[{"href":"https:\/\/www.nexoinformativo.mx\/index.php\/wp-json\/wp\/v2\/posts"}],"about":[{"href":"https:\/\/www.nexoinformativo.mx\/index.php\/wp-json\/wp\/v2\/types\/post"}],"author":[{"embeddable":true,"href":"https:\/\/www.nexoinformativo.mx\/index.php\/wp-json\/wp\/v2\/users\/3"}],"replies":[{"embeddable":true,"href":"https:\/\/www.nexoinformativo.mx\/index.php\/wp-json\/wp\/v2\/comments?post=16515"}],"version-history":[{"count":5,"href":"https:\/\/www.nexoinformativo.mx\/index.php\/wp-json\/wp\/v2\/posts\/16515\/revisions"}],"predecessor-version":[{"id":16521,"href":"https:\/\/www.nexoinformativo.mx\/index.php\/wp-json\/wp\/v2\/posts\/16515\/revisions\/16521"}],"wp:featuredmedia":[{"embeddable":true,"href":"https:\/\/www.nexoinformativo.mx\/index.php\/wp-json\/wp\/v2\/media\/16516"}],"wp:attachment":[{"href":"https:\/\/www.nexoinformativo.mx\/index.php\/wp-json\/wp\/v2\/media?parent=16515"}],"wp:term":[{"taxonomy":"category","embeddable":true,"href":"https:\/\/www.nexoinformativo.mx\/index.php\/wp-json\/wp\/v2\/categories?post=16515"},{"taxonomy":"post_tag","embeddable":true,"href":"https:\/\/www.nexoinformativo.mx\/index.php\/wp-json\/wp\/v2\/tags?post=16515"}],"curies":[{"name":"wp","href":"https:\/\/api.w.org\/{rel}","templated":true}]}}