{"id":16523,"date":"2025-07-17T17:00:02","date_gmt":"2025-07-17T23:00:02","guid":{"rendered":"https:\/\/www.nexoinformativo.mx\/?p=16523"},"modified":"2025-07-17T20:11:38","modified_gmt":"2025-07-18T02:11:38","slug":"aviso-meteorologico-lluvias-y-vientos-para-queretaro-en-los-proximos-dias-mantente-informado","status":"publish","type":"post","link":"https:\/\/www.nexoinformativo.mx\/index.php\/2025\/07\/17\/aviso-meteorologico-lluvias-y-vientos-para-queretaro-en-los-proximos-dias-mantente-informado\/","title":{"rendered":"Aviso Meteorol\u00f3gico lluvias y vientos para Quer\u00e9taro en los pr\u00f3ximos d\u00edas, mantente informado"},"content":{"rendered":"<p style=\"text-align: justify;\">Si vives en Quer\u00e9taro, \u00a1Saca el paraguas! El coordinador estatal de Protecci\u00f3n Civil, Javier Amaya, ha informado que se esperan lluvias ligeras en la entidad durante los pr\u00f3ximos d\u00edas.<\/p>\n<\/p>\n<p>&nbsp;<\/p>\n<p style=\"text-align: justify;\">Por ello, hizo un llamado a toda la poblaci\u00f3n para que se mantenga atenta a los comunicados oficiales que emita la dependencia.<\/p>\n<\/p>\n<p>&nbsp;<\/p>\n<p style=\"text-align: justify;\">De acuerdo con el pron\u00f3stico, estas lluvias vendr\u00e1n acompa\u00f1adas de vientos ligeros a moderados, con rachas que podr\u00edan alcanzar hasta los 20 kil\u00f3metros por hora. El cielo se mantendr\u00e1 medio nublado en la mayor parte del estado.<\/p>\n<\/p>\n<p>&nbsp;<\/p>\n<p style=\"text-align: justify;\">&#8220;Al momento vamos a seguir teniendo lluvias. Ya a partir de ma\u00f1ana vamos a tener lluvia muy ligera a lo largo del estado, hasta el fin de semana, donde estaremos haciendo otra vez el reporte del clima que nos pase CONAGUA\u201d, detall\u00f3 Amaya.<\/p>\n<\/p>\n<p>&nbsp;<\/p>\n<p style=\"text-align: justify;\">La Coordinaci\u00f3n Estatal de Protecci\u00f3n Civil exhorta a la ciudadan\u00eda a reportar cualquier incidente relacionado con las condiciones meteorol\u00f3gicas al n\u00famero de emergencias 9-1-1. Es especialmente importante llamar en caso de encharcamientos, ca\u00edda de ramas o cualquier otra situaci\u00f3n que represente un riesgo para la seguridad.<\/p>\n<\/p>\n<p>&nbsp;<\/p>\n<p style=\"text-align: justify;\">Finalmente, se record\u00f3 que el monitoreo del clima se mantiene de forma constante para prevenir afectaciones ante cualquier cambio repentino en las condiciones meteorol\u00f3gicas.<\/p>\n<\/p>\n<p>&nbsp;<\/p>\n<p style=\"text-align: center;\"><em><strong>\u00a1Informaci\u00f3n que transforma!<\/strong><\/em><\/p>\n","protected":false},"excerpt":{"rendered":"<p>Si vives en Quer\u00e9taro, \u00a1Saca el paraguas! El coordinador estatal de Protecci\u00f3n Civil, Javier Amaya, ha informado que se esperan lluvias ligeras en la entidad durante los pr\u00f3ximos d\u00edas.<\/p>\n","protected":false},"author":3,"featured_media":16524,"comment_status":"open","ping_status":"open","sticky":false,"template":"","format":"standard","meta":{"footnotes":""},"categories":[42,58],"tags":[4951,4563,154,133],"class_list":["post-16523","post","type-post","status-publish","format-standard","has-post-thumbnail","hentry","category-estado","category-ultima-hora","tag-alertaclimatica","tag-lluviasqro","tag-proteccioncivil","tag-queretaro"],"yoast_head":"<!-- This site is optimized with the Yoast SEO plugin v25.0 - https:\/\/yoast.com\/wordpress\/plugins\/seo\/ -->\n<title>Aviso Meteorol\u00f3gico lluvias y vientos para Quer\u00e9taro en los pr\u00f3ximos d\u00edas, mantente informado | Nexo Informativo Santiago de Quer\u00e9taro<\/title>\n<meta name=\"description\" content=\"Aviso Meteorol\u00f3gico lluvias y vientos para Quer\u00e9taro en los pr\u00f3ximos d\u00edas, mantente informado\" \/>\n<meta name=\"robots\" content=\"index, follow, max-snippet:-1, max-image-preview:large, max-video-preview:-1\" \/>\n<link rel=\"canonical\" href=\"https:\/\/www.nexoinformativo.mx\/index.php\/2025\/07\/17\/aviso-meteorologico-lluvias-y-vientos-para-queretaro-en-los-proximos-dias-mantente-informado\/\" \/>\n<meta property=\"og:locale\" content=\"es_MX\" \/>\n<meta property=\"og:type\" content=\"article\" \/>\n<meta property=\"og:title\" content=\"Aviso Meteorol\u00f3gico lluvias y vientos para Quer\u00e9taro en los pr\u00f3ximos d\u00edas, mantente informado | Nexo Informativo Santiago de Quer\u00e9taro\" \/>\n<meta property=\"og:description\" content=\"Aviso Meteorol\u00f3gico lluvias y vientos para Quer\u00e9taro en los pr\u00f3ximos d\u00edas, mantente informado\" \/>\n<meta property=\"og:url\" content=\"https:\/\/www.nexoinformativo.mx\/index.php\/2025\/07\/17\/aviso-meteorologico-lluvias-y-vientos-para-queretaro-en-los-proximos-dias-mantente-informado\/\" \/>\n<meta property=\"og:site_name\" content=\"Nexo Informativo Santiago de Quer\u00e9taro\" \/>\n<meta property=\"article:publisher\" content=\"https:\/\/www.facebook.com\/people\/Nexo-Informativo\/61564066885511\/\" \/>\n<meta property=\"article:published_time\" content=\"2025-07-17T23:00:02+00:00\" \/>\n<meta property=\"article:modified_time\" content=\"2025-07-18T02:11:38+00:00\" \/>\n<meta property=\"og:image\" content=\"https:\/\/www.nexoinformativo.mx\/wp-content\/uploads\/2025\/07\/PHOTO-2025-07-17-12-50-18-e1752804642467.jpg\" \/>\n\t<meta property=\"og:image:width\" content=\"800\" \/>\n\t<meta property=\"og:image:height\" content=\"492\" \/>\n\t<meta property=\"og:image:type\" content=\"image\/jpeg\" \/>\n<meta name=\"author\" content=\"Nexo Informativo\" \/>\n<meta name=\"twitter:card\" content=\"summary_large_image\" \/>\n<meta name=\"twitter:label1\" content=\"Escrito por\" \/>\n\t<meta name=\"twitter:data1\" content=\"Nexo Informativo\" \/>\n\t<meta name=\"twitter:label2\" content=\"Tiempo de lectura\" \/>\n\t<meta name=\"twitter:data2\" content=\"2 minutos\" \/>\n<script type=\"application\/ld+json\" class=\"yoast-schema-graph\">{\"@context\":\"https:\/\/schema.org\",\"@graph\":[{\"@type\":\"Article\",\"@id\":\"https:\/\/www.nexoinformativo.mx\/index.php\/2025\/07\/17\/aviso-meteorologico-lluvias-y-vientos-para-queretaro-en-los-proximos-dias-mantente-informado\/#article\",\"isPartOf\":{\"@id\":\"https:\/\/www.nexoinformativo.mx\/index.php\/2025\/07\/17\/aviso-meteorologico-lluvias-y-vientos-para-queretaro-en-los-proximos-dias-mantente-informado\/\"},\"author\":{\"name\":\"Nexo Informativo\",\"@id\":\"https:\/\/www.nexoinformativo.mx\/#\/schema\/person\/7749d380ba08c8ca00d7bc76fd907b7d\"},\"headline\":\"Aviso Meteorol\u00f3gico lluvias y vientos para Quer\u00e9taro en los pr\u00f3ximos d\u00edas, mantente informado\",\"datePublished\":\"2025-07-17T23:00:02+00:00\",\"dateModified\":\"2025-07-18T02:11:38+00:00\",\"mainEntityOfPage\":{\"@id\":\"https:\/\/www.nexoinformativo.mx\/index.php\/2025\/07\/17\/aviso-meteorologico-lluvias-y-vientos-para-queretaro-en-los-proximos-dias-mantente-informado\/\"},\"wordCount\":247,\"commentCount\":0,\"publisher\":{\"@id\":\"https:\/\/www.nexoinformativo.mx\/#organization\"},\"image\":{\"@id\":\"https:\/\/www.nexoinformativo.mx\/index.php\/2025\/07\/17\/aviso-meteorologico-lluvias-y-vientos-para-queretaro-en-los-proximos-dias-mantente-informado\/#primaryimage\"},\"thumbnailUrl\":\"https:\/\/www.nexoinformativo.mx\/wp-content\/uploads\/2025\/07\/PHOTO-2025-07-17-12-50-18-e1752804642467.jpg\",\"keywords\":[\"AlertaClim\u00e1tica\",\"LluviasQro\",\"proteccioncivil\",\"Quer\u00e9taro\"],\"articleSection\":[\"Estado\",\"\u00daltima Hora\"],\"inLanguage\":\"es\",\"potentialAction\":[{\"@type\":\"CommentAction\",\"name\":\"Comment\",\"target\":[\"https:\/\/www.nexoinformativo.mx\/index.php\/2025\/07\/17\/aviso-meteorologico-lluvias-y-vientos-para-queretaro-en-los-proximos-dias-mantente-informado\/#respond\"]}]},{\"@type\":\"WebPage\",\"@id\":\"https:\/\/www.nexoinformativo.mx\/index.php\/2025\/07\/17\/aviso-meteorologico-lluvias-y-vientos-para-queretaro-en-los-proximos-dias-mantente-informado\/\",\"url\":\"https:\/\/www.nexoinformativo.mx\/index.php\/2025\/07\/17\/aviso-meteorologico-lluvias-y-vientos-para-queretaro-en-los-proximos-dias-mantente-informado\/\",\"name\":\"Aviso Meteorol\u00f3gico lluvias y vientos para Quer\u00e9taro en los pr\u00f3ximos d\u00edas, mantente informado | Nexo Informativo Santiago de Quer\u00e9taro\",\"isPartOf\":{\"@id\":\"https:\/\/www.nexoinformativo.mx\/#website\"},\"primaryImageOfPage\":{\"@id\":\"https:\/\/www.nexoinformativo.mx\/index.php\/2025\/07\/17\/aviso-meteorologico-lluvias-y-vientos-para-queretaro-en-los-proximos-dias-mantente-informado\/#primaryimage\"},\"image\":{\"@id\":\"https:\/\/www.nexoinformativo.mx\/index.php\/2025\/07\/17\/aviso-meteorologico-lluvias-y-vientos-para-queretaro-en-los-proximos-dias-mantente-informado\/#primaryimage\"},\"thumbnailUrl\":\"https:\/\/www.nexoinformativo.mx\/wp-content\/uploads\/2025\/07\/PHOTO-2025-07-17-12-50-18-e1752804642467.jpg\",\"datePublished\":\"2025-07-17T23:00:02+00:00\",\"dateModified\":\"2025-07-18T02:11:38+00:00\",\"description\":\"Aviso Meteorol\u00f3gico lluvias y vientos para Quer\u00e9taro en los pr\u00f3ximos d\u00edas, mantente informado\",\"breadcrumb\":{\"@id\":\"https:\/\/www.nexoinformativo.mx\/index.php\/2025\/07\/17\/aviso-meteorologico-lluvias-y-vientos-para-queretaro-en-los-proximos-dias-mantente-informado\/#breadcrumb\"},\"inLanguage\":\"es\",\"potentialAction\":[{\"@type\":\"ReadAction\",\"target\":[\"https:\/\/www.nexoinformativo.mx\/index.php\/2025\/07\/17\/aviso-meteorologico-lluvias-y-vientos-para-queretaro-en-los-proximos-dias-mantente-informado\/\"]}]},{\"@type\":\"ImageObject\",\"inLanguage\":\"es\",\"@id\":\"https:\/\/www.nexoinformativo.mx\/index.php\/2025\/07\/17\/aviso-meteorologico-lluvias-y-vientos-para-queretaro-en-los-proximos-dias-mantente-informado\/#primaryimage\",\"url\":\"https:\/\/www.nexoinformativo.mx\/wp-content\/uploads\/2025\/07\/PHOTO-2025-07-17-12-50-18-e1752804642467.jpg\",\"contentUrl\":\"https:\/\/www.nexoinformativo.mx\/wp-content\/uploads\/2025\/07\/PHOTO-2025-07-17-12-50-18-e1752804642467.jpg\",\"width\":800,\"height\":492},{\"@type\":\"BreadcrumbList\",\"@id\":\"https:\/\/www.nexoinformativo.mx\/index.php\/2025\/07\/17\/aviso-meteorologico-lluvias-y-vientos-para-queretaro-en-los-proximos-dias-mantente-informado\/#breadcrumb\",\"itemListElement\":[{\"@type\":\"ListItem\",\"position\":1,\"name\":\"Inicio\",\"item\":\"https:\/\/www.nexoinformativo.mx\/\"},{\"@type\":\"ListItem\",\"position\":2,\"name\":\"Aviso Meteorol\u00f3gico lluvias y vientos para Quer\u00e9taro en los pr\u00f3ximos d\u00edas, mantente informado\"}]},{\"@type\":\"WebSite\",\"@id\":\"https:\/\/www.nexoinformativo.mx\/#website\",\"url\":\"https:\/\/www.nexoinformativo.mx\/\",\"name\":\"Nexo Informativo Santiago de Quer\u00e9taro\",\"description\":\"Explora NexoInformativo y convi\u00e9rtete en parte de una comunidad que valora el conocimiento y la verdad. Tu nexoinformativo es tu puente hacia una comprensi\u00f3n m\u00e1s profunda del mundo que te rodea.\",\"publisher\":{\"@id\":\"https:\/\/www.nexoinformativo.mx\/#organization\"},\"potentialAction\":[{\"@type\":\"SearchAction\",\"target\":{\"@type\":\"EntryPoint\",\"urlTemplate\":\"https:\/\/www.nexoinformativo.mx\/?s={search_term_string}\"},\"query-input\":{\"@type\":\"PropertyValueSpecification\",\"valueRequired\":true,\"valueName\":\"search_term_string\"}}],\"inLanguage\":\"es\"},{\"@type\":\"Organization\",\"@id\":\"https:\/\/www.nexoinformativo.mx\/#organization\",\"name\":\"Nexo Informativo Santiago de Quer\u00e9taro\",\"url\":\"https:\/\/www.nexoinformativo.mx\/\",\"logo\":{\"@type\":\"ImageObject\",\"inLanguage\":\"es\",\"@id\":\"https:\/\/www.nexoinformativo.mx\/#\/schema\/logo\/image\/\",\"url\":\"https:\/\/www.nexoinformativo.mx\/wp-content\/uploads\/2024\/07\/nexoi-trasparente-2.png\",\"contentUrl\":\"https:\/\/www.nexoinformativo.mx\/wp-content\/uploads\/2024\/07\/nexoi-trasparente-2.png\",\"width\":816,\"height\":339,\"caption\":\"Nexo Informativo Santiago de Quer\u00e9taro\"},\"image\":{\"@id\":\"https:\/\/www.nexoinformativo.mx\/#\/schema\/logo\/image\/\"},\"sameAs\":[\"https:\/\/www.facebook.com\/people\/Nexo-Informativo\/61564066885511\/\"]},{\"@type\":\"Person\",\"@id\":\"https:\/\/www.nexoinformativo.mx\/#\/schema\/person\/7749d380ba08c8ca00d7bc76fd907b7d\",\"name\":\"Nexo Informativo\",\"image\":{\"@type\":\"ImageObject\",\"inLanguage\":\"es\",\"@id\":\"https:\/\/www.nexoinformativo.mx\/#\/schema\/person\/image\/\",\"url\":\"https:\/\/secure.gravatar.com\/avatar\/dde2928154642a13d95f87ddf1ea9718fe2b46760a005c53e41ff5ad610704e6?s=96&d=mm&r=g\",\"contentUrl\":\"https:\/\/secure.gravatar.com\/avatar\/dde2928154642a13d95f87ddf1ea9718fe2b46760a005c53e41ff5ad610704e6?s=96&d=mm&r=g\",\"caption\":\"Nexo Informativo\"},\"url\":\"https:\/\/www.nexoinformativo.mx\/index.php\/author\/edicion\/\"}]}<\/script>\n<!-- \/ Yoast SEO plugin. -->","yoast_head_json":{"title":"Aviso Meteorol\u00f3gico lluvias y vientos para Quer\u00e9taro en los pr\u00f3ximos d\u00edas, mantente informado | Nexo Informativo Santiago de Quer\u00e9taro","description":"Aviso Meteorol\u00f3gico lluvias y vientos para Quer\u00e9taro en los pr\u00f3ximos d\u00edas, mantente informado","robots":{"index":"index","follow":"follow","max-snippet":"max-snippet:-1","max-image-preview":"max-image-preview:large","max-video-preview":"max-video-preview:-1"},"canonical":"https:\/\/www.nexoinformativo.mx\/index.php\/2025\/07\/17\/aviso-meteorologico-lluvias-y-vientos-para-queretaro-en-los-proximos-dias-mantente-informado\/","og_locale":"es_MX","og_type":"article","og_title":"Aviso Meteorol\u00f3gico lluvias y vientos para Quer\u00e9taro en los pr\u00f3ximos d\u00edas, mantente informado | Nexo Informativo Santiago de Quer\u00e9taro","og_description":"Aviso Meteorol\u00f3gico lluvias y vientos para Quer\u00e9taro en los pr\u00f3ximos d\u00edas, mantente informado","og_url":"https:\/\/www.nexoinformativo.mx\/index.php\/2025\/07\/17\/aviso-meteorologico-lluvias-y-vientos-para-queretaro-en-los-proximos-dias-mantente-informado\/","og_site_name":"Nexo Informativo Santiago de Quer\u00e9taro","article_publisher":"https:\/\/www.facebook.com\/people\/Nexo-Informativo\/61564066885511\/","article_published_time":"2025-07-17T23:00:02+00:00","article_modified_time":"2025-07-18T02:11:38+00:00","og_image":[{"width":800,"height":492,"url":"https:\/\/www.nexoinformativo.mx\/wp-content\/uploads\/2025\/07\/PHOTO-2025-07-17-12-50-18-e1752804642467.jpg","type":"image\/jpeg"}],"author":"Nexo Informativo","twitter_card":"summary_large_image","twitter_misc":{"Escrito por":"Nexo Informativo","Tiempo de lectura":"2 minutos"},"schema":{"@context":"https:\/\/schema.org","@graph":[{"@type":"Article","@id":"https:\/\/www.nexoinformativo.mx\/index.php\/2025\/07\/17\/aviso-meteorologico-lluvias-y-vientos-para-queretaro-en-los-proximos-dias-mantente-informado\/#article","isPartOf":{"@id":"https:\/\/www.nexoinformativo.mx\/index.php\/2025\/07\/17\/aviso-meteorologico-lluvias-y-vientos-para-queretaro-en-los-proximos-dias-mantente-informado\/"},"author":{"name":"Nexo Informativo","@id":"https:\/\/www.nexoinformativo.mx\/#\/schema\/person\/7749d380ba08c8ca00d7bc76fd907b7d"},"headline":"Aviso Meteorol\u00f3gico lluvias y vientos para Quer\u00e9taro en los pr\u00f3ximos d\u00edas, mantente informado","datePublished":"2025-07-17T23:00:02+00:00","dateModified":"2025-07-18T02:11:38+00:00","mainEntityOfPage":{"@id":"https:\/\/www.nexoinformativo.mx\/index.php\/2025\/07\/17\/aviso-meteorologico-lluvias-y-vientos-para-queretaro-en-los-proximos-dias-mantente-informado\/"},"wordCount":247,"commentCount":0,"publisher":{"@id":"https:\/\/www.nexoinformativo.mx\/#organization"},"image":{"@id":"https:\/\/www.nexoinformativo.mx\/index.php\/2025\/07\/17\/aviso-meteorologico-lluvias-y-vientos-para-queretaro-en-los-proximos-dias-mantente-informado\/#primaryimage"},"thumbnailUrl":"https:\/\/www.nexoinformativo.mx\/wp-content\/uploads\/2025\/07\/PHOTO-2025-07-17-12-50-18-e1752804642467.jpg","keywords":["AlertaClim\u00e1tica","LluviasQro","proteccioncivil","Quer\u00e9taro"],"articleSection":["Estado","\u00daltima Hora"],"inLanguage":"es","potentialAction":[{"@type":"CommentAction","name":"Comment","target":["https:\/\/www.nexoinformativo.mx\/index.php\/2025\/07\/17\/aviso-meteorologico-lluvias-y-vientos-para-queretaro-en-los-proximos-dias-mantente-informado\/#respond"]}]},{"@type":"WebPage","@id":"https:\/\/www.nexoinformativo.mx\/index.php\/2025\/07\/17\/aviso-meteorologico-lluvias-y-vientos-para-queretaro-en-los-proximos-dias-mantente-informado\/","url":"https:\/\/www.nexoinformativo.mx\/index.php\/2025\/07\/17\/aviso-meteorologico-lluvias-y-vientos-para-queretaro-en-los-proximos-dias-mantente-informado\/","name":"Aviso Meteorol\u00f3gico lluvias y vientos para Quer\u00e9taro en los pr\u00f3ximos d\u00edas, mantente informado | Nexo Informativo Santiago de Quer\u00e9taro","isPartOf":{"@id":"https:\/\/www.nexoinformativo.mx\/#website"},"primaryImageOfPage":{"@id":"https:\/\/www.nexoinformativo.mx\/index.php\/2025\/07\/17\/aviso-meteorologico-lluvias-y-vientos-para-queretaro-en-los-proximos-dias-mantente-informado\/#primaryimage"},"image":{"@id":"https:\/\/www.nexoinformativo.mx\/index.php\/2025\/07\/17\/aviso-meteorologico-lluvias-y-vientos-para-queretaro-en-los-proximos-dias-mantente-informado\/#primaryimage"},"thumbnailUrl":"https:\/\/www.nexoinformativo.mx\/wp-content\/uploads\/2025\/07\/PHOTO-2025-07-17-12-50-18-e1752804642467.jpg","datePublished":"2025-07-17T23:00:02+00:00","dateModified":"2025-07-18T02:11:38+00:00","description":"Aviso Meteorol\u00f3gico lluvias y vientos para Quer\u00e9taro en los pr\u00f3ximos d\u00edas, mantente informado","breadcrumb":{"@id":"https:\/\/www.nexoinformativo.mx\/index.php\/2025\/07\/17\/aviso-meteorologico-lluvias-y-vientos-para-queretaro-en-los-proximos-dias-mantente-informado\/#breadcrumb"},"inLanguage":"es","potentialAction":[{"@type":"ReadAction","target":["https:\/\/www.nexoinformativo.mx\/index.php\/2025\/07\/17\/aviso-meteorologico-lluvias-y-vientos-para-queretaro-en-los-proximos-dias-mantente-informado\/"]}]},{"@type":"ImageObject","inLanguage":"es","@id":"https:\/\/www.nexoinformativo.mx\/index.php\/2025\/07\/17\/aviso-meteorologico-lluvias-y-vientos-para-queretaro-en-los-proximos-dias-mantente-informado\/#primaryimage","url":"https:\/\/www.nexoinformativo.mx\/wp-content\/uploads\/2025\/07\/PHOTO-2025-07-17-12-50-18-e1752804642467.jpg","contentUrl":"https:\/\/www.nexoinformativo.mx\/wp-content\/uploads\/2025\/07\/PHOTO-2025-07-17-12-50-18-e1752804642467.jpg","width":800,"height":492},{"@type":"BreadcrumbList","@id":"https:\/\/www.nexoinformativo.mx\/index.php\/2025\/07\/17\/aviso-meteorologico-lluvias-y-vientos-para-queretaro-en-los-proximos-dias-mantente-informado\/#breadcrumb","itemListElement":[{"@type":"ListItem","position":1,"name":"Inicio","item":"https:\/\/www.nexoinformativo.mx\/"},{"@type":"ListItem","position":2,"name":"Aviso Meteorol\u00f3gico lluvias y vientos para Quer\u00e9taro en los pr\u00f3ximos d\u00edas, mantente informado"}]},{"@type":"WebSite","@id":"https:\/\/www.nexoinformativo.mx\/#website","url":"https:\/\/www.nexoinformativo.mx\/","name":"Nexo Informativo Santiago de Quer\u00e9taro","description":"Explora NexoInformativo y convi\u00e9rtete en parte de una comunidad que valora el conocimiento y la verdad. Tu nexoinformativo es tu puente hacia una comprensi\u00f3n m\u00e1s profunda del mundo que te rodea.","publisher":{"@id":"https:\/\/www.nexoinformativo.mx\/#organization"},"potentialAction":[{"@type":"SearchAction","target":{"@type":"EntryPoint","urlTemplate":"https:\/\/www.nexoinformativo.mx\/?s={search_term_string}"},"query-input":{"@type":"PropertyValueSpecification","valueRequired":true,"valueName":"search_term_string"}}],"inLanguage":"es"},{"@type":"Organization","@id":"https:\/\/www.nexoinformativo.mx\/#organization","name":"Nexo Informativo Santiago de Quer\u00e9taro","url":"https:\/\/www.nexoinformativo.mx\/","logo":{"@type":"ImageObject","inLanguage":"es","@id":"https:\/\/www.nexoinformativo.mx\/#\/schema\/logo\/image\/","url":"https:\/\/www.nexoinformativo.mx\/wp-content\/uploads\/2024\/07\/nexoi-trasparente-2.png","contentUrl":"https:\/\/www.nexoinformativo.mx\/wp-content\/uploads\/2024\/07\/nexoi-trasparente-2.png","width":816,"height":339,"caption":"Nexo Informativo Santiago de Quer\u00e9taro"},"image":{"@id":"https:\/\/www.nexoinformativo.mx\/#\/schema\/logo\/image\/"},"sameAs":["https:\/\/www.facebook.com\/people\/Nexo-Informativo\/61564066885511\/"]},{"@type":"Person","@id":"https:\/\/www.nexoinformativo.mx\/#\/schema\/person\/7749d380ba08c8ca00d7bc76fd907b7d","name":"Nexo Informativo","image":{"@type":"ImageObject","inLanguage":"es","@id":"https:\/\/www.nexoinformativo.mx\/#\/schema\/person\/image\/","url":"https:\/\/secure.gravatar.com\/avatar\/dde2928154642a13d95f87ddf1ea9718fe2b46760a005c53e41ff5ad610704e6?s=96&d=mm&r=g","contentUrl":"https:\/\/secure.gravatar.com\/avatar\/dde2928154642a13d95f87ddf1ea9718fe2b46760a005c53e41ff5ad610704e6?s=96&d=mm&r=g","caption":"Nexo Informativo"},"url":"https:\/\/www.nexoinformativo.mx\/index.php\/author\/edicion\/"}]}},"_links":{"self":[{"href":"https:\/\/www.nexoinformativo.mx\/index.php\/wp-json\/wp\/v2\/posts\/16523","targetHints":{"allow":["GET"]}}],"collection":[{"href":"https:\/\/www.nexoinformativo.mx\/index.php\/wp-json\/wp\/v2\/posts"}],"about":[{"href":"https:\/\/www.nexoinformativo.mx\/index.php\/wp-json\/wp\/v2\/types\/post"}],"author":[{"embeddable":true,"href":"https:\/\/www.nexoinformativo.mx\/index.php\/wp-json\/wp\/v2\/users\/3"}],"replies":[{"embeddable":true,"href":"https:\/\/www.nexoinformativo.mx\/index.php\/wp-json\/wp\/v2\/comments?post=16523"}],"version-history":[{"count":3,"href":"https:\/\/www.nexoinformativo.mx\/index.php\/wp-json\/wp\/v2\/posts\/16523\/revisions"}],"predecessor-version":[{"id":16527,"href":"https:\/\/www.nexoinformativo.mx\/index.php\/wp-json\/wp\/v2\/posts\/16523\/revisions\/16527"}],"wp:featuredmedia":[{"embeddable":true,"href":"https:\/\/www.nexoinformativo.mx\/index.php\/wp-json\/wp\/v2\/media\/16524"}],"wp:attachment":[{"href":"https:\/\/www.nexoinformativo.mx\/index.php\/wp-json\/wp\/v2\/media?parent=16523"}],"wp:term":[{"taxonomy":"category","embeddable":true,"href":"https:\/\/www.nexoinformativo.mx\/index.php\/wp-json\/wp\/v2\/categories?post=16523"},{"taxonomy":"post_tag","embeddable":true,"href":"https:\/\/www.nexoinformativo.mx\/index.php\/wp-json\/wp\/v2\/tags?post=16523"}],"curies":[{"name":"wp","href":"https:\/\/api.w.org\/{rel}","templated":true}]}}