{"id":16528,"date":"2025-07-17T18:00:49","date_gmt":"2025-07-18T00:00:49","guid":{"rendered":"https:\/\/www.nexoinformativo.mx\/?p=16528"},"modified":"2025-07-17T20:19:42","modified_gmt":"2025-07-18T02:19:42","slug":"alerta-en-el-sector-agricola-inundaciones-afectan-a-cientos-de-hectareas-en-queretaro-el-maiz-es-el-mas-impactado","status":"publish","type":"post","link":"https:\/\/www.nexoinformativo.mx\/index.php\/2025\/07\/17\/alerta-en-el-sector-agricola-inundaciones-afectan-a-cientos-de-hectareas-en-queretaro-el-maiz-es-el-mas-impactado\/","title":{"rendered":"Alerta en el sector agr\u00edcola inundaciones afectan a cientos de hect\u00e1reas en Quer\u00e9taro el ma\u00edz es el mas impactado"},"content":{"rendered":"<p style=\"text-align: justify;\">Las recientes y abundantes lluvias en el estado, aunque en general beneficiosas para el sector agropecuario, han provocado la inundaci\u00f3n de al menos 300 hect\u00e1reas de cultivos en diversas regiones. As\u00ed lo inform\u00f3 Rosendo Anaya , secretario de Desarrollo Agropecuario del estado, quien destac\u00f3 que, por ahora, no se han confirmado p\u00e9rdidas definitivas.<\/p>\n<p>&nbsp;<\/p>\n<p style=\"text-align: justify;\">El funcionario explic\u00f3 que se han registrado encharcamientos importantes en zonas como la Sierra, el Semidesierto y El Marqu\u00e9s. Sin embargo, ser\u00e1 en las pr\u00f3ximas semanas cuando se realice una valoraci\u00f3n formal para determinar si el exceso de humedad caus\u00f3 la p\u00e9rdida total de los cultivos.<\/p>\n<p>&nbsp;<\/p>\n<p style=\"text-align: justify;\">&#8220;Nos ha estado lloviendo en grandes cantidades, lo cual ha sido en muchos sentidos positivo para el campo. Sin embargo, ya identificamos algunas parcelas que presentan cierto nivel de inundaci\u00f3n. A\u00fan no podemos hablar de p\u00e9rdidas, ya que falta hacer una valoraci\u00f3n formal&#8221;, detall\u00f3 Anaya Aguilar.<\/p>\n<p>&nbsp;<\/p>\n<p style=\"text-align: justify;\">Entre los cultivos m\u00e1s afectados por estas inundaciones, predominan las siembras de ma\u00edz. A pesar de esto, el secretario Anaya Aguilar subray\u00f3 que todav\u00eda existe una posibilidad de recuperaci\u00f3n si las condiciones clim\u00e1ticas mejoran y se estabilizan durante el verano.<\/p>\n<p>&nbsp;<\/p>\n<p style=\"text-align: justify;\">El titular de la SEDEA adelant\u00f3 que su dependencia ya est\u00e1 trabajando en el dise\u00f1o de una estrategia de apoyo para los productores que pudieran verse afectados, en caso de que se confirmen las p\u00e9rdidas. &#8220;En caso de que se confirme que los encharcamientos representan una p\u00e9rdida real en la cosecha, estaremos listos para implementar una estrategia de respaldo. Ya estamos trabajando en ese dise\u00f1o&#8221;, afirm\u00f3.<\/p>\n<p>&nbsp;<\/p>\n<p style=\"text-align: justify;\">Respecto a los reportes de posibles da\u00f1os en el municipio de Tolim\u00e1n, el secretario indic\u00f3 que, aunque no ha tenido comunicaci\u00f3n directa con el alcalde, el monitoreo estatal contin\u00faa activo en toda la entidad.<\/p>\n<p>&nbsp;<\/p>\n<p style=\"text-align: center;\"><em><strong>\u00a1Informaci\u00f3n que transforma!<\/strong><\/em><\/p>\n","protected":false},"excerpt":{"rendered":"<p>Las recientes y abundantes lluvias en el estado, aunque en general beneficiosas para el sector agropecuario, han provocado la inundaci\u00f3n de al menos 300 hect\u00e1reas de cultivos en diversas regiones. As\u00ed lo inform\u00f3 Rosendo Anaya Aguilar, secretario de Desarrollo Agropecuario del estado, quien destac\u00f3 que, por ahora, no se han confirmado p\u00e9rdidas definitivas.<\/p>\n","protected":false},"author":3,"featured_media":16533,"comment_status":"open","ping_status":"open","sticky":false,"template":"","format":"standard","meta":{"footnotes":""},"categories":[5,42,58],"tags":[4337,4952,4563,133],"class_list":["post-16528","post","type-post","status-publish","format-standard","has-post-thumbnail","hentry","category-economia","category-estado","category-ultima-hora","tag-agriculturamx","tag-campoqueretaro","tag-lluviasqro","tag-queretaro"],"yoast_head":"<!-- This site is optimized with the Yoast SEO plugin v25.0 - https:\/\/yoast.com\/wordpress\/plugins\/seo\/ -->\n<title>Alerta en el sector agr\u00edcola inundaciones afectan a cientos de hect\u00e1reas en Quer\u00e9taro el ma\u00edz es el mas impactado | Nexo Informativo Santiago de Quer\u00e9taro<\/title>\n<meta name=\"description\" content=\"Sector agr\u00edcola inundaciones afectan a cientos de hect\u00e1reas en Quer\u00e9taro el ma\u00edz es el mas impactado\" \/>\n<meta name=\"robots\" content=\"index, follow, max-snippet:-1, max-image-preview:large, max-video-preview:-1\" \/>\n<link rel=\"canonical\" href=\"https:\/\/www.nexoinformativo.mx\/index.php\/2025\/07\/17\/alerta-en-el-sector-agricola-inundaciones-afectan-a-cientos-de-hectareas-en-queretaro-el-maiz-es-el-mas-impactado\/\" \/>\n<meta property=\"og:locale\" content=\"es_MX\" \/>\n<meta property=\"og:type\" content=\"article\" \/>\n<meta property=\"og:title\" content=\"Alerta en el sector agr\u00edcola inundaciones afectan a cientos de hect\u00e1reas en Quer\u00e9taro el ma\u00edz es el mas impactado | Nexo Informativo Santiago de Quer\u00e9taro\" \/>\n<meta property=\"og:description\" content=\"Sector agr\u00edcola inundaciones afectan a cientos de hect\u00e1reas en Quer\u00e9taro el ma\u00edz es el mas impactado\" \/>\n<meta property=\"og:url\" content=\"https:\/\/www.nexoinformativo.mx\/index.php\/2025\/07\/17\/alerta-en-el-sector-agricola-inundaciones-afectan-a-cientos-de-hectareas-en-queretaro-el-maiz-es-el-mas-impactado\/\" \/>\n<meta property=\"og:site_name\" content=\"Nexo Informativo Santiago de Quer\u00e9taro\" \/>\n<meta property=\"article:publisher\" content=\"https:\/\/www.facebook.com\/people\/Nexo-Informativo\/61564066885511\/\" \/>\n<meta property=\"article:published_time\" content=\"2025-07-18T00:00:49+00:00\" \/>\n<meta property=\"article:modified_time\" content=\"2025-07-18T02:19:42+00:00\" \/>\n<meta property=\"og:image\" content=\"https:\/\/www.nexoinformativo.mx\/wp-content\/uploads\/2025\/07\/PHOTO-2025-07-17-12-50-19-scaled-e1752805104793.jpg\" \/>\n\t<meta property=\"og:image:width\" content=\"800\" \/>\n\t<meta property=\"og:image:height\" content=\"600\" \/>\n\t<meta property=\"og:image:type\" content=\"image\/jpeg\" \/>\n<meta name=\"author\" content=\"Nexo Informativo\" \/>\n<meta name=\"twitter:card\" content=\"summary_large_image\" \/>\n<meta name=\"twitter:label1\" content=\"Escrito por\" \/>\n\t<meta name=\"twitter:data1\" content=\"Nexo Informativo\" \/>\n\t<meta name=\"twitter:label2\" content=\"Tiempo de lectura\" \/>\n\t<meta name=\"twitter:data2\" content=\"2 minutos\" \/>\n<script type=\"application\/ld+json\" class=\"yoast-schema-graph\">{\"@context\":\"https:\/\/schema.org\",\"@graph\":[{\"@type\":\"Article\",\"@id\":\"https:\/\/www.nexoinformativo.mx\/index.php\/2025\/07\/17\/alerta-en-el-sector-agricola-inundaciones-afectan-a-cientos-de-hectareas-en-queretaro-el-maiz-es-el-mas-impactado\/#article\",\"isPartOf\":{\"@id\":\"https:\/\/www.nexoinformativo.mx\/index.php\/2025\/07\/17\/alerta-en-el-sector-agricola-inundaciones-afectan-a-cientos-de-hectareas-en-queretaro-el-maiz-es-el-mas-impactado\/\"},\"author\":{\"name\":\"Nexo Informativo\",\"@id\":\"https:\/\/www.nexoinformativo.mx\/#\/schema\/person\/7749d380ba08c8ca00d7bc76fd907b7d\"},\"headline\":\"Alerta en el sector agr\u00edcola inundaciones afectan a cientos de hect\u00e1reas en Quer\u00e9taro el ma\u00edz es el mas impactado\",\"datePublished\":\"2025-07-18T00:00:49+00:00\",\"dateModified\":\"2025-07-18T02:19:42+00:00\",\"mainEntityOfPage\":{\"@id\":\"https:\/\/www.nexoinformativo.mx\/index.php\/2025\/07\/17\/alerta-en-el-sector-agricola-inundaciones-afectan-a-cientos-de-hectareas-en-queretaro-el-maiz-es-el-mas-impactado\/\"},\"wordCount\":340,\"commentCount\":0,\"publisher\":{\"@id\":\"https:\/\/www.nexoinformativo.mx\/#organization\"},\"image\":{\"@id\":\"https:\/\/www.nexoinformativo.mx\/index.php\/2025\/07\/17\/alerta-en-el-sector-agricola-inundaciones-afectan-a-cientos-de-hectareas-en-queretaro-el-maiz-es-el-mas-impactado\/#primaryimage\"},\"thumbnailUrl\":\"https:\/\/www.nexoinformativo.mx\/wp-content\/uploads\/2025\/07\/PHOTO-2025-07-17-12-50-19-scaled-e1752805104793.jpg\",\"keywords\":[\"AgriculturaMX\",\"CampoQuer\u00e9taro\",\"LluviasQro\",\"Quer\u00e9taro\"],\"articleSection\":[\"Econom\u00eda\",\"Estado\",\"\u00daltima Hora\"],\"inLanguage\":\"es\",\"potentialAction\":[{\"@type\":\"CommentAction\",\"name\":\"Comment\",\"target\":[\"https:\/\/www.nexoinformativo.mx\/index.php\/2025\/07\/17\/alerta-en-el-sector-agricola-inundaciones-afectan-a-cientos-de-hectareas-en-queretaro-el-maiz-es-el-mas-impactado\/#respond\"]}]},{\"@type\":\"WebPage\",\"@id\":\"https:\/\/www.nexoinformativo.mx\/index.php\/2025\/07\/17\/alerta-en-el-sector-agricola-inundaciones-afectan-a-cientos-de-hectareas-en-queretaro-el-maiz-es-el-mas-impactado\/\",\"url\":\"https:\/\/www.nexoinformativo.mx\/index.php\/2025\/07\/17\/alerta-en-el-sector-agricola-inundaciones-afectan-a-cientos-de-hectareas-en-queretaro-el-maiz-es-el-mas-impactado\/\",\"name\":\"Alerta en el sector agr\u00edcola inundaciones afectan a cientos de hect\u00e1reas en Quer\u00e9taro el ma\u00edz es el mas impactado | Nexo Informativo Santiago de Quer\u00e9taro\",\"isPartOf\":{\"@id\":\"https:\/\/www.nexoinformativo.mx\/#website\"},\"primaryImageOfPage\":{\"@id\":\"https:\/\/www.nexoinformativo.mx\/index.php\/2025\/07\/17\/alerta-en-el-sector-agricola-inundaciones-afectan-a-cientos-de-hectareas-en-queretaro-el-maiz-es-el-mas-impactado\/#primaryimage\"},\"image\":{\"@id\":\"https:\/\/www.nexoinformativo.mx\/index.php\/2025\/07\/17\/alerta-en-el-sector-agricola-inundaciones-afectan-a-cientos-de-hectareas-en-queretaro-el-maiz-es-el-mas-impactado\/#primaryimage\"},\"thumbnailUrl\":\"https:\/\/www.nexoinformativo.mx\/wp-content\/uploads\/2025\/07\/PHOTO-2025-07-17-12-50-19-scaled-e1752805104793.jpg\",\"datePublished\":\"2025-07-18T00:00:49+00:00\",\"dateModified\":\"2025-07-18T02:19:42+00:00\",\"description\":\"Sector agr\u00edcola inundaciones afectan a cientos de hect\u00e1reas en Quer\u00e9taro el ma\u00edz es el mas impactado\",\"breadcrumb\":{\"@id\":\"https:\/\/www.nexoinformativo.mx\/index.php\/2025\/07\/17\/alerta-en-el-sector-agricola-inundaciones-afectan-a-cientos-de-hectareas-en-queretaro-el-maiz-es-el-mas-impactado\/#breadcrumb\"},\"inLanguage\":\"es\",\"potentialAction\":[{\"@type\":\"ReadAction\",\"target\":[\"https:\/\/www.nexoinformativo.mx\/index.php\/2025\/07\/17\/alerta-en-el-sector-agricola-inundaciones-afectan-a-cientos-de-hectareas-en-queretaro-el-maiz-es-el-mas-impactado\/\"]}]},{\"@type\":\"ImageObject\",\"inLanguage\":\"es\",\"@id\":\"https:\/\/www.nexoinformativo.mx\/index.php\/2025\/07\/17\/alerta-en-el-sector-agricola-inundaciones-afectan-a-cientos-de-hectareas-en-queretaro-el-maiz-es-el-mas-impactado\/#primaryimage\",\"url\":\"https:\/\/www.nexoinformativo.mx\/wp-content\/uploads\/2025\/07\/PHOTO-2025-07-17-12-50-19-scaled-e1752805104793.jpg\",\"contentUrl\":\"https:\/\/www.nexoinformativo.mx\/wp-content\/uploads\/2025\/07\/PHOTO-2025-07-17-12-50-19-scaled-e1752805104793.jpg\",\"width\":800,\"height\":600},{\"@type\":\"BreadcrumbList\",\"@id\":\"https:\/\/www.nexoinformativo.mx\/index.php\/2025\/07\/17\/alerta-en-el-sector-agricola-inundaciones-afectan-a-cientos-de-hectareas-en-queretaro-el-maiz-es-el-mas-impactado\/#breadcrumb\",\"itemListElement\":[{\"@type\":\"ListItem\",\"position\":1,\"name\":\"Inicio\",\"item\":\"https:\/\/www.nexoinformativo.mx\/\"},{\"@type\":\"ListItem\",\"position\":2,\"name\":\"Alerta en el sector agr\u00edcola inundaciones afectan a cientos de hect\u00e1reas en Quer\u00e9taro el ma\u00edz es el mas impactado\"}]},{\"@type\":\"WebSite\",\"@id\":\"https:\/\/www.nexoinformativo.mx\/#website\",\"url\":\"https:\/\/www.nexoinformativo.mx\/\",\"name\":\"Nexo Informativo Santiago de Quer\u00e9taro\",\"description\":\"Explora NexoInformativo y convi\u00e9rtete en parte de una comunidad que valora el conocimiento y la verdad. Tu nexoinformativo es tu puente hacia una comprensi\u00f3n m\u00e1s profunda del mundo que te rodea.\",\"publisher\":{\"@id\":\"https:\/\/www.nexoinformativo.mx\/#organization\"},\"potentialAction\":[{\"@type\":\"SearchAction\",\"target\":{\"@type\":\"EntryPoint\",\"urlTemplate\":\"https:\/\/www.nexoinformativo.mx\/?s={search_term_string}\"},\"query-input\":{\"@type\":\"PropertyValueSpecification\",\"valueRequired\":true,\"valueName\":\"search_term_string\"}}],\"inLanguage\":\"es\"},{\"@type\":\"Organization\",\"@id\":\"https:\/\/www.nexoinformativo.mx\/#organization\",\"name\":\"Nexo Informativo Santiago de Quer\u00e9taro\",\"url\":\"https:\/\/www.nexoinformativo.mx\/\",\"logo\":{\"@type\":\"ImageObject\",\"inLanguage\":\"es\",\"@id\":\"https:\/\/www.nexoinformativo.mx\/#\/schema\/logo\/image\/\",\"url\":\"https:\/\/www.nexoinformativo.mx\/wp-content\/uploads\/2024\/07\/nexoi-trasparente-2.png\",\"contentUrl\":\"https:\/\/www.nexoinformativo.mx\/wp-content\/uploads\/2024\/07\/nexoi-trasparente-2.png\",\"width\":816,\"height\":339,\"caption\":\"Nexo Informativo Santiago de Quer\u00e9taro\"},\"image\":{\"@id\":\"https:\/\/www.nexoinformativo.mx\/#\/schema\/logo\/image\/\"},\"sameAs\":[\"https:\/\/www.facebook.com\/people\/Nexo-Informativo\/61564066885511\/\"]},{\"@type\":\"Person\",\"@id\":\"https:\/\/www.nexoinformativo.mx\/#\/schema\/person\/7749d380ba08c8ca00d7bc76fd907b7d\",\"name\":\"Nexo Informativo\",\"image\":{\"@type\":\"ImageObject\",\"inLanguage\":\"es\",\"@id\":\"https:\/\/www.nexoinformativo.mx\/#\/schema\/person\/image\/\",\"url\":\"https:\/\/secure.gravatar.com\/avatar\/dde2928154642a13d95f87ddf1ea9718fe2b46760a005c53e41ff5ad610704e6?s=96&d=mm&r=g\",\"contentUrl\":\"https:\/\/secure.gravatar.com\/avatar\/dde2928154642a13d95f87ddf1ea9718fe2b46760a005c53e41ff5ad610704e6?s=96&d=mm&r=g\",\"caption\":\"Nexo Informativo\"},\"url\":\"https:\/\/www.nexoinformativo.mx\/index.php\/author\/edicion\/\"}]}<\/script>\n<!-- \/ Yoast SEO plugin. -->","yoast_head_json":{"title":"Alerta en el sector agr\u00edcola inundaciones afectan a cientos de hect\u00e1reas en Quer\u00e9taro el ma\u00edz es el mas impactado | Nexo Informativo Santiago de Quer\u00e9taro","description":"Sector agr\u00edcola inundaciones afectan a cientos de hect\u00e1reas en Quer\u00e9taro el ma\u00edz es el mas impactado","robots":{"index":"index","follow":"follow","max-snippet":"max-snippet:-1","max-image-preview":"max-image-preview:large","max-video-preview":"max-video-preview:-1"},"canonical":"https:\/\/www.nexoinformativo.mx\/index.php\/2025\/07\/17\/alerta-en-el-sector-agricola-inundaciones-afectan-a-cientos-de-hectareas-en-queretaro-el-maiz-es-el-mas-impactado\/","og_locale":"es_MX","og_type":"article","og_title":"Alerta en el sector agr\u00edcola inundaciones afectan a cientos de hect\u00e1reas en Quer\u00e9taro el ma\u00edz es el mas impactado | Nexo Informativo Santiago de Quer\u00e9taro","og_description":"Sector agr\u00edcola inundaciones afectan a cientos de hect\u00e1reas en Quer\u00e9taro el ma\u00edz es el mas impactado","og_url":"https:\/\/www.nexoinformativo.mx\/index.php\/2025\/07\/17\/alerta-en-el-sector-agricola-inundaciones-afectan-a-cientos-de-hectareas-en-queretaro-el-maiz-es-el-mas-impactado\/","og_site_name":"Nexo Informativo Santiago de Quer\u00e9taro","article_publisher":"https:\/\/www.facebook.com\/people\/Nexo-Informativo\/61564066885511\/","article_published_time":"2025-07-18T00:00:49+00:00","article_modified_time":"2025-07-18T02:19:42+00:00","og_image":[{"width":800,"height":600,"url":"https:\/\/www.nexoinformativo.mx\/wp-content\/uploads\/2025\/07\/PHOTO-2025-07-17-12-50-19-scaled-e1752805104793.jpg","type":"image\/jpeg"}],"author":"Nexo Informativo","twitter_card":"summary_large_image","twitter_misc":{"Escrito por":"Nexo Informativo","Tiempo de lectura":"2 minutos"},"schema":{"@context":"https:\/\/schema.org","@graph":[{"@type":"Article","@id":"https:\/\/www.nexoinformativo.mx\/index.php\/2025\/07\/17\/alerta-en-el-sector-agricola-inundaciones-afectan-a-cientos-de-hectareas-en-queretaro-el-maiz-es-el-mas-impactado\/#article","isPartOf":{"@id":"https:\/\/www.nexoinformativo.mx\/index.php\/2025\/07\/17\/alerta-en-el-sector-agricola-inundaciones-afectan-a-cientos-de-hectareas-en-queretaro-el-maiz-es-el-mas-impactado\/"},"author":{"name":"Nexo Informativo","@id":"https:\/\/www.nexoinformativo.mx\/#\/schema\/person\/7749d380ba08c8ca00d7bc76fd907b7d"},"headline":"Alerta en el sector agr\u00edcola inundaciones afectan a cientos de hect\u00e1reas en Quer\u00e9taro el ma\u00edz es el mas impactado","datePublished":"2025-07-18T00:00:49+00:00","dateModified":"2025-07-18T02:19:42+00:00","mainEntityOfPage":{"@id":"https:\/\/www.nexoinformativo.mx\/index.php\/2025\/07\/17\/alerta-en-el-sector-agricola-inundaciones-afectan-a-cientos-de-hectareas-en-queretaro-el-maiz-es-el-mas-impactado\/"},"wordCount":340,"commentCount":0,"publisher":{"@id":"https:\/\/www.nexoinformativo.mx\/#organization"},"image":{"@id":"https:\/\/www.nexoinformativo.mx\/index.php\/2025\/07\/17\/alerta-en-el-sector-agricola-inundaciones-afectan-a-cientos-de-hectareas-en-queretaro-el-maiz-es-el-mas-impactado\/#primaryimage"},"thumbnailUrl":"https:\/\/www.nexoinformativo.mx\/wp-content\/uploads\/2025\/07\/PHOTO-2025-07-17-12-50-19-scaled-e1752805104793.jpg","keywords":["AgriculturaMX","CampoQuer\u00e9taro","LluviasQro","Quer\u00e9taro"],"articleSection":["Econom\u00eda","Estado","\u00daltima Hora"],"inLanguage":"es","potentialAction":[{"@type":"CommentAction","name":"Comment","target":["https:\/\/www.nexoinformativo.mx\/index.php\/2025\/07\/17\/alerta-en-el-sector-agricola-inundaciones-afectan-a-cientos-de-hectareas-en-queretaro-el-maiz-es-el-mas-impactado\/#respond"]}]},{"@type":"WebPage","@id":"https:\/\/www.nexoinformativo.mx\/index.php\/2025\/07\/17\/alerta-en-el-sector-agricola-inundaciones-afectan-a-cientos-de-hectareas-en-queretaro-el-maiz-es-el-mas-impactado\/","url":"https:\/\/www.nexoinformativo.mx\/index.php\/2025\/07\/17\/alerta-en-el-sector-agricola-inundaciones-afectan-a-cientos-de-hectareas-en-queretaro-el-maiz-es-el-mas-impactado\/","name":"Alerta en el sector agr\u00edcola inundaciones afectan a cientos de hect\u00e1reas en Quer\u00e9taro el ma\u00edz es el mas impactado | Nexo Informativo Santiago de Quer\u00e9taro","isPartOf":{"@id":"https:\/\/www.nexoinformativo.mx\/#website"},"primaryImageOfPage":{"@id":"https:\/\/www.nexoinformativo.mx\/index.php\/2025\/07\/17\/alerta-en-el-sector-agricola-inundaciones-afectan-a-cientos-de-hectareas-en-queretaro-el-maiz-es-el-mas-impactado\/#primaryimage"},"image":{"@id":"https:\/\/www.nexoinformativo.mx\/index.php\/2025\/07\/17\/alerta-en-el-sector-agricola-inundaciones-afectan-a-cientos-de-hectareas-en-queretaro-el-maiz-es-el-mas-impactado\/#primaryimage"},"thumbnailUrl":"https:\/\/www.nexoinformativo.mx\/wp-content\/uploads\/2025\/07\/PHOTO-2025-07-17-12-50-19-scaled-e1752805104793.jpg","datePublished":"2025-07-18T00:00:49+00:00","dateModified":"2025-07-18T02:19:42+00:00","description":"Sector agr\u00edcola inundaciones afectan a cientos de hect\u00e1reas en Quer\u00e9taro el ma\u00edz es el mas impactado","breadcrumb":{"@id":"https:\/\/www.nexoinformativo.mx\/index.php\/2025\/07\/17\/alerta-en-el-sector-agricola-inundaciones-afectan-a-cientos-de-hectareas-en-queretaro-el-maiz-es-el-mas-impactado\/#breadcrumb"},"inLanguage":"es","potentialAction":[{"@type":"ReadAction","target":["https:\/\/www.nexoinformativo.mx\/index.php\/2025\/07\/17\/alerta-en-el-sector-agricola-inundaciones-afectan-a-cientos-de-hectareas-en-queretaro-el-maiz-es-el-mas-impactado\/"]}]},{"@type":"ImageObject","inLanguage":"es","@id":"https:\/\/www.nexoinformativo.mx\/index.php\/2025\/07\/17\/alerta-en-el-sector-agricola-inundaciones-afectan-a-cientos-de-hectareas-en-queretaro-el-maiz-es-el-mas-impactado\/#primaryimage","url":"https:\/\/www.nexoinformativo.mx\/wp-content\/uploads\/2025\/07\/PHOTO-2025-07-17-12-50-19-scaled-e1752805104793.jpg","contentUrl":"https:\/\/www.nexoinformativo.mx\/wp-content\/uploads\/2025\/07\/PHOTO-2025-07-17-12-50-19-scaled-e1752805104793.jpg","width":800,"height":600},{"@type":"BreadcrumbList","@id":"https:\/\/www.nexoinformativo.mx\/index.php\/2025\/07\/17\/alerta-en-el-sector-agricola-inundaciones-afectan-a-cientos-de-hectareas-en-queretaro-el-maiz-es-el-mas-impactado\/#breadcrumb","itemListElement":[{"@type":"ListItem","position":1,"name":"Inicio","item":"https:\/\/www.nexoinformativo.mx\/"},{"@type":"ListItem","position":2,"name":"Alerta en el sector agr\u00edcola inundaciones afectan a cientos de hect\u00e1reas en Quer\u00e9taro el ma\u00edz es el mas impactado"}]},{"@type":"WebSite","@id":"https:\/\/www.nexoinformativo.mx\/#website","url":"https:\/\/www.nexoinformativo.mx\/","name":"Nexo Informativo Santiago de Quer\u00e9taro","description":"Explora NexoInformativo y convi\u00e9rtete en parte de una comunidad que valora el conocimiento y la verdad. Tu nexoinformativo es tu puente hacia una comprensi\u00f3n m\u00e1s profunda del mundo que te rodea.","publisher":{"@id":"https:\/\/www.nexoinformativo.mx\/#organization"},"potentialAction":[{"@type":"SearchAction","target":{"@type":"EntryPoint","urlTemplate":"https:\/\/www.nexoinformativo.mx\/?s={search_term_string}"},"query-input":{"@type":"PropertyValueSpecification","valueRequired":true,"valueName":"search_term_string"}}],"inLanguage":"es"},{"@type":"Organization","@id":"https:\/\/www.nexoinformativo.mx\/#organization","name":"Nexo Informativo Santiago de Quer\u00e9taro","url":"https:\/\/www.nexoinformativo.mx\/","logo":{"@type":"ImageObject","inLanguage":"es","@id":"https:\/\/www.nexoinformativo.mx\/#\/schema\/logo\/image\/","url":"https:\/\/www.nexoinformativo.mx\/wp-content\/uploads\/2024\/07\/nexoi-trasparente-2.png","contentUrl":"https:\/\/www.nexoinformativo.mx\/wp-content\/uploads\/2024\/07\/nexoi-trasparente-2.png","width":816,"height":339,"caption":"Nexo Informativo Santiago de Quer\u00e9taro"},"image":{"@id":"https:\/\/www.nexoinformativo.mx\/#\/schema\/logo\/image\/"},"sameAs":["https:\/\/www.facebook.com\/people\/Nexo-Informativo\/61564066885511\/"]},{"@type":"Person","@id":"https:\/\/www.nexoinformativo.mx\/#\/schema\/person\/7749d380ba08c8ca00d7bc76fd907b7d","name":"Nexo Informativo","image":{"@type":"ImageObject","inLanguage":"es","@id":"https:\/\/www.nexoinformativo.mx\/#\/schema\/person\/image\/","url":"https:\/\/secure.gravatar.com\/avatar\/dde2928154642a13d95f87ddf1ea9718fe2b46760a005c53e41ff5ad610704e6?s=96&d=mm&r=g","contentUrl":"https:\/\/secure.gravatar.com\/avatar\/dde2928154642a13d95f87ddf1ea9718fe2b46760a005c53e41ff5ad610704e6?s=96&d=mm&r=g","caption":"Nexo Informativo"},"url":"https:\/\/www.nexoinformativo.mx\/index.php\/author\/edicion\/"}]}},"_links":{"self":[{"href":"https:\/\/www.nexoinformativo.mx\/index.php\/wp-json\/wp\/v2\/posts\/16528","targetHints":{"allow":["GET"]}}],"collection":[{"href":"https:\/\/www.nexoinformativo.mx\/index.php\/wp-json\/wp\/v2\/posts"}],"about":[{"href":"https:\/\/www.nexoinformativo.mx\/index.php\/wp-json\/wp\/v2\/types\/post"}],"author":[{"embeddable":true,"href":"https:\/\/www.nexoinformativo.mx\/index.php\/wp-json\/wp\/v2\/users\/3"}],"replies":[{"embeddable":true,"href":"https:\/\/www.nexoinformativo.mx\/index.php\/wp-json\/wp\/v2\/comments?post=16528"}],"version-history":[{"count":6,"href":"https:\/\/www.nexoinformativo.mx\/index.php\/wp-json\/wp\/v2\/posts\/16528\/revisions"}],"predecessor-version":[{"id":16532,"href":"https:\/\/www.nexoinformativo.mx\/index.php\/wp-json\/wp\/v2\/posts\/16528\/revisions\/16532"}],"wp:featuredmedia":[{"embeddable":true,"href":"https:\/\/www.nexoinformativo.mx\/index.php\/wp-json\/wp\/v2\/media\/16533"}],"wp:attachment":[{"href":"https:\/\/www.nexoinformativo.mx\/index.php\/wp-json\/wp\/v2\/media?parent=16528"}],"wp:term":[{"taxonomy":"category","embeddable":true,"href":"https:\/\/www.nexoinformativo.mx\/index.php\/wp-json\/wp\/v2\/categories?post=16528"},{"taxonomy":"post_tag","embeddable":true,"href":"https:\/\/www.nexoinformativo.mx\/index.php\/wp-json\/wp\/v2\/tags?post=16528"}],"curies":[{"name":"wp","href":"https:\/\/api.w.org\/{rel}","templated":true}]}}