{"id":16538,"date":"2025-07-22T11:00:45","date_gmt":"2025-07-22T17:00:45","guid":{"rendered":"https:\/\/www.nexoinformativo.mx\/?p=16538"},"modified":"2025-07-22T16:00:01","modified_gmt":"2025-07-22T22:00:01","slug":"atencion-mujeres-arranca-inscripcion-a-la-pension-bienestar-para-edades-de-60-a-64-anos","status":"publish","type":"post","link":"https:\/\/www.nexoinformativo.mx\/index.php\/2025\/07\/22\/atencion-mujeres-arranca-inscripcion-a-la-pension-bienestar-para-edades-de-60-a-64-anos\/","title":{"rendered":"\u00a1Atenci\u00f3n Mujeres! Arranca inscripci\u00f3n a la Pensi\u00f3n Bienestar para edades de 60 a 64 A\u00f1os"},"content":{"rendered":"<p style=\"text-align: justify;\">La primera Presidenta de M\u00e9xico, Claudia Sheinbaum, anunci\u00f3 que del 1 al 30 de agosto dar\u00e1 inicio el proceso de inscripci\u00f3n a la Pensi\u00f3n Mujeres Bienestar para todas las mexicanas que tengan entre 60 y 64 a\u00f1os. Las beneficiarias recibir\u00e1n un apoyo bimestral de 3 mil pesos.<\/p>\n<\/p>\n<p>&nbsp;<\/p>\n<p style=\"text-align: justify;\">&#8220;Inicia el 1\u00ba de agosto la inscripci\u00f3n para las mujeres de 60 a 62 a\u00f1os, 60, 61 y 62 de la Pensi\u00f3n Mujeres Bienestar. Y para que todas las que nos escuchan que est\u00e9n en este rango de edad, que se preparen para poder hacer su inscripci\u00f3n, porque este a\u00f1o cumplimos la promesa, el compromiso, de que las mujeres de 60 a 64 van a tener la Pensi\u00f3n Mujeres Bienestar&#8221;, puntualiz\u00f3 la Presidenta.<\/p>\n<\/p>\n<p>&nbsp;<\/p>\n<p style=\"text-align: justify;\">La secretaria de Bienestar, Ariadna Montiel Reyes, detall\u00f3 que la Pensi\u00f3n Mujeres Bienestar ya beneficia a m\u00e1s de un mill\u00f3n de mujeres de 63 y 64 a\u00f1os. Ahora, con la apertura del registro para el rango de 60 a 64 a\u00f1os, el proceso se realizar\u00e1 de lunes a s\u00e1bado, de 10:00 a 16:00 horas.<\/p>\n<\/p>\n<p>&nbsp;<\/p>\n<p style=\"text-align: justify;\">Los m\u00f3dulos de registro pueden ubicarse f\u00e1cilmente en la p\u00e1gina oficial: gob.mx\/bienestar.<\/p>\n<\/p>\n<p>&nbsp;<\/p>\n<p style=\"text-align: justify;\"><strong>Para realizar el tr\u00e1mite, las interesadas deber\u00e1n presentarse con los siguientes documentos:<\/strong><\/p>\n<\/p>\n<p>&nbsp;<\/p>\n<ul style=\"text-align: justify;\">\n<li>Identificaci\u00f3n oficial vigente<\/li>\n<li>CURP<\/li>\n<li>Acta de nacimiento<\/li>\n<li>Comprobante de domicilio<\/li>\n<li>Tel\u00e9fono de contacto<\/li>\n<li>Formato Bienestar (disponible en los m\u00f3dulos o para descarga)<\/li>\n<\/ul>\n<p>&nbsp;<\/p>\n<p style=\"text-align: justify;\">En caso de no poder asistir a los m\u00f3dulos de forma presencial, se puede solicitar una visita domiciliaria a trav\u00e9s del mismo sitio web de Bienestar.<\/p>\n<\/p>\n<p>&nbsp;<\/p>\n<p style=\"text-align: justify;\">La Secretar\u00eda de las Mujeres inform\u00f3 que se han creado 607 Centros LIBRE para las Mujeres, acerc\u00e1ndose a la meta de 678 para este a\u00f1o, y han atendido a cerca de 30 mil mujeres. Esta infraestructura de apoyo complementa los programas sociales dirigidos al bienestar de las mexicanas.<\/p>\n<\/p>\n<p>&nbsp;<\/p>\n<p style=\"text-align: center;\"><em><strong>\u00a1Informaci\u00f3n que transforma!<\/strong><\/em><\/p>\n","protected":false},"excerpt":{"rendered":"<p>La primera Presidenta de M\u00e9xico, Claudia Sheinbaum, anunci\u00f3 que del 1 al 30 de agosto dar\u00e1 inicio el proceso de inscripci\u00f3n a la Pensi\u00f3n Mujeres Bienestar para todas las mexicanas que tengan entre 60 y 64 a\u00f1os. Las beneficiarias recibir\u00e1n un apoyo bimestral de 3 mil pesos.<\/p>\n","protected":false},"author":3,"featured_media":16539,"comment_status":"open","ping_status":"open","sticky":false,"template":"","format":"standard","meta":{"footnotes":""},"categories":[88,58],"tags":[4732,1161,1535,1157],"class_list":["post-16538","post","type-post","status-publish","format-standard","has-post-thumbnail","hentry","category-nacional","category-ultima-hora","tag-apoyossociales","tag-bienestarparatodos","tag-gobiernodemexico","tag-pensionmujeresbienestar"],"yoast_head":"<!-- This site is optimized with the Yoast SEO plugin v25.0 - https:\/\/yoast.com\/wordpress\/plugins\/seo\/ -->\n<title>\u00a1Atenci\u00f3n Mujeres! Arranca inscripci\u00f3n a la Pensi\u00f3n Bienestar para edades de 60 a 64 A\u00f1os | Nexo Informativo Santiago de Quer\u00e9taro<\/title>\n<meta name=\"description\" content=\"\u00a1Atenci\u00f3n Mujeres! Arranca inscripci\u00f3n a la Pensi\u00f3n Bienestar para edades de 60 a 64 A\u00f1os\" \/>\n<meta name=\"robots\" content=\"index, follow, max-snippet:-1, max-image-preview:large, max-video-preview:-1\" \/>\n<link rel=\"canonical\" href=\"https:\/\/www.nexoinformativo.mx\/index.php\/2025\/07\/22\/atencion-mujeres-arranca-inscripcion-a-la-pension-bienestar-para-edades-de-60-a-64-anos\/\" \/>\n<meta property=\"og:locale\" content=\"es_MX\" \/>\n<meta property=\"og:type\" content=\"article\" \/>\n<meta property=\"og:title\" content=\"\u00a1Atenci\u00f3n Mujeres! Arranca inscripci\u00f3n a la Pensi\u00f3n Bienestar para edades de 60 a 64 A\u00f1os | Nexo Informativo Santiago de Quer\u00e9taro\" \/>\n<meta property=\"og:description\" content=\"\u00a1Atenci\u00f3n Mujeres! Arranca inscripci\u00f3n a la Pensi\u00f3n Bienestar para edades de 60 a 64 A\u00f1os\" \/>\n<meta property=\"og:url\" content=\"https:\/\/www.nexoinformativo.mx\/index.php\/2025\/07\/22\/atencion-mujeres-arranca-inscripcion-a-la-pension-bienestar-para-edades-de-60-a-64-anos\/\" \/>\n<meta property=\"og:site_name\" content=\"Nexo Informativo Santiago de Quer\u00e9taro\" \/>\n<meta property=\"article:publisher\" content=\"https:\/\/www.facebook.com\/people\/Nexo-Informativo\/61564066885511\/\" \/>\n<meta property=\"article:published_time\" content=\"2025-07-22T17:00:45+00:00\" \/>\n<meta property=\"article:modified_time\" content=\"2025-07-22T22:00:01+00:00\" \/>\n<meta property=\"og:image\" content=\"https:\/\/www.nexoinformativo.mx\/wp-content\/uploads\/2025\/07\/IMG_5804.jpg\" \/>\n\t<meta property=\"og:image:width\" content=\"650\" \/>\n\t<meta property=\"og:image:height\" content=\"380\" \/>\n\t<meta property=\"og:image:type\" content=\"image\/jpeg\" \/>\n<meta name=\"author\" content=\"Nexo Informativo\" \/>\n<meta name=\"twitter:card\" content=\"summary_large_image\" \/>\n<meta name=\"twitter:label1\" content=\"Escrito por\" \/>\n\t<meta name=\"twitter:data1\" content=\"Nexo Informativo\" \/>\n\t<meta name=\"twitter:label2\" content=\"Tiempo de lectura\" \/>\n\t<meta name=\"twitter:data2\" content=\"2 minutos\" \/>\n<script type=\"application\/ld+json\" class=\"yoast-schema-graph\">{\"@context\":\"https:\/\/schema.org\",\"@graph\":[{\"@type\":\"Article\",\"@id\":\"https:\/\/www.nexoinformativo.mx\/index.php\/2025\/07\/22\/atencion-mujeres-arranca-inscripcion-a-la-pension-bienestar-para-edades-de-60-a-64-anos\/#article\",\"isPartOf\":{\"@id\":\"https:\/\/www.nexoinformativo.mx\/index.php\/2025\/07\/22\/atencion-mujeres-arranca-inscripcion-a-la-pension-bienestar-para-edades-de-60-a-64-anos\/\"},\"author\":{\"name\":\"Nexo Informativo\",\"@id\":\"https:\/\/www.nexoinformativo.mx\/#\/schema\/person\/7749d380ba08c8ca00d7bc76fd907b7d\"},\"headline\":\"\u00a1Atenci\u00f3n Mujeres! Arranca inscripci\u00f3n a la Pensi\u00f3n Bienestar para edades de 60 a 64 A\u00f1os\",\"datePublished\":\"2025-07-22T17:00:45+00:00\",\"dateModified\":\"2025-07-22T22:00:01+00:00\",\"mainEntityOfPage\":{\"@id\":\"https:\/\/www.nexoinformativo.mx\/index.php\/2025\/07\/22\/atencion-mujeres-arranca-inscripcion-a-la-pension-bienestar-para-edades-de-60-a-64-anos\/\"},\"wordCount\":334,\"commentCount\":0,\"publisher\":{\"@id\":\"https:\/\/www.nexoinformativo.mx\/#organization\"},\"image\":{\"@id\":\"https:\/\/www.nexoinformativo.mx\/index.php\/2025\/07\/22\/atencion-mujeres-arranca-inscripcion-a-la-pension-bienestar-para-edades-de-60-a-64-anos\/#primaryimage\"},\"thumbnailUrl\":\"https:\/\/www.nexoinformativo.mx\/wp-content\/uploads\/2025\/07\/IMG_5804.jpg\",\"keywords\":[\"ApoyosSociales\",\"BienestarParaTodos\",\"GobiernoDeM\u00e9xico\",\"Pensi\u00f3nMujeresBienestar\"],\"articleSection\":[\"Nacional\",\"\u00daltima Hora\"],\"inLanguage\":\"es\",\"potentialAction\":[{\"@type\":\"CommentAction\",\"name\":\"Comment\",\"target\":[\"https:\/\/www.nexoinformativo.mx\/index.php\/2025\/07\/22\/atencion-mujeres-arranca-inscripcion-a-la-pension-bienestar-para-edades-de-60-a-64-anos\/#respond\"]}]},{\"@type\":\"WebPage\",\"@id\":\"https:\/\/www.nexoinformativo.mx\/index.php\/2025\/07\/22\/atencion-mujeres-arranca-inscripcion-a-la-pension-bienestar-para-edades-de-60-a-64-anos\/\",\"url\":\"https:\/\/www.nexoinformativo.mx\/index.php\/2025\/07\/22\/atencion-mujeres-arranca-inscripcion-a-la-pension-bienestar-para-edades-de-60-a-64-anos\/\",\"name\":\"\u00a1Atenci\u00f3n Mujeres! Arranca inscripci\u00f3n a la Pensi\u00f3n Bienestar para edades de 60 a 64 A\u00f1os | Nexo Informativo Santiago de Quer\u00e9taro\",\"isPartOf\":{\"@id\":\"https:\/\/www.nexoinformativo.mx\/#website\"},\"primaryImageOfPage\":{\"@id\":\"https:\/\/www.nexoinformativo.mx\/index.php\/2025\/07\/22\/atencion-mujeres-arranca-inscripcion-a-la-pension-bienestar-para-edades-de-60-a-64-anos\/#primaryimage\"},\"image\":{\"@id\":\"https:\/\/www.nexoinformativo.mx\/index.php\/2025\/07\/22\/atencion-mujeres-arranca-inscripcion-a-la-pension-bienestar-para-edades-de-60-a-64-anos\/#primaryimage\"},\"thumbnailUrl\":\"https:\/\/www.nexoinformativo.mx\/wp-content\/uploads\/2025\/07\/IMG_5804.jpg\",\"datePublished\":\"2025-07-22T17:00:45+00:00\",\"dateModified\":\"2025-07-22T22:00:01+00:00\",\"description\":\"\u00a1Atenci\u00f3n Mujeres! Arranca inscripci\u00f3n a la Pensi\u00f3n Bienestar para edades de 60 a 64 A\u00f1os\",\"breadcrumb\":{\"@id\":\"https:\/\/www.nexoinformativo.mx\/index.php\/2025\/07\/22\/atencion-mujeres-arranca-inscripcion-a-la-pension-bienestar-para-edades-de-60-a-64-anos\/#breadcrumb\"},\"inLanguage\":\"es\",\"potentialAction\":[{\"@type\":\"ReadAction\",\"target\":[\"https:\/\/www.nexoinformativo.mx\/index.php\/2025\/07\/22\/atencion-mujeres-arranca-inscripcion-a-la-pension-bienestar-para-edades-de-60-a-64-anos\/\"]}]},{\"@type\":\"ImageObject\",\"inLanguage\":\"es\",\"@id\":\"https:\/\/www.nexoinformativo.mx\/index.php\/2025\/07\/22\/atencion-mujeres-arranca-inscripcion-a-la-pension-bienestar-para-edades-de-60-a-64-anos\/#primaryimage\",\"url\":\"https:\/\/www.nexoinformativo.mx\/wp-content\/uploads\/2025\/07\/IMG_5804.jpg\",\"contentUrl\":\"https:\/\/www.nexoinformativo.mx\/wp-content\/uploads\/2025\/07\/IMG_5804.jpg\",\"width\":650,\"height\":380},{\"@type\":\"BreadcrumbList\",\"@id\":\"https:\/\/www.nexoinformativo.mx\/index.php\/2025\/07\/22\/atencion-mujeres-arranca-inscripcion-a-la-pension-bienestar-para-edades-de-60-a-64-anos\/#breadcrumb\",\"itemListElement\":[{\"@type\":\"ListItem\",\"position\":1,\"name\":\"Inicio\",\"item\":\"https:\/\/www.nexoinformativo.mx\/\"},{\"@type\":\"ListItem\",\"position\":2,\"name\":\"\u00a1Atenci\u00f3n Mujeres! Arranca inscripci\u00f3n a la Pensi\u00f3n Bienestar para edades de 60 a 64 A\u00f1os\"}]},{\"@type\":\"WebSite\",\"@id\":\"https:\/\/www.nexoinformativo.mx\/#website\",\"url\":\"https:\/\/www.nexoinformativo.mx\/\",\"name\":\"Nexo Informativo Santiago de Quer\u00e9taro\",\"description\":\"Explora NexoInformativo y convi\u00e9rtete en parte de una comunidad que valora el conocimiento y la verdad. Tu nexoinformativo es tu puente hacia una comprensi\u00f3n m\u00e1s profunda del mundo que te rodea.\",\"publisher\":{\"@id\":\"https:\/\/www.nexoinformativo.mx\/#organization\"},\"potentialAction\":[{\"@type\":\"SearchAction\",\"target\":{\"@type\":\"EntryPoint\",\"urlTemplate\":\"https:\/\/www.nexoinformativo.mx\/?s={search_term_string}\"},\"query-input\":{\"@type\":\"PropertyValueSpecification\",\"valueRequired\":true,\"valueName\":\"search_term_string\"}}],\"inLanguage\":\"es\"},{\"@type\":\"Organization\",\"@id\":\"https:\/\/www.nexoinformativo.mx\/#organization\",\"name\":\"Nexo Informativo Santiago de Quer\u00e9taro\",\"url\":\"https:\/\/www.nexoinformativo.mx\/\",\"logo\":{\"@type\":\"ImageObject\",\"inLanguage\":\"es\",\"@id\":\"https:\/\/www.nexoinformativo.mx\/#\/schema\/logo\/image\/\",\"url\":\"https:\/\/www.nexoinformativo.mx\/wp-content\/uploads\/2024\/07\/nexoi-trasparente-2.png\",\"contentUrl\":\"https:\/\/www.nexoinformativo.mx\/wp-content\/uploads\/2024\/07\/nexoi-trasparente-2.png\",\"width\":816,\"height\":339,\"caption\":\"Nexo Informativo Santiago de Quer\u00e9taro\"},\"image\":{\"@id\":\"https:\/\/www.nexoinformativo.mx\/#\/schema\/logo\/image\/\"},\"sameAs\":[\"https:\/\/www.facebook.com\/people\/Nexo-Informativo\/61564066885511\/\"]},{\"@type\":\"Person\",\"@id\":\"https:\/\/www.nexoinformativo.mx\/#\/schema\/person\/7749d380ba08c8ca00d7bc76fd907b7d\",\"name\":\"Nexo Informativo\",\"image\":{\"@type\":\"ImageObject\",\"inLanguage\":\"es\",\"@id\":\"https:\/\/www.nexoinformativo.mx\/#\/schema\/person\/image\/\",\"url\":\"https:\/\/secure.gravatar.com\/avatar\/dde2928154642a13d95f87ddf1ea9718fe2b46760a005c53e41ff5ad610704e6?s=96&d=mm&r=g\",\"contentUrl\":\"https:\/\/secure.gravatar.com\/avatar\/dde2928154642a13d95f87ddf1ea9718fe2b46760a005c53e41ff5ad610704e6?s=96&d=mm&r=g\",\"caption\":\"Nexo Informativo\"},\"url\":\"https:\/\/www.nexoinformativo.mx\/index.php\/author\/edicion\/\"}]}<\/script>\n<!-- \/ Yoast SEO plugin. -->","yoast_head_json":{"title":"\u00a1Atenci\u00f3n Mujeres! Arranca inscripci\u00f3n a la Pensi\u00f3n Bienestar para edades de 60 a 64 A\u00f1os | Nexo Informativo Santiago de Quer\u00e9taro","description":"\u00a1Atenci\u00f3n Mujeres! Arranca inscripci\u00f3n a la Pensi\u00f3n Bienestar para edades de 60 a 64 A\u00f1os","robots":{"index":"index","follow":"follow","max-snippet":"max-snippet:-1","max-image-preview":"max-image-preview:large","max-video-preview":"max-video-preview:-1"},"canonical":"https:\/\/www.nexoinformativo.mx\/index.php\/2025\/07\/22\/atencion-mujeres-arranca-inscripcion-a-la-pension-bienestar-para-edades-de-60-a-64-anos\/","og_locale":"es_MX","og_type":"article","og_title":"\u00a1Atenci\u00f3n Mujeres! Arranca inscripci\u00f3n a la Pensi\u00f3n Bienestar para edades de 60 a 64 A\u00f1os | Nexo Informativo Santiago de Quer\u00e9taro","og_description":"\u00a1Atenci\u00f3n Mujeres! Arranca inscripci\u00f3n a la Pensi\u00f3n Bienestar para edades de 60 a 64 A\u00f1os","og_url":"https:\/\/www.nexoinformativo.mx\/index.php\/2025\/07\/22\/atencion-mujeres-arranca-inscripcion-a-la-pension-bienestar-para-edades-de-60-a-64-anos\/","og_site_name":"Nexo Informativo Santiago de Quer\u00e9taro","article_publisher":"https:\/\/www.facebook.com\/people\/Nexo-Informativo\/61564066885511\/","article_published_time":"2025-07-22T17:00:45+00:00","article_modified_time":"2025-07-22T22:00:01+00:00","og_image":[{"width":650,"height":380,"url":"https:\/\/www.nexoinformativo.mx\/wp-content\/uploads\/2025\/07\/IMG_5804.jpg","type":"image\/jpeg"}],"author":"Nexo Informativo","twitter_card":"summary_large_image","twitter_misc":{"Escrito por":"Nexo Informativo","Tiempo de lectura":"2 minutos"},"schema":{"@context":"https:\/\/schema.org","@graph":[{"@type":"Article","@id":"https:\/\/www.nexoinformativo.mx\/index.php\/2025\/07\/22\/atencion-mujeres-arranca-inscripcion-a-la-pension-bienestar-para-edades-de-60-a-64-anos\/#article","isPartOf":{"@id":"https:\/\/www.nexoinformativo.mx\/index.php\/2025\/07\/22\/atencion-mujeres-arranca-inscripcion-a-la-pension-bienestar-para-edades-de-60-a-64-anos\/"},"author":{"name":"Nexo Informativo","@id":"https:\/\/www.nexoinformativo.mx\/#\/schema\/person\/7749d380ba08c8ca00d7bc76fd907b7d"},"headline":"\u00a1Atenci\u00f3n Mujeres! Arranca inscripci\u00f3n a la Pensi\u00f3n Bienestar para edades de 60 a 64 A\u00f1os","datePublished":"2025-07-22T17:00:45+00:00","dateModified":"2025-07-22T22:00:01+00:00","mainEntityOfPage":{"@id":"https:\/\/www.nexoinformativo.mx\/index.php\/2025\/07\/22\/atencion-mujeres-arranca-inscripcion-a-la-pension-bienestar-para-edades-de-60-a-64-anos\/"},"wordCount":334,"commentCount":0,"publisher":{"@id":"https:\/\/www.nexoinformativo.mx\/#organization"},"image":{"@id":"https:\/\/www.nexoinformativo.mx\/index.php\/2025\/07\/22\/atencion-mujeres-arranca-inscripcion-a-la-pension-bienestar-para-edades-de-60-a-64-anos\/#primaryimage"},"thumbnailUrl":"https:\/\/www.nexoinformativo.mx\/wp-content\/uploads\/2025\/07\/IMG_5804.jpg","keywords":["ApoyosSociales","BienestarParaTodos","GobiernoDeM\u00e9xico","Pensi\u00f3nMujeresBienestar"],"articleSection":["Nacional","\u00daltima Hora"],"inLanguage":"es","potentialAction":[{"@type":"CommentAction","name":"Comment","target":["https:\/\/www.nexoinformativo.mx\/index.php\/2025\/07\/22\/atencion-mujeres-arranca-inscripcion-a-la-pension-bienestar-para-edades-de-60-a-64-anos\/#respond"]}]},{"@type":"WebPage","@id":"https:\/\/www.nexoinformativo.mx\/index.php\/2025\/07\/22\/atencion-mujeres-arranca-inscripcion-a-la-pension-bienestar-para-edades-de-60-a-64-anos\/","url":"https:\/\/www.nexoinformativo.mx\/index.php\/2025\/07\/22\/atencion-mujeres-arranca-inscripcion-a-la-pension-bienestar-para-edades-de-60-a-64-anos\/","name":"\u00a1Atenci\u00f3n Mujeres! Arranca inscripci\u00f3n a la Pensi\u00f3n Bienestar para edades de 60 a 64 A\u00f1os | Nexo Informativo Santiago de Quer\u00e9taro","isPartOf":{"@id":"https:\/\/www.nexoinformativo.mx\/#website"},"primaryImageOfPage":{"@id":"https:\/\/www.nexoinformativo.mx\/index.php\/2025\/07\/22\/atencion-mujeres-arranca-inscripcion-a-la-pension-bienestar-para-edades-de-60-a-64-anos\/#primaryimage"},"image":{"@id":"https:\/\/www.nexoinformativo.mx\/index.php\/2025\/07\/22\/atencion-mujeres-arranca-inscripcion-a-la-pension-bienestar-para-edades-de-60-a-64-anos\/#primaryimage"},"thumbnailUrl":"https:\/\/www.nexoinformativo.mx\/wp-content\/uploads\/2025\/07\/IMG_5804.jpg","datePublished":"2025-07-22T17:00:45+00:00","dateModified":"2025-07-22T22:00:01+00:00","description":"\u00a1Atenci\u00f3n Mujeres! Arranca inscripci\u00f3n a la Pensi\u00f3n Bienestar para edades de 60 a 64 A\u00f1os","breadcrumb":{"@id":"https:\/\/www.nexoinformativo.mx\/index.php\/2025\/07\/22\/atencion-mujeres-arranca-inscripcion-a-la-pension-bienestar-para-edades-de-60-a-64-anos\/#breadcrumb"},"inLanguage":"es","potentialAction":[{"@type":"ReadAction","target":["https:\/\/www.nexoinformativo.mx\/index.php\/2025\/07\/22\/atencion-mujeres-arranca-inscripcion-a-la-pension-bienestar-para-edades-de-60-a-64-anos\/"]}]},{"@type":"ImageObject","inLanguage":"es","@id":"https:\/\/www.nexoinformativo.mx\/index.php\/2025\/07\/22\/atencion-mujeres-arranca-inscripcion-a-la-pension-bienestar-para-edades-de-60-a-64-anos\/#primaryimage","url":"https:\/\/www.nexoinformativo.mx\/wp-content\/uploads\/2025\/07\/IMG_5804.jpg","contentUrl":"https:\/\/www.nexoinformativo.mx\/wp-content\/uploads\/2025\/07\/IMG_5804.jpg","width":650,"height":380},{"@type":"BreadcrumbList","@id":"https:\/\/www.nexoinformativo.mx\/index.php\/2025\/07\/22\/atencion-mujeres-arranca-inscripcion-a-la-pension-bienestar-para-edades-de-60-a-64-anos\/#breadcrumb","itemListElement":[{"@type":"ListItem","position":1,"name":"Inicio","item":"https:\/\/www.nexoinformativo.mx\/"},{"@type":"ListItem","position":2,"name":"\u00a1Atenci\u00f3n Mujeres! Arranca inscripci\u00f3n a la Pensi\u00f3n Bienestar para edades de 60 a 64 A\u00f1os"}]},{"@type":"WebSite","@id":"https:\/\/www.nexoinformativo.mx\/#website","url":"https:\/\/www.nexoinformativo.mx\/","name":"Nexo Informativo Santiago de Quer\u00e9taro","description":"Explora NexoInformativo y convi\u00e9rtete en parte de una comunidad que valora el conocimiento y la verdad. Tu nexoinformativo es tu puente hacia una comprensi\u00f3n m\u00e1s profunda del mundo que te rodea.","publisher":{"@id":"https:\/\/www.nexoinformativo.mx\/#organization"},"potentialAction":[{"@type":"SearchAction","target":{"@type":"EntryPoint","urlTemplate":"https:\/\/www.nexoinformativo.mx\/?s={search_term_string}"},"query-input":{"@type":"PropertyValueSpecification","valueRequired":true,"valueName":"search_term_string"}}],"inLanguage":"es"},{"@type":"Organization","@id":"https:\/\/www.nexoinformativo.mx\/#organization","name":"Nexo Informativo Santiago de Quer\u00e9taro","url":"https:\/\/www.nexoinformativo.mx\/","logo":{"@type":"ImageObject","inLanguage":"es","@id":"https:\/\/www.nexoinformativo.mx\/#\/schema\/logo\/image\/","url":"https:\/\/www.nexoinformativo.mx\/wp-content\/uploads\/2024\/07\/nexoi-trasparente-2.png","contentUrl":"https:\/\/www.nexoinformativo.mx\/wp-content\/uploads\/2024\/07\/nexoi-trasparente-2.png","width":816,"height":339,"caption":"Nexo Informativo Santiago de Quer\u00e9taro"},"image":{"@id":"https:\/\/www.nexoinformativo.mx\/#\/schema\/logo\/image\/"},"sameAs":["https:\/\/www.facebook.com\/people\/Nexo-Informativo\/61564066885511\/"]},{"@type":"Person","@id":"https:\/\/www.nexoinformativo.mx\/#\/schema\/person\/7749d380ba08c8ca00d7bc76fd907b7d","name":"Nexo Informativo","image":{"@type":"ImageObject","inLanguage":"es","@id":"https:\/\/www.nexoinformativo.mx\/#\/schema\/person\/image\/","url":"https:\/\/secure.gravatar.com\/avatar\/dde2928154642a13d95f87ddf1ea9718fe2b46760a005c53e41ff5ad610704e6?s=96&d=mm&r=g","contentUrl":"https:\/\/secure.gravatar.com\/avatar\/dde2928154642a13d95f87ddf1ea9718fe2b46760a005c53e41ff5ad610704e6?s=96&d=mm&r=g","caption":"Nexo Informativo"},"url":"https:\/\/www.nexoinformativo.mx\/index.php\/author\/edicion\/"}]}},"_links":{"self":[{"href":"https:\/\/www.nexoinformativo.mx\/index.php\/wp-json\/wp\/v2\/posts\/16538","targetHints":{"allow":["GET"]}}],"collection":[{"href":"https:\/\/www.nexoinformativo.mx\/index.php\/wp-json\/wp\/v2\/posts"}],"about":[{"href":"https:\/\/www.nexoinformativo.mx\/index.php\/wp-json\/wp\/v2\/types\/post"}],"author":[{"embeddable":true,"href":"https:\/\/www.nexoinformativo.mx\/index.php\/wp-json\/wp\/v2\/users\/3"}],"replies":[{"embeddable":true,"href":"https:\/\/www.nexoinformativo.mx\/index.php\/wp-json\/wp\/v2\/comments?post=16538"}],"version-history":[{"count":4,"href":"https:\/\/www.nexoinformativo.mx\/index.php\/wp-json\/wp\/v2\/posts\/16538\/revisions"}],"predecessor-version":[{"id":16542,"href":"https:\/\/www.nexoinformativo.mx\/index.php\/wp-json\/wp\/v2\/posts\/16538\/revisions\/16542"}],"wp:featuredmedia":[{"embeddable":true,"href":"https:\/\/www.nexoinformativo.mx\/index.php\/wp-json\/wp\/v2\/media\/16539"}],"wp:attachment":[{"href":"https:\/\/www.nexoinformativo.mx\/index.php\/wp-json\/wp\/v2\/media?parent=16538"}],"wp:term":[{"taxonomy":"category","embeddable":true,"href":"https:\/\/www.nexoinformativo.mx\/index.php\/wp-json\/wp\/v2\/categories?post=16538"},{"taxonomy":"post_tag","embeddable":true,"href":"https:\/\/www.nexoinformativo.mx\/index.php\/wp-json\/wp\/v2\/tags?post=16538"}],"curies":[{"name":"wp","href":"https:\/\/api.w.org\/{rel}","templated":true}]}}