{"id":16549,"date":"2025-07-22T13:00:40","date_gmt":"2025-07-22T19:00:40","guid":{"rendered":"https:\/\/www.nexoinformativo.mx\/?p=16549"},"modified":"2025-07-22T16:10:01","modified_gmt":"2025-07-22T22:10:01","slug":"mexico-mantiene-grado-de-nversion-japan-credit-rating-ratifica-calificacion-crediticia-con-perspectiva-estable","status":"publish","type":"post","link":"https:\/\/www.nexoinformativo.mx\/index.php\/2025\/07\/22\/mexico-mantiene-grado-de-nversion-japan-credit-rating-ratifica-calificacion-crediticia-con-perspectiva-estable\/","title":{"rendered":"M\u00e9xico mantiene grado de nversi\u00f3n Japan Credit Rating ratifica calificaci\u00f3n crediticia con perspectiva estable"},"content":{"rendered":"<p style=\"text-align: justify;\">La agencia Japan Credit Rating (JCR) ha reafirmado la calificaci\u00f3n de la deuda soberana de largo plazo en moneda extranjera de M\u00e9xico en \u201cA-\u201d con perspectiva estable.<\/p>\n<p>&nbsp;<\/p>\n<p style=\"text-align: justify;\">Esta calificaci\u00f3n se encuentra cuatro escalones por encima del umbral m\u00ednimo de grado de inversi\u00f3n, lo que significa que, en el corto plazo, no se esperan cambios en la evaluaci\u00f3n del pa\u00eds.<\/p>\n<p>&nbsp;<\/p>\n<p style=\"text-align: justify;\">Con este anuncio, M\u00e9xico se consolida al mantener el grado de inversi\u00f3n con las ocho agencias que eval\u00faan su deuda soberana, un voto de confianza en la solidez econ\u00f3mica del pa\u00eds.<\/p>\n<p>&nbsp;<\/p>\n<p style=\"text-align: justify;\">JCR destac\u00f3 que la econom\u00eda mexicana cuenta con una s\u00f3lida base industrial orientada a las exportaciones, impulsada por el T-MEC. Adem\u00e1s, resalt\u00f3 la pol\u00edtica macroecon\u00f3mica flexible y cre\u00edble que ha permitido al pa\u00eds mantener la estabilidad a pesar de un entorno global complejo.<\/p>\n<p>&nbsp;<\/p>\n<p style=\"text-align: justify;\">La calificadora subray\u00f3 que M\u00e9xico ha mostrado una gran resiliencia ante choques externos, con una inflaci\u00f3n controlada y un sistema bancario fuerte, bien capitalizado y con bajos niveles de morosidad.<\/p>\n<p>&nbsp;<\/p>\n<p style=\"text-align: justify;\">JCR prev\u00e9 que el crecimiento econ\u00f3mico de M\u00e9xico se mantendr\u00e1 gracias a la demanda interna y al impulso del Plan M\u00e9xico, una estrategia de industrializaci\u00f3n y relocalizaci\u00f3n que est\u00e1 atrayendo nuevas inversiones a sectores clave. La agencia tambi\u00e9n anticipa que una reducci\u00f3n en las tasas de inter\u00e9s ayudar\u00e1 a crear un ambiente favorable para la expansi\u00f3n econ\u00f3mica.<\/p>\n<p>&nbsp;<\/p>\n<p style=\"text-align: justify;\">Finalmente, la agencia destac\u00f3 la s\u00f3lida posici\u00f3n financiera externa de M\u00e9xico, con un bajo d\u00e9ficit en cuenta corriente, reservas internacionales por m\u00e1s de 242 mil millones de d\u00f3lares y una L\u00ednea de Cr\u00e9dito Flexible del FMI por 36 mil millones de d\u00f3lares. Estas fortalezas estructurales siguen respaldando la confianza de los inversionistas en el pa\u00eds.<\/p>\n<p>&nbsp;<\/p>\n<p style=\"text-align: justify;\">La Secretar\u00eda de Hacienda reitera su compromiso con la estabilidad macroecon\u00f3mica, el manejo responsable de la deuda y la consolidaci\u00f3n de un entorno propicio para el crecimiento sostenido, asegurando que M\u00e9xico mantenga su acceso a los mercados financieros en condiciones favorables.<\/p>\n<p>&nbsp;<\/p>\n<p style=\"text-align: justify;\">Puedes encontrar el documento completo de la agencia calificadora de cr\u00e9dito en el siguiente enlace: <a href=\"https:\/\/www.jcr.co.jp\/download\/38814a84f996d12896863f8ddd1fe44d281226c86714a40884\/25i0037_f.pdf\" target=\"_blank\" rel=\"noopener\">https:\/\/www.jcr.co.jp\/download\/38814a84f996d12896863f8ddd1fe44d281226c86714a40884\/25i0037_f.pdf<\/a><\/p>\n<p>&nbsp;<\/p>\n<p style=\"text-align: center;\"><em><strong>\u00a1Informaci\u00f3n que transforma!<\/strong><\/em><\/p>\n","protected":false},"excerpt":{"rendered":"<p>La agencia Japan Credit Rating (JCR) ha reafirmado la calificaci\u00f3n de la deuda soberana de largo plazo en moneda extranjera de M\u00e9xico en \u201cA-\u201d con perspectiva estable.<\/p>\n","protected":false},"author":3,"featured_media":16550,"comment_status":"open","ping_status":"open","sticky":false,"template":"","format":"standard","meta":{"footnotes":""},"categories":[5,65,58],"tags":[4954,1455,4955,3755],"class_list":["post-16549","post","type-post","status-publish","format-standard","has-post-thumbnail","hentry","category-economia","category-municipios","category-ultima-hora","tag-calificacioncrediticia","tag-economiamx","tag-estabilidadfinanciera","tag-inversionmexico"],"yoast_head":"<!-- This site is optimized with the Yoast SEO plugin v25.0 - https:\/\/yoast.com\/wordpress\/plugins\/seo\/ -->\n<title>M\u00e9xico mantiene grado de nversi\u00f3n Japan Credit Rating ratifica calificaci\u00f3n crediticia con perspectiva estable | Nexo Informativo Santiago de Quer\u00e9taro<\/title>\n<meta name=\"description\" content=\"M\u00e9xico mantiene grado de nversi\u00f3n Japan Credit Rating ratifica calificaci\u00f3n crediticia con perspectiva estable\" \/>\n<meta name=\"robots\" content=\"index, follow, max-snippet:-1, max-image-preview:large, max-video-preview:-1\" \/>\n<link rel=\"canonical\" href=\"https:\/\/www.nexoinformativo.mx\/index.php\/2025\/07\/22\/mexico-mantiene-grado-de-nversion-japan-credit-rating-ratifica-calificacion-crediticia-con-perspectiva-estable\/\" \/>\n<meta property=\"og:locale\" content=\"es_MX\" \/>\n<meta property=\"og:type\" content=\"article\" \/>\n<meta property=\"og:title\" content=\"M\u00e9xico mantiene grado de nversi\u00f3n Japan Credit Rating ratifica calificaci\u00f3n crediticia con perspectiva estable | Nexo Informativo Santiago de Quer\u00e9taro\" \/>\n<meta property=\"og:description\" content=\"M\u00e9xico mantiene grado de nversi\u00f3n Japan Credit Rating ratifica calificaci\u00f3n crediticia con perspectiva estable\" \/>\n<meta property=\"og:url\" content=\"https:\/\/www.nexoinformativo.mx\/index.php\/2025\/07\/22\/mexico-mantiene-grado-de-nversion-japan-credit-rating-ratifica-calificacion-crediticia-con-perspectiva-estable\/\" \/>\n<meta property=\"og:site_name\" content=\"Nexo Informativo Santiago de Quer\u00e9taro\" \/>\n<meta property=\"article:publisher\" content=\"https:\/\/www.facebook.com\/people\/Nexo-Informativo\/61564066885511\/\" \/>\n<meta property=\"article:published_time\" content=\"2025-07-22T19:00:40+00:00\" \/>\n<meta property=\"article:modified_time\" content=\"2025-07-22T22:10:01+00:00\" \/>\n<meta property=\"og:image\" content=\"https:\/\/www.nexoinformativo.mx\/wp-content\/uploads\/2025\/07\/IMG_5806.jpg\" \/>\n\t<meta property=\"og:image:width\" content=\"640\" \/>\n\t<meta property=\"og:image:height\" content=\"479\" \/>\n\t<meta property=\"og:image:type\" content=\"image\/jpeg\" \/>\n<meta name=\"author\" content=\"Nexo Informativo\" \/>\n<meta name=\"twitter:card\" content=\"summary_large_image\" \/>\n<meta name=\"twitter:label1\" content=\"Escrito por\" \/>\n\t<meta name=\"twitter:data1\" content=\"Nexo Informativo\" \/>\n\t<meta name=\"twitter:label2\" content=\"Tiempo de lectura\" \/>\n\t<meta name=\"twitter:data2\" content=\"2 minutos\" \/>\n<script type=\"application\/ld+json\" class=\"yoast-schema-graph\">{\"@context\":\"https:\/\/schema.org\",\"@graph\":[{\"@type\":\"Article\",\"@id\":\"https:\/\/www.nexoinformativo.mx\/index.php\/2025\/07\/22\/mexico-mantiene-grado-de-nversion-japan-credit-rating-ratifica-calificacion-crediticia-con-perspectiva-estable\/#article\",\"isPartOf\":{\"@id\":\"https:\/\/www.nexoinformativo.mx\/index.php\/2025\/07\/22\/mexico-mantiene-grado-de-nversion-japan-credit-rating-ratifica-calificacion-crediticia-con-perspectiva-estable\/\"},\"author\":{\"name\":\"Nexo Informativo\",\"@id\":\"https:\/\/www.nexoinformativo.mx\/#\/schema\/person\/7749d380ba08c8ca00d7bc76fd907b7d\"},\"headline\":\"M\u00e9xico mantiene grado de nversi\u00f3n Japan Credit Rating ratifica calificaci\u00f3n crediticia con perspectiva estable\",\"datePublished\":\"2025-07-22T19:00:40+00:00\",\"dateModified\":\"2025-07-22T22:10:01+00:00\",\"mainEntityOfPage\":{\"@id\":\"https:\/\/www.nexoinformativo.mx\/index.php\/2025\/07\/22\/mexico-mantiene-grado-de-nversion-japan-credit-rating-ratifica-calificacion-crediticia-con-perspectiva-estable\/\"},\"wordCount\":423,\"commentCount\":0,\"publisher\":{\"@id\":\"https:\/\/www.nexoinformativo.mx\/#organization\"},\"image\":{\"@id\":\"https:\/\/www.nexoinformativo.mx\/index.php\/2025\/07\/22\/mexico-mantiene-grado-de-nversion-japan-credit-rating-ratifica-calificacion-crediticia-con-perspectiva-estable\/#primaryimage\"},\"thumbnailUrl\":\"https:\/\/www.nexoinformativo.mx\/wp-content\/uploads\/2025\/07\/IMG_5806.jpg\",\"keywords\":[\"Calificaci\u00f3nCrediticia\",\"Econom\u00edaMX\",\"EstabilidadFinanciera\",\"Inversi\u00f3nM\u00e9xico\"],\"articleSection\":[\"Econom\u00eda\",\"Municipios\",\"\u00daltima Hora\"],\"inLanguage\":\"es\",\"potentialAction\":[{\"@type\":\"CommentAction\",\"name\":\"Comment\",\"target\":[\"https:\/\/www.nexoinformativo.mx\/index.php\/2025\/07\/22\/mexico-mantiene-grado-de-nversion-japan-credit-rating-ratifica-calificacion-crediticia-con-perspectiva-estable\/#respond\"]}]},{\"@type\":\"WebPage\",\"@id\":\"https:\/\/www.nexoinformativo.mx\/index.php\/2025\/07\/22\/mexico-mantiene-grado-de-nversion-japan-credit-rating-ratifica-calificacion-crediticia-con-perspectiva-estable\/\",\"url\":\"https:\/\/www.nexoinformativo.mx\/index.php\/2025\/07\/22\/mexico-mantiene-grado-de-nversion-japan-credit-rating-ratifica-calificacion-crediticia-con-perspectiva-estable\/\",\"name\":\"M\u00e9xico mantiene grado de nversi\u00f3n Japan Credit Rating ratifica calificaci\u00f3n crediticia con perspectiva estable | Nexo Informativo Santiago de Quer\u00e9taro\",\"isPartOf\":{\"@id\":\"https:\/\/www.nexoinformativo.mx\/#website\"},\"primaryImageOfPage\":{\"@id\":\"https:\/\/www.nexoinformativo.mx\/index.php\/2025\/07\/22\/mexico-mantiene-grado-de-nversion-japan-credit-rating-ratifica-calificacion-crediticia-con-perspectiva-estable\/#primaryimage\"},\"image\":{\"@id\":\"https:\/\/www.nexoinformativo.mx\/index.php\/2025\/07\/22\/mexico-mantiene-grado-de-nversion-japan-credit-rating-ratifica-calificacion-crediticia-con-perspectiva-estable\/#primaryimage\"},\"thumbnailUrl\":\"https:\/\/www.nexoinformativo.mx\/wp-content\/uploads\/2025\/07\/IMG_5806.jpg\",\"datePublished\":\"2025-07-22T19:00:40+00:00\",\"dateModified\":\"2025-07-22T22:10:01+00:00\",\"description\":\"M\u00e9xico mantiene grado de nversi\u00f3n Japan Credit Rating ratifica calificaci\u00f3n crediticia con perspectiva estable\",\"breadcrumb\":{\"@id\":\"https:\/\/www.nexoinformativo.mx\/index.php\/2025\/07\/22\/mexico-mantiene-grado-de-nversion-japan-credit-rating-ratifica-calificacion-crediticia-con-perspectiva-estable\/#breadcrumb\"},\"inLanguage\":\"es\",\"potentialAction\":[{\"@type\":\"ReadAction\",\"target\":[\"https:\/\/www.nexoinformativo.mx\/index.php\/2025\/07\/22\/mexico-mantiene-grado-de-nversion-japan-credit-rating-ratifica-calificacion-crediticia-con-perspectiva-estable\/\"]}]},{\"@type\":\"ImageObject\",\"inLanguage\":\"es\",\"@id\":\"https:\/\/www.nexoinformativo.mx\/index.php\/2025\/07\/22\/mexico-mantiene-grado-de-nversion-japan-credit-rating-ratifica-calificacion-crediticia-con-perspectiva-estable\/#primaryimage\",\"url\":\"https:\/\/www.nexoinformativo.mx\/wp-content\/uploads\/2025\/07\/IMG_5806.jpg\",\"contentUrl\":\"https:\/\/www.nexoinformativo.mx\/wp-content\/uploads\/2025\/07\/IMG_5806.jpg\",\"width\":640,\"height\":479},{\"@type\":\"BreadcrumbList\",\"@id\":\"https:\/\/www.nexoinformativo.mx\/index.php\/2025\/07\/22\/mexico-mantiene-grado-de-nversion-japan-credit-rating-ratifica-calificacion-crediticia-con-perspectiva-estable\/#breadcrumb\",\"itemListElement\":[{\"@type\":\"ListItem\",\"position\":1,\"name\":\"Inicio\",\"item\":\"https:\/\/www.nexoinformativo.mx\/\"},{\"@type\":\"ListItem\",\"position\":2,\"name\":\"M\u00e9xico mantiene grado de nversi\u00f3n Japan Credit Rating ratifica calificaci\u00f3n crediticia con perspectiva estable\"}]},{\"@type\":\"WebSite\",\"@id\":\"https:\/\/www.nexoinformativo.mx\/#website\",\"url\":\"https:\/\/www.nexoinformativo.mx\/\",\"name\":\"Nexo Informativo Santiago de Quer\u00e9taro\",\"description\":\"Explora NexoInformativo y convi\u00e9rtete en parte de una comunidad que valora el conocimiento y la verdad. Tu nexoinformativo es tu puente hacia una comprensi\u00f3n m\u00e1s profunda del mundo que te rodea.\",\"publisher\":{\"@id\":\"https:\/\/www.nexoinformativo.mx\/#organization\"},\"potentialAction\":[{\"@type\":\"SearchAction\",\"target\":{\"@type\":\"EntryPoint\",\"urlTemplate\":\"https:\/\/www.nexoinformativo.mx\/?s={search_term_string}\"},\"query-input\":{\"@type\":\"PropertyValueSpecification\",\"valueRequired\":true,\"valueName\":\"search_term_string\"}}],\"inLanguage\":\"es\"},{\"@type\":\"Organization\",\"@id\":\"https:\/\/www.nexoinformativo.mx\/#organization\",\"name\":\"Nexo Informativo Santiago de Quer\u00e9taro\",\"url\":\"https:\/\/www.nexoinformativo.mx\/\",\"logo\":{\"@type\":\"ImageObject\",\"inLanguage\":\"es\",\"@id\":\"https:\/\/www.nexoinformativo.mx\/#\/schema\/logo\/image\/\",\"url\":\"https:\/\/www.nexoinformativo.mx\/wp-content\/uploads\/2024\/07\/nexoi-trasparente-2.png\",\"contentUrl\":\"https:\/\/www.nexoinformativo.mx\/wp-content\/uploads\/2024\/07\/nexoi-trasparente-2.png\",\"width\":816,\"height\":339,\"caption\":\"Nexo Informativo Santiago de Quer\u00e9taro\"},\"image\":{\"@id\":\"https:\/\/www.nexoinformativo.mx\/#\/schema\/logo\/image\/\"},\"sameAs\":[\"https:\/\/www.facebook.com\/people\/Nexo-Informativo\/61564066885511\/\"]},{\"@type\":\"Person\",\"@id\":\"https:\/\/www.nexoinformativo.mx\/#\/schema\/person\/7749d380ba08c8ca00d7bc76fd907b7d\",\"name\":\"Nexo Informativo\",\"image\":{\"@type\":\"ImageObject\",\"inLanguage\":\"es\",\"@id\":\"https:\/\/www.nexoinformativo.mx\/#\/schema\/person\/image\/\",\"url\":\"https:\/\/secure.gravatar.com\/avatar\/dde2928154642a13d95f87ddf1ea9718fe2b46760a005c53e41ff5ad610704e6?s=96&d=mm&r=g\",\"contentUrl\":\"https:\/\/secure.gravatar.com\/avatar\/dde2928154642a13d95f87ddf1ea9718fe2b46760a005c53e41ff5ad610704e6?s=96&d=mm&r=g\",\"caption\":\"Nexo Informativo\"},\"url\":\"https:\/\/www.nexoinformativo.mx\/index.php\/author\/edicion\/\"}]}<\/script>\n<!-- \/ Yoast SEO plugin. -->","yoast_head_json":{"title":"M\u00e9xico mantiene grado de nversi\u00f3n Japan Credit Rating ratifica calificaci\u00f3n crediticia con perspectiva estable | Nexo Informativo Santiago de Quer\u00e9taro","description":"M\u00e9xico mantiene grado de nversi\u00f3n Japan Credit Rating ratifica calificaci\u00f3n crediticia con perspectiva estable","robots":{"index":"index","follow":"follow","max-snippet":"max-snippet:-1","max-image-preview":"max-image-preview:large","max-video-preview":"max-video-preview:-1"},"canonical":"https:\/\/www.nexoinformativo.mx\/index.php\/2025\/07\/22\/mexico-mantiene-grado-de-nversion-japan-credit-rating-ratifica-calificacion-crediticia-con-perspectiva-estable\/","og_locale":"es_MX","og_type":"article","og_title":"M\u00e9xico mantiene grado de nversi\u00f3n Japan Credit Rating ratifica calificaci\u00f3n crediticia con perspectiva estable | Nexo Informativo Santiago de Quer\u00e9taro","og_description":"M\u00e9xico mantiene grado de nversi\u00f3n Japan Credit Rating ratifica calificaci\u00f3n crediticia con perspectiva estable","og_url":"https:\/\/www.nexoinformativo.mx\/index.php\/2025\/07\/22\/mexico-mantiene-grado-de-nversion-japan-credit-rating-ratifica-calificacion-crediticia-con-perspectiva-estable\/","og_site_name":"Nexo Informativo Santiago de Quer\u00e9taro","article_publisher":"https:\/\/www.facebook.com\/people\/Nexo-Informativo\/61564066885511\/","article_published_time":"2025-07-22T19:00:40+00:00","article_modified_time":"2025-07-22T22:10:01+00:00","og_image":[{"width":640,"height":479,"url":"https:\/\/www.nexoinformativo.mx\/wp-content\/uploads\/2025\/07\/IMG_5806.jpg","type":"image\/jpeg"}],"author":"Nexo Informativo","twitter_card":"summary_large_image","twitter_misc":{"Escrito por":"Nexo Informativo","Tiempo de lectura":"2 minutos"},"schema":{"@context":"https:\/\/schema.org","@graph":[{"@type":"Article","@id":"https:\/\/www.nexoinformativo.mx\/index.php\/2025\/07\/22\/mexico-mantiene-grado-de-nversion-japan-credit-rating-ratifica-calificacion-crediticia-con-perspectiva-estable\/#article","isPartOf":{"@id":"https:\/\/www.nexoinformativo.mx\/index.php\/2025\/07\/22\/mexico-mantiene-grado-de-nversion-japan-credit-rating-ratifica-calificacion-crediticia-con-perspectiva-estable\/"},"author":{"name":"Nexo Informativo","@id":"https:\/\/www.nexoinformativo.mx\/#\/schema\/person\/7749d380ba08c8ca00d7bc76fd907b7d"},"headline":"M\u00e9xico mantiene grado de nversi\u00f3n Japan Credit Rating ratifica calificaci\u00f3n crediticia con perspectiva estable","datePublished":"2025-07-22T19:00:40+00:00","dateModified":"2025-07-22T22:10:01+00:00","mainEntityOfPage":{"@id":"https:\/\/www.nexoinformativo.mx\/index.php\/2025\/07\/22\/mexico-mantiene-grado-de-nversion-japan-credit-rating-ratifica-calificacion-crediticia-con-perspectiva-estable\/"},"wordCount":423,"commentCount":0,"publisher":{"@id":"https:\/\/www.nexoinformativo.mx\/#organization"},"image":{"@id":"https:\/\/www.nexoinformativo.mx\/index.php\/2025\/07\/22\/mexico-mantiene-grado-de-nversion-japan-credit-rating-ratifica-calificacion-crediticia-con-perspectiva-estable\/#primaryimage"},"thumbnailUrl":"https:\/\/www.nexoinformativo.mx\/wp-content\/uploads\/2025\/07\/IMG_5806.jpg","keywords":["Calificaci\u00f3nCrediticia","Econom\u00edaMX","EstabilidadFinanciera","Inversi\u00f3nM\u00e9xico"],"articleSection":["Econom\u00eda","Municipios","\u00daltima Hora"],"inLanguage":"es","potentialAction":[{"@type":"CommentAction","name":"Comment","target":["https:\/\/www.nexoinformativo.mx\/index.php\/2025\/07\/22\/mexico-mantiene-grado-de-nversion-japan-credit-rating-ratifica-calificacion-crediticia-con-perspectiva-estable\/#respond"]}]},{"@type":"WebPage","@id":"https:\/\/www.nexoinformativo.mx\/index.php\/2025\/07\/22\/mexico-mantiene-grado-de-nversion-japan-credit-rating-ratifica-calificacion-crediticia-con-perspectiva-estable\/","url":"https:\/\/www.nexoinformativo.mx\/index.php\/2025\/07\/22\/mexico-mantiene-grado-de-nversion-japan-credit-rating-ratifica-calificacion-crediticia-con-perspectiva-estable\/","name":"M\u00e9xico mantiene grado de nversi\u00f3n Japan Credit Rating ratifica calificaci\u00f3n crediticia con perspectiva estable | Nexo Informativo Santiago de Quer\u00e9taro","isPartOf":{"@id":"https:\/\/www.nexoinformativo.mx\/#website"},"primaryImageOfPage":{"@id":"https:\/\/www.nexoinformativo.mx\/index.php\/2025\/07\/22\/mexico-mantiene-grado-de-nversion-japan-credit-rating-ratifica-calificacion-crediticia-con-perspectiva-estable\/#primaryimage"},"image":{"@id":"https:\/\/www.nexoinformativo.mx\/index.php\/2025\/07\/22\/mexico-mantiene-grado-de-nversion-japan-credit-rating-ratifica-calificacion-crediticia-con-perspectiva-estable\/#primaryimage"},"thumbnailUrl":"https:\/\/www.nexoinformativo.mx\/wp-content\/uploads\/2025\/07\/IMG_5806.jpg","datePublished":"2025-07-22T19:00:40+00:00","dateModified":"2025-07-22T22:10:01+00:00","description":"M\u00e9xico mantiene grado de nversi\u00f3n Japan Credit Rating ratifica calificaci\u00f3n crediticia con perspectiva estable","breadcrumb":{"@id":"https:\/\/www.nexoinformativo.mx\/index.php\/2025\/07\/22\/mexico-mantiene-grado-de-nversion-japan-credit-rating-ratifica-calificacion-crediticia-con-perspectiva-estable\/#breadcrumb"},"inLanguage":"es","potentialAction":[{"@type":"ReadAction","target":["https:\/\/www.nexoinformativo.mx\/index.php\/2025\/07\/22\/mexico-mantiene-grado-de-nversion-japan-credit-rating-ratifica-calificacion-crediticia-con-perspectiva-estable\/"]}]},{"@type":"ImageObject","inLanguage":"es","@id":"https:\/\/www.nexoinformativo.mx\/index.php\/2025\/07\/22\/mexico-mantiene-grado-de-nversion-japan-credit-rating-ratifica-calificacion-crediticia-con-perspectiva-estable\/#primaryimage","url":"https:\/\/www.nexoinformativo.mx\/wp-content\/uploads\/2025\/07\/IMG_5806.jpg","contentUrl":"https:\/\/www.nexoinformativo.mx\/wp-content\/uploads\/2025\/07\/IMG_5806.jpg","width":640,"height":479},{"@type":"BreadcrumbList","@id":"https:\/\/www.nexoinformativo.mx\/index.php\/2025\/07\/22\/mexico-mantiene-grado-de-nversion-japan-credit-rating-ratifica-calificacion-crediticia-con-perspectiva-estable\/#breadcrumb","itemListElement":[{"@type":"ListItem","position":1,"name":"Inicio","item":"https:\/\/www.nexoinformativo.mx\/"},{"@type":"ListItem","position":2,"name":"M\u00e9xico mantiene grado de nversi\u00f3n Japan Credit Rating ratifica calificaci\u00f3n crediticia con perspectiva estable"}]},{"@type":"WebSite","@id":"https:\/\/www.nexoinformativo.mx\/#website","url":"https:\/\/www.nexoinformativo.mx\/","name":"Nexo Informativo Santiago de Quer\u00e9taro","description":"Explora NexoInformativo y convi\u00e9rtete en parte de una comunidad que valora el conocimiento y la verdad. Tu nexoinformativo es tu puente hacia una comprensi\u00f3n m\u00e1s profunda del mundo que te rodea.","publisher":{"@id":"https:\/\/www.nexoinformativo.mx\/#organization"},"potentialAction":[{"@type":"SearchAction","target":{"@type":"EntryPoint","urlTemplate":"https:\/\/www.nexoinformativo.mx\/?s={search_term_string}"},"query-input":{"@type":"PropertyValueSpecification","valueRequired":true,"valueName":"search_term_string"}}],"inLanguage":"es"},{"@type":"Organization","@id":"https:\/\/www.nexoinformativo.mx\/#organization","name":"Nexo Informativo Santiago de Quer\u00e9taro","url":"https:\/\/www.nexoinformativo.mx\/","logo":{"@type":"ImageObject","inLanguage":"es","@id":"https:\/\/www.nexoinformativo.mx\/#\/schema\/logo\/image\/","url":"https:\/\/www.nexoinformativo.mx\/wp-content\/uploads\/2024\/07\/nexoi-trasparente-2.png","contentUrl":"https:\/\/www.nexoinformativo.mx\/wp-content\/uploads\/2024\/07\/nexoi-trasparente-2.png","width":816,"height":339,"caption":"Nexo Informativo Santiago de Quer\u00e9taro"},"image":{"@id":"https:\/\/www.nexoinformativo.mx\/#\/schema\/logo\/image\/"},"sameAs":["https:\/\/www.facebook.com\/people\/Nexo-Informativo\/61564066885511\/"]},{"@type":"Person","@id":"https:\/\/www.nexoinformativo.mx\/#\/schema\/person\/7749d380ba08c8ca00d7bc76fd907b7d","name":"Nexo Informativo","image":{"@type":"ImageObject","inLanguage":"es","@id":"https:\/\/www.nexoinformativo.mx\/#\/schema\/person\/image\/","url":"https:\/\/secure.gravatar.com\/avatar\/dde2928154642a13d95f87ddf1ea9718fe2b46760a005c53e41ff5ad610704e6?s=96&d=mm&r=g","contentUrl":"https:\/\/secure.gravatar.com\/avatar\/dde2928154642a13d95f87ddf1ea9718fe2b46760a005c53e41ff5ad610704e6?s=96&d=mm&r=g","caption":"Nexo Informativo"},"url":"https:\/\/www.nexoinformativo.mx\/index.php\/author\/edicion\/"}]}},"_links":{"self":[{"href":"https:\/\/www.nexoinformativo.mx\/index.php\/wp-json\/wp\/v2\/posts\/16549","targetHints":{"allow":["GET"]}}],"collection":[{"href":"https:\/\/www.nexoinformativo.mx\/index.php\/wp-json\/wp\/v2\/posts"}],"about":[{"href":"https:\/\/www.nexoinformativo.mx\/index.php\/wp-json\/wp\/v2\/types\/post"}],"author":[{"embeddable":true,"href":"https:\/\/www.nexoinformativo.mx\/index.php\/wp-json\/wp\/v2\/users\/3"}],"replies":[{"embeddable":true,"href":"https:\/\/www.nexoinformativo.mx\/index.php\/wp-json\/wp\/v2\/comments?post=16549"}],"version-history":[{"count":4,"href":"https:\/\/www.nexoinformativo.mx\/index.php\/wp-json\/wp\/v2\/posts\/16549\/revisions"}],"predecessor-version":[{"id":16555,"href":"https:\/\/www.nexoinformativo.mx\/index.php\/wp-json\/wp\/v2\/posts\/16549\/revisions\/16555"}],"wp:featuredmedia":[{"embeddable":true,"href":"https:\/\/www.nexoinformativo.mx\/index.php\/wp-json\/wp\/v2\/media\/16550"}],"wp:attachment":[{"href":"https:\/\/www.nexoinformativo.mx\/index.php\/wp-json\/wp\/v2\/media?parent=16549"}],"wp:term":[{"taxonomy":"category","embeddable":true,"href":"https:\/\/www.nexoinformativo.mx\/index.php\/wp-json\/wp\/v2\/categories?post=16549"},{"taxonomy":"post_tag","embeddable":true,"href":"https:\/\/www.nexoinformativo.mx\/index.php\/wp-json\/wp\/v2\/tags?post=16549"}],"curies":[{"name":"wp","href":"https:\/\/api.w.org\/{rel}","templated":true}]}}