{"id":16566,"date":"2025-07-28T11:00:48","date_gmt":"2025-07-28T17:00:48","guid":{"rendered":"https:\/\/www.nexoinformativo.mx\/?p=16566"},"modified":"2025-07-28T14:14:04","modified_gmt":"2025-07-28T20:14:04","slug":"sep-presenta-inspira-y-aprende-para-renovar-la-educacion-digital-en-mexico","status":"publish","type":"post","link":"https:\/\/www.nexoinformativo.mx\/index.php\/2025\/07\/28\/sep-presenta-inspira-y-aprende-para-renovar-la-educacion-digital-en-mexico\/","title":{"rendered":"SEP presenta Inspira y Aprende para renovar la educaci\u00f3n digital en M\u00e9xico"},"content":{"rendered":"<p style=\"text-align: justify;\">El secretario de Educaci\u00f3n P\u00fablica, Mario Delgado, present\u00f3 la estrategia Inspira y Aprende, que renueva el ecosistema audiovisual de la SEP y fortalece la transformaci\u00f3n digital en la Nueva Escuela Mexicana (NEM), impulsada por la Presidenta Claudia Sheinbaum.<\/p>\n<p>&nbsp;<\/p>\n<p style=\"text-align: justify;\">Esta iniciativa integra recursos, tecnolog\u00eda y la participaci\u00f3n escolar para que el aprendizaje ocurra en todos los espacios, no solo en el aula. Delgado destac\u00f3 que acercar\u00e1 contenidos educativos en televisi\u00f3n, redes sociales y plataformas digitales.<\/p>\n<p>&nbsp;<\/p>\n<p style=\"text-align: justify;\">El canal Aprende+ ofrecer\u00e1 nuevas series y documentales como El cuarto de Luna y Revolucionarias, que promueven cultura, ciencia y conocimiento.<\/p>\n<p>&nbsp;<\/p>\n<p style=\"text-align: justify;\">El titular de la SEP invit\u00f3 a sintonizar Aprende+ en el canal 14.2 y seguir @<a href=\"http:\/\/prende.mx\/\" target=\"_blank\" rel=\"noopener\" data-saferedirecturl=\"https:\/\/www.google.com\/url?q=http:\/\/prende.mx&amp;source=gmail&amp;ust=1753819242849000&amp;usg=AOvVaw1lcf0fdcVU701RVypMiGXe\">prende.mx<\/a> en redes para ampliar el derecho al aprendizaje.<\/p>\n<p>&nbsp;<\/p>\n<p style=\"text-align: center;\"><em><strong>\u00a1Informaci\u00f3n que transforma!<\/strong><\/em><\/p>\n","protected":false},"excerpt":{"rendered":"<p>El secretario de Educaci\u00f3n P\u00fablica, Mario Delgado, present\u00f3 la estrategia Inspira y Aprende, que renueva el ecosistema audiovisual de la SEP y fortalece la transformaci\u00f3n digital en la Nueva Escuela Mexicana (NEM), impulsada por la Presidenta Claudia Sheinbaum.<\/p>\n","protected":false},"author":3,"featured_media":16568,"comment_status":"open","ping_status":"open","sticky":false,"template":"","format":"standard","meta":{"footnotes":""},"categories":[88,58],"tags":[4959,3534,4958,1567,538],"class_list":["post-16566","post","type-post","status-publish","format-standard","has-post-thumbnail","hentry","category-nacional","category-ultima-hora","tag-aprendemas","tag-educaciondigital","tag-inspirayaprende","tag-nuevaescuelamexicana","tag-sep"],"yoast_head":"<!-- This site is optimized with the Yoast SEO plugin v25.0 - https:\/\/yoast.com\/wordpress\/plugins\/seo\/ -->\n<title>SEP presenta Inspira y Aprende para renovar la educaci\u00f3n digital en M\u00e9xico | Nexo Informativo Santiago de Quer\u00e9taro<\/title>\n<meta name=\"description\" content=\"SEP presenta Inspira y Aprende para renovar la educaci\u00f3n digital en M\u00e9xico\" \/>\n<meta name=\"robots\" content=\"index, follow, max-snippet:-1, max-image-preview:large, max-video-preview:-1\" \/>\n<link rel=\"canonical\" href=\"https:\/\/www.nexoinformativo.mx\/index.php\/2025\/07\/28\/sep-presenta-inspira-y-aprende-para-renovar-la-educacion-digital-en-mexico\/\" \/>\n<meta property=\"og:locale\" content=\"es_MX\" \/>\n<meta property=\"og:type\" content=\"article\" \/>\n<meta property=\"og:title\" content=\"SEP presenta Inspira y Aprende para renovar la educaci\u00f3n digital en M\u00e9xico | Nexo Informativo Santiago de Quer\u00e9taro\" \/>\n<meta property=\"og:description\" content=\"SEP presenta Inspira y Aprende para renovar la educaci\u00f3n digital en M\u00e9xico\" \/>\n<meta property=\"og:url\" content=\"https:\/\/www.nexoinformativo.mx\/index.php\/2025\/07\/28\/sep-presenta-inspira-y-aprende-para-renovar-la-educacion-digital-en-mexico\/\" \/>\n<meta property=\"og:site_name\" content=\"Nexo Informativo Santiago de Quer\u00e9taro\" \/>\n<meta property=\"article:publisher\" content=\"https:\/\/www.facebook.com\/people\/Nexo-Informativo\/61564066885511\/\" \/>\n<meta property=\"article:published_time\" content=\"2025-07-28T17:00:48+00:00\" \/>\n<meta property=\"article:modified_time\" content=\"2025-07-28T20:14:04+00:00\" \/>\n<meta property=\"og:image\" content=\"https:\/\/www.nexoinformativo.mx\/wp-content\/uploads\/2025\/07\/PHOTO-2025-07-28-10-44-21.jpg\" \/>\n\t<meta property=\"og:image:width\" content=\"650\" \/>\n\t<meta property=\"og:image:height\" content=\"380\" \/>\n\t<meta property=\"og:image:type\" content=\"image\/jpeg\" \/>\n<meta name=\"author\" content=\"Nexo Informativo\" \/>\n<meta name=\"twitter:card\" content=\"summary_large_image\" \/>\n<meta name=\"twitter:label1\" content=\"Escrito por\" \/>\n\t<meta name=\"twitter:data1\" content=\"Nexo Informativo\" \/>\n\t<meta name=\"twitter:label2\" content=\"Tiempo de lectura\" \/>\n\t<meta name=\"twitter:data2\" content=\"1 minuto\" \/>\n<script type=\"application\/ld+json\" class=\"yoast-schema-graph\">{\"@context\":\"https:\/\/schema.org\",\"@graph\":[{\"@type\":\"Article\",\"@id\":\"https:\/\/www.nexoinformativo.mx\/index.php\/2025\/07\/28\/sep-presenta-inspira-y-aprende-para-renovar-la-educacion-digital-en-mexico\/#article\",\"isPartOf\":{\"@id\":\"https:\/\/www.nexoinformativo.mx\/index.php\/2025\/07\/28\/sep-presenta-inspira-y-aprende-para-renovar-la-educacion-digital-en-mexico\/\"},\"author\":{\"name\":\"Nexo Informativo\",\"@id\":\"https:\/\/www.nexoinformativo.mx\/#\/schema\/person\/7749d380ba08c8ca00d7bc76fd907b7d\"},\"headline\":\"SEP presenta Inspira y Aprende para renovar la educaci\u00f3n digital en M\u00e9xico\",\"datePublished\":\"2025-07-28T17:00:48+00:00\",\"dateModified\":\"2025-07-28T20:14:04+00:00\",\"mainEntityOfPage\":{\"@id\":\"https:\/\/www.nexoinformativo.mx\/index.php\/2025\/07\/28\/sep-presenta-inspira-y-aprende-para-renovar-la-educacion-digital-en-mexico\/\"},\"wordCount\":147,\"commentCount\":0,\"publisher\":{\"@id\":\"https:\/\/www.nexoinformativo.mx\/#organization\"},\"image\":{\"@id\":\"https:\/\/www.nexoinformativo.mx\/index.php\/2025\/07\/28\/sep-presenta-inspira-y-aprende-para-renovar-la-educacion-digital-en-mexico\/#primaryimage\"},\"thumbnailUrl\":\"https:\/\/www.nexoinformativo.mx\/wp-content\/uploads\/2025\/07\/PHOTO-2025-07-28-10-44-21.jpg\",\"keywords\":[\"AprendeM\u00e1s\",\"Educaci\u00f3nDigital\",\"InspiraYAprende\",\"NuevaEscuelaMexicana\",\"SEP\"],\"articleSection\":[\"Nacional\",\"\u00daltima Hora\"],\"inLanguage\":\"es\",\"potentialAction\":[{\"@type\":\"CommentAction\",\"name\":\"Comment\",\"target\":[\"https:\/\/www.nexoinformativo.mx\/index.php\/2025\/07\/28\/sep-presenta-inspira-y-aprende-para-renovar-la-educacion-digital-en-mexico\/#respond\"]}]},{\"@type\":\"WebPage\",\"@id\":\"https:\/\/www.nexoinformativo.mx\/index.php\/2025\/07\/28\/sep-presenta-inspira-y-aprende-para-renovar-la-educacion-digital-en-mexico\/\",\"url\":\"https:\/\/www.nexoinformativo.mx\/index.php\/2025\/07\/28\/sep-presenta-inspira-y-aprende-para-renovar-la-educacion-digital-en-mexico\/\",\"name\":\"SEP presenta Inspira y Aprende para renovar la educaci\u00f3n digital en M\u00e9xico | Nexo Informativo Santiago de Quer\u00e9taro\",\"isPartOf\":{\"@id\":\"https:\/\/www.nexoinformativo.mx\/#website\"},\"primaryImageOfPage\":{\"@id\":\"https:\/\/www.nexoinformativo.mx\/index.php\/2025\/07\/28\/sep-presenta-inspira-y-aprende-para-renovar-la-educacion-digital-en-mexico\/#primaryimage\"},\"image\":{\"@id\":\"https:\/\/www.nexoinformativo.mx\/index.php\/2025\/07\/28\/sep-presenta-inspira-y-aprende-para-renovar-la-educacion-digital-en-mexico\/#primaryimage\"},\"thumbnailUrl\":\"https:\/\/www.nexoinformativo.mx\/wp-content\/uploads\/2025\/07\/PHOTO-2025-07-28-10-44-21.jpg\",\"datePublished\":\"2025-07-28T17:00:48+00:00\",\"dateModified\":\"2025-07-28T20:14:04+00:00\",\"description\":\"SEP presenta Inspira y Aprende para renovar la educaci\u00f3n digital en M\u00e9xico\",\"breadcrumb\":{\"@id\":\"https:\/\/www.nexoinformativo.mx\/index.php\/2025\/07\/28\/sep-presenta-inspira-y-aprende-para-renovar-la-educacion-digital-en-mexico\/#breadcrumb\"},\"inLanguage\":\"es\",\"potentialAction\":[{\"@type\":\"ReadAction\",\"target\":[\"https:\/\/www.nexoinformativo.mx\/index.php\/2025\/07\/28\/sep-presenta-inspira-y-aprende-para-renovar-la-educacion-digital-en-mexico\/\"]}]},{\"@type\":\"ImageObject\",\"inLanguage\":\"es\",\"@id\":\"https:\/\/www.nexoinformativo.mx\/index.php\/2025\/07\/28\/sep-presenta-inspira-y-aprende-para-renovar-la-educacion-digital-en-mexico\/#primaryimage\",\"url\":\"https:\/\/www.nexoinformativo.mx\/wp-content\/uploads\/2025\/07\/PHOTO-2025-07-28-10-44-21.jpg\",\"contentUrl\":\"https:\/\/www.nexoinformativo.mx\/wp-content\/uploads\/2025\/07\/PHOTO-2025-07-28-10-44-21.jpg\",\"width\":650,\"height\":380},{\"@type\":\"BreadcrumbList\",\"@id\":\"https:\/\/www.nexoinformativo.mx\/index.php\/2025\/07\/28\/sep-presenta-inspira-y-aprende-para-renovar-la-educacion-digital-en-mexico\/#breadcrumb\",\"itemListElement\":[{\"@type\":\"ListItem\",\"position\":1,\"name\":\"Inicio\",\"item\":\"https:\/\/www.nexoinformativo.mx\/\"},{\"@type\":\"ListItem\",\"position\":2,\"name\":\"SEP presenta Inspira y Aprende para renovar la educaci\u00f3n digital en M\u00e9xico\"}]},{\"@type\":\"WebSite\",\"@id\":\"https:\/\/www.nexoinformativo.mx\/#website\",\"url\":\"https:\/\/www.nexoinformativo.mx\/\",\"name\":\"Nexo Informativo Santiago de Quer\u00e9taro\",\"description\":\"Explora NexoInformativo y convi\u00e9rtete en parte de una comunidad que valora el conocimiento y la verdad. Tu nexoinformativo es tu puente hacia una comprensi\u00f3n m\u00e1s profunda del mundo que te rodea.\",\"publisher\":{\"@id\":\"https:\/\/www.nexoinformativo.mx\/#organization\"},\"potentialAction\":[{\"@type\":\"SearchAction\",\"target\":{\"@type\":\"EntryPoint\",\"urlTemplate\":\"https:\/\/www.nexoinformativo.mx\/?s={search_term_string}\"},\"query-input\":{\"@type\":\"PropertyValueSpecification\",\"valueRequired\":true,\"valueName\":\"search_term_string\"}}],\"inLanguage\":\"es\"},{\"@type\":\"Organization\",\"@id\":\"https:\/\/www.nexoinformativo.mx\/#organization\",\"name\":\"Nexo Informativo Santiago de Quer\u00e9taro\",\"url\":\"https:\/\/www.nexoinformativo.mx\/\",\"logo\":{\"@type\":\"ImageObject\",\"inLanguage\":\"es\",\"@id\":\"https:\/\/www.nexoinformativo.mx\/#\/schema\/logo\/image\/\",\"url\":\"https:\/\/www.nexoinformativo.mx\/wp-content\/uploads\/2024\/07\/nexoi-trasparente-2.png\",\"contentUrl\":\"https:\/\/www.nexoinformativo.mx\/wp-content\/uploads\/2024\/07\/nexoi-trasparente-2.png\",\"width\":816,\"height\":339,\"caption\":\"Nexo Informativo Santiago de Quer\u00e9taro\"},\"image\":{\"@id\":\"https:\/\/www.nexoinformativo.mx\/#\/schema\/logo\/image\/\"},\"sameAs\":[\"https:\/\/www.facebook.com\/people\/Nexo-Informativo\/61564066885511\/\"]},{\"@type\":\"Person\",\"@id\":\"https:\/\/www.nexoinformativo.mx\/#\/schema\/person\/7749d380ba08c8ca00d7bc76fd907b7d\",\"name\":\"Nexo Informativo\",\"image\":{\"@type\":\"ImageObject\",\"inLanguage\":\"es\",\"@id\":\"https:\/\/www.nexoinformativo.mx\/#\/schema\/person\/image\/\",\"url\":\"https:\/\/secure.gravatar.com\/avatar\/dde2928154642a13d95f87ddf1ea9718fe2b46760a005c53e41ff5ad610704e6?s=96&d=mm&r=g\",\"contentUrl\":\"https:\/\/secure.gravatar.com\/avatar\/dde2928154642a13d95f87ddf1ea9718fe2b46760a005c53e41ff5ad610704e6?s=96&d=mm&r=g\",\"caption\":\"Nexo Informativo\"},\"url\":\"https:\/\/www.nexoinformativo.mx\/index.php\/author\/edicion\/\"}]}<\/script>\n<!-- \/ Yoast SEO plugin. -->","yoast_head_json":{"title":"SEP presenta Inspira y Aprende para renovar la educaci\u00f3n digital en M\u00e9xico | Nexo Informativo Santiago de Quer\u00e9taro","description":"SEP presenta Inspira y Aprende para renovar la educaci\u00f3n digital en M\u00e9xico","robots":{"index":"index","follow":"follow","max-snippet":"max-snippet:-1","max-image-preview":"max-image-preview:large","max-video-preview":"max-video-preview:-1"},"canonical":"https:\/\/www.nexoinformativo.mx\/index.php\/2025\/07\/28\/sep-presenta-inspira-y-aprende-para-renovar-la-educacion-digital-en-mexico\/","og_locale":"es_MX","og_type":"article","og_title":"SEP presenta Inspira y Aprende para renovar la educaci\u00f3n digital en M\u00e9xico | Nexo Informativo Santiago de Quer\u00e9taro","og_description":"SEP presenta Inspira y Aprende para renovar la educaci\u00f3n digital en M\u00e9xico","og_url":"https:\/\/www.nexoinformativo.mx\/index.php\/2025\/07\/28\/sep-presenta-inspira-y-aprende-para-renovar-la-educacion-digital-en-mexico\/","og_site_name":"Nexo Informativo Santiago de Quer\u00e9taro","article_publisher":"https:\/\/www.facebook.com\/people\/Nexo-Informativo\/61564066885511\/","article_published_time":"2025-07-28T17:00:48+00:00","article_modified_time":"2025-07-28T20:14:04+00:00","og_image":[{"width":650,"height":380,"url":"https:\/\/www.nexoinformativo.mx\/wp-content\/uploads\/2025\/07\/PHOTO-2025-07-28-10-44-21.jpg","type":"image\/jpeg"}],"author":"Nexo Informativo","twitter_card":"summary_large_image","twitter_misc":{"Escrito por":"Nexo Informativo","Tiempo de lectura":"1 minuto"},"schema":{"@context":"https:\/\/schema.org","@graph":[{"@type":"Article","@id":"https:\/\/www.nexoinformativo.mx\/index.php\/2025\/07\/28\/sep-presenta-inspira-y-aprende-para-renovar-la-educacion-digital-en-mexico\/#article","isPartOf":{"@id":"https:\/\/www.nexoinformativo.mx\/index.php\/2025\/07\/28\/sep-presenta-inspira-y-aprende-para-renovar-la-educacion-digital-en-mexico\/"},"author":{"name":"Nexo Informativo","@id":"https:\/\/www.nexoinformativo.mx\/#\/schema\/person\/7749d380ba08c8ca00d7bc76fd907b7d"},"headline":"SEP presenta Inspira y Aprende para renovar la educaci\u00f3n digital en M\u00e9xico","datePublished":"2025-07-28T17:00:48+00:00","dateModified":"2025-07-28T20:14:04+00:00","mainEntityOfPage":{"@id":"https:\/\/www.nexoinformativo.mx\/index.php\/2025\/07\/28\/sep-presenta-inspira-y-aprende-para-renovar-la-educacion-digital-en-mexico\/"},"wordCount":147,"commentCount":0,"publisher":{"@id":"https:\/\/www.nexoinformativo.mx\/#organization"},"image":{"@id":"https:\/\/www.nexoinformativo.mx\/index.php\/2025\/07\/28\/sep-presenta-inspira-y-aprende-para-renovar-la-educacion-digital-en-mexico\/#primaryimage"},"thumbnailUrl":"https:\/\/www.nexoinformativo.mx\/wp-content\/uploads\/2025\/07\/PHOTO-2025-07-28-10-44-21.jpg","keywords":["AprendeM\u00e1s","Educaci\u00f3nDigital","InspiraYAprende","NuevaEscuelaMexicana","SEP"],"articleSection":["Nacional","\u00daltima Hora"],"inLanguage":"es","potentialAction":[{"@type":"CommentAction","name":"Comment","target":["https:\/\/www.nexoinformativo.mx\/index.php\/2025\/07\/28\/sep-presenta-inspira-y-aprende-para-renovar-la-educacion-digital-en-mexico\/#respond"]}]},{"@type":"WebPage","@id":"https:\/\/www.nexoinformativo.mx\/index.php\/2025\/07\/28\/sep-presenta-inspira-y-aprende-para-renovar-la-educacion-digital-en-mexico\/","url":"https:\/\/www.nexoinformativo.mx\/index.php\/2025\/07\/28\/sep-presenta-inspira-y-aprende-para-renovar-la-educacion-digital-en-mexico\/","name":"SEP presenta Inspira y Aprende para renovar la educaci\u00f3n digital en M\u00e9xico | Nexo Informativo Santiago de Quer\u00e9taro","isPartOf":{"@id":"https:\/\/www.nexoinformativo.mx\/#website"},"primaryImageOfPage":{"@id":"https:\/\/www.nexoinformativo.mx\/index.php\/2025\/07\/28\/sep-presenta-inspira-y-aprende-para-renovar-la-educacion-digital-en-mexico\/#primaryimage"},"image":{"@id":"https:\/\/www.nexoinformativo.mx\/index.php\/2025\/07\/28\/sep-presenta-inspira-y-aprende-para-renovar-la-educacion-digital-en-mexico\/#primaryimage"},"thumbnailUrl":"https:\/\/www.nexoinformativo.mx\/wp-content\/uploads\/2025\/07\/PHOTO-2025-07-28-10-44-21.jpg","datePublished":"2025-07-28T17:00:48+00:00","dateModified":"2025-07-28T20:14:04+00:00","description":"SEP presenta Inspira y Aprende para renovar la educaci\u00f3n digital en M\u00e9xico","breadcrumb":{"@id":"https:\/\/www.nexoinformativo.mx\/index.php\/2025\/07\/28\/sep-presenta-inspira-y-aprende-para-renovar-la-educacion-digital-en-mexico\/#breadcrumb"},"inLanguage":"es","potentialAction":[{"@type":"ReadAction","target":["https:\/\/www.nexoinformativo.mx\/index.php\/2025\/07\/28\/sep-presenta-inspira-y-aprende-para-renovar-la-educacion-digital-en-mexico\/"]}]},{"@type":"ImageObject","inLanguage":"es","@id":"https:\/\/www.nexoinformativo.mx\/index.php\/2025\/07\/28\/sep-presenta-inspira-y-aprende-para-renovar-la-educacion-digital-en-mexico\/#primaryimage","url":"https:\/\/www.nexoinformativo.mx\/wp-content\/uploads\/2025\/07\/PHOTO-2025-07-28-10-44-21.jpg","contentUrl":"https:\/\/www.nexoinformativo.mx\/wp-content\/uploads\/2025\/07\/PHOTO-2025-07-28-10-44-21.jpg","width":650,"height":380},{"@type":"BreadcrumbList","@id":"https:\/\/www.nexoinformativo.mx\/index.php\/2025\/07\/28\/sep-presenta-inspira-y-aprende-para-renovar-la-educacion-digital-en-mexico\/#breadcrumb","itemListElement":[{"@type":"ListItem","position":1,"name":"Inicio","item":"https:\/\/www.nexoinformativo.mx\/"},{"@type":"ListItem","position":2,"name":"SEP presenta Inspira y Aprende para renovar la educaci\u00f3n digital en M\u00e9xico"}]},{"@type":"WebSite","@id":"https:\/\/www.nexoinformativo.mx\/#website","url":"https:\/\/www.nexoinformativo.mx\/","name":"Nexo Informativo Santiago de Quer\u00e9taro","description":"Explora NexoInformativo y convi\u00e9rtete en parte de una comunidad que valora el conocimiento y la verdad. Tu nexoinformativo es tu puente hacia una comprensi\u00f3n m\u00e1s profunda del mundo que te rodea.","publisher":{"@id":"https:\/\/www.nexoinformativo.mx\/#organization"},"potentialAction":[{"@type":"SearchAction","target":{"@type":"EntryPoint","urlTemplate":"https:\/\/www.nexoinformativo.mx\/?s={search_term_string}"},"query-input":{"@type":"PropertyValueSpecification","valueRequired":true,"valueName":"search_term_string"}}],"inLanguage":"es"},{"@type":"Organization","@id":"https:\/\/www.nexoinformativo.mx\/#organization","name":"Nexo Informativo Santiago de Quer\u00e9taro","url":"https:\/\/www.nexoinformativo.mx\/","logo":{"@type":"ImageObject","inLanguage":"es","@id":"https:\/\/www.nexoinformativo.mx\/#\/schema\/logo\/image\/","url":"https:\/\/www.nexoinformativo.mx\/wp-content\/uploads\/2024\/07\/nexoi-trasparente-2.png","contentUrl":"https:\/\/www.nexoinformativo.mx\/wp-content\/uploads\/2024\/07\/nexoi-trasparente-2.png","width":816,"height":339,"caption":"Nexo Informativo Santiago de Quer\u00e9taro"},"image":{"@id":"https:\/\/www.nexoinformativo.mx\/#\/schema\/logo\/image\/"},"sameAs":["https:\/\/www.facebook.com\/people\/Nexo-Informativo\/61564066885511\/"]},{"@type":"Person","@id":"https:\/\/www.nexoinformativo.mx\/#\/schema\/person\/7749d380ba08c8ca00d7bc76fd907b7d","name":"Nexo Informativo","image":{"@type":"ImageObject","inLanguage":"es","@id":"https:\/\/www.nexoinformativo.mx\/#\/schema\/person\/image\/","url":"https:\/\/secure.gravatar.com\/avatar\/dde2928154642a13d95f87ddf1ea9718fe2b46760a005c53e41ff5ad610704e6?s=96&d=mm&r=g","contentUrl":"https:\/\/secure.gravatar.com\/avatar\/dde2928154642a13d95f87ddf1ea9718fe2b46760a005c53e41ff5ad610704e6?s=96&d=mm&r=g","caption":"Nexo Informativo"},"url":"https:\/\/www.nexoinformativo.mx\/index.php\/author\/edicion\/"}]}},"_links":{"self":[{"href":"https:\/\/www.nexoinformativo.mx\/index.php\/wp-json\/wp\/v2\/posts\/16566","targetHints":{"allow":["GET"]}}],"collection":[{"href":"https:\/\/www.nexoinformativo.mx\/index.php\/wp-json\/wp\/v2\/posts"}],"about":[{"href":"https:\/\/www.nexoinformativo.mx\/index.php\/wp-json\/wp\/v2\/types\/post"}],"author":[{"embeddable":true,"href":"https:\/\/www.nexoinformativo.mx\/index.php\/wp-json\/wp\/v2\/users\/3"}],"replies":[{"embeddable":true,"href":"https:\/\/www.nexoinformativo.mx\/index.php\/wp-json\/wp\/v2\/comments?post=16566"}],"version-history":[{"count":6,"href":"https:\/\/www.nexoinformativo.mx\/index.php\/wp-json\/wp\/v2\/posts\/16566\/revisions"}],"predecessor-version":[{"id":16571,"href":"https:\/\/www.nexoinformativo.mx\/index.php\/wp-json\/wp\/v2\/posts\/16566\/revisions\/16571"}],"wp:featuredmedia":[{"embeddable":true,"href":"https:\/\/www.nexoinformativo.mx\/index.php\/wp-json\/wp\/v2\/media\/16568"}],"wp:attachment":[{"href":"https:\/\/www.nexoinformativo.mx\/index.php\/wp-json\/wp\/v2\/media?parent=16566"}],"wp:term":[{"taxonomy":"category","embeddable":true,"href":"https:\/\/www.nexoinformativo.mx\/index.php\/wp-json\/wp\/v2\/categories?post=16566"},{"taxonomy":"post_tag","embeddable":true,"href":"https:\/\/www.nexoinformativo.mx\/index.php\/wp-json\/wp\/v2\/tags?post=16566"}],"curies":[{"name":"wp","href":"https:\/\/api.w.org\/{rel}","templated":true}]}}