{"id":16574,"date":"2025-07-28T12:00:14","date_gmt":"2025-07-28T18:00:14","guid":{"rendered":"https:\/\/www.nexoinformativo.mx\/?p=16574"},"modified":"2025-07-28T14:17:34","modified_gmt":"2025-07-28T20:17:34","slug":"secretaria-de-hacienda-extiende-plazo-de-deuda-publica-en-pesos-con-nueva-operacion-de-refinanciamiento","status":"publish","type":"post","link":"https:\/\/www.nexoinformativo.mx\/index.php\/2025\/07\/28\/secretaria-de-hacienda-extiende-plazo-de-deuda-publica-en-pesos-con-nueva-operacion-de-refinanciamiento\/","title":{"rendered":"Secretar\u00eda de Hacienda extiende plazo de deuda p\u00fablica en pesos con nueva operaci\u00f3n de refinanciamiento"},"content":{"rendered":"<p style=\"text-align: justify;\">La Secretar\u00eda de Hacienda realiz\u00f3 una operaci\u00f3n de refinanciamiento que fortaleci\u00f3 el portafolio de deuda p\u00fablica en pesos, extendiendo el plazo promedio de la deuda refinanciada en 6.08 a\u00f1os.<\/p>\n<p>&nbsp;<\/p>\n<p style=\"text-align: justify;\">En esta operaci\u00f3n se recompraron 99 mil 881 millones de pesos en instrumentos como Cetes, Bonos M y Udibonos de corto plazo. Del total, 11 mil 984 millones correspondieron a vencimientos de 2025, 68 mil 648 millones a 2026 y 19 mil 249 millones a 2027.<\/p>\n<p>&nbsp;<\/p>\n<p style=\"text-align: justify;\">Posteriormente, se colocaron nuevos instrumentos con vencimientos entre 2029 y 2054, lo que promueve mayor profundidad y liquidez en el mercado local. El plazo promedio de la deuda recomprada era de 1.12 a\u00f1os, mientras que el de la nueva colocaci\u00f3n es de 7.20 a\u00f1os, mejorando el perfil de amortizaci\u00f3n.<\/p>\n<p>&nbsp;<\/p>\n<p style=\"text-align: justify;\">Esta es la sexta operaci\u00f3n de refinanciamiento que realiza la Secretar\u00eda de Hacienda en 2025, reafirmando su compromiso con un manejo eficiente y sostenible de la deuda p\u00fablica.<\/p>\n<p>&nbsp;<\/p>\n<p style=\"text-align: justify;\">Las condiciones logradas reflejan la confianza de los inversionistas en la solidez macroecon\u00f3mica del pa\u00eds y en el cumplimiento de los lineamientos aprobados por el Congreso para este a\u00f1o.<\/p>\n<p>&nbsp;<\/p>\n<p style=\"text-align: center;\"><em><strong>\u00a1Informaci\u00f3n que transforma!<\/strong><\/em><\/p>\n","protected":false},"excerpt":{"rendered":"<p>La Secretar\u00eda de Hacienda realiz\u00f3 una operaci\u00f3n de refinanciamiento que fortaleci\u00f3 el portafolio de deuda p\u00fablica en pesos, extendiendo el plazo promedio de la deuda refinanciada en 6.08 a\u00f1os.<\/p>\n","protected":false},"author":3,"featured_media":16575,"comment_status":"open","ping_status":"open","sticky":false,"template":"","format":"standard","meta":{"footnotes":""},"categories":[5,88,58],"tags":[2811,141,4443,4442,4960],"class_list":["post-16574","post","type-post","status-publish","format-standard","has-post-thumbnail","hentry","category-economia","category-nacional","category-ultima-hora","tag-deudapublica","tag-economia","tag-finanzaspublicas","tag-haciendamexico","tag-refinanciamiento"],"yoast_head":"<!-- This site is optimized with the Yoast SEO plugin v25.0 - https:\/\/yoast.com\/wordpress\/plugins\/seo\/ -->\n<title>Secretar\u00eda de Hacienda extiende plazo de deuda p\u00fablica en pesos con nueva operaci\u00f3n de refinanciamiento | Nexo Informativo Santiago de Quer\u00e9taro<\/title>\n<meta name=\"description\" content=\"Secretar\u00eda de Hacienda extiende plazo de deuda p\u00fablica en pesos con nueva operaci\u00f3n de refinanciamiento\" \/>\n<meta name=\"robots\" content=\"index, follow, max-snippet:-1, max-image-preview:large, max-video-preview:-1\" \/>\n<link rel=\"canonical\" href=\"https:\/\/www.nexoinformativo.mx\/index.php\/2025\/07\/28\/secretaria-de-hacienda-extiende-plazo-de-deuda-publica-en-pesos-con-nueva-operacion-de-refinanciamiento\/\" \/>\n<meta property=\"og:locale\" content=\"es_MX\" \/>\n<meta property=\"og:type\" content=\"article\" \/>\n<meta property=\"og:title\" content=\"Secretar\u00eda de Hacienda extiende plazo de deuda p\u00fablica en pesos con nueva operaci\u00f3n de refinanciamiento | Nexo Informativo Santiago de Quer\u00e9taro\" \/>\n<meta property=\"og:description\" content=\"Secretar\u00eda de Hacienda extiende plazo de deuda p\u00fablica en pesos con nueva operaci\u00f3n de refinanciamiento\" \/>\n<meta property=\"og:url\" content=\"https:\/\/www.nexoinformativo.mx\/index.php\/2025\/07\/28\/secretaria-de-hacienda-extiende-plazo-de-deuda-publica-en-pesos-con-nueva-operacion-de-refinanciamiento\/\" \/>\n<meta property=\"og:site_name\" content=\"Nexo Informativo Santiago de Quer\u00e9taro\" \/>\n<meta property=\"article:publisher\" content=\"https:\/\/www.facebook.com\/people\/Nexo-Informativo\/61564066885511\/\" \/>\n<meta property=\"article:published_time\" content=\"2025-07-28T18:00:14+00:00\" \/>\n<meta property=\"article:modified_time\" content=\"2025-07-28T20:17:34+00:00\" \/>\n<meta property=\"og:image\" content=\"https:\/\/www.nexoinformativo.mx\/wp-content\/uploads\/2025\/07\/f38e0e22-a6e1-40f1-b7a5-43ff40903f5c-e1753733794608.jpg\" \/>\n\t<meta property=\"og:image:width\" content=\"800\" \/>\n\t<meta property=\"og:image:height\" content=\"739\" \/>\n\t<meta property=\"og:image:type\" content=\"image\/jpeg\" \/>\n<meta name=\"author\" content=\"Nexo Informativo\" \/>\n<meta name=\"twitter:card\" content=\"summary_large_image\" \/>\n<meta name=\"twitter:label1\" content=\"Escrito por\" \/>\n\t<meta name=\"twitter:data1\" content=\"Nexo Informativo\" \/>\n\t<meta name=\"twitter:label2\" content=\"Tiempo de lectura\" \/>\n\t<meta name=\"twitter:data2\" content=\"2 minutos\" \/>\n<script type=\"application\/ld+json\" class=\"yoast-schema-graph\">{\"@context\":\"https:\/\/schema.org\",\"@graph\":[{\"@type\":\"Article\",\"@id\":\"https:\/\/www.nexoinformativo.mx\/index.php\/2025\/07\/28\/secretaria-de-hacienda-extiende-plazo-de-deuda-publica-en-pesos-con-nueva-operacion-de-refinanciamiento\/#article\",\"isPartOf\":{\"@id\":\"https:\/\/www.nexoinformativo.mx\/index.php\/2025\/07\/28\/secretaria-de-hacienda-extiende-plazo-de-deuda-publica-en-pesos-con-nueva-operacion-de-refinanciamiento\/\"},\"author\":{\"name\":\"Nexo Informativo\",\"@id\":\"https:\/\/www.nexoinformativo.mx\/#\/schema\/person\/7749d380ba08c8ca00d7bc76fd907b7d\"},\"headline\":\"Secretar\u00eda de Hacienda extiende plazo de deuda p\u00fablica en pesos con nueva operaci\u00f3n de refinanciamiento\",\"datePublished\":\"2025-07-28T18:00:14+00:00\",\"dateModified\":\"2025-07-28T20:17:34+00:00\",\"mainEntityOfPage\":{\"@id\":\"https:\/\/www.nexoinformativo.mx\/index.php\/2025\/07\/28\/secretaria-de-hacienda-extiende-plazo-de-deuda-publica-en-pesos-con-nueva-operacion-de-refinanciamiento\/\"},\"wordCount\":206,\"commentCount\":0,\"publisher\":{\"@id\":\"https:\/\/www.nexoinformativo.mx\/#organization\"},\"image\":{\"@id\":\"https:\/\/www.nexoinformativo.mx\/index.php\/2025\/07\/28\/secretaria-de-hacienda-extiende-plazo-de-deuda-publica-en-pesos-con-nueva-operacion-de-refinanciamiento\/#primaryimage\"},\"thumbnailUrl\":\"https:\/\/www.nexoinformativo.mx\/wp-content\/uploads\/2025\/07\/f38e0e22-a6e1-40f1-b7a5-43ff40903f5c-e1753733794608.jpg\",\"keywords\":[\"DeudaP\u00fablica\",\"Economia\",\"FinanzasP\u00fablicas\",\"HaciendaM\u00e9xico\",\"Refinanciamiento\"],\"articleSection\":[\"Econom\u00eda\",\"Nacional\",\"\u00daltima Hora\"],\"inLanguage\":\"es\",\"potentialAction\":[{\"@type\":\"CommentAction\",\"name\":\"Comment\",\"target\":[\"https:\/\/www.nexoinformativo.mx\/index.php\/2025\/07\/28\/secretaria-de-hacienda-extiende-plazo-de-deuda-publica-en-pesos-con-nueva-operacion-de-refinanciamiento\/#respond\"]}]},{\"@type\":\"WebPage\",\"@id\":\"https:\/\/www.nexoinformativo.mx\/index.php\/2025\/07\/28\/secretaria-de-hacienda-extiende-plazo-de-deuda-publica-en-pesos-con-nueva-operacion-de-refinanciamiento\/\",\"url\":\"https:\/\/www.nexoinformativo.mx\/index.php\/2025\/07\/28\/secretaria-de-hacienda-extiende-plazo-de-deuda-publica-en-pesos-con-nueva-operacion-de-refinanciamiento\/\",\"name\":\"Secretar\u00eda de Hacienda extiende plazo de deuda p\u00fablica en pesos con nueva operaci\u00f3n de refinanciamiento | Nexo Informativo Santiago de Quer\u00e9taro\",\"isPartOf\":{\"@id\":\"https:\/\/www.nexoinformativo.mx\/#website\"},\"primaryImageOfPage\":{\"@id\":\"https:\/\/www.nexoinformativo.mx\/index.php\/2025\/07\/28\/secretaria-de-hacienda-extiende-plazo-de-deuda-publica-en-pesos-con-nueva-operacion-de-refinanciamiento\/#primaryimage\"},\"image\":{\"@id\":\"https:\/\/www.nexoinformativo.mx\/index.php\/2025\/07\/28\/secretaria-de-hacienda-extiende-plazo-de-deuda-publica-en-pesos-con-nueva-operacion-de-refinanciamiento\/#primaryimage\"},\"thumbnailUrl\":\"https:\/\/www.nexoinformativo.mx\/wp-content\/uploads\/2025\/07\/f38e0e22-a6e1-40f1-b7a5-43ff40903f5c-e1753733794608.jpg\",\"datePublished\":\"2025-07-28T18:00:14+00:00\",\"dateModified\":\"2025-07-28T20:17:34+00:00\",\"description\":\"Secretar\u00eda de Hacienda extiende plazo de deuda p\u00fablica en pesos con nueva operaci\u00f3n de refinanciamiento\",\"breadcrumb\":{\"@id\":\"https:\/\/www.nexoinformativo.mx\/index.php\/2025\/07\/28\/secretaria-de-hacienda-extiende-plazo-de-deuda-publica-en-pesos-con-nueva-operacion-de-refinanciamiento\/#breadcrumb\"},\"inLanguage\":\"es\",\"potentialAction\":[{\"@type\":\"ReadAction\",\"target\":[\"https:\/\/www.nexoinformativo.mx\/index.php\/2025\/07\/28\/secretaria-de-hacienda-extiende-plazo-de-deuda-publica-en-pesos-con-nueva-operacion-de-refinanciamiento\/\"]}]},{\"@type\":\"ImageObject\",\"inLanguage\":\"es\",\"@id\":\"https:\/\/www.nexoinformativo.mx\/index.php\/2025\/07\/28\/secretaria-de-hacienda-extiende-plazo-de-deuda-publica-en-pesos-con-nueva-operacion-de-refinanciamiento\/#primaryimage\",\"url\":\"https:\/\/www.nexoinformativo.mx\/wp-content\/uploads\/2025\/07\/f38e0e22-a6e1-40f1-b7a5-43ff40903f5c-e1753733794608.jpg\",\"contentUrl\":\"https:\/\/www.nexoinformativo.mx\/wp-content\/uploads\/2025\/07\/f38e0e22-a6e1-40f1-b7a5-43ff40903f5c-e1753733794608.jpg\",\"width\":800,\"height\":739},{\"@type\":\"BreadcrumbList\",\"@id\":\"https:\/\/www.nexoinformativo.mx\/index.php\/2025\/07\/28\/secretaria-de-hacienda-extiende-plazo-de-deuda-publica-en-pesos-con-nueva-operacion-de-refinanciamiento\/#breadcrumb\",\"itemListElement\":[{\"@type\":\"ListItem\",\"position\":1,\"name\":\"Inicio\",\"item\":\"https:\/\/www.nexoinformativo.mx\/\"},{\"@type\":\"ListItem\",\"position\":2,\"name\":\"Secretar\u00eda de Hacienda extiende plazo de deuda p\u00fablica en pesos con nueva operaci\u00f3n de refinanciamiento\"}]},{\"@type\":\"WebSite\",\"@id\":\"https:\/\/www.nexoinformativo.mx\/#website\",\"url\":\"https:\/\/www.nexoinformativo.mx\/\",\"name\":\"Nexo Informativo Santiago de Quer\u00e9taro\",\"description\":\"Explora NexoInformativo y convi\u00e9rtete en parte de una comunidad que valora el conocimiento y la verdad. Tu nexoinformativo es tu puente hacia una comprensi\u00f3n m\u00e1s profunda del mundo que te rodea.\",\"publisher\":{\"@id\":\"https:\/\/www.nexoinformativo.mx\/#organization\"},\"potentialAction\":[{\"@type\":\"SearchAction\",\"target\":{\"@type\":\"EntryPoint\",\"urlTemplate\":\"https:\/\/www.nexoinformativo.mx\/?s={search_term_string}\"},\"query-input\":{\"@type\":\"PropertyValueSpecification\",\"valueRequired\":true,\"valueName\":\"search_term_string\"}}],\"inLanguage\":\"es\"},{\"@type\":\"Organization\",\"@id\":\"https:\/\/www.nexoinformativo.mx\/#organization\",\"name\":\"Nexo Informativo Santiago de Quer\u00e9taro\",\"url\":\"https:\/\/www.nexoinformativo.mx\/\",\"logo\":{\"@type\":\"ImageObject\",\"inLanguage\":\"es\",\"@id\":\"https:\/\/www.nexoinformativo.mx\/#\/schema\/logo\/image\/\",\"url\":\"https:\/\/www.nexoinformativo.mx\/wp-content\/uploads\/2024\/07\/nexoi-trasparente-2.png\",\"contentUrl\":\"https:\/\/www.nexoinformativo.mx\/wp-content\/uploads\/2024\/07\/nexoi-trasparente-2.png\",\"width\":816,\"height\":339,\"caption\":\"Nexo Informativo Santiago de Quer\u00e9taro\"},\"image\":{\"@id\":\"https:\/\/www.nexoinformativo.mx\/#\/schema\/logo\/image\/\"},\"sameAs\":[\"https:\/\/www.facebook.com\/people\/Nexo-Informativo\/61564066885511\/\"]},{\"@type\":\"Person\",\"@id\":\"https:\/\/www.nexoinformativo.mx\/#\/schema\/person\/7749d380ba08c8ca00d7bc76fd907b7d\",\"name\":\"Nexo Informativo\",\"image\":{\"@type\":\"ImageObject\",\"inLanguage\":\"es\",\"@id\":\"https:\/\/www.nexoinformativo.mx\/#\/schema\/person\/image\/\",\"url\":\"https:\/\/secure.gravatar.com\/avatar\/dde2928154642a13d95f87ddf1ea9718fe2b46760a005c53e41ff5ad610704e6?s=96&d=mm&r=g\",\"contentUrl\":\"https:\/\/secure.gravatar.com\/avatar\/dde2928154642a13d95f87ddf1ea9718fe2b46760a005c53e41ff5ad610704e6?s=96&d=mm&r=g\",\"caption\":\"Nexo Informativo\"},\"url\":\"https:\/\/www.nexoinformativo.mx\/index.php\/author\/edicion\/\"}]}<\/script>\n<!-- \/ Yoast SEO plugin. -->","yoast_head_json":{"title":"Secretar\u00eda de Hacienda extiende plazo de deuda p\u00fablica en pesos con nueva operaci\u00f3n de refinanciamiento | Nexo Informativo Santiago de Quer\u00e9taro","description":"Secretar\u00eda de Hacienda extiende plazo de deuda p\u00fablica en pesos con nueva operaci\u00f3n de refinanciamiento","robots":{"index":"index","follow":"follow","max-snippet":"max-snippet:-1","max-image-preview":"max-image-preview:large","max-video-preview":"max-video-preview:-1"},"canonical":"https:\/\/www.nexoinformativo.mx\/index.php\/2025\/07\/28\/secretaria-de-hacienda-extiende-plazo-de-deuda-publica-en-pesos-con-nueva-operacion-de-refinanciamiento\/","og_locale":"es_MX","og_type":"article","og_title":"Secretar\u00eda de Hacienda extiende plazo de deuda p\u00fablica en pesos con nueva operaci\u00f3n de refinanciamiento | Nexo Informativo Santiago de Quer\u00e9taro","og_description":"Secretar\u00eda de Hacienda extiende plazo de deuda p\u00fablica en pesos con nueva operaci\u00f3n de refinanciamiento","og_url":"https:\/\/www.nexoinformativo.mx\/index.php\/2025\/07\/28\/secretaria-de-hacienda-extiende-plazo-de-deuda-publica-en-pesos-con-nueva-operacion-de-refinanciamiento\/","og_site_name":"Nexo Informativo Santiago de Quer\u00e9taro","article_publisher":"https:\/\/www.facebook.com\/people\/Nexo-Informativo\/61564066885511\/","article_published_time":"2025-07-28T18:00:14+00:00","article_modified_time":"2025-07-28T20:17:34+00:00","og_image":[{"width":800,"height":739,"url":"https:\/\/www.nexoinformativo.mx\/wp-content\/uploads\/2025\/07\/f38e0e22-a6e1-40f1-b7a5-43ff40903f5c-e1753733794608.jpg","type":"image\/jpeg"}],"author":"Nexo Informativo","twitter_card":"summary_large_image","twitter_misc":{"Escrito por":"Nexo Informativo","Tiempo de lectura":"2 minutos"},"schema":{"@context":"https:\/\/schema.org","@graph":[{"@type":"Article","@id":"https:\/\/www.nexoinformativo.mx\/index.php\/2025\/07\/28\/secretaria-de-hacienda-extiende-plazo-de-deuda-publica-en-pesos-con-nueva-operacion-de-refinanciamiento\/#article","isPartOf":{"@id":"https:\/\/www.nexoinformativo.mx\/index.php\/2025\/07\/28\/secretaria-de-hacienda-extiende-plazo-de-deuda-publica-en-pesos-con-nueva-operacion-de-refinanciamiento\/"},"author":{"name":"Nexo Informativo","@id":"https:\/\/www.nexoinformativo.mx\/#\/schema\/person\/7749d380ba08c8ca00d7bc76fd907b7d"},"headline":"Secretar\u00eda de Hacienda extiende plazo de deuda p\u00fablica en pesos con nueva operaci\u00f3n de refinanciamiento","datePublished":"2025-07-28T18:00:14+00:00","dateModified":"2025-07-28T20:17:34+00:00","mainEntityOfPage":{"@id":"https:\/\/www.nexoinformativo.mx\/index.php\/2025\/07\/28\/secretaria-de-hacienda-extiende-plazo-de-deuda-publica-en-pesos-con-nueva-operacion-de-refinanciamiento\/"},"wordCount":206,"commentCount":0,"publisher":{"@id":"https:\/\/www.nexoinformativo.mx\/#organization"},"image":{"@id":"https:\/\/www.nexoinformativo.mx\/index.php\/2025\/07\/28\/secretaria-de-hacienda-extiende-plazo-de-deuda-publica-en-pesos-con-nueva-operacion-de-refinanciamiento\/#primaryimage"},"thumbnailUrl":"https:\/\/www.nexoinformativo.mx\/wp-content\/uploads\/2025\/07\/f38e0e22-a6e1-40f1-b7a5-43ff40903f5c-e1753733794608.jpg","keywords":["DeudaP\u00fablica","Economia","FinanzasP\u00fablicas","HaciendaM\u00e9xico","Refinanciamiento"],"articleSection":["Econom\u00eda","Nacional","\u00daltima Hora"],"inLanguage":"es","potentialAction":[{"@type":"CommentAction","name":"Comment","target":["https:\/\/www.nexoinformativo.mx\/index.php\/2025\/07\/28\/secretaria-de-hacienda-extiende-plazo-de-deuda-publica-en-pesos-con-nueva-operacion-de-refinanciamiento\/#respond"]}]},{"@type":"WebPage","@id":"https:\/\/www.nexoinformativo.mx\/index.php\/2025\/07\/28\/secretaria-de-hacienda-extiende-plazo-de-deuda-publica-en-pesos-con-nueva-operacion-de-refinanciamiento\/","url":"https:\/\/www.nexoinformativo.mx\/index.php\/2025\/07\/28\/secretaria-de-hacienda-extiende-plazo-de-deuda-publica-en-pesos-con-nueva-operacion-de-refinanciamiento\/","name":"Secretar\u00eda de Hacienda extiende plazo de deuda p\u00fablica en pesos con nueva operaci\u00f3n de refinanciamiento | Nexo Informativo Santiago de Quer\u00e9taro","isPartOf":{"@id":"https:\/\/www.nexoinformativo.mx\/#website"},"primaryImageOfPage":{"@id":"https:\/\/www.nexoinformativo.mx\/index.php\/2025\/07\/28\/secretaria-de-hacienda-extiende-plazo-de-deuda-publica-en-pesos-con-nueva-operacion-de-refinanciamiento\/#primaryimage"},"image":{"@id":"https:\/\/www.nexoinformativo.mx\/index.php\/2025\/07\/28\/secretaria-de-hacienda-extiende-plazo-de-deuda-publica-en-pesos-con-nueva-operacion-de-refinanciamiento\/#primaryimage"},"thumbnailUrl":"https:\/\/www.nexoinformativo.mx\/wp-content\/uploads\/2025\/07\/f38e0e22-a6e1-40f1-b7a5-43ff40903f5c-e1753733794608.jpg","datePublished":"2025-07-28T18:00:14+00:00","dateModified":"2025-07-28T20:17:34+00:00","description":"Secretar\u00eda de Hacienda extiende plazo de deuda p\u00fablica en pesos con nueva operaci\u00f3n de refinanciamiento","breadcrumb":{"@id":"https:\/\/www.nexoinformativo.mx\/index.php\/2025\/07\/28\/secretaria-de-hacienda-extiende-plazo-de-deuda-publica-en-pesos-con-nueva-operacion-de-refinanciamiento\/#breadcrumb"},"inLanguage":"es","potentialAction":[{"@type":"ReadAction","target":["https:\/\/www.nexoinformativo.mx\/index.php\/2025\/07\/28\/secretaria-de-hacienda-extiende-plazo-de-deuda-publica-en-pesos-con-nueva-operacion-de-refinanciamiento\/"]}]},{"@type":"ImageObject","inLanguage":"es","@id":"https:\/\/www.nexoinformativo.mx\/index.php\/2025\/07\/28\/secretaria-de-hacienda-extiende-plazo-de-deuda-publica-en-pesos-con-nueva-operacion-de-refinanciamiento\/#primaryimage","url":"https:\/\/www.nexoinformativo.mx\/wp-content\/uploads\/2025\/07\/f38e0e22-a6e1-40f1-b7a5-43ff40903f5c-e1753733794608.jpg","contentUrl":"https:\/\/www.nexoinformativo.mx\/wp-content\/uploads\/2025\/07\/f38e0e22-a6e1-40f1-b7a5-43ff40903f5c-e1753733794608.jpg","width":800,"height":739},{"@type":"BreadcrumbList","@id":"https:\/\/www.nexoinformativo.mx\/index.php\/2025\/07\/28\/secretaria-de-hacienda-extiende-plazo-de-deuda-publica-en-pesos-con-nueva-operacion-de-refinanciamiento\/#breadcrumb","itemListElement":[{"@type":"ListItem","position":1,"name":"Inicio","item":"https:\/\/www.nexoinformativo.mx\/"},{"@type":"ListItem","position":2,"name":"Secretar\u00eda de Hacienda extiende plazo de deuda p\u00fablica en pesos con nueva operaci\u00f3n de refinanciamiento"}]},{"@type":"WebSite","@id":"https:\/\/www.nexoinformativo.mx\/#website","url":"https:\/\/www.nexoinformativo.mx\/","name":"Nexo Informativo Santiago de Quer\u00e9taro","description":"Explora NexoInformativo y convi\u00e9rtete en parte de una comunidad que valora el conocimiento y la verdad. Tu nexoinformativo es tu puente hacia una comprensi\u00f3n m\u00e1s profunda del mundo que te rodea.","publisher":{"@id":"https:\/\/www.nexoinformativo.mx\/#organization"},"potentialAction":[{"@type":"SearchAction","target":{"@type":"EntryPoint","urlTemplate":"https:\/\/www.nexoinformativo.mx\/?s={search_term_string}"},"query-input":{"@type":"PropertyValueSpecification","valueRequired":true,"valueName":"search_term_string"}}],"inLanguage":"es"},{"@type":"Organization","@id":"https:\/\/www.nexoinformativo.mx\/#organization","name":"Nexo Informativo Santiago de Quer\u00e9taro","url":"https:\/\/www.nexoinformativo.mx\/","logo":{"@type":"ImageObject","inLanguage":"es","@id":"https:\/\/www.nexoinformativo.mx\/#\/schema\/logo\/image\/","url":"https:\/\/www.nexoinformativo.mx\/wp-content\/uploads\/2024\/07\/nexoi-trasparente-2.png","contentUrl":"https:\/\/www.nexoinformativo.mx\/wp-content\/uploads\/2024\/07\/nexoi-trasparente-2.png","width":816,"height":339,"caption":"Nexo Informativo Santiago de Quer\u00e9taro"},"image":{"@id":"https:\/\/www.nexoinformativo.mx\/#\/schema\/logo\/image\/"},"sameAs":["https:\/\/www.facebook.com\/people\/Nexo-Informativo\/61564066885511\/"]},{"@type":"Person","@id":"https:\/\/www.nexoinformativo.mx\/#\/schema\/person\/7749d380ba08c8ca00d7bc76fd907b7d","name":"Nexo Informativo","image":{"@type":"ImageObject","inLanguage":"es","@id":"https:\/\/www.nexoinformativo.mx\/#\/schema\/person\/image\/","url":"https:\/\/secure.gravatar.com\/avatar\/dde2928154642a13d95f87ddf1ea9718fe2b46760a005c53e41ff5ad610704e6?s=96&d=mm&r=g","contentUrl":"https:\/\/secure.gravatar.com\/avatar\/dde2928154642a13d95f87ddf1ea9718fe2b46760a005c53e41ff5ad610704e6?s=96&d=mm&r=g","caption":"Nexo Informativo"},"url":"https:\/\/www.nexoinformativo.mx\/index.php\/author\/edicion\/"}]}},"_links":{"self":[{"href":"https:\/\/www.nexoinformativo.mx\/index.php\/wp-json\/wp\/v2\/posts\/16574","targetHints":{"allow":["GET"]}}],"collection":[{"href":"https:\/\/www.nexoinformativo.mx\/index.php\/wp-json\/wp\/v2\/posts"}],"about":[{"href":"https:\/\/www.nexoinformativo.mx\/index.php\/wp-json\/wp\/v2\/types\/post"}],"author":[{"embeddable":true,"href":"https:\/\/www.nexoinformativo.mx\/index.php\/wp-json\/wp\/v2\/users\/3"}],"replies":[{"embeddable":true,"href":"https:\/\/www.nexoinformativo.mx\/index.php\/wp-json\/wp\/v2\/comments?post=16574"}],"version-history":[{"count":4,"href":"https:\/\/www.nexoinformativo.mx\/index.php\/wp-json\/wp\/v2\/posts\/16574\/revisions"}],"predecessor-version":[{"id":16579,"href":"https:\/\/www.nexoinformativo.mx\/index.php\/wp-json\/wp\/v2\/posts\/16574\/revisions\/16579"}],"wp:featuredmedia":[{"embeddable":true,"href":"https:\/\/www.nexoinformativo.mx\/index.php\/wp-json\/wp\/v2\/media\/16575"}],"wp:attachment":[{"href":"https:\/\/www.nexoinformativo.mx\/index.php\/wp-json\/wp\/v2\/media?parent=16574"}],"wp:term":[{"taxonomy":"category","embeddable":true,"href":"https:\/\/www.nexoinformativo.mx\/index.php\/wp-json\/wp\/v2\/categories?post=16574"},{"taxonomy":"post_tag","embeddable":true,"href":"https:\/\/www.nexoinformativo.mx\/index.php\/wp-json\/wp\/v2\/tags?post=16574"}],"curies":[{"name":"wp","href":"https:\/\/api.w.org\/{rel}","templated":true}]}}