{"id":16592,"date":"2025-07-28T14:30:31","date_gmt":"2025-07-28T20:30:31","guid":{"rendered":"https:\/\/www.nexoinformativo.mx\/?p=16592"},"modified":"2025-07-28T14:30:54","modified_gmt":"2025-07-28T20:30:54","slug":"proponen-reforma-para-que-proyectos-carreteros-cumplan-con-criterios-de-sustentabilidad","status":"publish","type":"post","link":"https:\/\/www.nexoinformativo.mx\/index.php\/2025\/07\/28\/proponen-reforma-para-que-proyectos-carreteros-cumplan-con-criterios-de-sustentabilidad\/","title":{"rendered":"Proponen reforma para que proyectos carreteros cumplan con criterios de sustentabilidad"},"content":{"rendered":"<p style=\"text-align: justify;\">El diputado Tecutli G\u00f3mez Villalobos (MC) propuso reformar la Ley de Caminos, Puentes y Autotransporte Federal para que los proyectos de infraestructura carretera cumplan con principios de sustentabilidad, cuidado ambiental y respeto a los ecosistemas.<\/p>\n<p>&nbsp;<\/p>\n<p style=\"text-align: justify;\">La iniciativa plantea adicionar una fracci\u00f3n al art\u00edculo 5 para que la SICT, en coordinaci\u00f3n con la Secretar\u00eda de Medio Ambiente, supervise y garantice que todas las obras cumplan con dichos principios.<\/p>\n<p>&nbsp;<\/p>\n<p style=\"text-align: justify;\">El legislador advirti\u00f3 que, aunque la infraestructura ha sido clave para el desarrollo, tambi\u00e9n ha provocado fragmentaci\u00f3n de ecosistemas, contaminaci\u00f3n y desplazamientos de comunidades. Por ello, esta reforma busca asegurar una gesti\u00f3n m\u00e1s transparente, con rendici\u00f3n de cuentas y mayor participaci\u00f3n ciudadana.<\/p>\n<p>&nbsp;<\/p>\n<p style=\"text-align: justify;\">Se busca actualizar el marco legal para que M\u00e9xico cumpla con compromisos internacionales como el Acuerdo de Par\u00eds y la Agenda 2030, adem\u00e1s de promover que los proyectos se sometan a evaluaciones ambientales rigurosas y se apliquen medidas de mitigaci\u00f3n adecuadas.<\/p>\n<p>&nbsp;<\/p>\n<p style=\"text-align: center;\"><em><strong>\u00a1Informaci\u00f3n que transforma!<\/strong><\/em><\/p>\n","protected":false},"excerpt":{"rendered":"<p>El diputado Tecutli G\u00f3mez Villalobos (MC) propuso reformar la Ley de Caminos, Puentes y Autotransporte Federal para que los proyectos de infraestructura carretera cumplan con principios de sustentabilidad, cuidado ambiental y respeto a los ecosistemas.<\/p>\n","protected":false},"author":3,"featured_media":16593,"comment_status":"open","ping_status":"open","sticky":false,"template":"","format":"standard","meta":{"footnotes":""},"categories":[88,58],"tags":[4968,1060,4966,4969,4967],"class_list":["post-16592","post","type-post","status-publish","format-standard","has-post-thumbnail","hentry","category-nacional","category-ultima-hora","tag-cuidadoambiental","tag-desarrollosostenible","tag-infraestructurasustentable","tag-leydecaminos","tag-reformaambiental"],"yoast_head":"<!-- This site is optimized with the Yoast SEO plugin v25.0 - https:\/\/yoast.com\/wordpress\/plugins\/seo\/ -->\n<title>Proponen reforma para que proyectos carreteros cumplan con criterios de sustentabilidad | Nexo Informativo Santiago de Quer\u00e9taro<\/title>\n<meta name=\"description\" content=\"Proponen reforma para que proyectos carreteros cumplan con criterios de sustentabilidad\" \/>\n<meta name=\"robots\" content=\"index, follow, max-snippet:-1, max-image-preview:large, max-video-preview:-1\" \/>\n<link rel=\"canonical\" href=\"https:\/\/www.nexoinformativo.mx\/index.php\/2025\/07\/28\/proponen-reforma-para-que-proyectos-carreteros-cumplan-con-criterios-de-sustentabilidad\/\" \/>\n<meta property=\"og:locale\" content=\"es_MX\" \/>\n<meta property=\"og:type\" content=\"article\" \/>\n<meta property=\"og:title\" content=\"Proponen reforma para que proyectos carreteros cumplan con criterios de sustentabilidad | Nexo Informativo Santiago de Quer\u00e9taro\" \/>\n<meta property=\"og:description\" content=\"Proponen reforma para que proyectos carreteros cumplan con criterios de sustentabilidad\" \/>\n<meta property=\"og:url\" content=\"https:\/\/www.nexoinformativo.mx\/index.php\/2025\/07\/28\/proponen-reforma-para-que-proyectos-carreteros-cumplan-con-criterios-de-sustentabilidad\/\" \/>\n<meta property=\"og:site_name\" content=\"Nexo Informativo Santiago de Quer\u00e9taro\" \/>\n<meta property=\"article:publisher\" content=\"https:\/\/www.facebook.com\/people\/Nexo-Informativo\/61564066885511\/\" \/>\n<meta property=\"article:published_time\" content=\"2025-07-28T20:30:31+00:00\" \/>\n<meta property=\"article:modified_time\" content=\"2025-07-28T20:30:54+00:00\" \/>\n<meta property=\"og:image\" content=\"https:\/\/www.nexoinformativo.mx\/wp-content\/uploads\/2025\/07\/PHOTO-2025-07-28-11-09-04-e1753734603389.jpg\" \/>\n\t<meta property=\"og:image:width\" content=\"800\" \/>\n\t<meta property=\"og:image:height\" content=\"604\" \/>\n\t<meta property=\"og:image:type\" content=\"image\/jpeg\" \/>\n<meta name=\"author\" content=\"Nexo Informativo\" \/>\n<meta name=\"twitter:card\" content=\"summary_large_image\" \/>\n<meta name=\"twitter:label1\" content=\"Escrito por\" \/>\n\t<meta name=\"twitter:data1\" content=\"Nexo Informativo\" \/>\n\t<meta name=\"twitter:label2\" content=\"Tiempo de lectura\" \/>\n\t<meta name=\"twitter:data2\" content=\"1 minuto\" \/>\n<script type=\"application\/ld+json\" class=\"yoast-schema-graph\">{\"@context\":\"https:\/\/schema.org\",\"@graph\":[{\"@type\":\"Article\",\"@id\":\"https:\/\/www.nexoinformativo.mx\/index.php\/2025\/07\/28\/proponen-reforma-para-que-proyectos-carreteros-cumplan-con-criterios-de-sustentabilidad\/#article\",\"isPartOf\":{\"@id\":\"https:\/\/www.nexoinformativo.mx\/index.php\/2025\/07\/28\/proponen-reforma-para-que-proyectos-carreteros-cumplan-con-criterios-de-sustentabilidad\/\"},\"author\":{\"name\":\"Nexo Informativo\",\"@id\":\"https:\/\/www.nexoinformativo.mx\/#\/schema\/person\/7749d380ba08c8ca00d7bc76fd907b7d\"},\"headline\":\"Proponen reforma para que proyectos carreteros cumplan con criterios de sustentabilidad\",\"datePublished\":\"2025-07-28T20:30:31+00:00\",\"dateModified\":\"2025-07-28T20:30:54+00:00\",\"mainEntityOfPage\":{\"@id\":\"https:\/\/www.nexoinformativo.mx\/index.php\/2025\/07\/28\/proponen-reforma-para-que-proyectos-carreteros-cumplan-con-criterios-de-sustentabilidad\/\"},\"wordCount\":183,\"commentCount\":0,\"publisher\":{\"@id\":\"https:\/\/www.nexoinformativo.mx\/#organization\"},\"image\":{\"@id\":\"https:\/\/www.nexoinformativo.mx\/index.php\/2025\/07\/28\/proponen-reforma-para-que-proyectos-carreteros-cumplan-con-criterios-de-sustentabilidad\/#primaryimage\"},\"thumbnailUrl\":\"https:\/\/www.nexoinformativo.mx\/wp-content\/uploads\/2025\/07\/PHOTO-2025-07-28-11-09-04-e1753734603389.jpg\",\"keywords\":[\"CuidadoAmbiental\",\"DesarrolloSostenible\",\"InfraestructuraSustentable\",\"LeyDeCaminos\",\"ReformaAmbiental\"],\"articleSection\":[\"Nacional\",\"\u00daltima Hora\"],\"inLanguage\":\"es\",\"potentialAction\":[{\"@type\":\"CommentAction\",\"name\":\"Comment\",\"target\":[\"https:\/\/www.nexoinformativo.mx\/index.php\/2025\/07\/28\/proponen-reforma-para-que-proyectos-carreteros-cumplan-con-criterios-de-sustentabilidad\/#respond\"]}]},{\"@type\":\"WebPage\",\"@id\":\"https:\/\/www.nexoinformativo.mx\/index.php\/2025\/07\/28\/proponen-reforma-para-que-proyectos-carreteros-cumplan-con-criterios-de-sustentabilidad\/\",\"url\":\"https:\/\/www.nexoinformativo.mx\/index.php\/2025\/07\/28\/proponen-reforma-para-que-proyectos-carreteros-cumplan-con-criterios-de-sustentabilidad\/\",\"name\":\"Proponen reforma para que proyectos carreteros cumplan con criterios de sustentabilidad | Nexo Informativo Santiago de Quer\u00e9taro\",\"isPartOf\":{\"@id\":\"https:\/\/www.nexoinformativo.mx\/#website\"},\"primaryImageOfPage\":{\"@id\":\"https:\/\/www.nexoinformativo.mx\/index.php\/2025\/07\/28\/proponen-reforma-para-que-proyectos-carreteros-cumplan-con-criterios-de-sustentabilidad\/#primaryimage\"},\"image\":{\"@id\":\"https:\/\/www.nexoinformativo.mx\/index.php\/2025\/07\/28\/proponen-reforma-para-que-proyectos-carreteros-cumplan-con-criterios-de-sustentabilidad\/#primaryimage\"},\"thumbnailUrl\":\"https:\/\/www.nexoinformativo.mx\/wp-content\/uploads\/2025\/07\/PHOTO-2025-07-28-11-09-04-e1753734603389.jpg\",\"datePublished\":\"2025-07-28T20:30:31+00:00\",\"dateModified\":\"2025-07-28T20:30:54+00:00\",\"description\":\"Proponen reforma para que proyectos carreteros cumplan con criterios de sustentabilidad\",\"breadcrumb\":{\"@id\":\"https:\/\/www.nexoinformativo.mx\/index.php\/2025\/07\/28\/proponen-reforma-para-que-proyectos-carreteros-cumplan-con-criterios-de-sustentabilidad\/#breadcrumb\"},\"inLanguage\":\"es\",\"potentialAction\":[{\"@type\":\"ReadAction\",\"target\":[\"https:\/\/www.nexoinformativo.mx\/index.php\/2025\/07\/28\/proponen-reforma-para-que-proyectos-carreteros-cumplan-con-criterios-de-sustentabilidad\/\"]}]},{\"@type\":\"ImageObject\",\"inLanguage\":\"es\",\"@id\":\"https:\/\/www.nexoinformativo.mx\/index.php\/2025\/07\/28\/proponen-reforma-para-que-proyectos-carreteros-cumplan-con-criterios-de-sustentabilidad\/#primaryimage\",\"url\":\"https:\/\/www.nexoinformativo.mx\/wp-content\/uploads\/2025\/07\/PHOTO-2025-07-28-11-09-04-e1753734603389.jpg\",\"contentUrl\":\"https:\/\/www.nexoinformativo.mx\/wp-content\/uploads\/2025\/07\/PHOTO-2025-07-28-11-09-04-e1753734603389.jpg\",\"width\":800,\"height\":604},{\"@type\":\"BreadcrumbList\",\"@id\":\"https:\/\/www.nexoinformativo.mx\/index.php\/2025\/07\/28\/proponen-reforma-para-que-proyectos-carreteros-cumplan-con-criterios-de-sustentabilidad\/#breadcrumb\",\"itemListElement\":[{\"@type\":\"ListItem\",\"position\":1,\"name\":\"Inicio\",\"item\":\"https:\/\/www.nexoinformativo.mx\/\"},{\"@type\":\"ListItem\",\"position\":2,\"name\":\"Proponen reforma para que proyectos carreteros cumplan con criterios de sustentabilidad\"}]},{\"@type\":\"WebSite\",\"@id\":\"https:\/\/www.nexoinformativo.mx\/#website\",\"url\":\"https:\/\/www.nexoinformativo.mx\/\",\"name\":\"Nexo Informativo Santiago de Quer\u00e9taro\",\"description\":\"Explora NexoInformativo y convi\u00e9rtete en parte de una comunidad que valora el conocimiento y la verdad. Tu nexoinformativo es tu puente hacia una comprensi\u00f3n m\u00e1s profunda del mundo que te rodea.\",\"publisher\":{\"@id\":\"https:\/\/www.nexoinformativo.mx\/#organization\"},\"potentialAction\":[{\"@type\":\"SearchAction\",\"target\":{\"@type\":\"EntryPoint\",\"urlTemplate\":\"https:\/\/www.nexoinformativo.mx\/?s={search_term_string}\"},\"query-input\":{\"@type\":\"PropertyValueSpecification\",\"valueRequired\":true,\"valueName\":\"search_term_string\"}}],\"inLanguage\":\"es\"},{\"@type\":\"Organization\",\"@id\":\"https:\/\/www.nexoinformativo.mx\/#organization\",\"name\":\"Nexo Informativo Santiago de Quer\u00e9taro\",\"url\":\"https:\/\/www.nexoinformativo.mx\/\",\"logo\":{\"@type\":\"ImageObject\",\"inLanguage\":\"es\",\"@id\":\"https:\/\/www.nexoinformativo.mx\/#\/schema\/logo\/image\/\",\"url\":\"https:\/\/www.nexoinformativo.mx\/wp-content\/uploads\/2024\/07\/nexoi-trasparente-2.png\",\"contentUrl\":\"https:\/\/www.nexoinformativo.mx\/wp-content\/uploads\/2024\/07\/nexoi-trasparente-2.png\",\"width\":816,\"height\":339,\"caption\":\"Nexo Informativo Santiago de Quer\u00e9taro\"},\"image\":{\"@id\":\"https:\/\/www.nexoinformativo.mx\/#\/schema\/logo\/image\/\"},\"sameAs\":[\"https:\/\/www.facebook.com\/people\/Nexo-Informativo\/61564066885511\/\"]},{\"@type\":\"Person\",\"@id\":\"https:\/\/www.nexoinformativo.mx\/#\/schema\/person\/7749d380ba08c8ca00d7bc76fd907b7d\",\"name\":\"Nexo Informativo\",\"image\":{\"@type\":\"ImageObject\",\"inLanguage\":\"es\",\"@id\":\"https:\/\/www.nexoinformativo.mx\/#\/schema\/person\/image\/\",\"url\":\"https:\/\/secure.gravatar.com\/avatar\/dde2928154642a13d95f87ddf1ea9718fe2b46760a005c53e41ff5ad610704e6?s=96&d=mm&r=g\",\"contentUrl\":\"https:\/\/secure.gravatar.com\/avatar\/dde2928154642a13d95f87ddf1ea9718fe2b46760a005c53e41ff5ad610704e6?s=96&d=mm&r=g\",\"caption\":\"Nexo Informativo\"},\"url\":\"https:\/\/www.nexoinformativo.mx\/index.php\/author\/edicion\/\"}]}<\/script>\n<!-- \/ Yoast SEO plugin. -->","yoast_head_json":{"title":"Proponen reforma para que proyectos carreteros cumplan con criterios de sustentabilidad | Nexo Informativo Santiago de Quer\u00e9taro","description":"Proponen reforma para que proyectos carreteros cumplan con criterios de sustentabilidad","robots":{"index":"index","follow":"follow","max-snippet":"max-snippet:-1","max-image-preview":"max-image-preview:large","max-video-preview":"max-video-preview:-1"},"canonical":"https:\/\/www.nexoinformativo.mx\/index.php\/2025\/07\/28\/proponen-reforma-para-que-proyectos-carreteros-cumplan-con-criterios-de-sustentabilidad\/","og_locale":"es_MX","og_type":"article","og_title":"Proponen reforma para que proyectos carreteros cumplan con criterios de sustentabilidad | Nexo Informativo Santiago de Quer\u00e9taro","og_description":"Proponen reforma para que proyectos carreteros cumplan con criterios de sustentabilidad","og_url":"https:\/\/www.nexoinformativo.mx\/index.php\/2025\/07\/28\/proponen-reforma-para-que-proyectos-carreteros-cumplan-con-criterios-de-sustentabilidad\/","og_site_name":"Nexo Informativo Santiago de Quer\u00e9taro","article_publisher":"https:\/\/www.facebook.com\/people\/Nexo-Informativo\/61564066885511\/","article_published_time":"2025-07-28T20:30:31+00:00","article_modified_time":"2025-07-28T20:30:54+00:00","og_image":[{"width":800,"height":604,"url":"https:\/\/www.nexoinformativo.mx\/wp-content\/uploads\/2025\/07\/PHOTO-2025-07-28-11-09-04-e1753734603389.jpg","type":"image\/jpeg"}],"author":"Nexo Informativo","twitter_card":"summary_large_image","twitter_misc":{"Escrito por":"Nexo Informativo","Tiempo de lectura":"1 minuto"},"schema":{"@context":"https:\/\/schema.org","@graph":[{"@type":"Article","@id":"https:\/\/www.nexoinformativo.mx\/index.php\/2025\/07\/28\/proponen-reforma-para-que-proyectos-carreteros-cumplan-con-criterios-de-sustentabilidad\/#article","isPartOf":{"@id":"https:\/\/www.nexoinformativo.mx\/index.php\/2025\/07\/28\/proponen-reforma-para-que-proyectos-carreteros-cumplan-con-criterios-de-sustentabilidad\/"},"author":{"name":"Nexo Informativo","@id":"https:\/\/www.nexoinformativo.mx\/#\/schema\/person\/7749d380ba08c8ca00d7bc76fd907b7d"},"headline":"Proponen reforma para que proyectos carreteros cumplan con criterios de sustentabilidad","datePublished":"2025-07-28T20:30:31+00:00","dateModified":"2025-07-28T20:30:54+00:00","mainEntityOfPage":{"@id":"https:\/\/www.nexoinformativo.mx\/index.php\/2025\/07\/28\/proponen-reforma-para-que-proyectos-carreteros-cumplan-con-criterios-de-sustentabilidad\/"},"wordCount":183,"commentCount":0,"publisher":{"@id":"https:\/\/www.nexoinformativo.mx\/#organization"},"image":{"@id":"https:\/\/www.nexoinformativo.mx\/index.php\/2025\/07\/28\/proponen-reforma-para-que-proyectos-carreteros-cumplan-con-criterios-de-sustentabilidad\/#primaryimage"},"thumbnailUrl":"https:\/\/www.nexoinformativo.mx\/wp-content\/uploads\/2025\/07\/PHOTO-2025-07-28-11-09-04-e1753734603389.jpg","keywords":["CuidadoAmbiental","DesarrolloSostenible","InfraestructuraSustentable","LeyDeCaminos","ReformaAmbiental"],"articleSection":["Nacional","\u00daltima Hora"],"inLanguage":"es","potentialAction":[{"@type":"CommentAction","name":"Comment","target":["https:\/\/www.nexoinformativo.mx\/index.php\/2025\/07\/28\/proponen-reforma-para-que-proyectos-carreteros-cumplan-con-criterios-de-sustentabilidad\/#respond"]}]},{"@type":"WebPage","@id":"https:\/\/www.nexoinformativo.mx\/index.php\/2025\/07\/28\/proponen-reforma-para-que-proyectos-carreteros-cumplan-con-criterios-de-sustentabilidad\/","url":"https:\/\/www.nexoinformativo.mx\/index.php\/2025\/07\/28\/proponen-reforma-para-que-proyectos-carreteros-cumplan-con-criterios-de-sustentabilidad\/","name":"Proponen reforma para que proyectos carreteros cumplan con criterios de sustentabilidad | Nexo Informativo Santiago de Quer\u00e9taro","isPartOf":{"@id":"https:\/\/www.nexoinformativo.mx\/#website"},"primaryImageOfPage":{"@id":"https:\/\/www.nexoinformativo.mx\/index.php\/2025\/07\/28\/proponen-reforma-para-que-proyectos-carreteros-cumplan-con-criterios-de-sustentabilidad\/#primaryimage"},"image":{"@id":"https:\/\/www.nexoinformativo.mx\/index.php\/2025\/07\/28\/proponen-reforma-para-que-proyectos-carreteros-cumplan-con-criterios-de-sustentabilidad\/#primaryimage"},"thumbnailUrl":"https:\/\/www.nexoinformativo.mx\/wp-content\/uploads\/2025\/07\/PHOTO-2025-07-28-11-09-04-e1753734603389.jpg","datePublished":"2025-07-28T20:30:31+00:00","dateModified":"2025-07-28T20:30:54+00:00","description":"Proponen reforma para que proyectos carreteros cumplan con criterios de sustentabilidad","breadcrumb":{"@id":"https:\/\/www.nexoinformativo.mx\/index.php\/2025\/07\/28\/proponen-reforma-para-que-proyectos-carreteros-cumplan-con-criterios-de-sustentabilidad\/#breadcrumb"},"inLanguage":"es","potentialAction":[{"@type":"ReadAction","target":["https:\/\/www.nexoinformativo.mx\/index.php\/2025\/07\/28\/proponen-reforma-para-que-proyectos-carreteros-cumplan-con-criterios-de-sustentabilidad\/"]}]},{"@type":"ImageObject","inLanguage":"es","@id":"https:\/\/www.nexoinformativo.mx\/index.php\/2025\/07\/28\/proponen-reforma-para-que-proyectos-carreteros-cumplan-con-criterios-de-sustentabilidad\/#primaryimage","url":"https:\/\/www.nexoinformativo.mx\/wp-content\/uploads\/2025\/07\/PHOTO-2025-07-28-11-09-04-e1753734603389.jpg","contentUrl":"https:\/\/www.nexoinformativo.mx\/wp-content\/uploads\/2025\/07\/PHOTO-2025-07-28-11-09-04-e1753734603389.jpg","width":800,"height":604},{"@type":"BreadcrumbList","@id":"https:\/\/www.nexoinformativo.mx\/index.php\/2025\/07\/28\/proponen-reforma-para-que-proyectos-carreteros-cumplan-con-criterios-de-sustentabilidad\/#breadcrumb","itemListElement":[{"@type":"ListItem","position":1,"name":"Inicio","item":"https:\/\/www.nexoinformativo.mx\/"},{"@type":"ListItem","position":2,"name":"Proponen reforma para que proyectos carreteros cumplan con criterios de sustentabilidad"}]},{"@type":"WebSite","@id":"https:\/\/www.nexoinformativo.mx\/#website","url":"https:\/\/www.nexoinformativo.mx\/","name":"Nexo Informativo Santiago de Quer\u00e9taro","description":"Explora NexoInformativo y convi\u00e9rtete en parte de una comunidad que valora el conocimiento y la verdad. Tu nexoinformativo es tu puente hacia una comprensi\u00f3n m\u00e1s profunda del mundo que te rodea.","publisher":{"@id":"https:\/\/www.nexoinformativo.mx\/#organization"},"potentialAction":[{"@type":"SearchAction","target":{"@type":"EntryPoint","urlTemplate":"https:\/\/www.nexoinformativo.mx\/?s={search_term_string}"},"query-input":{"@type":"PropertyValueSpecification","valueRequired":true,"valueName":"search_term_string"}}],"inLanguage":"es"},{"@type":"Organization","@id":"https:\/\/www.nexoinformativo.mx\/#organization","name":"Nexo Informativo Santiago de Quer\u00e9taro","url":"https:\/\/www.nexoinformativo.mx\/","logo":{"@type":"ImageObject","inLanguage":"es","@id":"https:\/\/www.nexoinformativo.mx\/#\/schema\/logo\/image\/","url":"https:\/\/www.nexoinformativo.mx\/wp-content\/uploads\/2024\/07\/nexoi-trasparente-2.png","contentUrl":"https:\/\/www.nexoinformativo.mx\/wp-content\/uploads\/2024\/07\/nexoi-trasparente-2.png","width":816,"height":339,"caption":"Nexo Informativo Santiago de Quer\u00e9taro"},"image":{"@id":"https:\/\/www.nexoinformativo.mx\/#\/schema\/logo\/image\/"},"sameAs":["https:\/\/www.facebook.com\/people\/Nexo-Informativo\/61564066885511\/"]},{"@type":"Person","@id":"https:\/\/www.nexoinformativo.mx\/#\/schema\/person\/7749d380ba08c8ca00d7bc76fd907b7d","name":"Nexo Informativo","image":{"@type":"ImageObject","inLanguage":"es","@id":"https:\/\/www.nexoinformativo.mx\/#\/schema\/person\/image\/","url":"https:\/\/secure.gravatar.com\/avatar\/dde2928154642a13d95f87ddf1ea9718fe2b46760a005c53e41ff5ad610704e6?s=96&d=mm&r=g","contentUrl":"https:\/\/secure.gravatar.com\/avatar\/dde2928154642a13d95f87ddf1ea9718fe2b46760a005c53e41ff5ad610704e6?s=96&d=mm&r=g","caption":"Nexo Informativo"},"url":"https:\/\/www.nexoinformativo.mx\/index.php\/author\/edicion\/"}]}},"_links":{"self":[{"href":"https:\/\/www.nexoinformativo.mx\/index.php\/wp-json\/wp\/v2\/posts\/16592","targetHints":{"allow":["GET"]}}],"collection":[{"href":"https:\/\/www.nexoinformativo.mx\/index.php\/wp-json\/wp\/v2\/posts"}],"about":[{"href":"https:\/\/www.nexoinformativo.mx\/index.php\/wp-json\/wp\/v2\/types\/post"}],"author":[{"embeddable":true,"href":"https:\/\/www.nexoinformativo.mx\/index.php\/wp-json\/wp\/v2\/users\/3"}],"replies":[{"embeddable":true,"href":"https:\/\/www.nexoinformativo.mx\/index.php\/wp-json\/wp\/v2\/comments?post=16592"}],"version-history":[{"count":4,"href":"https:\/\/www.nexoinformativo.mx\/index.php\/wp-json\/wp\/v2\/posts\/16592\/revisions"}],"predecessor-version":[{"id":16597,"href":"https:\/\/www.nexoinformativo.mx\/index.php\/wp-json\/wp\/v2\/posts\/16592\/revisions\/16597"}],"wp:featuredmedia":[{"embeddable":true,"href":"https:\/\/www.nexoinformativo.mx\/index.php\/wp-json\/wp\/v2\/media\/16593"}],"wp:attachment":[{"href":"https:\/\/www.nexoinformativo.mx\/index.php\/wp-json\/wp\/v2\/media?parent=16592"}],"wp:term":[{"taxonomy":"category","embeddable":true,"href":"https:\/\/www.nexoinformativo.mx\/index.php\/wp-json\/wp\/v2\/categories?post=16592"},{"taxonomy":"post_tag","embeddable":true,"href":"https:\/\/www.nexoinformativo.mx\/index.php\/wp-json\/wp\/v2\/tags?post=16592"}],"curies":[{"name":"wp","href":"https:\/\/api.w.org\/{rel}","templated":true}]}}